{"id":5627,"date":"2018-02-07T12:16:56","date_gmt":"2018-02-07T10:16:56","guid":{"rendered":"http:\/\/framtidenskarriar.se\/itdata\/?p=5627"},"modified":"2018-02-07T12:16:56","modified_gmt":"2018-02-07T10:16:56","slug":"okad-mangfald-ska-losa-kompetenskrisen-inom-it","status":"publish","type":"post","link":"https:\/\/framtidenskarriar.se\/itdata\/2018\/02\/07\/okad-mangfald-ska-losa-kompetenskrisen-inom-it\/","title":{"rendered":"\u00d6kad m\u00e5ngfald ska l\u00f6sa kompetenskrisen inom it"},"content":{"rendered":"<p><figure id=\"attachment_5628\" aria-describedby=\"caption-attachment-5628\" style=\"width: 1000px\" class=\"wp-caption alignnone\"><img loading=\"lazy\" decoding=\"async\" src=\"https:\/\/framtidenskarriar.se\/itdata\/wp-content\/uploads\/sites\/13\/2018\/02\/mangfald-dsc-4878.jpg\" alt=\"Carl Johan Hamilton, ordf\u00f6rande i IT&amp;Telekomf\u00f6retagens kompetensr\u00e5d.\" width=\"1000\" height=\"614\" class=\"size-full wp-image-5628\" srcset=\"https:\/\/framtidenskarriar.se\/itdata\/wp-content\/uploads\/sites\/13\/2018\/02\/mangfald-dsc-4878.jpg 1000w, https:\/\/framtidenskarriar.se\/itdata\/wp-content\/uploads\/sites\/13\/2018\/02\/mangfald-dsc-4878-300x184.jpg 300w, https:\/\/framtidenskarriar.se\/itdata\/wp-content\/uploads\/sites\/13\/2018\/02\/mangfald-dsc-4878-768x472.jpg 768w, https:\/\/framtidenskarriar.se\/itdata\/wp-content\/uploads\/sites\/13\/2018\/02\/mangfald-dsc-4878-261x160.jpg 261w, https:\/\/framtidenskarriar.se\/itdata\/wp-content\/uploads\/sites\/13\/2018\/02\/mangfald-dsc-4878-526x323.jpg 526w, https:\/\/framtidenskarriar.se\/itdata\/wp-content\/uploads\/sites\/13\/2018\/02\/mangfald-dsc-4878-720x442.jpg 720w, https:\/\/framtidenskarriar.se\/itdata\/wp-content\/uploads\/sites\/13\/2018\/02\/mangfald-dsc-4878-960x589.jpg 960w\" sizes=\"auto, (max-width: 1000px) 100vw, 1000px\" \/><figcaption id=\"caption-attachment-5628\" class=\"wp-caption-text\">Carl Johan Hamilton, ordf\u00f6rande i IT&amp;Telekomf\u00f6retagens kompetensr\u00e5d.<\/figcaption><\/figure><strong>I en ny rapport fr\u00e5n IT&amp;Telekom\u00adf\u00f6retagen v\u00e4ntas ett underskott p\u00e5 70&nbsp;000 personer med it eller digitalt relaterad kompetens till \u00e5r 2022. Att \u00f6ka m\u00e5ngfalden inom sektorn kan l\u00f6sa den akuta krisen. Men f\u00f6r att bredda rekryteringen kr\u00e4vs kunskap och h\u00e5rt arbete. <\/strong><\/p>\n<p>Den senaste rapporten fr\u00e5n IT&amp;Telekomf\u00f6retagen visar en fortsatt brist p\u00e5 arbetskraft, framf\u00f6r allt p\u00e5 spetskompetens i Stockholmsregionen. Och l\u00e4get \u00e4r akut. Det menar Carl Johan Hamilton, ordf\u00f6rande i IT&amp;Telekomf\u00f6retagens kompetensr\u00e5d och vd f\u00f6r Ants, som rekryterar programutvecklare fr\u00e5n hela v\u00e4rlden.<br \/>\n\u2013 Vi st\u00e5r inf\u00f6r en enorm global brist p\u00e5 kompetens inom it-sektorn d\u00e4r den st\u00e4ndiga f\u00f6r\u00e4ndringen och snabba tillv\u00e4xten skapar nya behov. Lyckas vi inte fylla dessa roller kommer tillv\u00e4xten att avta, vilket \u00e4r direkt skadligt f\u00f6r svensk ekonomi. Det \u00e4r d\u00e4rf\u00f6r viktigt att branschen ser till att utbilda och rekrytera allt fr\u00e5n ungdomar, kvinnor och personer fr\u00e5n andra l\u00e4nder, s\u00e4ger han.<\/p>\n<p><strong>Vill bryta snedrekrytering<\/strong><br \/>\nMen fortfarande \u00e4r det f\u00e5 kvinnor som s\u00f6ker sig till h\u00f6gre teknikstudier. Enligt SCB minskade andelen kvinnor inom it-sektorn fr\u00e5n 22 till 20 procent (SCB 2015). Personer med utl\u00e4ndsk bakgrund har ocks\u00e5 fortsatt sv\u00e5rt att ta sig in p\u00e5 arbetsmarknaden, \u00e4ven de med relevant kompetens. F\u00f6r att bryta fortsatt snedrekrytering tror Carl Johan Hamilton att det kr\u00e4vs st\u00f6rre engagemang fr\u00e5n n\u00e4ringslivet som i sin tur kan p\u00e5verka makthavare.<\/p>\n<p><strong>Kr\u00e4vs samverkan<\/strong><br \/>\n\u2013 M\u00e5nga enskilda bolag har f\u00f6rst\u00e5tt att det h\u00e4r \u00e4r en \u00f6verlevnadsfr\u00e5ga och arbetar aktivt med att inkludera internationell kompetens och kvinnor i verksamheten, s\u00e4ger han men till\u00e4gger att det finns ett antal fr\u00e5gor d\u00e4r det kan vara sv\u00e5rt f\u00f6r enskilda bolag att p\u00e5verka sj\u00e4lva. Som migration och integrationsfr\u00e5gan till exempel, d\u00e4r det vittnats om flera fall av personer fr\u00e5n l\u00e4nder utanf\u00f6r EU som utvisats p\u00e5 grund av bagatellartade misstag.<br \/>\n\u2013 Kompetensutvisningarna inom it-sektorn \u00e4r en katastrof. Framf\u00f6r allt f\u00f6r individer, men det \u00e4r ocks\u00e5 d\u00e5ligt f\u00f6r Sveriges rykte och leder till att vi tappar viktig kompetens till andra l\u00e4nder. H\u00e4r beh\u00f6ver vi f\u00e5 till en slags samverkan mellan olika myndigheter, s\u00e4ger han.<\/p>\n<p><strong>M\u00e5ngfald viktigt f\u00f6r yngre generationen<\/strong><br \/>\nMen det finns hopp f\u00f6r framtiden. Engelska \u00e4r idag ett sj\u00e4lvklart spr\u00e5k och \u00f6ppnar f\u00f6r \u00f6kad m\u00e5ngfald p\u00e5 it-bolagen. Flera unders\u00f6kningar visar ocks\u00e5 att den yngre generationen st\u00e4ller h\u00f6gre krav p\u00e5 sina arbetsgivare vad g\u00e4ller j\u00e4mlikhet p\u00e5 arbetsplatsen.<br \/>\n\u2013 Min erfarenhet av internationella och j\u00e4mst\u00e4llda arbetsplatser \u00e4r att de \u00e4r mer kreativa, roligare och sp\u00e4nnande att arbeta p\u00e5. De har ocks\u00e5 st\u00f6rre m\u00f6jlighet att locka till sig all m\u00f6jlig kompetens, s\u00e5 it-bolagen har allt att vinna p\u00e5 att arbeta strukturellt med de h\u00e4r fr\u00e5gorna, s\u00e4ger Carl Johan Hamilton.<\/p>\n","protected":false},"excerpt":{"rendered":"<p>I en ny rapport fr\u00e5n IT&amp;Telekom\u00adf\u00f6retagen v\u00e4ntas ett underskott p\u00e5 70&nbsp;000 personer med it eller&#8230;<\/p>\n","protected":false},"author":3,"featured_media":5628,"comment_status":"closed","ping_status":"open","sticky":false,"template":"","format":"standard","meta":{"_acf_changed":false,"_monsterinsights_skip_tracking":false,"_monsterinsights_sitenote_active":false,"_monsterinsights_sitenote_note":"","_monsterinsights_sitenote_category":0,"footnotes":""},"categories":[1],"tags":[27,135,138,149,169,239],"class_list":["post-5627","post","type-post","status-publish","format-standard","has-post-thumbnail","hentry","category-artikel","tag-arbetskraftsbrist","tag-ittelekomforetagen","tag-jamstalldhet","tag-kompetens","tag-mangfald","tag-spetskompetens"],"acf":[],"yoast_head":"<!-- This site is optimized with the Yoast SEO plugin v27.3 - https:\/\/yoast.com\/product\/yoast-seo-wordpress\/ -->\n<title>\u00d6kad m\u00e5ngfald ska l\u00f6sa kompetenskrisen inom it - Framtidens karri\u00e4r IT &amp; Data<\/title>\n<meta name=\"robots\" content=\"index, follow, max-snippet:-1, max-image-preview:large, max-video-preview:-1\" \/>\n<link rel=\"canonical\" href=\"https:\/\/framtidenskarriar.se\/itdata\/2018\/02\/07\/okad-mangfald-ska-losa-kompetenskrisen-inom-it\/\" \/>\n<meta property=\"og:locale\" content=\"sv_SE\" \/>\n<meta property=\"og:type\" content=\"article\" \/>\n<meta property=\"og:title\" content=\"\u00d6kad m\u00e5ngfald ska l\u00f6sa kompetenskrisen inom it - Framtidens karri\u00e4r IT &amp; Data\" \/>\n<meta property=\"og:description\" content=\"I en ny rapport fr\u00e5n IT&amp;Telekom\u00adf\u00f6retagen v\u00e4ntas ett underskott p\u00e5 70&nbsp;000 personer med it eller...\" \/>\n<meta property=\"og:url\" content=\"https:\/\/framtidenskarriar.se\/itdata\/2018\/02\/07\/okad-mangfald-ska-losa-kompetenskrisen-inom-it\/\" \/>\n<meta property=\"og:site_name\" content=\"Framtidens karri\u00e4r IT &amp; Data\" \/>\n<meta property=\"article:published_time\" content=\"2018-02-07T10:16:56+00:00\" \/>\n<meta property=\"og:image\" content=\"https:\/\/framtidenskarriar.se\/itdata\/wp-content\/uploads\/sites\/13\/2018\/02\/mangfald-dsc-4878.jpg\" \/>\n\t<meta property=\"og:image:width\" content=\"1000\" \/>\n\t<meta property=\"og:image:height\" content=\"614\" \/>\n\t<meta property=\"og:image:type\" content=\"image\/jpeg\" \/>\n<meta name=\"author\" content=\"stellanstal\" \/>\n<meta name=\"twitter:card\" content=\"summary_large_image\" \/>\n<meta name=\"twitter:label1\" content=\"Skriven av\" \/>\n\t<meta name=\"twitter:data1\" content=\"stellanstal\" \/>\n\t<meta name=\"twitter:label2\" content=\"Ber\u00e4knad l\u00e4stid\" \/>\n\t<meta name=\"twitter:data2\" content=\"3 minuter\" \/>\n<script type=\"application\/ld+json\" class=\"yoast-schema-graph\">{\"@context\":\"https:\\\/\\\/schema.org\",\"@graph\":[{\"@type\":\"Article\",\"@id\":\"https:\\\/\\\/framtidenskarriar.se\\\/itdata\\\/2018\\\/02\\\/07\\\/okad-mangfald-ska-losa-kompetenskrisen-inom-it\\\/#article\",\"isPartOf\":{\"@id\":\"https:\\\/\\\/framtidenskarriar.se\\\/itdata\\\/2018\\\/02\\\/07\\\/okad-mangfald-ska-losa-kompetenskrisen-inom-it\\\/\"},\"author\":{\"name\":\"stellanstal\",\"@id\":\"https:\\\/\\\/framtidenskarriar.se\\\/itdata\\\/#\\\/schema\\\/person\\\/c8a43eb855191e573b73ecf8987a3b99\"},\"headline\":\"\u00d6kad m\u00e5ngfald ska l\u00f6sa kompetenskrisen inom it\",\"datePublished\":\"2018-02-07T10:16:56+00:00\",\"mainEntityOfPage\":{\"@id\":\"https:\\\/\\\/framtidenskarriar.se\\\/itdata\\\/2018\\\/02\\\/07\\\/okad-mangfald-ska-losa-kompetenskrisen-inom-it\\\/\"},\"wordCount\":541,\"image\":{\"@id\":\"https:\\\/\\\/framtidenskarriar.se\\\/itdata\\\/2018\\\/02\\\/07\\\/okad-mangfald-ska-losa-kompetenskrisen-inom-it\\\/#primaryimage\"},\"thumbnailUrl\":\"https:\\\/\\\/framtidenskarriar.se\\\/itdata\\\/wp-content\\\/uploads\\\/sites\\\/13\\\/2018\\\/02\\\/mangfald-dsc-4878.jpg\",\"keywords\":[\"Arbetskraftsbrist\",\"IT&amp;Telekomf\u00f6retagen\",\"J\u00e4mst\u00e4lldhet\",\"Kompetens\",\"M\u00e5ngfald\",\"Spetskompetens\"],\"articleSection\":[\"Artikel\"],\"inLanguage\":\"sv-SE\"},{\"@type\":\"WebPage\",\"@id\":\"https:\\\/\\\/framtidenskarriar.se\\\/itdata\\\/2018\\\/02\\\/07\\\/okad-mangfald-ska-losa-kompetenskrisen-inom-it\\\/\",\"url\":\"https:\\\/\\\/framtidenskarriar.se\\\/itdata\\\/2018\\\/02\\\/07\\\/okad-mangfald-ska-losa-kompetenskrisen-inom-it\\\/\",\"name\":\"\u00d6kad m\u00e5ngfald ska l\u00f6sa kompetenskrisen inom it - Framtidens karri\u00e4r IT & Data\",\"isPartOf\":{\"@id\":\"https:\\\/\\\/framtidenskarriar.se\\\/itdata\\\/#website\"},\"primaryImageOfPage\":{\"@id\":\"https:\\\/\\\/framtidenskarriar.se\\\/itdata\\\/2018\\\/02\\\/07\\\/okad-mangfald-ska-losa-kompetenskrisen-inom-it\\\/#primaryimage\"},\"image\":{\"@id\":\"https:\\\/\\\/framtidenskarriar.se\\\/itdata\\\/2018\\\/02\\\/07\\\/okad-mangfald-ska-losa-kompetenskrisen-inom-it\\\/#primaryimage\"},\"thumbnailUrl\":\"https:\\\/\\\/framtidenskarriar.se\\\/itdata\\\/wp-content\\\/uploads\\\/sites\\\/13\\\/2018\\\/02\\\/mangfald-dsc-4878.jpg\",\"datePublished\":\"2018-02-07T10:16:56+00:00\",\"author\":{\"@id\":\"https:\\\/\\\/framtidenskarriar.se\\\/itdata\\\/#\\\/schema\\\/person\\\/c8a43eb855191e573b73ecf8987a3b99\"},\"breadcrumb\":{\"@id\":\"https:\\\/\\\/framtidenskarriar.se\\\/itdata\\\/2018\\\/02\\\/07\\\/okad-mangfald-ska-losa-kompetenskrisen-inom-it\\\/#breadcrumb\"},\"inLanguage\":\"sv-SE\",\"potentialAction\":[{\"@type\":\"ReadAction\",\"target\":[\"https:\\\/\\\/framtidenskarriar.se\\\/itdata\\\/2018\\\/02\\\/07\\\/okad-mangfald-ska-losa-kompetenskrisen-inom-it\\\/\"]}]},{\"@type\":\"ImageObject\",\"inLanguage\":\"sv-SE\",\"@id\":\"https:\\\/\\\/framtidenskarriar.se\\\/itdata\\\/2018\\\/02\\\/07\\\/okad-mangfald-ska-losa-kompetenskrisen-inom-it\\\/#primaryimage\",\"url\":\"https:\\\/\\\/framtidenskarriar.se\\\/itdata\\\/wp-content\\\/uploads\\\/sites\\\/13\\\/2018\\\/02\\\/mangfald-dsc-4878.jpg\",\"contentUrl\":\"https:\\\/\\\/framtidenskarriar.se\\\/itdata\\\/wp-content\\\/uploads\\\/sites\\\/13\\\/2018\\\/02\\\/mangfald-dsc-4878.jpg\",\"width\":1000,\"height\":614,\"caption\":\"Carl Johan Hamilton, ordf\u00f6rande i IT&amp;Telekomf\u00f6retagens kompetensr\u00e5d.\"},{\"@type\":\"BreadcrumbList\",\"@id\":\"https:\\\/\\\/framtidenskarriar.se\\\/itdata\\\/2018\\\/02\\\/07\\\/okad-mangfald-ska-losa-kompetenskrisen-inom-it\\\/#breadcrumb\",\"itemListElement\":[{\"@type\":\"ListItem\",\"position\":1,\"name\":\"Home\",\"item\":\"https:\\\/\\\/framtidenskarriar.se\\\/itdata\\\/\"},{\"@type\":\"ListItem\",\"position\":2,\"name\":\"\u00d6kad m\u00e5ngfald ska l\u00f6sa kompetenskrisen inom it\"}]},{\"@type\":\"WebSite\",\"@id\":\"https:\\\/\\\/framtidenskarriar.se\\\/itdata\\\/#website\",\"url\":\"https:\\\/\\\/framtidenskarriar.se\\\/itdata\\\/\",\"name\":\"Framtidens karri\u00e4r IT & Data\",\"description\":\"Just another NMDashboard.se Sites site\",\"potentialAction\":[{\"@type\":\"SearchAction\",\"target\":{\"@type\":\"EntryPoint\",\"urlTemplate\":\"https:\\\/\\\/framtidenskarriar.se\\\/itdata\\\/?s={search_term_string}\"},\"query-input\":{\"@type\":\"PropertyValueSpecification\",\"valueRequired\":true,\"valueName\":\"search_term_string\"}}],\"inLanguage\":\"sv-SE\"},{\"@type\":\"Person\",\"@id\":\"https:\\\/\\\/framtidenskarriar.se\\\/itdata\\\/#\\\/schema\\\/person\\\/c8a43eb855191e573b73ecf8987a3b99\",\"name\":\"stellanstal\",\"image\":{\"@type\":\"ImageObject\",\"inLanguage\":\"sv-SE\",\"@id\":\"https:\\\/\\\/secure.gravatar.com\\\/avatar\\\/cd330fa6bb17f598124b2068ee0b189e4fe0987a50af9d53b78410836060d0c9?s=96&d=mm&r=g\",\"url\":\"https:\\\/\\\/secure.gravatar.com\\\/avatar\\\/cd330fa6bb17f598124b2068ee0b189e4fe0987a50af9d53b78410836060d0c9?s=96&d=mm&r=g\",\"contentUrl\":\"https:\\\/\\\/secure.gravatar.com\\\/avatar\\\/cd330fa6bb17f598124b2068ee0b189e4fe0987a50af9d53b78410836060d0c9?s=96&d=mm&r=g\",\"caption\":\"stellanstal\"},\"url\":\"https:\\\/\\\/framtidenskarriar.se\\\/itdata\\\/author\\\/stellanstal\\\/\"}]}<\/script>\n<!-- \/ Yoast SEO plugin. -->","yoast_head_json":{"title":"\u00d6kad m\u00e5ngfald ska l\u00f6sa kompetenskrisen inom it - Framtidens karri\u00e4r IT & Data","robots":{"index":"index","follow":"follow","max-snippet":"max-snippet:-1","max-image-preview":"max-image-preview:large","max-video-preview":"max-video-preview:-1"},"canonical":"https:\/\/framtidenskarriar.se\/itdata\/2018\/02\/07\/okad-mangfald-ska-losa-kompetenskrisen-inom-it\/","og_locale":"sv_SE","og_type":"article","og_title":"\u00d6kad m\u00e5ngfald ska l\u00f6sa kompetenskrisen inom it - Framtidens karri\u00e4r IT & Data","og_description":"I en ny rapport fr\u00e5n IT&amp;Telekom\u00adf\u00f6retagen v\u00e4ntas ett underskott p\u00e5 70&nbsp;000 personer med it eller...","og_url":"https:\/\/framtidenskarriar.se\/itdata\/2018\/02\/07\/okad-mangfald-ska-losa-kompetenskrisen-inom-it\/","og_site_name":"Framtidens karri\u00e4r IT & Data","article_published_time":"2018-02-07T10:16:56+00:00","og_image":[{"width":1000,"height":614,"url":"https:\/\/framtidenskarriar.se\/itdata\/wp-content\/uploads\/sites\/13\/2018\/02\/mangfald-dsc-4878.jpg","type":"image\/jpeg"}],"author":"stellanstal","twitter_card":"summary_large_image","twitter_misc":{"Skriven av":"stellanstal","Ber\u00e4knad l\u00e4stid":"3 minuter"},"schema":{"@context":"https:\/\/schema.org","@graph":[{"@type":"Article","@id":"https:\/\/framtidenskarriar.se\/itdata\/2018\/02\/07\/okad-mangfald-ska-losa-kompetenskrisen-inom-it\/#article","isPartOf":{"@id":"https:\/\/framtidenskarriar.se\/itdata\/2018\/02\/07\/okad-mangfald-ska-losa-kompetenskrisen-inom-it\/"},"author":{"name":"stellanstal","@id":"https:\/\/framtidenskarriar.se\/itdata\/#\/schema\/person\/c8a43eb855191e573b73ecf8987a3b99"},"headline":"\u00d6kad m\u00e5ngfald ska l\u00f6sa kompetenskrisen inom it","datePublished":"2018-02-07T10:16:56+00:00","mainEntityOfPage":{"@id":"https:\/\/framtidenskarriar.se\/itdata\/2018\/02\/07\/okad-mangfald-ska-losa-kompetenskrisen-inom-it\/"},"wordCount":541,"image":{"@id":"https:\/\/framtidenskarriar.se\/itdata\/2018\/02\/07\/okad-mangfald-ska-losa-kompetenskrisen-inom-it\/#primaryimage"},"thumbnailUrl":"https:\/\/framtidenskarriar.se\/itdata\/wp-content\/uploads\/sites\/13\/2018\/02\/mangfald-dsc-4878.jpg","keywords":["Arbetskraftsbrist","IT&amp;Telekomf\u00f6retagen","J\u00e4mst\u00e4lldhet","Kompetens","M\u00e5ngfald","Spetskompetens"],"articleSection":["Artikel"],"inLanguage":"sv-SE"},{"@type":"WebPage","@id":"https:\/\/framtidenskarriar.se\/itdata\/2018\/02\/07\/okad-mangfald-ska-losa-kompetenskrisen-inom-it\/","url":"https:\/\/framtidenskarriar.se\/itdata\/2018\/02\/07\/okad-mangfald-ska-losa-kompetenskrisen-inom-it\/","name":"\u00d6kad m\u00e5ngfald ska l\u00f6sa kompetenskrisen inom it - Framtidens karri\u00e4r IT & Data","isPartOf":{"@id":"https:\/\/framtidenskarriar.se\/itdata\/#website"},"primaryImageOfPage":{"@id":"https:\/\/framtidenskarriar.se\/itdata\/2018\/02\/07\/okad-mangfald-ska-losa-kompetenskrisen-inom-it\/#primaryimage"},"image":{"@id":"https:\/\/framtidenskarriar.se\/itdata\/2018\/02\/07\/okad-mangfald-ska-losa-kompetenskrisen-inom-it\/#primaryimage"},"thumbnailUrl":"https:\/\/framtidenskarriar.se\/itdata\/wp-content\/uploads\/sites\/13\/2018\/02\/mangfald-dsc-4878.jpg","datePublished":"2018-02-07T10:16:56+00:00","author":{"@id":"https:\/\/framtidenskarriar.se\/itdata\/#\/schema\/person\/c8a43eb855191e573b73ecf8987a3b99"},"breadcrumb":{"@id":"https:\/\/framtidenskarriar.se\/itdata\/2018\/02\/07\/okad-mangfald-ska-losa-kompetenskrisen-inom-it\/#breadcrumb"},"inLanguage":"sv-SE","potentialAction":[{"@type":"ReadAction","target":["https:\/\/framtidenskarriar.se\/itdata\/2018\/02\/07\/okad-mangfald-ska-losa-kompetenskrisen-inom-it\/"]}]},{"@type":"ImageObject","inLanguage":"sv-SE","@id":"https:\/\/framtidenskarriar.se\/itdata\/2018\/02\/07\/okad-mangfald-ska-losa-kompetenskrisen-inom-it\/#primaryimage","url":"https:\/\/framtidenskarriar.se\/itdata\/wp-content\/uploads\/sites\/13\/2018\/02\/mangfald-dsc-4878.jpg","contentUrl":"https:\/\/framtidenskarriar.se\/itdata\/wp-content\/uploads\/sites\/13\/2018\/02\/mangfald-dsc-4878.jpg","width":1000,"height":614,"caption":"Carl Johan Hamilton, ordf\u00f6rande i IT&amp;Telekomf\u00f6retagens kompetensr\u00e5d."},{"@type":"BreadcrumbList","@id":"https:\/\/framtidenskarriar.se\/itdata\/2018\/02\/07\/okad-mangfald-ska-losa-kompetenskrisen-inom-it\/#breadcrumb","itemListElement":[{"@type":"ListItem","position":1,"name":"Home","item":"https:\/\/framtidenskarriar.se\/itdata\/"},{"@type":"ListItem","position":2,"name":"\u00d6kad m\u00e5ngfald ska l\u00f6sa kompetenskrisen inom it"}]},{"@type":"WebSite","@id":"https:\/\/framtidenskarriar.se\/itdata\/#website","url":"https:\/\/framtidenskarriar.se\/itdata\/","name":"Framtidens karri\u00e4r IT & Data","description":"Just another NMDashboard.se Sites site","potentialAction":[{"@type":"SearchAction","target":{"@type":"EntryPoint","urlTemplate":"https:\/\/framtidenskarriar.se\/itdata\/?s={search_term_string}"},"query-input":{"@type":"PropertyValueSpecification","valueRequired":true,"valueName":"search_term_string"}}],"inLanguage":"sv-SE"},{"@type":"Person","@id":"https:\/\/framtidenskarriar.se\/itdata\/#\/schema\/person\/c8a43eb855191e573b73ecf8987a3b99","name":"stellanstal","image":{"@type":"ImageObject","inLanguage":"sv-SE","@id":"https:\/\/secure.gravatar.com\/avatar\/cd330fa6bb17f598124b2068ee0b189e4fe0987a50af9d53b78410836060d0c9?s=96&d=mm&r=g","url":"https:\/\/secure.gravatar.com\/avatar\/cd330fa6bb17f598124b2068ee0b189e4fe0987a50af9d53b78410836060d0c9?s=96&d=mm&r=g","contentUrl":"https:\/\/secure.gravatar.com\/avatar\/cd330fa6bb17f598124b2068ee0b189e4fe0987a50af9d53b78410836060d0c9?s=96&d=mm&r=g","caption":"stellanstal"},"url":"https:\/\/framtidenskarriar.se\/itdata\/author\/stellanstal\/"}]}},"_links":{"self":[{"href":"https:\/\/framtidenskarriar.se\/itdata\/wp-json\/wp\/v2\/posts\/5627","targetHints":{"allow":["GET"]}}],"collection":[{"href":"https:\/\/framtidenskarriar.se\/itdata\/wp-json\/wp\/v2\/posts"}],"about":[{"href":"https:\/\/framtidenskarriar.se\/itdata\/wp-json\/wp\/v2\/types\/post"}],"author":[{"embeddable":true,"href":"https:\/\/framtidenskarriar.se\/itdata\/wp-json\/wp\/v2\/users\/3"}],"replies":[{"embeddable":true,"href":"https:\/\/framtidenskarriar.se\/itdata\/wp-json\/wp\/v2\/comments?post=5627"}],"version-history":[{"count":0,"href":"https:\/\/framtidenskarriar.se\/itdata\/wp-json\/wp\/v2\/posts\/5627\/revisions"}],"wp:featuredmedia":[{"embeddable":true,"href":"https:\/\/framtidenskarriar.se\/itdata\/wp-json\/wp\/v2\/media\/5628"}],"wp:attachment":[{"href":"https:\/\/framtidenskarriar.se\/itdata\/wp-json\/wp\/v2\/media?parent=5627"}],"wp:term":[{"taxonomy":"category","embeddable":true,"href":"https:\/\/framtidenskarriar.se\/itdata\/wp-json\/wp\/v2\/categories?post=5627"},{"taxonomy":"post_tag","embeddable":true,"href":"https:\/\/framtidenskarriar.se\/itdata\/wp-json\/wp\/v2\/tags?post=5627"}],"curies":[{"name":"wp","href":"https:\/\/api.w.org\/{rel}","templated":true}]}}