{"id":5640,"date":"2018-02-07T12:32:52","date_gmt":"2018-02-07T10:32:52","guid":{"rendered":"http:\/\/framtidenskarriar.se\/itdata\/?p=5640"},"modified":"2018-02-07T12:32:52","modified_gmt":"2018-02-07T10:32:52","slug":"starkt-okat-intresse-for-cybersakerhet-och-ai","status":"publish","type":"post","link":"https:\/\/framtidenskarriar.se\/itdata\/2018\/02\/07\/starkt-okat-intresse-for-cybersakerhet-och-ai\/","title":{"rendered":"Starkt \u00f6kat intresse f\u00f6r cybers\u00e4kerhet och AI"},"content":{"rendered":"<p><figure id=\"attachment_5641\" aria-describedby=\"caption-attachment-5641\" style=\"width: 1000px\" class=\"wp-caption alignnone\"><img loading=\"lazy\" decoding=\"async\" src=\"https:\/\/framtidenskarriar.se\/itdata\/wp-content\/uploads\/sites\/13\/2018\/02\/management-emmyvictor.jpg\" alt=\"Victor Carls och Emmy Andersson, projektledare p\u00e5 Management Events.\" width=\"1000\" height=\"632\" class=\"size-full wp-image-5641\" srcset=\"https:\/\/framtidenskarriar.se\/itdata\/wp-content\/uploads\/sites\/13\/2018\/02\/management-emmyvictor.jpg 1000w, https:\/\/framtidenskarriar.se\/itdata\/wp-content\/uploads\/sites\/13\/2018\/02\/management-emmyvictor-300x190.jpg 300w, https:\/\/framtidenskarriar.se\/itdata\/wp-content\/uploads\/sites\/13\/2018\/02\/management-emmyvictor-768x485.jpg 768w, https:\/\/framtidenskarriar.se\/itdata\/wp-content\/uploads\/sites\/13\/2018\/02\/management-emmyvictor-253x160.jpg 253w, https:\/\/framtidenskarriar.se\/itdata\/wp-content\/uploads\/sites\/13\/2018\/02\/management-emmyvictor-526x332.jpg 526w, https:\/\/framtidenskarriar.se\/itdata\/wp-content\/uploads\/sites\/13\/2018\/02\/management-emmyvictor-720x455.jpg 720w, https:\/\/framtidenskarriar.se\/itdata\/wp-content\/uploads\/sites\/13\/2018\/02\/management-emmyvictor-960x607.jpg 960w\" sizes=\"auto, (max-width: 1000px) 100vw, 1000px\" \/><figcaption id=\"caption-attachment-5641\" class=\"wp-caption-text\">Victor Carls och Emmy Andersson, projektledare p\u00e5 Management Events.<\/figcaption><\/figure><strong>Satsningarna p\u00e5 cybers\u00e4kerhet samt artificiell intelligens och robotik har \u00f6kat kraftigt inom de st\u00f6rsta f\u00f6retagen i Sverige. Det visar en rapport fr\u00e5n Management Events.<\/strong><\/p>\n<p>Rapporten, \u201dInvestment and Project Profiles\u201d, har tagits fram inf\u00f6r \u00e5rets upplaga av eventet 600Minutes Executive IT. Den ger en \u00f6versikt av hur investeringar och projekt f\u00f6rdelar sig p\u00e5 olika it-omr\u00e5den p\u00e5 Sveriges st\u00f6rsta f\u00f6retag inom olika branscher. Rapporten baseras p\u00e5 personliga intervjuer med 256 beslutsfattare.<br \/>\n\u2013 Unders\u00f6kningen visar att satsningarna p\u00e5 cybers\u00e4kerhet har \u00f6kat i mycket h\u00f6g grad. Cyberhoten har kommit upp till ytan p\u00e5 ett helt annat \u00e4n tidigare, inte minst efter detta turbulenta \u00e5r med m\u00e5nga cybers\u00e4kerhetsskandaler d\u00e4r fler stora f\u00f6retag har blivit drabbade, s\u00e4ger Victor Carls, projektledare p\u00e5 Management Events.<br \/>\nCyberhoten har \u00f6kat i samband med att f\u00f6retagen flyttat ut sina it-system till molnet. Inom cybers\u00e4kerhet \u00e4r s\u00e4kerhet i molnet det mest prioriterade omr\u00e5det.<\/p>\n<p><strong>AI och robotik<\/strong><br \/>\nEn annan tydlig trend \u00e4r det kraftigt \u00f6kande intresset f\u00f6r artificiell intelligens (AI) och robotik. I en liknande unders\u00f6kning som Management Events gjorde ett \u00e5r tidigare fanns omr\u00e5det inte med bland de som prioriterades d\u00e5.<br \/>\n\u2013 N\u00e4stan alla deltagare i unders\u00f6kningen ser AI som ett omr\u00e5de som starkt \u00f6kar i betydelse. Antingen har f\u00f6retagen redan startat AI-projekt eller s\u00e5 planerar de att g\u00f6ra det, s\u00e4ger Emmy Andersson, projektledare p\u00e5 Management Events.<br \/>\nI den unders\u00f6kning som gjordes ett \u00e5r tidigare var analytics det mest prioriterade it-omr\u00e5det. Nu har det fallit en bit p\u00e5 listan.<br \/>\n\u2013 Det beror p\u00e5 att omr\u00e5den som cybers\u00e4kerhet och AI har seglat fram som mycket prioriterade, s\u00e4ger Emmy Andersson. Men det p\u00e5g\u00e5r lika mycket aktiviteter inom analytics som tidigare.<br \/>\nDigitala aff\u00e4rer \u00e4r liksom tidigare ett h\u00f6gprioriterat omr\u00e5de. H\u00f6gst upp p\u00e5 listan kommer it management, ett mycket \u00f6vergripande omr\u00e5de. Det kan exempelvis g\u00e4lla h\u00e5rdvara, mjukvara, data och n\u00e4tverk.<br \/>\nN\u00e4r det g\u00e4ller andra trender var det m\u00e5nga av deltagarna som talade om de nya yrkesroller som v\u00e4xer fram.<br \/>\n\u2013 Det h\u00e4nger samman med den starkt \u00f6kande digitaliseringen och att it i allt h\u00f6gre grad utg\u00f6r k\u00e4rnan i nya aff\u00e4rsstrategier, s\u00e4ger Victor Carls.<\/p>\n<div class=\"faktaruta2-title\">Mest prioriterade omr\u00e5den inom it:<\/div><div class=\"faktaruta2\"><img loading=\"lazy\" decoding=\"async\" src=\"https:\/\/framtidenskarriar.se\/itdata\/wp-content\/uploads\/sites\/13\/2018\/02\/management-graf1.png\" alt=\"\" width=\"1000\" height=\"737\" class=\"alignnone size-full wp-image-5642\" srcset=\"https:\/\/framtidenskarriar.se\/itdata\/wp-content\/uploads\/sites\/13\/2018\/02\/management-graf1.png 1000w, https:\/\/framtidenskarriar.se\/itdata\/wp-content\/uploads\/sites\/13\/2018\/02\/management-graf1-300x221.png 300w, https:\/\/framtidenskarriar.se\/itdata\/wp-content\/uploads\/sites\/13\/2018\/02\/management-graf1-768x566.png 768w, https:\/\/framtidenskarriar.se\/itdata\/wp-content\/uploads\/sites\/13\/2018\/02\/management-graf1-217x160.png 217w, https:\/\/framtidenskarriar.se\/itdata\/wp-content\/uploads\/sites\/13\/2018\/02\/management-graf1-526x388.png 526w, https:\/\/framtidenskarriar.se\/itdata\/wp-content\/uploads\/sites\/13\/2018\/02\/management-graf1-720x531.png 720w, https:\/\/framtidenskarriar.se\/itdata\/wp-content\/uploads\/sites\/13\/2018\/02\/management-graf1-960x708.png 960w\" sizes=\"auto, (max-width: 1000px) 100vw, 1000px\" \/><br \/>\n<\/div>\n<div class=\"faktaruta2-title\">Cybers\u00e4kerhet:<\/div><div class=\"faktaruta2\"><img loading=\"lazy\" decoding=\"async\" src=\"https:\/\/framtidenskarriar.se\/itdata\/wp-content\/uploads\/sites\/13\/2018\/02\/management-graf2.png\" alt=\"\" width=\"1000\" height=\"822\" class=\"alignnone size-full wp-image-5643\" srcset=\"https:\/\/framtidenskarriar.se\/itdata\/wp-content\/uploads\/sites\/13\/2018\/02\/management-graf2.png 1000w, https:\/\/framtidenskarriar.se\/itdata\/wp-content\/uploads\/sites\/13\/2018\/02\/management-graf2-300x247.png 300w, https:\/\/framtidenskarriar.se\/itdata\/wp-content\/uploads\/sites\/13\/2018\/02\/management-graf2-768x631.png 768w, https:\/\/framtidenskarriar.se\/itdata\/wp-content\/uploads\/sites\/13\/2018\/02\/management-graf2-195x160.png 195w, https:\/\/framtidenskarriar.se\/itdata\/wp-content\/uploads\/sites\/13\/2018\/02\/management-graf2-526x432.png 526w, https:\/\/framtidenskarriar.se\/itdata\/wp-content\/uploads\/sites\/13\/2018\/02\/management-graf2-720x592.png 720w, https:\/\/framtidenskarriar.se\/itdata\/wp-content\/uploads\/sites\/13\/2018\/02\/management-graf2-960x789.png 960w\" sizes=\"auto, (max-width: 1000px) 100vw, 1000px\" \/><\/br><br \/>\n<strong>1<\/strong> Molns\u00e4kerhet<br \/>\n<strong>2<\/strong> Cybers\u00e4kerhetsstrategi<br \/>\n<strong>3<\/strong> Datas\u00e4kerhet och dataintegritet<br \/>\n<strong>4<\/strong> Anst\u00e4lldas medvetenhet<br \/>\n<strong>5<\/strong> Identitets- och beh\u00f6righetshantering<br \/>\n<strong>6<\/strong> S\u00e4kerhetsanalys<br \/>\n<strong>7<\/strong> Efterlevnadskontroll<br \/>\n<strong>8<\/strong> Mobil s\u00e4kerhet<br \/>\n<strong>9<\/strong> S\u00e4kerhetsrevision<br \/>\n<strong>10<\/strong> Uppt\u00e4ckt och f\u00f6rebyggande av intr\u00e5ng<br \/>\n<strong>11<\/strong> Katastrof\u00e5terh\u00e4mtning<br \/>\n<strong>12<\/strong> N\u00e4tverkss\u00e4kerhet<\/div>\n<div class=\"faktaruta2-title\">Artificiell intelligens och robotik:<\/div><div class=\"faktaruta2\"><img loading=\"lazy\" decoding=\"async\" src=\"https:\/\/framtidenskarriar.se\/itdata\/wp-content\/uploads\/sites\/13\/2018\/02\/management-graf3.png\" alt=\"\" width=\"1000\" height=\"737\" class=\"alignnone size-full wp-image-5644\" srcset=\"https:\/\/framtidenskarriar.se\/itdata\/wp-content\/uploads\/sites\/13\/2018\/02\/management-graf3.png 1000w, https:\/\/framtidenskarriar.se\/itdata\/wp-content\/uploads\/sites\/13\/2018\/02\/management-graf3-300x221.png 300w, https:\/\/framtidenskarriar.se\/itdata\/wp-content\/uploads\/sites\/13\/2018\/02\/management-graf3-768x566.png 768w, https:\/\/framtidenskarriar.se\/itdata\/wp-content\/uploads\/sites\/13\/2018\/02\/management-graf3-217x160.png 217w, https:\/\/framtidenskarriar.se\/itdata\/wp-content\/uploads\/sites\/13\/2018\/02\/management-graf3-526x388.png 526w, https:\/\/framtidenskarriar.se\/itdata\/wp-content\/uploads\/sites\/13\/2018\/02\/management-graf3-720x531.png 720w, https:\/\/framtidenskarriar.se\/itdata\/wp-content\/uploads\/sites\/13\/2018\/02\/management-graf3-960x708.png 960w\" sizes=\"auto, (max-width: 1000px) 100vw, 1000px\" \/><\/br><br \/>\n<strong>1<\/strong> AI-baserade aff\u00e4rsmodeller och tj\u00e4nster<br \/>\n<strong>2<\/strong> Maskininl\u00e4rning<br \/>\n<strong>3<\/strong> Robotic Process Automation (RPA)<br \/>\n<strong>4<\/strong> Virtuella assistenter och robotar<br \/>\n<strong>5<\/strong> Algoritmer<br \/>\n<strong>6<\/strong> Servicerobotar<br \/>\n<strong>7<\/strong> Datorseende<br \/>\n<strong>8<\/strong> Sj\u00e4lvk\u00f6rande fordon<br \/>\n<strong>9<\/strong> Naturlig spr\u00e5kbehandling<\/div>\n<div class=\"faktaruta-title\">600Minutes Executive IT<\/div><div class=\"faktaruta\">Eventet 600Minutes Executive IT \u00e4r ett \u00e5rligt event f\u00f6r it-beslutsfattare p\u00e5 Sveriges st\u00f6rsta f\u00f6retag. F\u00f6rra \u00e5ret v\u00e4xte det till att bli Nordens st\u00f6rsta it-forum. Det \u00e4ger rum den 14 mars 2018 p\u00e5 Stockholm Waterfront i Stockholm. Deltagarna kan lyssna p\u00e5 f\u00f6redrag, utbyta tankar med kolleger och tr\u00e4ffa leverant\u00f6rer av it-l\u00f6sningar.<\/div>\n","protected":false},"excerpt":{"rendered":"<p>Satsningarna p\u00e5 cybers\u00e4kerhet samt artificiell intelligens och robotik har \u00f6kat kraftigt inom de st\u00f6rsta f\u00f6retagen&#8230;<\/p>\n","protected":false},"author":3,"featured_media":5641,"comment_status":"closed","ping_status":"open","sticky":false,"template":"","format":"standard","meta":{"_acf_changed":false,"_monsterinsights_skip_tracking":false,"_monsterinsights_sitenote_active":false,"_monsterinsights_sitenote_note":"","_monsterinsights_sitenote_category":0,"footnotes":""},"categories":[1],"tags":[20,29,45,47,168,199,209,251],"class_list":["post-5640","post","type-post","status-publish","format-standard","has-post-thumbnail","hentry","category-artikel","tag-ai","tag-artificiell-intelligens","tag-cyberforsvar","tag-cybersakerhet","tag-management-events","tag-prioriterade-omraden","tag-robotik","tag-trender"],"acf":[],"yoast_head":"<!-- This site is optimized with the Yoast SEO plugin v27.3 - https:\/\/yoast.com\/product\/yoast-seo-wordpress\/ -->\n<title>Starkt \u00f6kat intresse f\u00f6r cybers\u00e4kerhet och AI - Framtidens karri\u00e4r IT &amp; Data<\/title>\n<meta name=\"robots\" content=\"index, follow, max-snippet:-1, max-image-preview:large, max-video-preview:-1\" \/>\n<link rel=\"canonical\" href=\"https:\/\/framtidenskarriar.se\/itdata\/2018\/02\/07\/starkt-okat-intresse-for-cybersakerhet-och-ai\/\" \/>\n<meta property=\"og:locale\" content=\"sv_SE\" \/>\n<meta property=\"og:type\" content=\"article\" \/>\n<meta property=\"og:title\" content=\"Starkt \u00f6kat intresse f\u00f6r cybers\u00e4kerhet och AI - Framtidens karri\u00e4r IT &amp; Data\" \/>\n<meta property=\"og:description\" content=\"Satsningarna p\u00e5 cybers\u00e4kerhet samt artificiell intelligens och robotik har \u00f6kat kraftigt inom de st\u00f6rsta f\u00f6retagen...\" \/>\n<meta property=\"og:url\" content=\"https:\/\/framtidenskarriar.se\/itdata\/2018\/02\/07\/starkt-okat-intresse-for-cybersakerhet-och-ai\/\" \/>\n<meta property=\"og:site_name\" content=\"Framtidens karri\u00e4r IT &amp; Data\" \/>\n<meta property=\"article:published_time\" content=\"2018-02-07T10:32:52+00:00\" \/>\n<meta property=\"og:image\" content=\"https:\/\/framtidenskarriar.se\/itdata\/wp-content\/uploads\/sites\/13\/2018\/02\/management-emmyvictor.jpg\" \/>\n\t<meta property=\"og:image:width\" content=\"1000\" \/>\n\t<meta property=\"og:image:height\" content=\"632\" \/>\n\t<meta property=\"og:image:type\" content=\"image\/jpeg\" \/>\n<meta name=\"author\" content=\"stellanstal\" \/>\n<meta name=\"twitter:card\" content=\"summary_large_image\" \/>\n<meta name=\"twitter:label1\" content=\"Skriven av\" \/>\n\t<meta name=\"twitter:data1\" content=\"stellanstal\" \/>\n\t<meta name=\"twitter:label2\" content=\"Ber\u00e4knad l\u00e4stid\" \/>\n\t<meta name=\"twitter:data2\" content=\"3 minuter\" \/>\n<script type=\"application\/ld+json\" class=\"yoast-schema-graph\">{\"@context\":\"https:\\\/\\\/schema.org\",\"@graph\":[{\"@type\":\"Article\",\"@id\":\"https:\\\/\\\/framtidenskarriar.se\\\/itdata\\\/2018\\\/02\\\/07\\\/starkt-okat-intresse-for-cybersakerhet-och-ai\\\/#article\",\"isPartOf\":{\"@id\":\"https:\\\/\\\/framtidenskarriar.se\\\/itdata\\\/2018\\\/02\\\/07\\\/starkt-okat-intresse-for-cybersakerhet-och-ai\\\/\"},\"author\":{\"name\":\"stellanstal\",\"@id\":\"https:\\\/\\\/framtidenskarriar.se\\\/itdata\\\/#\\\/schema\\\/person\\\/c8a43eb855191e573b73ecf8987a3b99\"},\"headline\":\"Starkt \u00f6kat intresse f\u00f6r cybers\u00e4kerhet och AI\",\"datePublished\":\"2018-02-07T10:32:52+00:00\",\"mainEntityOfPage\":{\"@id\":\"https:\\\/\\\/framtidenskarriar.se\\\/itdata\\\/2018\\\/02\\\/07\\\/starkt-okat-intresse-for-cybersakerhet-och-ai\\\/\"},\"wordCount\":560,\"image\":{\"@id\":\"https:\\\/\\\/framtidenskarriar.se\\\/itdata\\\/2018\\\/02\\\/07\\\/starkt-okat-intresse-for-cybersakerhet-och-ai\\\/#primaryimage\"},\"thumbnailUrl\":\"https:\\\/\\\/framtidenskarriar.se\\\/itdata\\\/wp-content\\\/uploads\\\/sites\\\/13\\\/2018\\\/02\\\/management-emmyvictor.jpg\",\"keywords\":[\"AI\",\"Artificiell intelligens\",\"Cyberf\u00f6rsvar\",\"Cybers\u00e4kerhet\",\"Management Events\",\"Prioriterade omr\u00e5den\",\"Robotik\",\"Trender\"],\"articleSection\":[\"Artikel\"],\"inLanguage\":\"sv-SE\"},{\"@type\":\"WebPage\",\"@id\":\"https:\\\/\\\/framtidenskarriar.se\\\/itdata\\\/2018\\\/02\\\/07\\\/starkt-okat-intresse-for-cybersakerhet-och-ai\\\/\",\"url\":\"https:\\\/\\\/framtidenskarriar.se\\\/itdata\\\/2018\\\/02\\\/07\\\/starkt-okat-intresse-for-cybersakerhet-och-ai\\\/\",\"name\":\"Starkt \u00f6kat intresse f\u00f6r cybers\u00e4kerhet och AI - Framtidens karri\u00e4r IT & Data\",\"isPartOf\":{\"@id\":\"https:\\\/\\\/framtidenskarriar.se\\\/itdata\\\/#website\"},\"primaryImageOfPage\":{\"@id\":\"https:\\\/\\\/framtidenskarriar.se\\\/itdata\\\/2018\\\/02\\\/07\\\/starkt-okat-intresse-for-cybersakerhet-och-ai\\\/#primaryimage\"},\"image\":{\"@id\":\"https:\\\/\\\/framtidenskarriar.se\\\/itdata\\\/2018\\\/02\\\/07\\\/starkt-okat-intresse-for-cybersakerhet-och-ai\\\/#primaryimage\"},\"thumbnailUrl\":\"https:\\\/\\\/framtidenskarriar.se\\\/itdata\\\/wp-content\\\/uploads\\\/sites\\\/13\\\/2018\\\/02\\\/management-emmyvictor.jpg\",\"datePublished\":\"2018-02-07T10:32:52+00:00\",\"author\":{\"@id\":\"https:\\\/\\\/framtidenskarriar.se\\\/itdata\\\/#\\\/schema\\\/person\\\/c8a43eb855191e573b73ecf8987a3b99\"},\"breadcrumb\":{\"@id\":\"https:\\\/\\\/framtidenskarriar.se\\\/itdata\\\/2018\\\/02\\\/07\\\/starkt-okat-intresse-for-cybersakerhet-och-ai\\\/#breadcrumb\"},\"inLanguage\":\"sv-SE\",\"potentialAction\":[{\"@type\":\"ReadAction\",\"target\":[\"https:\\\/\\\/framtidenskarriar.se\\\/itdata\\\/2018\\\/02\\\/07\\\/starkt-okat-intresse-for-cybersakerhet-och-ai\\\/\"]}]},{\"@type\":\"ImageObject\",\"inLanguage\":\"sv-SE\",\"@id\":\"https:\\\/\\\/framtidenskarriar.se\\\/itdata\\\/2018\\\/02\\\/07\\\/starkt-okat-intresse-for-cybersakerhet-och-ai\\\/#primaryimage\",\"url\":\"https:\\\/\\\/framtidenskarriar.se\\\/itdata\\\/wp-content\\\/uploads\\\/sites\\\/13\\\/2018\\\/02\\\/management-emmyvictor.jpg\",\"contentUrl\":\"https:\\\/\\\/framtidenskarriar.se\\\/itdata\\\/wp-content\\\/uploads\\\/sites\\\/13\\\/2018\\\/02\\\/management-emmyvictor.jpg\",\"width\":1000,\"height\":632,\"caption\":\"Victor Carls och Emmy Andersson, projektledare p\u00e5 Management Events.\"},{\"@type\":\"BreadcrumbList\",\"@id\":\"https:\\\/\\\/framtidenskarriar.se\\\/itdata\\\/2018\\\/02\\\/07\\\/starkt-okat-intresse-for-cybersakerhet-och-ai\\\/#breadcrumb\",\"itemListElement\":[{\"@type\":\"ListItem\",\"position\":1,\"name\":\"Home\",\"item\":\"https:\\\/\\\/framtidenskarriar.se\\\/itdata\\\/\"},{\"@type\":\"ListItem\",\"position\":2,\"name\":\"Starkt \u00f6kat intresse f\u00f6r cybers\u00e4kerhet och AI\"}]},{\"@type\":\"WebSite\",\"@id\":\"https:\\\/\\\/framtidenskarriar.se\\\/itdata\\\/#website\",\"url\":\"https:\\\/\\\/framtidenskarriar.se\\\/itdata\\\/\",\"name\":\"Framtidens karri\u00e4r IT & Data\",\"description\":\"Just another NMDashboard.se Sites site\",\"potentialAction\":[{\"@type\":\"SearchAction\",\"target\":{\"@type\":\"EntryPoint\",\"urlTemplate\":\"https:\\\/\\\/framtidenskarriar.se\\\/itdata\\\/?s={search_term_string}\"},\"query-input\":{\"@type\":\"PropertyValueSpecification\",\"valueRequired\":true,\"valueName\":\"search_term_string\"}}],\"inLanguage\":\"sv-SE\"},{\"@type\":\"Person\",\"@id\":\"https:\\\/\\\/framtidenskarriar.se\\\/itdata\\\/#\\\/schema\\\/person\\\/c8a43eb855191e573b73ecf8987a3b99\",\"name\":\"stellanstal\",\"image\":{\"@type\":\"ImageObject\",\"inLanguage\":\"sv-SE\",\"@id\":\"https:\\\/\\\/secure.gravatar.com\\\/avatar\\\/cd330fa6bb17f598124b2068ee0b189e4fe0987a50af9d53b78410836060d0c9?s=96&d=mm&r=g\",\"url\":\"https:\\\/\\\/secure.gravatar.com\\\/avatar\\\/cd330fa6bb17f598124b2068ee0b189e4fe0987a50af9d53b78410836060d0c9?s=96&d=mm&r=g\",\"contentUrl\":\"https:\\\/\\\/secure.gravatar.com\\\/avatar\\\/cd330fa6bb17f598124b2068ee0b189e4fe0987a50af9d53b78410836060d0c9?s=96&d=mm&r=g\",\"caption\":\"stellanstal\"},\"url\":\"https:\\\/\\\/framtidenskarriar.se\\\/itdata\\\/author\\\/stellanstal\\\/\"}]}<\/script>\n<!-- \/ Yoast SEO plugin. -->","yoast_head_json":{"title":"Starkt \u00f6kat intresse f\u00f6r cybers\u00e4kerhet och AI - Framtidens karri\u00e4r IT & Data","robots":{"index":"index","follow":"follow","max-snippet":"max-snippet:-1","max-image-preview":"max-image-preview:large","max-video-preview":"max-video-preview:-1"},"canonical":"https:\/\/framtidenskarriar.se\/itdata\/2018\/02\/07\/starkt-okat-intresse-for-cybersakerhet-och-ai\/","og_locale":"sv_SE","og_type":"article","og_title":"Starkt \u00f6kat intresse f\u00f6r cybers\u00e4kerhet och AI - Framtidens karri\u00e4r IT & Data","og_description":"Satsningarna p\u00e5 cybers\u00e4kerhet samt artificiell intelligens och robotik har \u00f6kat kraftigt inom de st\u00f6rsta f\u00f6retagen...","og_url":"https:\/\/framtidenskarriar.se\/itdata\/2018\/02\/07\/starkt-okat-intresse-for-cybersakerhet-och-ai\/","og_site_name":"Framtidens karri\u00e4r IT & Data","article_published_time":"2018-02-07T10:32:52+00:00","og_image":[{"width":1000,"height":632,"url":"https:\/\/framtidenskarriar.se\/itdata\/wp-content\/uploads\/sites\/13\/2018\/02\/management-emmyvictor.jpg","type":"image\/jpeg"}],"author":"stellanstal","twitter_card":"summary_large_image","twitter_misc":{"Skriven av":"stellanstal","Ber\u00e4knad l\u00e4stid":"3 minuter"},"schema":{"@context":"https:\/\/schema.org","@graph":[{"@type":"Article","@id":"https:\/\/framtidenskarriar.se\/itdata\/2018\/02\/07\/starkt-okat-intresse-for-cybersakerhet-och-ai\/#article","isPartOf":{"@id":"https:\/\/framtidenskarriar.se\/itdata\/2018\/02\/07\/starkt-okat-intresse-for-cybersakerhet-och-ai\/"},"author":{"name":"stellanstal","@id":"https:\/\/framtidenskarriar.se\/itdata\/#\/schema\/person\/c8a43eb855191e573b73ecf8987a3b99"},"headline":"Starkt \u00f6kat intresse f\u00f6r cybers\u00e4kerhet och AI","datePublished":"2018-02-07T10:32:52+00:00","mainEntityOfPage":{"@id":"https:\/\/framtidenskarriar.se\/itdata\/2018\/02\/07\/starkt-okat-intresse-for-cybersakerhet-och-ai\/"},"wordCount":560,"image":{"@id":"https:\/\/framtidenskarriar.se\/itdata\/2018\/02\/07\/starkt-okat-intresse-for-cybersakerhet-och-ai\/#primaryimage"},"thumbnailUrl":"https:\/\/framtidenskarriar.se\/itdata\/wp-content\/uploads\/sites\/13\/2018\/02\/management-emmyvictor.jpg","keywords":["AI","Artificiell intelligens","Cyberf\u00f6rsvar","Cybers\u00e4kerhet","Management Events","Prioriterade omr\u00e5den","Robotik","Trender"],"articleSection":["Artikel"],"inLanguage":"sv-SE"},{"@type":"WebPage","@id":"https:\/\/framtidenskarriar.se\/itdata\/2018\/02\/07\/starkt-okat-intresse-for-cybersakerhet-och-ai\/","url":"https:\/\/framtidenskarriar.se\/itdata\/2018\/02\/07\/starkt-okat-intresse-for-cybersakerhet-och-ai\/","name":"Starkt \u00f6kat intresse f\u00f6r cybers\u00e4kerhet och AI - Framtidens karri\u00e4r IT & Data","isPartOf":{"@id":"https:\/\/framtidenskarriar.se\/itdata\/#website"},"primaryImageOfPage":{"@id":"https:\/\/framtidenskarriar.se\/itdata\/2018\/02\/07\/starkt-okat-intresse-for-cybersakerhet-och-ai\/#primaryimage"},"image":{"@id":"https:\/\/framtidenskarriar.se\/itdata\/2018\/02\/07\/starkt-okat-intresse-for-cybersakerhet-och-ai\/#primaryimage"},"thumbnailUrl":"https:\/\/framtidenskarriar.se\/itdata\/wp-content\/uploads\/sites\/13\/2018\/02\/management-emmyvictor.jpg","datePublished":"2018-02-07T10:32:52+00:00","author":{"@id":"https:\/\/framtidenskarriar.se\/itdata\/#\/schema\/person\/c8a43eb855191e573b73ecf8987a3b99"},"breadcrumb":{"@id":"https:\/\/framtidenskarriar.se\/itdata\/2018\/02\/07\/starkt-okat-intresse-for-cybersakerhet-och-ai\/#breadcrumb"},"inLanguage":"sv-SE","potentialAction":[{"@type":"ReadAction","target":["https:\/\/framtidenskarriar.se\/itdata\/2018\/02\/07\/starkt-okat-intresse-for-cybersakerhet-och-ai\/"]}]},{"@type":"ImageObject","inLanguage":"sv-SE","@id":"https:\/\/framtidenskarriar.se\/itdata\/2018\/02\/07\/starkt-okat-intresse-for-cybersakerhet-och-ai\/#primaryimage","url":"https:\/\/framtidenskarriar.se\/itdata\/wp-content\/uploads\/sites\/13\/2018\/02\/management-emmyvictor.jpg","contentUrl":"https:\/\/framtidenskarriar.se\/itdata\/wp-content\/uploads\/sites\/13\/2018\/02\/management-emmyvictor.jpg","width":1000,"height":632,"caption":"Victor Carls och Emmy Andersson, projektledare p\u00e5 Management Events."},{"@type":"BreadcrumbList","@id":"https:\/\/framtidenskarriar.se\/itdata\/2018\/02\/07\/starkt-okat-intresse-for-cybersakerhet-och-ai\/#breadcrumb","itemListElement":[{"@type":"ListItem","position":1,"name":"Home","item":"https:\/\/framtidenskarriar.se\/itdata\/"},{"@type":"ListItem","position":2,"name":"Starkt \u00f6kat intresse f\u00f6r cybers\u00e4kerhet och AI"}]},{"@type":"WebSite","@id":"https:\/\/framtidenskarriar.se\/itdata\/#website","url":"https:\/\/framtidenskarriar.se\/itdata\/","name":"Framtidens karri\u00e4r IT & Data","description":"Just another NMDashboard.se Sites site","potentialAction":[{"@type":"SearchAction","target":{"@type":"EntryPoint","urlTemplate":"https:\/\/framtidenskarriar.se\/itdata\/?s={search_term_string}"},"query-input":{"@type":"PropertyValueSpecification","valueRequired":true,"valueName":"search_term_string"}}],"inLanguage":"sv-SE"},{"@type":"Person","@id":"https:\/\/framtidenskarriar.se\/itdata\/#\/schema\/person\/c8a43eb855191e573b73ecf8987a3b99","name":"stellanstal","image":{"@type":"ImageObject","inLanguage":"sv-SE","@id":"https:\/\/secure.gravatar.com\/avatar\/cd330fa6bb17f598124b2068ee0b189e4fe0987a50af9d53b78410836060d0c9?s=96&d=mm&r=g","url":"https:\/\/secure.gravatar.com\/avatar\/cd330fa6bb17f598124b2068ee0b189e4fe0987a50af9d53b78410836060d0c9?s=96&d=mm&r=g","contentUrl":"https:\/\/secure.gravatar.com\/avatar\/cd330fa6bb17f598124b2068ee0b189e4fe0987a50af9d53b78410836060d0c9?s=96&d=mm&r=g","caption":"stellanstal"},"url":"https:\/\/framtidenskarriar.se\/itdata\/author\/stellanstal\/"}]}},"_links":{"self":[{"href":"https:\/\/framtidenskarriar.se\/itdata\/wp-json\/wp\/v2\/posts\/5640","targetHints":{"allow":["GET"]}}],"collection":[{"href":"https:\/\/framtidenskarriar.se\/itdata\/wp-json\/wp\/v2\/posts"}],"about":[{"href":"https:\/\/framtidenskarriar.se\/itdata\/wp-json\/wp\/v2\/types\/post"}],"author":[{"embeddable":true,"href":"https:\/\/framtidenskarriar.se\/itdata\/wp-json\/wp\/v2\/users\/3"}],"replies":[{"embeddable":true,"href":"https:\/\/framtidenskarriar.se\/itdata\/wp-json\/wp\/v2\/comments?post=5640"}],"version-history":[{"count":0,"href":"https:\/\/framtidenskarriar.se\/itdata\/wp-json\/wp\/v2\/posts\/5640\/revisions"}],"wp:featuredmedia":[{"embeddable":true,"href":"https:\/\/framtidenskarriar.se\/itdata\/wp-json\/wp\/v2\/media\/5641"}],"wp:attachment":[{"href":"https:\/\/framtidenskarriar.se\/itdata\/wp-json\/wp\/v2\/media?parent=5640"}],"wp:term":[{"taxonomy":"category","embeddable":true,"href":"https:\/\/framtidenskarriar.se\/itdata\/wp-json\/wp\/v2\/categories?post=5640"},{"taxonomy":"post_tag","embeddable":true,"href":"https:\/\/framtidenskarriar.se\/itdata\/wp-json\/wp\/v2\/tags?post=5640"}],"curies":[{"name":"wp","href":"https:\/\/api.w.org\/{rel}","templated":true}]}}