{"id":5648,"date":"2018-02-07T12:36:04","date_gmt":"2018-02-07T10:36:04","guid":{"rendered":"http:\/\/framtidenskarriar.se\/itdata\/?p=5648"},"modified":"2018-02-07T12:36:04","modified_gmt":"2018-02-07T10:36:04","slug":"9-av-10-it-akademiker-vill-jobba-inom-industrin","status":"publish","type":"post","link":"https:\/\/framtidenskarriar.se\/itdata\/2018\/02\/07\/9-av-10-it-akademiker-vill-jobba-inom-industrin\/","title":{"rendered":"9 av 10 it-akademiker vill jobba inom industrin"},"content":{"rendered":"<p><strong>Vi har kartlagt it-\/dataingenj\u00f6rers och systemvetares intresse av att jobba inom industrin och deras bed\u00f6mning av industrins digitalisering.<\/strong><\/p>\n<div class=\"faktaruta2-title\">Hur viktig \u00e4r digitalisering och mjukvaruutveckling f\u00f6r industrins framtid och konkurrenskraft?<\/div><div class=\"faktaruta2\"><img loading=\"lazy\" decoding=\"async\" src=\"https:\/\/framtidenskarriar.se\/itdata\/wp-content\/uploads\/sites\/13\/2018\/02\/industri2-graf1.png\" alt=\"\" width=\"1000\" height=\"397\" class=\"alignnone size-full wp-image-5649\" srcset=\"https:\/\/framtidenskarriar.se\/itdata\/wp-content\/uploads\/sites\/13\/2018\/02\/industri2-graf1.png 1000w, https:\/\/framtidenskarriar.se\/itdata\/wp-content\/uploads\/sites\/13\/2018\/02\/industri2-graf1-300x119.png 300w, https:\/\/framtidenskarriar.se\/itdata\/wp-content\/uploads\/sites\/13\/2018\/02\/industri2-graf1-768x305.png 768w, https:\/\/framtidenskarriar.se\/itdata\/wp-content\/uploads\/sites\/13\/2018\/02\/industri2-graf1-403x160.png 403w, https:\/\/framtidenskarriar.se\/itdata\/wp-content\/uploads\/sites\/13\/2018\/02\/industri2-graf1-526x209.png 526w, https:\/\/framtidenskarriar.se\/itdata\/wp-content\/uploads\/sites\/13\/2018\/02\/industri2-graf1-720x286.png 720w, https:\/\/framtidenskarriar.se\/itdata\/wp-content\/uploads\/sites\/13\/2018\/02\/industri2-graf1-960x381.png 960w\" sizes=\"auto, (max-width: 1000px) 100vw, 1000px\" \/><br \/>\n<\/div>\n<div class=\"faktaruta2-title\">Skulle du kunna t\u00e4nka sig att arbeta med it-\/mjukvaruutveckling inom industrin?<\/div><div class=\"faktaruta2\"><img loading=\"lazy\" decoding=\"async\" src=\"https:\/\/framtidenskarriar.se\/itdata\/wp-content\/uploads\/sites\/13\/2018\/02\/industri2-graf2.png\" alt=\"\" width=\"1000\" height=\"170\" class=\"alignnone size-full wp-image-5650\" srcset=\"https:\/\/framtidenskarriar.se\/itdata\/wp-content\/uploads\/sites\/13\/2018\/02\/industri2-graf2.png 1000w, https:\/\/framtidenskarriar.se\/itdata\/wp-content\/uploads\/sites\/13\/2018\/02\/industri2-graf2-300x51.png 300w, https:\/\/framtidenskarriar.se\/itdata\/wp-content\/uploads\/sites\/13\/2018\/02\/industri2-graf2-768x131.png 768w, https:\/\/framtidenskarriar.se\/itdata\/wp-content\/uploads\/sites\/13\/2018\/02\/industri2-graf2-941x160.png 941w, https:\/\/framtidenskarriar.se\/itdata\/wp-content\/uploads\/sites\/13\/2018\/02\/industri2-graf2-526x89.png 526w, https:\/\/framtidenskarriar.se\/itdata\/wp-content\/uploads\/sites\/13\/2018\/02\/industri2-graf2-720x122.png 720w, https:\/\/framtidenskarriar.se\/itdata\/wp-content\/uploads\/sites\/13\/2018\/02\/industri2-graf2-960x163.png 960w\" sizes=\"auto, (max-width: 1000px) 100vw, 1000px\" \/><br \/>\n<\/div>\n<div class=\"faktaruta-title\">Om unders\u00f6kningen<\/div><div class=\"faktaruta\">Framtidens Karri\u00e4r It &amp; Data genomf\u00f6rde en trendunders\u00f6kning riktad mot ett slumpm\u00e4ssigt urval av 4&nbsp;000 it\/dataingenj\u00f6rer och systemvetare. Unders\u00f6kningen genomf\u00f6rdes 26\u201330 januari 2018.<\/div>\n","protected":false},"excerpt":{"rendered":"<p>Vi har kartlagt it-\/dataingenj\u00f6rers och systemvetares intresse av att jobba inom industrin och deras bed\u00f6mning&#8230;<\/p>\n","protected":false},"author":3,"featured_media":5649,"comment_status":"closed","ping_status":"open","sticky":false,"template":"","format":"standard","meta":{"_acf_changed":false,"_monsterinsights_skip_tracking":false,"_monsterinsights_sitenote_active":false,"_monsterinsights_sitenote_note":"","_monsterinsights_sitenote_category":0,"footnotes":""},"categories":[1],"tags":[62,110,255],"class_list":["post-5648","post","type-post","status-publish","format-standard","has-post-thumbnail","hentry","category-artikel","tag-digitalisering","tag-industri","tag-undersokning"],"acf":[],"yoast_head":"<!-- This site is optimized with the Yoast SEO plugin v27.3 - https:\/\/yoast.com\/product\/yoast-seo-wordpress\/ -->\n<title>9 av 10 it-akademiker vill jobba inom industrin - Framtidens karri\u00e4r IT &amp; Data<\/title>\n<meta name=\"robots\" content=\"index, follow, max-snippet:-1, max-image-preview:large, max-video-preview:-1\" \/>\n<link rel=\"canonical\" href=\"https:\/\/framtidenskarriar.se\/itdata\/2018\/02\/07\/9-av-10-it-akademiker-vill-jobba-inom-industrin\/\" \/>\n<meta property=\"og:locale\" content=\"sv_SE\" \/>\n<meta property=\"og:type\" content=\"article\" \/>\n<meta property=\"og:title\" content=\"9 av 10 it-akademiker vill jobba inom industrin - Framtidens karri\u00e4r IT &amp; Data\" \/>\n<meta property=\"og:description\" content=\"Vi har kartlagt it-\/dataingenj\u00f6rers och systemvetares intresse av att jobba inom industrin och deras bed\u00f6mning...\" \/>\n<meta property=\"og:url\" content=\"https:\/\/framtidenskarriar.se\/itdata\/2018\/02\/07\/9-av-10-it-akademiker-vill-jobba-inom-industrin\/\" \/>\n<meta property=\"og:site_name\" content=\"Framtidens karri\u00e4r IT &amp; Data\" \/>\n<meta property=\"article:published_time\" content=\"2018-02-07T10:36:04+00:00\" \/>\n<meta property=\"og:image\" content=\"https:\/\/framtidenskarriar.se\/itdata\/wp-content\/uploads\/sites\/13\/2018\/02\/industri2-graf1.png\" \/>\n\t<meta property=\"og:image:width\" content=\"1000\" \/>\n\t<meta property=\"og:image:height\" content=\"397\" \/>\n\t<meta property=\"og:image:type\" content=\"image\/png\" \/>\n<meta name=\"author\" content=\"stellanstal\" \/>\n<meta name=\"twitter:card\" content=\"summary_large_image\" \/>\n<meta name=\"twitter:label1\" content=\"Skriven av\" \/>\n\t<meta name=\"twitter:data1\" content=\"stellanstal\" \/>\n<script type=\"application\/ld+json\" class=\"yoast-schema-graph\">{\"@context\":\"https:\\\/\\\/schema.org\",\"@graph\":[{\"@type\":\"Article\",\"@id\":\"https:\\\/\\\/framtidenskarriar.se\\\/itdata\\\/2018\\\/02\\\/07\\\/9-av-10-it-akademiker-vill-jobba-inom-industrin\\\/#article\",\"isPartOf\":{\"@id\":\"https:\\\/\\\/framtidenskarriar.se\\\/itdata\\\/2018\\\/02\\\/07\\\/9-av-10-it-akademiker-vill-jobba-inom-industrin\\\/\"},\"author\":{\"name\":\"stellanstal\",\"@id\":\"https:\\\/\\\/framtidenskarriar.se\\\/itdata\\\/#\\\/schema\\\/person\\\/c8a43eb855191e573b73ecf8987a3b99\"},\"headline\":\"9 av 10 it-akademiker vill jobba inom industrin\",\"datePublished\":\"2018-02-07T10:36:04+00:00\",\"mainEntityOfPage\":{\"@id\":\"https:\\\/\\\/framtidenskarriar.se\\\/itdata\\\/2018\\\/02\\\/07\\\/9-av-10-it-akademiker-vill-jobba-inom-industrin\\\/\"},\"wordCount\":93,\"image\":{\"@id\":\"https:\\\/\\\/framtidenskarriar.se\\\/itdata\\\/2018\\\/02\\\/07\\\/9-av-10-it-akademiker-vill-jobba-inom-industrin\\\/#primaryimage\"},\"thumbnailUrl\":\"https:\\\/\\\/framtidenskarriar.se\\\/itdata\\\/wp-content\\\/uploads\\\/sites\\\/13\\\/2018\\\/02\\\/industri2-graf1.png\",\"keywords\":[\"Digitalisering\",\"Industri\",\"Unders\u00f6kning\"],\"articleSection\":[\"Artikel\"],\"inLanguage\":\"sv-SE\"},{\"@type\":\"WebPage\",\"@id\":\"https:\\\/\\\/framtidenskarriar.se\\\/itdata\\\/2018\\\/02\\\/07\\\/9-av-10-it-akademiker-vill-jobba-inom-industrin\\\/\",\"url\":\"https:\\\/\\\/framtidenskarriar.se\\\/itdata\\\/2018\\\/02\\\/07\\\/9-av-10-it-akademiker-vill-jobba-inom-industrin\\\/\",\"name\":\"9 av 10 it-akademiker vill jobba inom industrin - Framtidens karri\u00e4r IT & Data\",\"isPartOf\":{\"@id\":\"https:\\\/\\\/framtidenskarriar.se\\\/itdata\\\/#website\"},\"primaryImageOfPage\":{\"@id\":\"https:\\\/\\\/framtidenskarriar.se\\\/itdata\\\/2018\\\/02\\\/07\\\/9-av-10-it-akademiker-vill-jobba-inom-industrin\\\/#primaryimage\"},\"image\":{\"@id\":\"https:\\\/\\\/framtidenskarriar.se\\\/itdata\\\/2018\\\/02\\\/07\\\/9-av-10-it-akademiker-vill-jobba-inom-industrin\\\/#primaryimage\"},\"thumbnailUrl\":\"https:\\\/\\\/framtidenskarriar.se\\\/itdata\\\/wp-content\\\/uploads\\\/sites\\\/13\\\/2018\\\/02\\\/industri2-graf1.png\",\"datePublished\":\"2018-02-07T10:36:04+00:00\",\"author\":{\"@id\":\"https:\\\/\\\/framtidenskarriar.se\\\/itdata\\\/#\\\/schema\\\/person\\\/c8a43eb855191e573b73ecf8987a3b99\"},\"breadcrumb\":{\"@id\":\"https:\\\/\\\/framtidenskarriar.se\\\/itdata\\\/2018\\\/02\\\/07\\\/9-av-10-it-akademiker-vill-jobba-inom-industrin\\\/#breadcrumb\"},\"inLanguage\":\"sv-SE\",\"potentialAction\":[{\"@type\":\"ReadAction\",\"target\":[\"https:\\\/\\\/framtidenskarriar.se\\\/itdata\\\/2018\\\/02\\\/07\\\/9-av-10-it-akademiker-vill-jobba-inom-industrin\\\/\"]}]},{\"@type\":\"ImageObject\",\"inLanguage\":\"sv-SE\",\"@id\":\"https:\\\/\\\/framtidenskarriar.se\\\/itdata\\\/2018\\\/02\\\/07\\\/9-av-10-it-akademiker-vill-jobba-inom-industrin\\\/#primaryimage\",\"url\":\"https:\\\/\\\/framtidenskarriar.se\\\/itdata\\\/wp-content\\\/uploads\\\/sites\\\/13\\\/2018\\\/02\\\/industri2-graf1.png\",\"contentUrl\":\"https:\\\/\\\/framtidenskarriar.se\\\/itdata\\\/wp-content\\\/uploads\\\/sites\\\/13\\\/2018\\\/02\\\/industri2-graf1.png\",\"width\":1000,\"height\":397},{\"@type\":\"BreadcrumbList\",\"@id\":\"https:\\\/\\\/framtidenskarriar.se\\\/itdata\\\/2018\\\/02\\\/07\\\/9-av-10-it-akademiker-vill-jobba-inom-industrin\\\/#breadcrumb\",\"itemListElement\":[{\"@type\":\"ListItem\",\"position\":1,\"name\":\"Home\",\"item\":\"https:\\\/\\\/framtidenskarriar.se\\\/itdata\\\/\"},{\"@type\":\"ListItem\",\"position\":2,\"name\":\"9 av 10 it-akademiker vill jobba inom industrin\"}]},{\"@type\":\"WebSite\",\"@id\":\"https:\\\/\\\/framtidenskarriar.se\\\/itdata\\\/#website\",\"url\":\"https:\\\/\\\/framtidenskarriar.se\\\/itdata\\\/\",\"name\":\"Framtidens karri\u00e4r IT & Data\",\"description\":\"Just another NMDashboard.se Sites site\",\"potentialAction\":[{\"@type\":\"SearchAction\",\"target\":{\"@type\":\"EntryPoint\",\"urlTemplate\":\"https:\\\/\\\/framtidenskarriar.se\\\/itdata\\\/?s={search_term_string}\"},\"query-input\":{\"@type\":\"PropertyValueSpecification\",\"valueRequired\":true,\"valueName\":\"search_term_string\"}}],\"inLanguage\":\"sv-SE\"},{\"@type\":\"Person\",\"@id\":\"https:\\\/\\\/framtidenskarriar.se\\\/itdata\\\/#\\\/schema\\\/person\\\/c8a43eb855191e573b73ecf8987a3b99\",\"name\":\"stellanstal\",\"image\":{\"@type\":\"ImageObject\",\"inLanguage\":\"sv-SE\",\"@id\":\"https:\\\/\\\/secure.gravatar.com\\\/avatar\\\/cd330fa6bb17f598124b2068ee0b189e4fe0987a50af9d53b78410836060d0c9?s=96&d=mm&r=g\",\"url\":\"https:\\\/\\\/secure.gravatar.com\\\/avatar\\\/cd330fa6bb17f598124b2068ee0b189e4fe0987a50af9d53b78410836060d0c9?s=96&d=mm&r=g\",\"contentUrl\":\"https:\\\/\\\/secure.gravatar.com\\\/avatar\\\/cd330fa6bb17f598124b2068ee0b189e4fe0987a50af9d53b78410836060d0c9?s=96&d=mm&r=g\",\"caption\":\"stellanstal\"},\"url\":\"https:\\\/\\\/framtidenskarriar.se\\\/itdata\\\/author\\\/stellanstal\\\/\"}]}<\/script>\n<!-- \/ Yoast SEO plugin. -->","yoast_head_json":{"title":"9 av 10 it-akademiker vill jobba inom industrin - Framtidens karri\u00e4r IT & Data","robots":{"index":"index","follow":"follow","max-snippet":"max-snippet:-1","max-image-preview":"max-image-preview:large","max-video-preview":"max-video-preview:-1"},"canonical":"https:\/\/framtidenskarriar.se\/itdata\/2018\/02\/07\/9-av-10-it-akademiker-vill-jobba-inom-industrin\/","og_locale":"sv_SE","og_type":"article","og_title":"9 av 10 it-akademiker vill jobba inom industrin - Framtidens karri\u00e4r IT & Data","og_description":"Vi har kartlagt it-\/dataingenj\u00f6rers och systemvetares intresse av att jobba inom industrin och deras bed\u00f6mning...","og_url":"https:\/\/framtidenskarriar.se\/itdata\/2018\/02\/07\/9-av-10-it-akademiker-vill-jobba-inom-industrin\/","og_site_name":"Framtidens karri\u00e4r IT & Data","article_published_time":"2018-02-07T10:36:04+00:00","og_image":[{"width":1000,"height":397,"url":"https:\/\/framtidenskarriar.se\/itdata\/wp-content\/uploads\/sites\/13\/2018\/02\/industri2-graf1.png","type":"image\/png"}],"author":"stellanstal","twitter_card":"summary_large_image","twitter_misc":{"Skriven av":"stellanstal"},"schema":{"@context":"https:\/\/schema.org","@graph":[{"@type":"Article","@id":"https:\/\/framtidenskarriar.se\/itdata\/2018\/02\/07\/9-av-10-it-akademiker-vill-jobba-inom-industrin\/#article","isPartOf":{"@id":"https:\/\/framtidenskarriar.se\/itdata\/2018\/02\/07\/9-av-10-it-akademiker-vill-jobba-inom-industrin\/"},"author":{"name":"stellanstal","@id":"https:\/\/framtidenskarriar.se\/itdata\/#\/schema\/person\/c8a43eb855191e573b73ecf8987a3b99"},"headline":"9 av 10 it-akademiker vill jobba inom industrin","datePublished":"2018-02-07T10:36:04+00:00","mainEntityOfPage":{"@id":"https:\/\/framtidenskarriar.se\/itdata\/2018\/02\/07\/9-av-10-it-akademiker-vill-jobba-inom-industrin\/"},"wordCount":93,"image":{"@id":"https:\/\/framtidenskarriar.se\/itdata\/2018\/02\/07\/9-av-10-it-akademiker-vill-jobba-inom-industrin\/#primaryimage"},"thumbnailUrl":"https:\/\/framtidenskarriar.se\/itdata\/wp-content\/uploads\/sites\/13\/2018\/02\/industri2-graf1.png","keywords":["Digitalisering","Industri","Unders\u00f6kning"],"articleSection":["Artikel"],"inLanguage":"sv-SE"},{"@type":"WebPage","@id":"https:\/\/framtidenskarriar.se\/itdata\/2018\/02\/07\/9-av-10-it-akademiker-vill-jobba-inom-industrin\/","url":"https:\/\/framtidenskarriar.se\/itdata\/2018\/02\/07\/9-av-10-it-akademiker-vill-jobba-inom-industrin\/","name":"9 av 10 it-akademiker vill jobba inom industrin - Framtidens karri\u00e4r IT & Data","isPartOf":{"@id":"https:\/\/framtidenskarriar.se\/itdata\/#website"},"primaryImageOfPage":{"@id":"https:\/\/framtidenskarriar.se\/itdata\/2018\/02\/07\/9-av-10-it-akademiker-vill-jobba-inom-industrin\/#primaryimage"},"image":{"@id":"https:\/\/framtidenskarriar.se\/itdata\/2018\/02\/07\/9-av-10-it-akademiker-vill-jobba-inom-industrin\/#primaryimage"},"thumbnailUrl":"https:\/\/framtidenskarriar.se\/itdata\/wp-content\/uploads\/sites\/13\/2018\/02\/industri2-graf1.png","datePublished":"2018-02-07T10:36:04+00:00","author":{"@id":"https:\/\/framtidenskarriar.se\/itdata\/#\/schema\/person\/c8a43eb855191e573b73ecf8987a3b99"},"breadcrumb":{"@id":"https:\/\/framtidenskarriar.se\/itdata\/2018\/02\/07\/9-av-10-it-akademiker-vill-jobba-inom-industrin\/#breadcrumb"},"inLanguage":"sv-SE","potentialAction":[{"@type":"ReadAction","target":["https:\/\/framtidenskarriar.se\/itdata\/2018\/02\/07\/9-av-10-it-akademiker-vill-jobba-inom-industrin\/"]}]},{"@type":"ImageObject","inLanguage":"sv-SE","@id":"https:\/\/framtidenskarriar.se\/itdata\/2018\/02\/07\/9-av-10-it-akademiker-vill-jobba-inom-industrin\/#primaryimage","url":"https:\/\/framtidenskarriar.se\/itdata\/wp-content\/uploads\/sites\/13\/2018\/02\/industri2-graf1.png","contentUrl":"https:\/\/framtidenskarriar.se\/itdata\/wp-content\/uploads\/sites\/13\/2018\/02\/industri2-graf1.png","width":1000,"height":397},{"@type":"BreadcrumbList","@id":"https:\/\/framtidenskarriar.se\/itdata\/2018\/02\/07\/9-av-10-it-akademiker-vill-jobba-inom-industrin\/#breadcrumb","itemListElement":[{"@type":"ListItem","position":1,"name":"Home","item":"https:\/\/framtidenskarriar.se\/itdata\/"},{"@type":"ListItem","position":2,"name":"9 av 10 it-akademiker vill jobba inom industrin"}]},{"@type":"WebSite","@id":"https:\/\/framtidenskarriar.se\/itdata\/#website","url":"https:\/\/framtidenskarriar.se\/itdata\/","name":"Framtidens karri\u00e4r IT & Data","description":"Just another NMDashboard.se Sites site","potentialAction":[{"@type":"SearchAction","target":{"@type":"EntryPoint","urlTemplate":"https:\/\/framtidenskarriar.se\/itdata\/?s={search_term_string}"},"query-input":{"@type":"PropertyValueSpecification","valueRequired":true,"valueName":"search_term_string"}}],"inLanguage":"sv-SE"},{"@type":"Person","@id":"https:\/\/framtidenskarriar.se\/itdata\/#\/schema\/person\/c8a43eb855191e573b73ecf8987a3b99","name":"stellanstal","image":{"@type":"ImageObject","inLanguage":"sv-SE","@id":"https:\/\/secure.gravatar.com\/avatar\/cd330fa6bb17f598124b2068ee0b189e4fe0987a50af9d53b78410836060d0c9?s=96&d=mm&r=g","url":"https:\/\/secure.gravatar.com\/avatar\/cd330fa6bb17f598124b2068ee0b189e4fe0987a50af9d53b78410836060d0c9?s=96&d=mm&r=g","contentUrl":"https:\/\/secure.gravatar.com\/avatar\/cd330fa6bb17f598124b2068ee0b189e4fe0987a50af9d53b78410836060d0c9?s=96&d=mm&r=g","caption":"stellanstal"},"url":"https:\/\/framtidenskarriar.se\/itdata\/author\/stellanstal\/"}]}},"_links":{"self":[{"href":"https:\/\/framtidenskarriar.se\/itdata\/wp-json\/wp\/v2\/posts\/5648","targetHints":{"allow":["GET"]}}],"collection":[{"href":"https:\/\/framtidenskarriar.se\/itdata\/wp-json\/wp\/v2\/posts"}],"about":[{"href":"https:\/\/framtidenskarriar.se\/itdata\/wp-json\/wp\/v2\/types\/post"}],"author":[{"embeddable":true,"href":"https:\/\/framtidenskarriar.se\/itdata\/wp-json\/wp\/v2\/users\/3"}],"replies":[{"embeddable":true,"href":"https:\/\/framtidenskarriar.se\/itdata\/wp-json\/wp\/v2\/comments?post=5648"}],"version-history":[{"count":0,"href":"https:\/\/framtidenskarriar.se\/itdata\/wp-json\/wp\/v2\/posts\/5648\/revisions"}],"wp:featuredmedia":[{"embeddable":true,"href":"https:\/\/framtidenskarriar.se\/itdata\/wp-json\/wp\/v2\/media\/5649"}],"wp:attachment":[{"href":"https:\/\/framtidenskarriar.se\/itdata\/wp-json\/wp\/v2\/media?parent=5648"}],"wp:term":[{"taxonomy":"category","embeddable":true,"href":"https:\/\/framtidenskarriar.se\/itdata\/wp-json\/wp\/v2\/categories?post=5648"},{"taxonomy":"post_tag","embeddable":true,"href":"https:\/\/framtidenskarriar.se\/itdata\/wp-json\/wp\/v2\/tags?post=5648"}],"curies":[{"name":"wp","href":"https:\/\/api.w.org\/{rel}","templated":true}]}}