{"id":5653,"date":"2018-02-07T12:41:16","date_gmt":"2018-02-07T10:41:16","guid":{"rendered":"http:\/\/framtidenskarriar.se\/itdata\/?p=5653"},"modified":"2018-02-07T12:41:16","modified_gmt":"2018-02-07T10:41:16","slug":"digitaliseringen-omvandlar-industrins-kompetensbehov","status":"publish","type":"post","link":"https:\/\/framtidenskarriar.se\/itdata\/2018\/02\/07\/digitaliseringen-omvandlar-industrins-kompetensbehov\/","title":{"rendered":"Digitaliseringen omvandlar industrins kompetensbehov"},"content":{"rendered":"<p><figure id=\"attachment_5655\" aria-describedby=\"caption-attachment-5655\" style=\"width: 1000px\" class=\"wp-caption alignnone\"><img loading=\"lazy\" decoding=\"async\" src=\"https:\/\/framtidenskarriar.se\/itdata\/wp-content\/uploads\/sites\/13\/2018\/02\/industri-aeroindia-2017-pek3021.jpg\" alt=\"Foto: Saab AB\" width=\"1000\" height=\"533\" class=\"size-full wp-image-5655\" srcset=\"https:\/\/framtidenskarriar.se\/itdata\/wp-content\/uploads\/sites\/13\/2018\/02\/industri-aeroindia-2017-pek3021.jpg 1000w, https:\/\/framtidenskarriar.se\/itdata\/wp-content\/uploads\/sites\/13\/2018\/02\/industri-aeroindia-2017-pek3021-300x160.jpg 300w, https:\/\/framtidenskarriar.se\/itdata\/wp-content\/uploads\/sites\/13\/2018\/02\/industri-aeroindia-2017-pek3021-768x409.jpg 768w, https:\/\/framtidenskarriar.se\/itdata\/wp-content\/uploads\/sites\/13\/2018\/02\/industri-aeroindia-2017-pek3021-526x280.jpg 526w, https:\/\/framtidenskarriar.se\/itdata\/wp-content\/uploads\/sites\/13\/2018\/02\/industri-aeroindia-2017-pek3021-720x384.jpg 720w, https:\/\/framtidenskarriar.se\/itdata\/wp-content\/uploads\/sites\/13\/2018\/02\/industri-aeroindia-2017-pek3021-960x512.jpg 960w\" sizes=\"auto, (max-width: 1000px) 100vw, 1000px\" \/><figcaption id=\"caption-attachment-5655\" class=\"wp-caption-text\">Foto: Saab AB<\/figcaption><\/figure><strong>Nu har digitaliseringen b\u00f6rjat ta riktig fart inom industrin. Trots att den h\u00e4r mognaden har kommit hos f\u00f6retagen beh\u00f6ver de hj\u00e4lp, eftersom det \u00e4r fr\u00e5ga om stora f\u00f6r\u00e4ndringar som genomsyrar den totala verksamheten.<\/strong><\/p>\n<p><figure id=\"attachment_5654\" aria-describedby=\"caption-attachment-5654\" style=\"width: 150px\" class=\"wp-caption alignright\"><img loading=\"lazy\" decoding=\"async\" src=\"http:\/\/framtidenskarriar.se\/itdata\/wp-content\/uploads\/2018\/02\/industri_383092-ydreskog-lars-250x352.jpg\" alt=\"Lars Ydreskog, vice vd p\u00e5 Combitech AB.\" width=\"150\" height=\"211\" class=\"size-medium wp-image-5654\" \/><figcaption id=\"caption-attachment-5654\" class=\"wp-caption-text\">Lars Ydreskog, vice vd p\u00e5 Combitech AB.<\/figcaption><\/figure>Det betonar Lars Ydreskog, vice vd p\u00e5 Combitech AB, det obundna konsultbolaget inom Saab-koncernen med verksamhet inom teknik, milj\u00f6 och s\u00e4kerhet.<br \/>\n\u2013 Det har h\u00e4nt oerh\u00f6rt mycket med digitaliseringen inom industrin bara under det senaste \u00e5ret, s\u00e4ger han. F\u00f6retagen har mognat n\u00e4r det g\u00e4ller hur man ska anv\u00e4nda digitaliseringen f\u00f6r att utveckla nya produkter och tj\u00e4nster, och att m\u00f6jligg\u00f6ra en effektivare verksamhet.<br \/>\nLars Ydreskog kommer senast fr\u00e5n Saabs aff\u00e4rsomr\u00e5de Aeronautics d\u00e4r han var chef f\u00f6r Operations d\u00e4r bland annat stridsflygplanet Gripen har utvecklats. Han har varit den drivande kraften bakom Saabs arbete inom modellbaserade arbetss\u00e4tt och digitalisering.<br \/>\n\u2013 Den snabba utvecklingen inneb\u00e4r att vi har kommit ett steg f\u00f6rbi det som man kallar Industri 4.0. Det begreppet h\u00e4ngde n\u00e4ra samman med IoT och standarder kring hur maskiner, komponenter eller fordon ska kopplas upp.<\/p>\n<p><strong>Strategier f\u00f6r ekosystem<\/strong><br \/>\nIdag har m\u00e5nga f\u00f6retag skapat strategier f\u00f6r att bygga industriella ekosystem inom sina egna branscher.<br \/>\n\u2013 Ett konkret exempel fr\u00e5n media \u00e4r att taxitj\u00e4nsten Uber k\u00f6per upp till 24&nbsp;000 sj\u00e4lvk\u00f6rande bilar av Volvo. Volvo s\u00e4ljer allts\u00e5 inte bilar till privatpersoner utan ett ekosystem med sj\u00e4lvstyrande fordon.<br \/>\nArtificiell intelligens, AI, har en viktig roll i den h\u00e4r utvecklingen inom industrin.<br \/>\n\u2013 Det som m\u00f6jligg\u00f6r den v\u00e4xande anv\u00e4ndningen av AI idag \u00e4r i princip tv\u00e5 faktorer. Dels m\u00f6jligheten att f\u00e5 data distribuerad genom de tr\u00e5dl\u00f6sa systemen 3G, 4G och 5G. Dels utvecklingen av h\u00f6gpresterande och kostnadseffektiva processorer.<br \/>\nRedan runt \u00e5r 2000 pratade man om \u201dden nya ekonomin\u201d. D\u00e5 skulle m\u00e5nga stora industrif\u00f6retag anv\u00e4nda internet f\u00f6r att bygga nya produkter och tj\u00e4nster.<br \/>\n\u2013 De flesta av dessa projekt dog. Idag, 17 \u00e5r senare, har m\u00e5nga f\u00f6retag i princip samma vision. Skillnaden \u00e4r att nu kommer det faktiskt att h\u00e4nda. Men trots dagens mognad hos f\u00f6retagen \u00e4r det viktigt att f\u00f6rst\u00e5 att de beh\u00f6ver hj\u00e4lp, eftersom de st\u00e5r inf\u00f6r mycket stora f\u00f6r\u00e4ndringar som kommer att genomsyra den totala verksamheten, b\u00e5de tekniskt och kulturellt.<\/p>\n<p><strong>Kompetensf\u00f6rs\u00f6rjningen till industrin<\/strong><br \/>\nMot den h\u00e4r bakgrunden \u00e4r karri\u00e4rm\u00f6jligheterna f\u00f6r ingenj\u00f6rer mycket stora. Men det finns problem, inte minst med kompetensf\u00f6rs\u00f6rjningen till industrin \u2013 och de m\u00e5ste l\u00f6sas s\u00e5 fort som m\u00f6jligt.<br \/>\n\u2013 M\u00e5nga av de ingenj\u00f6rer som utexamineras idag fr\u00e5n traditionella ingenj\u00f6rsutbildningar vid h\u00f6gskolor och universitet har inte den profil som beh\u00f6vs f\u00f6r att utveckla de nya digitala produkterna och tj\u00e4nsterna. Samverkan mellan industri och universitet och h\u00f6gskolor \u00e4r avg\u00f6rande f\u00f6r att kunna utveckla den kompetens som beh\u00f6vs f\u00f6r att Sverige ska kunna vara ledande inom digitaliseringen, s\u00e4ger Lars Ydreskog. <\/p>\n","protected":false},"excerpt":{"rendered":"<p>Nu har digitaliseringen b\u00f6rjat ta riktig fart inom industrin. Trots att den h\u00e4r mognaden har&#8230;<\/p>\n","protected":false},"author":3,"featured_media":5655,"comment_status":"closed","ping_status":"open","sticky":false,"template":"","format":"standard","meta":{"_acf_changed":false,"_monsterinsights_skip_tracking":false,"_monsterinsights_sitenote_active":false,"_monsterinsights_sitenote_note":"","_monsterinsights_sitenote_category":0,"footnotes":""},"categories":[1],"tags":[11,12,13,62,104,110,111,117,152,223,257],"class_list":["post-5653","post","type-post","status-publish","format-standard","has-post-thumbnail","hentry","category-artikel","tag-3g","tag-4g","tag-5g","tag-digitalisering","tag-hogskolor","tag-industri","tag-industri-4-0","tag-ingenjor","tag-kompetensforsorjning","tag-samverkan","tag-universitet"],"acf":[],"yoast_head":"<!-- This site is optimized with the Yoast SEO plugin v27.3 - https:\/\/yoast.com\/product\/yoast-seo-wordpress\/ -->\n<title>Digitaliseringen omvandlar industrins kompetensbehov - Framtidens karri\u00e4r IT &amp; Data<\/title>\n<meta name=\"robots\" content=\"index, follow, max-snippet:-1, max-image-preview:large, max-video-preview:-1\" \/>\n<link rel=\"canonical\" href=\"https:\/\/framtidenskarriar.se\/itdata\/2018\/02\/07\/digitaliseringen-omvandlar-industrins-kompetensbehov\/\" \/>\n<meta property=\"og:locale\" content=\"sv_SE\" \/>\n<meta property=\"og:type\" content=\"article\" \/>\n<meta property=\"og:title\" content=\"Digitaliseringen omvandlar industrins kompetensbehov - Framtidens karri\u00e4r IT &amp; Data\" \/>\n<meta property=\"og:description\" content=\"Nu har digitaliseringen b\u00f6rjat ta riktig fart inom industrin. Trots att den h\u00e4r mognaden har...\" \/>\n<meta property=\"og:url\" content=\"https:\/\/framtidenskarriar.se\/itdata\/2018\/02\/07\/digitaliseringen-omvandlar-industrins-kompetensbehov\/\" \/>\n<meta property=\"og:site_name\" content=\"Framtidens karri\u00e4r IT &amp; Data\" \/>\n<meta property=\"article:published_time\" content=\"2018-02-07T10:41:16+00:00\" \/>\n<meta property=\"og:image\" content=\"https:\/\/framtidenskarriar.se\/itdata\/wp-content\/uploads\/sites\/13\/2018\/02\/industri-aeroindia-2017-pek3021.jpg\" \/>\n\t<meta property=\"og:image:width\" content=\"1000\" \/>\n\t<meta property=\"og:image:height\" content=\"533\" \/>\n\t<meta property=\"og:image:type\" content=\"image\/jpeg\" \/>\n<meta name=\"author\" content=\"stellanstal\" \/>\n<meta name=\"twitter:card\" content=\"summary_large_image\" \/>\n<meta name=\"twitter:label1\" content=\"Skriven av\" \/>\n\t<meta name=\"twitter:data1\" content=\"stellanstal\" \/>\n\t<meta name=\"twitter:label2\" content=\"Ber\u00e4knad l\u00e4stid\" \/>\n\t<meta name=\"twitter:data2\" content=\"3 minuter\" \/>\n<script type=\"application\/ld+json\" class=\"yoast-schema-graph\">{\"@context\":\"https:\\\/\\\/schema.org\",\"@graph\":[{\"@type\":\"Article\",\"@id\":\"https:\\\/\\\/framtidenskarriar.se\\\/itdata\\\/2018\\\/02\\\/07\\\/digitaliseringen-omvandlar-industrins-kompetensbehov\\\/#article\",\"isPartOf\":{\"@id\":\"https:\\\/\\\/framtidenskarriar.se\\\/itdata\\\/2018\\\/02\\\/07\\\/digitaliseringen-omvandlar-industrins-kompetensbehov\\\/\"},\"author\":{\"name\":\"stellanstal\",\"@id\":\"https:\\\/\\\/framtidenskarriar.se\\\/itdata\\\/#\\\/schema\\\/person\\\/c8a43eb855191e573b73ecf8987a3b99\"},\"headline\":\"Digitaliseringen omvandlar industrins kompetensbehov\",\"datePublished\":\"2018-02-07T10:41:16+00:00\",\"mainEntityOfPage\":{\"@id\":\"https:\\\/\\\/framtidenskarriar.se\\\/itdata\\\/2018\\\/02\\\/07\\\/digitaliseringen-omvandlar-industrins-kompetensbehov\\\/\"},\"wordCount\":551,\"image\":{\"@id\":\"https:\\\/\\\/framtidenskarriar.se\\\/itdata\\\/2018\\\/02\\\/07\\\/digitaliseringen-omvandlar-industrins-kompetensbehov\\\/#primaryimage\"},\"thumbnailUrl\":\"https:\\\/\\\/framtidenskarriar.se\\\/itdata\\\/wp-content\\\/uploads\\\/sites\\\/13\\\/2018\\\/02\\\/industri-aeroindia-2017-pek3021.jpg\",\"keywords\":[\"3G\",\"4G\",\"5G\",\"Digitalisering\",\"H\u00f6gskolor\",\"Industri\",\"Industri 4.0\",\"Ingenj\u00f6r\",\"Kompetensf\u00f6rs\u00f6rjning\",\"Samverkan\",\"Universitet\"],\"articleSection\":[\"Artikel\"],\"inLanguage\":\"sv-SE\"},{\"@type\":\"WebPage\",\"@id\":\"https:\\\/\\\/framtidenskarriar.se\\\/itdata\\\/2018\\\/02\\\/07\\\/digitaliseringen-omvandlar-industrins-kompetensbehov\\\/\",\"url\":\"https:\\\/\\\/framtidenskarriar.se\\\/itdata\\\/2018\\\/02\\\/07\\\/digitaliseringen-omvandlar-industrins-kompetensbehov\\\/\",\"name\":\"Digitaliseringen omvandlar industrins kompetensbehov - Framtidens karri\u00e4r IT & Data\",\"isPartOf\":{\"@id\":\"https:\\\/\\\/framtidenskarriar.se\\\/itdata\\\/#website\"},\"primaryImageOfPage\":{\"@id\":\"https:\\\/\\\/framtidenskarriar.se\\\/itdata\\\/2018\\\/02\\\/07\\\/digitaliseringen-omvandlar-industrins-kompetensbehov\\\/#primaryimage\"},\"image\":{\"@id\":\"https:\\\/\\\/framtidenskarriar.se\\\/itdata\\\/2018\\\/02\\\/07\\\/digitaliseringen-omvandlar-industrins-kompetensbehov\\\/#primaryimage\"},\"thumbnailUrl\":\"https:\\\/\\\/framtidenskarriar.se\\\/itdata\\\/wp-content\\\/uploads\\\/sites\\\/13\\\/2018\\\/02\\\/industri-aeroindia-2017-pek3021.jpg\",\"datePublished\":\"2018-02-07T10:41:16+00:00\",\"author\":{\"@id\":\"https:\\\/\\\/framtidenskarriar.se\\\/itdata\\\/#\\\/schema\\\/person\\\/c8a43eb855191e573b73ecf8987a3b99\"},\"breadcrumb\":{\"@id\":\"https:\\\/\\\/framtidenskarriar.se\\\/itdata\\\/2018\\\/02\\\/07\\\/digitaliseringen-omvandlar-industrins-kompetensbehov\\\/#breadcrumb\"},\"inLanguage\":\"sv-SE\",\"potentialAction\":[{\"@type\":\"ReadAction\",\"target\":[\"https:\\\/\\\/framtidenskarriar.se\\\/itdata\\\/2018\\\/02\\\/07\\\/digitaliseringen-omvandlar-industrins-kompetensbehov\\\/\"]}]},{\"@type\":\"ImageObject\",\"inLanguage\":\"sv-SE\",\"@id\":\"https:\\\/\\\/framtidenskarriar.se\\\/itdata\\\/2018\\\/02\\\/07\\\/digitaliseringen-omvandlar-industrins-kompetensbehov\\\/#primaryimage\",\"url\":\"https:\\\/\\\/framtidenskarriar.se\\\/itdata\\\/wp-content\\\/uploads\\\/sites\\\/13\\\/2018\\\/02\\\/industri-aeroindia-2017-pek3021.jpg\",\"contentUrl\":\"https:\\\/\\\/framtidenskarriar.se\\\/itdata\\\/wp-content\\\/uploads\\\/sites\\\/13\\\/2018\\\/02\\\/industri-aeroindia-2017-pek3021.jpg\",\"width\":1000,\"height\":533,\"caption\":\"Foto: Saab AB\"},{\"@type\":\"BreadcrumbList\",\"@id\":\"https:\\\/\\\/framtidenskarriar.se\\\/itdata\\\/2018\\\/02\\\/07\\\/digitaliseringen-omvandlar-industrins-kompetensbehov\\\/#breadcrumb\",\"itemListElement\":[{\"@type\":\"ListItem\",\"position\":1,\"name\":\"Home\",\"item\":\"https:\\\/\\\/framtidenskarriar.se\\\/itdata\\\/\"},{\"@type\":\"ListItem\",\"position\":2,\"name\":\"Digitaliseringen omvandlar industrins kompetensbehov\"}]},{\"@type\":\"WebSite\",\"@id\":\"https:\\\/\\\/framtidenskarriar.se\\\/itdata\\\/#website\",\"url\":\"https:\\\/\\\/framtidenskarriar.se\\\/itdata\\\/\",\"name\":\"Framtidens karri\u00e4r IT & Data\",\"description\":\"Just another NMDashboard.se Sites site\",\"potentialAction\":[{\"@type\":\"SearchAction\",\"target\":{\"@type\":\"EntryPoint\",\"urlTemplate\":\"https:\\\/\\\/framtidenskarriar.se\\\/itdata\\\/?s={search_term_string}\"},\"query-input\":{\"@type\":\"PropertyValueSpecification\",\"valueRequired\":true,\"valueName\":\"search_term_string\"}}],\"inLanguage\":\"sv-SE\"},{\"@type\":\"Person\",\"@id\":\"https:\\\/\\\/framtidenskarriar.se\\\/itdata\\\/#\\\/schema\\\/person\\\/c8a43eb855191e573b73ecf8987a3b99\",\"name\":\"stellanstal\",\"image\":{\"@type\":\"ImageObject\",\"inLanguage\":\"sv-SE\",\"@id\":\"https:\\\/\\\/secure.gravatar.com\\\/avatar\\\/cd330fa6bb17f598124b2068ee0b189e4fe0987a50af9d53b78410836060d0c9?s=96&d=mm&r=g\",\"url\":\"https:\\\/\\\/secure.gravatar.com\\\/avatar\\\/cd330fa6bb17f598124b2068ee0b189e4fe0987a50af9d53b78410836060d0c9?s=96&d=mm&r=g\",\"contentUrl\":\"https:\\\/\\\/secure.gravatar.com\\\/avatar\\\/cd330fa6bb17f598124b2068ee0b189e4fe0987a50af9d53b78410836060d0c9?s=96&d=mm&r=g\",\"caption\":\"stellanstal\"},\"url\":\"https:\\\/\\\/framtidenskarriar.se\\\/itdata\\\/author\\\/stellanstal\\\/\"}]}<\/script>\n<!-- \/ Yoast SEO plugin. -->","yoast_head_json":{"title":"Digitaliseringen omvandlar industrins kompetensbehov - Framtidens karri\u00e4r IT & Data","robots":{"index":"index","follow":"follow","max-snippet":"max-snippet:-1","max-image-preview":"max-image-preview:large","max-video-preview":"max-video-preview:-1"},"canonical":"https:\/\/framtidenskarriar.se\/itdata\/2018\/02\/07\/digitaliseringen-omvandlar-industrins-kompetensbehov\/","og_locale":"sv_SE","og_type":"article","og_title":"Digitaliseringen omvandlar industrins kompetensbehov - Framtidens karri\u00e4r IT & Data","og_description":"Nu har digitaliseringen b\u00f6rjat ta riktig fart inom industrin. Trots att den h\u00e4r mognaden har...","og_url":"https:\/\/framtidenskarriar.se\/itdata\/2018\/02\/07\/digitaliseringen-omvandlar-industrins-kompetensbehov\/","og_site_name":"Framtidens karri\u00e4r IT & Data","article_published_time":"2018-02-07T10:41:16+00:00","og_image":[{"width":1000,"height":533,"url":"https:\/\/framtidenskarriar.se\/itdata\/wp-content\/uploads\/sites\/13\/2018\/02\/industri-aeroindia-2017-pek3021.jpg","type":"image\/jpeg"}],"author":"stellanstal","twitter_card":"summary_large_image","twitter_misc":{"Skriven av":"stellanstal","Ber\u00e4knad l\u00e4stid":"3 minuter"},"schema":{"@context":"https:\/\/schema.org","@graph":[{"@type":"Article","@id":"https:\/\/framtidenskarriar.se\/itdata\/2018\/02\/07\/digitaliseringen-omvandlar-industrins-kompetensbehov\/#article","isPartOf":{"@id":"https:\/\/framtidenskarriar.se\/itdata\/2018\/02\/07\/digitaliseringen-omvandlar-industrins-kompetensbehov\/"},"author":{"name":"stellanstal","@id":"https:\/\/framtidenskarriar.se\/itdata\/#\/schema\/person\/c8a43eb855191e573b73ecf8987a3b99"},"headline":"Digitaliseringen omvandlar industrins kompetensbehov","datePublished":"2018-02-07T10:41:16+00:00","mainEntityOfPage":{"@id":"https:\/\/framtidenskarriar.se\/itdata\/2018\/02\/07\/digitaliseringen-omvandlar-industrins-kompetensbehov\/"},"wordCount":551,"image":{"@id":"https:\/\/framtidenskarriar.se\/itdata\/2018\/02\/07\/digitaliseringen-omvandlar-industrins-kompetensbehov\/#primaryimage"},"thumbnailUrl":"https:\/\/framtidenskarriar.se\/itdata\/wp-content\/uploads\/sites\/13\/2018\/02\/industri-aeroindia-2017-pek3021.jpg","keywords":["3G","4G","5G","Digitalisering","H\u00f6gskolor","Industri","Industri 4.0","Ingenj\u00f6r","Kompetensf\u00f6rs\u00f6rjning","Samverkan","Universitet"],"articleSection":["Artikel"],"inLanguage":"sv-SE"},{"@type":"WebPage","@id":"https:\/\/framtidenskarriar.se\/itdata\/2018\/02\/07\/digitaliseringen-omvandlar-industrins-kompetensbehov\/","url":"https:\/\/framtidenskarriar.se\/itdata\/2018\/02\/07\/digitaliseringen-omvandlar-industrins-kompetensbehov\/","name":"Digitaliseringen omvandlar industrins kompetensbehov - Framtidens karri\u00e4r IT & Data","isPartOf":{"@id":"https:\/\/framtidenskarriar.se\/itdata\/#website"},"primaryImageOfPage":{"@id":"https:\/\/framtidenskarriar.se\/itdata\/2018\/02\/07\/digitaliseringen-omvandlar-industrins-kompetensbehov\/#primaryimage"},"image":{"@id":"https:\/\/framtidenskarriar.se\/itdata\/2018\/02\/07\/digitaliseringen-omvandlar-industrins-kompetensbehov\/#primaryimage"},"thumbnailUrl":"https:\/\/framtidenskarriar.se\/itdata\/wp-content\/uploads\/sites\/13\/2018\/02\/industri-aeroindia-2017-pek3021.jpg","datePublished":"2018-02-07T10:41:16+00:00","author":{"@id":"https:\/\/framtidenskarriar.se\/itdata\/#\/schema\/person\/c8a43eb855191e573b73ecf8987a3b99"},"breadcrumb":{"@id":"https:\/\/framtidenskarriar.se\/itdata\/2018\/02\/07\/digitaliseringen-omvandlar-industrins-kompetensbehov\/#breadcrumb"},"inLanguage":"sv-SE","potentialAction":[{"@type":"ReadAction","target":["https:\/\/framtidenskarriar.se\/itdata\/2018\/02\/07\/digitaliseringen-omvandlar-industrins-kompetensbehov\/"]}]},{"@type":"ImageObject","inLanguage":"sv-SE","@id":"https:\/\/framtidenskarriar.se\/itdata\/2018\/02\/07\/digitaliseringen-omvandlar-industrins-kompetensbehov\/#primaryimage","url":"https:\/\/framtidenskarriar.se\/itdata\/wp-content\/uploads\/sites\/13\/2018\/02\/industri-aeroindia-2017-pek3021.jpg","contentUrl":"https:\/\/framtidenskarriar.se\/itdata\/wp-content\/uploads\/sites\/13\/2018\/02\/industri-aeroindia-2017-pek3021.jpg","width":1000,"height":533,"caption":"Foto: Saab AB"},{"@type":"BreadcrumbList","@id":"https:\/\/framtidenskarriar.se\/itdata\/2018\/02\/07\/digitaliseringen-omvandlar-industrins-kompetensbehov\/#breadcrumb","itemListElement":[{"@type":"ListItem","position":1,"name":"Home","item":"https:\/\/framtidenskarriar.se\/itdata\/"},{"@type":"ListItem","position":2,"name":"Digitaliseringen omvandlar industrins kompetensbehov"}]},{"@type":"WebSite","@id":"https:\/\/framtidenskarriar.se\/itdata\/#website","url":"https:\/\/framtidenskarriar.se\/itdata\/","name":"Framtidens karri\u00e4r IT & Data","description":"Just another NMDashboard.se Sites site","potentialAction":[{"@type":"SearchAction","target":{"@type":"EntryPoint","urlTemplate":"https:\/\/framtidenskarriar.se\/itdata\/?s={search_term_string}"},"query-input":{"@type":"PropertyValueSpecification","valueRequired":true,"valueName":"search_term_string"}}],"inLanguage":"sv-SE"},{"@type":"Person","@id":"https:\/\/framtidenskarriar.se\/itdata\/#\/schema\/person\/c8a43eb855191e573b73ecf8987a3b99","name":"stellanstal","image":{"@type":"ImageObject","inLanguage":"sv-SE","@id":"https:\/\/secure.gravatar.com\/avatar\/cd330fa6bb17f598124b2068ee0b189e4fe0987a50af9d53b78410836060d0c9?s=96&d=mm&r=g","url":"https:\/\/secure.gravatar.com\/avatar\/cd330fa6bb17f598124b2068ee0b189e4fe0987a50af9d53b78410836060d0c9?s=96&d=mm&r=g","contentUrl":"https:\/\/secure.gravatar.com\/avatar\/cd330fa6bb17f598124b2068ee0b189e4fe0987a50af9d53b78410836060d0c9?s=96&d=mm&r=g","caption":"stellanstal"},"url":"https:\/\/framtidenskarriar.se\/itdata\/author\/stellanstal\/"}]}},"_links":{"self":[{"href":"https:\/\/framtidenskarriar.se\/itdata\/wp-json\/wp\/v2\/posts\/5653","targetHints":{"allow":["GET"]}}],"collection":[{"href":"https:\/\/framtidenskarriar.se\/itdata\/wp-json\/wp\/v2\/posts"}],"about":[{"href":"https:\/\/framtidenskarriar.se\/itdata\/wp-json\/wp\/v2\/types\/post"}],"author":[{"embeddable":true,"href":"https:\/\/framtidenskarriar.se\/itdata\/wp-json\/wp\/v2\/users\/3"}],"replies":[{"embeddable":true,"href":"https:\/\/framtidenskarriar.se\/itdata\/wp-json\/wp\/v2\/comments?post=5653"}],"version-history":[{"count":0,"href":"https:\/\/framtidenskarriar.se\/itdata\/wp-json\/wp\/v2\/posts\/5653\/revisions"}],"wp:featuredmedia":[{"embeddable":true,"href":"https:\/\/framtidenskarriar.se\/itdata\/wp-json\/wp\/v2\/media\/5655"}],"wp:attachment":[{"href":"https:\/\/framtidenskarriar.se\/itdata\/wp-json\/wp\/v2\/media?parent=5653"}],"wp:term":[{"taxonomy":"category","embeddable":true,"href":"https:\/\/framtidenskarriar.se\/itdata\/wp-json\/wp\/v2\/categories?post=5653"},{"taxonomy":"post_tag","embeddable":true,"href":"https:\/\/framtidenskarriar.se\/itdata\/wp-json\/wp\/v2\/tags?post=5653"}],"curies":[{"name":"wp","href":"https:\/\/api.w.org\/{rel}","templated":true}]}}