{"id":5667,"date":"2018-02-07T13:02:21","date_gmt":"2018-02-07T11:02:21","guid":{"rendered":"http:\/\/framtidenskarriar.se\/itdata\/?p=5667"},"modified":"2018-02-07T13:02:21","modified_gmt":"2018-02-07T11:02:21","slug":"sakerhet-kraver-engagerad-ledning","status":"publish","type":"post","link":"https:\/\/framtidenskarriar.se\/itdata\/2018\/02\/07\/sakerhet-kraver-engagerad-ledning\/","title":{"rendered":"S\u00e4kerhet kr\u00e4ver engagerad ledning"},"content":{"rendered":"<p><figure id=\"attachment_5670\" aria-describedby=\"caption-attachment-5670\" style=\"width: 1000px\" class=\"wp-caption alignnone\"><img loading=\"lazy\" decoding=\"async\" src=\"https:\/\/framtidenskarriar.se\/itdata\/wp-content\/uploads\/sites\/13\/2018\/02\/sakerhet-palmqvistmsb.jpg\" alt=\"Margareta Palmqvist, chef f\u00f6r Enheten f\u00f6r systematiskt informationss\u00e4kerhetsarbete vid MSB.\" width=\"1000\" height=\"628\" class=\"size-full wp-image-5670\" srcset=\"https:\/\/framtidenskarriar.se\/itdata\/wp-content\/uploads\/sites\/13\/2018\/02\/sakerhet-palmqvistmsb.jpg 1000w, https:\/\/framtidenskarriar.se\/itdata\/wp-content\/uploads\/sites\/13\/2018\/02\/sakerhet-palmqvistmsb-300x188.jpg 300w, https:\/\/framtidenskarriar.se\/itdata\/wp-content\/uploads\/sites\/13\/2018\/02\/sakerhet-palmqvistmsb-768x482.jpg 768w, https:\/\/framtidenskarriar.se\/itdata\/wp-content\/uploads\/sites\/13\/2018\/02\/sakerhet-palmqvistmsb-255x160.jpg 255w, https:\/\/framtidenskarriar.se\/itdata\/wp-content\/uploads\/sites\/13\/2018\/02\/sakerhet-palmqvistmsb-526x330.jpg 526w, https:\/\/framtidenskarriar.se\/itdata\/wp-content\/uploads\/sites\/13\/2018\/02\/sakerhet-palmqvistmsb-720x452.jpg 720w, https:\/\/framtidenskarriar.se\/itdata\/wp-content\/uploads\/sites\/13\/2018\/02\/sakerhet-palmqvistmsb-960x603.jpg 960w\" sizes=\"auto, (max-width: 1000px) 100vw, 1000px\" \/><figcaption id=\"caption-attachment-5670\" class=\"wp-caption-text\">Margareta Palmqvist, chef f\u00f6r Enheten f\u00f6r systematiskt informationss\u00e4kerhetsarbete vid MSB.<\/figcaption><\/figure><strong>En engagerad ledning \u00e4r f\u00f6ruts\u00e4ttningen f\u00f6r \u00f6kad s\u00e4kerhet och bra s\u00e4kerhetsarbete i alla organisationer. Det h\u00e4vdar Margareta Palmqvist, som \u00e4r enhetschef p\u00e5 Myndigheten f\u00f6r samh\u00e4llsskydd och beredskap, MSB.<\/strong><\/p>\n<p>Hennes p\u00e5st\u00e5ende har st\u00f6d i myndighetens egen unders\u00f6kning och i en unders\u00f6kning som gjorts av tidningen Framtidens Karri\u00e4r \u2013 It &amp; Data 2018. Av den unders\u00f6kningen som gjorts bland tidningens l\u00e4sare, som \u00e4r yrkesverksamma ingenj\u00f6rer i it-branschen och systemvetare, framg\u00e5r att 52 procent av de tillfr\u00e5gade anser att statliga myndigheter har ganska l\u00e5gt eller mycket l\u00e5gt skydd och beredskap mot dataintr\u00e5ng.<br \/>\nAv unders\u00f6kningen framg\u00e5r ocks\u00e5 att 75 procent av it- eller dataingenj\u00f6rer och systemvetare anser att kunskapen i ledningsgrupper i stora f\u00f6retag och offentliga organisationer \u00e4r ganska liten eller mycket liten. <\/p>\n<p><strong>Ledningen har stort ansvar<\/strong><br \/>\nMargareta Palmqvist, vars formella titel \u00e4r chef f\u00f6r Enheten f\u00f6r systematiskt informationss\u00e4kerhetsarbete vid MSB, \u00e4r inte f\u00f6rv\u00e5nad \u00f6ver resultatet i unders\u00f6kningen.<br \/>\n\u2013 V\u00e5r egen unders\u00f6kning fr\u00e5n 2014 uppvisar ett liknande resultat. Ett resultat som inte \u00e4r s\u00e5 bra som man skulle \u00f6nska, s\u00e4ger Margareta Palmqvist.<br \/>\nHon pekar framf\u00f6r allt p\u00e5 brister hos ledningarna, som den fr\u00e4msta orsaken till brister i s\u00e4kerhet och i s\u00e4kerhetsarbetet.<br \/>\n\u2013 Ledningen m\u00e5ste tydligg\u00f6ra roller i s\u00e4kerhetsarbetet och ge tillr\u00e4ckligt med resurser. Dessutom m\u00e5ste ledningen ge resurser f\u00f6r kompetensutveckling i de h\u00e4r fr\u00e5gorna.<\/p>\n<p><strong>Utvecklar metodst\u00f6d f\u00f6r alla<\/strong><br \/>\nFlera statliga myndigheter har samlat v\u00e4gledning p\u00e5 den gemensamma hemsidan, <a href=\"http:\/\/www.informationss\u00e4kerhet.se\" rel=\"noopener noreferrer\" target=\"_blank\">www.informationss\u00e4kerhet.se<\/a>. H\u00e4r finns m\u00e4ngder av kunskap att h\u00e4mta f\u00f6r den som vill f\u00f6rb\u00e4ttra informationss\u00e4kerheten.<br \/>\n\u2013 Snart lanserar vi ocks\u00e5 det vi kallar metodst\u00f6d f\u00f6r informationss\u00e4kerhetsarbetet och det riktar sig till b\u00e5de myndigheter och privata organisationer. Det h\u00e4r metodst\u00f6det kommer att uppgraderas kontinuerligt och h\u00e4r kan man f\u00e5 hj\u00e4lp oberoende av var man befinner sig i det arbetet.<br \/>\n\u00c4ven h\u00e4r framh\u00e5ller man vikten av ledningens engagemang.<br \/>\n\u2013 Ledningen m\u00e5ste skapa f\u00f6ruts\u00e4ttningar f\u00f6r arbete med s\u00e4kerheten och att integrera dem med andra fr\u00e5gor. Det kan till exempel vara att integrera dem i kvalitetsarbetet eller att anv\u00e4nda organisationens metod f\u00f6r riskanalys.<br \/>\nHon framh\u00e5ller ocks\u00e5 vikten av att \u00e5terkommande g\u00f6ra omv\u00e4rldsanalyser.<br \/>\n\u2013 Hotbilden som finns \u00e4r f\u00f6r\u00e4nderlig och nya hot tillkommer st\u00e4ndigt.<\/p>\n<div class=\"faktaruta2-title\">Hur stor kunskap anser du att ledningsgrupper i stora f\u00f6retag och offentliga organisationer i Sverige har om data- och informationss\u00e4kerhet?<\/div><div class=\"faktaruta2\"><img loading=\"lazy\" decoding=\"async\" src=\"https:\/\/framtidenskarriar.se\/itdata\/wp-content\/uploads\/sites\/13\/2018\/02\/sakerhet-graf1.png\" alt=\"\" width=\"1000\" height=\"383\" class=\"alignnone size-full wp-image-5668\" srcset=\"https:\/\/framtidenskarriar.se\/itdata\/wp-content\/uploads\/sites\/13\/2018\/02\/sakerhet-graf1.png 1000w, https:\/\/framtidenskarriar.se\/itdata\/wp-content\/uploads\/sites\/13\/2018\/02\/sakerhet-graf1-300x115.png 300w, https:\/\/framtidenskarriar.se\/itdata\/wp-content\/uploads\/sites\/13\/2018\/02\/sakerhet-graf1-768x294.png 768w, https:\/\/framtidenskarriar.se\/itdata\/wp-content\/uploads\/sites\/13\/2018\/02\/sakerhet-graf1-418x160.png 418w, https:\/\/framtidenskarriar.se\/itdata\/wp-content\/uploads\/sites\/13\/2018\/02\/sakerhet-graf1-526x201.png 526w, https:\/\/framtidenskarriar.se\/itdata\/wp-content\/uploads\/sites\/13\/2018\/02\/sakerhet-graf1-720x276.png 720w, https:\/\/framtidenskarriar.se\/itdata\/wp-content\/uploads\/sites\/13\/2018\/02\/sakerhet-graf1-960x368.png 960w\" sizes=\"auto, (max-width: 1000px) 100vw, 1000px\" \/><br \/>\n<\/div>\n<div class=\"faktaruta2-title\">Hur bra skydd och beredskap anser du att statliga myndigheter har mot dataintr\u00e5ng?<\/div><div class=\"faktaruta2\"><img loading=\"lazy\" decoding=\"async\" src=\"https:\/\/framtidenskarriar.se\/itdata\/wp-content\/uploads\/sites\/13\/2018\/02\/sakerhet-graf2.png\" alt=\"\" width=\"1000\" height=\"354\" class=\"alignnone size-full wp-image-5669\" srcset=\"https:\/\/framtidenskarriar.se\/itdata\/wp-content\/uploads\/sites\/13\/2018\/02\/sakerhet-graf2.png 1000w, https:\/\/framtidenskarriar.se\/itdata\/wp-content\/uploads\/sites\/13\/2018\/02\/sakerhet-graf2-300x106.png 300w, https:\/\/framtidenskarriar.se\/itdata\/wp-content\/uploads\/sites\/13\/2018\/02\/sakerhet-graf2-768x272.png 768w, https:\/\/framtidenskarriar.se\/itdata\/wp-content\/uploads\/sites\/13\/2018\/02\/sakerhet-graf2-452x160.png 452w, https:\/\/framtidenskarriar.se\/itdata\/wp-content\/uploads\/sites\/13\/2018\/02\/sakerhet-graf2-526x186.png 526w, https:\/\/framtidenskarriar.se\/itdata\/wp-content\/uploads\/sites\/13\/2018\/02\/sakerhet-graf2-720x255.png 720w, https:\/\/framtidenskarriar.se\/itdata\/wp-content\/uploads\/sites\/13\/2018\/02\/sakerhet-graf2-960x340.png 960w\" sizes=\"auto, (max-width: 1000px) 100vw, 1000px\" \/><br \/>\n<\/div>\n","protected":false},"excerpt":{"rendered":"<p>En engagerad ledning \u00e4r f\u00f6ruts\u00e4ttningen f\u00f6r \u00f6kad s\u00e4kerhet och bra s\u00e4kerhetsarbete i alla organisationer. Det&#8230;<\/p>\n","protected":false},"author":3,"featured_media":5670,"comment_status":"closed","ping_status":"open","sticky":false,"template":"","format":"standard","meta":{"_acf_changed":false,"_monsterinsights_skip_tracking":false,"_monsterinsights_sitenote_active":false,"_monsterinsights_sitenote_note":"","_monsterinsights_sitenote_category":0,"footnotes":""},"categories":[1],"tags":[53,115,180,181,214,241,255],"class_list":["post-5667","post","type-post","status-publish","format-standard","has-post-thumbnail","hentry","category-artikel","tag-dataintrang","tag-informationssakerhet","tag-msb","tag-myndighet","tag-sakerhet","tag-statligt","tag-undersokning"],"acf":[],"yoast_head":"<!-- This site is optimized with the Yoast SEO plugin v27.3 - https:\/\/yoast.com\/product\/yoast-seo-wordpress\/ -->\n<title>S\u00e4kerhet kr\u00e4ver engagerad ledning - Framtidens karri\u00e4r IT &amp; Data<\/title>\n<meta name=\"robots\" content=\"index, follow, max-snippet:-1, max-image-preview:large, max-video-preview:-1\" \/>\n<link rel=\"canonical\" href=\"https:\/\/framtidenskarriar.se\/itdata\/2018\/02\/07\/sakerhet-kraver-engagerad-ledning\/\" \/>\n<meta property=\"og:locale\" content=\"sv_SE\" \/>\n<meta property=\"og:type\" content=\"article\" \/>\n<meta property=\"og:title\" content=\"S\u00e4kerhet kr\u00e4ver engagerad ledning - Framtidens karri\u00e4r IT &amp; Data\" \/>\n<meta property=\"og:description\" content=\"En engagerad ledning \u00e4r f\u00f6ruts\u00e4ttningen f\u00f6r \u00f6kad s\u00e4kerhet och bra s\u00e4kerhetsarbete i alla organisationer. Det...\" \/>\n<meta property=\"og:url\" content=\"https:\/\/framtidenskarriar.se\/itdata\/2018\/02\/07\/sakerhet-kraver-engagerad-ledning\/\" \/>\n<meta property=\"og:site_name\" content=\"Framtidens karri\u00e4r IT &amp; Data\" \/>\n<meta property=\"article:published_time\" content=\"2018-02-07T11:02:21+00:00\" \/>\n<meta property=\"og:image\" content=\"https:\/\/framtidenskarriar.se\/itdata\/wp-content\/uploads\/sites\/13\/2018\/02\/sakerhet-palmqvistmsb.jpg\" \/>\n\t<meta property=\"og:image:width\" content=\"1000\" \/>\n\t<meta property=\"og:image:height\" content=\"628\" \/>\n\t<meta property=\"og:image:type\" content=\"image\/jpeg\" \/>\n<meta name=\"author\" content=\"stellanstal\" \/>\n<meta name=\"twitter:card\" content=\"summary_large_image\" \/>\n<meta name=\"twitter:label1\" content=\"Skriven av\" \/>\n\t<meta name=\"twitter:data1\" content=\"stellanstal\" \/>\n\t<meta name=\"twitter:label2\" content=\"Ber\u00e4knad l\u00e4stid\" \/>\n\t<meta name=\"twitter:data2\" content=\"2 minuter\" \/>\n<script type=\"application\/ld+json\" class=\"yoast-schema-graph\">{\"@context\":\"https:\\\/\\\/schema.org\",\"@graph\":[{\"@type\":\"Article\",\"@id\":\"https:\\\/\\\/framtidenskarriar.se\\\/itdata\\\/2018\\\/02\\\/07\\\/sakerhet-kraver-engagerad-ledning\\\/#article\",\"isPartOf\":{\"@id\":\"https:\\\/\\\/framtidenskarriar.se\\\/itdata\\\/2018\\\/02\\\/07\\\/sakerhet-kraver-engagerad-ledning\\\/\"},\"author\":{\"name\":\"stellanstal\",\"@id\":\"https:\\\/\\\/framtidenskarriar.se\\\/itdata\\\/#\\\/schema\\\/person\\\/c8a43eb855191e573b73ecf8987a3b99\"},\"headline\":\"S\u00e4kerhet kr\u00e4ver engagerad ledning\",\"datePublished\":\"2018-02-07T11:02:21+00:00\",\"mainEntityOfPage\":{\"@id\":\"https:\\\/\\\/framtidenskarriar.se\\\/itdata\\\/2018\\\/02\\\/07\\\/sakerhet-kraver-engagerad-ledning\\\/\"},\"wordCount\":485,\"image\":{\"@id\":\"https:\\\/\\\/framtidenskarriar.se\\\/itdata\\\/2018\\\/02\\\/07\\\/sakerhet-kraver-engagerad-ledning\\\/#primaryimage\"},\"thumbnailUrl\":\"https:\\\/\\\/framtidenskarriar.se\\\/itdata\\\/wp-content\\\/uploads\\\/sites\\\/13\\\/2018\\\/02\\\/sakerhet-palmqvistmsb.jpg\",\"keywords\":[\"Dataintr\u00e5ng\",\"Informationss\u00e4kerhet\",\"MSB\",\"Myndighet\",\"S\u00e4kerhet\",\"Statligt\",\"Unders\u00f6kning\"],\"articleSection\":[\"Artikel\"],\"inLanguage\":\"sv-SE\"},{\"@type\":\"WebPage\",\"@id\":\"https:\\\/\\\/framtidenskarriar.se\\\/itdata\\\/2018\\\/02\\\/07\\\/sakerhet-kraver-engagerad-ledning\\\/\",\"url\":\"https:\\\/\\\/framtidenskarriar.se\\\/itdata\\\/2018\\\/02\\\/07\\\/sakerhet-kraver-engagerad-ledning\\\/\",\"name\":\"S\u00e4kerhet kr\u00e4ver engagerad ledning - Framtidens karri\u00e4r IT & Data\",\"isPartOf\":{\"@id\":\"https:\\\/\\\/framtidenskarriar.se\\\/itdata\\\/#website\"},\"primaryImageOfPage\":{\"@id\":\"https:\\\/\\\/framtidenskarriar.se\\\/itdata\\\/2018\\\/02\\\/07\\\/sakerhet-kraver-engagerad-ledning\\\/#primaryimage\"},\"image\":{\"@id\":\"https:\\\/\\\/framtidenskarriar.se\\\/itdata\\\/2018\\\/02\\\/07\\\/sakerhet-kraver-engagerad-ledning\\\/#primaryimage\"},\"thumbnailUrl\":\"https:\\\/\\\/framtidenskarriar.se\\\/itdata\\\/wp-content\\\/uploads\\\/sites\\\/13\\\/2018\\\/02\\\/sakerhet-palmqvistmsb.jpg\",\"datePublished\":\"2018-02-07T11:02:21+00:00\",\"author\":{\"@id\":\"https:\\\/\\\/framtidenskarriar.se\\\/itdata\\\/#\\\/schema\\\/person\\\/c8a43eb855191e573b73ecf8987a3b99\"},\"breadcrumb\":{\"@id\":\"https:\\\/\\\/framtidenskarriar.se\\\/itdata\\\/2018\\\/02\\\/07\\\/sakerhet-kraver-engagerad-ledning\\\/#breadcrumb\"},\"inLanguage\":\"sv-SE\",\"potentialAction\":[{\"@type\":\"ReadAction\",\"target\":[\"https:\\\/\\\/framtidenskarriar.se\\\/itdata\\\/2018\\\/02\\\/07\\\/sakerhet-kraver-engagerad-ledning\\\/\"]}]},{\"@type\":\"ImageObject\",\"inLanguage\":\"sv-SE\",\"@id\":\"https:\\\/\\\/framtidenskarriar.se\\\/itdata\\\/2018\\\/02\\\/07\\\/sakerhet-kraver-engagerad-ledning\\\/#primaryimage\",\"url\":\"https:\\\/\\\/framtidenskarriar.se\\\/itdata\\\/wp-content\\\/uploads\\\/sites\\\/13\\\/2018\\\/02\\\/sakerhet-palmqvistmsb.jpg\",\"contentUrl\":\"https:\\\/\\\/framtidenskarriar.se\\\/itdata\\\/wp-content\\\/uploads\\\/sites\\\/13\\\/2018\\\/02\\\/sakerhet-palmqvistmsb.jpg\",\"width\":1000,\"height\":628,\"caption\":\"Margareta Palmqvist, chef f\u00f6r Enheten f\u00f6r systematiskt informationss\u00e4kerhetsarbete vid MSB.\"},{\"@type\":\"BreadcrumbList\",\"@id\":\"https:\\\/\\\/framtidenskarriar.se\\\/itdata\\\/2018\\\/02\\\/07\\\/sakerhet-kraver-engagerad-ledning\\\/#breadcrumb\",\"itemListElement\":[{\"@type\":\"ListItem\",\"position\":1,\"name\":\"Home\",\"item\":\"https:\\\/\\\/framtidenskarriar.se\\\/itdata\\\/\"},{\"@type\":\"ListItem\",\"position\":2,\"name\":\"S\u00e4kerhet kr\u00e4ver engagerad ledning\"}]},{\"@type\":\"WebSite\",\"@id\":\"https:\\\/\\\/framtidenskarriar.se\\\/itdata\\\/#website\",\"url\":\"https:\\\/\\\/framtidenskarriar.se\\\/itdata\\\/\",\"name\":\"Framtidens karri\u00e4r IT & Data\",\"description\":\"Just another NMDashboard.se Sites site\",\"potentialAction\":[{\"@type\":\"SearchAction\",\"target\":{\"@type\":\"EntryPoint\",\"urlTemplate\":\"https:\\\/\\\/framtidenskarriar.se\\\/itdata\\\/?s={search_term_string}\"},\"query-input\":{\"@type\":\"PropertyValueSpecification\",\"valueRequired\":true,\"valueName\":\"search_term_string\"}}],\"inLanguage\":\"sv-SE\"},{\"@type\":\"Person\",\"@id\":\"https:\\\/\\\/framtidenskarriar.se\\\/itdata\\\/#\\\/schema\\\/person\\\/c8a43eb855191e573b73ecf8987a3b99\",\"name\":\"stellanstal\",\"image\":{\"@type\":\"ImageObject\",\"inLanguage\":\"sv-SE\",\"@id\":\"https:\\\/\\\/secure.gravatar.com\\\/avatar\\\/cd330fa6bb17f598124b2068ee0b189e4fe0987a50af9d53b78410836060d0c9?s=96&d=mm&r=g\",\"url\":\"https:\\\/\\\/secure.gravatar.com\\\/avatar\\\/cd330fa6bb17f598124b2068ee0b189e4fe0987a50af9d53b78410836060d0c9?s=96&d=mm&r=g\",\"contentUrl\":\"https:\\\/\\\/secure.gravatar.com\\\/avatar\\\/cd330fa6bb17f598124b2068ee0b189e4fe0987a50af9d53b78410836060d0c9?s=96&d=mm&r=g\",\"caption\":\"stellanstal\"},\"url\":\"https:\\\/\\\/framtidenskarriar.se\\\/itdata\\\/author\\\/stellanstal\\\/\"}]}<\/script>\n<!-- \/ Yoast SEO plugin. -->","yoast_head_json":{"title":"S\u00e4kerhet kr\u00e4ver engagerad ledning - Framtidens karri\u00e4r IT & Data","robots":{"index":"index","follow":"follow","max-snippet":"max-snippet:-1","max-image-preview":"max-image-preview:large","max-video-preview":"max-video-preview:-1"},"canonical":"https:\/\/framtidenskarriar.se\/itdata\/2018\/02\/07\/sakerhet-kraver-engagerad-ledning\/","og_locale":"sv_SE","og_type":"article","og_title":"S\u00e4kerhet kr\u00e4ver engagerad ledning - Framtidens karri\u00e4r IT & Data","og_description":"En engagerad ledning \u00e4r f\u00f6ruts\u00e4ttningen f\u00f6r \u00f6kad s\u00e4kerhet och bra s\u00e4kerhetsarbete i alla organisationer. Det...","og_url":"https:\/\/framtidenskarriar.se\/itdata\/2018\/02\/07\/sakerhet-kraver-engagerad-ledning\/","og_site_name":"Framtidens karri\u00e4r IT & Data","article_published_time":"2018-02-07T11:02:21+00:00","og_image":[{"width":1000,"height":628,"url":"https:\/\/framtidenskarriar.se\/itdata\/wp-content\/uploads\/sites\/13\/2018\/02\/sakerhet-palmqvistmsb.jpg","type":"image\/jpeg"}],"author":"stellanstal","twitter_card":"summary_large_image","twitter_misc":{"Skriven av":"stellanstal","Ber\u00e4knad l\u00e4stid":"2 minuter"},"schema":{"@context":"https:\/\/schema.org","@graph":[{"@type":"Article","@id":"https:\/\/framtidenskarriar.se\/itdata\/2018\/02\/07\/sakerhet-kraver-engagerad-ledning\/#article","isPartOf":{"@id":"https:\/\/framtidenskarriar.se\/itdata\/2018\/02\/07\/sakerhet-kraver-engagerad-ledning\/"},"author":{"name":"stellanstal","@id":"https:\/\/framtidenskarriar.se\/itdata\/#\/schema\/person\/c8a43eb855191e573b73ecf8987a3b99"},"headline":"S\u00e4kerhet kr\u00e4ver engagerad ledning","datePublished":"2018-02-07T11:02:21+00:00","mainEntityOfPage":{"@id":"https:\/\/framtidenskarriar.se\/itdata\/2018\/02\/07\/sakerhet-kraver-engagerad-ledning\/"},"wordCount":485,"image":{"@id":"https:\/\/framtidenskarriar.se\/itdata\/2018\/02\/07\/sakerhet-kraver-engagerad-ledning\/#primaryimage"},"thumbnailUrl":"https:\/\/framtidenskarriar.se\/itdata\/wp-content\/uploads\/sites\/13\/2018\/02\/sakerhet-palmqvistmsb.jpg","keywords":["Dataintr\u00e5ng","Informationss\u00e4kerhet","MSB","Myndighet","S\u00e4kerhet","Statligt","Unders\u00f6kning"],"articleSection":["Artikel"],"inLanguage":"sv-SE"},{"@type":"WebPage","@id":"https:\/\/framtidenskarriar.se\/itdata\/2018\/02\/07\/sakerhet-kraver-engagerad-ledning\/","url":"https:\/\/framtidenskarriar.se\/itdata\/2018\/02\/07\/sakerhet-kraver-engagerad-ledning\/","name":"S\u00e4kerhet kr\u00e4ver engagerad ledning - Framtidens karri\u00e4r IT & Data","isPartOf":{"@id":"https:\/\/framtidenskarriar.se\/itdata\/#website"},"primaryImageOfPage":{"@id":"https:\/\/framtidenskarriar.se\/itdata\/2018\/02\/07\/sakerhet-kraver-engagerad-ledning\/#primaryimage"},"image":{"@id":"https:\/\/framtidenskarriar.se\/itdata\/2018\/02\/07\/sakerhet-kraver-engagerad-ledning\/#primaryimage"},"thumbnailUrl":"https:\/\/framtidenskarriar.se\/itdata\/wp-content\/uploads\/sites\/13\/2018\/02\/sakerhet-palmqvistmsb.jpg","datePublished":"2018-02-07T11:02:21+00:00","author":{"@id":"https:\/\/framtidenskarriar.se\/itdata\/#\/schema\/person\/c8a43eb855191e573b73ecf8987a3b99"},"breadcrumb":{"@id":"https:\/\/framtidenskarriar.se\/itdata\/2018\/02\/07\/sakerhet-kraver-engagerad-ledning\/#breadcrumb"},"inLanguage":"sv-SE","potentialAction":[{"@type":"ReadAction","target":["https:\/\/framtidenskarriar.se\/itdata\/2018\/02\/07\/sakerhet-kraver-engagerad-ledning\/"]}]},{"@type":"ImageObject","inLanguage":"sv-SE","@id":"https:\/\/framtidenskarriar.se\/itdata\/2018\/02\/07\/sakerhet-kraver-engagerad-ledning\/#primaryimage","url":"https:\/\/framtidenskarriar.se\/itdata\/wp-content\/uploads\/sites\/13\/2018\/02\/sakerhet-palmqvistmsb.jpg","contentUrl":"https:\/\/framtidenskarriar.se\/itdata\/wp-content\/uploads\/sites\/13\/2018\/02\/sakerhet-palmqvistmsb.jpg","width":1000,"height":628,"caption":"Margareta Palmqvist, chef f\u00f6r Enheten f\u00f6r systematiskt informationss\u00e4kerhetsarbete vid MSB."},{"@type":"BreadcrumbList","@id":"https:\/\/framtidenskarriar.se\/itdata\/2018\/02\/07\/sakerhet-kraver-engagerad-ledning\/#breadcrumb","itemListElement":[{"@type":"ListItem","position":1,"name":"Home","item":"https:\/\/framtidenskarriar.se\/itdata\/"},{"@type":"ListItem","position":2,"name":"S\u00e4kerhet kr\u00e4ver engagerad ledning"}]},{"@type":"WebSite","@id":"https:\/\/framtidenskarriar.se\/itdata\/#website","url":"https:\/\/framtidenskarriar.se\/itdata\/","name":"Framtidens karri\u00e4r IT & Data","description":"Just another NMDashboard.se Sites site","potentialAction":[{"@type":"SearchAction","target":{"@type":"EntryPoint","urlTemplate":"https:\/\/framtidenskarriar.se\/itdata\/?s={search_term_string}"},"query-input":{"@type":"PropertyValueSpecification","valueRequired":true,"valueName":"search_term_string"}}],"inLanguage":"sv-SE"},{"@type":"Person","@id":"https:\/\/framtidenskarriar.se\/itdata\/#\/schema\/person\/c8a43eb855191e573b73ecf8987a3b99","name":"stellanstal","image":{"@type":"ImageObject","inLanguage":"sv-SE","@id":"https:\/\/secure.gravatar.com\/avatar\/cd330fa6bb17f598124b2068ee0b189e4fe0987a50af9d53b78410836060d0c9?s=96&d=mm&r=g","url":"https:\/\/secure.gravatar.com\/avatar\/cd330fa6bb17f598124b2068ee0b189e4fe0987a50af9d53b78410836060d0c9?s=96&d=mm&r=g","contentUrl":"https:\/\/secure.gravatar.com\/avatar\/cd330fa6bb17f598124b2068ee0b189e4fe0987a50af9d53b78410836060d0c9?s=96&d=mm&r=g","caption":"stellanstal"},"url":"https:\/\/framtidenskarriar.se\/itdata\/author\/stellanstal\/"}]}},"_links":{"self":[{"href":"https:\/\/framtidenskarriar.se\/itdata\/wp-json\/wp\/v2\/posts\/5667","targetHints":{"allow":["GET"]}}],"collection":[{"href":"https:\/\/framtidenskarriar.se\/itdata\/wp-json\/wp\/v2\/posts"}],"about":[{"href":"https:\/\/framtidenskarriar.se\/itdata\/wp-json\/wp\/v2\/types\/post"}],"author":[{"embeddable":true,"href":"https:\/\/framtidenskarriar.se\/itdata\/wp-json\/wp\/v2\/users\/3"}],"replies":[{"embeddable":true,"href":"https:\/\/framtidenskarriar.se\/itdata\/wp-json\/wp\/v2\/comments?post=5667"}],"version-history":[{"count":0,"href":"https:\/\/framtidenskarriar.se\/itdata\/wp-json\/wp\/v2\/posts\/5667\/revisions"}],"wp:featuredmedia":[{"embeddable":true,"href":"https:\/\/framtidenskarriar.se\/itdata\/wp-json\/wp\/v2\/media\/5670"}],"wp:attachment":[{"href":"https:\/\/framtidenskarriar.se\/itdata\/wp-json\/wp\/v2\/media?parent=5667"}],"wp:term":[{"taxonomy":"category","embeddable":true,"href":"https:\/\/framtidenskarriar.se\/itdata\/wp-json\/wp\/v2\/categories?post=5667"},{"taxonomy":"post_tag","embeddable":true,"href":"https:\/\/framtidenskarriar.se\/itdata\/wp-json\/wp\/v2\/tags?post=5667"}],"curies":[{"name":"wp","href":"https:\/\/api.w.org\/{rel}","templated":true}]}}