{"id":5673,"date":"2018-02-07T13:05:23","date_gmt":"2018-02-07T11:05:23","guid":{"rendered":"http:\/\/framtidenskarriar.se\/itdata\/?p=5673"},"modified":"2018-02-07T13:05:23","modified_gmt":"2018-02-07T11:05:23","slug":"han-tog-chansen-att-vara-med-fran-borjan","status":"publish","type":"post","link":"https:\/\/framtidenskarriar.se\/itdata\/2018\/02\/07\/han-tog-chansen-att-vara-med-fran-borjan\/","title":{"rendered":"Han tog chansen att vara med fr\u00e5n b\u00f6rjan"},"content":{"rendered":"<p><figure id=\"attachment_5674\" aria-describedby=\"caption-attachment-5674\" style=\"width: 1000px\" class=\"wp-caption alignnone\"><img loading=\"lazy\" decoding=\"async\" src=\"https:\/\/framtidenskarriar.se\/itdata\/wp-content\/uploads\/sites\/13\/2018\/02\/myndighet-foto-johan-acharius.jpg\" alt=\"Johan Acharius, CIO p\u00e5 Kronofogdemyndigheten. Foto: Sara Burman\" width=\"1000\" height=\"679\" class=\"size-full wp-image-5674\" srcset=\"https:\/\/framtidenskarriar.se\/itdata\/wp-content\/uploads\/sites\/13\/2018\/02\/myndighet-foto-johan-acharius.jpg 1000w, https:\/\/framtidenskarriar.se\/itdata\/wp-content\/uploads\/sites\/13\/2018\/02\/myndighet-foto-johan-acharius-300x204.jpg 300w, https:\/\/framtidenskarriar.se\/itdata\/wp-content\/uploads\/sites\/13\/2018\/02\/myndighet-foto-johan-acharius-768x521.jpg 768w, https:\/\/framtidenskarriar.se\/itdata\/wp-content\/uploads\/sites\/13\/2018\/02\/myndighet-foto-johan-acharius-236x160.jpg 236w, https:\/\/framtidenskarriar.se\/itdata\/wp-content\/uploads\/sites\/13\/2018\/02\/myndighet-foto-johan-acharius-526x357.jpg 526w, https:\/\/framtidenskarriar.se\/itdata\/wp-content\/uploads\/sites\/13\/2018\/02\/myndighet-foto-johan-acharius-720x489.jpg 720w, https:\/\/framtidenskarriar.se\/itdata\/wp-content\/uploads\/sites\/13\/2018\/02\/myndighet-foto-johan-acharius-960x652.jpg 960w\" sizes=\"auto, (max-width: 1000px) 100vw, 1000px\" \/><figcaption id=\"caption-attachment-5674\" class=\"wp-caption-text\">Johan Acharius, CIO p\u00e5 Kronofogdemyndigheten. Foto: Sara Burman<\/figcaption><\/figure><strong>Johan Acharius var verksam som managementkonsult i ett privat konsultbolag, men n\u00e4r han fick m\u00f6jligheten att g\u00e5 in som CIO p\u00e5 Kronofogden nappade han direkt.<\/strong><\/p>\n<p>Kronofogdemyndighetens it-verksamhet \u00e4r ung. Fr\u00e5n att tidigare ha legat hos Skatteverket togs den \u00f6ver i egen regi s\u00e5 sent som 2014. Johan Acharius var involverad i f\u00f6rarbetet i rollen som managementkonsult och n\u00e4r han fick erbjudandet att bli CIO nappade han direkt.<br \/>\n\u2013 Det \u00e4r s\u00e4llan man f\u00e5r m\u00f6jligheten att vara med och utveckla en verksamhet fr\u00e5n grunden. Ett s\u00e5dant erbjudande tackar man inte nej till, s\u00e4ger Johan Acharius.<\/p>\n<p><strong>Chans att g\u00f6ra samh\u00e4llsnytta<\/strong><br \/>\nHans uppdrag nu \u00e4r det f\u00f6rsta inom staten och visst kan han erk\u00e4nna att han hade vissa f\u00f6rdomar om att arbeta statligt, men han har \u00e4ndrat sig. Idag j\u00e4mf\u00f6r han den politiska styrningen med den styrning som aktie\u00e4gare skapar i privat verksamhet.<br \/>\n\u2013 Skillnaden h\u00e4r \u00e4r att jag kan k\u00e4nna att jag g\u00f6r samh\u00e4llsnytta. Det finns n\u00e5got n\u00e4stan vackert med att arbeta inom staten eftersom det \u00e4r en del av demokratin.<br \/>\nSedan 2014 driver allts\u00e5 Kronofogden, med omkring 2&nbsp;300 medarbetare, it-verksamheten i egen regi. It-organisationen har drygt 200 medarbetare och konsulter. Driften sk\u00f6ts av Skatteverket.<br \/>\nJust nu p\u00e5g\u00e5r ett genomgripande f\u00f6r\u00e4ndringsarbete som inneb\u00e4r att it-verksamheten transformeras fr\u00e5n en traditionell stordatormilj\u00f6 till en modern milj\u00f6 d\u00e4r Java och Dotnet \u00e4r utvecklingsmilj\u00f6erna. <\/p>\n<p><strong>Skapa tj\u00e4nster f\u00f6r sj\u00e4lvbetj\u00e4ning<\/strong><br \/>\nJohan Acharius beskriver det som att ta klivet fr\u00e5n en milj\u00f6 i m\u00e5ngt och mycket baserad p\u00e5 pappersrutiner till att ta steget in i den digitala v\u00e4rlden.<br \/>\n\u2013 Det \u00e4r b\u00e5de utmanande och kul att vi utvecklar allt fler sj\u00e4lvbetj\u00e4ningstj\u00e4nster. Det \u00e4r fl\u00f6desbaserade sj\u00e4lvbetj\u00e4ningssystem d\u00e4r kunderna kan ta del av sina \u00e4renden.<br \/>\nI forts\u00e4ttningen ska kunderna allts\u00e5 b\u00e4ttre kunna f\u00f6lja statusen p\u00e5 sina \u00e4renden. Kunderna \u00e4r de som vill ha betalt och de som ska betala. Det omfattar b\u00e5de andra myndigheter, f\u00f6retag och privatpersoner.<br \/>\n\u2013 Det \u00e4r ett omfattande arbete att ers\u00e4tta \u00e4ldre applikationer, och utvecklingen sker i n\u00e4ra samarbete med verksamheten i sj\u00e4lvstyrande team.<\/p>\n","protected":false},"excerpt":{"rendered":"<p>Johan Acharius var verksam som managementkonsult i ett privat konsultbolag, men n\u00e4r han fick m\u00f6jligheten&#8230;<\/p>\n","protected":false},"author":3,"featured_media":5674,"comment_status":"closed","ping_status":"open","sticky":false,"template":"","format":"standard","meta":{"_acf_changed":false,"_monsterinsights_skip_tracking":false,"_monsterinsights_sitenote_active":false,"_monsterinsights_sitenote_note":"","_monsterinsights_sitenote_category":0,"footnotes":""},"categories":[1],"tags":[66,155,181,220,241],"class_list":["post-5673","post","type-post","status-publish","format-standard","has-post-thumbnail","hentry","category-artikel","tag-e-tjanster","tag-kronofogden","tag-myndighet","tag-samhallsnytta","tag-statligt"],"acf":[],"yoast_head":"<!-- This site is optimized with the Yoast SEO plugin v27.3 - https:\/\/yoast.com\/product\/yoast-seo-wordpress\/ -->\n<title>Han tog chansen att vara med fr\u00e5n b\u00f6rjan - Framtidens karri\u00e4r IT &amp; Data<\/title>\n<meta name=\"robots\" content=\"index, follow, max-snippet:-1, max-image-preview:large, max-video-preview:-1\" \/>\n<link rel=\"canonical\" href=\"https:\/\/framtidenskarriar.se\/itdata\/2018\/02\/07\/han-tog-chansen-att-vara-med-fran-borjan\/\" \/>\n<meta property=\"og:locale\" content=\"sv_SE\" \/>\n<meta property=\"og:type\" content=\"article\" \/>\n<meta property=\"og:title\" content=\"Han tog chansen att vara med fr\u00e5n b\u00f6rjan - Framtidens karri\u00e4r IT &amp; Data\" \/>\n<meta property=\"og:description\" content=\"Johan Acharius var verksam som managementkonsult i ett privat konsultbolag, men n\u00e4r han fick m\u00f6jligheten...\" \/>\n<meta property=\"og:url\" content=\"https:\/\/framtidenskarriar.se\/itdata\/2018\/02\/07\/han-tog-chansen-att-vara-med-fran-borjan\/\" \/>\n<meta property=\"og:site_name\" content=\"Framtidens karri\u00e4r IT &amp; Data\" \/>\n<meta property=\"article:published_time\" content=\"2018-02-07T11:05:23+00:00\" \/>\n<meta property=\"og:image\" content=\"https:\/\/framtidenskarriar.se\/itdata\/wp-content\/uploads\/sites\/13\/2018\/02\/myndighet-foto-johan-acharius.jpg\" \/>\n\t<meta property=\"og:image:width\" content=\"1000\" \/>\n\t<meta property=\"og:image:height\" content=\"679\" \/>\n\t<meta property=\"og:image:type\" content=\"image\/jpeg\" \/>\n<meta name=\"author\" content=\"stellanstal\" \/>\n<meta name=\"twitter:card\" content=\"summary_large_image\" \/>\n<meta name=\"twitter:label1\" content=\"Skriven av\" \/>\n\t<meta name=\"twitter:data1\" content=\"stellanstal\" \/>\n\t<meta name=\"twitter:label2\" content=\"Ber\u00e4knad l\u00e4stid\" \/>\n\t<meta name=\"twitter:data2\" content=\"2 minuter\" \/>\n<script type=\"application\/ld+json\" class=\"yoast-schema-graph\">{\"@context\":\"https:\\\/\\\/schema.org\",\"@graph\":[{\"@type\":\"Article\",\"@id\":\"https:\\\/\\\/framtidenskarriar.se\\\/itdata\\\/2018\\\/02\\\/07\\\/han-tog-chansen-att-vara-med-fran-borjan\\\/#article\",\"isPartOf\":{\"@id\":\"https:\\\/\\\/framtidenskarriar.se\\\/itdata\\\/2018\\\/02\\\/07\\\/han-tog-chansen-att-vara-med-fran-borjan\\\/\"},\"author\":{\"name\":\"stellanstal\",\"@id\":\"https:\\\/\\\/framtidenskarriar.se\\\/itdata\\\/#\\\/schema\\\/person\\\/c8a43eb855191e573b73ecf8987a3b99\"},\"headline\":\"Han tog chansen att vara med fr\u00e5n b\u00f6rjan\",\"datePublished\":\"2018-02-07T11:05:23+00:00\",\"mainEntityOfPage\":{\"@id\":\"https:\\\/\\\/framtidenskarriar.se\\\/itdata\\\/2018\\\/02\\\/07\\\/han-tog-chansen-att-vara-med-fran-borjan\\\/\"},\"wordCount\":402,\"image\":{\"@id\":\"https:\\\/\\\/framtidenskarriar.se\\\/itdata\\\/2018\\\/02\\\/07\\\/han-tog-chansen-att-vara-med-fran-borjan\\\/#primaryimage\"},\"thumbnailUrl\":\"https:\\\/\\\/framtidenskarriar.se\\\/itdata\\\/wp-content\\\/uploads\\\/sites\\\/13\\\/2018\\\/02\\\/myndighet-foto-johan-acharius.jpg\",\"keywords\":[\"E-tj\u00e4nster\",\"Kronofogden\",\"Myndighet\",\"Samh\u00e4llsnytta\",\"Statligt\"],\"articleSection\":[\"Artikel\"],\"inLanguage\":\"sv-SE\"},{\"@type\":\"WebPage\",\"@id\":\"https:\\\/\\\/framtidenskarriar.se\\\/itdata\\\/2018\\\/02\\\/07\\\/han-tog-chansen-att-vara-med-fran-borjan\\\/\",\"url\":\"https:\\\/\\\/framtidenskarriar.se\\\/itdata\\\/2018\\\/02\\\/07\\\/han-tog-chansen-att-vara-med-fran-borjan\\\/\",\"name\":\"Han tog chansen att vara med fr\u00e5n b\u00f6rjan - Framtidens karri\u00e4r IT & Data\",\"isPartOf\":{\"@id\":\"https:\\\/\\\/framtidenskarriar.se\\\/itdata\\\/#website\"},\"primaryImageOfPage\":{\"@id\":\"https:\\\/\\\/framtidenskarriar.se\\\/itdata\\\/2018\\\/02\\\/07\\\/han-tog-chansen-att-vara-med-fran-borjan\\\/#primaryimage\"},\"image\":{\"@id\":\"https:\\\/\\\/framtidenskarriar.se\\\/itdata\\\/2018\\\/02\\\/07\\\/han-tog-chansen-att-vara-med-fran-borjan\\\/#primaryimage\"},\"thumbnailUrl\":\"https:\\\/\\\/framtidenskarriar.se\\\/itdata\\\/wp-content\\\/uploads\\\/sites\\\/13\\\/2018\\\/02\\\/myndighet-foto-johan-acharius.jpg\",\"datePublished\":\"2018-02-07T11:05:23+00:00\",\"author\":{\"@id\":\"https:\\\/\\\/framtidenskarriar.se\\\/itdata\\\/#\\\/schema\\\/person\\\/c8a43eb855191e573b73ecf8987a3b99\"},\"breadcrumb\":{\"@id\":\"https:\\\/\\\/framtidenskarriar.se\\\/itdata\\\/2018\\\/02\\\/07\\\/han-tog-chansen-att-vara-med-fran-borjan\\\/#breadcrumb\"},\"inLanguage\":\"sv-SE\",\"potentialAction\":[{\"@type\":\"ReadAction\",\"target\":[\"https:\\\/\\\/framtidenskarriar.se\\\/itdata\\\/2018\\\/02\\\/07\\\/han-tog-chansen-att-vara-med-fran-borjan\\\/\"]}]},{\"@type\":\"ImageObject\",\"inLanguage\":\"sv-SE\",\"@id\":\"https:\\\/\\\/framtidenskarriar.se\\\/itdata\\\/2018\\\/02\\\/07\\\/han-tog-chansen-att-vara-med-fran-borjan\\\/#primaryimage\",\"url\":\"https:\\\/\\\/framtidenskarriar.se\\\/itdata\\\/wp-content\\\/uploads\\\/sites\\\/13\\\/2018\\\/02\\\/myndighet-foto-johan-acharius.jpg\",\"contentUrl\":\"https:\\\/\\\/framtidenskarriar.se\\\/itdata\\\/wp-content\\\/uploads\\\/sites\\\/13\\\/2018\\\/02\\\/myndighet-foto-johan-acharius.jpg\",\"width\":1000,\"height\":679,\"caption\":\"Johan Acharias, CIO p\u00e5 Kronofogdemyndigheten. Foto: Sara Burman\"},{\"@type\":\"BreadcrumbList\",\"@id\":\"https:\\\/\\\/framtidenskarriar.se\\\/itdata\\\/2018\\\/02\\\/07\\\/han-tog-chansen-att-vara-med-fran-borjan\\\/#breadcrumb\",\"itemListElement\":[{\"@type\":\"ListItem\",\"position\":1,\"name\":\"Home\",\"item\":\"https:\\\/\\\/framtidenskarriar.se\\\/itdata\\\/\"},{\"@type\":\"ListItem\",\"position\":2,\"name\":\"Han tog chansen att vara med fr\u00e5n b\u00f6rjan\"}]},{\"@type\":\"WebSite\",\"@id\":\"https:\\\/\\\/framtidenskarriar.se\\\/itdata\\\/#website\",\"url\":\"https:\\\/\\\/framtidenskarriar.se\\\/itdata\\\/\",\"name\":\"Framtidens karri\u00e4r IT & Data\",\"description\":\"Just another NMDashboard.se Sites site\",\"potentialAction\":[{\"@type\":\"SearchAction\",\"target\":{\"@type\":\"EntryPoint\",\"urlTemplate\":\"https:\\\/\\\/framtidenskarriar.se\\\/itdata\\\/?s={search_term_string}\"},\"query-input\":{\"@type\":\"PropertyValueSpecification\",\"valueRequired\":true,\"valueName\":\"search_term_string\"}}],\"inLanguage\":\"sv-SE\"},{\"@type\":\"Person\",\"@id\":\"https:\\\/\\\/framtidenskarriar.se\\\/itdata\\\/#\\\/schema\\\/person\\\/c8a43eb855191e573b73ecf8987a3b99\",\"name\":\"stellanstal\",\"image\":{\"@type\":\"ImageObject\",\"inLanguage\":\"sv-SE\",\"@id\":\"https:\\\/\\\/secure.gravatar.com\\\/avatar\\\/cd330fa6bb17f598124b2068ee0b189e4fe0987a50af9d53b78410836060d0c9?s=96&d=mm&r=g\",\"url\":\"https:\\\/\\\/secure.gravatar.com\\\/avatar\\\/cd330fa6bb17f598124b2068ee0b189e4fe0987a50af9d53b78410836060d0c9?s=96&d=mm&r=g\",\"contentUrl\":\"https:\\\/\\\/secure.gravatar.com\\\/avatar\\\/cd330fa6bb17f598124b2068ee0b189e4fe0987a50af9d53b78410836060d0c9?s=96&d=mm&r=g\",\"caption\":\"stellanstal\"},\"url\":\"https:\\\/\\\/framtidenskarriar.se\\\/itdata\\\/author\\\/stellanstal\\\/\"}]}<\/script>\n<!-- \/ Yoast SEO plugin. -->","yoast_head_json":{"title":"Han tog chansen att vara med fr\u00e5n b\u00f6rjan - Framtidens karri\u00e4r IT & Data","robots":{"index":"index","follow":"follow","max-snippet":"max-snippet:-1","max-image-preview":"max-image-preview:large","max-video-preview":"max-video-preview:-1"},"canonical":"https:\/\/framtidenskarriar.se\/itdata\/2018\/02\/07\/han-tog-chansen-att-vara-med-fran-borjan\/","og_locale":"sv_SE","og_type":"article","og_title":"Han tog chansen att vara med fr\u00e5n b\u00f6rjan - Framtidens karri\u00e4r IT & Data","og_description":"Johan Acharius var verksam som managementkonsult i ett privat konsultbolag, men n\u00e4r han fick m\u00f6jligheten...","og_url":"https:\/\/framtidenskarriar.se\/itdata\/2018\/02\/07\/han-tog-chansen-att-vara-med-fran-borjan\/","og_site_name":"Framtidens karri\u00e4r IT & Data","article_published_time":"2018-02-07T11:05:23+00:00","og_image":[{"width":1000,"height":679,"url":"https:\/\/framtidenskarriar.se\/itdata\/wp-content\/uploads\/sites\/13\/2018\/02\/myndighet-foto-johan-acharius.jpg","type":"image\/jpeg"}],"author":"stellanstal","twitter_card":"summary_large_image","twitter_misc":{"Skriven av":"stellanstal","Ber\u00e4knad l\u00e4stid":"2 minuter"},"schema":{"@context":"https:\/\/schema.org","@graph":[{"@type":"Article","@id":"https:\/\/framtidenskarriar.se\/itdata\/2018\/02\/07\/han-tog-chansen-att-vara-med-fran-borjan\/#article","isPartOf":{"@id":"https:\/\/framtidenskarriar.se\/itdata\/2018\/02\/07\/han-tog-chansen-att-vara-med-fran-borjan\/"},"author":{"name":"stellanstal","@id":"https:\/\/framtidenskarriar.se\/itdata\/#\/schema\/person\/c8a43eb855191e573b73ecf8987a3b99"},"headline":"Han tog chansen att vara med fr\u00e5n b\u00f6rjan","datePublished":"2018-02-07T11:05:23+00:00","mainEntityOfPage":{"@id":"https:\/\/framtidenskarriar.se\/itdata\/2018\/02\/07\/han-tog-chansen-att-vara-med-fran-borjan\/"},"wordCount":402,"image":{"@id":"https:\/\/framtidenskarriar.se\/itdata\/2018\/02\/07\/han-tog-chansen-att-vara-med-fran-borjan\/#primaryimage"},"thumbnailUrl":"https:\/\/framtidenskarriar.se\/itdata\/wp-content\/uploads\/sites\/13\/2018\/02\/myndighet-foto-johan-acharius.jpg","keywords":["E-tj\u00e4nster","Kronofogden","Myndighet","Samh\u00e4llsnytta","Statligt"],"articleSection":["Artikel"],"inLanguage":"sv-SE"},{"@type":"WebPage","@id":"https:\/\/framtidenskarriar.se\/itdata\/2018\/02\/07\/han-tog-chansen-att-vara-med-fran-borjan\/","url":"https:\/\/framtidenskarriar.se\/itdata\/2018\/02\/07\/han-tog-chansen-att-vara-med-fran-borjan\/","name":"Han tog chansen att vara med fr\u00e5n b\u00f6rjan - Framtidens karri\u00e4r IT & Data","isPartOf":{"@id":"https:\/\/framtidenskarriar.se\/itdata\/#website"},"primaryImageOfPage":{"@id":"https:\/\/framtidenskarriar.se\/itdata\/2018\/02\/07\/han-tog-chansen-att-vara-med-fran-borjan\/#primaryimage"},"image":{"@id":"https:\/\/framtidenskarriar.se\/itdata\/2018\/02\/07\/han-tog-chansen-att-vara-med-fran-borjan\/#primaryimage"},"thumbnailUrl":"https:\/\/framtidenskarriar.se\/itdata\/wp-content\/uploads\/sites\/13\/2018\/02\/myndighet-foto-johan-acharius.jpg","datePublished":"2018-02-07T11:05:23+00:00","author":{"@id":"https:\/\/framtidenskarriar.se\/itdata\/#\/schema\/person\/c8a43eb855191e573b73ecf8987a3b99"},"breadcrumb":{"@id":"https:\/\/framtidenskarriar.se\/itdata\/2018\/02\/07\/han-tog-chansen-att-vara-med-fran-borjan\/#breadcrumb"},"inLanguage":"sv-SE","potentialAction":[{"@type":"ReadAction","target":["https:\/\/framtidenskarriar.se\/itdata\/2018\/02\/07\/han-tog-chansen-att-vara-med-fran-borjan\/"]}]},{"@type":"ImageObject","inLanguage":"sv-SE","@id":"https:\/\/framtidenskarriar.se\/itdata\/2018\/02\/07\/han-tog-chansen-att-vara-med-fran-borjan\/#primaryimage","url":"https:\/\/framtidenskarriar.se\/itdata\/wp-content\/uploads\/sites\/13\/2018\/02\/myndighet-foto-johan-acharius.jpg","contentUrl":"https:\/\/framtidenskarriar.se\/itdata\/wp-content\/uploads\/sites\/13\/2018\/02\/myndighet-foto-johan-acharius.jpg","width":1000,"height":679,"caption":"Johan Acharias, CIO p\u00e5 Kronofogdemyndigheten. Foto: Sara Burman"},{"@type":"BreadcrumbList","@id":"https:\/\/framtidenskarriar.se\/itdata\/2018\/02\/07\/han-tog-chansen-att-vara-med-fran-borjan\/#breadcrumb","itemListElement":[{"@type":"ListItem","position":1,"name":"Home","item":"https:\/\/framtidenskarriar.se\/itdata\/"},{"@type":"ListItem","position":2,"name":"Han tog chansen att vara med fr\u00e5n b\u00f6rjan"}]},{"@type":"WebSite","@id":"https:\/\/framtidenskarriar.se\/itdata\/#website","url":"https:\/\/framtidenskarriar.se\/itdata\/","name":"Framtidens karri\u00e4r IT & Data","description":"Just another NMDashboard.se Sites site","potentialAction":[{"@type":"SearchAction","target":{"@type":"EntryPoint","urlTemplate":"https:\/\/framtidenskarriar.se\/itdata\/?s={search_term_string}"},"query-input":{"@type":"PropertyValueSpecification","valueRequired":true,"valueName":"search_term_string"}}],"inLanguage":"sv-SE"},{"@type":"Person","@id":"https:\/\/framtidenskarriar.se\/itdata\/#\/schema\/person\/c8a43eb855191e573b73ecf8987a3b99","name":"stellanstal","image":{"@type":"ImageObject","inLanguage":"sv-SE","@id":"https:\/\/secure.gravatar.com\/avatar\/cd330fa6bb17f598124b2068ee0b189e4fe0987a50af9d53b78410836060d0c9?s=96&d=mm&r=g","url":"https:\/\/secure.gravatar.com\/avatar\/cd330fa6bb17f598124b2068ee0b189e4fe0987a50af9d53b78410836060d0c9?s=96&d=mm&r=g","contentUrl":"https:\/\/secure.gravatar.com\/avatar\/cd330fa6bb17f598124b2068ee0b189e4fe0987a50af9d53b78410836060d0c9?s=96&d=mm&r=g","caption":"stellanstal"},"url":"https:\/\/framtidenskarriar.se\/itdata\/author\/stellanstal\/"}]}},"_links":{"self":[{"href":"https:\/\/framtidenskarriar.se\/itdata\/wp-json\/wp\/v2\/posts\/5673","targetHints":{"allow":["GET"]}}],"collection":[{"href":"https:\/\/framtidenskarriar.se\/itdata\/wp-json\/wp\/v2\/posts"}],"about":[{"href":"https:\/\/framtidenskarriar.se\/itdata\/wp-json\/wp\/v2\/types\/post"}],"author":[{"embeddable":true,"href":"https:\/\/framtidenskarriar.se\/itdata\/wp-json\/wp\/v2\/users\/3"}],"replies":[{"embeddable":true,"href":"https:\/\/framtidenskarriar.se\/itdata\/wp-json\/wp\/v2\/comments?post=5673"}],"version-history":[{"count":0,"href":"https:\/\/framtidenskarriar.se\/itdata\/wp-json\/wp\/v2\/posts\/5673\/revisions"}],"wp:featuredmedia":[{"embeddable":true,"href":"https:\/\/framtidenskarriar.se\/itdata\/wp-json\/wp\/v2\/media\/5674"}],"wp:attachment":[{"href":"https:\/\/framtidenskarriar.se\/itdata\/wp-json\/wp\/v2\/media?parent=5673"}],"wp:term":[{"taxonomy":"category","embeddable":true,"href":"https:\/\/framtidenskarriar.se\/itdata\/wp-json\/wp\/v2\/categories?post=5673"},{"taxonomy":"post_tag","embeddable":true,"href":"https:\/\/framtidenskarriar.se\/itdata\/wp-json\/wp\/v2\/tags?post=5673"}],"curies":[{"name":"wp","href":"https:\/\/api.w.org\/{rel}","templated":true}]}}