{"id":5740,"date":"2018-02-07T13:08:45","date_gmt":"2018-02-07T11:08:45","guid":{"rendered":"http:\/\/framtidenskarriar.se\/itdata\/?p=5740"},"modified":"2018-02-07T13:08:45","modified_gmt":"2018-02-07T11:08:45","slug":"vi-star-infor-ett-paradigmskifte","status":"publish","type":"post","link":"https:\/\/framtidenskarriar.se\/itdata\/2018\/02\/07\/vi-star-infor-ett-paradigmskifte\/","title":{"rendered":"Vi st\u00e5r inf\u00f6r ett paradigmskifte"},"content":{"rendered":"<p><figure id=\"attachment_5741\" aria-describedby=\"caption-attachment-5741\" style=\"width: 1000px\" class=\"wp-caption alignnone\"><img loading=\"lazy\" decoding=\"async\" src=\"https:\/\/framtidenskarriar.se\/itdata\/wp-content\/uploads\/sites\/13\/2018\/02\/myndighet3-filippa-jennersjo01.jpg\" alt=\"Filippa Jennersj\u00f6, CIO p\u00e5 Arbetsf\u00f6rmedlingen. Foto: Arbetsf\u00f6rmedlingen\" width=\"1000\" height=\"650\" class=\"size-full wp-image-5741\" srcset=\"https:\/\/framtidenskarriar.se\/itdata\/wp-content\/uploads\/sites\/13\/2018\/02\/myndighet3-filippa-jennersjo01.jpg 1000w, https:\/\/framtidenskarriar.se\/itdata\/wp-content\/uploads\/sites\/13\/2018\/02\/myndighet3-filippa-jennersjo01-300x195.jpg 300w, https:\/\/framtidenskarriar.se\/itdata\/wp-content\/uploads\/sites\/13\/2018\/02\/myndighet3-filippa-jennersjo01-768x499.jpg 768w, https:\/\/framtidenskarriar.se\/itdata\/wp-content\/uploads\/sites\/13\/2018\/02\/myndighet3-filippa-jennersjo01-246x160.jpg 246w, https:\/\/framtidenskarriar.se\/itdata\/wp-content\/uploads\/sites\/13\/2018\/02\/myndighet3-filippa-jennersjo01-526x342.jpg 526w, https:\/\/framtidenskarriar.se\/itdata\/wp-content\/uploads\/sites\/13\/2018\/02\/myndighet3-filippa-jennersjo01-720x468.jpg 720w, https:\/\/framtidenskarriar.se\/itdata\/wp-content\/uploads\/sites\/13\/2018\/02\/myndighet3-filippa-jennersjo01-960x624.jpg 960w\" sizes=\"auto, (max-width: 1000px) 100vw, 1000px\" \/><figcaption id=\"caption-attachment-5741\" class=\"wp-caption-text\">Filippa Jennersj\u00f6, CIO p\u00e5 Arbetsf\u00f6rmedlingen. Foto: Arbetsf\u00f6rmedlingen<\/figcaption><\/figure><strong>Efter flera \u00e5r som verksamhetsutveckling- och it-chef p\u00e5 ICA hoppade Filippa Jennersj\u00f6 p\u00e5 utmaningen att utveckla digitaliseringen p\u00e5 Arbetsf\u00f6rmedlingen. Med erfarenhet fr\u00e5n b\u00e5de n\u00e4ringslivet och offentlig sektor kan hon se fler olikheter, men ocks\u00e5 likhheter.<\/strong><\/p>\n<p>N\u00e4r Filippa Jennersj\u00f6 avslutade sina studier inom teknisk fysik och f\u00f6retagsekonomi var siktet inst\u00e4llt p\u00e5 n\u00e4ringslivet. Efter 5 \u00e5r som it-konsult tog hon anst\u00e4llning p\u00e5 ICA d\u00e4r hon stannade i 13 \u00e5r.<br \/>\n\u0336  Det passade mig v\u00e4ldigt bra att arbeta f\u00f6r ett f\u00f6retag d\u00e4r it \u00e4r strategiskt viktigt f\u00f6r aff\u00e4ren, med stora volymer och snabba cykler, s\u00e4ger hon.<\/p>\n<p><strong>It-avdelningen integreras i verksamheten<\/strong><br \/>\nN\u00e4r Arbetsf\u00f6rmedlingen kontaktade henne f\u00f6r jobbet som CIO trodde hon f\u00f6rst att man ringt fel. Men under intervjuerna gick hon ig\u00e5ng p\u00e5 id\u00e9n att jobbet skulle tj\u00e4na till ett h\u00f6gre syfte, d\u00e4r hon kunde g\u00f6ra skillnad. Filippa Jarrensj\u00f6 sticker dock inte under stol med att det \u00e4r en utmaning att utveckla en s\u00e5 stor och utsk\u00e4lld myndighet som Arbetsf\u00f6rmedlingen. Dessutom med bristf\u00e4llig kommunikation mellan verksamheten och it-avdelningen.<br \/>\n\u0336  Det vi ser \u00e4r ett paradigmskifte d\u00e4r it-avdelningen inte l\u00e4ngre \u00e4r leverant\u00f6r av tj\u00e4nster, utan integrerade i hela verksamheten och driver utvecklingen fram\u00e5t. F\u00f6r att lyckas kr\u00e4vs kompetensutveckling och god kommunikation, s\u00e4ger hon och ber\u00e4ttar att det finns b\u00e5de olikheter men ocks\u00e5 likheter mellan den offentliga sektorn och n\u00e4ringslivet.<\/p>\n<p><strong>Kulturella skillnader<\/strong><br \/>\n\u0336  Sj\u00e4lva it-transformationen och utmaningarna \u00e4r f\u00f6rv\u00e5nansv\u00e4rt lika varandra. Den stora skillnaden \u00e4r den kulturella delen. I n\u00e4ringslivet \u00e4r man ivrig att testa nya tekniker, medan myndigheter kr\u00e4ver flera utredningar innan. Det \u00e4r en utmaning d\u00e5 utvecklingen g\u00e5r i rasande tempo, forts\u00e4tter hon.<br \/>\nM\u00e5let med digitaliseringen av Arbetsf\u00f6rmedlingen \u00e4r att g\u00f6ra myndigheten s\u00e5 tillg\u00e4nglig som m\u00f6jligt f\u00f6r anv\u00e4ndarna med b\u00e4ttre matchning p\u00e5 arbetsmarknaden.<br \/>\n\u0336  F\u00f6rdelen med \u00f6kad tillg\u00e4nglighet \u00e4r att medborgarna f\u00e5r st\u00f6rre m\u00f6jlighet att sj\u00e4lva p\u00e5verka sin process. Genom nya tekniker kan den s\u00f6kande f\u00e5 b\u00e4ttre riktade insatser efter kompetens, s\u00e4ger hon och till\u00e4gger att s\u00e4kerhetst\u00e4nket inom myndigheter \u00e4r en extra dimension.<br \/>\n\u0336  Det vi skapar ska vara b\u00e5de l\u00e4ttillg\u00e4ngligt, \u00f6ppet och anv\u00e4ndarv\u00e4nligt. Den stora utmaningen ligger i att balansera dessa bitar samtidigt som vi ska f\u00f6lja lagar och regler. Men det g\u00f6r ocks\u00e5 det h\u00e4r jobbet supersp\u00e4nnande, avslutar hon.<\/p>\n<div class=\"faktaruta2-title\">Filippas tips<\/div><div class=\"faktaruta2\"><strong>\u2022 Var nyfiken.<\/strong> Fr\u00e5ga dig sj\u00e4lv: Vad brinner jag f\u00f6r och tycker \u00e4r roligt. Inte vad andra tycker att du borde g\u00f6ra.<br \/>\n<strong>\u2022 Nya tekniker kommer hela tiden. <\/strong>Se arbetet som ett livsl\u00e5ngt l\u00e4rande d\u00e4r du hela tiden testar nya tekniker och v\u00e5gar misslyckas. <\/div>\n","protected":false},"excerpt":{"rendered":"<p>Efter flera \u00e5r som verksamhetsutveckling- och it-chef p\u00e5 ICA hoppade Filippa Jennersj\u00f6 p\u00e5 utmaningen att&#8230;<\/p>\n","protected":false},"author":3,"featured_media":5741,"comment_status":"closed","ping_status":"open","sticky":false,"template":"","format":"standard","meta":{"_acf_changed":false,"_monsterinsights_skip_tracking":false,"_monsterinsights_sitenote_active":false,"_monsterinsights_sitenote_note":"","_monsterinsights_sitenote_category":0,"footnotes":""},"categories":[1],"tags":[25,40,62,181,241],"class_list":["post-5740","post","type-post","status-publish","format-standard","has-post-thumbnail","hentry","category-artikel","tag-arbetsformedlingen","tag-cio","tag-digitalisering","tag-myndighet","tag-statligt"],"acf":[],"yoast_head":"<!-- This site is optimized with the Yoast SEO plugin v27.3 - https:\/\/yoast.com\/product\/yoast-seo-wordpress\/ -->\n<title>Vi st\u00e5r inf\u00f6r ett paradigmskifte - Framtidens karri\u00e4r IT &amp; Data<\/title>\n<meta name=\"robots\" content=\"index, follow, max-snippet:-1, max-image-preview:large, max-video-preview:-1\" \/>\n<link rel=\"canonical\" href=\"https:\/\/framtidenskarriar.se\/itdata\/2018\/02\/07\/vi-star-infor-ett-paradigmskifte\/\" \/>\n<meta property=\"og:locale\" content=\"sv_SE\" \/>\n<meta property=\"og:type\" content=\"article\" \/>\n<meta property=\"og:title\" content=\"Vi st\u00e5r inf\u00f6r ett paradigmskifte - Framtidens karri\u00e4r IT &amp; Data\" \/>\n<meta property=\"og:description\" content=\"Efter flera \u00e5r som verksamhetsutveckling- och it-chef p\u00e5 ICA hoppade Filippa Jennersj\u00f6 p\u00e5 utmaningen att...\" \/>\n<meta property=\"og:url\" content=\"https:\/\/framtidenskarriar.se\/itdata\/2018\/02\/07\/vi-star-infor-ett-paradigmskifte\/\" \/>\n<meta property=\"og:site_name\" content=\"Framtidens karri\u00e4r IT &amp; Data\" \/>\n<meta property=\"article:published_time\" content=\"2018-02-07T11:08:45+00:00\" \/>\n<meta property=\"og:image\" content=\"https:\/\/framtidenskarriar.se\/itdata\/wp-content\/uploads\/sites\/13\/2018\/02\/myndighet3-filippa-jennersjo01.jpg\" \/>\n\t<meta property=\"og:image:width\" content=\"1000\" \/>\n\t<meta property=\"og:image:height\" content=\"650\" \/>\n\t<meta property=\"og:image:type\" content=\"image\/jpeg\" \/>\n<meta name=\"author\" content=\"stellanstal\" \/>\n<meta name=\"twitter:card\" content=\"summary_large_image\" \/>\n<meta name=\"twitter:label1\" content=\"Skriven av\" \/>\n\t<meta name=\"twitter:data1\" content=\"stellanstal\" \/>\n\t<meta name=\"twitter:label2\" content=\"Ber\u00e4knad l\u00e4stid\" \/>\n\t<meta name=\"twitter:data2\" content=\"3 minuter\" \/>\n<script type=\"application\/ld+json\" class=\"yoast-schema-graph\">{\"@context\":\"https:\\\/\\\/schema.org\",\"@graph\":[{\"@type\":\"Article\",\"@id\":\"https:\\\/\\\/framtidenskarriar.se\\\/itdata\\\/2018\\\/02\\\/07\\\/vi-star-infor-ett-paradigmskifte\\\/#article\",\"isPartOf\":{\"@id\":\"https:\\\/\\\/framtidenskarriar.se\\\/itdata\\\/2018\\\/02\\\/07\\\/vi-star-infor-ett-paradigmskifte\\\/\"},\"author\":{\"name\":\"stellanstal\",\"@id\":\"https:\\\/\\\/framtidenskarriar.se\\\/itdata\\\/#\\\/schema\\\/person\\\/c8a43eb855191e573b73ecf8987a3b99\"},\"headline\":\"Vi st\u00e5r inf\u00f6r ett paradigmskifte\",\"datePublished\":\"2018-02-07T11:08:45+00:00\",\"mainEntityOfPage\":{\"@id\":\"https:\\\/\\\/framtidenskarriar.se\\\/itdata\\\/2018\\\/02\\\/07\\\/vi-star-infor-ett-paradigmskifte\\\/\"},\"wordCount\":507,\"image\":{\"@id\":\"https:\\\/\\\/framtidenskarriar.se\\\/itdata\\\/2018\\\/02\\\/07\\\/vi-star-infor-ett-paradigmskifte\\\/#primaryimage\"},\"thumbnailUrl\":\"https:\\\/\\\/framtidenskarriar.se\\\/itdata\\\/wp-content\\\/uploads\\\/sites\\\/13\\\/2018\\\/02\\\/myndighet3-filippa-jennersjo01.jpg\",\"keywords\":[\"Arbetsf\u00f6rmedlingen\",\"CIO\",\"Digitalisering\",\"Myndighet\",\"Statligt\"],\"articleSection\":[\"Artikel\"],\"inLanguage\":\"sv-SE\"},{\"@type\":\"WebPage\",\"@id\":\"https:\\\/\\\/framtidenskarriar.se\\\/itdata\\\/2018\\\/02\\\/07\\\/vi-star-infor-ett-paradigmskifte\\\/\",\"url\":\"https:\\\/\\\/framtidenskarriar.se\\\/itdata\\\/2018\\\/02\\\/07\\\/vi-star-infor-ett-paradigmskifte\\\/\",\"name\":\"Vi st\u00e5r inf\u00f6r ett paradigmskifte - Framtidens karri\u00e4r IT & Data\",\"isPartOf\":{\"@id\":\"https:\\\/\\\/framtidenskarriar.se\\\/itdata\\\/#website\"},\"primaryImageOfPage\":{\"@id\":\"https:\\\/\\\/framtidenskarriar.se\\\/itdata\\\/2018\\\/02\\\/07\\\/vi-star-infor-ett-paradigmskifte\\\/#primaryimage\"},\"image\":{\"@id\":\"https:\\\/\\\/framtidenskarriar.se\\\/itdata\\\/2018\\\/02\\\/07\\\/vi-star-infor-ett-paradigmskifte\\\/#primaryimage\"},\"thumbnailUrl\":\"https:\\\/\\\/framtidenskarriar.se\\\/itdata\\\/wp-content\\\/uploads\\\/sites\\\/13\\\/2018\\\/02\\\/myndighet3-filippa-jennersjo01.jpg\",\"datePublished\":\"2018-02-07T11:08:45+00:00\",\"author\":{\"@id\":\"https:\\\/\\\/framtidenskarriar.se\\\/itdata\\\/#\\\/schema\\\/person\\\/c8a43eb855191e573b73ecf8987a3b99\"},\"breadcrumb\":{\"@id\":\"https:\\\/\\\/framtidenskarriar.se\\\/itdata\\\/2018\\\/02\\\/07\\\/vi-star-infor-ett-paradigmskifte\\\/#breadcrumb\"},\"inLanguage\":\"sv-SE\",\"potentialAction\":[{\"@type\":\"ReadAction\",\"target\":[\"https:\\\/\\\/framtidenskarriar.se\\\/itdata\\\/2018\\\/02\\\/07\\\/vi-star-infor-ett-paradigmskifte\\\/\"]}]},{\"@type\":\"ImageObject\",\"inLanguage\":\"sv-SE\",\"@id\":\"https:\\\/\\\/framtidenskarriar.se\\\/itdata\\\/2018\\\/02\\\/07\\\/vi-star-infor-ett-paradigmskifte\\\/#primaryimage\",\"url\":\"https:\\\/\\\/framtidenskarriar.se\\\/itdata\\\/wp-content\\\/uploads\\\/sites\\\/13\\\/2018\\\/02\\\/myndighet3-filippa-jennersjo01.jpg\",\"contentUrl\":\"https:\\\/\\\/framtidenskarriar.se\\\/itdata\\\/wp-content\\\/uploads\\\/sites\\\/13\\\/2018\\\/02\\\/myndighet3-filippa-jennersjo01.jpg\",\"width\":1000,\"height\":650,\"caption\":\"Filippa Jennersj\u00f6, CIO p\u00e5 Arbetsf\u00f6rmedlingen. Foto: Arbetsf\u00f6rmedlingen\"},{\"@type\":\"BreadcrumbList\",\"@id\":\"https:\\\/\\\/framtidenskarriar.se\\\/itdata\\\/2018\\\/02\\\/07\\\/vi-star-infor-ett-paradigmskifte\\\/#breadcrumb\",\"itemListElement\":[{\"@type\":\"ListItem\",\"position\":1,\"name\":\"Home\",\"item\":\"https:\\\/\\\/framtidenskarriar.se\\\/itdata\\\/\"},{\"@type\":\"ListItem\",\"position\":2,\"name\":\"Vi st\u00e5r inf\u00f6r ett paradigmskifte\"}]},{\"@type\":\"WebSite\",\"@id\":\"https:\\\/\\\/framtidenskarriar.se\\\/itdata\\\/#website\",\"url\":\"https:\\\/\\\/framtidenskarriar.se\\\/itdata\\\/\",\"name\":\"Framtidens karri\u00e4r IT & Data\",\"description\":\"Just another NMDashboard.se Sites site\",\"potentialAction\":[{\"@type\":\"SearchAction\",\"target\":{\"@type\":\"EntryPoint\",\"urlTemplate\":\"https:\\\/\\\/framtidenskarriar.se\\\/itdata\\\/?s={search_term_string}\"},\"query-input\":{\"@type\":\"PropertyValueSpecification\",\"valueRequired\":true,\"valueName\":\"search_term_string\"}}],\"inLanguage\":\"sv-SE\"},{\"@type\":\"Person\",\"@id\":\"https:\\\/\\\/framtidenskarriar.se\\\/itdata\\\/#\\\/schema\\\/person\\\/c8a43eb855191e573b73ecf8987a3b99\",\"name\":\"stellanstal\",\"image\":{\"@type\":\"ImageObject\",\"inLanguage\":\"sv-SE\",\"@id\":\"https:\\\/\\\/secure.gravatar.com\\\/avatar\\\/cd330fa6bb17f598124b2068ee0b189e4fe0987a50af9d53b78410836060d0c9?s=96&d=mm&r=g\",\"url\":\"https:\\\/\\\/secure.gravatar.com\\\/avatar\\\/cd330fa6bb17f598124b2068ee0b189e4fe0987a50af9d53b78410836060d0c9?s=96&d=mm&r=g\",\"contentUrl\":\"https:\\\/\\\/secure.gravatar.com\\\/avatar\\\/cd330fa6bb17f598124b2068ee0b189e4fe0987a50af9d53b78410836060d0c9?s=96&d=mm&r=g\",\"caption\":\"stellanstal\"},\"url\":\"https:\\\/\\\/framtidenskarriar.se\\\/itdata\\\/author\\\/stellanstal\\\/\"}]}<\/script>\n<!-- \/ Yoast SEO plugin. -->","yoast_head_json":{"title":"Vi st\u00e5r inf\u00f6r ett paradigmskifte - Framtidens karri\u00e4r IT & Data","robots":{"index":"index","follow":"follow","max-snippet":"max-snippet:-1","max-image-preview":"max-image-preview:large","max-video-preview":"max-video-preview:-1"},"canonical":"https:\/\/framtidenskarriar.se\/itdata\/2018\/02\/07\/vi-star-infor-ett-paradigmskifte\/","og_locale":"sv_SE","og_type":"article","og_title":"Vi st\u00e5r inf\u00f6r ett paradigmskifte - Framtidens karri\u00e4r IT & Data","og_description":"Efter flera \u00e5r som verksamhetsutveckling- och it-chef p\u00e5 ICA hoppade Filippa Jennersj\u00f6 p\u00e5 utmaningen att...","og_url":"https:\/\/framtidenskarriar.se\/itdata\/2018\/02\/07\/vi-star-infor-ett-paradigmskifte\/","og_site_name":"Framtidens karri\u00e4r IT & Data","article_published_time":"2018-02-07T11:08:45+00:00","og_image":[{"width":1000,"height":650,"url":"https:\/\/framtidenskarriar.se\/itdata\/wp-content\/uploads\/sites\/13\/2018\/02\/myndighet3-filippa-jennersjo01.jpg","type":"image\/jpeg"}],"author":"stellanstal","twitter_card":"summary_large_image","twitter_misc":{"Skriven av":"stellanstal","Ber\u00e4knad l\u00e4stid":"3 minuter"},"schema":{"@context":"https:\/\/schema.org","@graph":[{"@type":"Article","@id":"https:\/\/framtidenskarriar.se\/itdata\/2018\/02\/07\/vi-star-infor-ett-paradigmskifte\/#article","isPartOf":{"@id":"https:\/\/framtidenskarriar.se\/itdata\/2018\/02\/07\/vi-star-infor-ett-paradigmskifte\/"},"author":{"name":"stellanstal","@id":"https:\/\/framtidenskarriar.se\/itdata\/#\/schema\/person\/c8a43eb855191e573b73ecf8987a3b99"},"headline":"Vi st\u00e5r inf\u00f6r ett paradigmskifte","datePublished":"2018-02-07T11:08:45+00:00","mainEntityOfPage":{"@id":"https:\/\/framtidenskarriar.se\/itdata\/2018\/02\/07\/vi-star-infor-ett-paradigmskifte\/"},"wordCount":507,"image":{"@id":"https:\/\/framtidenskarriar.se\/itdata\/2018\/02\/07\/vi-star-infor-ett-paradigmskifte\/#primaryimage"},"thumbnailUrl":"https:\/\/framtidenskarriar.se\/itdata\/wp-content\/uploads\/sites\/13\/2018\/02\/myndighet3-filippa-jennersjo01.jpg","keywords":["Arbetsf\u00f6rmedlingen","CIO","Digitalisering","Myndighet","Statligt"],"articleSection":["Artikel"],"inLanguage":"sv-SE"},{"@type":"WebPage","@id":"https:\/\/framtidenskarriar.se\/itdata\/2018\/02\/07\/vi-star-infor-ett-paradigmskifte\/","url":"https:\/\/framtidenskarriar.se\/itdata\/2018\/02\/07\/vi-star-infor-ett-paradigmskifte\/","name":"Vi st\u00e5r inf\u00f6r ett paradigmskifte - Framtidens karri\u00e4r IT & Data","isPartOf":{"@id":"https:\/\/framtidenskarriar.se\/itdata\/#website"},"primaryImageOfPage":{"@id":"https:\/\/framtidenskarriar.se\/itdata\/2018\/02\/07\/vi-star-infor-ett-paradigmskifte\/#primaryimage"},"image":{"@id":"https:\/\/framtidenskarriar.se\/itdata\/2018\/02\/07\/vi-star-infor-ett-paradigmskifte\/#primaryimage"},"thumbnailUrl":"https:\/\/framtidenskarriar.se\/itdata\/wp-content\/uploads\/sites\/13\/2018\/02\/myndighet3-filippa-jennersjo01.jpg","datePublished":"2018-02-07T11:08:45+00:00","author":{"@id":"https:\/\/framtidenskarriar.se\/itdata\/#\/schema\/person\/c8a43eb855191e573b73ecf8987a3b99"},"breadcrumb":{"@id":"https:\/\/framtidenskarriar.se\/itdata\/2018\/02\/07\/vi-star-infor-ett-paradigmskifte\/#breadcrumb"},"inLanguage":"sv-SE","potentialAction":[{"@type":"ReadAction","target":["https:\/\/framtidenskarriar.se\/itdata\/2018\/02\/07\/vi-star-infor-ett-paradigmskifte\/"]}]},{"@type":"ImageObject","inLanguage":"sv-SE","@id":"https:\/\/framtidenskarriar.se\/itdata\/2018\/02\/07\/vi-star-infor-ett-paradigmskifte\/#primaryimage","url":"https:\/\/framtidenskarriar.se\/itdata\/wp-content\/uploads\/sites\/13\/2018\/02\/myndighet3-filippa-jennersjo01.jpg","contentUrl":"https:\/\/framtidenskarriar.se\/itdata\/wp-content\/uploads\/sites\/13\/2018\/02\/myndighet3-filippa-jennersjo01.jpg","width":1000,"height":650,"caption":"Filippa Jennersj\u00f6, CIO p\u00e5 Arbetsf\u00f6rmedlingen. Foto: Arbetsf\u00f6rmedlingen"},{"@type":"BreadcrumbList","@id":"https:\/\/framtidenskarriar.se\/itdata\/2018\/02\/07\/vi-star-infor-ett-paradigmskifte\/#breadcrumb","itemListElement":[{"@type":"ListItem","position":1,"name":"Home","item":"https:\/\/framtidenskarriar.se\/itdata\/"},{"@type":"ListItem","position":2,"name":"Vi st\u00e5r inf\u00f6r ett paradigmskifte"}]},{"@type":"WebSite","@id":"https:\/\/framtidenskarriar.se\/itdata\/#website","url":"https:\/\/framtidenskarriar.se\/itdata\/","name":"Framtidens karri\u00e4r IT & Data","description":"Just another NMDashboard.se Sites site","potentialAction":[{"@type":"SearchAction","target":{"@type":"EntryPoint","urlTemplate":"https:\/\/framtidenskarriar.se\/itdata\/?s={search_term_string}"},"query-input":{"@type":"PropertyValueSpecification","valueRequired":true,"valueName":"search_term_string"}}],"inLanguage":"sv-SE"},{"@type":"Person","@id":"https:\/\/framtidenskarriar.se\/itdata\/#\/schema\/person\/c8a43eb855191e573b73ecf8987a3b99","name":"stellanstal","image":{"@type":"ImageObject","inLanguage":"sv-SE","@id":"https:\/\/secure.gravatar.com\/avatar\/cd330fa6bb17f598124b2068ee0b189e4fe0987a50af9d53b78410836060d0c9?s=96&d=mm&r=g","url":"https:\/\/secure.gravatar.com\/avatar\/cd330fa6bb17f598124b2068ee0b189e4fe0987a50af9d53b78410836060d0c9?s=96&d=mm&r=g","contentUrl":"https:\/\/secure.gravatar.com\/avatar\/cd330fa6bb17f598124b2068ee0b189e4fe0987a50af9d53b78410836060d0c9?s=96&d=mm&r=g","caption":"stellanstal"},"url":"https:\/\/framtidenskarriar.se\/itdata\/author\/stellanstal\/"}]}},"_links":{"self":[{"href":"https:\/\/framtidenskarriar.se\/itdata\/wp-json\/wp\/v2\/posts\/5740","targetHints":{"allow":["GET"]}}],"collection":[{"href":"https:\/\/framtidenskarriar.se\/itdata\/wp-json\/wp\/v2\/posts"}],"about":[{"href":"https:\/\/framtidenskarriar.se\/itdata\/wp-json\/wp\/v2\/types\/post"}],"author":[{"embeddable":true,"href":"https:\/\/framtidenskarriar.se\/itdata\/wp-json\/wp\/v2\/users\/3"}],"replies":[{"embeddable":true,"href":"https:\/\/framtidenskarriar.se\/itdata\/wp-json\/wp\/v2\/comments?post=5740"}],"version-history":[{"count":0,"href":"https:\/\/framtidenskarriar.se\/itdata\/wp-json\/wp\/v2\/posts\/5740\/revisions"}],"wp:featuredmedia":[{"embeddable":true,"href":"https:\/\/framtidenskarriar.se\/itdata\/wp-json\/wp\/v2\/media\/5741"}],"wp:attachment":[{"href":"https:\/\/framtidenskarriar.se\/itdata\/wp-json\/wp\/v2\/media?parent=5740"}],"wp:term":[{"taxonomy":"category","embeddable":true,"href":"https:\/\/framtidenskarriar.se\/itdata\/wp-json\/wp\/v2\/categories?post=5740"},{"taxonomy":"post_tag","embeddable":true,"href":"https:\/\/framtidenskarriar.se\/itdata\/wp-json\/wp\/v2\/tags?post=5740"}],"curies":[{"name":"wp","href":"https:\/\/api.w.org\/{rel}","templated":true}]}}