{"id":5798,"date":"2019-02-13T17:03:23","date_gmt":"2019-02-13T15:03:23","guid":{"rendered":"http:\/\/framtidenskarriar.se\/itdata\/?p=5798"},"modified":"2019-02-13T17:03:23","modified_gmt":"2019-02-13T15:03:23","slug":"vill-du-ocksa-vara-med-och-driva-utvecklingen-framat","status":"publish","type":"post","link":"https:\/\/framtidenskarriar.se\/itdata\/2019\/02\/13\/vill-du-ocksa-vara-med-och-driva-utvecklingen-framat\/","title":{"rendered":"Vill du ocks\u00e5 vara med och driva utvecklingen fram\u00e5t?"},"content":{"rendered":"<p><img loading=\"lazy\" decoding=\"async\" class=\"alignnone size-full wp-image-5799\" src=\"https:\/\/framtidenskarriar.se\/itdata\/wp-content\/uploads\/sites\/13\/2019\/02\/ericsson-bild.jpg\" alt=\"ericsson_bild\" width=\"1000\" height=\"656\" srcset=\"https:\/\/framtidenskarriar.se\/itdata\/wp-content\/uploads\/sites\/13\/2019\/02\/ericsson-bild.jpg 1000w, https:\/\/framtidenskarriar.se\/itdata\/wp-content\/uploads\/sites\/13\/2019\/02\/ericsson-bild-300x197.jpg 300w, https:\/\/framtidenskarriar.se\/itdata\/wp-content\/uploads\/sites\/13\/2019\/02\/ericsson-bild-768x504.jpg 768w, https:\/\/framtidenskarriar.se\/itdata\/wp-content\/uploads\/sites\/13\/2019\/02\/ericsson-bild-244x160.jpg 244w, https:\/\/framtidenskarriar.se\/itdata\/wp-content\/uploads\/sites\/13\/2019\/02\/ericsson-bild-526x345.jpg 526w, https:\/\/framtidenskarriar.se\/itdata\/wp-content\/uploads\/sites\/13\/2019\/02\/ericsson-bild-720x472.jpg 720w, https:\/\/framtidenskarriar.se\/itdata\/wp-content\/uploads\/sites\/13\/2019\/02\/ericsson-bild-960x630.jpg 960w\" sizes=\"auto, (max-width: 1000px) 100vw, 1000px\" \/><\/p>\n<figure id=\"attachment_5806\" aria-describedby=\"caption-attachment-5806\" style=\"width: 146px\" class=\"wp-caption alignright\"><img loading=\"lazy\" decoding=\"async\" src=\"https:\/\/framtidenskarriar.se\/itdata\/wp-content\/uploads\/sites\/13\/2019\/02\/erik2.png\" alt=\"Erik Josefsson, Head of Advanced Industries p\u00e5 Ericsson.\" width=\"146\" height=\"206\" class=\"size-full wp-image-5806\" srcset=\"https:\/\/framtidenskarriar.se\/itdata\/wp-content\/uploads\/sites\/13\/2019\/02\/erik2.png 146w, https:\/\/framtidenskarriar.se\/itdata\/wp-content\/uploads\/sites\/13\/2019\/02\/erik2-113x160.png 113w\" sizes=\"auto, (max-width: 146px) 100vw, 146px\" \/><figcaption id=\"caption-attachment-5806\" class=\"wp-caption-text\">Erik Josefsson, Head of Advanced Industries p\u00e5 Ericsson.<\/figcaption><\/figure>\n<p><strong>Erik Josefsson, Head of Advanced Industries p\u00e5 Ericsson har arbetat i olika roller f\u00f6r Ericsson i Singapore, Kuala Lumpur och Dallas innan han kom till huvudkontoret i Stockholm.<\/strong><\/p>\n<p>Han \u00e4r passionerad n\u00e4r det g\u00e4ller de m\u00f6jligheter som 5G och IoT ger f\u00f6r att f\u00f6rverkliga det som kallas Industry 4.0, d\u00e4r digitalisering och automatisering av industriella processer kommer att ge helt nya, smarta fabriker, arbetsmetoder och produkter.<\/p>\n<p>\u2013 Det \u00e4r otroligt kul att f\u00e5 vara med och driva utvecklingen. Unga talanger kan verkligen f\u00f6r\u00e4ndra industrin globalt. P\u00e5 Ericsson kan man vara intrapren\u00f6r och arbeta v\u00e4ldigt brett.<\/p>\n<p>Vill du ocks\u00e5 vara med och driva utvecklingen fram\u00e5t?<\/p>\n<p><strong><a title=\"Ericsson annons jobb ans\u00f6k\" href=\"https:\/\/www.ericsson.com\/en\/careers\" target=\"_blank\" rel=\"noopener noreferrer\">L\u00e4s mer om v\u00e5ra lediga tj\u00e4nster h\u00e4r<\/a><\/strong><\/p>\n","protected":false},"excerpt":{"rendered":"<p>Erik Josefsson, Head of Advanced Industries p\u00e5 Ericsson har arbetat i olika roller f\u00f6r Ericsson&#8230;<\/p>\n","protected":false},"author":2,"featured_media":5799,"comment_status":"closed","ping_status":"open","sticky":false,"template":"","format":"standard","meta":{"_acf_changed":false,"_monsterinsights_skip_tracking":false,"_monsterinsights_sitenote_active":false,"_monsterinsights_sitenote_note":"","_monsterinsights_sitenote_category":0,"footnotes":""},"categories":[9],"tags":[72,139],"class_list":["post-5798","post","type-post","status-publish","format-standard","has-post-thumbnail","hentry","category-presentation","tag-ericsson","tag-jobb"],"acf":[],"yoast_head":"<!-- This site is optimized with the Yoast SEO plugin v27.3 - https:\/\/yoast.com\/product\/yoast-seo-wordpress\/ -->\n<title>Vill du ocks\u00e5 vara med och driva utvecklingen fram\u00e5t? - Framtidens karri\u00e4r IT &amp; Data<\/title>\n<meta name=\"robots\" content=\"index, follow, max-snippet:-1, max-image-preview:large, max-video-preview:-1\" \/>\n<link rel=\"canonical\" href=\"https:\/\/framtidenskarriar.se\/itdata\/2019\/02\/13\/vill-du-ocksa-vara-med-och-driva-utvecklingen-framat\/\" \/>\n<meta property=\"og:locale\" content=\"sv_SE\" \/>\n<meta property=\"og:type\" content=\"article\" \/>\n<meta property=\"og:title\" content=\"Vill du ocks\u00e5 vara med och driva utvecklingen fram\u00e5t? - Framtidens karri\u00e4r IT &amp; Data\" \/>\n<meta property=\"og:description\" content=\"Erik Josefsson, Head of Advanced Industries p\u00e5 Ericsson har arbetat i olika roller f\u00f6r Ericsson...\" \/>\n<meta property=\"og:url\" content=\"https:\/\/framtidenskarriar.se\/itdata\/2019\/02\/13\/vill-du-ocksa-vara-med-och-driva-utvecklingen-framat\/\" \/>\n<meta property=\"og:site_name\" content=\"Framtidens karri\u00e4r IT &amp; Data\" \/>\n<meta property=\"article:published_time\" content=\"2019-02-13T15:03:23+00:00\" \/>\n<meta property=\"og:image\" content=\"https:\/\/framtidenskarriar.se\/itdata\/wp-content\/uploads\/sites\/13\/2019\/02\/ericsson-bild.jpg\" \/>\n\t<meta property=\"og:image:width\" content=\"1000\" \/>\n\t<meta property=\"og:image:height\" content=\"656\" \/>\n\t<meta property=\"og:image:type\" content=\"image\/jpeg\" \/>\n<meta name=\"author\" content=\"viktorwallen\" \/>\n<meta name=\"twitter:card\" content=\"summary_large_image\" \/>\n<meta name=\"twitter:label1\" content=\"Skriven av\" \/>\n\t<meta name=\"twitter:data1\" content=\"viktorwallen\" \/>\n\t<meta name=\"twitter:label2\" content=\"Ber\u00e4knad l\u00e4stid\" \/>\n\t<meta name=\"twitter:data2\" content=\"1 minut\" \/>\n<script type=\"application\/ld+json\" class=\"yoast-schema-graph\">{\"@context\":\"https:\\\/\\\/schema.org\",\"@graph\":[{\"@type\":\"Article\",\"@id\":\"https:\\\/\\\/framtidenskarriar.se\\\/itdata\\\/2019\\\/02\\\/13\\\/vill-du-ocksa-vara-med-och-driva-utvecklingen-framat\\\/#article\",\"isPartOf\":{\"@id\":\"https:\\\/\\\/framtidenskarriar.se\\\/itdata\\\/2019\\\/02\\\/13\\\/vill-du-ocksa-vara-med-och-driva-utvecklingen-framat\\\/\"},\"author\":{\"name\":\"viktorwallen\",\"@id\":\"https:\\\/\\\/framtidenskarriar.se\\\/itdata\\\/#\\\/schema\\\/person\\\/2a13a849ec7646386c2211f59afe3083\"},\"headline\":\"Vill du ocks\u00e5 vara med och driva utvecklingen fram\u00e5t?\",\"datePublished\":\"2019-02-13T15:03:23+00:00\",\"mainEntityOfPage\":{\"@id\":\"https:\\\/\\\/framtidenskarriar.se\\\/itdata\\\/2019\\\/02\\\/13\\\/vill-du-ocksa-vara-med-och-driva-utvecklingen-framat\\\/\"},\"wordCount\":150,\"image\":{\"@id\":\"https:\\\/\\\/framtidenskarriar.se\\\/itdata\\\/2019\\\/02\\\/13\\\/vill-du-ocksa-vara-med-och-driva-utvecklingen-framat\\\/#primaryimage\"},\"thumbnailUrl\":\"https:\\\/\\\/framtidenskarriar.se\\\/itdata\\\/wp-content\\\/uploads\\\/sites\\\/13\\\/2019\\\/02\\\/ericsson-bild.jpg\",\"keywords\":[\"Ericsson\",\"Jobb\"],\"articleSection\":[\"Presentation\"],\"inLanguage\":\"sv-SE\"},{\"@type\":\"WebPage\",\"@id\":\"https:\\\/\\\/framtidenskarriar.se\\\/itdata\\\/2019\\\/02\\\/13\\\/vill-du-ocksa-vara-med-och-driva-utvecklingen-framat\\\/\",\"url\":\"https:\\\/\\\/framtidenskarriar.se\\\/itdata\\\/2019\\\/02\\\/13\\\/vill-du-ocksa-vara-med-och-driva-utvecklingen-framat\\\/\",\"name\":\"Vill du ocks\u00e5 vara med och driva utvecklingen fram\u00e5t? - Framtidens karri\u00e4r IT & Data\",\"isPartOf\":{\"@id\":\"https:\\\/\\\/framtidenskarriar.se\\\/itdata\\\/#website\"},\"primaryImageOfPage\":{\"@id\":\"https:\\\/\\\/framtidenskarriar.se\\\/itdata\\\/2019\\\/02\\\/13\\\/vill-du-ocksa-vara-med-och-driva-utvecklingen-framat\\\/#primaryimage\"},\"image\":{\"@id\":\"https:\\\/\\\/framtidenskarriar.se\\\/itdata\\\/2019\\\/02\\\/13\\\/vill-du-ocksa-vara-med-och-driva-utvecklingen-framat\\\/#primaryimage\"},\"thumbnailUrl\":\"https:\\\/\\\/framtidenskarriar.se\\\/itdata\\\/wp-content\\\/uploads\\\/sites\\\/13\\\/2019\\\/02\\\/ericsson-bild.jpg\",\"datePublished\":\"2019-02-13T15:03:23+00:00\",\"author\":{\"@id\":\"https:\\\/\\\/framtidenskarriar.se\\\/itdata\\\/#\\\/schema\\\/person\\\/2a13a849ec7646386c2211f59afe3083\"},\"breadcrumb\":{\"@id\":\"https:\\\/\\\/framtidenskarriar.se\\\/itdata\\\/2019\\\/02\\\/13\\\/vill-du-ocksa-vara-med-och-driva-utvecklingen-framat\\\/#breadcrumb\"},\"inLanguage\":\"sv-SE\",\"potentialAction\":[{\"@type\":\"ReadAction\",\"target\":[\"https:\\\/\\\/framtidenskarriar.se\\\/itdata\\\/2019\\\/02\\\/13\\\/vill-du-ocksa-vara-med-och-driva-utvecklingen-framat\\\/\"]}]},{\"@type\":\"ImageObject\",\"inLanguage\":\"sv-SE\",\"@id\":\"https:\\\/\\\/framtidenskarriar.se\\\/itdata\\\/2019\\\/02\\\/13\\\/vill-du-ocksa-vara-med-och-driva-utvecklingen-framat\\\/#primaryimage\",\"url\":\"https:\\\/\\\/framtidenskarriar.se\\\/itdata\\\/wp-content\\\/uploads\\\/sites\\\/13\\\/2019\\\/02\\\/ericsson-bild.jpg\",\"contentUrl\":\"https:\\\/\\\/framtidenskarriar.se\\\/itdata\\\/wp-content\\\/uploads\\\/sites\\\/13\\\/2019\\\/02\\\/ericsson-bild.jpg\",\"width\":1000,\"height\":656,\"caption\":\"ericsson_bild\"},{\"@type\":\"BreadcrumbList\",\"@id\":\"https:\\\/\\\/framtidenskarriar.se\\\/itdata\\\/2019\\\/02\\\/13\\\/vill-du-ocksa-vara-med-och-driva-utvecklingen-framat\\\/#breadcrumb\",\"itemListElement\":[{\"@type\":\"ListItem\",\"position\":1,\"name\":\"Home\",\"item\":\"https:\\\/\\\/framtidenskarriar.se\\\/itdata\\\/\"},{\"@type\":\"ListItem\",\"position\":2,\"name\":\"Vill du ocks\u00e5 vara med och driva utvecklingen fram\u00e5t?\"}]},{\"@type\":\"WebSite\",\"@id\":\"https:\\\/\\\/framtidenskarriar.se\\\/itdata\\\/#website\",\"url\":\"https:\\\/\\\/framtidenskarriar.se\\\/itdata\\\/\",\"name\":\"Framtidens karri\u00e4r IT & Data\",\"description\":\"Just another NMDashboard.se Sites site\",\"potentialAction\":[{\"@type\":\"SearchAction\",\"target\":{\"@type\":\"EntryPoint\",\"urlTemplate\":\"https:\\\/\\\/framtidenskarriar.se\\\/itdata\\\/?s={search_term_string}\"},\"query-input\":{\"@type\":\"PropertyValueSpecification\",\"valueRequired\":true,\"valueName\":\"search_term_string\"}}],\"inLanguage\":\"sv-SE\"},{\"@type\":\"Person\",\"@id\":\"https:\\\/\\\/framtidenskarriar.se\\\/itdata\\\/#\\\/schema\\\/person\\\/2a13a849ec7646386c2211f59afe3083\",\"name\":\"viktorwallen\",\"image\":{\"@type\":\"ImageObject\",\"inLanguage\":\"sv-SE\",\"@id\":\"https:\\\/\\\/secure.gravatar.com\\\/avatar\\\/701701bd36169636031933997c8c6b954f2f635bbb7cd4802e4a007f9c9f4e59?s=96&d=mm&r=g\",\"url\":\"https:\\\/\\\/secure.gravatar.com\\\/avatar\\\/701701bd36169636031933997c8c6b954f2f635bbb7cd4802e4a007f9c9f4e59?s=96&d=mm&r=g\",\"contentUrl\":\"https:\\\/\\\/secure.gravatar.com\\\/avatar\\\/701701bd36169636031933997c8c6b954f2f635bbb7cd4802e4a007f9c9f4e59?s=96&d=mm&r=g\",\"caption\":\"viktorwallen\"},\"url\":\"https:\\\/\\\/framtidenskarriar.se\\\/itdata\\\/author\\\/viktorwallen\\\/\"}]}<\/script>\n<!-- \/ Yoast SEO plugin. -->","yoast_head_json":{"title":"Vill du ocks\u00e5 vara med och driva utvecklingen fram\u00e5t? - Framtidens karri\u00e4r IT & Data","robots":{"index":"index","follow":"follow","max-snippet":"max-snippet:-1","max-image-preview":"max-image-preview:large","max-video-preview":"max-video-preview:-1"},"canonical":"https:\/\/framtidenskarriar.se\/itdata\/2019\/02\/13\/vill-du-ocksa-vara-med-och-driva-utvecklingen-framat\/","og_locale":"sv_SE","og_type":"article","og_title":"Vill du ocks\u00e5 vara med och driva utvecklingen fram\u00e5t? - Framtidens karri\u00e4r IT & Data","og_description":"Erik Josefsson, Head of Advanced Industries p\u00e5 Ericsson har arbetat i olika roller f\u00f6r Ericsson...","og_url":"https:\/\/framtidenskarriar.se\/itdata\/2019\/02\/13\/vill-du-ocksa-vara-med-och-driva-utvecklingen-framat\/","og_site_name":"Framtidens karri\u00e4r IT & Data","article_published_time":"2019-02-13T15:03:23+00:00","og_image":[{"width":1000,"height":656,"url":"https:\/\/framtidenskarriar.se\/itdata\/wp-content\/uploads\/sites\/13\/2019\/02\/ericsson-bild.jpg","type":"image\/jpeg"}],"author":"viktorwallen","twitter_card":"summary_large_image","twitter_misc":{"Skriven av":"viktorwallen","Ber\u00e4knad l\u00e4stid":"1 minut"},"schema":{"@context":"https:\/\/schema.org","@graph":[{"@type":"Article","@id":"https:\/\/framtidenskarriar.se\/itdata\/2019\/02\/13\/vill-du-ocksa-vara-med-och-driva-utvecklingen-framat\/#article","isPartOf":{"@id":"https:\/\/framtidenskarriar.se\/itdata\/2019\/02\/13\/vill-du-ocksa-vara-med-och-driva-utvecklingen-framat\/"},"author":{"name":"viktorwallen","@id":"https:\/\/framtidenskarriar.se\/itdata\/#\/schema\/person\/2a13a849ec7646386c2211f59afe3083"},"headline":"Vill du ocks\u00e5 vara med och driva utvecklingen fram\u00e5t?","datePublished":"2019-02-13T15:03:23+00:00","mainEntityOfPage":{"@id":"https:\/\/framtidenskarriar.se\/itdata\/2019\/02\/13\/vill-du-ocksa-vara-med-och-driva-utvecklingen-framat\/"},"wordCount":150,"image":{"@id":"https:\/\/framtidenskarriar.se\/itdata\/2019\/02\/13\/vill-du-ocksa-vara-med-och-driva-utvecklingen-framat\/#primaryimage"},"thumbnailUrl":"https:\/\/framtidenskarriar.se\/itdata\/wp-content\/uploads\/sites\/13\/2019\/02\/ericsson-bild.jpg","keywords":["Ericsson","Jobb"],"articleSection":["Presentation"],"inLanguage":"sv-SE"},{"@type":"WebPage","@id":"https:\/\/framtidenskarriar.se\/itdata\/2019\/02\/13\/vill-du-ocksa-vara-med-och-driva-utvecklingen-framat\/","url":"https:\/\/framtidenskarriar.se\/itdata\/2019\/02\/13\/vill-du-ocksa-vara-med-och-driva-utvecklingen-framat\/","name":"Vill du ocks\u00e5 vara med och driva utvecklingen fram\u00e5t? - Framtidens karri\u00e4r IT & Data","isPartOf":{"@id":"https:\/\/framtidenskarriar.se\/itdata\/#website"},"primaryImageOfPage":{"@id":"https:\/\/framtidenskarriar.se\/itdata\/2019\/02\/13\/vill-du-ocksa-vara-med-och-driva-utvecklingen-framat\/#primaryimage"},"image":{"@id":"https:\/\/framtidenskarriar.se\/itdata\/2019\/02\/13\/vill-du-ocksa-vara-med-och-driva-utvecklingen-framat\/#primaryimage"},"thumbnailUrl":"https:\/\/framtidenskarriar.se\/itdata\/wp-content\/uploads\/sites\/13\/2019\/02\/ericsson-bild.jpg","datePublished":"2019-02-13T15:03:23+00:00","author":{"@id":"https:\/\/framtidenskarriar.se\/itdata\/#\/schema\/person\/2a13a849ec7646386c2211f59afe3083"},"breadcrumb":{"@id":"https:\/\/framtidenskarriar.se\/itdata\/2019\/02\/13\/vill-du-ocksa-vara-med-och-driva-utvecklingen-framat\/#breadcrumb"},"inLanguage":"sv-SE","potentialAction":[{"@type":"ReadAction","target":["https:\/\/framtidenskarriar.se\/itdata\/2019\/02\/13\/vill-du-ocksa-vara-med-och-driva-utvecklingen-framat\/"]}]},{"@type":"ImageObject","inLanguage":"sv-SE","@id":"https:\/\/framtidenskarriar.se\/itdata\/2019\/02\/13\/vill-du-ocksa-vara-med-och-driva-utvecklingen-framat\/#primaryimage","url":"https:\/\/framtidenskarriar.se\/itdata\/wp-content\/uploads\/sites\/13\/2019\/02\/ericsson-bild.jpg","contentUrl":"https:\/\/framtidenskarriar.se\/itdata\/wp-content\/uploads\/sites\/13\/2019\/02\/ericsson-bild.jpg","width":1000,"height":656,"caption":"ericsson_bild"},{"@type":"BreadcrumbList","@id":"https:\/\/framtidenskarriar.se\/itdata\/2019\/02\/13\/vill-du-ocksa-vara-med-och-driva-utvecklingen-framat\/#breadcrumb","itemListElement":[{"@type":"ListItem","position":1,"name":"Home","item":"https:\/\/framtidenskarriar.se\/itdata\/"},{"@type":"ListItem","position":2,"name":"Vill du ocks\u00e5 vara med och driva utvecklingen fram\u00e5t?"}]},{"@type":"WebSite","@id":"https:\/\/framtidenskarriar.se\/itdata\/#website","url":"https:\/\/framtidenskarriar.se\/itdata\/","name":"Framtidens karri\u00e4r IT & Data","description":"Just another NMDashboard.se Sites site","potentialAction":[{"@type":"SearchAction","target":{"@type":"EntryPoint","urlTemplate":"https:\/\/framtidenskarriar.se\/itdata\/?s={search_term_string}"},"query-input":{"@type":"PropertyValueSpecification","valueRequired":true,"valueName":"search_term_string"}}],"inLanguage":"sv-SE"},{"@type":"Person","@id":"https:\/\/framtidenskarriar.se\/itdata\/#\/schema\/person\/2a13a849ec7646386c2211f59afe3083","name":"viktorwallen","image":{"@type":"ImageObject","inLanguage":"sv-SE","@id":"https:\/\/secure.gravatar.com\/avatar\/701701bd36169636031933997c8c6b954f2f635bbb7cd4802e4a007f9c9f4e59?s=96&d=mm&r=g","url":"https:\/\/secure.gravatar.com\/avatar\/701701bd36169636031933997c8c6b954f2f635bbb7cd4802e4a007f9c9f4e59?s=96&d=mm&r=g","contentUrl":"https:\/\/secure.gravatar.com\/avatar\/701701bd36169636031933997c8c6b954f2f635bbb7cd4802e4a007f9c9f4e59?s=96&d=mm&r=g","caption":"viktorwallen"},"url":"https:\/\/framtidenskarriar.se\/itdata\/author\/viktorwallen\/"}]}},"_links":{"self":[{"href":"https:\/\/framtidenskarriar.se\/itdata\/wp-json\/wp\/v2\/posts\/5798","targetHints":{"allow":["GET"]}}],"collection":[{"href":"https:\/\/framtidenskarriar.se\/itdata\/wp-json\/wp\/v2\/posts"}],"about":[{"href":"https:\/\/framtidenskarriar.se\/itdata\/wp-json\/wp\/v2\/types\/post"}],"author":[{"embeddable":true,"href":"https:\/\/framtidenskarriar.se\/itdata\/wp-json\/wp\/v2\/users\/2"}],"replies":[{"embeddable":true,"href":"https:\/\/framtidenskarriar.se\/itdata\/wp-json\/wp\/v2\/comments?post=5798"}],"version-history":[{"count":0,"href":"https:\/\/framtidenskarriar.se\/itdata\/wp-json\/wp\/v2\/posts\/5798\/revisions"}],"wp:featuredmedia":[{"embeddable":true,"href":"https:\/\/framtidenskarriar.se\/itdata\/wp-json\/wp\/v2\/media\/5799"}],"wp:attachment":[{"href":"https:\/\/framtidenskarriar.se\/itdata\/wp-json\/wp\/v2\/media?parent=5798"}],"wp:term":[{"taxonomy":"category","embeddable":true,"href":"https:\/\/framtidenskarriar.se\/itdata\/wp-json\/wp\/v2\/categories?post=5798"},{"taxonomy":"post_tag","embeddable":true,"href":"https:\/\/framtidenskarriar.se\/itdata\/wp-json\/wp\/v2\/tags?post=5798"}],"curies":[{"name":"wp","href":"https:\/\/api.w.org\/{rel}","templated":true}]}}