{"id":5821,"date":"2019-02-13T17:05:44","date_gmt":"2019-02-13T15:05:44","guid":{"rendered":"http:\/\/framtidenskarriar.se\/itdata\/?p=5821"},"modified":"2019-02-13T17:05:44","modified_gmt":"2019-02-13T15:05:44","slug":"ett-logistikforetag-i-framkant","status":"publish","type":"post","link":"https:\/\/framtidenskarriar.se\/itdata\/2019\/02\/13\/ett-logistikforetag-i-framkant\/","title":{"rendered":"Ett logistikf\u00f6retag i framkant"},"content":{"rendered":"<p><figure id=\"attachment_5822\" aria-describedby=\"caption-attachment-5822\" style=\"width: 1000px\" class=\"wp-caption alignnone\"><img loading=\"lazy\" decoding=\"async\" src=\"https:\/\/framtidenskarriar.se\/itdata\/wp-content\/uploads\/sites\/13\/2019\/02\/postnord-y5a4818.jpg\" alt=\"Mikael Qvist, Automation Analyst p\u00e5 PostNord i Stockholm och Alma S\u00f6derqvist, Business Analyst p\u00e5 PostNord i K\u00f6penhamn. Foto: Gonzalo Irigoyen\" width=\"1000\" height=\"661\" class=\"size-full wp-image-5822\" srcset=\"https:\/\/framtidenskarriar.se\/itdata\/wp-content\/uploads\/sites\/13\/2019\/02\/postnord-y5a4818.jpg 1000w, https:\/\/framtidenskarriar.se\/itdata\/wp-content\/uploads\/sites\/13\/2019\/02\/postnord-y5a4818-300x198.jpg 300w, https:\/\/framtidenskarriar.se\/itdata\/wp-content\/uploads\/sites\/13\/2019\/02\/postnord-y5a4818-768x508.jpg 768w, https:\/\/framtidenskarriar.se\/itdata\/wp-content\/uploads\/sites\/13\/2019\/02\/postnord-y5a4818-242x160.jpg 242w, https:\/\/framtidenskarriar.se\/itdata\/wp-content\/uploads\/sites\/13\/2019\/02\/postnord-y5a4818-526x348.jpg 526w, https:\/\/framtidenskarriar.se\/itdata\/wp-content\/uploads\/sites\/13\/2019\/02\/postnord-y5a4818-720x476.jpg 720w, https:\/\/framtidenskarriar.se\/itdata\/wp-content\/uploads\/sites\/13\/2019\/02\/postnord-y5a4818-960x635.jpg 960w\" sizes=\"auto, (max-width: 1000px) 100vw, 1000px\" \/><figcaption id=\"caption-attachment-5822\" class=\"wp-caption-text\">Mikael Qvist, Automation Analyst p\u00e5 PostNord i Stockholm och Alma S\u00f6derqvist, Business Analyst p\u00e5 PostNord i K\u00f6penhamn. Foto: Gonzalo Irigoyen<\/figcaption><\/figure><strong>PostNord \u00e4r v\u00e4rldsledande p\u00e5 digitalisering i sin bransch och m\u00e5nga sp\u00e4nnande utmaningar v\u00e4ntar fram\u00f6ver. Bland annat kommer Artificiell Intelligens (AI) att bidra till att potentiella problem uppt\u00e4cks och \u00e5tg\u00e4rdas i tid.<\/strong><\/p>\n<p>F\u00f6r att ytterligare effektivisera utvecklingsarbetet inom PostNord har de samlat arbetet med digitalisering och automation p\u00e5 en central avdelning, och d\u00e4r jobbar Alma S\u00f6derqvist.<br \/>\n\u2013 Jag sitter p\u00e5 kontoret i K\u00f6penhamn och jobbar idag som Business Analyst. Tidigare var jag p\u00e5 HR-avdelningen, men i samband med att jag gick det nordiska Mentorsprogrammet inom PostNord s\u00e5 blev jag erbjuden det h\u00e4r jobbet. Det \u00e4r ett exempel p\u00e5 den positiva utvecklingskultur som finns inom f\u00f6retaget. Man f\u00e5r mycket uppmuntran i att s\u00f6ka sig nya v\u00e4gar och utvecklas i den riktning som k\u00e4nns intressant, konstaterar hon.<\/p>\n<p><strong>\u00d6kad digitalisering till nytta f\u00f6r kunderna<\/strong><br \/>\nP\u00e5 hennes avdelning har de \u00f6ver 60 automationsprocesser ig\u00e5ng, som inneb\u00e4r att tidigare rutinm\u00e4ssiga g\u00f6rom\u00e5l robotiseras. Det ger tid till att jobba med mer komplicerade uppgifter som i sin tur skapar en b\u00e4ttre service f\u00f6r kunderna.<br \/>\n\u2013 Ett exempel p\u00e5 en process som automatiserats med goda resultat \u00e4r efters\u00f6kning av v\u00e4rdepaket som kommit p\u00e5 avv\u00e4gar. Det g\u00e5r idag betydligt snabbare, till stor gl\u00e4dje f\u00f6r kunderna, och bara den automationsprocessen sparar dessutom ca 24 miljoner per \u00e5r, f\u00f6rklarar Alma S\u00f6derqvist.<br \/>\nHennes kollega Mikael Qvist jobbar som Automation Analyst p\u00e5 kontoret i Stockholm och har jobbat p\u00e5 PostNord i tre \u00e5r.<br \/>\n\u2013 Tidigare jobbade jag bland annat p\u00e5 IBM i m\u00e5nga \u00e5r och kan konstatera att arbetet h\u00e4r p\u00e5 PostNord \u00e4r betydligt mer dynamiskt, n\u00e5got som kanske kan f\u00f6rv\u00e5na. Men det finns en stor f\u00f6r\u00e4ndringsvilja inom f\u00f6retaget och det bedrivs ett mycket strukturerat utvecklingsarbete som det \u00e4r otroligt kul att vara en del av.<\/p>\n<p><strong>Uppmuntras till personlig utveckling<\/strong><br \/>\nSom en del i hans personliga utveckling har han just bytt till automationsavdelningen, tidigare var han Service&amp;Delivery Manager p\u00e5 avdelningen f\u00f6r Logistics and Mail Systems.<br \/>\n\u2013 Bytet \u00e4r en f\u00f6ljd av att jag var inblandad i ett implementeringsprojekt inom AI och maskininl\u00e4rning och blev d\u00e5 s\u00e5 intresserad av det nya omr\u00e5det att jag bad att f\u00e5 jobba vidare med utvecklingen av det inom PostNord. Och d\u00e5 det \u00e4r ett nytt omr\u00e5de f\u00f6r mig s\u00e5 g\u00e5r jag nu genom jobbet tv\u00e5 on-lineutbildningar, en p\u00e5 Helsingfors universitet och en p\u00e5 Stanton University i Kalifornien.<br \/>\nAtt anv\u00e4nda AI och maskininl\u00e4rning f\u00f6r processer inom PostNord \u00e4r \u00e4n s\u00e5 l\u00e4nge i ett tidigt skede, men de ser stor potential f\u00f6r nya anv\u00e4ndningsomr\u00e5den.<br \/>\n\u2013 Det vi kommer att kunna anv\u00e4nda maskininl\u00e4rning och AI till \u00e4r bland annat att i tidiga faser kunna uppt\u00e4cka att n\u00e5got inte fungerar normalt i IT-systemen. Det kan vara att ett system b\u00f6rjar indikera onormalt stora m\u00e4ngder data en tisdag, n\u00e5got som vanligen inte intr\u00e4ffar en tisdag. D\u00e5 kollas det upp och om det blivit n\u00e5got fel i systemet s\u00e5 \u00e5tg\u00e4rdas det innan problemet orsakar en st\u00f6rning i produktionen.<br \/>\nD\u00e4rigenom kommer deras incidenthanteringen att bli betydligt mer effektiv och l\u00f6sningstiderna sjunka ordentligt.<\/p>\n<p><strong>Kul att g\u00e5 till jobbet<\/strong><br \/>\nB\u00e5de Alma S\u00f6derqvist och Mikael Qvist vittnar om ett mycket \u00f6ppet och inkluderande arbetsklimat, n\u00e5got som b\u00e5da uppskattar.<br \/>\n\u2013 Vi har stora friheter inom ramen f\u00f6r v\u00e5ra jobb. Ett exempel \u00e4r att vi kan jobba hemifr\u00e5n ibland. Det viktiga f\u00f6r v\u00e5ra chefer \u00e4r att jobbet blir gjort; var och hur vi g\u00f6r det v\u00e4ljer vi sj\u00e4lva. Det \u00e4r ett stort f\u00f6rtroende de visar oss, n\u00e5got som i sin tur st\u00e4rker oss och g\u00f6r att vi f\u00e5r \u00e4nnu mer energi p\u00e5 jobbet. Det \u00e4r en sk\u00f6n k\u00e4nsla att vakna upp p\u00e5 morgonen och se fram emot att f\u00e5 g\u00e5 till jobbet, konstaterar Alma S\u00f6derqvist med ett leende.<br \/>\nDet inneb\u00e4r ocks\u00e5 att det finns m\u00e5nga medarbetare som varit l\u00e4nge inom f\u00f6retaget, men i olika roller.<br \/>\n\u2013 M\u00e5nga byter relativt ofta arbete internt och f\u00e5r d\u00e4rigenom en stor personlig utveckling. Vi \u00e4r \u00e4ven inne i en f\u00f6ryngringsprocess d\u00e5 det \u00e4r m\u00e5nga pensionsavg\u00e5ngar, s\u00e5 det \u00e4r en h\u00e4rlig blandning av \u00e4ldre erfarna medarbetare och yngre som b\u00e4r med sig nya impulser, avslutar Mikael Qvist.<\/p>\n<p><strong><a href=\"https:\/\/www.postnord.com\/sv\/karriar\/lediga-jobb\/?country=Sweden&amp;position=it\" title=\"PostNord pres jobb ans\u00f6k\" rel=\"noopener noreferrer\" target=\"_blank\">Jobba p\u00e5 PostNord! Se v\u00e5ra lediga tj\u00e4nster och ans\u00f6k h\u00e4r<\/a><\/strong><\/p>\n<div class=\"faktaruta-title\">PostNord<\/div><div class=\"faktaruta\">PostNord \u00e4r den ledande leverant\u00f6ren av kommunikations- och logistikl\u00f6sningar till, fr\u00e5n och inom Norden. Genom v\u00e5r expertis och ett starkt distributionsn\u00e4t utvecklar vi f\u00f6ruts\u00e4ttningarna f\u00f6r morgondagens kommunikation, e-handel, distribution och logistik i Norden. 2017 hade koncernen 31000 anst\u00e4llda och en oms\u00e4ttning p\u00e5 37 miljarder SEK. Moderbolaget \u00e4r ett svenskt publikt bolag med koncernkontor i Solna.<\/p>\n<p><strong><a href=\"https:\/\/www.postnord.se\" title=\"PostNord textlink\" rel=\"noopener noreferrer\" target=\"_blank\">www.postnord.se<\/a><\/strong><\/p>\n<p><a href=\"https:\/\/www.postnord.se\" title=\"PostNord logotype\" rel=\"noopener noreferrer\" target=\"_blank\"><img loading=\"lazy\" decoding=\"async\" src=\"http:\/\/framtidenskarriar.se\/itdata\/wp-content\/uploads\/2019\/02\/postnord_pn_color_pms_c-530x100.png\" alt=\"PostNord logotype\" width=\"332\" height=\"62\" class=\"alignnone size-medium wp-image-5823\" \/><\/a><br \/>\n<\/div>\n","protected":false},"excerpt":{"rendered":"<p>PostNord \u00e4r v\u00e4rldsledande p\u00e5 digitalisering i sin bransch och m\u00e5nga sp\u00e4nnande utmaningar v\u00e4ntar fram\u00f6ver. Bland&#8230;<\/p>\n","protected":false},"author":2,"featured_media":5822,"comment_status":"closed","ping_status":"open","sticky":false,"template":"","format":"standard","meta":{"_acf_changed":false,"_monsterinsights_skip_tracking":false,"_monsterinsights_sitenote_active":false,"_monsterinsights_sitenote_note":"","_monsterinsights_sitenote_category":0,"footnotes":""},"categories":[9],"tags":[62,165,198],"class_list":["post-5821","post","type-post","status-publish","format-standard","has-post-thumbnail","hentry","category-presentation","tag-digitalisering","tag-logistik","tag-postnord"],"acf":[],"yoast_head":"<!-- This site is optimized with the Yoast SEO plugin v27.3 - https:\/\/yoast.com\/product\/yoast-seo-wordpress\/ -->\n<title>Ett logistikf\u00f6retag i framkant - Framtidens karri\u00e4r IT &amp; Data<\/title>\n<meta name=\"robots\" content=\"index, follow, max-snippet:-1, max-image-preview:large, max-video-preview:-1\" \/>\n<link rel=\"canonical\" href=\"https:\/\/framtidenskarriar.se\/itdata\/2019\/02\/13\/ett-logistikforetag-i-framkant\/\" \/>\n<meta property=\"og:locale\" content=\"sv_SE\" \/>\n<meta property=\"og:type\" content=\"article\" \/>\n<meta property=\"og:title\" content=\"Ett logistikf\u00f6retag i framkant - Framtidens karri\u00e4r IT &amp; Data\" \/>\n<meta property=\"og:description\" content=\"PostNord \u00e4r v\u00e4rldsledande p\u00e5 digitalisering i sin bransch och m\u00e5nga sp\u00e4nnande utmaningar v\u00e4ntar fram\u00f6ver. Bland...\" \/>\n<meta property=\"og:url\" content=\"https:\/\/framtidenskarriar.se\/itdata\/2019\/02\/13\/ett-logistikforetag-i-framkant\/\" \/>\n<meta property=\"og:site_name\" content=\"Framtidens karri\u00e4r IT &amp; Data\" \/>\n<meta property=\"article:published_time\" content=\"2019-02-13T15:05:44+00:00\" \/>\n<meta property=\"og:image\" content=\"https:\/\/framtidenskarriar.se\/itdata\/wp-content\/uploads\/sites\/13\/2019\/02\/postnord-y5a4818.jpg\" \/>\n\t<meta property=\"og:image:width\" content=\"1000\" \/>\n\t<meta property=\"og:image:height\" content=\"661\" \/>\n\t<meta property=\"og:image:type\" content=\"image\/jpeg\" \/>\n<meta name=\"author\" content=\"viktorwallen\" \/>\n<meta name=\"twitter:card\" content=\"summary_large_image\" \/>\n<meta name=\"twitter:label1\" content=\"Skriven av\" \/>\n\t<meta name=\"twitter:data1\" content=\"viktorwallen\" \/>\n\t<meta name=\"twitter:label2\" content=\"Ber\u00e4knad l\u00e4stid\" \/>\n\t<meta name=\"twitter:data2\" content=\"4 minuter\" \/>\n<script type=\"application\/ld+json\" class=\"yoast-schema-graph\">{\"@context\":\"https:\\\/\\\/schema.org\",\"@graph\":[{\"@type\":\"Article\",\"@id\":\"https:\\\/\\\/framtidenskarriar.se\\\/itdata\\\/2019\\\/02\\\/13\\\/ett-logistikforetag-i-framkant\\\/#article\",\"isPartOf\":{\"@id\":\"https:\\\/\\\/framtidenskarriar.se\\\/itdata\\\/2019\\\/02\\\/13\\\/ett-logistikforetag-i-framkant\\\/\"},\"author\":{\"name\":\"viktorwallen\",\"@id\":\"https:\\\/\\\/framtidenskarriar.se\\\/itdata\\\/#\\\/schema\\\/person\\\/2a13a849ec7646386c2211f59afe3083\"},\"headline\":\"Ett logistikf\u00f6retag i framkant\",\"datePublished\":\"2019-02-13T15:05:44+00:00\",\"mainEntityOfPage\":{\"@id\":\"https:\\\/\\\/framtidenskarriar.se\\\/itdata\\\/2019\\\/02\\\/13\\\/ett-logistikforetag-i-framkant\\\/\"},\"wordCount\":871,\"image\":{\"@id\":\"https:\\\/\\\/framtidenskarriar.se\\\/itdata\\\/2019\\\/02\\\/13\\\/ett-logistikforetag-i-framkant\\\/#primaryimage\"},\"thumbnailUrl\":\"https:\\\/\\\/framtidenskarriar.se\\\/itdata\\\/wp-content\\\/uploads\\\/sites\\\/13\\\/2019\\\/02\\\/postnord-y5a4818.jpg\",\"keywords\":[\"Digitalisering\",\"Logistik\",\"PostNord\"],\"articleSection\":[\"Presentation\"],\"inLanguage\":\"sv-SE\"},{\"@type\":\"WebPage\",\"@id\":\"https:\\\/\\\/framtidenskarriar.se\\\/itdata\\\/2019\\\/02\\\/13\\\/ett-logistikforetag-i-framkant\\\/\",\"url\":\"https:\\\/\\\/framtidenskarriar.se\\\/itdata\\\/2019\\\/02\\\/13\\\/ett-logistikforetag-i-framkant\\\/\",\"name\":\"Ett logistikf\u00f6retag i framkant - Framtidens karri\u00e4r IT & Data\",\"isPartOf\":{\"@id\":\"https:\\\/\\\/framtidenskarriar.se\\\/itdata\\\/#website\"},\"primaryImageOfPage\":{\"@id\":\"https:\\\/\\\/framtidenskarriar.se\\\/itdata\\\/2019\\\/02\\\/13\\\/ett-logistikforetag-i-framkant\\\/#primaryimage\"},\"image\":{\"@id\":\"https:\\\/\\\/framtidenskarriar.se\\\/itdata\\\/2019\\\/02\\\/13\\\/ett-logistikforetag-i-framkant\\\/#primaryimage\"},\"thumbnailUrl\":\"https:\\\/\\\/framtidenskarriar.se\\\/itdata\\\/wp-content\\\/uploads\\\/sites\\\/13\\\/2019\\\/02\\\/postnord-y5a4818.jpg\",\"datePublished\":\"2019-02-13T15:05:44+00:00\",\"author\":{\"@id\":\"https:\\\/\\\/framtidenskarriar.se\\\/itdata\\\/#\\\/schema\\\/person\\\/2a13a849ec7646386c2211f59afe3083\"},\"breadcrumb\":{\"@id\":\"https:\\\/\\\/framtidenskarriar.se\\\/itdata\\\/2019\\\/02\\\/13\\\/ett-logistikforetag-i-framkant\\\/#breadcrumb\"},\"inLanguage\":\"sv-SE\",\"potentialAction\":[{\"@type\":\"ReadAction\",\"target\":[\"https:\\\/\\\/framtidenskarriar.se\\\/itdata\\\/2019\\\/02\\\/13\\\/ett-logistikforetag-i-framkant\\\/\"]}]},{\"@type\":\"ImageObject\",\"inLanguage\":\"sv-SE\",\"@id\":\"https:\\\/\\\/framtidenskarriar.se\\\/itdata\\\/2019\\\/02\\\/13\\\/ett-logistikforetag-i-framkant\\\/#primaryimage\",\"url\":\"https:\\\/\\\/framtidenskarriar.se\\\/itdata\\\/wp-content\\\/uploads\\\/sites\\\/13\\\/2019\\\/02\\\/postnord-y5a4818.jpg\",\"contentUrl\":\"https:\\\/\\\/framtidenskarriar.se\\\/itdata\\\/wp-content\\\/uploads\\\/sites\\\/13\\\/2019\\\/02\\\/postnord-y5a4818.jpg\",\"width\":1000,\"height\":661,\"caption\":\"Mikael Qvist, Automation Analyst p\u00e5 PostNord i Stockholm och Alma S\u00f6derqvist, Business Analyst p\u00e5 PostNord i K\u00f6penhamn. Foto: Gonzalo Irigoyen\"},{\"@type\":\"BreadcrumbList\",\"@id\":\"https:\\\/\\\/framtidenskarriar.se\\\/itdata\\\/2019\\\/02\\\/13\\\/ett-logistikforetag-i-framkant\\\/#breadcrumb\",\"itemListElement\":[{\"@type\":\"ListItem\",\"position\":1,\"name\":\"Home\",\"item\":\"https:\\\/\\\/framtidenskarriar.se\\\/itdata\\\/\"},{\"@type\":\"ListItem\",\"position\":2,\"name\":\"Ett logistikf\u00f6retag i framkant\"}]},{\"@type\":\"WebSite\",\"@id\":\"https:\\\/\\\/framtidenskarriar.se\\\/itdata\\\/#website\",\"url\":\"https:\\\/\\\/framtidenskarriar.se\\\/itdata\\\/\",\"name\":\"Framtidens karri\u00e4r IT & Data\",\"description\":\"Just another NMDashboard.se Sites site\",\"potentialAction\":[{\"@type\":\"SearchAction\",\"target\":{\"@type\":\"EntryPoint\",\"urlTemplate\":\"https:\\\/\\\/framtidenskarriar.se\\\/itdata\\\/?s={search_term_string}\"},\"query-input\":{\"@type\":\"PropertyValueSpecification\",\"valueRequired\":true,\"valueName\":\"search_term_string\"}}],\"inLanguage\":\"sv-SE\"},{\"@type\":\"Person\",\"@id\":\"https:\\\/\\\/framtidenskarriar.se\\\/itdata\\\/#\\\/schema\\\/person\\\/2a13a849ec7646386c2211f59afe3083\",\"name\":\"viktorwallen\",\"image\":{\"@type\":\"ImageObject\",\"inLanguage\":\"sv-SE\",\"@id\":\"https:\\\/\\\/secure.gravatar.com\\\/avatar\\\/701701bd36169636031933997c8c6b954f2f635bbb7cd4802e4a007f9c9f4e59?s=96&d=mm&r=g\",\"url\":\"https:\\\/\\\/secure.gravatar.com\\\/avatar\\\/701701bd36169636031933997c8c6b954f2f635bbb7cd4802e4a007f9c9f4e59?s=96&d=mm&r=g\",\"contentUrl\":\"https:\\\/\\\/secure.gravatar.com\\\/avatar\\\/701701bd36169636031933997c8c6b954f2f635bbb7cd4802e4a007f9c9f4e59?s=96&d=mm&r=g\",\"caption\":\"viktorwallen\"},\"url\":\"https:\\\/\\\/framtidenskarriar.se\\\/itdata\\\/author\\\/viktorwallen\\\/\"}]}<\/script>\n<!-- \/ Yoast SEO plugin. -->","yoast_head_json":{"title":"Ett logistikf\u00f6retag i framkant - Framtidens karri\u00e4r IT & Data","robots":{"index":"index","follow":"follow","max-snippet":"max-snippet:-1","max-image-preview":"max-image-preview:large","max-video-preview":"max-video-preview:-1"},"canonical":"https:\/\/framtidenskarriar.se\/itdata\/2019\/02\/13\/ett-logistikforetag-i-framkant\/","og_locale":"sv_SE","og_type":"article","og_title":"Ett logistikf\u00f6retag i framkant - Framtidens karri\u00e4r IT & Data","og_description":"PostNord \u00e4r v\u00e4rldsledande p\u00e5 digitalisering i sin bransch och m\u00e5nga sp\u00e4nnande utmaningar v\u00e4ntar fram\u00f6ver. Bland...","og_url":"https:\/\/framtidenskarriar.se\/itdata\/2019\/02\/13\/ett-logistikforetag-i-framkant\/","og_site_name":"Framtidens karri\u00e4r IT & Data","article_published_time":"2019-02-13T15:05:44+00:00","og_image":[{"width":1000,"height":661,"url":"https:\/\/framtidenskarriar.se\/itdata\/wp-content\/uploads\/sites\/13\/2019\/02\/postnord-y5a4818.jpg","type":"image\/jpeg"}],"author":"viktorwallen","twitter_card":"summary_large_image","twitter_misc":{"Skriven av":"viktorwallen","Ber\u00e4knad l\u00e4stid":"4 minuter"},"schema":{"@context":"https:\/\/schema.org","@graph":[{"@type":"Article","@id":"https:\/\/framtidenskarriar.se\/itdata\/2019\/02\/13\/ett-logistikforetag-i-framkant\/#article","isPartOf":{"@id":"https:\/\/framtidenskarriar.se\/itdata\/2019\/02\/13\/ett-logistikforetag-i-framkant\/"},"author":{"name":"viktorwallen","@id":"https:\/\/framtidenskarriar.se\/itdata\/#\/schema\/person\/2a13a849ec7646386c2211f59afe3083"},"headline":"Ett logistikf\u00f6retag i framkant","datePublished":"2019-02-13T15:05:44+00:00","mainEntityOfPage":{"@id":"https:\/\/framtidenskarriar.se\/itdata\/2019\/02\/13\/ett-logistikforetag-i-framkant\/"},"wordCount":871,"image":{"@id":"https:\/\/framtidenskarriar.se\/itdata\/2019\/02\/13\/ett-logistikforetag-i-framkant\/#primaryimage"},"thumbnailUrl":"https:\/\/framtidenskarriar.se\/itdata\/wp-content\/uploads\/sites\/13\/2019\/02\/postnord-y5a4818.jpg","keywords":["Digitalisering","Logistik","PostNord"],"articleSection":["Presentation"],"inLanguage":"sv-SE"},{"@type":"WebPage","@id":"https:\/\/framtidenskarriar.se\/itdata\/2019\/02\/13\/ett-logistikforetag-i-framkant\/","url":"https:\/\/framtidenskarriar.se\/itdata\/2019\/02\/13\/ett-logistikforetag-i-framkant\/","name":"Ett logistikf\u00f6retag i framkant - Framtidens karri\u00e4r IT & Data","isPartOf":{"@id":"https:\/\/framtidenskarriar.se\/itdata\/#website"},"primaryImageOfPage":{"@id":"https:\/\/framtidenskarriar.se\/itdata\/2019\/02\/13\/ett-logistikforetag-i-framkant\/#primaryimage"},"image":{"@id":"https:\/\/framtidenskarriar.se\/itdata\/2019\/02\/13\/ett-logistikforetag-i-framkant\/#primaryimage"},"thumbnailUrl":"https:\/\/framtidenskarriar.se\/itdata\/wp-content\/uploads\/sites\/13\/2019\/02\/postnord-y5a4818.jpg","datePublished":"2019-02-13T15:05:44+00:00","author":{"@id":"https:\/\/framtidenskarriar.se\/itdata\/#\/schema\/person\/2a13a849ec7646386c2211f59afe3083"},"breadcrumb":{"@id":"https:\/\/framtidenskarriar.se\/itdata\/2019\/02\/13\/ett-logistikforetag-i-framkant\/#breadcrumb"},"inLanguage":"sv-SE","potentialAction":[{"@type":"ReadAction","target":["https:\/\/framtidenskarriar.se\/itdata\/2019\/02\/13\/ett-logistikforetag-i-framkant\/"]}]},{"@type":"ImageObject","inLanguage":"sv-SE","@id":"https:\/\/framtidenskarriar.se\/itdata\/2019\/02\/13\/ett-logistikforetag-i-framkant\/#primaryimage","url":"https:\/\/framtidenskarriar.se\/itdata\/wp-content\/uploads\/sites\/13\/2019\/02\/postnord-y5a4818.jpg","contentUrl":"https:\/\/framtidenskarriar.se\/itdata\/wp-content\/uploads\/sites\/13\/2019\/02\/postnord-y5a4818.jpg","width":1000,"height":661,"caption":"Mikael Qvist, Automation Analyst p\u00e5 PostNord i Stockholm och Alma S\u00f6derqvist, Business Analyst p\u00e5 PostNord i K\u00f6penhamn. Foto: Gonzalo Irigoyen"},{"@type":"BreadcrumbList","@id":"https:\/\/framtidenskarriar.se\/itdata\/2019\/02\/13\/ett-logistikforetag-i-framkant\/#breadcrumb","itemListElement":[{"@type":"ListItem","position":1,"name":"Home","item":"https:\/\/framtidenskarriar.se\/itdata\/"},{"@type":"ListItem","position":2,"name":"Ett logistikf\u00f6retag i framkant"}]},{"@type":"WebSite","@id":"https:\/\/framtidenskarriar.se\/itdata\/#website","url":"https:\/\/framtidenskarriar.se\/itdata\/","name":"Framtidens karri\u00e4r IT & Data","description":"Just another NMDashboard.se Sites site","potentialAction":[{"@type":"SearchAction","target":{"@type":"EntryPoint","urlTemplate":"https:\/\/framtidenskarriar.se\/itdata\/?s={search_term_string}"},"query-input":{"@type":"PropertyValueSpecification","valueRequired":true,"valueName":"search_term_string"}}],"inLanguage":"sv-SE"},{"@type":"Person","@id":"https:\/\/framtidenskarriar.se\/itdata\/#\/schema\/person\/2a13a849ec7646386c2211f59afe3083","name":"viktorwallen","image":{"@type":"ImageObject","inLanguage":"sv-SE","@id":"https:\/\/secure.gravatar.com\/avatar\/701701bd36169636031933997c8c6b954f2f635bbb7cd4802e4a007f9c9f4e59?s=96&d=mm&r=g","url":"https:\/\/secure.gravatar.com\/avatar\/701701bd36169636031933997c8c6b954f2f635bbb7cd4802e4a007f9c9f4e59?s=96&d=mm&r=g","contentUrl":"https:\/\/secure.gravatar.com\/avatar\/701701bd36169636031933997c8c6b954f2f635bbb7cd4802e4a007f9c9f4e59?s=96&d=mm&r=g","caption":"viktorwallen"},"url":"https:\/\/framtidenskarriar.se\/itdata\/author\/viktorwallen\/"}]}},"_links":{"self":[{"href":"https:\/\/framtidenskarriar.se\/itdata\/wp-json\/wp\/v2\/posts\/5821","targetHints":{"allow":["GET"]}}],"collection":[{"href":"https:\/\/framtidenskarriar.se\/itdata\/wp-json\/wp\/v2\/posts"}],"about":[{"href":"https:\/\/framtidenskarriar.se\/itdata\/wp-json\/wp\/v2\/types\/post"}],"author":[{"embeddable":true,"href":"https:\/\/framtidenskarriar.se\/itdata\/wp-json\/wp\/v2\/users\/2"}],"replies":[{"embeddable":true,"href":"https:\/\/framtidenskarriar.se\/itdata\/wp-json\/wp\/v2\/comments?post=5821"}],"version-history":[{"count":0,"href":"https:\/\/framtidenskarriar.se\/itdata\/wp-json\/wp\/v2\/posts\/5821\/revisions"}],"wp:featuredmedia":[{"embeddable":true,"href":"https:\/\/framtidenskarriar.se\/itdata\/wp-json\/wp\/v2\/media\/5822"}],"wp:attachment":[{"href":"https:\/\/framtidenskarriar.se\/itdata\/wp-json\/wp\/v2\/media?parent=5821"}],"wp:term":[{"taxonomy":"category","embeddable":true,"href":"https:\/\/framtidenskarriar.se\/itdata\/wp-json\/wp\/v2\/categories?post=5821"},{"taxonomy":"post_tag","embeddable":true,"href":"https:\/\/framtidenskarriar.se\/itdata\/wp-json\/wp\/v2\/tags?post=5821"}],"curies":[{"name":"wp","href":"https:\/\/api.w.org\/{rel}","templated":true}]}}