{"id":5831,"date":"2019-02-13T17:06:37","date_gmt":"2019-02-13T15:06:37","guid":{"rendered":"http:\/\/framtidenskarriar.se\/itdata\/?p=5831"},"modified":"2023-08-08T10:03:33","modified_gmt":"2023-08-08T10:03:33","slug":"professionell-it-avdelning-pa-myndighet-i-framkant","status":"publish","type":"post","link":"https:\/\/framtidenskarriar.se\/itdata\/2019\/02\/13\/professionell-it-avdelning-pa-myndighet-i-framkant\/","title":{"rendered":"Professionell IT-avdelning p\u00e5 myndighet i framkant"},"content":{"rendered":"\n<figure class=\"wp-block-image alignnone size-full wp-image-5834\"><img loading=\"lazy\" decoding=\"async\" width=\"1000\" height=\"636\" src=\"https:\/\/framtidenskarriar.se\/itdata\/wp-content\/uploads\/sites\/13\/2019\/02\/lantmateriet-johan3.jpg\" alt=\"Johan Westin, systemutvecklare p\u00e5 Lantm\u00e4teriet.\" class=\"wp-image-5834\" srcset=\"https:\/\/framtidenskarriar.se\/itdata\/wp-content\/uploads\/sites\/13\/2019\/02\/lantmateriet-johan3.jpg 1000w, https:\/\/framtidenskarriar.se\/itdata\/wp-content\/uploads\/sites\/13\/2019\/02\/lantmateriet-johan3-300x191.jpg 300w, https:\/\/framtidenskarriar.se\/itdata\/wp-content\/uploads\/sites\/13\/2019\/02\/lantmateriet-johan3-768x488.jpg 768w, https:\/\/framtidenskarriar.se\/itdata\/wp-content\/uploads\/sites\/13\/2019\/02\/lantmateriet-johan3-252x160.jpg 252w, https:\/\/framtidenskarriar.se\/itdata\/wp-content\/uploads\/sites\/13\/2019\/02\/lantmateriet-johan3-526x335.jpg 526w, https:\/\/framtidenskarriar.se\/itdata\/wp-content\/uploads\/sites\/13\/2019\/02\/lantmateriet-johan3-720x458.jpg 720w, https:\/\/framtidenskarriar.se\/itdata\/wp-content\/uploads\/sites\/13\/2019\/02\/lantmateriet-johan3-960x611.jpg 960w\" sizes=\"auto, (max-width: 1000px) 100vw, 1000px\" \/><figcaption class=\"wp-element-caption\">Johan Westin, systemutvecklare p\u00e5 Lantm\u00e4teriet. Foto: Pernilla Wahlman<\/figcaption><\/figure>\n\n\n\n<p><strong>Lantm\u00e4teriet har en av Sveriges modernaste IT-avdelningar p\u00e5 myndighetssidan. Deras verksamhet \u00e4r avg\u00f6rande f\u00f6r m\u00e5nga kritiska samh\u00e4llsfunktioner och deras agila arbetsmetodik skapar sj\u00e4lvst\u00e4ndiga team som v\u00e5gar testa nya verktyg.<\/strong><\/p>\n\n\n\n<p>Johan Westin \u00e4r civilingenj\u00f6r i grunden och har utvecklat en gedigen IT-kompetens genom olika yrkesroller, fr\u00e4mst i det privata n\u00e4ringslivet. Nu jobbar han som systemutvecklare p\u00e5 Lantm\u00e4teriet i G\u00e4vle sedan tre \u00e5r.<br>\u2013 Jag blev faktiskt lite f\u00f6rv\u00e5nad n\u00e4r jag kom hit och ins\u00e5g hur mycket i framkant av utvecklingen som Lantm\u00e4teriet ligger, b\u00e5de n\u00e4r det g\u00e4ller teknik och metodik, konstaterar han.<\/p>\n\n\n\n<p><strong>Sj\u00e4lvst\u00e4ndiga team<\/strong><br>Han tror ett av sk\u00e4len till att de \u00e4r s\u00e5 moderna \u00e4r att arbetet sker i sj\u00e4lvst\u00e4ndiga agila team som har en stor del sj\u00e4lvbest\u00e4mmande.<br>\u2013 V\u00e5ra chefer ger oss stort f\u00f6rtroende att testa nya v\u00e4gar och d\u00e5 vi \u00e4r en h\u00e4rlig blandning av erfarna och nya drivna systemutvecklare, som b\u00e4r med sig nya impulser, s\u00e5 blir resultatet ofta b\u00e5de framsynt och gediget.<br>M\u00e5nga av deras tj\u00e4nster st\u00f6der samh\u00e4llskritiska funktioner som \u00e4r beroende av kontinuerlig drift.<br>\u2013 Att jobba p\u00e5 en myndighet g\u00f6r att jag kommer n\u00e4rmare samh\u00e4llsutvecklingen och blir en del av samh\u00e4llsbygget, vilket g\u00f6r arbetet \u00e4nnu mer intressant, konstaterar Johan Westin.<\/p>\n\n\n\n<p><strong>Jobbar med den senaste tekniken<\/strong><br>P\u00e5 avdelningen f\u00f6r IT-drift och Infrastruktur jobbar Maria som IT-systemtekniker och hon uppskattar att det \u00e4r en s\u00e5 dynamisk arbetsplats. I hennes tj\u00e4nst ing\u00e5r m\u00e5nga roller, s\u00e5 som Configuration Management, utveckling, DevOps, beredskap, automation och drift av IT-systemet.<br>\u2013 Inom Lantm\u00e4teriets DevOps-projekt h\u00e5ller vi p\u00e5 att bygga en Kubernetes-baserad plattform och tj\u00e4nster. DevOps \u00e4r en metod som handlar om att skapa ett samarbete mellan utveckling (Dev) och IT Operations (Ops) med m\u00e5let att bygga, testa och lansera IT-tj\u00e4nster ofta, snabbt och tillf\u00f6rlitligt, f\u00f6rklarar hon.<br>En av de utmaningar hon gillar med jobbet \u00e4r att man m\u00e5ste ta h\u00e4nsyn till m\u00e5nga olika krav p\u00e5 hur IT-tj\u00e4nster ska se ut och tillhandah\u00e5llas. Allt fr\u00e5n h\u00f6ga krav p\u00e5 s\u00e4kerheten fr\u00e5n R\u00e4ddningstj\u00e4nsten, tj\u00e4nster f\u00f6r medborgarna till geografiska data som n\u00e4ringslivet ska f\u00f6r\u00e4dla.<\/p>\n\n\n\n<p><strong><a title=\"Lantm\u00e4teriet pres jobb ans\u00f6k\" href=\"https:\/\/www.lantmateriet.se\/sv\/jobba-hos-oss\/jobba-pa-var-it-avdelning\/\" target=\"_blank\" rel=\"noopener noreferrer\">Jobba p\u00e5 Lantm\u00e4teriets IT-avdelning. Se v\u00e5ra lediga tj\u00e4nster och ans\u00f6k h\u00e4r<\/a><\/strong><\/p>\n\n\n\n<div class=\"wp-block-group faktaruta\"><div class=\"wp-block-group__inner-container is-layout-constrained wp-block-group-is-layout-constrained\">\n<h6 class=\"wp-block-heading\">Lantm\u00e4teriet<\/h6>\n\n\n\n<p>Vill du utveckla morgondagens Sverige och bidra till samh\u00e4llsnyttan? Lantm\u00e4teriet finns i hela landet och \u00e4r den myndighet som kartl\u00e4gger Sverige. Vi ansvarar f\u00f6r fastighetsindelningen i Sverige och f\u00f6rs\u00f6rjer samh\u00e4llet med information om geografi och fastigheter samt bidrar till h\u00e5llbart samh\u00e4llsbyggande och ekonomisk utveckling.<br>Hos oss f\u00e5r du utvecklas i en viktig samh\u00e4llsfunktion d\u00e4r din kompetens och ditt engagemang \u00e4r v\u00e5r fr\u00e4msta resurs. Lantm\u00e4teriet \u00e4r platsen f\u00f6r dig som vill v\u00e4xa!<br><br><strong><a title=\"Lantm\u00e4teriet textlink\" href=\"https:\/\/www.lantmateriet.se\" target=\"_blank\" rel=\"noopener\">www.lantmateriet.se<\/a><\/strong><br><br><a title=\"Lantm\u00e4teriet logotype\" href=\"https:\/\/www.lantmateriet.se\" target=\"_blank\" rel=\"noopener\"><img loading=\"lazy\" decoding=\"async\" width=\"250\" height=\"38\" class=\"wp-image-7717\" style=\"width: 250px;\" src=\"https:\/\/framtidenskarriar.se\/itdata\/wp-content\/uploads\/sites\/13\/2023\/02\/lantmat-lm-logotyp-tryck.png\" alt=\"\" srcset=\"https:\/\/framtidenskarriar.se\/itdata\/wp-content\/uploads\/sites\/13\/2023\/02\/lantmat-lm-logotyp-tryck.png 750w, https:\/\/framtidenskarriar.se\/itdata\/wp-content\/uploads\/sites\/13\/2023\/02\/lantmat-lm-logotyp-tryck-300x46.png 300w, https:\/\/framtidenskarriar.se\/itdata\/wp-content\/uploads\/sites\/13\/2023\/02\/lantmat-lm-logotyp-tryck-526x81.png 526w, https:\/\/framtidenskarriar.se\/itdata\/wp-content\/uploads\/sites\/13\/2023\/02\/lantmat-lm-logotyp-tryck-720x110.png 720w\" sizes=\"auto, (max-width: 250px) 100vw, 250px\" \/><\/a><\/p>\n<\/div><\/div>\n","protected":false},"excerpt":{"rendered":"<p>Lantm\u00e4teriet har en av Sveriges modernaste IT-avdelningar p\u00e5 myndighetssidan. Deras verksamhet \u00e4r avg\u00f6rande f\u00f6r m\u00e5nga kritiska samh\u00e4llsfunktioner.<\/p>\n","protected":false},"author":2,"featured_media":5834,"comment_status":"closed","ping_status":"open","sticky":false,"template":"","format":"standard","meta":{"_acf_changed":false,"_monsterinsights_skip_tracking":false,"_monsterinsights_sitenote_active":false,"_monsterinsights_sitenote_note":"","_monsterinsights_sitenote_category":0,"footnotes":""},"categories":[9],"tags":[62,123,161,181,240,246],"class_list":["post-5831","post","type-post","status-publish","format-standard","has-post-thumbnail","hentry","category-presentation","tag-digitalisering","tag-it","tag-lantmateriet","tag-myndighet","tag-statlig-myndighet","tag-teknik"],"acf":[],"yoast_head":"<!-- This site is optimized with the Yoast SEO plugin v27.3 - https:\/\/yoast.com\/product\/yoast-seo-wordpress\/ -->\n<title>Professionell IT-avdelning p\u00e5 myndighet i framkant - Framtidens karri\u00e4r IT &amp; Data<\/title>\n<meta name=\"robots\" content=\"index, follow, max-snippet:-1, max-image-preview:large, max-video-preview:-1\" \/>\n<link rel=\"canonical\" href=\"https:\/\/framtidenskarriar.se\/itdata\/2019\/02\/13\/professionell-it-avdelning-pa-myndighet-i-framkant\/\" \/>\n<meta property=\"og:locale\" content=\"sv_SE\" \/>\n<meta property=\"og:type\" content=\"article\" \/>\n<meta property=\"og:title\" content=\"Professionell IT-avdelning p\u00e5 myndighet i framkant - Framtidens karri\u00e4r IT &amp; Data\" \/>\n<meta property=\"og:description\" content=\"Lantm\u00e4teriet har en av Sveriges modernaste IT-avdelningar p\u00e5 myndighetssidan. Deras verksamhet \u00e4r avg\u00f6rande f\u00f6r m\u00e5nga kritiska samh\u00e4llsfunktioner.\" \/>\n<meta property=\"og:url\" content=\"https:\/\/framtidenskarriar.se\/itdata\/2019\/02\/13\/professionell-it-avdelning-pa-myndighet-i-framkant\/\" \/>\n<meta property=\"og:site_name\" content=\"Framtidens karri\u00e4r IT &amp; Data\" \/>\n<meta property=\"article:published_time\" content=\"2019-02-13T15:06:37+00:00\" \/>\n<meta property=\"article:modified_time\" content=\"2023-08-08T10:03:33+00:00\" \/>\n<meta property=\"og:image\" content=\"https:\/\/framtidenskarriar.se\/itdata\/wp-content\/uploads\/sites\/13\/2019\/02\/lantmateriet-johan3.jpg\" \/>\n\t<meta property=\"og:image:width\" content=\"1000\" \/>\n\t<meta property=\"og:image:height\" content=\"636\" \/>\n\t<meta property=\"og:image:type\" content=\"image\/jpeg\" \/>\n<meta name=\"author\" content=\"viktorwallen\" \/>\n<meta name=\"twitter:card\" content=\"summary_large_image\" \/>\n<meta name=\"twitter:label1\" content=\"Skriven av\" \/>\n\t<meta name=\"twitter:data1\" content=\"viktorwallen\" \/>\n\t<meta name=\"twitter:label2\" content=\"Ber\u00e4knad l\u00e4stid\" \/>\n\t<meta name=\"twitter:data2\" content=\"3 minuter\" \/>\n<script type=\"application\/ld+json\" class=\"yoast-schema-graph\">{\"@context\":\"https:\\\/\\\/schema.org\",\"@graph\":[{\"@type\":\"Article\",\"@id\":\"https:\\\/\\\/framtidenskarriar.se\\\/itdata\\\/2019\\\/02\\\/13\\\/professionell-it-avdelning-pa-myndighet-i-framkant\\\/#article\",\"isPartOf\":{\"@id\":\"https:\\\/\\\/framtidenskarriar.se\\\/itdata\\\/2019\\\/02\\\/13\\\/professionell-it-avdelning-pa-myndighet-i-framkant\\\/\"},\"author\":{\"name\":\"viktorwallen\",\"@id\":\"https:\\\/\\\/framtidenskarriar.se\\\/itdata\\\/#\\\/schema\\\/person\\\/2a13a849ec7646386c2211f59afe3083\"},\"headline\":\"Professionell IT-avdelning p\u00e5 myndighet i framkant\",\"datePublished\":\"2019-02-13T15:06:37+00:00\",\"dateModified\":\"2023-08-08T10:03:33+00:00\",\"mainEntityOfPage\":{\"@id\":\"https:\\\/\\\/framtidenskarriar.se\\\/itdata\\\/2019\\\/02\\\/13\\\/professionell-it-avdelning-pa-myndighet-i-framkant\\\/\"},\"wordCount\":519,\"image\":{\"@id\":\"https:\\\/\\\/framtidenskarriar.se\\\/itdata\\\/2019\\\/02\\\/13\\\/professionell-it-avdelning-pa-myndighet-i-framkant\\\/#primaryimage\"},\"thumbnailUrl\":\"https:\\\/\\\/framtidenskarriar.se\\\/itdata\\\/wp-content\\\/uploads\\\/sites\\\/13\\\/2019\\\/02\\\/lantmateriet-johan3.jpg\",\"keywords\":[\"Digitalisering\",\"IT\",\"Lantm\u00e4teriet\",\"Myndighet\",\"Statlig myndighet\",\"Teknik\"],\"articleSection\":[\"Presentation\"],\"inLanguage\":\"sv-SE\"},{\"@type\":\"WebPage\",\"@id\":\"https:\\\/\\\/framtidenskarriar.se\\\/itdata\\\/2019\\\/02\\\/13\\\/professionell-it-avdelning-pa-myndighet-i-framkant\\\/\",\"url\":\"https:\\\/\\\/framtidenskarriar.se\\\/itdata\\\/2019\\\/02\\\/13\\\/professionell-it-avdelning-pa-myndighet-i-framkant\\\/\",\"name\":\"Professionell IT-avdelning p\u00e5 myndighet i framkant - Framtidens karri\u00e4r IT & Data\",\"isPartOf\":{\"@id\":\"https:\\\/\\\/framtidenskarriar.se\\\/itdata\\\/#website\"},\"primaryImageOfPage\":{\"@id\":\"https:\\\/\\\/framtidenskarriar.se\\\/itdata\\\/2019\\\/02\\\/13\\\/professionell-it-avdelning-pa-myndighet-i-framkant\\\/#primaryimage\"},\"image\":{\"@id\":\"https:\\\/\\\/framtidenskarriar.se\\\/itdata\\\/2019\\\/02\\\/13\\\/professionell-it-avdelning-pa-myndighet-i-framkant\\\/#primaryimage\"},\"thumbnailUrl\":\"https:\\\/\\\/framtidenskarriar.se\\\/itdata\\\/wp-content\\\/uploads\\\/sites\\\/13\\\/2019\\\/02\\\/lantmateriet-johan3.jpg\",\"datePublished\":\"2019-02-13T15:06:37+00:00\",\"dateModified\":\"2023-08-08T10:03:33+00:00\",\"author\":{\"@id\":\"https:\\\/\\\/framtidenskarriar.se\\\/itdata\\\/#\\\/schema\\\/person\\\/2a13a849ec7646386c2211f59afe3083\"},\"breadcrumb\":{\"@id\":\"https:\\\/\\\/framtidenskarriar.se\\\/itdata\\\/2019\\\/02\\\/13\\\/professionell-it-avdelning-pa-myndighet-i-framkant\\\/#breadcrumb\"},\"inLanguage\":\"sv-SE\",\"potentialAction\":[{\"@type\":\"ReadAction\",\"target\":[\"https:\\\/\\\/framtidenskarriar.se\\\/itdata\\\/2019\\\/02\\\/13\\\/professionell-it-avdelning-pa-myndighet-i-framkant\\\/\"]}]},{\"@type\":\"ImageObject\",\"inLanguage\":\"sv-SE\",\"@id\":\"https:\\\/\\\/framtidenskarriar.se\\\/itdata\\\/2019\\\/02\\\/13\\\/professionell-it-avdelning-pa-myndighet-i-framkant\\\/#primaryimage\",\"url\":\"https:\\\/\\\/framtidenskarriar.se\\\/itdata\\\/wp-content\\\/uploads\\\/sites\\\/13\\\/2019\\\/02\\\/lantmateriet-johan3.jpg\",\"contentUrl\":\"https:\\\/\\\/framtidenskarriar.se\\\/itdata\\\/wp-content\\\/uploads\\\/sites\\\/13\\\/2019\\\/02\\\/lantmateriet-johan3.jpg\",\"width\":1000,\"height\":636,\"caption\":\"Johan Westin, systemutvecklare p\u00e5 Lantm\u00e4teriet.\"},{\"@type\":\"BreadcrumbList\",\"@id\":\"https:\\\/\\\/framtidenskarriar.se\\\/itdata\\\/2019\\\/02\\\/13\\\/professionell-it-avdelning-pa-myndighet-i-framkant\\\/#breadcrumb\",\"itemListElement\":[{\"@type\":\"ListItem\",\"position\":1,\"name\":\"Home\",\"item\":\"https:\\\/\\\/framtidenskarriar.se\\\/itdata\\\/\"},{\"@type\":\"ListItem\",\"position\":2,\"name\":\"Professionell IT-avdelning p\u00e5 myndighet i framkant\"}]},{\"@type\":\"WebSite\",\"@id\":\"https:\\\/\\\/framtidenskarriar.se\\\/itdata\\\/#website\",\"url\":\"https:\\\/\\\/framtidenskarriar.se\\\/itdata\\\/\",\"name\":\"Framtidens karri\u00e4r IT & Data\",\"description\":\"Just another NMDashboard.se Sites site\",\"potentialAction\":[{\"@type\":\"SearchAction\",\"target\":{\"@type\":\"EntryPoint\",\"urlTemplate\":\"https:\\\/\\\/framtidenskarriar.se\\\/itdata\\\/?s={search_term_string}\"},\"query-input\":{\"@type\":\"PropertyValueSpecification\",\"valueRequired\":true,\"valueName\":\"search_term_string\"}}],\"inLanguage\":\"sv-SE\"},{\"@type\":\"Person\",\"@id\":\"https:\\\/\\\/framtidenskarriar.se\\\/itdata\\\/#\\\/schema\\\/person\\\/2a13a849ec7646386c2211f59afe3083\",\"name\":\"viktorwallen\",\"image\":{\"@type\":\"ImageObject\",\"inLanguage\":\"sv-SE\",\"@id\":\"https:\\\/\\\/secure.gravatar.com\\\/avatar\\\/701701bd36169636031933997c8c6b954f2f635bbb7cd4802e4a007f9c9f4e59?s=96&d=mm&r=g\",\"url\":\"https:\\\/\\\/secure.gravatar.com\\\/avatar\\\/701701bd36169636031933997c8c6b954f2f635bbb7cd4802e4a007f9c9f4e59?s=96&d=mm&r=g\",\"contentUrl\":\"https:\\\/\\\/secure.gravatar.com\\\/avatar\\\/701701bd36169636031933997c8c6b954f2f635bbb7cd4802e4a007f9c9f4e59?s=96&d=mm&r=g\",\"caption\":\"viktorwallen\"},\"url\":\"https:\\\/\\\/framtidenskarriar.se\\\/itdata\\\/author\\\/viktorwallen\\\/\"}]}<\/script>\n<!-- \/ Yoast SEO plugin. -->","yoast_head_json":{"title":"Professionell IT-avdelning p\u00e5 myndighet i framkant - Framtidens karri\u00e4r IT & Data","robots":{"index":"index","follow":"follow","max-snippet":"max-snippet:-1","max-image-preview":"max-image-preview:large","max-video-preview":"max-video-preview:-1"},"canonical":"https:\/\/framtidenskarriar.se\/itdata\/2019\/02\/13\/professionell-it-avdelning-pa-myndighet-i-framkant\/","og_locale":"sv_SE","og_type":"article","og_title":"Professionell IT-avdelning p\u00e5 myndighet i framkant - Framtidens karri\u00e4r IT & Data","og_description":"Lantm\u00e4teriet har en av Sveriges modernaste IT-avdelningar p\u00e5 myndighetssidan. Deras verksamhet \u00e4r avg\u00f6rande f\u00f6r m\u00e5nga kritiska samh\u00e4llsfunktioner.","og_url":"https:\/\/framtidenskarriar.se\/itdata\/2019\/02\/13\/professionell-it-avdelning-pa-myndighet-i-framkant\/","og_site_name":"Framtidens karri\u00e4r IT & Data","article_published_time":"2019-02-13T15:06:37+00:00","article_modified_time":"2023-08-08T10:03:33+00:00","og_image":[{"width":1000,"height":636,"url":"https:\/\/framtidenskarriar.se\/itdata\/wp-content\/uploads\/sites\/13\/2019\/02\/lantmateriet-johan3.jpg","type":"image\/jpeg"}],"author":"viktorwallen","twitter_card":"summary_large_image","twitter_misc":{"Skriven av":"viktorwallen","Ber\u00e4knad l\u00e4stid":"3 minuter"},"schema":{"@context":"https:\/\/schema.org","@graph":[{"@type":"Article","@id":"https:\/\/framtidenskarriar.se\/itdata\/2019\/02\/13\/professionell-it-avdelning-pa-myndighet-i-framkant\/#article","isPartOf":{"@id":"https:\/\/framtidenskarriar.se\/itdata\/2019\/02\/13\/professionell-it-avdelning-pa-myndighet-i-framkant\/"},"author":{"name":"viktorwallen","@id":"https:\/\/framtidenskarriar.se\/itdata\/#\/schema\/person\/2a13a849ec7646386c2211f59afe3083"},"headline":"Professionell IT-avdelning p\u00e5 myndighet i framkant","datePublished":"2019-02-13T15:06:37+00:00","dateModified":"2023-08-08T10:03:33+00:00","mainEntityOfPage":{"@id":"https:\/\/framtidenskarriar.se\/itdata\/2019\/02\/13\/professionell-it-avdelning-pa-myndighet-i-framkant\/"},"wordCount":519,"image":{"@id":"https:\/\/framtidenskarriar.se\/itdata\/2019\/02\/13\/professionell-it-avdelning-pa-myndighet-i-framkant\/#primaryimage"},"thumbnailUrl":"https:\/\/framtidenskarriar.se\/itdata\/wp-content\/uploads\/sites\/13\/2019\/02\/lantmateriet-johan3.jpg","keywords":["Digitalisering","IT","Lantm\u00e4teriet","Myndighet","Statlig myndighet","Teknik"],"articleSection":["Presentation"],"inLanguage":"sv-SE"},{"@type":"WebPage","@id":"https:\/\/framtidenskarriar.se\/itdata\/2019\/02\/13\/professionell-it-avdelning-pa-myndighet-i-framkant\/","url":"https:\/\/framtidenskarriar.se\/itdata\/2019\/02\/13\/professionell-it-avdelning-pa-myndighet-i-framkant\/","name":"Professionell IT-avdelning p\u00e5 myndighet i framkant - Framtidens karri\u00e4r IT & Data","isPartOf":{"@id":"https:\/\/framtidenskarriar.se\/itdata\/#website"},"primaryImageOfPage":{"@id":"https:\/\/framtidenskarriar.se\/itdata\/2019\/02\/13\/professionell-it-avdelning-pa-myndighet-i-framkant\/#primaryimage"},"image":{"@id":"https:\/\/framtidenskarriar.se\/itdata\/2019\/02\/13\/professionell-it-avdelning-pa-myndighet-i-framkant\/#primaryimage"},"thumbnailUrl":"https:\/\/framtidenskarriar.se\/itdata\/wp-content\/uploads\/sites\/13\/2019\/02\/lantmateriet-johan3.jpg","datePublished":"2019-02-13T15:06:37+00:00","dateModified":"2023-08-08T10:03:33+00:00","author":{"@id":"https:\/\/framtidenskarriar.se\/itdata\/#\/schema\/person\/2a13a849ec7646386c2211f59afe3083"},"breadcrumb":{"@id":"https:\/\/framtidenskarriar.se\/itdata\/2019\/02\/13\/professionell-it-avdelning-pa-myndighet-i-framkant\/#breadcrumb"},"inLanguage":"sv-SE","potentialAction":[{"@type":"ReadAction","target":["https:\/\/framtidenskarriar.se\/itdata\/2019\/02\/13\/professionell-it-avdelning-pa-myndighet-i-framkant\/"]}]},{"@type":"ImageObject","inLanguage":"sv-SE","@id":"https:\/\/framtidenskarriar.se\/itdata\/2019\/02\/13\/professionell-it-avdelning-pa-myndighet-i-framkant\/#primaryimage","url":"https:\/\/framtidenskarriar.se\/itdata\/wp-content\/uploads\/sites\/13\/2019\/02\/lantmateriet-johan3.jpg","contentUrl":"https:\/\/framtidenskarriar.se\/itdata\/wp-content\/uploads\/sites\/13\/2019\/02\/lantmateriet-johan3.jpg","width":1000,"height":636,"caption":"Johan Westin, systemutvecklare p\u00e5 Lantm\u00e4teriet."},{"@type":"BreadcrumbList","@id":"https:\/\/framtidenskarriar.se\/itdata\/2019\/02\/13\/professionell-it-avdelning-pa-myndighet-i-framkant\/#breadcrumb","itemListElement":[{"@type":"ListItem","position":1,"name":"Home","item":"https:\/\/framtidenskarriar.se\/itdata\/"},{"@type":"ListItem","position":2,"name":"Professionell IT-avdelning p\u00e5 myndighet i framkant"}]},{"@type":"WebSite","@id":"https:\/\/framtidenskarriar.se\/itdata\/#website","url":"https:\/\/framtidenskarriar.se\/itdata\/","name":"Framtidens karri\u00e4r IT & Data","description":"Just another NMDashboard.se Sites site","potentialAction":[{"@type":"SearchAction","target":{"@type":"EntryPoint","urlTemplate":"https:\/\/framtidenskarriar.se\/itdata\/?s={search_term_string}"},"query-input":{"@type":"PropertyValueSpecification","valueRequired":true,"valueName":"search_term_string"}}],"inLanguage":"sv-SE"},{"@type":"Person","@id":"https:\/\/framtidenskarriar.se\/itdata\/#\/schema\/person\/2a13a849ec7646386c2211f59afe3083","name":"viktorwallen","image":{"@type":"ImageObject","inLanguage":"sv-SE","@id":"https:\/\/secure.gravatar.com\/avatar\/701701bd36169636031933997c8c6b954f2f635bbb7cd4802e4a007f9c9f4e59?s=96&d=mm&r=g","url":"https:\/\/secure.gravatar.com\/avatar\/701701bd36169636031933997c8c6b954f2f635bbb7cd4802e4a007f9c9f4e59?s=96&d=mm&r=g","contentUrl":"https:\/\/secure.gravatar.com\/avatar\/701701bd36169636031933997c8c6b954f2f635bbb7cd4802e4a007f9c9f4e59?s=96&d=mm&r=g","caption":"viktorwallen"},"url":"https:\/\/framtidenskarriar.se\/itdata\/author\/viktorwallen\/"}]}},"_links":{"self":[{"href":"https:\/\/framtidenskarriar.se\/itdata\/wp-json\/wp\/v2\/posts\/5831","targetHints":{"allow":["GET"]}}],"collection":[{"href":"https:\/\/framtidenskarriar.se\/itdata\/wp-json\/wp\/v2\/posts"}],"about":[{"href":"https:\/\/framtidenskarriar.se\/itdata\/wp-json\/wp\/v2\/types\/post"}],"author":[{"embeddable":true,"href":"https:\/\/framtidenskarriar.se\/itdata\/wp-json\/wp\/v2\/users\/2"}],"replies":[{"embeddable":true,"href":"https:\/\/framtidenskarriar.se\/itdata\/wp-json\/wp\/v2\/comments?post=5831"}],"version-history":[{"count":2,"href":"https:\/\/framtidenskarriar.se\/itdata\/wp-json\/wp\/v2\/posts\/5831\/revisions"}],"predecessor-version":[{"id":8047,"href":"https:\/\/framtidenskarriar.se\/itdata\/wp-json\/wp\/v2\/posts\/5831\/revisions\/8047"}],"wp:featuredmedia":[{"embeddable":true,"href":"https:\/\/framtidenskarriar.se\/itdata\/wp-json\/wp\/v2\/media\/5834"}],"wp:attachment":[{"href":"https:\/\/framtidenskarriar.se\/itdata\/wp-json\/wp\/v2\/media?parent=5831"}],"wp:term":[{"taxonomy":"category","embeddable":true,"href":"https:\/\/framtidenskarriar.se\/itdata\/wp-json\/wp\/v2\/categories?post=5831"},{"taxonomy":"post_tag","embeddable":true,"href":"https:\/\/framtidenskarriar.se\/itdata\/wp-json\/wp\/v2\/tags?post=5831"}],"curies":[{"name":"wp","href":"https:\/\/api.w.org\/{rel}","templated":true}]}}