{"id":5848,"date":"2019-02-13T17:29:05","date_gmt":"2019-02-13T15:29:05","guid":{"rendered":"http:\/\/framtidenskarriar.se\/itdata\/?p=5848"},"modified":"2019-02-13T17:29:05","modified_gmt":"2019-02-13T15:29:05","slug":"innovation-och-kreativitet-pa-seb","status":"publish","type":"post","link":"https:\/\/framtidenskarriar.se\/itdata\/2019\/02\/13\/innovation-och-kreativitet-pa-seb\/","title":{"rendered":"Innovation och kreativitet p\u00e5 SEB IT"},"content":{"rendered":"<figure id=\"attachment_5850\" aria-describedby=\"caption-attachment-5850\" style=\"width: 1000px\" class=\"wp-caption alignnone\"><img loading=\"lazy\" decoding=\"async\" src=\"https:\/\/framtidenskarriar.se\/itdata\/wp-content\/uploads\/sites\/13\/2019\/02\/seb-1.jpg\" alt=\"Stephanie Carlsson och Adrian Opsahl, utvecklare p\u00e5 enheten Hosting and Integration p\u00e5 SEB. Foto: Johan Marklund\" width=\"1000\" height=\"672\" class=\"size-full wp-image-5850\" srcset=\"https:\/\/framtidenskarriar.se\/itdata\/wp-content\/uploads\/sites\/13\/2019\/02\/seb-1.jpg 1000w, https:\/\/framtidenskarriar.se\/itdata\/wp-content\/uploads\/sites\/13\/2019\/02\/seb-1-300x202.jpg 300w, https:\/\/framtidenskarriar.se\/itdata\/wp-content\/uploads\/sites\/13\/2019\/02\/seb-1-768x516.jpg 768w, https:\/\/framtidenskarriar.se\/itdata\/wp-content\/uploads\/sites\/13\/2019\/02\/seb-1-238x160.jpg 238w, https:\/\/framtidenskarriar.se\/itdata\/wp-content\/uploads\/sites\/13\/2019\/02\/seb-1-526x353.jpg 526w, https:\/\/framtidenskarriar.se\/itdata\/wp-content\/uploads\/sites\/13\/2019\/02\/seb-1-720x484.jpg 720w, https:\/\/framtidenskarriar.se\/itdata\/wp-content\/uploads\/sites\/13\/2019\/02\/seb-1-960x645.jpg 960w\" sizes=\"auto, (max-width: 1000px) 100vw, 1000px\" \/><figcaption id=\"caption-attachment-5850\" class=\"wp-caption-text\">Stephanie Carlsson och Adrian Opsahl, utvecklare p\u00e5 enheten Hosting and Integration p\u00e5 SEB. Foto: Johan Marklund<\/figcaption><\/figure>\n<p><strong>Vill du jobba med framtidens digitala l\u00f6sningar i en innovativ och kreativ milj\u00f6?<br \/>\nV\u00e4lkommen till SEB, som har ett brett spektrum av karri\u00e4rm\u00f6jligheter f\u00f6r IT-specialister. H\u00e4r kan du f\u00f6rdjupa dig som specialist eller bredda din kompetens som generalist.<\/strong><\/p>\n<p>M\u00e5nga sp\u00e4nnande nya digitala l\u00f6sningar utvecklas inom bank och finans, och SEB \u00e4r en av de mest innovativa och drivande akt\u00f6rerna.<br \/>\n\u2013 SEB har l\u00e4nge g\u00e5tt i br\u00e4schen f\u00f6r IT inom finansbranschen. Vi var tidiga med att nyttja modern informationsteknik. Det finns en stark entrepren\u00f6rsanda och vilja att ligga i framkant, s\u00e4ger Adrian Opsahl, som arbetar som utvecklare p\u00e5 enheten Hosting and Integration p\u00e5 SEB i Arenastaden i Solna. H\u00e4r arbetar cirka 4500 personer och m\u00e5nga av dessa inom IT.<br \/>\nAdrian, som \u00e4r civilingenj\u00f6r i teknisk fysik fr\u00e5n KTH, kom till SEB som konsult f\u00f6r \u00e5tta \u00e5r sedan. Han trivdes v\u00e4ldigt bra och n\u00e4r han fick erbjudande om fast anst\u00e4llning nappade han.<br \/>\n\u2013 Det \u00e4r stor skillnad mot att vara konsult. Som anst\u00e4lld kan jag bygga upp l\u00e5ngsiktiga l\u00f6sningar och utvecklas p\u00e5 ett helt annat s\u00e4tt, s\u00e4ger han.<\/p>\n<p><strong>Pr\u00f6va olika roller<\/strong><br \/>\nStephanie Carlsson, som ocks\u00e5 arbetar som utvecklare p\u00e5 samma avdelning, kom till SEB p\u00e5 ett liknande s\u00e4tt. Efter studier i systemvetenskap i Uppsala b\u00f6rjade hon som konsult p\u00e5 SEB f\u00f6r drygt fyra \u00e5r sedan och har nu varit anst\u00e4lld i tre \u00e5r.<br \/>\n\u2013 Det finns s\u00e5 m\u00e5nga m\u00f6jligheter h\u00e4r, det \u00e4r sv\u00e5rt att hitta en arbetsplats som erbjuder en s\u00e5dan bredd. H\u00e4r har vi en m\u00e4ngd olika inriktningar och vi f\u00e5r verkligen chansen att pr\u00f6va p\u00e5 olika roller. Ist\u00e4llet f\u00f6r att byta arbetsgivare kan man byta avdelning, s\u00e4ger hon.<br \/>\nAdrian h\u00e5ller med. P\u00e5 SEB kan den som har intresse och driv vara \u201dintrapren\u00f6r\u201d och utvecklas inom f\u00f6retaget. Han framh\u00e5ller att det finns en stark kultur av kompetensutveckling och en uppmuntrande inst\u00e4llning fr\u00e5n chefer och ledning till att l\u00e4ra nytt eller pr\u00f6va en annan roll. R\u00f6rligheten \u00e4r stor mellan olika funktioner. En sp\u00e4nnande m\u00f6jlighet \u00e4r Innovation Lab. D\u00e4r kan medarbetare \u201dpitcha\u201d sina egna innovations- och f\u00f6rb\u00e4ttringsid\u00e9er och f\u00e5 chansen att testa hur de skulle kunna fungera i verkligheten. Innovation Lab \u00e4r ett av m\u00e5nga exempel p\u00e5 hur medarbetare v\u00e4rdes\u00e4tts och blir katalysatorer f\u00f6r innovation och f\u00f6r\u00e4ndring.<br \/>\nIT p\u00e5 SEB \u00e4r en integrerad del av hela verksamheten. M\u00e5nga initiativ syftar till att f\u00f6renkla samarbetet mellan IT och aff\u00e4ren. Nya kundf\u00f6rv\u00e4ntningar och str\u00e4nga s\u00e4kerhetskrav driver utvecklingen och Adrians och Stephanies avdelning jobbar lite som spindeln i n\u00e4tet f\u00f6r att f\u00e5 olika system, s\u00e5 v\u00e4l interna som ut mot kunderna, att fungera.<br \/>\n\u2013 SEB str\u00e4var alltid efter att tillhandah\u00e5lla tj\u00e4nster som kunderna efterfr\u00e5gar och att utveckla s\u00e4kra l\u00f6sningar. V\u00e5rt viktigaste kapital \u00e4r kundernas f\u00f6rtroende, de m\u00e5ste verkligen kunna lita p\u00e5 oss. Det st\u00e4lls h\u00f6ga krav p\u00e5 banker att leverera tj\u00e4nster och produkter som inte bara \u00e4r anv\u00e4ndarv\u00e4nliga, utan ocks\u00e5 uppfyller str\u00e4nga s\u00e4kerhetskrav. H\u00e4r f\u00e5r vi vara med och utveckla framtidens l\u00f6sningar, s\u00e4ger Stephanie.<\/p>\n<p><strong>Nyt\u00e4nkande och tradition<\/strong><br \/>\nStephanie och Adrian framh\u00e5ller samtidigt att vissa gamla IT-system, som utvecklades f\u00f6r n\u00e4rmare 50 \u00e5r sedan, fortfarande h\u00e5ller m\u00e5ttet och anv\u00e4nds i kombination med nya l\u00f6sningar.<br \/>\n\u2013 Det k\u00e4nnetecknar SEB, blandningen av tradition och nyt\u00e4nkande. H\u00e4r kombineras tryggheten, stabiliteten och styrkan hos ett v\u00e4letablerat, renommerat och globalt storf\u00f6retag med ny teknik och agila arbetss\u00e4tt d\u00e4r fokus ligger p\u00e5 innovation och probleml\u00f6sning.<br \/>\nEftersom det finns en s\u00e5dan bredd av olika arbetsuppgifter och stora m\u00f6jligheter till kompetensutveckling och fortbildning \u00e4r det mindre viktigt vilken formell utbildning man har s\u00e5 l\u00e4nge man har adekvat IT-kunskap.<br \/>\n\u2013 Se bara p\u00e5 oss tv\u00e5, vi har helt olika utbildningsbakgrund. H\u00e4r jobbar civilingenj\u00f6rer av olika slag, kemister, systemvetare och en rad andra. Det viktiga \u00e4r personliga egenskaper, som nyfikenhet och driv. Den som tycker om utmaningar och vill v\u00e4xa passar in p\u00e5 SEB.<\/p>\n<p><strong><a href=\"https:\/\/sebgroup.com\/career\" title=\"SEB pres jobb ans\u00f6k\" rel=\"noopener noreferrer\" target=\"_blank\">Vill du ocks\u00e5 jobba p\u00e5 SEB. Se v\u00e5ra lediga tj\u00e4nster och ans\u00f6k h\u00e4r<\/a><\/strong><\/p>\n<div class=\"faktaruta-title\">SEB<\/div><div class=\"faktaruta\">SEB \u00e4r en av Nordens ledande aff\u00e4rsbanker med ett brett utbud av finansiella tj\u00e4nster och med representation i ett 20-tal l\u00e4nder runt om i v\u00e4rlden. Koncernen har drygt 15&nbsp;000 anst\u00e4llda. Visionen \u00e4r att alltid leverera service i v\u00e4rldsklass till kunderna och d\u00e4r spelar IT en avg\u00f6rande roll. IT \u00e4r aff\u00e4rsdrivande och integrerat i hela verksamheten. Det finns m\u00e5nga sp\u00e4nnande karri\u00e4rm\u00f6jligheter f\u00f6r IT-utbildade och flera program f\u00f6r unga professionella, bland annat Tech-program och ett internationellt traineeprogram.<\/p>\n<p><strong><a href=\"https:\/\/sebgroup.com\/career\" title=\"SEB textlink\" rel=\"noopener noreferrer\" target=\"_blank\">www.sebgroup.com\/career<\/a><\/strong><\/p>\n<p><a href=\"https:\/\/sebgroup.com\/career\" title=\"SEB logotype\" rel=\"noopener noreferrer\" target=\"_blank\"><img loading=\"lazy\" decoding=\"async\" src=\"http:\/\/framtidenskarriar.se\/itdata\/wp-content\/uploads\/2019\/02\/seb_box_down_45mm150dpi-530x447.jpg\" alt=\"SEB logotype\" width=\"232\" height=\"196\" class=\"alignnone size-medium wp-image-5849\" \/><\/a><br \/>\n<\/div>\n","protected":false},"excerpt":{"rendered":"<p>Vill du jobba med framtidens digitala l\u00f6sningar i en innovativ och kreativ milj\u00f6? V\u00e4lkommen till&#8230;<\/p>\n","protected":false},"author":2,"featured_media":5850,"comment_status":"closed","ping_status":"open","sticky":false,"template":"","format":"standard","meta":{"_acf_changed":false,"_monsterinsights_skip_tracking":false,"_monsterinsights_sitenote_active":false,"_monsterinsights_sitenote_note":"","_monsterinsights_sitenote_category":0,"footnotes":""},"categories":[9],"tags":[32,59,118,123,227,228],"class_list":["post-5848","post","type-post","status-publish","format-standard","has-post-thumbnail","hentry","category-presentation","tag-bank","tag-digitala-banklosningar","tag-innovation","tag-it","tag-seb","tag-seb-it"],"acf":[],"yoast_head":"<!-- This site is optimized with the Yoast SEO plugin v27.3 - https:\/\/yoast.com\/product\/yoast-seo-wordpress\/ -->\n<title>Innovation och kreativitet p\u00e5 SEB IT - Framtidens karri\u00e4r IT &amp; Data<\/title>\n<meta name=\"robots\" content=\"index, follow, max-snippet:-1, max-image-preview:large, max-video-preview:-1\" \/>\n<link rel=\"canonical\" href=\"https:\/\/framtidenskarriar.se\/itdata\/2019\/02\/13\/innovation-och-kreativitet-pa-seb\/\" \/>\n<meta property=\"og:locale\" content=\"sv_SE\" \/>\n<meta property=\"og:type\" content=\"article\" \/>\n<meta property=\"og:title\" content=\"Innovation och kreativitet p\u00e5 SEB IT - Framtidens karri\u00e4r IT &amp; Data\" \/>\n<meta property=\"og:description\" content=\"Vill du jobba med framtidens digitala l\u00f6sningar i en innovativ och kreativ milj\u00f6? V\u00e4lkommen till...\" \/>\n<meta property=\"og:url\" content=\"https:\/\/framtidenskarriar.se\/itdata\/2019\/02\/13\/innovation-och-kreativitet-pa-seb\/\" \/>\n<meta property=\"og:site_name\" content=\"Framtidens karri\u00e4r IT &amp; Data\" \/>\n<meta property=\"article:published_time\" content=\"2019-02-13T15:29:05+00:00\" \/>\n<meta property=\"og:image\" content=\"https:\/\/framtidenskarriar.se\/itdata\/wp-content\/uploads\/sites\/13\/2019\/02\/seb-1.jpg\" \/>\n\t<meta property=\"og:image:width\" content=\"1000\" \/>\n\t<meta property=\"og:image:height\" content=\"672\" \/>\n\t<meta property=\"og:image:type\" content=\"image\/jpeg\" \/>\n<meta name=\"author\" content=\"viktorwallen\" \/>\n<meta name=\"twitter:card\" content=\"summary_large_image\" \/>\n<meta name=\"twitter:label1\" content=\"Skriven av\" \/>\n\t<meta name=\"twitter:data1\" content=\"viktorwallen\" \/>\n\t<meta name=\"twitter:label2\" content=\"Ber\u00e4knad l\u00e4stid\" \/>\n\t<meta name=\"twitter:data2\" content=\"4 minuter\" \/>\n<script type=\"application\/ld+json\" class=\"yoast-schema-graph\">{\"@context\":\"https:\\\/\\\/schema.org\",\"@graph\":[{\"@type\":\"Article\",\"@id\":\"https:\\\/\\\/framtidenskarriar.se\\\/itdata\\\/2019\\\/02\\\/13\\\/innovation-och-kreativitet-pa-seb\\\/#article\",\"isPartOf\":{\"@id\":\"https:\\\/\\\/framtidenskarriar.se\\\/itdata\\\/2019\\\/02\\\/13\\\/innovation-och-kreativitet-pa-seb\\\/\"},\"author\":{\"name\":\"viktorwallen\",\"@id\":\"https:\\\/\\\/framtidenskarriar.se\\\/itdata\\\/#\\\/schema\\\/person\\\/2a13a849ec7646386c2211f59afe3083\"},\"headline\":\"Innovation och kreativitet p\u00e5 SEB IT\",\"datePublished\":\"2019-02-13T15:29:05+00:00\",\"mainEntityOfPage\":{\"@id\":\"https:\\\/\\\/framtidenskarriar.se\\\/itdata\\\/2019\\\/02\\\/13\\\/innovation-och-kreativitet-pa-seb\\\/\"},\"wordCount\":873,\"image\":{\"@id\":\"https:\\\/\\\/framtidenskarriar.se\\\/itdata\\\/2019\\\/02\\\/13\\\/innovation-och-kreativitet-pa-seb\\\/#primaryimage\"},\"thumbnailUrl\":\"https:\\\/\\\/framtidenskarriar.se\\\/itdata\\\/wp-content\\\/uploads\\\/sites\\\/13\\\/2019\\\/02\\\/seb-1.jpg\",\"keywords\":[\"Bank\",\"Digitala bankl\u00f6sningar\",\"Innovation\",\"IT\",\"SEB\",\"SEB IT\"],\"articleSection\":[\"Presentation\"],\"inLanguage\":\"sv-SE\"},{\"@type\":\"WebPage\",\"@id\":\"https:\\\/\\\/framtidenskarriar.se\\\/itdata\\\/2019\\\/02\\\/13\\\/innovation-och-kreativitet-pa-seb\\\/\",\"url\":\"https:\\\/\\\/framtidenskarriar.se\\\/itdata\\\/2019\\\/02\\\/13\\\/innovation-och-kreativitet-pa-seb\\\/\",\"name\":\"Innovation och kreativitet p\u00e5 SEB IT - Framtidens karri\u00e4r IT & Data\",\"isPartOf\":{\"@id\":\"https:\\\/\\\/framtidenskarriar.se\\\/itdata\\\/#website\"},\"primaryImageOfPage\":{\"@id\":\"https:\\\/\\\/framtidenskarriar.se\\\/itdata\\\/2019\\\/02\\\/13\\\/innovation-och-kreativitet-pa-seb\\\/#primaryimage\"},\"image\":{\"@id\":\"https:\\\/\\\/framtidenskarriar.se\\\/itdata\\\/2019\\\/02\\\/13\\\/innovation-och-kreativitet-pa-seb\\\/#primaryimage\"},\"thumbnailUrl\":\"https:\\\/\\\/framtidenskarriar.se\\\/itdata\\\/wp-content\\\/uploads\\\/sites\\\/13\\\/2019\\\/02\\\/seb-1.jpg\",\"datePublished\":\"2019-02-13T15:29:05+00:00\",\"author\":{\"@id\":\"https:\\\/\\\/framtidenskarriar.se\\\/itdata\\\/#\\\/schema\\\/person\\\/2a13a849ec7646386c2211f59afe3083\"},\"breadcrumb\":{\"@id\":\"https:\\\/\\\/framtidenskarriar.se\\\/itdata\\\/2019\\\/02\\\/13\\\/innovation-och-kreativitet-pa-seb\\\/#breadcrumb\"},\"inLanguage\":\"sv-SE\",\"potentialAction\":[{\"@type\":\"ReadAction\",\"target\":[\"https:\\\/\\\/framtidenskarriar.se\\\/itdata\\\/2019\\\/02\\\/13\\\/innovation-och-kreativitet-pa-seb\\\/\"]}]},{\"@type\":\"ImageObject\",\"inLanguage\":\"sv-SE\",\"@id\":\"https:\\\/\\\/framtidenskarriar.se\\\/itdata\\\/2019\\\/02\\\/13\\\/innovation-och-kreativitet-pa-seb\\\/#primaryimage\",\"url\":\"https:\\\/\\\/framtidenskarriar.se\\\/itdata\\\/wp-content\\\/uploads\\\/sites\\\/13\\\/2019\\\/02\\\/seb-1.jpg\",\"contentUrl\":\"https:\\\/\\\/framtidenskarriar.se\\\/itdata\\\/wp-content\\\/uploads\\\/sites\\\/13\\\/2019\\\/02\\\/seb-1.jpg\",\"width\":1000,\"height\":672,\"caption\":\"Stephanie Carlsson och Adrian Opsahl, utvecklare p\u00e5 enheten Hosting and Integration p\u00e5 SEB. Foto: Johan Marklund\"},{\"@type\":\"BreadcrumbList\",\"@id\":\"https:\\\/\\\/framtidenskarriar.se\\\/itdata\\\/2019\\\/02\\\/13\\\/innovation-och-kreativitet-pa-seb\\\/#breadcrumb\",\"itemListElement\":[{\"@type\":\"ListItem\",\"position\":1,\"name\":\"Home\",\"item\":\"https:\\\/\\\/framtidenskarriar.se\\\/itdata\\\/\"},{\"@type\":\"ListItem\",\"position\":2,\"name\":\"Innovation och kreativitet p\u00e5 SEB IT\"}]},{\"@type\":\"WebSite\",\"@id\":\"https:\\\/\\\/framtidenskarriar.se\\\/itdata\\\/#website\",\"url\":\"https:\\\/\\\/framtidenskarriar.se\\\/itdata\\\/\",\"name\":\"Framtidens karri\u00e4r IT & Data\",\"description\":\"Just another NMDashboard.se Sites site\",\"potentialAction\":[{\"@type\":\"SearchAction\",\"target\":{\"@type\":\"EntryPoint\",\"urlTemplate\":\"https:\\\/\\\/framtidenskarriar.se\\\/itdata\\\/?s={search_term_string}\"},\"query-input\":{\"@type\":\"PropertyValueSpecification\",\"valueRequired\":true,\"valueName\":\"search_term_string\"}}],\"inLanguage\":\"sv-SE\"},{\"@type\":\"Person\",\"@id\":\"https:\\\/\\\/framtidenskarriar.se\\\/itdata\\\/#\\\/schema\\\/person\\\/2a13a849ec7646386c2211f59afe3083\",\"name\":\"viktorwallen\",\"image\":{\"@type\":\"ImageObject\",\"inLanguage\":\"sv-SE\",\"@id\":\"https:\\\/\\\/secure.gravatar.com\\\/avatar\\\/701701bd36169636031933997c8c6b954f2f635bbb7cd4802e4a007f9c9f4e59?s=96&d=mm&r=g\",\"url\":\"https:\\\/\\\/secure.gravatar.com\\\/avatar\\\/701701bd36169636031933997c8c6b954f2f635bbb7cd4802e4a007f9c9f4e59?s=96&d=mm&r=g\",\"contentUrl\":\"https:\\\/\\\/secure.gravatar.com\\\/avatar\\\/701701bd36169636031933997c8c6b954f2f635bbb7cd4802e4a007f9c9f4e59?s=96&d=mm&r=g\",\"caption\":\"viktorwallen\"},\"url\":\"https:\\\/\\\/framtidenskarriar.se\\\/itdata\\\/author\\\/viktorwallen\\\/\"}]}<\/script>\n<!-- \/ Yoast SEO plugin. -->","yoast_head_json":{"title":"Innovation och kreativitet p\u00e5 SEB IT - Framtidens karri\u00e4r IT & Data","robots":{"index":"index","follow":"follow","max-snippet":"max-snippet:-1","max-image-preview":"max-image-preview:large","max-video-preview":"max-video-preview:-1"},"canonical":"https:\/\/framtidenskarriar.se\/itdata\/2019\/02\/13\/innovation-och-kreativitet-pa-seb\/","og_locale":"sv_SE","og_type":"article","og_title":"Innovation och kreativitet p\u00e5 SEB IT - Framtidens karri\u00e4r IT & Data","og_description":"Vill du jobba med framtidens digitala l\u00f6sningar i en innovativ och kreativ milj\u00f6? V\u00e4lkommen till...","og_url":"https:\/\/framtidenskarriar.se\/itdata\/2019\/02\/13\/innovation-och-kreativitet-pa-seb\/","og_site_name":"Framtidens karri\u00e4r IT & Data","article_published_time":"2019-02-13T15:29:05+00:00","og_image":[{"width":1000,"height":672,"url":"https:\/\/framtidenskarriar.se\/itdata\/wp-content\/uploads\/sites\/13\/2019\/02\/seb-1.jpg","type":"image\/jpeg"}],"author":"viktorwallen","twitter_card":"summary_large_image","twitter_misc":{"Skriven av":"viktorwallen","Ber\u00e4knad l\u00e4stid":"4 minuter"},"schema":{"@context":"https:\/\/schema.org","@graph":[{"@type":"Article","@id":"https:\/\/framtidenskarriar.se\/itdata\/2019\/02\/13\/innovation-och-kreativitet-pa-seb\/#article","isPartOf":{"@id":"https:\/\/framtidenskarriar.se\/itdata\/2019\/02\/13\/innovation-och-kreativitet-pa-seb\/"},"author":{"name":"viktorwallen","@id":"https:\/\/framtidenskarriar.se\/itdata\/#\/schema\/person\/2a13a849ec7646386c2211f59afe3083"},"headline":"Innovation och kreativitet p\u00e5 SEB IT","datePublished":"2019-02-13T15:29:05+00:00","mainEntityOfPage":{"@id":"https:\/\/framtidenskarriar.se\/itdata\/2019\/02\/13\/innovation-och-kreativitet-pa-seb\/"},"wordCount":873,"image":{"@id":"https:\/\/framtidenskarriar.se\/itdata\/2019\/02\/13\/innovation-och-kreativitet-pa-seb\/#primaryimage"},"thumbnailUrl":"https:\/\/framtidenskarriar.se\/itdata\/wp-content\/uploads\/sites\/13\/2019\/02\/seb-1.jpg","keywords":["Bank","Digitala bankl\u00f6sningar","Innovation","IT","SEB","SEB IT"],"articleSection":["Presentation"],"inLanguage":"sv-SE"},{"@type":"WebPage","@id":"https:\/\/framtidenskarriar.se\/itdata\/2019\/02\/13\/innovation-och-kreativitet-pa-seb\/","url":"https:\/\/framtidenskarriar.se\/itdata\/2019\/02\/13\/innovation-och-kreativitet-pa-seb\/","name":"Innovation och kreativitet p\u00e5 SEB IT - Framtidens karri\u00e4r IT & Data","isPartOf":{"@id":"https:\/\/framtidenskarriar.se\/itdata\/#website"},"primaryImageOfPage":{"@id":"https:\/\/framtidenskarriar.se\/itdata\/2019\/02\/13\/innovation-och-kreativitet-pa-seb\/#primaryimage"},"image":{"@id":"https:\/\/framtidenskarriar.se\/itdata\/2019\/02\/13\/innovation-och-kreativitet-pa-seb\/#primaryimage"},"thumbnailUrl":"https:\/\/framtidenskarriar.se\/itdata\/wp-content\/uploads\/sites\/13\/2019\/02\/seb-1.jpg","datePublished":"2019-02-13T15:29:05+00:00","author":{"@id":"https:\/\/framtidenskarriar.se\/itdata\/#\/schema\/person\/2a13a849ec7646386c2211f59afe3083"},"breadcrumb":{"@id":"https:\/\/framtidenskarriar.se\/itdata\/2019\/02\/13\/innovation-och-kreativitet-pa-seb\/#breadcrumb"},"inLanguage":"sv-SE","potentialAction":[{"@type":"ReadAction","target":["https:\/\/framtidenskarriar.se\/itdata\/2019\/02\/13\/innovation-och-kreativitet-pa-seb\/"]}]},{"@type":"ImageObject","inLanguage":"sv-SE","@id":"https:\/\/framtidenskarriar.se\/itdata\/2019\/02\/13\/innovation-och-kreativitet-pa-seb\/#primaryimage","url":"https:\/\/framtidenskarriar.se\/itdata\/wp-content\/uploads\/sites\/13\/2019\/02\/seb-1.jpg","contentUrl":"https:\/\/framtidenskarriar.se\/itdata\/wp-content\/uploads\/sites\/13\/2019\/02\/seb-1.jpg","width":1000,"height":672,"caption":"Stephanie Carlsson och Adrian Opsahl, utvecklare p\u00e5 enheten Hosting and Integration p\u00e5 SEB. Foto: Johan Marklund"},{"@type":"BreadcrumbList","@id":"https:\/\/framtidenskarriar.se\/itdata\/2019\/02\/13\/innovation-och-kreativitet-pa-seb\/#breadcrumb","itemListElement":[{"@type":"ListItem","position":1,"name":"Home","item":"https:\/\/framtidenskarriar.se\/itdata\/"},{"@type":"ListItem","position":2,"name":"Innovation och kreativitet p\u00e5 SEB IT"}]},{"@type":"WebSite","@id":"https:\/\/framtidenskarriar.se\/itdata\/#website","url":"https:\/\/framtidenskarriar.se\/itdata\/","name":"Framtidens karri\u00e4r IT & Data","description":"Just another NMDashboard.se Sites site","potentialAction":[{"@type":"SearchAction","target":{"@type":"EntryPoint","urlTemplate":"https:\/\/framtidenskarriar.se\/itdata\/?s={search_term_string}"},"query-input":{"@type":"PropertyValueSpecification","valueRequired":true,"valueName":"search_term_string"}}],"inLanguage":"sv-SE"},{"@type":"Person","@id":"https:\/\/framtidenskarriar.se\/itdata\/#\/schema\/person\/2a13a849ec7646386c2211f59afe3083","name":"viktorwallen","image":{"@type":"ImageObject","inLanguage":"sv-SE","@id":"https:\/\/secure.gravatar.com\/avatar\/701701bd36169636031933997c8c6b954f2f635bbb7cd4802e4a007f9c9f4e59?s=96&d=mm&r=g","url":"https:\/\/secure.gravatar.com\/avatar\/701701bd36169636031933997c8c6b954f2f635bbb7cd4802e4a007f9c9f4e59?s=96&d=mm&r=g","contentUrl":"https:\/\/secure.gravatar.com\/avatar\/701701bd36169636031933997c8c6b954f2f635bbb7cd4802e4a007f9c9f4e59?s=96&d=mm&r=g","caption":"viktorwallen"},"url":"https:\/\/framtidenskarriar.se\/itdata\/author\/viktorwallen\/"}]}},"_links":{"self":[{"href":"https:\/\/framtidenskarriar.se\/itdata\/wp-json\/wp\/v2\/posts\/5848","targetHints":{"allow":["GET"]}}],"collection":[{"href":"https:\/\/framtidenskarriar.se\/itdata\/wp-json\/wp\/v2\/posts"}],"about":[{"href":"https:\/\/framtidenskarriar.se\/itdata\/wp-json\/wp\/v2\/types\/post"}],"author":[{"embeddable":true,"href":"https:\/\/framtidenskarriar.se\/itdata\/wp-json\/wp\/v2\/users\/2"}],"replies":[{"embeddable":true,"href":"https:\/\/framtidenskarriar.se\/itdata\/wp-json\/wp\/v2\/comments?post=5848"}],"version-history":[{"count":0,"href":"https:\/\/framtidenskarriar.se\/itdata\/wp-json\/wp\/v2\/posts\/5848\/revisions"}],"wp:featuredmedia":[{"embeddable":true,"href":"https:\/\/framtidenskarriar.se\/itdata\/wp-json\/wp\/v2\/media\/5850"}],"wp:attachment":[{"href":"https:\/\/framtidenskarriar.se\/itdata\/wp-json\/wp\/v2\/media?parent=5848"}],"wp:term":[{"taxonomy":"category","embeddable":true,"href":"https:\/\/framtidenskarriar.se\/itdata\/wp-json\/wp\/v2\/categories?post=5848"},{"taxonomy":"post_tag","embeddable":true,"href":"https:\/\/framtidenskarriar.se\/itdata\/wp-json\/wp\/v2\/tags?post=5848"}],"curies":[{"name":"wp","href":"https:\/\/api.w.org\/{rel}","templated":true}]}}