{"id":5854,"date":"2019-02-13T17:15:47","date_gmt":"2019-02-13T15:15:47","guid":{"rendered":"http:\/\/framtidenskarriar.se\/itdata\/?p=5854"},"modified":"2019-02-13T17:15:47","modified_gmt":"2019-02-13T15:15:47","slug":"transportstyrelsen-paverkar-miljoner-manniskors-vardag","status":"publish","type":"post","link":"https:\/\/framtidenskarriar.se\/itdata\/2019\/02\/13\/transportstyrelsen-paverkar-miljoner-manniskors-vardag\/","title":{"rendered":"Transportstyrelsen p\u00e5verkar miljoner m\u00e4nniskors vardag"},"content":{"rendered":"<figure id=\"attachment_5855\" aria-describedby=\"caption-attachment-5855\" style=\"width: 1000px\" class=\"wp-caption alignnone\"><img loading=\"lazy\" decoding=\"async\" src=\"https:\/\/framtidenskarriar.se\/itdata\/wp-content\/uploads\/sites\/13\/2019\/02\/transportstyrelsen-4.jpg\" alt=\"Mattias Lyr\u00e9n, it-arkitekt och Maria Karlsson, systemutvecklare p\u00e5 Transportstyrelsen. Foto: Richard Str\u00f6m\" width=\"1000\" height=\"682\" class=\"size-full wp-image-5855\" srcset=\"https:\/\/framtidenskarriar.se\/itdata\/wp-content\/uploads\/sites\/13\/2019\/02\/transportstyrelsen-4.jpg 1000w, https:\/\/framtidenskarriar.se\/itdata\/wp-content\/uploads\/sites\/13\/2019\/02\/transportstyrelsen-4-300x205.jpg 300w, https:\/\/framtidenskarriar.se\/itdata\/wp-content\/uploads\/sites\/13\/2019\/02\/transportstyrelsen-4-768x524.jpg 768w, https:\/\/framtidenskarriar.se\/itdata\/wp-content\/uploads\/sites\/13\/2019\/02\/transportstyrelsen-4-235x160.jpg 235w, https:\/\/framtidenskarriar.se\/itdata\/wp-content\/uploads\/sites\/13\/2019\/02\/transportstyrelsen-4-526x359.jpg 526w, https:\/\/framtidenskarriar.se\/itdata\/wp-content\/uploads\/sites\/13\/2019\/02\/transportstyrelsen-4-720x491.jpg 720w, https:\/\/framtidenskarriar.se\/itdata\/wp-content\/uploads\/sites\/13\/2019\/02\/transportstyrelsen-4-960x655.jpg 960w\" sizes=\"auto, (max-width: 1000px) 100vw, 1000px\" \/><figcaption id=\"caption-attachment-5855\" class=\"wp-caption-text\">Mattias Lyr\u00e9n, it-arkitekt och Maria Karlsson, systemutvecklare p\u00e5 Transportstyrelsen. Foto: Richard Str\u00f6m<\/figcaption><\/figure>\n<p><strong>Transportstyrelsen har en m\u00e4ngd samh\u00e4llsviktiga funktioner, vilket st\u00e4ller stora krav p\u00e5 dess it-infrastruktur och digitala processer. Det medf\u00f6r en uppsj\u00f6 sp\u00e4nnande utmaningar och stor bredd f\u00f6r myndighetens it-verksamhet.<\/strong><\/p>\n<p>\u00c4r man nyfiken p\u00e5 stora, samh\u00e4llsviktiga system \u00e4r Transportstyrelsen en av de tvekl\u00f6st intressantaste arbetsgivarna. Myndighetens digitala strukturer \u00e4r komplexa och sp\u00e4nner hela v\u00e4gen fr\u00e5n gamla k\u00e4rnsystem till modern teknik och funktioner i omr\u00e5dets absoluta framkant.<br \/>\n\u2013 Det finns en enorm bredd i verksamheten h\u00e4r, vilket var en av orsakerna till att jag 2014 s\u00f6kte mig hit efter hela 14 \u00e5r som konsult. H\u00e4r beh\u00f6ver vi ha ett helhetsperspektiv f\u00f6r att kunna f\u00f6rst\u00e5 verksamhetens behov och oms\u00e4tta dem till l\u00f6sningar i system. Just nu arbetar vi med en av de st\u00f6rsta utmaningarna inom it-Sverige, n\u00e4mligen att f\u00f6rnya ett av v\u00e5ra centrala, \u00e4ldre system. Det \u00e4r v\u00e4ldigt sp\u00e4nnande, ber\u00e4ttar Mattias Lyr\u00e9n, it-arkitekt p\u00e5 Transportstyrelsen.<br \/>\nMattias kollega, systemutvecklaren Maria Karlsson, har en snarlik bakgrund \u2013 \u00e4ven hon arbetade som konsult under en l\u00e4ngre tid innan hon f\u00f6r cirka sex \u00e5r sedan s\u00f6kte sig till Transportstyrelsen. Liksom Mattias betonar hon myndighetens bredd och variation som en avg\u00f6rande orsak till att hon valde att l\u00e4gga konsultlivet bakom sig.<br \/>\n\u2013 F\u00f6rutom alla engagerande tekniska fr\u00e5gest\u00e4llningar m\u00e4rker man en stor bredd p\u00e5 sj\u00e4lva medarbetarna. H\u00e4r samsas m\u00e5nga olika m\u00e4nniskor med lika olika bakgrunder. It kan ibland bli ganska stereotypt, men det upplever jag inte h\u00e4r. Dessutom tycker jag att det \u00e4r roligt att ha ett yrke d\u00e4r jag f\u00e5r jobba med saker som m\u00e5nga m\u00e4nniskor kan relatera till och som har en stor p\u00e5verkan p\u00e5 v\u00e5rt samh\u00e4lle. Det har jag hittat p\u00e5 Transportstyrelsen.<\/p>\n<p><strong>Har ett agilt arbetss\u00e4tt<\/strong><br \/>\nDet finns hos Transportstyrelsen en aktiv str\u00e4van fram\u00e5t inom det digitala omr\u00e5det, ett m\u00e5ste f\u00f6r alla akt\u00f6rer som vill h\u00e5lla sig \u00e0 jour med utvecklingen. Allt fler funktioner och tj\u00e4nster automatiseras och lag\u00e4ndringar eller nya behov hos verksamheterna kr\u00e4ver ett bra, r\u00f6rligt och tydligt samarbete inom organisationen, n\u00e5got som underl\u00e4ttas av verksamhetens agila arbetss\u00e4tt. N\u00e5gra exempel p\u00e5 l\u00f6pande projekt \u00e4r automatisering samt digitalisering av blanketter och konsumenttj\u00e4nster. Ett annat projekt som p\u00e5g\u00e5r r\u00f6r ny infrastruktur, med ett privat, lokalt moln i form av Microsofts Azure Stack som en av de t\u00e4nkta m\u00e5lplattformarna.<br \/>\n\u2013 Vi beh\u00f6ver titta s\u00e5v\u00e4l kortsiktigt som l\u00e5ngsiktigt f\u00f6r att skapa it-strukturer som motsvarar den st\u00e4ndigt skiftande digitaliseringen och d\u00e4rf\u00f6r gick vi \u00f6ver till ett agilt arbetss\u00e4tt f\u00f6r n\u00e5gra \u00e5r sedan. Det har inneburit stora f\u00f6r\u00e4ndringar, som idag b\u00f6rjar komma till sin r\u00e4tt. Det g\u00e5r dock inte att n\u00f6ja sig d\u00e4r, utan vi forts\u00e4tter att utveckla nya metoder och system f\u00f6r automatisering och effektivisering, konstaterar Mattias.<\/p>\n<p><strong>Satsar p\u00e5 kompetensutveckling<\/strong><br \/>\nAllt jobb inom it kr\u00e4ver en kontinuerlig kompetensutveckling, och p\u00e5 Transportstyrelsen ges m\u00f6jligheten att utifr\u00e5n eget ansvar driva sin kompetens fram\u00e5t. Bland annat ger myndigheten m\u00f6jlighet att medverka p\u00e5 relevanta konferenser och utbildningar. D\u00e4rut\u00f6ver har varje medarbetare en kontinuerlig dialog med sin chef f\u00f6r att identifiera f\u00f6rb\u00e4ttringsomr\u00e5den och karri\u00e4rm\u00f6jligheter.<br \/>\n\u2013 Det finns alla m\u00f6jligheter att utvecklas inom Transportstyrelsen. De som vill f\u00f6rdjupa sig har chansen att g\u00f6ra det, medan de som vill g\u00e5 vidare till nya roller eller kanske fortbilda sig till exempelvis f\u00f6rvaltningsledare eller projektledare kan g\u00f6ra det. Cheferna \u00e4r v\u00e4ldigt lyh\u00f6rda, s\u00e5 du kan alltid p\u00e5verka din situation och komma med egna initiativ, s\u00e5 l\u00e4nge de \u00e4r relevanta f\u00f6r arbetet, s\u00e4ger Maria.<\/p>\n<p><strong>\u00d6ppen och lyh\u00f6rd st\u00e4mning <\/strong><br \/>\nJust lyh\u00f6rdheten \u00e4r n\u00e5got som b\u00e5de Maria och Mattias \u00e4r \u00f6verens om. De understryker att det till exempel g\u00e5r alldeles utm\u00e4rkt att kombinera arbetsliv och familjeliv, n\u00e5got som de upplever som en stor trygghet. Myndigheten uppmuntrar dessutom till \u00e5terh\u00e4mtning och friskv\u00e5rd, och st\u00e4mningen pr\u00e4glas av \u00f6ppenhet och kunskapsutbyte.<br \/>\n\u2013Majoriteten av v\u00e5ra projekt p\u00e5verkar en stor m\u00e4ngd m\u00e4nniskor och d\u00e4rf\u00f6r \u00e4r det viktigt att man som medarbetare inom it b\u00e5de \u00e4r \u00f6ppen och nyfiken p\u00e5 nya saker, och trivs med social interaktion. Vi g\u00f6r skillnad f\u00f6r samh\u00e4llet varje dag, och har chansen att p\u00e5verka utvecklingen. Det \u00e4r verkligen positivt, avslutar de.<\/p>\n<p><strong><a href=\"https:\/\/web103.reachmee.com\/ext\/I003\/391\/main?site=5&amp;lang=SE&amp;validator=67fe3dd1e82f5daa8127ee1beb347301\" title=\"Transportstyrelsen pres jobb ans\u00f6k\" rel=\"noopener noreferrer\" target=\"_blank\">Jobba med IT p\u00e5 Transportstyrelsen. Se v\u00e5ra lediga tj\u00e4nster och ans\u00f6k h\u00e4r<\/a><\/strong><\/p>\n<div class=\"faktaruta-title\">Transportstyrelsen<\/div><div class=\"faktaruta\">Vill du varje dag jobba med it som p\u00e5verkar 6,3 miljoner m\u00e4nniskors vardag? Vi f\u00e5r samh\u00e4llet att fungera f\u00f6r m\u00e4nniskor p\u00e5 v\u00e4g, p\u00e5 r\u00e4ls, i luften och p\u00e5 sj\u00f6n. D\u00e4rf\u00f6r beh\u00f6ver vi den b\u00e4sta kompetensen hos oss. Vi tar fram regler, ger tillst\u00e5nd och f\u00f6ljer upp hur de efterlevs. Med hj\u00e4lp av v\u00e5ra register arbetar vi bland annat med avgifter, tillst\u00e5nd och \u00e4garbyten. Vi finns p\u00e5 13 orter i landet och har idag cirka 2&nbsp;000 medarbetare. Den st\u00f6rsta delen av verksamheten finns i Borl\u00e4nge, Norrk\u00f6ping och \u00d6rebro.<\/p>\n<p><strong>Transportstyrelsen<\/strong><br \/>\nTel. vxl: 0771-503 503<br \/>\nE-post: <em><a href=\"mailto:kontakt@transportstyrelsen.se\" title=\"Transportstyrelsen mail\">kontakt@transportstyrelsen.se<\/a><\/em><br \/>\n<strong><a href=\"https:\/\/www.transportstyrelsen.se\/\" title=\"Transportstyrelsen textlink\" rel=\"noopener noreferrer\" target=\"_blank\">transportstyrelsen.se<\/a><\/strong><\/p>\n<p><a href=\"https:\/\/www.transportstyrelsen.se\/\" title=\"Transportstyrelsen logotype\" rel=\"noopener noreferrer\" target=\"_blank\"><img loading=\"lazy\" decoding=\"async\" src=\"http:\/\/framtidenskarriar.se\/itdata\/wp-content\/uploads\/2019\/02\/transportstyrelsens_logotyp_cmyk-530x119.png\" alt=\"Transportstyrelsen logotype\" width=\"332\" height=\"74\" class=\"alignnone size-large wp-image-5856\" \/><\/a><br \/>\n<\/div>\n","protected":false},"excerpt":{"rendered":"<p>Transportstyrelsen har en m\u00e4ngd samh\u00e4llsviktiga funktioner, vilket st\u00e4ller stora krav p\u00e5 dess it-infrastruktur och digitala&#8230;<\/p>\n","protected":false},"author":2,"featured_media":5855,"comment_status":"closed","ping_status":"open","sticky":false,"template":"","format":"standard","meta":{"_acf_changed":false,"_monsterinsights_skip_tracking":false,"_monsterinsights_sitenote_active":false,"_monsterinsights_sitenote_note":"","_monsterinsights_sitenote_category":0,"footnotes":""},"categories":[9],"tags":[60,62,123,136,250],"class_list":["post-5854","post","type-post","status-publish","format-standard","has-post-thumbnail","hentry","category-presentation","tag-digitala-processer","tag-digitalisering","tag-it","tag-itjobb","tag-transportstyrelsen"],"acf":[],"yoast_head":"<!-- This site is optimized with the Yoast SEO plugin v27.3 - https:\/\/yoast.com\/product\/yoast-seo-wordpress\/ -->\n<title>Transportstyrelsen p\u00e5verkar miljoner m\u00e4nniskors vardag - Framtidens karri\u00e4r IT &amp; Data<\/title>\n<meta name=\"robots\" content=\"index, follow, max-snippet:-1, max-image-preview:large, max-video-preview:-1\" \/>\n<link rel=\"canonical\" href=\"https:\/\/framtidenskarriar.se\/itdata\/2019\/02\/13\/transportstyrelsen-paverkar-miljoner-manniskors-vardag\/\" \/>\n<meta property=\"og:locale\" content=\"sv_SE\" \/>\n<meta property=\"og:type\" content=\"article\" \/>\n<meta property=\"og:title\" content=\"Transportstyrelsen p\u00e5verkar miljoner m\u00e4nniskors vardag - Framtidens karri\u00e4r IT &amp; Data\" \/>\n<meta property=\"og:description\" content=\"Transportstyrelsen har en m\u00e4ngd samh\u00e4llsviktiga funktioner, vilket st\u00e4ller stora krav p\u00e5 dess it-infrastruktur och digitala...\" \/>\n<meta property=\"og:url\" content=\"https:\/\/framtidenskarriar.se\/itdata\/2019\/02\/13\/transportstyrelsen-paverkar-miljoner-manniskors-vardag\/\" \/>\n<meta property=\"og:site_name\" content=\"Framtidens karri\u00e4r IT &amp; Data\" \/>\n<meta property=\"article:published_time\" content=\"2019-02-13T15:15:47+00:00\" \/>\n<meta property=\"og:image\" content=\"https:\/\/framtidenskarriar.se\/itdata\/wp-content\/uploads\/sites\/13\/2019\/02\/transportstyrelsen-4.jpg\" \/>\n\t<meta property=\"og:image:width\" content=\"1000\" \/>\n\t<meta property=\"og:image:height\" content=\"682\" \/>\n\t<meta property=\"og:image:type\" content=\"image\/jpeg\" \/>\n<meta name=\"author\" content=\"viktorwallen\" \/>\n<meta name=\"twitter:card\" content=\"summary_large_image\" \/>\n<meta name=\"twitter:label1\" content=\"Skriven av\" \/>\n\t<meta name=\"twitter:data1\" content=\"viktorwallen\" \/>\n\t<meta name=\"twitter:label2\" content=\"Ber\u00e4knad l\u00e4stid\" \/>\n\t<meta name=\"twitter:data2\" content=\"5 minuter\" \/>\n<script type=\"application\/ld+json\" class=\"yoast-schema-graph\">{\"@context\":\"https:\\\/\\\/schema.org\",\"@graph\":[{\"@type\":\"Article\",\"@id\":\"https:\\\/\\\/framtidenskarriar.se\\\/itdata\\\/2019\\\/02\\\/13\\\/transportstyrelsen-paverkar-miljoner-manniskors-vardag\\\/#article\",\"isPartOf\":{\"@id\":\"https:\\\/\\\/framtidenskarriar.se\\\/itdata\\\/2019\\\/02\\\/13\\\/transportstyrelsen-paverkar-miljoner-manniskors-vardag\\\/\"},\"author\":{\"name\":\"viktorwallen\",\"@id\":\"https:\\\/\\\/framtidenskarriar.se\\\/itdata\\\/#\\\/schema\\\/person\\\/2a13a849ec7646386c2211f59afe3083\"},\"headline\":\"Transportstyrelsen p\u00e5verkar miljoner m\u00e4nniskors vardag\",\"datePublished\":\"2019-02-13T15:15:47+00:00\",\"mainEntityOfPage\":{\"@id\":\"https:\\\/\\\/framtidenskarriar.se\\\/itdata\\\/2019\\\/02\\\/13\\\/transportstyrelsen-paverkar-miljoner-manniskors-vardag\\\/\"},\"wordCount\":944,\"image\":{\"@id\":\"https:\\\/\\\/framtidenskarriar.se\\\/itdata\\\/2019\\\/02\\\/13\\\/transportstyrelsen-paverkar-miljoner-manniskors-vardag\\\/#primaryimage\"},\"thumbnailUrl\":\"https:\\\/\\\/framtidenskarriar.se\\\/itdata\\\/wp-content\\\/uploads\\\/sites\\\/13\\\/2019\\\/02\\\/transportstyrelsen-4.jpg\",\"keywords\":[\"Digitala processer\",\"Digitalisering\",\"IT\",\"Itjobb\",\"Transportstyrelsen\"],\"articleSection\":[\"Presentation\"],\"inLanguage\":\"sv-SE\"},{\"@type\":\"WebPage\",\"@id\":\"https:\\\/\\\/framtidenskarriar.se\\\/itdata\\\/2019\\\/02\\\/13\\\/transportstyrelsen-paverkar-miljoner-manniskors-vardag\\\/\",\"url\":\"https:\\\/\\\/framtidenskarriar.se\\\/itdata\\\/2019\\\/02\\\/13\\\/transportstyrelsen-paverkar-miljoner-manniskors-vardag\\\/\",\"name\":\"Transportstyrelsen p\u00e5verkar miljoner m\u00e4nniskors vardag - Framtidens karri\u00e4r IT & Data\",\"isPartOf\":{\"@id\":\"https:\\\/\\\/framtidenskarriar.se\\\/itdata\\\/#website\"},\"primaryImageOfPage\":{\"@id\":\"https:\\\/\\\/framtidenskarriar.se\\\/itdata\\\/2019\\\/02\\\/13\\\/transportstyrelsen-paverkar-miljoner-manniskors-vardag\\\/#primaryimage\"},\"image\":{\"@id\":\"https:\\\/\\\/framtidenskarriar.se\\\/itdata\\\/2019\\\/02\\\/13\\\/transportstyrelsen-paverkar-miljoner-manniskors-vardag\\\/#primaryimage\"},\"thumbnailUrl\":\"https:\\\/\\\/framtidenskarriar.se\\\/itdata\\\/wp-content\\\/uploads\\\/sites\\\/13\\\/2019\\\/02\\\/transportstyrelsen-4.jpg\",\"datePublished\":\"2019-02-13T15:15:47+00:00\",\"author\":{\"@id\":\"https:\\\/\\\/framtidenskarriar.se\\\/itdata\\\/#\\\/schema\\\/person\\\/2a13a849ec7646386c2211f59afe3083\"},\"breadcrumb\":{\"@id\":\"https:\\\/\\\/framtidenskarriar.se\\\/itdata\\\/2019\\\/02\\\/13\\\/transportstyrelsen-paverkar-miljoner-manniskors-vardag\\\/#breadcrumb\"},\"inLanguage\":\"sv-SE\",\"potentialAction\":[{\"@type\":\"ReadAction\",\"target\":[\"https:\\\/\\\/framtidenskarriar.se\\\/itdata\\\/2019\\\/02\\\/13\\\/transportstyrelsen-paverkar-miljoner-manniskors-vardag\\\/\"]}]},{\"@type\":\"ImageObject\",\"inLanguage\":\"sv-SE\",\"@id\":\"https:\\\/\\\/framtidenskarriar.se\\\/itdata\\\/2019\\\/02\\\/13\\\/transportstyrelsen-paverkar-miljoner-manniskors-vardag\\\/#primaryimage\",\"url\":\"https:\\\/\\\/framtidenskarriar.se\\\/itdata\\\/wp-content\\\/uploads\\\/sites\\\/13\\\/2019\\\/02\\\/transportstyrelsen-4.jpg\",\"contentUrl\":\"https:\\\/\\\/framtidenskarriar.se\\\/itdata\\\/wp-content\\\/uploads\\\/sites\\\/13\\\/2019\\\/02\\\/transportstyrelsen-4.jpg\",\"width\":1000,\"height\":682,\"caption\":\"Mattias Lyr\u00e9n, it-arkitekt och Maria Karlsson, systemutvecklare p\u00e5 Transportstyrelsen. Foto: Richard Str\u00f6m\"},{\"@type\":\"BreadcrumbList\",\"@id\":\"https:\\\/\\\/framtidenskarriar.se\\\/itdata\\\/2019\\\/02\\\/13\\\/transportstyrelsen-paverkar-miljoner-manniskors-vardag\\\/#breadcrumb\",\"itemListElement\":[{\"@type\":\"ListItem\",\"position\":1,\"name\":\"Home\",\"item\":\"https:\\\/\\\/framtidenskarriar.se\\\/itdata\\\/\"},{\"@type\":\"ListItem\",\"position\":2,\"name\":\"Transportstyrelsen p\u00e5verkar miljoner m\u00e4nniskors vardag\"}]},{\"@type\":\"WebSite\",\"@id\":\"https:\\\/\\\/framtidenskarriar.se\\\/itdata\\\/#website\",\"url\":\"https:\\\/\\\/framtidenskarriar.se\\\/itdata\\\/\",\"name\":\"Framtidens karri\u00e4r IT & Data\",\"description\":\"Just another NMDashboard.se Sites site\",\"potentialAction\":[{\"@type\":\"SearchAction\",\"target\":{\"@type\":\"EntryPoint\",\"urlTemplate\":\"https:\\\/\\\/framtidenskarriar.se\\\/itdata\\\/?s={search_term_string}\"},\"query-input\":{\"@type\":\"PropertyValueSpecification\",\"valueRequired\":true,\"valueName\":\"search_term_string\"}}],\"inLanguage\":\"sv-SE\"},{\"@type\":\"Person\",\"@id\":\"https:\\\/\\\/framtidenskarriar.se\\\/itdata\\\/#\\\/schema\\\/person\\\/2a13a849ec7646386c2211f59afe3083\",\"name\":\"viktorwallen\",\"image\":{\"@type\":\"ImageObject\",\"inLanguage\":\"sv-SE\",\"@id\":\"https:\\\/\\\/secure.gravatar.com\\\/avatar\\\/701701bd36169636031933997c8c6b954f2f635bbb7cd4802e4a007f9c9f4e59?s=96&d=mm&r=g\",\"url\":\"https:\\\/\\\/secure.gravatar.com\\\/avatar\\\/701701bd36169636031933997c8c6b954f2f635bbb7cd4802e4a007f9c9f4e59?s=96&d=mm&r=g\",\"contentUrl\":\"https:\\\/\\\/secure.gravatar.com\\\/avatar\\\/701701bd36169636031933997c8c6b954f2f635bbb7cd4802e4a007f9c9f4e59?s=96&d=mm&r=g\",\"caption\":\"viktorwallen\"},\"url\":\"https:\\\/\\\/framtidenskarriar.se\\\/itdata\\\/author\\\/viktorwallen\\\/\"}]}<\/script>\n<!-- \/ Yoast SEO plugin. -->","yoast_head_json":{"title":"Transportstyrelsen p\u00e5verkar miljoner m\u00e4nniskors vardag - Framtidens karri\u00e4r IT & Data","robots":{"index":"index","follow":"follow","max-snippet":"max-snippet:-1","max-image-preview":"max-image-preview:large","max-video-preview":"max-video-preview:-1"},"canonical":"https:\/\/framtidenskarriar.se\/itdata\/2019\/02\/13\/transportstyrelsen-paverkar-miljoner-manniskors-vardag\/","og_locale":"sv_SE","og_type":"article","og_title":"Transportstyrelsen p\u00e5verkar miljoner m\u00e4nniskors vardag - Framtidens karri\u00e4r IT & Data","og_description":"Transportstyrelsen har en m\u00e4ngd samh\u00e4llsviktiga funktioner, vilket st\u00e4ller stora krav p\u00e5 dess it-infrastruktur och digitala...","og_url":"https:\/\/framtidenskarriar.se\/itdata\/2019\/02\/13\/transportstyrelsen-paverkar-miljoner-manniskors-vardag\/","og_site_name":"Framtidens karri\u00e4r IT & Data","article_published_time":"2019-02-13T15:15:47+00:00","og_image":[{"width":1000,"height":682,"url":"https:\/\/framtidenskarriar.se\/itdata\/wp-content\/uploads\/sites\/13\/2019\/02\/transportstyrelsen-4.jpg","type":"image\/jpeg"}],"author":"viktorwallen","twitter_card":"summary_large_image","twitter_misc":{"Skriven av":"viktorwallen","Ber\u00e4knad l\u00e4stid":"5 minuter"},"schema":{"@context":"https:\/\/schema.org","@graph":[{"@type":"Article","@id":"https:\/\/framtidenskarriar.se\/itdata\/2019\/02\/13\/transportstyrelsen-paverkar-miljoner-manniskors-vardag\/#article","isPartOf":{"@id":"https:\/\/framtidenskarriar.se\/itdata\/2019\/02\/13\/transportstyrelsen-paverkar-miljoner-manniskors-vardag\/"},"author":{"name":"viktorwallen","@id":"https:\/\/framtidenskarriar.se\/itdata\/#\/schema\/person\/2a13a849ec7646386c2211f59afe3083"},"headline":"Transportstyrelsen p\u00e5verkar miljoner m\u00e4nniskors vardag","datePublished":"2019-02-13T15:15:47+00:00","mainEntityOfPage":{"@id":"https:\/\/framtidenskarriar.se\/itdata\/2019\/02\/13\/transportstyrelsen-paverkar-miljoner-manniskors-vardag\/"},"wordCount":944,"image":{"@id":"https:\/\/framtidenskarriar.se\/itdata\/2019\/02\/13\/transportstyrelsen-paverkar-miljoner-manniskors-vardag\/#primaryimage"},"thumbnailUrl":"https:\/\/framtidenskarriar.se\/itdata\/wp-content\/uploads\/sites\/13\/2019\/02\/transportstyrelsen-4.jpg","keywords":["Digitala processer","Digitalisering","IT","Itjobb","Transportstyrelsen"],"articleSection":["Presentation"],"inLanguage":"sv-SE"},{"@type":"WebPage","@id":"https:\/\/framtidenskarriar.se\/itdata\/2019\/02\/13\/transportstyrelsen-paverkar-miljoner-manniskors-vardag\/","url":"https:\/\/framtidenskarriar.se\/itdata\/2019\/02\/13\/transportstyrelsen-paverkar-miljoner-manniskors-vardag\/","name":"Transportstyrelsen p\u00e5verkar miljoner m\u00e4nniskors vardag - Framtidens karri\u00e4r IT & Data","isPartOf":{"@id":"https:\/\/framtidenskarriar.se\/itdata\/#website"},"primaryImageOfPage":{"@id":"https:\/\/framtidenskarriar.se\/itdata\/2019\/02\/13\/transportstyrelsen-paverkar-miljoner-manniskors-vardag\/#primaryimage"},"image":{"@id":"https:\/\/framtidenskarriar.se\/itdata\/2019\/02\/13\/transportstyrelsen-paverkar-miljoner-manniskors-vardag\/#primaryimage"},"thumbnailUrl":"https:\/\/framtidenskarriar.se\/itdata\/wp-content\/uploads\/sites\/13\/2019\/02\/transportstyrelsen-4.jpg","datePublished":"2019-02-13T15:15:47+00:00","author":{"@id":"https:\/\/framtidenskarriar.se\/itdata\/#\/schema\/person\/2a13a849ec7646386c2211f59afe3083"},"breadcrumb":{"@id":"https:\/\/framtidenskarriar.se\/itdata\/2019\/02\/13\/transportstyrelsen-paverkar-miljoner-manniskors-vardag\/#breadcrumb"},"inLanguage":"sv-SE","potentialAction":[{"@type":"ReadAction","target":["https:\/\/framtidenskarriar.se\/itdata\/2019\/02\/13\/transportstyrelsen-paverkar-miljoner-manniskors-vardag\/"]}]},{"@type":"ImageObject","inLanguage":"sv-SE","@id":"https:\/\/framtidenskarriar.se\/itdata\/2019\/02\/13\/transportstyrelsen-paverkar-miljoner-manniskors-vardag\/#primaryimage","url":"https:\/\/framtidenskarriar.se\/itdata\/wp-content\/uploads\/sites\/13\/2019\/02\/transportstyrelsen-4.jpg","contentUrl":"https:\/\/framtidenskarriar.se\/itdata\/wp-content\/uploads\/sites\/13\/2019\/02\/transportstyrelsen-4.jpg","width":1000,"height":682,"caption":"Mattias Lyr\u00e9n, it-arkitekt och Maria Karlsson, systemutvecklare p\u00e5 Transportstyrelsen. Foto: Richard Str\u00f6m"},{"@type":"BreadcrumbList","@id":"https:\/\/framtidenskarriar.se\/itdata\/2019\/02\/13\/transportstyrelsen-paverkar-miljoner-manniskors-vardag\/#breadcrumb","itemListElement":[{"@type":"ListItem","position":1,"name":"Home","item":"https:\/\/framtidenskarriar.se\/itdata\/"},{"@type":"ListItem","position":2,"name":"Transportstyrelsen p\u00e5verkar miljoner m\u00e4nniskors vardag"}]},{"@type":"WebSite","@id":"https:\/\/framtidenskarriar.se\/itdata\/#website","url":"https:\/\/framtidenskarriar.se\/itdata\/","name":"Framtidens karri\u00e4r IT & Data","description":"Just another NMDashboard.se Sites site","potentialAction":[{"@type":"SearchAction","target":{"@type":"EntryPoint","urlTemplate":"https:\/\/framtidenskarriar.se\/itdata\/?s={search_term_string}"},"query-input":{"@type":"PropertyValueSpecification","valueRequired":true,"valueName":"search_term_string"}}],"inLanguage":"sv-SE"},{"@type":"Person","@id":"https:\/\/framtidenskarriar.se\/itdata\/#\/schema\/person\/2a13a849ec7646386c2211f59afe3083","name":"viktorwallen","image":{"@type":"ImageObject","inLanguage":"sv-SE","@id":"https:\/\/secure.gravatar.com\/avatar\/701701bd36169636031933997c8c6b954f2f635bbb7cd4802e4a007f9c9f4e59?s=96&d=mm&r=g","url":"https:\/\/secure.gravatar.com\/avatar\/701701bd36169636031933997c8c6b954f2f635bbb7cd4802e4a007f9c9f4e59?s=96&d=mm&r=g","contentUrl":"https:\/\/secure.gravatar.com\/avatar\/701701bd36169636031933997c8c6b954f2f635bbb7cd4802e4a007f9c9f4e59?s=96&d=mm&r=g","caption":"viktorwallen"},"url":"https:\/\/framtidenskarriar.se\/itdata\/author\/viktorwallen\/"}]}},"_links":{"self":[{"href":"https:\/\/framtidenskarriar.se\/itdata\/wp-json\/wp\/v2\/posts\/5854","targetHints":{"allow":["GET"]}}],"collection":[{"href":"https:\/\/framtidenskarriar.se\/itdata\/wp-json\/wp\/v2\/posts"}],"about":[{"href":"https:\/\/framtidenskarriar.se\/itdata\/wp-json\/wp\/v2\/types\/post"}],"author":[{"embeddable":true,"href":"https:\/\/framtidenskarriar.se\/itdata\/wp-json\/wp\/v2\/users\/2"}],"replies":[{"embeddable":true,"href":"https:\/\/framtidenskarriar.se\/itdata\/wp-json\/wp\/v2\/comments?post=5854"}],"version-history":[{"count":0,"href":"https:\/\/framtidenskarriar.se\/itdata\/wp-json\/wp\/v2\/posts\/5854\/revisions"}],"wp:featuredmedia":[{"embeddable":true,"href":"https:\/\/framtidenskarriar.se\/itdata\/wp-json\/wp\/v2\/media\/5855"}],"wp:attachment":[{"href":"https:\/\/framtidenskarriar.se\/itdata\/wp-json\/wp\/v2\/media?parent=5854"}],"wp:term":[{"taxonomy":"category","embeddable":true,"href":"https:\/\/framtidenskarriar.se\/itdata\/wp-json\/wp\/v2\/categories?post=5854"},{"taxonomy":"post_tag","embeddable":true,"href":"https:\/\/framtidenskarriar.se\/itdata\/wp-json\/wp\/v2\/tags?post=5854"}],"curies":[{"name":"wp","href":"https:\/\/api.w.org\/{rel}","templated":true}]}}