{"id":5899,"date":"2019-02-13T15:55:33","date_gmt":"2019-02-13T13:55:33","guid":{"rendered":"http:\/\/framtidenskarriar.se\/itdata\/?p=5899"},"modified":"2019-02-13T15:55:33","modified_gmt":"2019-02-13T13:55:33","slug":"iot-marknaden-drar-at-sig-nya-aktorer","status":"publish","type":"post","link":"https:\/\/framtidenskarriar.se\/itdata\/2019\/02\/13\/iot-marknaden-drar-at-sig-nya-aktorer\/","title":{"rendered":"IoT-marknaden drar \u00e5t sig nya akt\u00f6rer"},"content":{"rendered":"<p><figure id=\"attachment_5900\" aria-describedby=\"caption-attachment-5900\" style=\"width: 1000px\" class=\"wp-caption alignnone\"><img loading=\"lazy\" decoding=\"async\" src=\"https:\/\/framtidenskarriar.se\/itdata\/wp-content\/uploads\/sites\/13\/2019\/02\/iot-alla.jpg\" alt=\"Magnus Melander (Foto: Marie Linn\u00e9r) och Eric Michels\u00e9n, vd f\u00f6r Vinnter (Foto: Jan Nord\u00e9n).\" width=\"1000\" height=\"690\" class=\"size-full wp-image-5900\" srcset=\"https:\/\/framtidenskarriar.se\/itdata\/wp-content\/uploads\/sites\/13\/2019\/02\/iot-alla.jpg 1000w, https:\/\/framtidenskarriar.se\/itdata\/wp-content\/uploads\/sites\/13\/2019\/02\/iot-alla-300x207.jpg 300w, https:\/\/framtidenskarriar.se\/itdata\/wp-content\/uploads\/sites\/13\/2019\/02\/iot-alla-768x530.jpg 768w, https:\/\/framtidenskarriar.se\/itdata\/wp-content\/uploads\/sites\/13\/2019\/02\/iot-alla-232x160.jpg 232w, https:\/\/framtidenskarriar.se\/itdata\/wp-content\/uploads\/sites\/13\/2019\/02\/iot-alla-526x363.jpg 526w, https:\/\/framtidenskarriar.se\/itdata\/wp-content\/uploads\/sites\/13\/2019\/02\/iot-alla-720x497.jpg 720w, https:\/\/framtidenskarriar.se\/itdata\/wp-content\/uploads\/sites\/13\/2019\/02\/iot-alla-960x662.jpg 960w\" sizes=\"auto, (max-width: 1000px) 100vw, 1000px\" \/><figcaption id=\"caption-attachment-5900\" class=\"wp-caption-text\">Magnus Melander (Foto: Marie Linn\u00e9r) och Eric Michels\u00e9n, vd f\u00f6r Vinnter (Foto: Jan Nord\u00e9n).<\/figcaption><\/figure><strong>Marknaden f\u00f6r Internet of Things, IoT, \u00e4r gl\u00f6dhet och nu har b\u00e5de molnleverant\u00f6rer och mobiloperat\u00f6rer g\u00e5tt in p\u00e5 marknaden. Det handlar om sm\u00e5 datam\u00e4ngder fr\u00e5n sm\u00e5 prylar och utvecklingen f\u00f6ruts\u00e4tter energieffektivitet. <\/strong><\/p>\n<p>Det amerikanska analysbolaget IHS uppskattar att 20 miljarder prylar nu \u00e4r uppkopplade.  Konsultbolaget Bain uppskattar att den totala marknaden f\u00f6r IoT f\u00f6rra \u00e5ret var v\u00e4rd 235 miljarder dollar. N\u00e5gra officiella uppskattningar av den svenska marknaden finns inte.<\/p>\n<p><strong>Mobiloperat\u00f6rer in p\u00e5 IoT<\/strong><br \/>\nF\u00f6r att IoT-utvecklingen skulle komma ig\u00e5ng kr\u00e4vdes allts\u00e5 elsn\u00e5l n\u00e4tverksteknik. Det gjorde att det franska f\u00f6retaget Sigfox, som utvecklat en egen n\u00e4tverksteknik, etablerades. Parallellt finns ocks\u00e5 leverant\u00f6rer som anv\u00e4nder den \u00f6ppna standarden LoRa. Mobiloperat\u00f6rernas svar \u00e4r l\u00e5genergiteknik NB IoT. I Sverige har b\u00e5de Telia och 3 nyligen lanserat nationellt t\u00e4ckande n\u00e4t.<br \/>\nSerieentrepren\u00f6ren Magnus Melander har deltagit i IoT-utvecklingen fr\u00e5n b\u00f6rjan och han delar upp anv\u00e4ndningen i tre steg.<br \/>\n\u2013 Det b\u00f6rjar med uppkopplingen, som f\u00f6ljs av operativa nyttor, det vill s\u00e4ga att man g\u00f6r saker som man gjort men p\u00e5 ett mycket effektivare s\u00e4tt. D\u00e4r p\u00e5 steg tv\u00e5 \u00e4r vi idag. Det tredje och verkligt intressanta \u00e4r n\u00e4r vi f\u00e5r strategiska nyttor, och f\u00f6retag och industrier f\u00f6r\u00e4ndras i grunden. Men d\u00e4r \u00e4r IoT-utvecklingen inte \u00e4n, s\u00e4ger Magnus Melander.<br \/>\nN\u00e4r det g\u00e4ller branscher lyfter han till exempel fram biltillverkning, energi och logistik som viktiga f\u00f6r IoT-till\u00e4mpningar.<br \/>\n\u2013 Utvecklingen av v\u00e5ra st\u00e4der blir ett stort omr\u00e5de, men st\u00f6rst av allt tror jag v\u00e5rd och omsorg blir, s\u00e4ger Magnus Melander.<\/p>\n<p><strong>Ny krav p\u00e5 s\u00e4kerhetsl\u00f6sningar<\/strong><br \/>\nEric Michels\u00e9n \u00e4r vd f\u00f6r konsultf\u00f6retaget Vinnter, som \u00e4r specialister p\u00e5 IoT, och m\u00f6ter dagligen kunder inom industrin.<br \/>\n\u2013 Vi befinner oss i b\u00f6rjan av andra varvet. Uppkopplingen \u00e4r klar och hajpen \u00e4r f\u00f6rbi f\u00f6r m\u00e5nga, s\u00e4ger Eric Michels\u00e9n.<br \/>\nNu \u00e4r det inte ovanligt att han tr\u00e4ffar kunder som har sv\u00e5rt att f\u00e5 ihop aff\u00e4ren f\u00f6r sin IoT-till\u00e4mpning.<br \/>\n\u2013 S\u00e4kerhetsfr\u00e5gan har blivit en realitet, men det g\u00e5r inte med automatik att anv\u00e4nda befintliga it-s\u00e4kerhetsl\u00f6sningar. H\u00e4r \u00e4r det sm\u00e5 uppkopplade enheter, vilket g\u00f6r att befintliga l\u00f6sningar kr\u00e4ver anpassningar. <\/p>\n","protected":false},"excerpt":{"rendered":"<p>Marknaden f\u00f6r Internet of Things, IoT, \u00e4r gl\u00f6dhet och nu har b\u00e5de molnleverant\u00f6rer och mobiloperat\u00f6rer&#8230;<\/p>\n","protected":false},"author":3,"featured_media":5900,"comment_status":"closed","ping_status":"open","sticky":false,"template":"","format":"standard","meta":{"_acf_changed":false,"_monsterinsights_skip_tracking":false,"_monsterinsights_sitenote_active":false,"_monsterinsights_sitenote_note":"","_monsterinsights_sitenote_category":0,"footnotes":""},"categories":[1],"tags":[120,121,176,186,187,266],"class_list":["post-5899","post","type-post","status-publish","format-standard","has-post-thumbnail","hentry","category-artikel","tag-internet-of-things","tag-iot","tag-mobiloperatorer","tag-natverk","tag-natverksteknik","tag-vinnter"],"acf":[],"yoast_head":"<!-- This site is optimized with the Yoast SEO plugin v27.3 - https:\/\/yoast.com\/product\/yoast-seo-wordpress\/ -->\n<title>IoT-marknaden drar \u00e5t sig nya akt\u00f6rer - Framtidens karri\u00e4r IT &amp; Data<\/title>\n<meta name=\"robots\" content=\"index, follow, max-snippet:-1, max-image-preview:large, max-video-preview:-1\" \/>\n<link rel=\"canonical\" href=\"https:\/\/framtidenskarriar.se\/itdata\/2019\/02\/13\/iot-marknaden-drar-at-sig-nya-aktorer\/\" \/>\n<meta property=\"og:locale\" content=\"sv_SE\" \/>\n<meta property=\"og:type\" content=\"article\" \/>\n<meta property=\"og:title\" content=\"IoT-marknaden drar \u00e5t sig nya akt\u00f6rer - Framtidens karri\u00e4r IT &amp; Data\" \/>\n<meta property=\"og:description\" content=\"Marknaden f\u00f6r Internet of Things, IoT, \u00e4r gl\u00f6dhet och nu har b\u00e5de molnleverant\u00f6rer och mobiloperat\u00f6rer...\" \/>\n<meta property=\"og:url\" content=\"https:\/\/framtidenskarriar.se\/itdata\/2019\/02\/13\/iot-marknaden-drar-at-sig-nya-aktorer\/\" \/>\n<meta property=\"og:site_name\" content=\"Framtidens karri\u00e4r IT &amp; Data\" \/>\n<meta property=\"article:published_time\" content=\"2019-02-13T13:55:33+00:00\" \/>\n<meta property=\"og:image\" content=\"https:\/\/framtidenskarriar.se\/itdata\/wp-content\/uploads\/sites\/13\/2019\/02\/iot-alla.jpg\" \/>\n\t<meta property=\"og:image:width\" content=\"1000\" \/>\n\t<meta property=\"og:image:height\" content=\"690\" \/>\n\t<meta property=\"og:image:type\" content=\"image\/jpeg\" \/>\n<meta name=\"author\" content=\"stellanstal\" \/>\n<meta name=\"twitter:card\" content=\"summary_large_image\" \/>\n<meta name=\"twitter:label1\" content=\"Skriven av\" \/>\n\t<meta name=\"twitter:data1\" content=\"stellanstal\" \/>\n\t<meta name=\"twitter:label2\" content=\"Ber\u00e4knad l\u00e4stid\" \/>\n\t<meta name=\"twitter:data2\" content=\"2 minuter\" \/>\n<script type=\"application\/ld+json\" class=\"yoast-schema-graph\">{\"@context\":\"https:\\\/\\\/schema.org\",\"@graph\":[{\"@type\":\"Article\",\"@id\":\"https:\\\/\\\/framtidenskarriar.se\\\/itdata\\\/2019\\\/02\\\/13\\\/iot-marknaden-drar-at-sig-nya-aktorer\\\/#article\",\"isPartOf\":{\"@id\":\"https:\\\/\\\/framtidenskarriar.se\\\/itdata\\\/2019\\\/02\\\/13\\\/iot-marknaden-drar-at-sig-nya-aktorer\\\/\"},\"author\":{\"name\":\"stellanstal\",\"@id\":\"https:\\\/\\\/framtidenskarriar.se\\\/itdata\\\/#\\\/schema\\\/person\\\/c8a43eb855191e573b73ecf8987a3b99\"},\"headline\":\"IoT-marknaden drar \u00e5t sig nya akt\u00f6rer\",\"datePublished\":\"2019-02-13T13:55:33+00:00\",\"mainEntityOfPage\":{\"@id\":\"https:\\\/\\\/framtidenskarriar.se\\\/itdata\\\/2019\\\/02\\\/13\\\/iot-marknaden-drar-at-sig-nya-aktorer\\\/\"},\"wordCount\":438,\"image\":{\"@id\":\"https:\\\/\\\/framtidenskarriar.se\\\/itdata\\\/2019\\\/02\\\/13\\\/iot-marknaden-drar-at-sig-nya-aktorer\\\/#primaryimage\"},\"thumbnailUrl\":\"https:\\\/\\\/framtidenskarriar.se\\\/itdata\\\/wp-content\\\/uploads\\\/sites\\\/13\\\/2019\\\/02\\\/iot-alla.jpg\",\"keywords\":[\"Internet of Things\",\"IoT\",\"Mobiloperat\u00f6rer\",\"N\u00e4tverk\",\"N\u00e4tverksteknik\",\"Vinnter\"],\"articleSection\":[\"Artikel\"],\"inLanguage\":\"sv-SE\"},{\"@type\":\"WebPage\",\"@id\":\"https:\\\/\\\/framtidenskarriar.se\\\/itdata\\\/2019\\\/02\\\/13\\\/iot-marknaden-drar-at-sig-nya-aktorer\\\/\",\"url\":\"https:\\\/\\\/framtidenskarriar.se\\\/itdata\\\/2019\\\/02\\\/13\\\/iot-marknaden-drar-at-sig-nya-aktorer\\\/\",\"name\":\"IoT-marknaden drar \u00e5t sig nya akt\u00f6rer - Framtidens karri\u00e4r IT & Data\",\"isPartOf\":{\"@id\":\"https:\\\/\\\/framtidenskarriar.se\\\/itdata\\\/#website\"},\"primaryImageOfPage\":{\"@id\":\"https:\\\/\\\/framtidenskarriar.se\\\/itdata\\\/2019\\\/02\\\/13\\\/iot-marknaden-drar-at-sig-nya-aktorer\\\/#primaryimage\"},\"image\":{\"@id\":\"https:\\\/\\\/framtidenskarriar.se\\\/itdata\\\/2019\\\/02\\\/13\\\/iot-marknaden-drar-at-sig-nya-aktorer\\\/#primaryimage\"},\"thumbnailUrl\":\"https:\\\/\\\/framtidenskarriar.se\\\/itdata\\\/wp-content\\\/uploads\\\/sites\\\/13\\\/2019\\\/02\\\/iot-alla.jpg\",\"datePublished\":\"2019-02-13T13:55:33+00:00\",\"author\":{\"@id\":\"https:\\\/\\\/framtidenskarriar.se\\\/itdata\\\/#\\\/schema\\\/person\\\/c8a43eb855191e573b73ecf8987a3b99\"},\"breadcrumb\":{\"@id\":\"https:\\\/\\\/framtidenskarriar.se\\\/itdata\\\/2019\\\/02\\\/13\\\/iot-marknaden-drar-at-sig-nya-aktorer\\\/#breadcrumb\"},\"inLanguage\":\"sv-SE\",\"potentialAction\":[{\"@type\":\"ReadAction\",\"target\":[\"https:\\\/\\\/framtidenskarriar.se\\\/itdata\\\/2019\\\/02\\\/13\\\/iot-marknaden-drar-at-sig-nya-aktorer\\\/\"]}]},{\"@type\":\"ImageObject\",\"inLanguage\":\"sv-SE\",\"@id\":\"https:\\\/\\\/framtidenskarriar.se\\\/itdata\\\/2019\\\/02\\\/13\\\/iot-marknaden-drar-at-sig-nya-aktorer\\\/#primaryimage\",\"url\":\"https:\\\/\\\/framtidenskarriar.se\\\/itdata\\\/wp-content\\\/uploads\\\/sites\\\/13\\\/2019\\\/02\\\/iot-alla.jpg\",\"contentUrl\":\"https:\\\/\\\/framtidenskarriar.se\\\/itdata\\\/wp-content\\\/uploads\\\/sites\\\/13\\\/2019\\\/02\\\/iot-alla.jpg\",\"width\":1000,\"height\":690,\"caption\":\"Magnus Melander (Foto: Marie Linn\u00e9r) och Eric Michels\u00e9n, vd f\u00f6r Vinnter (Foto: Jan Nord\u00e9n).\"},{\"@type\":\"BreadcrumbList\",\"@id\":\"https:\\\/\\\/framtidenskarriar.se\\\/itdata\\\/2019\\\/02\\\/13\\\/iot-marknaden-drar-at-sig-nya-aktorer\\\/#breadcrumb\",\"itemListElement\":[{\"@type\":\"ListItem\",\"position\":1,\"name\":\"Home\",\"item\":\"https:\\\/\\\/framtidenskarriar.se\\\/itdata\\\/\"},{\"@type\":\"ListItem\",\"position\":2,\"name\":\"IoT-marknaden drar \u00e5t sig nya akt\u00f6rer\"}]},{\"@type\":\"WebSite\",\"@id\":\"https:\\\/\\\/framtidenskarriar.se\\\/itdata\\\/#website\",\"url\":\"https:\\\/\\\/framtidenskarriar.se\\\/itdata\\\/\",\"name\":\"Framtidens karri\u00e4r IT & Data\",\"description\":\"Just another NMDashboard.se Sites site\",\"potentialAction\":[{\"@type\":\"SearchAction\",\"target\":{\"@type\":\"EntryPoint\",\"urlTemplate\":\"https:\\\/\\\/framtidenskarriar.se\\\/itdata\\\/?s={search_term_string}\"},\"query-input\":{\"@type\":\"PropertyValueSpecification\",\"valueRequired\":true,\"valueName\":\"search_term_string\"}}],\"inLanguage\":\"sv-SE\"},{\"@type\":\"Person\",\"@id\":\"https:\\\/\\\/framtidenskarriar.se\\\/itdata\\\/#\\\/schema\\\/person\\\/c8a43eb855191e573b73ecf8987a3b99\",\"name\":\"stellanstal\",\"image\":{\"@type\":\"ImageObject\",\"inLanguage\":\"sv-SE\",\"@id\":\"https:\\\/\\\/secure.gravatar.com\\\/avatar\\\/cd330fa6bb17f598124b2068ee0b189e4fe0987a50af9d53b78410836060d0c9?s=96&d=mm&r=g\",\"url\":\"https:\\\/\\\/secure.gravatar.com\\\/avatar\\\/cd330fa6bb17f598124b2068ee0b189e4fe0987a50af9d53b78410836060d0c9?s=96&d=mm&r=g\",\"contentUrl\":\"https:\\\/\\\/secure.gravatar.com\\\/avatar\\\/cd330fa6bb17f598124b2068ee0b189e4fe0987a50af9d53b78410836060d0c9?s=96&d=mm&r=g\",\"caption\":\"stellanstal\"},\"url\":\"https:\\\/\\\/framtidenskarriar.se\\\/itdata\\\/author\\\/stellanstal\\\/\"}]}<\/script>\n<!-- \/ Yoast SEO plugin. -->","yoast_head_json":{"title":"IoT-marknaden drar \u00e5t sig nya akt\u00f6rer - Framtidens karri\u00e4r IT & Data","robots":{"index":"index","follow":"follow","max-snippet":"max-snippet:-1","max-image-preview":"max-image-preview:large","max-video-preview":"max-video-preview:-1"},"canonical":"https:\/\/framtidenskarriar.se\/itdata\/2019\/02\/13\/iot-marknaden-drar-at-sig-nya-aktorer\/","og_locale":"sv_SE","og_type":"article","og_title":"IoT-marknaden drar \u00e5t sig nya akt\u00f6rer - Framtidens karri\u00e4r IT & Data","og_description":"Marknaden f\u00f6r Internet of Things, IoT, \u00e4r gl\u00f6dhet och nu har b\u00e5de molnleverant\u00f6rer och mobiloperat\u00f6rer...","og_url":"https:\/\/framtidenskarriar.se\/itdata\/2019\/02\/13\/iot-marknaden-drar-at-sig-nya-aktorer\/","og_site_name":"Framtidens karri\u00e4r IT & Data","article_published_time":"2019-02-13T13:55:33+00:00","og_image":[{"width":1000,"height":690,"url":"https:\/\/framtidenskarriar.se\/itdata\/wp-content\/uploads\/sites\/13\/2019\/02\/iot-alla.jpg","type":"image\/jpeg"}],"author":"stellanstal","twitter_card":"summary_large_image","twitter_misc":{"Skriven av":"stellanstal","Ber\u00e4knad l\u00e4stid":"2 minuter"},"schema":{"@context":"https:\/\/schema.org","@graph":[{"@type":"Article","@id":"https:\/\/framtidenskarriar.se\/itdata\/2019\/02\/13\/iot-marknaden-drar-at-sig-nya-aktorer\/#article","isPartOf":{"@id":"https:\/\/framtidenskarriar.se\/itdata\/2019\/02\/13\/iot-marknaden-drar-at-sig-nya-aktorer\/"},"author":{"name":"stellanstal","@id":"https:\/\/framtidenskarriar.se\/itdata\/#\/schema\/person\/c8a43eb855191e573b73ecf8987a3b99"},"headline":"IoT-marknaden drar \u00e5t sig nya akt\u00f6rer","datePublished":"2019-02-13T13:55:33+00:00","mainEntityOfPage":{"@id":"https:\/\/framtidenskarriar.se\/itdata\/2019\/02\/13\/iot-marknaden-drar-at-sig-nya-aktorer\/"},"wordCount":438,"image":{"@id":"https:\/\/framtidenskarriar.se\/itdata\/2019\/02\/13\/iot-marknaden-drar-at-sig-nya-aktorer\/#primaryimage"},"thumbnailUrl":"https:\/\/framtidenskarriar.se\/itdata\/wp-content\/uploads\/sites\/13\/2019\/02\/iot-alla.jpg","keywords":["Internet of Things","IoT","Mobiloperat\u00f6rer","N\u00e4tverk","N\u00e4tverksteknik","Vinnter"],"articleSection":["Artikel"],"inLanguage":"sv-SE"},{"@type":"WebPage","@id":"https:\/\/framtidenskarriar.se\/itdata\/2019\/02\/13\/iot-marknaden-drar-at-sig-nya-aktorer\/","url":"https:\/\/framtidenskarriar.se\/itdata\/2019\/02\/13\/iot-marknaden-drar-at-sig-nya-aktorer\/","name":"IoT-marknaden drar \u00e5t sig nya akt\u00f6rer - Framtidens karri\u00e4r IT & Data","isPartOf":{"@id":"https:\/\/framtidenskarriar.se\/itdata\/#website"},"primaryImageOfPage":{"@id":"https:\/\/framtidenskarriar.se\/itdata\/2019\/02\/13\/iot-marknaden-drar-at-sig-nya-aktorer\/#primaryimage"},"image":{"@id":"https:\/\/framtidenskarriar.se\/itdata\/2019\/02\/13\/iot-marknaden-drar-at-sig-nya-aktorer\/#primaryimage"},"thumbnailUrl":"https:\/\/framtidenskarriar.se\/itdata\/wp-content\/uploads\/sites\/13\/2019\/02\/iot-alla.jpg","datePublished":"2019-02-13T13:55:33+00:00","author":{"@id":"https:\/\/framtidenskarriar.se\/itdata\/#\/schema\/person\/c8a43eb855191e573b73ecf8987a3b99"},"breadcrumb":{"@id":"https:\/\/framtidenskarriar.se\/itdata\/2019\/02\/13\/iot-marknaden-drar-at-sig-nya-aktorer\/#breadcrumb"},"inLanguage":"sv-SE","potentialAction":[{"@type":"ReadAction","target":["https:\/\/framtidenskarriar.se\/itdata\/2019\/02\/13\/iot-marknaden-drar-at-sig-nya-aktorer\/"]}]},{"@type":"ImageObject","inLanguage":"sv-SE","@id":"https:\/\/framtidenskarriar.se\/itdata\/2019\/02\/13\/iot-marknaden-drar-at-sig-nya-aktorer\/#primaryimage","url":"https:\/\/framtidenskarriar.se\/itdata\/wp-content\/uploads\/sites\/13\/2019\/02\/iot-alla.jpg","contentUrl":"https:\/\/framtidenskarriar.se\/itdata\/wp-content\/uploads\/sites\/13\/2019\/02\/iot-alla.jpg","width":1000,"height":690,"caption":"Magnus Melander (Foto: Marie Linn\u00e9r) och Eric Michels\u00e9n, vd f\u00f6r Vinnter (Foto: Jan Nord\u00e9n)."},{"@type":"BreadcrumbList","@id":"https:\/\/framtidenskarriar.se\/itdata\/2019\/02\/13\/iot-marknaden-drar-at-sig-nya-aktorer\/#breadcrumb","itemListElement":[{"@type":"ListItem","position":1,"name":"Home","item":"https:\/\/framtidenskarriar.se\/itdata\/"},{"@type":"ListItem","position":2,"name":"IoT-marknaden drar \u00e5t sig nya akt\u00f6rer"}]},{"@type":"WebSite","@id":"https:\/\/framtidenskarriar.se\/itdata\/#website","url":"https:\/\/framtidenskarriar.se\/itdata\/","name":"Framtidens karri\u00e4r IT & Data","description":"Just another NMDashboard.se Sites site","potentialAction":[{"@type":"SearchAction","target":{"@type":"EntryPoint","urlTemplate":"https:\/\/framtidenskarriar.se\/itdata\/?s={search_term_string}"},"query-input":{"@type":"PropertyValueSpecification","valueRequired":true,"valueName":"search_term_string"}}],"inLanguage":"sv-SE"},{"@type":"Person","@id":"https:\/\/framtidenskarriar.se\/itdata\/#\/schema\/person\/c8a43eb855191e573b73ecf8987a3b99","name":"stellanstal","image":{"@type":"ImageObject","inLanguage":"sv-SE","@id":"https:\/\/secure.gravatar.com\/avatar\/cd330fa6bb17f598124b2068ee0b189e4fe0987a50af9d53b78410836060d0c9?s=96&d=mm&r=g","url":"https:\/\/secure.gravatar.com\/avatar\/cd330fa6bb17f598124b2068ee0b189e4fe0987a50af9d53b78410836060d0c9?s=96&d=mm&r=g","contentUrl":"https:\/\/secure.gravatar.com\/avatar\/cd330fa6bb17f598124b2068ee0b189e4fe0987a50af9d53b78410836060d0c9?s=96&d=mm&r=g","caption":"stellanstal"},"url":"https:\/\/framtidenskarriar.se\/itdata\/author\/stellanstal\/"}]}},"_links":{"self":[{"href":"https:\/\/framtidenskarriar.se\/itdata\/wp-json\/wp\/v2\/posts\/5899","targetHints":{"allow":["GET"]}}],"collection":[{"href":"https:\/\/framtidenskarriar.se\/itdata\/wp-json\/wp\/v2\/posts"}],"about":[{"href":"https:\/\/framtidenskarriar.se\/itdata\/wp-json\/wp\/v2\/types\/post"}],"author":[{"embeddable":true,"href":"https:\/\/framtidenskarriar.se\/itdata\/wp-json\/wp\/v2\/users\/3"}],"replies":[{"embeddable":true,"href":"https:\/\/framtidenskarriar.se\/itdata\/wp-json\/wp\/v2\/comments?post=5899"}],"version-history":[{"count":0,"href":"https:\/\/framtidenskarriar.se\/itdata\/wp-json\/wp\/v2\/posts\/5899\/revisions"}],"wp:featuredmedia":[{"embeddable":true,"href":"https:\/\/framtidenskarriar.se\/itdata\/wp-json\/wp\/v2\/media\/5900"}],"wp:attachment":[{"href":"https:\/\/framtidenskarriar.se\/itdata\/wp-json\/wp\/v2\/media?parent=5899"}],"wp:term":[{"taxonomy":"category","embeddable":true,"href":"https:\/\/framtidenskarriar.se\/itdata\/wp-json\/wp\/v2\/categories?post=5899"},{"taxonomy":"post_tag","embeddable":true,"href":"https:\/\/framtidenskarriar.se\/itdata\/wp-json\/wp\/v2\/tags?post=5899"}],"curies":[{"name":"wp","href":"https:\/\/api.w.org\/{rel}","templated":true}]}}