{"id":5929,"date":"2019-02-13T16:24:19","date_gmt":"2019-02-13T14:24:19","guid":{"rendered":"http:\/\/framtidenskarriar.se\/itdata\/?p=5929"},"modified":"2019-02-13T16:24:19","modified_gmt":"2019-02-13T14:24:19","slug":"den-digitala-transformationen-forandrar-gruvsektorn","status":"publish","type":"post","link":"https:\/\/framtidenskarriar.se\/itdata\/2019\/02\/13\/den-digitala-transformationen-forandrar-gruvsektorn\/","title":{"rendered":"Den digitala transformationen f\u00f6r\u00e4ndrar gruvsektorn"},"content":{"rendered":"<p><figure id=\"attachment_5933\" aria-describedby=\"caption-attachment-5933\" style=\"width: 1000px\" class=\"wp-caption alignnone\"><img loading=\"lazy\" decoding=\"async\" src=\"https:\/\/framtidenskarriar.se\/itdata\/wp-content\/uploads\/sites\/13\/2019\/02\/gruvsektorn-sv-syssiteassets-lkab-pictures-pressbilder-ovriga-pressbilder-lkab-pressbild.jpg\" alt=\"Foto: Fredric Alm \/ LKAB\" width=\"1000\" height=\"648\" class=\"size-full wp-image-5933\" srcset=\"https:\/\/framtidenskarriar.se\/itdata\/wp-content\/uploads\/sites\/13\/2019\/02\/gruvsektorn-sv-syssiteassets-lkab-pictures-pressbilder-ovriga-pressbilder-lkab-pressbild.jpg 1000w, https:\/\/framtidenskarriar.se\/itdata\/wp-content\/uploads\/sites\/13\/2019\/02\/gruvsektorn-sv-syssiteassets-lkab-pictures-pressbilder-ovriga-pressbilder-lkab-pressbild-300x194.jpg 300w, https:\/\/framtidenskarriar.se\/itdata\/wp-content\/uploads\/sites\/13\/2019\/02\/gruvsektorn-sv-syssiteassets-lkab-pictures-pressbilder-ovriga-pressbilder-lkab-pressbild-768x498.jpg 768w, https:\/\/framtidenskarriar.se\/itdata\/wp-content\/uploads\/sites\/13\/2019\/02\/gruvsektorn-sv-syssiteassets-lkab-pictures-pressbilder-ovriga-pressbilder-lkab-pressbild-247x160.jpg 247w, https:\/\/framtidenskarriar.se\/itdata\/wp-content\/uploads\/sites\/13\/2019\/02\/gruvsektorn-sv-syssiteassets-lkab-pictures-pressbilder-ovriga-pressbilder-lkab-pressbild-526x341.jpg 526w, https:\/\/framtidenskarriar.se\/itdata\/wp-content\/uploads\/sites\/13\/2019\/02\/gruvsektorn-sv-syssiteassets-lkab-pictures-pressbilder-ovriga-pressbilder-lkab-pressbild-720x467.jpg 720w, https:\/\/framtidenskarriar.se\/itdata\/wp-content\/uploads\/sites\/13\/2019\/02\/gruvsektorn-sv-syssiteassets-lkab-pictures-pressbilder-ovriga-pressbilder-lkab-pressbild-960x622.jpg 960w\" sizes=\"auto, (max-width: 1000px) 100vw, 1000px\" \/><figcaption id=\"caption-attachment-5933\" class=\"wp-caption-text\">Foto: Fredric Alm \/ LKAB<\/figcaption><\/figure><strong>Den svenska gruvsektorn \u00e4r h\u00f6gteknologisk och befinner sig mitt i en kraftfull digitaliseringsutveckling som \u00e4ndrar branschens arbetss\u00e4tt och st\u00e4rker dess internationella konkurrenskraft. Det medf\u00f6r m\u00e5nga sp\u00e4nnande karri\u00e4rm\u00f6jligheter f\u00f6r systemvetare och dataingenj\u00f6rer. <\/strong><\/p>\n<p><figure id=\"attachment_5931\" aria-describedby=\"caption-attachment-5931\" style=\"width: 150px\" class=\"wp-caption alignright\"><img loading=\"lazy\" decoding=\"async\" src=\"http:\/\/framtidenskarriar.se\/itdata\/wp-content\/uploads\/2019\/02\/gruvsektorn_daniel_berglund2-250x359.jpg\" alt=\"Daniel Berglund, it-chef p\u00e5 LKAB.\" width=\"150\" height=\"215\" class=\"size-medium wp-image-5931\" \/><figcaption id=\"caption-attachment-5931\" class=\"wp-caption-text\">Daniel Berglund, it-chef p\u00e5 LKAB.<\/figcaption><\/figure>\u2013 Efter 2030 ska vi p\u00e5 LKAB vara redo att bryta j\u00e4rnmalm djupare ner i v\u00e5ra gruvor. F\u00f6r att klara teknikskiftet och minska klimatp\u00e5verkan samverkar LKAB, ABB, Combitech, Epiroc, och Volvokoncernen med m\u00e5let att s\u00e4tta en ny v\u00e4rldsstandard f\u00f6r h\u00e5llbar gruvdrift p\u00e5 stora djup, uppemot tv\u00e5 tusen meter. Vi ska bland annat utveckla en testanl\u00e4ggning d\u00e4r ny teknik kan utvecklas och testas i s\u00e5v\u00e4l verklig gruvmilj\u00f6 som i en virtuell testgruva. Tillsammans skapar vi framtidens koldioxidfria, digitaliserade och autonoma gruvbrytning, s\u00e4ger Daniel Berglund, it-chef p\u00e5 LKAB.<br \/>\nEn \u00f6kad automationsgrad, sj\u00e4lvk\u00f6rande fordon som kan samverka med m\u00e4nniskor, fler robotar, en \u00f6kad elektrifiering under jord samt maskiner av olika fabrikat som kan kommunicera och utbyta information. Det \u00e4r n\u00e5gra av de faktorer som kan bli verklighet i framtidens digitaliserade gruva.<\/p>\n<p><strong>It till\u00e4mpas i basindustrin<\/strong><br \/>\n48 procent av systemvetarna och dataingenj\u00f6rerna kan t\u00e4nka sig att arbeta med den digitala transformationen i gruvsektorn.<br \/>\n\u2013 Unders\u00f6kningsresultatet \u00e4r sj\u00e4lvklart gl\u00e4djande. Att intresset \u00e4r s\u00e5 stort kan bland annat bero p\u00e5 att gruvsektorn inte n\u00f6jer sig med att prata om AI och dess m\u00f6jligheter. Vi testar skarpa till\u00e4mpningar redan idag i olika delar av v\u00e5r verksamhet. I basindustrin g\u00f6r digitaliseringsarbetet verklig skillnad f\u00f6r hela verksamheten. Utvecklingen g\u00e5r i en rasande fart och om man verkligen vill till\u00e4mpa den it som utvecklas i dagsl\u00e4get s\u00e5 ska man definitivt s\u00f6ka sig till basindustrin, s\u00e4ger Daniel Berglund.<\/p>\n<p><figure id=\"attachment_5930\" aria-describedby=\"caption-attachment-5930\" style=\"width: 150px\" class=\"wp-caption alignright\"><img loading=\"lazy\" decoding=\"async\" src=\"http:\/\/framtidenskarriar.se\/itdata\/wp-content\/uploads\/2019\/02\/gruvsektorn_alexandra-larsson-pressbild-0664-web-250x367.jpg\" alt=\"Alexandra Larsson, Chief Information Architect p\u00e5 Combitech. Foto: Peter Karlsson, Svarteld form &amp; foto\" width=\"150\" height=\"220\" class=\"size-medium wp-image-5930\" \/><figcaption id=\"caption-attachment-5930\" class=\"wp-caption-text\">Alexandra Larsson, Chief Information Architect p\u00e5 Combitech. Foto: Peter Karlsson, Svarteld form &amp; foto<\/figcaption><\/figure><strong>Mer verksamhet ovan jord<\/strong><br \/>\n\u2013 Gruvsektorns digitala transformation \u00f6kar effektiviteten och genererar samtidigt en gruvbrytning som \u00e4r h\u00e5llbar f\u00f6r s\u00e5v\u00e4l m\u00e4nniskor som milj\u00f6. Digitaliseringen resulterar dessutom i en m\u00e4ngd data som kan tillvaratas och f\u00f6r\u00e4dlas p\u00e5 olika s\u00e4tt f\u00f6r att skapa f\u00f6ruts\u00e4gbarhet i gruvdriften, s\u00e4ger Alexandra Larsson, Chief Information Architect och ansvarig f\u00f6r ekosystemfr\u00e5gor p\u00e5 Combitech.<br \/>\nHon \u00e4r \u00f6vertygad om att gruvsektorn kommer att bedriva en st\u00f6rre del av sin verksamhet ovan jord fram\u00f6ver. Det kommer ocks\u00e5 att bli l\u00e4ttare att \u00f6verf\u00f6ra erfarenheter kring smarta arbetss\u00e4tt och konfigurationer mellan olika gruvor.<\/p>\n<p><strong>Mycket digitalkompetens beh\u00f6vs <\/strong><br \/>\n\u2013 Det \u00e4r verkligen roligt att s\u00e5 m\u00e5nga vill arbeta med gruvsektorns digitala transformation, i synnerhet eftersom sektorn kommer att beh\u00f6va mycket digital kompetens fram\u00f6ver. Som systemvetare eller dataingenj\u00f6r i gruvsektorn finns stora m\u00f6jligheter att verkligen g\u00f6ra skillnad i en bransch som \u00e4r utmanande och mycket betydelsefull f\u00f6r Sverige, s\u00e4ger Alexandra Larsson.<\/p>\n<div class=\"faktaruta2-title\">Skulle du kunna t\u00e4nka dig att arbeta med den digitala transformationen i gruvsektorn?<\/div><div class=\"faktaruta2\">LKAB, Combitech, ABB, Epiroc och Volvo satsar gemensamt f\u00f6r att skapa framtidens digitaliserade gruvbrytning. Skulle du kunna t\u00e4nka dig att arbeta med den digitala transformationen i gruvsektorn?<br \/>\n<img loading=\"lazy\" decoding=\"async\" src=\"https:\/\/framtidenskarriar.se\/itdata\/wp-content\/uploads\/sites\/13\/2019\/02\/gruvsektorn-graf.png\" alt=\"\" width=\"1000\" height=\"170\" class=\"alignnone size-full wp-image-5932\" srcset=\"https:\/\/framtidenskarriar.se\/itdata\/wp-content\/uploads\/sites\/13\/2019\/02\/gruvsektorn-graf.png 1000w, https:\/\/framtidenskarriar.se\/itdata\/wp-content\/uploads\/sites\/13\/2019\/02\/gruvsektorn-graf-300x51.png 300w, https:\/\/framtidenskarriar.se\/itdata\/wp-content\/uploads\/sites\/13\/2019\/02\/gruvsektorn-graf-768x131.png 768w, https:\/\/framtidenskarriar.se\/itdata\/wp-content\/uploads\/sites\/13\/2019\/02\/gruvsektorn-graf-941x160.png 941w, https:\/\/framtidenskarriar.se\/itdata\/wp-content\/uploads\/sites\/13\/2019\/02\/gruvsektorn-graf-526x89.png 526w, https:\/\/framtidenskarriar.se\/itdata\/wp-content\/uploads\/sites\/13\/2019\/02\/gruvsektorn-graf-720x122.png 720w, https:\/\/framtidenskarriar.se\/itdata\/wp-content\/uploads\/sites\/13\/2019\/02\/gruvsektorn-graf-960x163.png 960w\" sizes=\"auto, (max-width: 1000px) 100vw, 1000px\" \/><\/div>\n<div class=\"faktaruta-title\">Om unders\u00f6kningen<\/div><div class=\"faktaruta\">Framtidens Karri\u00e4r \u2013 It &amp; Data genomf\u00f6rde en unders\u00f6kning mot ett slumpm\u00e4ssigt urval av it\/dataingenj\u00f6rer och systemvetare 27 december 2018 \u2013 2 januari 2019. Statistisk felmarginal \u00e4r 2,5\u20134 procentenheter.<\/div>\n","protected":false},"excerpt":{"rendered":"<p>Den svenska gruvsektorn \u00e4r h\u00f6gteknologisk och befinner sig mitt i en kraftfull digitaliseringsutveckling som \u00e4ndrar&#8230;<\/p>\n","protected":false},"author":3,"featured_media":5933,"comment_status":"closed","ping_status":"open","sticky":false,"template":"","format":"standard","meta":{"_acf_changed":false,"_monsterinsights_skip_tracking":false,"_monsterinsights_sitenote_active":false,"_monsterinsights_sitenote_note":"","_monsterinsights_sitenote_category":0,"footnotes":""},"categories":[1],"tags":[15,42,71,96,97,164,255,267],"class_list":["post-5929","post","type-post","status-publish","format-standard","has-post-thumbnail","hentry","category-artikel","tag-abb","tag-combitech","tag-epiroc","tag-gruvbrytning","tag-gruvsektorn","tag-lkab","tag-undersokning","tag-volvo"],"acf":[],"yoast_head":"<!-- This site is optimized with the Yoast SEO plugin v27.3 - https:\/\/yoast.com\/product\/yoast-seo-wordpress\/ -->\n<title>Den digitala transformationen f\u00f6r\u00e4ndrar gruvsektorn - Framtidens karri\u00e4r IT &amp; Data<\/title>\n<meta name=\"robots\" content=\"index, follow, max-snippet:-1, max-image-preview:large, max-video-preview:-1\" \/>\n<link rel=\"canonical\" href=\"https:\/\/framtidenskarriar.se\/itdata\/2019\/02\/13\/den-digitala-transformationen-forandrar-gruvsektorn\/\" \/>\n<meta property=\"og:locale\" content=\"sv_SE\" \/>\n<meta property=\"og:type\" content=\"article\" \/>\n<meta property=\"og:title\" content=\"Den digitala transformationen f\u00f6r\u00e4ndrar gruvsektorn - Framtidens karri\u00e4r IT &amp; Data\" \/>\n<meta property=\"og:description\" content=\"Den svenska gruvsektorn \u00e4r h\u00f6gteknologisk och befinner sig mitt i en kraftfull digitaliseringsutveckling som \u00e4ndrar...\" \/>\n<meta property=\"og:url\" content=\"https:\/\/framtidenskarriar.se\/itdata\/2019\/02\/13\/den-digitala-transformationen-forandrar-gruvsektorn\/\" \/>\n<meta property=\"og:site_name\" content=\"Framtidens karri\u00e4r IT &amp; Data\" \/>\n<meta property=\"article:published_time\" content=\"2019-02-13T14:24:19+00:00\" \/>\n<meta property=\"og:image\" content=\"https:\/\/framtidenskarriar.se\/itdata\/wp-content\/uploads\/sites\/13\/2019\/02\/gruvsektorn-sv-syssiteassets-lkab-pictures-pressbilder-ovriga-pressbilder-lkab-pressbild.jpg\" \/>\n\t<meta property=\"og:image:width\" content=\"1000\" \/>\n\t<meta property=\"og:image:height\" content=\"648\" \/>\n\t<meta property=\"og:image:type\" content=\"image\/jpeg\" \/>\n<meta name=\"author\" content=\"stellanstal\" \/>\n<meta name=\"twitter:card\" content=\"summary_large_image\" \/>\n<meta name=\"twitter:label1\" content=\"Skriven av\" \/>\n\t<meta name=\"twitter:data1\" content=\"stellanstal\" \/>\n\t<meta name=\"twitter:label2\" content=\"Ber\u00e4knad l\u00e4stid\" \/>\n\t<meta name=\"twitter:data2\" content=\"3 minuter\" \/>\n<script type=\"application\/ld+json\" class=\"yoast-schema-graph\">{\"@context\":\"https:\\\/\\\/schema.org\",\"@graph\":[{\"@type\":\"Article\",\"@id\":\"https:\\\/\\\/framtidenskarriar.se\\\/itdata\\\/2019\\\/02\\\/13\\\/den-digitala-transformationen-forandrar-gruvsektorn\\\/#article\",\"isPartOf\":{\"@id\":\"https:\\\/\\\/framtidenskarriar.se\\\/itdata\\\/2019\\\/02\\\/13\\\/den-digitala-transformationen-forandrar-gruvsektorn\\\/\"},\"author\":{\"name\":\"stellanstal\",\"@id\":\"https:\\\/\\\/framtidenskarriar.se\\\/itdata\\\/#\\\/schema\\\/person\\\/c8a43eb855191e573b73ecf8987a3b99\"},\"headline\":\"Den digitala transformationen f\u00f6r\u00e4ndrar gruvsektorn\",\"datePublished\":\"2019-02-13T14:24:19+00:00\",\"mainEntityOfPage\":{\"@id\":\"https:\\\/\\\/framtidenskarriar.se\\\/itdata\\\/2019\\\/02\\\/13\\\/den-digitala-transformationen-forandrar-gruvsektorn\\\/\"},\"wordCount\":603,\"image\":{\"@id\":\"https:\\\/\\\/framtidenskarriar.se\\\/itdata\\\/2019\\\/02\\\/13\\\/den-digitala-transformationen-forandrar-gruvsektorn\\\/#primaryimage\"},\"thumbnailUrl\":\"https:\\\/\\\/framtidenskarriar.se\\\/itdata\\\/wp-content\\\/uploads\\\/sites\\\/13\\\/2019\\\/02\\\/gruvsektorn-sv-syssiteassets-lkab-pictures-pressbilder-ovriga-pressbilder-lkab-pressbild.jpg\",\"keywords\":[\"ABB\",\"Combitech\",\"Epiroc\",\"Gruvbrytning\",\"Gruvsektorn\",\"LKAB\",\"Unders\u00f6kning\",\"Volvo\"],\"articleSection\":[\"Artikel\"],\"inLanguage\":\"sv-SE\"},{\"@type\":\"WebPage\",\"@id\":\"https:\\\/\\\/framtidenskarriar.se\\\/itdata\\\/2019\\\/02\\\/13\\\/den-digitala-transformationen-forandrar-gruvsektorn\\\/\",\"url\":\"https:\\\/\\\/framtidenskarriar.se\\\/itdata\\\/2019\\\/02\\\/13\\\/den-digitala-transformationen-forandrar-gruvsektorn\\\/\",\"name\":\"Den digitala transformationen f\u00f6r\u00e4ndrar gruvsektorn - Framtidens karri\u00e4r IT & Data\",\"isPartOf\":{\"@id\":\"https:\\\/\\\/framtidenskarriar.se\\\/itdata\\\/#website\"},\"primaryImageOfPage\":{\"@id\":\"https:\\\/\\\/framtidenskarriar.se\\\/itdata\\\/2019\\\/02\\\/13\\\/den-digitala-transformationen-forandrar-gruvsektorn\\\/#primaryimage\"},\"image\":{\"@id\":\"https:\\\/\\\/framtidenskarriar.se\\\/itdata\\\/2019\\\/02\\\/13\\\/den-digitala-transformationen-forandrar-gruvsektorn\\\/#primaryimage\"},\"thumbnailUrl\":\"https:\\\/\\\/framtidenskarriar.se\\\/itdata\\\/wp-content\\\/uploads\\\/sites\\\/13\\\/2019\\\/02\\\/gruvsektorn-sv-syssiteassets-lkab-pictures-pressbilder-ovriga-pressbilder-lkab-pressbild.jpg\",\"datePublished\":\"2019-02-13T14:24:19+00:00\",\"author\":{\"@id\":\"https:\\\/\\\/framtidenskarriar.se\\\/itdata\\\/#\\\/schema\\\/person\\\/c8a43eb855191e573b73ecf8987a3b99\"},\"breadcrumb\":{\"@id\":\"https:\\\/\\\/framtidenskarriar.se\\\/itdata\\\/2019\\\/02\\\/13\\\/den-digitala-transformationen-forandrar-gruvsektorn\\\/#breadcrumb\"},\"inLanguage\":\"sv-SE\",\"potentialAction\":[{\"@type\":\"ReadAction\",\"target\":[\"https:\\\/\\\/framtidenskarriar.se\\\/itdata\\\/2019\\\/02\\\/13\\\/den-digitala-transformationen-forandrar-gruvsektorn\\\/\"]}]},{\"@type\":\"ImageObject\",\"inLanguage\":\"sv-SE\",\"@id\":\"https:\\\/\\\/framtidenskarriar.se\\\/itdata\\\/2019\\\/02\\\/13\\\/den-digitala-transformationen-forandrar-gruvsektorn\\\/#primaryimage\",\"url\":\"https:\\\/\\\/framtidenskarriar.se\\\/itdata\\\/wp-content\\\/uploads\\\/sites\\\/13\\\/2019\\\/02\\\/gruvsektorn-sv-syssiteassets-lkab-pictures-pressbilder-ovriga-pressbilder-lkab-pressbild.jpg\",\"contentUrl\":\"https:\\\/\\\/framtidenskarriar.se\\\/itdata\\\/wp-content\\\/uploads\\\/sites\\\/13\\\/2019\\\/02\\\/gruvsektorn-sv-syssiteassets-lkab-pictures-pressbilder-ovriga-pressbilder-lkab-pressbild.jpg\",\"width\":1000,\"height\":648,\"caption\":\"Foto: Fredric Alm \\\/ LKAB\"},{\"@type\":\"BreadcrumbList\",\"@id\":\"https:\\\/\\\/framtidenskarriar.se\\\/itdata\\\/2019\\\/02\\\/13\\\/den-digitala-transformationen-forandrar-gruvsektorn\\\/#breadcrumb\",\"itemListElement\":[{\"@type\":\"ListItem\",\"position\":1,\"name\":\"Home\",\"item\":\"https:\\\/\\\/framtidenskarriar.se\\\/itdata\\\/\"},{\"@type\":\"ListItem\",\"position\":2,\"name\":\"Den digitala transformationen f\u00f6r\u00e4ndrar gruvsektorn\"}]},{\"@type\":\"WebSite\",\"@id\":\"https:\\\/\\\/framtidenskarriar.se\\\/itdata\\\/#website\",\"url\":\"https:\\\/\\\/framtidenskarriar.se\\\/itdata\\\/\",\"name\":\"Framtidens karri\u00e4r IT & Data\",\"description\":\"Just another NMDashboard.se Sites site\",\"potentialAction\":[{\"@type\":\"SearchAction\",\"target\":{\"@type\":\"EntryPoint\",\"urlTemplate\":\"https:\\\/\\\/framtidenskarriar.se\\\/itdata\\\/?s={search_term_string}\"},\"query-input\":{\"@type\":\"PropertyValueSpecification\",\"valueRequired\":true,\"valueName\":\"search_term_string\"}}],\"inLanguage\":\"sv-SE\"},{\"@type\":\"Person\",\"@id\":\"https:\\\/\\\/framtidenskarriar.se\\\/itdata\\\/#\\\/schema\\\/person\\\/c8a43eb855191e573b73ecf8987a3b99\",\"name\":\"stellanstal\",\"image\":{\"@type\":\"ImageObject\",\"inLanguage\":\"sv-SE\",\"@id\":\"https:\\\/\\\/secure.gravatar.com\\\/avatar\\\/cd330fa6bb17f598124b2068ee0b189e4fe0987a50af9d53b78410836060d0c9?s=96&d=mm&r=g\",\"url\":\"https:\\\/\\\/secure.gravatar.com\\\/avatar\\\/cd330fa6bb17f598124b2068ee0b189e4fe0987a50af9d53b78410836060d0c9?s=96&d=mm&r=g\",\"contentUrl\":\"https:\\\/\\\/secure.gravatar.com\\\/avatar\\\/cd330fa6bb17f598124b2068ee0b189e4fe0987a50af9d53b78410836060d0c9?s=96&d=mm&r=g\",\"caption\":\"stellanstal\"},\"url\":\"https:\\\/\\\/framtidenskarriar.se\\\/itdata\\\/author\\\/stellanstal\\\/\"}]}<\/script>\n<!-- \/ Yoast SEO plugin. -->","yoast_head_json":{"title":"Den digitala transformationen f\u00f6r\u00e4ndrar gruvsektorn - Framtidens karri\u00e4r IT & Data","robots":{"index":"index","follow":"follow","max-snippet":"max-snippet:-1","max-image-preview":"max-image-preview:large","max-video-preview":"max-video-preview:-1"},"canonical":"https:\/\/framtidenskarriar.se\/itdata\/2019\/02\/13\/den-digitala-transformationen-forandrar-gruvsektorn\/","og_locale":"sv_SE","og_type":"article","og_title":"Den digitala transformationen f\u00f6r\u00e4ndrar gruvsektorn - Framtidens karri\u00e4r IT & Data","og_description":"Den svenska gruvsektorn \u00e4r h\u00f6gteknologisk och befinner sig mitt i en kraftfull digitaliseringsutveckling som \u00e4ndrar...","og_url":"https:\/\/framtidenskarriar.se\/itdata\/2019\/02\/13\/den-digitala-transformationen-forandrar-gruvsektorn\/","og_site_name":"Framtidens karri\u00e4r IT & Data","article_published_time":"2019-02-13T14:24:19+00:00","og_image":[{"width":1000,"height":648,"url":"https:\/\/framtidenskarriar.se\/itdata\/wp-content\/uploads\/sites\/13\/2019\/02\/gruvsektorn-sv-syssiteassets-lkab-pictures-pressbilder-ovriga-pressbilder-lkab-pressbild.jpg","type":"image\/jpeg"}],"author":"stellanstal","twitter_card":"summary_large_image","twitter_misc":{"Skriven av":"stellanstal","Ber\u00e4knad l\u00e4stid":"3 minuter"},"schema":{"@context":"https:\/\/schema.org","@graph":[{"@type":"Article","@id":"https:\/\/framtidenskarriar.se\/itdata\/2019\/02\/13\/den-digitala-transformationen-forandrar-gruvsektorn\/#article","isPartOf":{"@id":"https:\/\/framtidenskarriar.se\/itdata\/2019\/02\/13\/den-digitala-transformationen-forandrar-gruvsektorn\/"},"author":{"name":"stellanstal","@id":"https:\/\/framtidenskarriar.se\/itdata\/#\/schema\/person\/c8a43eb855191e573b73ecf8987a3b99"},"headline":"Den digitala transformationen f\u00f6r\u00e4ndrar gruvsektorn","datePublished":"2019-02-13T14:24:19+00:00","mainEntityOfPage":{"@id":"https:\/\/framtidenskarriar.se\/itdata\/2019\/02\/13\/den-digitala-transformationen-forandrar-gruvsektorn\/"},"wordCount":603,"image":{"@id":"https:\/\/framtidenskarriar.se\/itdata\/2019\/02\/13\/den-digitala-transformationen-forandrar-gruvsektorn\/#primaryimage"},"thumbnailUrl":"https:\/\/framtidenskarriar.se\/itdata\/wp-content\/uploads\/sites\/13\/2019\/02\/gruvsektorn-sv-syssiteassets-lkab-pictures-pressbilder-ovriga-pressbilder-lkab-pressbild.jpg","keywords":["ABB","Combitech","Epiroc","Gruvbrytning","Gruvsektorn","LKAB","Unders\u00f6kning","Volvo"],"articleSection":["Artikel"],"inLanguage":"sv-SE"},{"@type":"WebPage","@id":"https:\/\/framtidenskarriar.se\/itdata\/2019\/02\/13\/den-digitala-transformationen-forandrar-gruvsektorn\/","url":"https:\/\/framtidenskarriar.se\/itdata\/2019\/02\/13\/den-digitala-transformationen-forandrar-gruvsektorn\/","name":"Den digitala transformationen f\u00f6r\u00e4ndrar gruvsektorn - Framtidens karri\u00e4r IT & Data","isPartOf":{"@id":"https:\/\/framtidenskarriar.se\/itdata\/#website"},"primaryImageOfPage":{"@id":"https:\/\/framtidenskarriar.se\/itdata\/2019\/02\/13\/den-digitala-transformationen-forandrar-gruvsektorn\/#primaryimage"},"image":{"@id":"https:\/\/framtidenskarriar.se\/itdata\/2019\/02\/13\/den-digitala-transformationen-forandrar-gruvsektorn\/#primaryimage"},"thumbnailUrl":"https:\/\/framtidenskarriar.se\/itdata\/wp-content\/uploads\/sites\/13\/2019\/02\/gruvsektorn-sv-syssiteassets-lkab-pictures-pressbilder-ovriga-pressbilder-lkab-pressbild.jpg","datePublished":"2019-02-13T14:24:19+00:00","author":{"@id":"https:\/\/framtidenskarriar.se\/itdata\/#\/schema\/person\/c8a43eb855191e573b73ecf8987a3b99"},"breadcrumb":{"@id":"https:\/\/framtidenskarriar.se\/itdata\/2019\/02\/13\/den-digitala-transformationen-forandrar-gruvsektorn\/#breadcrumb"},"inLanguage":"sv-SE","potentialAction":[{"@type":"ReadAction","target":["https:\/\/framtidenskarriar.se\/itdata\/2019\/02\/13\/den-digitala-transformationen-forandrar-gruvsektorn\/"]}]},{"@type":"ImageObject","inLanguage":"sv-SE","@id":"https:\/\/framtidenskarriar.se\/itdata\/2019\/02\/13\/den-digitala-transformationen-forandrar-gruvsektorn\/#primaryimage","url":"https:\/\/framtidenskarriar.se\/itdata\/wp-content\/uploads\/sites\/13\/2019\/02\/gruvsektorn-sv-syssiteassets-lkab-pictures-pressbilder-ovriga-pressbilder-lkab-pressbild.jpg","contentUrl":"https:\/\/framtidenskarriar.se\/itdata\/wp-content\/uploads\/sites\/13\/2019\/02\/gruvsektorn-sv-syssiteassets-lkab-pictures-pressbilder-ovriga-pressbilder-lkab-pressbild.jpg","width":1000,"height":648,"caption":"Foto: Fredric Alm \/ LKAB"},{"@type":"BreadcrumbList","@id":"https:\/\/framtidenskarriar.se\/itdata\/2019\/02\/13\/den-digitala-transformationen-forandrar-gruvsektorn\/#breadcrumb","itemListElement":[{"@type":"ListItem","position":1,"name":"Home","item":"https:\/\/framtidenskarriar.se\/itdata\/"},{"@type":"ListItem","position":2,"name":"Den digitala transformationen f\u00f6r\u00e4ndrar gruvsektorn"}]},{"@type":"WebSite","@id":"https:\/\/framtidenskarriar.se\/itdata\/#website","url":"https:\/\/framtidenskarriar.se\/itdata\/","name":"Framtidens karri\u00e4r IT & Data","description":"Just another NMDashboard.se Sites site","potentialAction":[{"@type":"SearchAction","target":{"@type":"EntryPoint","urlTemplate":"https:\/\/framtidenskarriar.se\/itdata\/?s={search_term_string}"},"query-input":{"@type":"PropertyValueSpecification","valueRequired":true,"valueName":"search_term_string"}}],"inLanguage":"sv-SE"},{"@type":"Person","@id":"https:\/\/framtidenskarriar.se\/itdata\/#\/schema\/person\/c8a43eb855191e573b73ecf8987a3b99","name":"stellanstal","image":{"@type":"ImageObject","inLanguage":"sv-SE","@id":"https:\/\/secure.gravatar.com\/avatar\/cd330fa6bb17f598124b2068ee0b189e4fe0987a50af9d53b78410836060d0c9?s=96&d=mm&r=g","url":"https:\/\/secure.gravatar.com\/avatar\/cd330fa6bb17f598124b2068ee0b189e4fe0987a50af9d53b78410836060d0c9?s=96&d=mm&r=g","contentUrl":"https:\/\/secure.gravatar.com\/avatar\/cd330fa6bb17f598124b2068ee0b189e4fe0987a50af9d53b78410836060d0c9?s=96&d=mm&r=g","caption":"stellanstal"},"url":"https:\/\/framtidenskarriar.se\/itdata\/author\/stellanstal\/"}]}},"_links":{"self":[{"href":"https:\/\/framtidenskarriar.se\/itdata\/wp-json\/wp\/v2\/posts\/5929","targetHints":{"allow":["GET"]}}],"collection":[{"href":"https:\/\/framtidenskarriar.se\/itdata\/wp-json\/wp\/v2\/posts"}],"about":[{"href":"https:\/\/framtidenskarriar.se\/itdata\/wp-json\/wp\/v2\/types\/post"}],"author":[{"embeddable":true,"href":"https:\/\/framtidenskarriar.se\/itdata\/wp-json\/wp\/v2\/users\/3"}],"replies":[{"embeddable":true,"href":"https:\/\/framtidenskarriar.se\/itdata\/wp-json\/wp\/v2\/comments?post=5929"}],"version-history":[{"count":0,"href":"https:\/\/framtidenskarriar.se\/itdata\/wp-json\/wp\/v2\/posts\/5929\/revisions"}],"wp:featuredmedia":[{"embeddable":true,"href":"https:\/\/framtidenskarriar.se\/itdata\/wp-json\/wp\/v2\/media\/5933"}],"wp:attachment":[{"href":"https:\/\/framtidenskarriar.se\/itdata\/wp-json\/wp\/v2\/media?parent=5929"}],"wp:term":[{"taxonomy":"category","embeddable":true,"href":"https:\/\/framtidenskarriar.se\/itdata\/wp-json\/wp\/v2\/categories?post=5929"},{"taxonomy":"post_tag","embeddable":true,"href":"https:\/\/framtidenskarriar.se\/itdata\/wp-json\/wp\/v2\/tags?post=5929"}],"curies":[{"name":"wp","href":"https:\/\/api.w.org\/{rel}","templated":true}]}}