{"id":5944,"date":"2019-02-13T17:07:14","date_gmt":"2019-02-13T15:07:14","guid":{"rendered":"http:\/\/framtidenskarriar.se\/itdata\/?p=5944"},"modified":"2019-02-13T17:07:14","modified_gmt":"2019-02-13T15:07:14","slug":"statens-langsiktiga-digitalisering-lockar-manga","status":"publish","type":"post","link":"https:\/\/framtidenskarriar.se\/itdata\/2019\/02\/13\/statens-langsiktiga-digitalisering-lockar-manga\/","title":{"rendered":"Statens l\u00e5ngsiktiga digitalisering lockar m\u00e5nga"},"content":{"rendered":"<p><figure id=\"attachment_5946\" aria-describedby=\"caption-attachment-5946\" style=\"width: 1000px\" class=\"wp-caption alignnone\"><img loading=\"lazy\" decoding=\"async\" src=\"https:\/\/framtidenskarriar.se\/itdata\/wp-content\/uploads\/sites\/13\/2019\/02\/myndighet3-roger-vilhelmsson.jpg\" alt=\"Roger Vilhelmsson, chefsekonom p\u00e5  Arbetsgivarverket. Foto: Catharina Bies\u00e8rt\" width=\"1000\" height=\"684\" class=\"size-full wp-image-5946\" srcset=\"https:\/\/framtidenskarriar.se\/itdata\/wp-content\/uploads\/sites\/13\/2019\/02\/myndighet3-roger-vilhelmsson.jpg 1000w, https:\/\/framtidenskarriar.se\/itdata\/wp-content\/uploads\/sites\/13\/2019\/02\/myndighet3-roger-vilhelmsson-300x205.jpg 300w, https:\/\/framtidenskarriar.se\/itdata\/wp-content\/uploads\/sites\/13\/2019\/02\/myndighet3-roger-vilhelmsson-768x525.jpg 768w, https:\/\/framtidenskarriar.se\/itdata\/wp-content\/uploads\/sites\/13\/2019\/02\/myndighet3-roger-vilhelmsson-234x160.jpg 234w, https:\/\/framtidenskarriar.se\/itdata\/wp-content\/uploads\/sites\/13\/2019\/02\/myndighet3-roger-vilhelmsson-526x360.jpg 526w, https:\/\/framtidenskarriar.se\/itdata\/wp-content\/uploads\/sites\/13\/2019\/02\/myndighet3-roger-vilhelmsson-720x492.jpg 720w, https:\/\/framtidenskarriar.se\/itdata\/wp-content\/uploads\/sites\/13\/2019\/02\/myndighet3-roger-vilhelmsson-960x657.jpg 960w\" sizes=\"auto, (max-width: 1000px) 100vw, 1000px\" \/><figcaption id=\"caption-attachment-5946\" class=\"wp-caption-text\">Roger Vilhelmsson, chefsekonom p\u00e5  Arbetsgivarverket. Foto: Catharina Bies\u00e8rt<\/figcaption><\/figure><strong>Intresset f\u00f6r att arbeta p\u00e5 en statlig myndighet \u00e4r stort bland it-akademiker. 77 procent kan t\u00e4nka sig att arbeta p\u00e5 en statlig myndighet. Att vara delaktig i myndigheternas snabba digitaliseringsutveckling och att kunna g\u00f6ra samh\u00e4llsnytta p\u00e5 jobbet tilltalar m\u00e5nga.<\/strong><\/p>\n<p>\u2013 Det \u00e4r verkligen gl\u00e4djande att s\u00e5 m\u00e5nga it-akademiker kan t\u00e4nka sig att arbeta p\u00e5 en statlig myndighet, inte minst eftersom de \u00e4r nyckelkompetenser n\u00e4r det g\u00e4ller att effektivisera verksamheterna, f\u00f6renkla och f\u00f6rb\u00e4ttra servicen f\u00f6r medborgare och f\u00f6retag. K\u00e4nnedomen om den snabba digitaliseringstakten och att statsf\u00f6rvaltningen investerar mycket och l\u00e5ngsiktigt i digitaliseringsutveckling kan ha \u00f6kat, s\u00e4ger Roger Vilhelmsson, chefsekonom p\u00e5 Arbetsgivarverket.<\/p>\n<p><strong>Samh\u00e4llsuppdraget \u00e4r attraktivt<\/strong><br \/>\nAtt g\u00f6ra skillnad f\u00f6r medborgarna, arbeta med viktiga samh\u00e4llsfunktioner och med statlig digitalisering i framkant \u00e4r n\u00e5gra faktorer som bidrar till att dataingenj\u00f6rer och systemvetare kan t\u00e4nka sig att arbeta med it-utveckling, digitalisering eller informationss\u00e4kerhet p\u00e5 en statlig myndighet.<br \/>\n\u2013 Dessa faktorer k\u00e4nner jag igen fr\u00e5n andra liknande unders\u00f6kningar. F\u00f6rr i tiden var det nog tryggheten som man s\u00f6kte sig till. Idag \u00e4r det snarare utvecklande arbetsuppgifter och samh\u00e4llsuppdraget som lockar. Det m\u00e4rks att den yngre generationens v\u00e4rderingar har f\u00e5tt ordentligt genomslag p\u00e5 arbetsmarknaden nu. De v\u00e4rdes\u00e4tter verkligen m\u00f6jligheten att g\u00f6ra samh\u00e4llsnytta och att ha ett meningsfullt arbete, vilket staten kan erbjuda, s\u00e4ger Roger Vilhelmsson.<\/p>\n<p><strong>M\u00f6jligheter \u00f6ver myndighetsgr\u00e4nserna<\/strong><br \/>\nHan anser att myndigheter p\u00e5 senare \u00e5r blivit b\u00e4ttre p\u00e5 att marknadsf\u00f6ra sina karri\u00e4rm\u00f6jligheter gentemot it-akademiker, men tycker att fler borde kommunicera den m\u00e5ngfald av karri\u00e4rm\u00f6jligheter som myndigheterna kan erbjuda, \u00e4ven \u00f6ver myndighetsgr\u00e4nserna.<br \/>\n\u2013 Det \u00e4r exempelvis ofta l\u00e4tt att beviljas tj\u00e4nstledighet om man arbetar p\u00e5 en myndighet och hittar ett intressant vikariat p\u00e5 en annan. Myndigheterna kan dessutom erbjuda m\u00e5nga olika yrkesroller och naturliga kontaktv\u00e4gar till andra statliga arbetsgivare, s\u00e4ger Roger Vilhelmsson.<\/p>\n<p><strong>AI, blockkedjor och system<\/strong><br \/>\nMyndigheternas behov av kvalificerad personal inom it \u00e4r stor. S\u00e4rskilt eftertraktat \u00e4r kompetens inom s\u00e4kerhet, AI och block\u00adkedjor, och individer som \u00e4r intresserade av att bygga och utveckla gemensam it-struktur som kan anv\u00e4ndas av flera myndigheter.<br \/>\n\u2013 Det finns inget annat arbetsomr\u00e5de inom statsf\u00f6rvaltningen d\u00e4r suget efter kompetens \u00e4r s\u00e5 stort. Inom utveckling av system, arkitektur och infrastruktur \u00e4r behoven enormt stora. Just blockkedjor \u00e4r ett omr\u00e5de som jag personligen tror \u00e4r p\u00e5 stark frammarsch, s\u00e4ger Roger Vilhelmsson.<\/p>\n<div class=\"faktaruta2-title\">Kan du t\u00e4nka dig att arbeta hos en statlig myndighet med it-utveckling, digitalisering eller informationss\u00e4kerhet?<\/div><div class=\"faktaruta2\"><img loading=\"lazy\" decoding=\"async\" src=\"https:\/\/framtidenskarriar.se\/itdata\/wp-content\/uploads\/sites\/13\/2019\/02\/myndighet3-graf.png\" alt=\"\" width=\"1000\" height=\"170\" class=\"alignnone size-full wp-image-5945\" srcset=\"https:\/\/framtidenskarriar.se\/itdata\/wp-content\/uploads\/sites\/13\/2019\/02\/myndighet3-graf.png 1000w, https:\/\/framtidenskarriar.se\/itdata\/wp-content\/uploads\/sites\/13\/2019\/02\/myndighet3-graf-300x51.png 300w, https:\/\/framtidenskarriar.se\/itdata\/wp-content\/uploads\/sites\/13\/2019\/02\/myndighet3-graf-768x131.png 768w, https:\/\/framtidenskarriar.se\/itdata\/wp-content\/uploads\/sites\/13\/2019\/02\/myndighet3-graf-941x160.png 941w, https:\/\/framtidenskarriar.se\/itdata\/wp-content\/uploads\/sites\/13\/2019\/02\/myndighet3-graf-526x89.png 526w, https:\/\/framtidenskarriar.se\/itdata\/wp-content\/uploads\/sites\/13\/2019\/02\/myndighet3-graf-720x122.png 720w, https:\/\/framtidenskarriar.se\/itdata\/wp-content\/uploads\/sites\/13\/2019\/02\/myndighet3-graf-960x163.png 960w\" sizes=\"auto, (max-width: 1000px) 100vw, 1000px\" \/><\/div>\n<div class=\"faktaruta-title\">Om unders\u00f6kningen<\/div><div class=\"faktaruta\">Framtidens Karri\u00e4r \u2013 It &amp; Data genomf\u00f6rde en unders\u00f6kning mot ett slumpm\u00e4ssigt urval av it\/dataingenj\u00f6rer och systemvetare 27 december 2018 \u2013 2 januari 2019. Statistisk felmarginal \u00e4r 2,5\u20134 procentenheter.<\/div>\n","protected":false},"excerpt":{"rendered":"<p>Intresset f\u00f6r att arbeta p\u00e5 en statlig myndighet \u00e4r stort bland it-akademiker. 77 procent kan&#8230;<\/p>\n","protected":false},"author":3,"featured_media":5946,"comment_status":"closed","ping_status":"open","sticky":false,"template":"","format":"standard","meta":{"_acf_changed":false,"_monsterinsights_skip_tracking":false,"_monsterinsights_sitenote_active":false,"_monsterinsights_sitenote_note":"","_monsterinsights_sitenote_category":0,"footnotes":""},"categories":[1],"tags":[20,26,37,181,222,241,255],"class_list":["post-5944","post","type-post","status-publish","format-standard","has-post-thumbnail","hentry","category-artikel","tag-ai","tag-arbetsgivarverket","tag-blockkedjor","tag-myndighet","tag-samhallsuppdrag","tag-statligt","tag-undersokning"],"acf":[],"yoast_head":"<!-- This site is optimized with the Yoast SEO plugin v27.3 - https:\/\/yoast.com\/product\/yoast-seo-wordpress\/ -->\n<title>Statens l\u00e5ngsiktiga digitalisering lockar m\u00e5nga - Framtidens karri\u00e4r IT &amp; Data<\/title>\n<meta name=\"robots\" content=\"index, follow, max-snippet:-1, max-image-preview:large, max-video-preview:-1\" \/>\n<link rel=\"canonical\" href=\"https:\/\/framtidenskarriar.se\/itdata\/2019\/02\/13\/statens-langsiktiga-digitalisering-lockar-manga\/\" \/>\n<meta property=\"og:locale\" content=\"sv_SE\" \/>\n<meta property=\"og:type\" content=\"article\" \/>\n<meta property=\"og:title\" content=\"Statens l\u00e5ngsiktiga digitalisering lockar m\u00e5nga - Framtidens karri\u00e4r IT &amp; Data\" \/>\n<meta property=\"og:description\" content=\"Intresset f\u00f6r att arbeta p\u00e5 en statlig myndighet \u00e4r stort bland it-akademiker. 77 procent kan...\" \/>\n<meta property=\"og:url\" content=\"https:\/\/framtidenskarriar.se\/itdata\/2019\/02\/13\/statens-langsiktiga-digitalisering-lockar-manga\/\" \/>\n<meta property=\"og:site_name\" content=\"Framtidens karri\u00e4r IT &amp; Data\" \/>\n<meta property=\"article:published_time\" content=\"2019-02-13T15:07:14+00:00\" \/>\n<meta property=\"og:image\" content=\"https:\/\/framtidenskarriar.se\/itdata\/wp-content\/uploads\/sites\/13\/2019\/02\/myndighet3-roger-vilhelmsson.jpg\" \/>\n\t<meta property=\"og:image:width\" content=\"1000\" \/>\n\t<meta property=\"og:image:height\" content=\"684\" \/>\n\t<meta property=\"og:image:type\" content=\"image\/jpeg\" \/>\n<meta name=\"author\" content=\"stellanstal\" \/>\n<meta name=\"twitter:card\" content=\"summary_large_image\" \/>\n<meta name=\"twitter:label1\" content=\"Skriven av\" \/>\n\t<meta name=\"twitter:data1\" content=\"stellanstal\" \/>\n\t<meta name=\"twitter:label2\" content=\"Ber\u00e4knad l\u00e4stid\" \/>\n\t<meta name=\"twitter:data2\" content=\"2 minuter\" \/>\n<script type=\"application\/ld+json\" class=\"yoast-schema-graph\">{\"@context\":\"https:\\\/\\\/schema.org\",\"@graph\":[{\"@type\":\"Article\",\"@id\":\"https:\\\/\\\/framtidenskarriar.se\\\/itdata\\\/2019\\\/02\\\/13\\\/statens-langsiktiga-digitalisering-lockar-manga\\\/#article\",\"isPartOf\":{\"@id\":\"https:\\\/\\\/framtidenskarriar.se\\\/itdata\\\/2019\\\/02\\\/13\\\/statens-langsiktiga-digitalisering-lockar-manga\\\/\"},\"author\":{\"name\":\"stellanstal\",\"@id\":\"https:\\\/\\\/framtidenskarriar.se\\\/itdata\\\/#\\\/schema\\\/person\\\/c8a43eb855191e573b73ecf8987a3b99\"},\"headline\":\"Statens l\u00e5ngsiktiga digitalisering lockar m\u00e5nga\",\"datePublished\":\"2019-02-13T15:07:14+00:00\",\"mainEntityOfPage\":{\"@id\":\"https:\\\/\\\/framtidenskarriar.se\\\/itdata\\\/2019\\\/02\\\/13\\\/statens-langsiktiga-digitalisering-lockar-manga\\\/\"},\"wordCount\":504,\"image\":{\"@id\":\"https:\\\/\\\/framtidenskarriar.se\\\/itdata\\\/2019\\\/02\\\/13\\\/statens-langsiktiga-digitalisering-lockar-manga\\\/#primaryimage\"},\"thumbnailUrl\":\"https:\\\/\\\/framtidenskarriar.se\\\/itdata\\\/wp-content\\\/uploads\\\/sites\\\/13\\\/2019\\\/02\\\/myndighet3-roger-vilhelmsson.jpg\",\"keywords\":[\"AI\",\"Arbetsgivarverket\",\"Blockkedjor\",\"Myndighet\",\"Samh\u00e4llsuppdrag\",\"Statligt\",\"Unders\u00f6kning\"],\"articleSection\":[\"Artikel\"],\"inLanguage\":\"sv-SE\"},{\"@type\":\"WebPage\",\"@id\":\"https:\\\/\\\/framtidenskarriar.se\\\/itdata\\\/2019\\\/02\\\/13\\\/statens-langsiktiga-digitalisering-lockar-manga\\\/\",\"url\":\"https:\\\/\\\/framtidenskarriar.se\\\/itdata\\\/2019\\\/02\\\/13\\\/statens-langsiktiga-digitalisering-lockar-manga\\\/\",\"name\":\"Statens l\u00e5ngsiktiga digitalisering lockar m\u00e5nga - Framtidens karri\u00e4r IT & Data\",\"isPartOf\":{\"@id\":\"https:\\\/\\\/framtidenskarriar.se\\\/itdata\\\/#website\"},\"primaryImageOfPage\":{\"@id\":\"https:\\\/\\\/framtidenskarriar.se\\\/itdata\\\/2019\\\/02\\\/13\\\/statens-langsiktiga-digitalisering-lockar-manga\\\/#primaryimage\"},\"image\":{\"@id\":\"https:\\\/\\\/framtidenskarriar.se\\\/itdata\\\/2019\\\/02\\\/13\\\/statens-langsiktiga-digitalisering-lockar-manga\\\/#primaryimage\"},\"thumbnailUrl\":\"https:\\\/\\\/framtidenskarriar.se\\\/itdata\\\/wp-content\\\/uploads\\\/sites\\\/13\\\/2019\\\/02\\\/myndighet3-roger-vilhelmsson.jpg\",\"datePublished\":\"2019-02-13T15:07:14+00:00\",\"author\":{\"@id\":\"https:\\\/\\\/framtidenskarriar.se\\\/itdata\\\/#\\\/schema\\\/person\\\/c8a43eb855191e573b73ecf8987a3b99\"},\"breadcrumb\":{\"@id\":\"https:\\\/\\\/framtidenskarriar.se\\\/itdata\\\/2019\\\/02\\\/13\\\/statens-langsiktiga-digitalisering-lockar-manga\\\/#breadcrumb\"},\"inLanguage\":\"sv-SE\",\"potentialAction\":[{\"@type\":\"ReadAction\",\"target\":[\"https:\\\/\\\/framtidenskarriar.se\\\/itdata\\\/2019\\\/02\\\/13\\\/statens-langsiktiga-digitalisering-lockar-manga\\\/\"]}]},{\"@type\":\"ImageObject\",\"inLanguage\":\"sv-SE\",\"@id\":\"https:\\\/\\\/framtidenskarriar.se\\\/itdata\\\/2019\\\/02\\\/13\\\/statens-langsiktiga-digitalisering-lockar-manga\\\/#primaryimage\",\"url\":\"https:\\\/\\\/framtidenskarriar.se\\\/itdata\\\/wp-content\\\/uploads\\\/sites\\\/13\\\/2019\\\/02\\\/myndighet3-roger-vilhelmsson.jpg\",\"contentUrl\":\"https:\\\/\\\/framtidenskarriar.se\\\/itdata\\\/wp-content\\\/uploads\\\/sites\\\/13\\\/2019\\\/02\\\/myndighet3-roger-vilhelmsson.jpg\",\"width\":1000,\"height\":684,\"caption\":\"Roger Vilhelmsson, chefsekonom p\u00e5 Arbetsgivarverket. Foto: Catharina Bies\u00e8rt\"},{\"@type\":\"BreadcrumbList\",\"@id\":\"https:\\\/\\\/framtidenskarriar.se\\\/itdata\\\/2019\\\/02\\\/13\\\/statens-langsiktiga-digitalisering-lockar-manga\\\/#breadcrumb\",\"itemListElement\":[{\"@type\":\"ListItem\",\"position\":1,\"name\":\"Home\",\"item\":\"https:\\\/\\\/framtidenskarriar.se\\\/itdata\\\/\"},{\"@type\":\"ListItem\",\"position\":2,\"name\":\"Statens l\u00e5ngsiktiga digitalisering lockar m\u00e5nga\"}]},{\"@type\":\"WebSite\",\"@id\":\"https:\\\/\\\/framtidenskarriar.se\\\/itdata\\\/#website\",\"url\":\"https:\\\/\\\/framtidenskarriar.se\\\/itdata\\\/\",\"name\":\"Framtidens karri\u00e4r IT & Data\",\"description\":\"Just another NMDashboard.se Sites site\",\"potentialAction\":[{\"@type\":\"SearchAction\",\"target\":{\"@type\":\"EntryPoint\",\"urlTemplate\":\"https:\\\/\\\/framtidenskarriar.se\\\/itdata\\\/?s={search_term_string}\"},\"query-input\":{\"@type\":\"PropertyValueSpecification\",\"valueRequired\":true,\"valueName\":\"search_term_string\"}}],\"inLanguage\":\"sv-SE\"},{\"@type\":\"Person\",\"@id\":\"https:\\\/\\\/framtidenskarriar.se\\\/itdata\\\/#\\\/schema\\\/person\\\/c8a43eb855191e573b73ecf8987a3b99\",\"name\":\"stellanstal\",\"image\":{\"@type\":\"ImageObject\",\"inLanguage\":\"sv-SE\",\"@id\":\"https:\\\/\\\/secure.gravatar.com\\\/avatar\\\/cd330fa6bb17f598124b2068ee0b189e4fe0987a50af9d53b78410836060d0c9?s=96&d=mm&r=g\",\"url\":\"https:\\\/\\\/secure.gravatar.com\\\/avatar\\\/cd330fa6bb17f598124b2068ee0b189e4fe0987a50af9d53b78410836060d0c9?s=96&d=mm&r=g\",\"contentUrl\":\"https:\\\/\\\/secure.gravatar.com\\\/avatar\\\/cd330fa6bb17f598124b2068ee0b189e4fe0987a50af9d53b78410836060d0c9?s=96&d=mm&r=g\",\"caption\":\"stellanstal\"},\"url\":\"https:\\\/\\\/framtidenskarriar.se\\\/itdata\\\/author\\\/stellanstal\\\/\"}]}<\/script>\n<!-- \/ Yoast SEO plugin. -->","yoast_head_json":{"title":"Statens l\u00e5ngsiktiga digitalisering lockar m\u00e5nga - Framtidens karri\u00e4r IT & Data","robots":{"index":"index","follow":"follow","max-snippet":"max-snippet:-1","max-image-preview":"max-image-preview:large","max-video-preview":"max-video-preview:-1"},"canonical":"https:\/\/framtidenskarriar.se\/itdata\/2019\/02\/13\/statens-langsiktiga-digitalisering-lockar-manga\/","og_locale":"sv_SE","og_type":"article","og_title":"Statens l\u00e5ngsiktiga digitalisering lockar m\u00e5nga - Framtidens karri\u00e4r IT & Data","og_description":"Intresset f\u00f6r att arbeta p\u00e5 en statlig myndighet \u00e4r stort bland it-akademiker. 77 procent kan...","og_url":"https:\/\/framtidenskarriar.se\/itdata\/2019\/02\/13\/statens-langsiktiga-digitalisering-lockar-manga\/","og_site_name":"Framtidens karri\u00e4r IT & Data","article_published_time":"2019-02-13T15:07:14+00:00","og_image":[{"width":1000,"height":684,"url":"https:\/\/framtidenskarriar.se\/itdata\/wp-content\/uploads\/sites\/13\/2019\/02\/myndighet3-roger-vilhelmsson.jpg","type":"image\/jpeg"}],"author":"stellanstal","twitter_card":"summary_large_image","twitter_misc":{"Skriven av":"stellanstal","Ber\u00e4knad l\u00e4stid":"2 minuter"},"schema":{"@context":"https:\/\/schema.org","@graph":[{"@type":"Article","@id":"https:\/\/framtidenskarriar.se\/itdata\/2019\/02\/13\/statens-langsiktiga-digitalisering-lockar-manga\/#article","isPartOf":{"@id":"https:\/\/framtidenskarriar.se\/itdata\/2019\/02\/13\/statens-langsiktiga-digitalisering-lockar-manga\/"},"author":{"name":"stellanstal","@id":"https:\/\/framtidenskarriar.se\/itdata\/#\/schema\/person\/c8a43eb855191e573b73ecf8987a3b99"},"headline":"Statens l\u00e5ngsiktiga digitalisering lockar m\u00e5nga","datePublished":"2019-02-13T15:07:14+00:00","mainEntityOfPage":{"@id":"https:\/\/framtidenskarriar.se\/itdata\/2019\/02\/13\/statens-langsiktiga-digitalisering-lockar-manga\/"},"wordCount":504,"image":{"@id":"https:\/\/framtidenskarriar.se\/itdata\/2019\/02\/13\/statens-langsiktiga-digitalisering-lockar-manga\/#primaryimage"},"thumbnailUrl":"https:\/\/framtidenskarriar.se\/itdata\/wp-content\/uploads\/sites\/13\/2019\/02\/myndighet3-roger-vilhelmsson.jpg","keywords":["AI","Arbetsgivarverket","Blockkedjor","Myndighet","Samh\u00e4llsuppdrag","Statligt","Unders\u00f6kning"],"articleSection":["Artikel"],"inLanguage":"sv-SE"},{"@type":"WebPage","@id":"https:\/\/framtidenskarriar.se\/itdata\/2019\/02\/13\/statens-langsiktiga-digitalisering-lockar-manga\/","url":"https:\/\/framtidenskarriar.se\/itdata\/2019\/02\/13\/statens-langsiktiga-digitalisering-lockar-manga\/","name":"Statens l\u00e5ngsiktiga digitalisering lockar m\u00e5nga - Framtidens karri\u00e4r IT & Data","isPartOf":{"@id":"https:\/\/framtidenskarriar.se\/itdata\/#website"},"primaryImageOfPage":{"@id":"https:\/\/framtidenskarriar.se\/itdata\/2019\/02\/13\/statens-langsiktiga-digitalisering-lockar-manga\/#primaryimage"},"image":{"@id":"https:\/\/framtidenskarriar.se\/itdata\/2019\/02\/13\/statens-langsiktiga-digitalisering-lockar-manga\/#primaryimage"},"thumbnailUrl":"https:\/\/framtidenskarriar.se\/itdata\/wp-content\/uploads\/sites\/13\/2019\/02\/myndighet3-roger-vilhelmsson.jpg","datePublished":"2019-02-13T15:07:14+00:00","author":{"@id":"https:\/\/framtidenskarriar.se\/itdata\/#\/schema\/person\/c8a43eb855191e573b73ecf8987a3b99"},"breadcrumb":{"@id":"https:\/\/framtidenskarriar.se\/itdata\/2019\/02\/13\/statens-langsiktiga-digitalisering-lockar-manga\/#breadcrumb"},"inLanguage":"sv-SE","potentialAction":[{"@type":"ReadAction","target":["https:\/\/framtidenskarriar.se\/itdata\/2019\/02\/13\/statens-langsiktiga-digitalisering-lockar-manga\/"]}]},{"@type":"ImageObject","inLanguage":"sv-SE","@id":"https:\/\/framtidenskarriar.se\/itdata\/2019\/02\/13\/statens-langsiktiga-digitalisering-lockar-manga\/#primaryimage","url":"https:\/\/framtidenskarriar.se\/itdata\/wp-content\/uploads\/sites\/13\/2019\/02\/myndighet3-roger-vilhelmsson.jpg","contentUrl":"https:\/\/framtidenskarriar.se\/itdata\/wp-content\/uploads\/sites\/13\/2019\/02\/myndighet3-roger-vilhelmsson.jpg","width":1000,"height":684,"caption":"Roger Vilhelmsson, chefsekonom p\u00e5 Arbetsgivarverket. Foto: Catharina Bies\u00e8rt"},{"@type":"BreadcrumbList","@id":"https:\/\/framtidenskarriar.se\/itdata\/2019\/02\/13\/statens-langsiktiga-digitalisering-lockar-manga\/#breadcrumb","itemListElement":[{"@type":"ListItem","position":1,"name":"Home","item":"https:\/\/framtidenskarriar.se\/itdata\/"},{"@type":"ListItem","position":2,"name":"Statens l\u00e5ngsiktiga digitalisering lockar m\u00e5nga"}]},{"@type":"WebSite","@id":"https:\/\/framtidenskarriar.se\/itdata\/#website","url":"https:\/\/framtidenskarriar.se\/itdata\/","name":"Framtidens karri\u00e4r IT & Data","description":"Just another NMDashboard.se Sites site","potentialAction":[{"@type":"SearchAction","target":{"@type":"EntryPoint","urlTemplate":"https:\/\/framtidenskarriar.se\/itdata\/?s={search_term_string}"},"query-input":{"@type":"PropertyValueSpecification","valueRequired":true,"valueName":"search_term_string"}}],"inLanguage":"sv-SE"},{"@type":"Person","@id":"https:\/\/framtidenskarriar.se\/itdata\/#\/schema\/person\/c8a43eb855191e573b73ecf8987a3b99","name":"stellanstal","image":{"@type":"ImageObject","inLanguage":"sv-SE","@id":"https:\/\/secure.gravatar.com\/avatar\/cd330fa6bb17f598124b2068ee0b189e4fe0987a50af9d53b78410836060d0c9?s=96&d=mm&r=g","url":"https:\/\/secure.gravatar.com\/avatar\/cd330fa6bb17f598124b2068ee0b189e4fe0987a50af9d53b78410836060d0c9?s=96&d=mm&r=g","contentUrl":"https:\/\/secure.gravatar.com\/avatar\/cd330fa6bb17f598124b2068ee0b189e4fe0987a50af9d53b78410836060d0c9?s=96&d=mm&r=g","caption":"stellanstal"},"url":"https:\/\/framtidenskarriar.se\/itdata\/author\/stellanstal\/"}]}},"_links":{"self":[{"href":"https:\/\/framtidenskarriar.se\/itdata\/wp-json\/wp\/v2\/posts\/5944","targetHints":{"allow":["GET"]}}],"collection":[{"href":"https:\/\/framtidenskarriar.se\/itdata\/wp-json\/wp\/v2\/posts"}],"about":[{"href":"https:\/\/framtidenskarriar.se\/itdata\/wp-json\/wp\/v2\/types\/post"}],"author":[{"embeddable":true,"href":"https:\/\/framtidenskarriar.se\/itdata\/wp-json\/wp\/v2\/users\/3"}],"replies":[{"embeddable":true,"href":"https:\/\/framtidenskarriar.se\/itdata\/wp-json\/wp\/v2\/comments?post=5944"}],"version-history":[{"count":0,"href":"https:\/\/framtidenskarriar.se\/itdata\/wp-json\/wp\/v2\/posts\/5944\/revisions"}],"wp:featuredmedia":[{"embeddable":true,"href":"https:\/\/framtidenskarriar.se\/itdata\/wp-json\/wp\/v2\/media\/5946"}],"wp:attachment":[{"href":"https:\/\/framtidenskarriar.se\/itdata\/wp-json\/wp\/v2\/media?parent=5944"}],"wp:term":[{"taxonomy":"category","embeddable":true,"href":"https:\/\/framtidenskarriar.se\/itdata\/wp-json\/wp\/v2\/categories?post=5944"},{"taxonomy":"post_tag","embeddable":true,"href":"https:\/\/framtidenskarriar.se\/itdata\/wp-json\/wp\/v2\/tags?post=5944"}],"curies":[{"name":"wp","href":"https:\/\/api.w.org\/{rel}","templated":true}]}}