{"id":5949,"date":"2019-02-13T17:10:27","date_gmt":"2019-02-13T15:10:27","guid":{"rendered":"http:\/\/framtidenskarriar.se\/itdata\/?p=5949"},"modified":"2019-02-13T17:10:27","modified_gmt":"2019-02-13T15:10:27","slug":"samordnad-digitalisering-driver-utvecklingen-framat","status":"publish","type":"post","link":"https:\/\/framtidenskarriar.se\/itdata\/2019\/02\/13\/samordnad-digitalisering-driver-utvecklingen-framat\/","title":{"rendered":"Samordnad digitalisering driver utvecklingen fram\u00e5t"},"content":{"rendered":"<p><figure id=\"attachment_5950\" aria-describedby=\"caption-attachment-5950\" style=\"width: 1000px\" class=\"wp-caption alignnone\"><img loading=\"lazy\" decoding=\"async\" src=\"https:\/\/framtidenskarriar.se\/itdata\/wp-content\/uploads\/sites\/13\/2019\/02\/myndighet1-181030-digg-120.jpg\" alt=\"Anna Eriksson, generaldirekt\u00f6r p\u00e5 Myndigheten f\u00f6r digital f\u00f6rvaltning. Foto: Petra Berggren\/DIGG\" width=\"1000\" height=\"668\" class=\"size-full wp-image-5950\" srcset=\"https:\/\/framtidenskarriar.se\/itdata\/wp-content\/uploads\/sites\/13\/2019\/02\/myndighet1-181030-digg-120.jpg 1000w, https:\/\/framtidenskarriar.se\/itdata\/wp-content\/uploads\/sites\/13\/2019\/02\/myndighet1-181030-digg-120-300x200.jpg 300w, https:\/\/framtidenskarriar.se\/itdata\/wp-content\/uploads\/sites\/13\/2019\/02\/myndighet1-181030-digg-120-768x513.jpg 768w, https:\/\/framtidenskarriar.se\/itdata\/wp-content\/uploads\/sites\/13\/2019\/02\/myndighet1-181030-digg-120-240x160.jpg 240w, https:\/\/framtidenskarriar.se\/itdata\/wp-content\/uploads\/sites\/13\/2019\/02\/myndighet1-181030-digg-120-526x351.jpg 526w, https:\/\/framtidenskarriar.se\/itdata\/wp-content\/uploads\/sites\/13\/2019\/02\/myndighet1-181030-digg-120-720x481.jpg 720w, https:\/\/framtidenskarriar.se\/itdata\/wp-content\/uploads\/sites\/13\/2019\/02\/myndighet1-181030-digg-120-960x641.jpg 960w\" sizes=\"auto, (max-width: 1000px) 100vw, 1000px\" \/><figcaption id=\"caption-attachment-5950\" class=\"wp-caption-text\">Anna Eriksson, generaldirekt\u00f6r p\u00e5 Myndigheten f\u00f6r digital f\u00f6rvaltning. Foto: Petra Berggren\/DIGG<\/figcaption><\/figure><strong>N\u00e4r myndigheternas digitalisering samordnas kommer utvecklingen inom det offentliga att f\u00e5 en ordentlig skjuts, vilket kommer att gynna \u00e4ven n\u00e4ringslivets sektorer. Det menar Anna Eriksson, generaldirekt\u00f6r p\u00e5 Myndigheten f\u00f6r digital f\u00f6rvaltning. <\/strong><\/p>\n<p>Sett till var och en, har myndigheterna kommit v\u00e4ldigt l\u00e5ngt inom verksamhetsutveckling och utveckling av medborgartj\u00e4nster. Men digitaliseringen av det offentliga har skett isolerat inom respektive instans. Det offentliga m\u00e5ste bli b\u00e4ttre p\u00e5 att hantera data gemensamt f\u00f6r att bli b\u00e4ttre, fungera b\u00e4ttre och skapa b\u00e4ttre tj\u00e4nster f\u00f6r medborgarna. Informationsutbytet mellan myndigheter och medborgare, men \u00e4ven mellan det offentliga och branscher som bank, industri och it, \u00e4r en kn\u00e4ckfr\u00e5ga.<br \/>\n\u2013 Medborgare ska inte beh\u00f6va l\u00e4mna samma uppgifter flera g\u00e5nger till olika myndigheter, s\u00e4ger Anna Eriksson.<br \/>\nSvaret \u00e4r en samordnad digitalisering, menar hon. <\/p>\n<p><strong>Minskat avst\u00e5nd<\/strong><br \/>\nP\u00e5 v\u00e4gen ska inte s\u00e4kerheten gl\u00f6mmas bort. F\u00f6r att de digitala tj\u00e4nsterna ska ge samh\u00e4llsnytta, kr\u00e4vs det att medborgarna k\u00e4nner tillit till tj\u00e4nsterna. Idag \u00e4r f\u00f6rtroendet f\u00f6r myndigheterna h\u00f6gt, och det offentliga beh\u00f6ver beh\u00e5lla det f\u00f6rtroendet.<br \/>\nI utvecklingen v\u00e4xer ocks\u00e5 nya tekniska roller fram, framf\u00f6rallt inom datahantering och AI. Men det kanske viktigaste behovet, \u00e5tminstone p\u00e5 kort sikt, \u00e4r att st\u00e4rka den allm\u00e4nna f\u00f6rst\u00e5elsen av vad digitaliseringen inneb\u00e4r. Det inneb\u00e4r att verksamheten beh\u00f6ver f\u00f6rst\u00e5 digitaliseringens m\u00f6jligheter, men ocks\u00e5 att teknikerna m\u00e5ste f\u00f6rst\u00e5 hur verksamheten fungerar. Om avst\u00e5nden minskar mellan verksamhet och teknik, mellan myndighet och myndighet samt mellan det offentliga och n\u00e4ringslivet, d\u00e5 kan Sverige digitaliseras gemensamt, menar Anna Eriksson.<br \/>\n\u2013 Dagens n\u00e4tverks- och co-operationskultur, d\u00e4r samarbeten \u00f6ver yrkesgruppsgr\u00e4nser \u00e4r sj\u00e4lvklart, \u00e4r ett f\u00f6rsta steg i detta. <\/p>\n<p><strong>Allt fler vill bidra<\/strong><br \/>\nIdag kan 76% av de it- och dataingenj\u00f6rer samt systemvetare Framtidens Karri\u00e4r \u2013 It &amp; Data tillfr\u00e5gat, t\u00e4nka sig att jobba inom en statlig myndighet, n\u00e5got Anna Eriksson ser som en del av en v\u00e4xande trend p\u00e5 arbetsmarknaden.<br \/>\n\u2013 Jag tror att allt fler vill bidra med n\u00e5got, och det \u00e4r d\u00e4rf\u00f6r, s\u00e4ger hon.<\/p>\n","protected":false},"excerpt":{"rendered":"<p>N\u00e4r myndigheternas digitalisering samordnas kommer utvecklingen inom det offentliga att f\u00e5 en ordentlig skjuts, vilket&#8230;<\/p>\n","protected":false},"author":3,"featured_media":5950,"comment_status":"closed","ping_status":"open","sticky":false,"template":"","format":"standard","meta":{"_acf_changed":false,"_monsterinsights_skip_tracking":false,"_monsterinsights_sitenote_active":false,"_monsterinsights_sitenote_note":"","_monsterinsights_sitenote_category":0,"footnotes":""},"categories":[1],"tags":[57,181,182,220,241,255],"class_list":["post-5949","post","type-post","status-publish","format-standard","has-post-thumbnail","hentry","category-artikel","tag-digg","tag-myndighet","tag-myndigheten-for-digital-forvaltning","tag-samhallsnytta","tag-statligt","tag-undersokning"],"acf":[],"yoast_head":"<!-- This site is optimized with the Yoast SEO plugin v27.3 - https:\/\/yoast.com\/product\/yoast-seo-wordpress\/ -->\n<title>Samordnad digitalisering driver utvecklingen fram\u00e5t - Framtidens karri\u00e4r IT &amp; Data<\/title>\n<meta name=\"robots\" content=\"index, follow, max-snippet:-1, max-image-preview:large, max-video-preview:-1\" \/>\n<link rel=\"canonical\" href=\"https:\/\/framtidenskarriar.se\/itdata\/2019\/02\/13\/samordnad-digitalisering-driver-utvecklingen-framat\/\" \/>\n<meta property=\"og:locale\" content=\"sv_SE\" \/>\n<meta property=\"og:type\" content=\"article\" \/>\n<meta property=\"og:title\" content=\"Samordnad digitalisering driver utvecklingen fram\u00e5t - Framtidens karri\u00e4r IT &amp; Data\" \/>\n<meta property=\"og:description\" content=\"N\u00e4r myndigheternas digitalisering samordnas kommer utvecklingen inom det offentliga att f\u00e5 en ordentlig skjuts, vilket...\" \/>\n<meta property=\"og:url\" content=\"https:\/\/framtidenskarriar.se\/itdata\/2019\/02\/13\/samordnad-digitalisering-driver-utvecklingen-framat\/\" \/>\n<meta property=\"og:site_name\" content=\"Framtidens karri\u00e4r IT &amp; Data\" \/>\n<meta property=\"article:published_time\" content=\"2019-02-13T15:10:27+00:00\" \/>\n<meta property=\"og:image\" content=\"https:\/\/framtidenskarriar.se\/itdata\/wp-content\/uploads\/sites\/13\/2019\/02\/myndighet1-181030-digg-120.jpg\" \/>\n\t<meta property=\"og:image:width\" content=\"1000\" \/>\n\t<meta property=\"og:image:height\" content=\"668\" \/>\n\t<meta property=\"og:image:type\" content=\"image\/jpeg\" \/>\n<meta name=\"author\" content=\"stellanstal\" \/>\n<meta name=\"twitter:card\" content=\"summary_large_image\" \/>\n<meta name=\"twitter:label1\" content=\"Skriven av\" \/>\n\t<meta name=\"twitter:data1\" content=\"stellanstal\" \/>\n\t<meta name=\"twitter:label2\" content=\"Ber\u00e4knad l\u00e4stid\" \/>\n\t<meta name=\"twitter:data2\" content=\"2 minuter\" \/>\n<script type=\"application\/ld+json\" class=\"yoast-schema-graph\">{\"@context\":\"https:\\\/\\\/schema.org\",\"@graph\":[{\"@type\":\"Article\",\"@id\":\"https:\\\/\\\/framtidenskarriar.se\\\/itdata\\\/2019\\\/02\\\/13\\\/samordnad-digitalisering-driver-utvecklingen-framat\\\/#article\",\"isPartOf\":{\"@id\":\"https:\\\/\\\/framtidenskarriar.se\\\/itdata\\\/2019\\\/02\\\/13\\\/samordnad-digitalisering-driver-utvecklingen-framat\\\/\"},\"author\":{\"name\":\"stellanstal\",\"@id\":\"https:\\\/\\\/framtidenskarriar.se\\\/itdata\\\/#\\\/schema\\\/person\\\/c8a43eb855191e573b73ecf8987a3b99\"},\"headline\":\"Samordnad digitalisering driver utvecklingen fram\u00e5t\",\"datePublished\":\"2019-02-13T15:10:27+00:00\",\"mainEntityOfPage\":{\"@id\":\"https:\\\/\\\/framtidenskarriar.se\\\/itdata\\\/2019\\\/02\\\/13\\\/samordnad-digitalisering-driver-utvecklingen-framat\\\/\"},\"wordCount\":401,\"image\":{\"@id\":\"https:\\\/\\\/framtidenskarriar.se\\\/itdata\\\/2019\\\/02\\\/13\\\/samordnad-digitalisering-driver-utvecklingen-framat\\\/#primaryimage\"},\"thumbnailUrl\":\"https:\\\/\\\/framtidenskarriar.se\\\/itdata\\\/wp-content\\\/uploads\\\/sites\\\/13\\\/2019\\\/02\\\/myndighet1-181030-digg-120.jpg\",\"keywords\":[\"DIGG\",\"Myndighet\",\"Myndigheten f\u00f6r digital f\u00f6rvaltning\",\"Samh\u00e4llsnytta\",\"Statligt\",\"Unders\u00f6kning\"],\"articleSection\":[\"Artikel\"],\"inLanguage\":\"sv-SE\"},{\"@type\":\"WebPage\",\"@id\":\"https:\\\/\\\/framtidenskarriar.se\\\/itdata\\\/2019\\\/02\\\/13\\\/samordnad-digitalisering-driver-utvecklingen-framat\\\/\",\"url\":\"https:\\\/\\\/framtidenskarriar.se\\\/itdata\\\/2019\\\/02\\\/13\\\/samordnad-digitalisering-driver-utvecklingen-framat\\\/\",\"name\":\"Samordnad digitalisering driver utvecklingen fram\u00e5t - Framtidens karri\u00e4r IT & Data\",\"isPartOf\":{\"@id\":\"https:\\\/\\\/framtidenskarriar.se\\\/itdata\\\/#website\"},\"primaryImageOfPage\":{\"@id\":\"https:\\\/\\\/framtidenskarriar.se\\\/itdata\\\/2019\\\/02\\\/13\\\/samordnad-digitalisering-driver-utvecklingen-framat\\\/#primaryimage\"},\"image\":{\"@id\":\"https:\\\/\\\/framtidenskarriar.se\\\/itdata\\\/2019\\\/02\\\/13\\\/samordnad-digitalisering-driver-utvecklingen-framat\\\/#primaryimage\"},\"thumbnailUrl\":\"https:\\\/\\\/framtidenskarriar.se\\\/itdata\\\/wp-content\\\/uploads\\\/sites\\\/13\\\/2019\\\/02\\\/myndighet1-181030-digg-120.jpg\",\"datePublished\":\"2019-02-13T15:10:27+00:00\",\"author\":{\"@id\":\"https:\\\/\\\/framtidenskarriar.se\\\/itdata\\\/#\\\/schema\\\/person\\\/c8a43eb855191e573b73ecf8987a3b99\"},\"breadcrumb\":{\"@id\":\"https:\\\/\\\/framtidenskarriar.se\\\/itdata\\\/2019\\\/02\\\/13\\\/samordnad-digitalisering-driver-utvecklingen-framat\\\/#breadcrumb\"},\"inLanguage\":\"sv-SE\",\"potentialAction\":[{\"@type\":\"ReadAction\",\"target\":[\"https:\\\/\\\/framtidenskarriar.se\\\/itdata\\\/2019\\\/02\\\/13\\\/samordnad-digitalisering-driver-utvecklingen-framat\\\/\"]}]},{\"@type\":\"ImageObject\",\"inLanguage\":\"sv-SE\",\"@id\":\"https:\\\/\\\/framtidenskarriar.se\\\/itdata\\\/2019\\\/02\\\/13\\\/samordnad-digitalisering-driver-utvecklingen-framat\\\/#primaryimage\",\"url\":\"https:\\\/\\\/framtidenskarriar.se\\\/itdata\\\/wp-content\\\/uploads\\\/sites\\\/13\\\/2019\\\/02\\\/myndighet1-181030-digg-120.jpg\",\"contentUrl\":\"https:\\\/\\\/framtidenskarriar.se\\\/itdata\\\/wp-content\\\/uploads\\\/sites\\\/13\\\/2019\\\/02\\\/myndighet1-181030-digg-120.jpg\",\"width\":1000,\"height\":668,\"caption\":\"Anna Eriksson, generaldirekt\u00f6r p\u00e5 Myndigheten f\u00f6r digital f\u00f6rvaltning. Foto: Petra Berggren\\\/DIGG\"},{\"@type\":\"BreadcrumbList\",\"@id\":\"https:\\\/\\\/framtidenskarriar.se\\\/itdata\\\/2019\\\/02\\\/13\\\/samordnad-digitalisering-driver-utvecklingen-framat\\\/#breadcrumb\",\"itemListElement\":[{\"@type\":\"ListItem\",\"position\":1,\"name\":\"Home\",\"item\":\"https:\\\/\\\/framtidenskarriar.se\\\/itdata\\\/\"},{\"@type\":\"ListItem\",\"position\":2,\"name\":\"Samordnad digitalisering driver utvecklingen fram\u00e5t\"}]},{\"@type\":\"WebSite\",\"@id\":\"https:\\\/\\\/framtidenskarriar.se\\\/itdata\\\/#website\",\"url\":\"https:\\\/\\\/framtidenskarriar.se\\\/itdata\\\/\",\"name\":\"Framtidens karri\u00e4r IT & Data\",\"description\":\"Just another NMDashboard.se Sites site\",\"potentialAction\":[{\"@type\":\"SearchAction\",\"target\":{\"@type\":\"EntryPoint\",\"urlTemplate\":\"https:\\\/\\\/framtidenskarriar.se\\\/itdata\\\/?s={search_term_string}\"},\"query-input\":{\"@type\":\"PropertyValueSpecification\",\"valueRequired\":true,\"valueName\":\"search_term_string\"}}],\"inLanguage\":\"sv-SE\"},{\"@type\":\"Person\",\"@id\":\"https:\\\/\\\/framtidenskarriar.se\\\/itdata\\\/#\\\/schema\\\/person\\\/c8a43eb855191e573b73ecf8987a3b99\",\"name\":\"stellanstal\",\"image\":{\"@type\":\"ImageObject\",\"inLanguage\":\"sv-SE\",\"@id\":\"https:\\\/\\\/secure.gravatar.com\\\/avatar\\\/cd330fa6bb17f598124b2068ee0b189e4fe0987a50af9d53b78410836060d0c9?s=96&d=mm&r=g\",\"url\":\"https:\\\/\\\/secure.gravatar.com\\\/avatar\\\/cd330fa6bb17f598124b2068ee0b189e4fe0987a50af9d53b78410836060d0c9?s=96&d=mm&r=g\",\"contentUrl\":\"https:\\\/\\\/secure.gravatar.com\\\/avatar\\\/cd330fa6bb17f598124b2068ee0b189e4fe0987a50af9d53b78410836060d0c9?s=96&d=mm&r=g\",\"caption\":\"stellanstal\"},\"url\":\"https:\\\/\\\/framtidenskarriar.se\\\/itdata\\\/author\\\/stellanstal\\\/\"}]}<\/script>\n<!-- \/ Yoast SEO plugin. -->","yoast_head_json":{"title":"Samordnad digitalisering driver utvecklingen fram\u00e5t - Framtidens karri\u00e4r IT & Data","robots":{"index":"index","follow":"follow","max-snippet":"max-snippet:-1","max-image-preview":"max-image-preview:large","max-video-preview":"max-video-preview:-1"},"canonical":"https:\/\/framtidenskarriar.se\/itdata\/2019\/02\/13\/samordnad-digitalisering-driver-utvecklingen-framat\/","og_locale":"sv_SE","og_type":"article","og_title":"Samordnad digitalisering driver utvecklingen fram\u00e5t - Framtidens karri\u00e4r IT & Data","og_description":"N\u00e4r myndigheternas digitalisering samordnas kommer utvecklingen inom det offentliga att f\u00e5 en ordentlig skjuts, vilket...","og_url":"https:\/\/framtidenskarriar.se\/itdata\/2019\/02\/13\/samordnad-digitalisering-driver-utvecklingen-framat\/","og_site_name":"Framtidens karri\u00e4r IT & Data","article_published_time":"2019-02-13T15:10:27+00:00","og_image":[{"width":1000,"height":668,"url":"https:\/\/framtidenskarriar.se\/itdata\/wp-content\/uploads\/sites\/13\/2019\/02\/myndighet1-181030-digg-120.jpg","type":"image\/jpeg"}],"author":"stellanstal","twitter_card":"summary_large_image","twitter_misc":{"Skriven av":"stellanstal","Ber\u00e4knad l\u00e4stid":"2 minuter"},"schema":{"@context":"https:\/\/schema.org","@graph":[{"@type":"Article","@id":"https:\/\/framtidenskarriar.se\/itdata\/2019\/02\/13\/samordnad-digitalisering-driver-utvecklingen-framat\/#article","isPartOf":{"@id":"https:\/\/framtidenskarriar.se\/itdata\/2019\/02\/13\/samordnad-digitalisering-driver-utvecklingen-framat\/"},"author":{"name":"stellanstal","@id":"https:\/\/framtidenskarriar.se\/itdata\/#\/schema\/person\/c8a43eb855191e573b73ecf8987a3b99"},"headline":"Samordnad digitalisering driver utvecklingen fram\u00e5t","datePublished":"2019-02-13T15:10:27+00:00","mainEntityOfPage":{"@id":"https:\/\/framtidenskarriar.se\/itdata\/2019\/02\/13\/samordnad-digitalisering-driver-utvecklingen-framat\/"},"wordCount":401,"image":{"@id":"https:\/\/framtidenskarriar.se\/itdata\/2019\/02\/13\/samordnad-digitalisering-driver-utvecklingen-framat\/#primaryimage"},"thumbnailUrl":"https:\/\/framtidenskarriar.se\/itdata\/wp-content\/uploads\/sites\/13\/2019\/02\/myndighet1-181030-digg-120.jpg","keywords":["DIGG","Myndighet","Myndigheten f\u00f6r digital f\u00f6rvaltning","Samh\u00e4llsnytta","Statligt","Unders\u00f6kning"],"articleSection":["Artikel"],"inLanguage":"sv-SE"},{"@type":"WebPage","@id":"https:\/\/framtidenskarriar.se\/itdata\/2019\/02\/13\/samordnad-digitalisering-driver-utvecklingen-framat\/","url":"https:\/\/framtidenskarriar.se\/itdata\/2019\/02\/13\/samordnad-digitalisering-driver-utvecklingen-framat\/","name":"Samordnad digitalisering driver utvecklingen fram\u00e5t - Framtidens karri\u00e4r IT & Data","isPartOf":{"@id":"https:\/\/framtidenskarriar.se\/itdata\/#website"},"primaryImageOfPage":{"@id":"https:\/\/framtidenskarriar.se\/itdata\/2019\/02\/13\/samordnad-digitalisering-driver-utvecklingen-framat\/#primaryimage"},"image":{"@id":"https:\/\/framtidenskarriar.se\/itdata\/2019\/02\/13\/samordnad-digitalisering-driver-utvecklingen-framat\/#primaryimage"},"thumbnailUrl":"https:\/\/framtidenskarriar.se\/itdata\/wp-content\/uploads\/sites\/13\/2019\/02\/myndighet1-181030-digg-120.jpg","datePublished":"2019-02-13T15:10:27+00:00","author":{"@id":"https:\/\/framtidenskarriar.se\/itdata\/#\/schema\/person\/c8a43eb855191e573b73ecf8987a3b99"},"breadcrumb":{"@id":"https:\/\/framtidenskarriar.se\/itdata\/2019\/02\/13\/samordnad-digitalisering-driver-utvecklingen-framat\/#breadcrumb"},"inLanguage":"sv-SE","potentialAction":[{"@type":"ReadAction","target":["https:\/\/framtidenskarriar.se\/itdata\/2019\/02\/13\/samordnad-digitalisering-driver-utvecklingen-framat\/"]}]},{"@type":"ImageObject","inLanguage":"sv-SE","@id":"https:\/\/framtidenskarriar.se\/itdata\/2019\/02\/13\/samordnad-digitalisering-driver-utvecklingen-framat\/#primaryimage","url":"https:\/\/framtidenskarriar.se\/itdata\/wp-content\/uploads\/sites\/13\/2019\/02\/myndighet1-181030-digg-120.jpg","contentUrl":"https:\/\/framtidenskarriar.se\/itdata\/wp-content\/uploads\/sites\/13\/2019\/02\/myndighet1-181030-digg-120.jpg","width":1000,"height":668,"caption":"Anna Eriksson, generaldirekt\u00f6r p\u00e5 Myndigheten f\u00f6r digital f\u00f6rvaltning. Foto: Petra Berggren\/DIGG"},{"@type":"BreadcrumbList","@id":"https:\/\/framtidenskarriar.se\/itdata\/2019\/02\/13\/samordnad-digitalisering-driver-utvecklingen-framat\/#breadcrumb","itemListElement":[{"@type":"ListItem","position":1,"name":"Home","item":"https:\/\/framtidenskarriar.se\/itdata\/"},{"@type":"ListItem","position":2,"name":"Samordnad digitalisering driver utvecklingen fram\u00e5t"}]},{"@type":"WebSite","@id":"https:\/\/framtidenskarriar.se\/itdata\/#website","url":"https:\/\/framtidenskarriar.se\/itdata\/","name":"Framtidens karri\u00e4r IT & Data","description":"Just another NMDashboard.se Sites site","potentialAction":[{"@type":"SearchAction","target":{"@type":"EntryPoint","urlTemplate":"https:\/\/framtidenskarriar.se\/itdata\/?s={search_term_string}"},"query-input":{"@type":"PropertyValueSpecification","valueRequired":true,"valueName":"search_term_string"}}],"inLanguage":"sv-SE"},{"@type":"Person","@id":"https:\/\/framtidenskarriar.se\/itdata\/#\/schema\/person\/c8a43eb855191e573b73ecf8987a3b99","name":"stellanstal","image":{"@type":"ImageObject","inLanguage":"sv-SE","@id":"https:\/\/secure.gravatar.com\/avatar\/cd330fa6bb17f598124b2068ee0b189e4fe0987a50af9d53b78410836060d0c9?s=96&d=mm&r=g","url":"https:\/\/secure.gravatar.com\/avatar\/cd330fa6bb17f598124b2068ee0b189e4fe0987a50af9d53b78410836060d0c9?s=96&d=mm&r=g","contentUrl":"https:\/\/secure.gravatar.com\/avatar\/cd330fa6bb17f598124b2068ee0b189e4fe0987a50af9d53b78410836060d0c9?s=96&d=mm&r=g","caption":"stellanstal"},"url":"https:\/\/framtidenskarriar.se\/itdata\/author\/stellanstal\/"}]}},"_links":{"self":[{"href":"https:\/\/framtidenskarriar.se\/itdata\/wp-json\/wp\/v2\/posts\/5949","targetHints":{"allow":["GET"]}}],"collection":[{"href":"https:\/\/framtidenskarriar.se\/itdata\/wp-json\/wp\/v2\/posts"}],"about":[{"href":"https:\/\/framtidenskarriar.se\/itdata\/wp-json\/wp\/v2\/types\/post"}],"author":[{"embeddable":true,"href":"https:\/\/framtidenskarriar.se\/itdata\/wp-json\/wp\/v2\/users\/3"}],"replies":[{"embeddable":true,"href":"https:\/\/framtidenskarriar.se\/itdata\/wp-json\/wp\/v2\/comments?post=5949"}],"version-history":[{"count":0,"href":"https:\/\/framtidenskarriar.se\/itdata\/wp-json\/wp\/v2\/posts\/5949\/revisions"}],"wp:featuredmedia":[{"embeddable":true,"href":"https:\/\/framtidenskarriar.se\/itdata\/wp-json\/wp\/v2\/media\/5950"}],"wp:attachment":[{"href":"https:\/\/framtidenskarriar.se\/itdata\/wp-json\/wp\/v2\/media?parent=5949"}],"wp:term":[{"taxonomy":"category","embeddable":true,"href":"https:\/\/framtidenskarriar.se\/itdata\/wp-json\/wp\/v2\/categories?post=5949"},{"taxonomy":"post_tag","embeddable":true,"href":"https:\/\/framtidenskarriar.se\/itdata\/wp-json\/wp\/v2\/tags?post=5949"}],"curies":[{"name":"wp","href":"https:\/\/api.w.org\/{rel}","templated":true}]}}