{"id":5957,"date":"2019-02-13T17:20:40","date_gmt":"2019-02-13T15:20:40","guid":{"rendered":"http:\/\/framtidenskarriar.se\/itdata\/?p=5957"},"modified":"2019-02-13T17:20:40","modified_gmt":"2019-02-13T15:20:40","slug":"svenska-myndigheter-i-frontlinjen-for-digitalisering","status":"publish","type":"post","link":"https:\/\/framtidenskarriar.se\/itdata\/2019\/02\/13\/svenska-myndigheter-i-frontlinjen-for-digitalisering\/","title":{"rendered":"Svenska myndigheter i frontlinjen f\u00f6r digitalisering"},"content":{"rendered":"<p><figure id=\"attachment_5960\" aria-describedby=\"caption-attachment-5960\" style=\"width: 1000px\" class=\"wp-caption alignnone\"><img loading=\"lazy\" decoding=\"async\" src=\"https:\/\/framtidenskarriar.se\/itdata\/wp-content\/uploads\/sites\/13\/2019\/02\/forsvar-mi-irveland2.jpg\" alt=\"Mi Irveland, sektionschef CIO-avdelningen p\u00e5 F\u00f6rsvarsmakten. Foto: H\u00e5kan M\u00e5lb\u00e4ck\" width=\"1000\" height=\"764\" class=\"size-full wp-image-5960\" srcset=\"https:\/\/framtidenskarriar.se\/itdata\/wp-content\/uploads\/sites\/13\/2019\/02\/forsvar-mi-irveland2.jpg 1000w, https:\/\/framtidenskarriar.se\/itdata\/wp-content\/uploads\/sites\/13\/2019\/02\/forsvar-mi-irveland2-300x229.jpg 300w, https:\/\/framtidenskarriar.se\/itdata\/wp-content\/uploads\/sites\/13\/2019\/02\/forsvar-mi-irveland2-768x587.jpg 768w, https:\/\/framtidenskarriar.se\/itdata\/wp-content\/uploads\/sites\/13\/2019\/02\/forsvar-mi-irveland2-209x160.jpg 209w, https:\/\/framtidenskarriar.se\/itdata\/wp-content\/uploads\/sites\/13\/2019\/02\/forsvar-mi-irveland2-526x402.jpg 526w, https:\/\/framtidenskarriar.se\/itdata\/wp-content\/uploads\/sites\/13\/2019\/02\/forsvar-mi-irveland2-720x550.jpg 720w, https:\/\/framtidenskarriar.se\/itdata\/wp-content\/uploads\/sites\/13\/2019\/02\/forsvar-mi-irveland2-960x733.jpg 960w\" sizes=\"auto, (max-width: 1000px) 100vw, 1000px\" \/><figcaption id=\"caption-attachment-5960\" class=\"wp-caption-text\">Mi Irveland, sektionschef CIO-avdelningen p\u00e5 F\u00f6rsvarsmakten. Foto: H\u00e5kan M\u00e5lb\u00e4ck<\/figcaption><\/figure><strong>En stor majoritet av tillfr\u00e5gade it- och dataexperter kan t\u00e4nka sig att arbeta p\u00e5 en statlig myndighet och s\u00e5 gott som samtliga anser att f\u00f6rsvarssektorn erbjuder intressanta arbetsuppgifter.<br \/>\n\u2013 Det sker en snabb och sp\u00e4nnande utveckling och svenska myndigheter ligger ofta l\u00e5ngt fram strategiskt kring digitalisering.<\/strong><\/p>\n<p>Det s\u00e4ger Mi Irveland, sektionschef p\u00e5 CIO-avdelningen och ansvarig f\u00f6r ledning och styrning av it-utveckling, drift och f\u00f6rvaltning p\u00e5 F\u00f6rsvarsmakten. Hon tycker att resultaten av Framtidens Karri\u00e4r \u2013 It &amp; Data unders\u00f6kning \u00e4r gl\u00e4djande och inte s\u00e5 f\u00f6rv\u00e5nande. Den snabba digitaliseringen av statlig verksamhet sp\u00e4nner \u00f6ver ett brett f\u00e4lt och \u00e4r en drivande kraft i samh\u00e4llsutvecklingen.<br \/>\n\u2013 Historiskt har svenska myndigheter och beslutsfattare ofta legat i framkant n\u00e4r det g\u00e4ller att anamma ny teknologi. Det har exempelvis funnits h\u00f6ga ambitioner att tillg\u00e4ngligg\u00f6ra digitala tj\u00e4nster och att skapa f\u00f6ruts\u00e4ttningar f\u00f6r medborgarna att ta del av ny teknik, menar Mi Irveland.<br \/>\nP\u00e5 F\u00f6rsvarsmakten har digitalisering egentligen p\u00e5g\u00e5tt l\u00e4nge.<br \/>\n\u2013 Digitalisering \u00e4r ett hett begrepp idag, men att h\u00f6ja f\u00f6rm\u00e5gan genom att utveckla datainh\u00e4mtning, automatisering och nyttjande av digital information arbetar vi med sedan l\u00e4nge i m\u00e5nga verksamheter inom F\u00f6rsvarsmakten. Hos oss \u00e4r det extra komplext eftersom it ska skapa f\u00f6ruts\u00e4ttningar f\u00f6r myndighetsuppgiften och f\u00f6r stridskrafterna. Det kr\u00e4ver tekniskt avancerade, robusta och s\u00e4kra it-l\u00f6sningar f\u00f6r den digitala arbetsplatsen och i materielsystemen, s\u00e4ger Mi Irveland. <\/p>\n<p><strong>Informationss\u00e4kerhet<\/strong><br \/>\nInom F\u00f6rsvarsmakten \u00e4r digitaliseringen starkt kopplad till s\u00e4kerhet, b\u00e5de den fysiska s\u00e4kerheten och informationss\u00e4kerhet.<br \/>\n\u2013 P\u00e5 F\u00f6rsvarsmakten \u00e4r digitalisering m\u00f6jligen lite annorlunda \u00e4n p\u00e5 en del andra h\u00e5ll. Olika sektorer hanterar fr\u00e5gest\u00e4llningar om digitalisering p\u00e5 olika s\u00e4tt, beroende p\u00e5 vilken uppgift och roll man har. F\u00f6rsvarsmaktens uppgift att f\u00f6rsvara Sverige inneb\u00e4r att vi ska vara i den absoluta framkanten, tekniskt och verksamhetsm\u00e4ssigt. Vi arbetar med stora m\u00e4ngder klassad information och mycket av v\u00e5r digitalisering handlar om att hantera informationen r\u00e4tt. Med den nya s\u00e4kerhetsskyddslagstiftningen kan m\u00e5nga andra akt\u00f6rer beh\u00f6va se \u00f6ver hur de hanterar k\u00e4nslig information, framh\u00e5ller Mi Irveland.<br \/>\nHon lyfter fram cybers\u00e4kerhet som ett prioriterat och aktuellt s\u00e4kerhetsomr\u00e5de. Den snabba digitaliseringen av snart sagt alla samh\u00e4llssektorer skapar nya m\u00f6jligheter till intr\u00e5ng och sabotage, och Sverige uts\u00e4tts dagligen f\u00f6r ett stort antal cyberattacker. F\u00f6rsvarsmakten har en v\u00e4l definierad uppgift att utveckla sin f\u00f6rm\u00e5ga i cybermilj\u00f6 f\u00f6r att f\u00f6rebygga, uppt\u00e4cka och hantera dessa. <\/p>\n<p><strong>Handlar om m\u00e4nniskor<\/strong><br \/>\nMi Irveland po\u00e4ngterar att digitalisering och till\u00e4mpningen av teknikutveckling i slut\u00e4ndan alltid m\u00e5ste beakta hur samh\u00e4llet och m\u00e4nniskorna p\u00e5verkas.<br \/>\n\u2013 Digitalisering \u00e4r en viktig del av allt vi g\u00f6r och vi ska p\u00e5 ett klokt s\u00e4tt dra nytta av alla dess m\u00f6jligheter. Samtidigt ska vi driva digitalisering med sunt f\u00f6rnuft, p\u00e5 r\u00e4tt s\u00e4tt och utifr\u00e5n verksamhetsnytta. Digitalisering och tekniktill\u00e4mpning ska alltid gagna verksamheten, och i F\u00f6rsvarsmaktens fall, Sverige. <\/p>\n<div class=\"faktaruta2-title\">Tror du att det finns intressanta arbetsuppgifter inom it, teknikutveckling eller cybers\u00e4kerhet inom f\u00f6rsvarssektorn?<\/div><div class=\"faktaruta2\"><img loading=\"lazy\" decoding=\"async\" src=\"https:\/\/framtidenskarriar.se\/itdata\/wp-content\/uploads\/sites\/13\/2019\/02\/forsvar-graf1.png\" alt=\"\" width=\"1000\" height=\"170\" class=\"alignnone size-full wp-image-5958\" srcset=\"https:\/\/framtidenskarriar.se\/itdata\/wp-content\/uploads\/sites\/13\/2019\/02\/forsvar-graf1.png 1000w, https:\/\/framtidenskarriar.se\/itdata\/wp-content\/uploads\/sites\/13\/2019\/02\/forsvar-graf1-300x51.png 300w, https:\/\/framtidenskarriar.se\/itdata\/wp-content\/uploads\/sites\/13\/2019\/02\/forsvar-graf1-768x131.png 768w, https:\/\/framtidenskarriar.se\/itdata\/wp-content\/uploads\/sites\/13\/2019\/02\/forsvar-graf1-941x160.png 941w, https:\/\/framtidenskarriar.se\/itdata\/wp-content\/uploads\/sites\/13\/2019\/02\/forsvar-graf1-526x89.png 526w, https:\/\/framtidenskarriar.se\/itdata\/wp-content\/uploads\/sites\/13\/2019\/02\/forsvar-graf1-720x122.png 720w, https:\/\/framtidenskarriar.se\/itdata\/wp-content\/uploads\/sites\/13\/2019\/02\/forsvar-graf1-960x163.png 960w\" sizes=\"auto, (max-width: 1000px) 100vw, 1000px\" \/><\/div>\n<div class=\"faktaruta2-title\">Vilka myndigheter anser du ligger l\u00e5ngt framme inom it och digitalisering? (Ange g\u00e4rna flera)<\/div><div class=\"faktaruta2\"><img loading=\"lazy\" decoding=\"async\" src=\"https:\/\/framtidenskarriar.se\/itdata\/wp-content\/uploads\/sites\/13\/2019\/02\/forsvar-graf2.png\" alt=\"\" width=\"1000\" height=\"879\" class=\"alignnone size-full wp-image-5959\" srcset=\"https:\/\/framtidenskarriar.se\/itdata\/wp-content\/uploads\/sites\/13\/2019\/02\/forsvar-graf2.png 1000w, https:\/\/framtidenskarriar.se\/itdata\/wp-content\/uploads\/sites\/13\/2019\/02\/forsvar-graf2-300x264.png 300w, https:\/\/framtidenskarriar.se\/itdata\/wp-content\/uploads\/sites\/13\/2019\/02\/forsvar-graf2-768x675.png 768w, https:\/\/framtidenskarriar.se\/itdata\/wp-content\/uploads\/sites\/13\/2019\/02\/forsvar-graf2-182x160.png 182w, https:\/\/framtidenskarriar.se\/itdata\/wp-content\/uploads\/sites\/13\/2019\/02\/forsvar-graf2-526x462.png 526w, https:\/\/framtidenskarriar.se\/itdata\/wp-content\/uploads\/sites\/13\/2019\/02\/forsvar-graf2-720x633.png 720w, https:\/\/framtidenskarriar.se\/itdata\/wp-content\/uploads\/sites\/13\/2019\/02\/forsvar-graf2-960x844.png 960w\" sizes=\"auto, (max-width: 1000px) 100vw, 1000px\" \/><\/div>\n<div class=\"faktaruta-title\">Om unders\u00f6kningen<\/div><div class=\"faktaruta\">Framtidens Karri\u00e4r \u2013 It &amp; Data genomf\u00f6rde en unders\u00f6kning mot ett slumpm\u00e4ssigt urval av it\/dataingenj\u00f6rer och systemvetare 27 december 2018 \u2013 2 januari 2019. Statistisk felmarginal \u00e4r 2,5\u20134 procentenheter.<\/div>\n","protected":false},"excerpt":{"rendered":"<p>En stor majoritet av tillfr\u00e5gade it- och dataexperter kan t\u00e4nka sig att arbeta p\u00e5 en&#8230;<\/p>\n","protected":false},"author":3,"featured_media":5960,"comment_status":"closed","ping_status":"open","sticky":false,"template":"","format":"standard","meta":{"_acf_changed":false,"_monsterinsights_skip_tracking":false,"_monsterinsights_sitenote_active":false,"_monsterinsights_sitenote_note":"","_monsterinsights_sitenote_category":0,"footnotes":""},"categories":[1],"tags":[45,47,62,91,115,181,241],"class_list":["post-5957","post","type-post","status-publish","format-standard","has-post-thumbnail","hentry","category-artikel","tag-cyberforsvar","tag-cybersakerhet","tag-digitalisering","tag-forsvarsmakten","tag-informationssakerhet","tag-myndighet","tag-statligt"],"acf":[],"yoast_head":"<!-- This site is optimized with the Yoast SEO plugin v27.3 - https:\/\/yoast.com\/product\/yoast-seo-wordpress\/ -->\n<title>Svenska myndigheter i frontlinjen f\u00f6r digitalisering - Framtidens karri\u00e4r IT &amp; Data<\/title>\n<meta name=\"robots\" content=\"index, follow, max-snippet:-1, max-image-preview:large, max-video-preview:-1\" \/>\n<link rel=\"canonical\" href=\"https:\/\/framtidenskarriar.se\/itdata\/2019\/02\/13\/svenska-myndigheter-i-frontlinjen-for-digitalisering\/\" \/>\n<meta property=\"og:locale\" content=\"sv_SE\" \/>\n<meta property=\"og:type\" content=\"article\" \/>\n<meta property=\"og:title\" content=\"Svenska myndigheter i frontlinjen f\u00f6r digitalisering - Framtidens karri\u00e4r IT &amp; Data\" \/>\n<meta property=\"og:description\" content=\"En stor majoritet av tillfr\u00e5gade it- och dataexperter kan t\u00e4nka sig att arbeta p\u00e5 en...\" \/>\n<meta property=\"og:url\" content=\"https:\/\/framtidenskarriar.se\/itdata\/2019\/02\/13\/svenska-myndigheter-i-frontlinjen-for-digitalisering\/\" \/>\n<meta property=\"og:site_name\" content=\"Framtidens karri\u00e4r IT &amp; Data\" \/>\n<meta property=\"article:published_time\" content=\"2019-02-13T15:20:40+00:00\" \/>\n<meta property=\"og:image\" content=\"https:\/\/framtidenskarriar.se\/itdata\/wp-content\/uploads\/sites\/13\/2019\/02\/forsvar-mi-irveland2.jpg\" \/>\n\t<meta property=\"og:image:width\" content=\"1000\" \/>\n\t<meta property=\"og:image:height\" content=\"764\" \/>\n\t<meta property=\"og:image:type\" content=\"image\/jpeg\" \/>\n<meta name=\"author\" content=\"stellanstal\" \/>\n<meta name=\"twitter:card\" content=\"summary_large_image\" \/>\n<meta name=\"twitter:label1\" content=\"Skriven av\" \/>\n\t<meta name=\"twitter:data1\" content=\"stellanstal\" \/>\n\t<meta name=\"twitter:label2\" content=\"Ber\u00e4knad l\u00e4stid\" \/>\n\t<meta name=\"twitter:data2\" content=\"3 minuter\" \/>\n<script type=\"application\/ld+json\" class=\"yoast-schema-graph\">{\"@context\":\"https:\\\/\\\/schema.org\",\"@graph\":[{\"@type\":\"Article\",\"@id\":\"https:\\\/\\\/framtidenskarriar.se\\\/itdata\\\/2019\\\/02\\\/13\\\/svenska-myndigheter-i-frontlinjen-for-digitalisering\\\/#article\",\"isPartOf\":{\"@id\":\"https:\\\/\\\/framtidenskarriar.se\\\/itdata\\\/2019\\\/02\\\/13\\\/svenska-myndigheter-i-frontlinjen-for-digitalisering\\\/\"},\"author\":{\"name\":\"stellanstal\",\"@id\":\"https:\\\/\\\/framtidenskarriar.se\\\/itdata\\\/#\\\/schema\\\/person\\\/c8a43eb855191e573b73ecf8987a3b99\"},\"headline\":\"Svenska myndigheter i frontlinjen f\u00f6r digitalisering\",\"datePublished\":\"2019-02-13T15:20:40+00:00\",\"mainEntityOfPage\":{\"@id\":\"https:\\\/\\\/framtidenskarriar.se\\\/itdata\\\/2019\\\/02\\\/13\\\/svenska-myndigheter-i-frontlinjen-for-digitalisering\\\/\"},\"wordCount\":637,\"image\":{\"@id\":\"https:\\\/\\\/framtidenskarriar.se\\\/itdata\\\/2019\\\/02\\\/13\\\/svenska-myndigheter-i-frontlinjen-for-digitalisering\\\/#primaryimage\"},\"thumbnailUrl\":\"https:\\\/\\\/framtidenskarriar.se\\\/itdata\\\/wp-content\\\/uploads\\\/sites\\\/13\\\/2019\\\/02\\\/forsvar-mi-irveland2.jpg\",\"keywords\":[\"Cyberf\u00f6rsvar\",\"Cybers\u00e4kerhet\",\"Digitalisering\",\"F\u00f6rsvarsmakten\",\"Informationss\u00e4kerhet\",\"Myndighet\",\"Statligt\"],\"articleSection\":[\"Artikel\"],\"inLanguage\":\"sv-SE\"},{\"@type\":\"WebPage\",\"@id\":\"https:\\\/\\\/framtidenskarriar.se\\\/itdata\\\/2019\\\/02\\\/13\\\/svenska-myndigheter-i-frontlinjen-for-digitalisering\\\/\",\"url\":\"https:\\\/\\\/framtidenskarriar.se\\\/itdata\\\/2019\\\/02\\\/13\\\/svenska-myndigheter-i-frontlinjen-for-digitalisering\\\/\",\"name\":\"Svenska myndigheter i frontlinjen f\u00f6r digitalisering - Framtidens karri\u00e4r IT & Data\",\"isPartOf\":{\"@id\":\"https:\\\/\\\/framtidenskarriar.se\\\/itdata\\\/#website\"},\"primaryImageOfPage\":{\"@id\":\"https:\\\/\\\/framtidenskarriar.se\\\/itdata\\\/2019\\\/02\\\/13\\\/svenska-myndigheter-i-frontlinjen-for-digitalisering\\\/#primaryimage\"},\"image\":{\"@id\":\"https:\\\/\\\/framtidenskarriar.se\\\/itdata\\\/2019\\\/02\\\/13\\\/svenska-myndigheter-i-frontlinjen-for-digitalisering\\\/#primaryimage\"},\"thumbnailUrl\":\"https:\\\/\\\/framtidenskarriar.se\\\/itdata\\\/wp-content\\\/uploads\\\/sites\\\/13\\\/2019\\\/02\\\/forsvar-mi-irveland2.jpg\",\"datePublished\":\"2019-02-13T15:20:40+00:00\",\"author\":{\"@id\":\"https:\\\/\\\/framtidenskarriar.se\\\/itdata\\\/#\\\/schema\\\/person\\\/c8a43eb855191e573b73ecf8987a3b99\"},\"breadcrumb\":{\"@id\":\"https:\\\/\\\/framtidenskarriar.se\\\/itdata\\\/2019\\\/02\\\/13\\\/svenska-myndigheter-i-frontlinjen-for-digitalisering\\\/#breadcrumb\"},\"inLanguage\":\"sv-SE\",\"potentialAction\":[{\"@type\":\"ReadAction\",\"target\":[\"https:\\\/\\\/framtidenskarriar.se\\\/itdata\\\/2019\\\/02\\\/13\\\/svenska-myndigheter-i-frontlinjen-for-digitalisering\\\/\"]}]},{\"@type\":\"ImageObject\",\"inLanguage\":\"sv-SE\",\"@id\":\"https:\\\/\\\/framtidenskarriar.se\\\/itdata\\\/2019\\\/02\\\/13\\\/svenska-myndigheter-i-frontlinjen-for-digitalisering\\\/#primaryimage\",\"url\":\"https:\\\/\\\/framtidenskarriar.se\\\/itdata\\\/wp-content\\\/uploads\\\/sites\\\/13\\\/2019\\\/02\\\/forsvar-mi-irveland2.jpg\",\"contentUrl\":\"https:\\\/\\\/framtidenskarriar.se\\\/itdata\\\/wp-content\\\/uploads\\\/sites\\\/13\\\/2019\\\/02\\\/forsvar-mi-irveland2.jpg\",\"width\":1000,\"height\":764,\"caption\":\"Mi Irveland, sektionschef CIO-avdelningen p\u00e5 F\u00f6rsvarsmakten. Foto: H\u00e5kan M\u00e5lb\u00e4ck\"},{\"@type\":\"BreadcrumbList\",\"@id\":\"https:\\\/\\\/framtidenskarriar.se\\\/itdata\\\/2019\\\/02\\\/13\\\/svenska-myndigheter-i-frontlinjen-for-digitalisering\\\/#breadcrumb\",\"itemListElement\":[{\"@type\":\"ListItem\",\"position\":1,\"name\":\"Home\",\"item\":\"https:\\\/\\\/framtidenskarriar.se\\\/itdata\\\/\"},{\"@type\":\"ListItem\",\"position\":2,\"name\":\"Svenska myndigheter i frontlinjen f\u00f6r digitalisering\"}]},{\"@type\":\"WebSite\",\"@id\":\"https:\\\/\\\/framtidenskarriar.se\\\/itdata\\\/#website\",\"url\":\"https:\\\/\\\/framtidenskarriar.se\\\/itdata\\\/\",\"name\":\"Framtidens karri\u00e4r IT & Data\",\"description\":\"Just another NMDashboard.se Sites site\",\"potentialAction\":[{\"@type\":\"SearchAction\",\"target\":{\"@type\":\"EntryPoint\",\"urlTemplate\":\"https:\\\/\\\/framtidenskarriar.se\\\/itdata\\\/?s={search_term_string}\"},\"query-input\":{\"@type\":\"PropertyValueSpecification\",\"valueRequired\":true,\"valueName\":\"search_term_string\"}}],\"inLanguage\":\"sv-SE\"},{\"@type\":\"Person\",\"@id\":\"https:\\\/\\\/framtidenskarriar.se\\\/itdata\\\/#\\\/schema\\\/person\\\/c8a43eb855191e573b73ecf8987a3b99\",\"name\":\"stellanstal\",\"image\":{\"@type\":\"ImageObject\",\"inLanguage\":\"sv-SE\",\"@id\":\"https:\\\/\\\/secure.gravatar.com\\\/avatar\\\/cd330fa6bb17f598124b2068ee0b189e4fe0987a50af9d53b78410836060d0c9?s=96&d=mm&r=g\",\"url\":\"https:\\\/\\\/secure.gravatar.com\\\/avatar\\\/cd330fa6bb17f598124b2068ee0b189e4fe0987a50af9d53b78410836060d0c9?s=96&d=mm&r=g\",\"contentUrl\":\"https:\\\/\\\/secure.gravatar.com\\\/avatar\\\/cd330fa6bb17f598124b2068ee0b189e4fe0987a50af9d53b78410836060d0c9?s=96&d=mm&r=g\",\"caption\":\"stellanstal\"},\"url\":\"https:\\\/\\\/framtidenskarriar.se\\\/itdata\\\/author\\\/stellanstal\\\/\"}]}<\/script>\n<!-- \/ Yoast SEO plugin. -->","yoast_head_json":{"title":"Svenska myndigheter i frontlinjen f\u00f6r digitalisering - Framtidens karri\u00e4r IT & Data","robots":{"index":"index","follow":"follow","max-snippet":"max-snippet:-1","max-image-preview":"max-image-preview:large","max-video-preview":"max-video-preview:-1"},"canonical":"https:\/\/framtidenskarriar.se\/itdata\/2019\/02\/13\/svenska-myndigheter-i-frontlinjen-for-digitalisering\/","og_locale":"sv_SE","og_type":"article","og_title":"Svenska myndigheter i frontlinjen f\u00f6r digitalisering - Framtidens karri\u00e4r IT & Data","og_description":"En stor majoritet av tillfr\u00e5gade it- och dataexperter kan t\u00e4nka sig att arbeta p\u00e5 en...","og_url":"https:\/\/framtidenskarriar.se\/itdata\/2019\/02\/13\/svenska-myndigheter-i-frontlinjen-for-digitalisering\/","og_site_name":"Framtidens karri\u00e4r IT & Data","article_published_time":"2019-02-13T15:20:40+00:00","og_image":[{"width":1000,"height":764,"url":"https:\/\/framtidenskarriar.se\/itdata\/wp-content\/uploads\/sites\/13\/2019\/02\/forsvar-mi-irveland2.jpg","type":"image\/jpeg"}],"author":"stellanstal","twitter_card":"summary_large_image","twitter_misc":{"Skriven av":"stellanstal","Ber\u00e4knad l\u00e4stid":"3 minuter"},"schema":{"@context":"https:\/\/schema.org","@graph":[{"@type":"Article","@id":"https:\/\/framtidenskarriar.se\/itdata\/2019\/02\/13\/svenska-myndigheter-i-frontlinjen-for-digitalisering\/#article","isPartOf":{"@id":"https:\/\/framtidenskarriar.se\/itdata\/2019\/02\/13\/svenska-myndigheter-i-frontlinjen-for-digitalisering\/"},"author":{"name":"stellanstal","@id":"https:\/\/framtidenskarriar.se\/itdata\/#\/schema\/person\/c8a43eb855191e573b73ecf8987a3b99"},"headline":"Svenska myndigheter i frontlinjen f\u00f6r digitalisering","datePublished":"2019-02-13T15:20:40+00:00","mainEntityOfPage":{"@id":"https:\/\/framtidenskarriar.se\/itdata\/2019\/02\/13\/svenska-myndigheter-i-frontlinjen-for-digitalisering\/"},"wordCount":637,"image":{"@id":"https:\/\/framtidenskarriar.se\/itdata\/2019\/02\/13\/svenska-myndigheter-i-frontlinjen-for-digitalisering\/#primaryimage"},"thumbnailUrl":"https:\/\/framtidenskarriar.se\/itdata\/wp-content\/uploads\/sites\/13\/2019\/02\/forsvar-mi-irveland2.jpg","keywords":["Cyberf\u00f6rsvar","Cybers\u00e4kerhet","Digitalisering","F\u00f6rsvarsmakten","Informationss\u00e4kerhet","Myndighet","Statligt"],"articleSection":["Artikel"],"inLanguage":"sv-SE"},{"@type":"WebPage","@id":"https:\/\/framtidenskarriar.se\/itdata\/2019\/02\/13\/svenska-myndigheter-i-frontlinjen-for-digitalisering\/","url":"https:\/\/framtidenskarriar.se\/itdata\/2019\/02\/13\/svenska-myndigheter-i-frontlinjen-for-digitalisering\/","name":"Svenska myndigheter i frontlinjen f\u00f6r digitalisering - Framtidens karri\u00e4r IT & Data","isPartOf":{"@id":"https:\/\/framtidenskarriar.se\/itdata\/#website"},"primaryImageOfPage":{"@id":"https:\/\/framtidenskarriar.se\/itdata\/2019\/02\/13\/svenska-myndigheter-i-frontlinjen-for-digitalisering\/#primaryimage"},"image":{"@id":"https:\/\/framtidenskarriar.se\/itdata\/2019\/02\/13\/svenska-myndigheter-i-frontlinjen-for-digitalisering\/#primaryimage"},"thumbnailUrl":"https:\/\/framtidenskarriar.se\/itdata\/wp-content\/uploads\/sites\/13\/2019\/02\/forsvar-mi-irveland2.jpg","datePublished":"2019-02-13T15:20:40+00:00","author":{"@id":"https:\/\/framtidenskarriar.se\/itdata\/#\/schema\/person\/c8a43eb855191e573b73ecf8987a3b99"},"breadcrumb":{"@id":"https:\/\/framtidenskarriar.se\/itdata\/2019\/02\/13\/svenska-myndigheter-i-frontlinjen-for-digitalisering\/#breadcrumb"},"inLanguage":"sv-SE","potentialAction":[{"@type":"ReadAction","target":["https:\/\/framtidenskarriar.se\/itdata\/2019\/02\/13\/svenska-myndigheter-i-frontlinjen-for-digitalisering\/"]}]},{"@type":"ImageObject","inLanguage":"sv-SE","@id":"https:\/\/framtidenskarriar.se\/itdata\/2019\/02\/13\/svenska-myndigheter-i-frontlinjen-for-digitalisering\/#primaryimage","url":"https:\/\/framtidenskarriar.se\/itdata\/wp-content\/uploads\/sites\/13\/2019\/02\/forsvar-mi-irveland2.jpg","contentUrl":"https:\/\/framtidenskarriar.se\/itdata\/wp-content\/uploads\/sites\/13\/2019\/02\/forsvar-mi-irveland2.jpg","width":1000,"height":764,"caption":"Mi Irveland, sektionschef CIO-avdelningen p\u00e5 F\u00f6rsvarsmakten. Foto: H\u00e5kan M\u00e5lb\u00e4ck"},{"@type":"BreadcrumbList","@id":"https:\/\/framtidenskarriar.se\/itdata\/2019\/02\/13\/svenska-myndigheter-i-frontlinjen-for-digitalisering\/#breadcrumb","itemListElement":[{"@type":"ListItem","position":1,"name":"Home","item":"https:\/\/framtidenskarriar.se\/itdata\/"},{"@type":"ListItem","position":2,"name":"Svenska myndigheter i frontlinjen f\u00f6r digitalisering"}]},{"@type":"WebSite","@id":"https:\/\/framtidenskarriar.se\/itdata\/#website","url":"https:\/\/framtidenskarriar.se\/itdata\/","name":"Framtidens karri\u00e4r IT & Data","description":"Just another NMDashboard.se Sites site","potentialAction":[{"@type":"SearchAction","target":{"@type":"EntryPoint","urlTemplate":"https:\/\/framtidenskarriar.se\/itdata\/?s={search_term_string}"},"query-input":{"@type":"PropertyValueSpecification","valueRequired":true,"valueName":"search_term_string"}}],"inLanguage":"sv-SE"},{"@type":"Person","@id":"https:\/\/framtidenskarriar.se\/itdata\/#\/schema\/person\/c8a43eb855191e573b73ecf8987a3b99","name":"stellanstal","image":{"@type":"ImageObject","inLanguage":"sv-SE","@id":"https:\/\/secure.gravatar.com\/avatar\/cd330fa6bb17f598124b2068ee0b189e4fe0987a50af9d53b78410836060d0c9?s=96&d=mm&r=g","url":"https:\/\/secure.gravatar.com\/avatar\/cd330fa6bb17f598124b2068ee0b189e4fe0987a50af9d53b78410836060d0c9?s=96&d=mm&r=g","contentUrl":"https:\/\/secure.gravatar.com\/avatar\/cd330fa6bb17f598124b2068ee0b189e4fe0987a50af9d53b78410836060d0c9?s=96&d=mm&r=g","caption":"stellanstal"},"url":"https:\/\/framtidenskarriar.se\/itdata\/author\/stellanstal\/"}]}},"_links":{"self":[{"href":"https:\/\/framtidenskarriar.se\/itdata\/wp-json\/wp\/v2\/posts\/5957","targetHints":{"allow":["GET"]}}],"collection":[{"href":"https:\/\/framtidenskarriar.se\/itdata\/wp-json\/wp\/v2\/posts"}],"about":[{"href":"https:\/\/framtidenskarriar.se\/itdata\/wp-json\/wp\/v2\/types\/post"}],"author":[{"embeddable":true,"href":"https:\/\/framtidenskarriar.se\/itdata\/wp-json\/wp\/v2\/users\/3"}],"replies":[{"embeddable":true,"href":"https:\/\/framtidenskarriar.se\/itdata\/wp-json\/wp\/v2\/comments?post=5957"}],"version-history":[{"count":0,"href":"https:\/\/framtidenskarriar.se\/itdata\/wp-json\/wp\/v2\/posts\/5957\/revisions"}],"wp:featuredmedia":[{"embeddable":true,"href":"https:\/\/framtidenskarriar.se\/itdata\/wp-json\/wp\/v2\/media\/5960"}],"wp:attachment":[{"href":"https:\/\/framtidenskarriar.se\/itdata\/wp-json\/wp\/v2\/media?parent=5957"}],"wp:term":[{"taxonomy":"category","embeddable":true,"href":"https:\/\/framtidenskarriar.se\/itdata\/wp-json\/wp\/v2\/categories?post=5957"},{"taxonomy":"post_tag","embeddable":true,"href":"https:\/\/framtidenskarriar.se\/itdata\/wp-json\/wp\/v2\/tags?post=5957"}],"curies":[{"name":"wp","href":"https:\/\/api.w.org\/{rel}","templated":true}]}}