{"id":5967,"date":"2019-02-13T17:26:00","date_gmt":"2019-02-13T15:26:00","guid":{"rendered":"http:\/\/framtidenskarriar.se\/itdata\/?p=5967"},"modified":"2019-02-13T17:26:00","modified_gmt":"2019-02-13T15:26:00","slug":"digital-transformation-i-svensk-industri","status":"publish","type":"post","link":"https:\/\/framtidenskarriar.se\/itdata\/2019\/02\/13\/digital-transformation-i-svensk-industri\/","title":{"rendered":"Digital transformation i svensk industri"},"content":{"rendered":"<p><figure id=\"attachment_5968\" aria-describedby=\"caption-attachment-5968\" style=\"width: 1000px\" class=\"wp-caption alignnone\"><img loading=\"lazy\" decoding=\"async\" src=\"https:\/\/framtidenskarriar.se\/itdata\/wp-content\/uploads\/sites\/13\/2019\/02\/industri2-petra-sundstrom-husqvarna.jpg\" alt=\"Petra Sundstr\u00f6m, ordf\u00f6rande f\u00f6r IoT Sverige.\" width=\"1000\" height=\"667\" class=\"size-full wp-image-5968\" srcset=\"https:\/\/framtidenskarriar.se\/itdata\/wp-content\/uploads\/sites\/13\/2019\/02\/industri2-petra-sundstrom-husqvarna.jpg 1000w, https:\/\/framtidenskarriar.se\/itdata\/wp-content\/uploads\/sites\/13\/2019\/02\/industri2-petra-sundstrom-husqvarna-300x200.jpg 300w, https:\/\/framtidenskarriar.se\/itdata\/wp-content\/uploads\/sites\/13\/2019\/02\/industri2-petra-sundstrom-husqvarna-768x512.jpg 768w, https:\/\/framtidenskarriar.se\/itdata\/wp-content\/uploads\/sites\/13\/2019\/02\/industri2-petra-sundstrom-husqvarna-240x160.jpg 240w, https:\/\/framtidenskarriar.se\/itdata\/wp-content\/uploads\/sites\/13\/2019\/02\/industri2-petra-sundstrom-husqvarna-526x351.jpg 526w, https:\/\/framtidenskarriar.se\/itdata\/wp-content\/uploads\/sites\/13\/2019\/02\/industri2-petra-sundstrom-husqvarna-720x480.jpg 720w, https:\/\/framtidenskarriar.se\/itdata\/wp-content\/uploads\/sites\/13\/2019\/02\/industri2-petra-sundstrom-husqvarna-960x640.jpg 960w\" sizes=\"auto, (max-width: 1000px) 100vw, 1000px\" \/><figcaption id=\"caption-attachment-5968\" class=\"wp-caption-text\">Petra Sundstr\u00f6m, ordf\u00f6rande f\u00f6r IoT Sverige.<\/figcaption><\/figure><strong>Det \u00e4r l\u00e4nge sedan it var en separat funktion som st\u00f6ttade produktion och aff\u00e4rer i den svenska industrin. Idag blir IoT och AI alltmer integrerade i hela verksamheten. Nu kr\u00e4vs proaktiva beslut, s\u00e5 att digitaliseringen av industrin och samh\u00e4llet i stort m\u00f6ter verkliga framtida behov.<\/strong><\/p>\n<p>De stora svenska industrif\u00f6retagen ligger betydligt l\u00e4ngre fram i sin digitalisering \u00e4n vad m\u00e5nga, till och med it-ingenj\u00f6rer, inser. Det menar Petra Sundstr\u00f6m, Head of Digital Business Development Crushing and Screening p\u00e5 Sandvik. Hon \u00e4r inte f\u00f6rv\u00e5nad att ett tungt industribolag som Sandvik rankas l\u00e5gt p\u00e5 listan av f\u00f6retag som it-specialister tror ligger i framkant i den digitala utvecklingen.<br \/>\n\u2013 De traditionella svenska industrif\u00f6retagen \u00e4r k\u00e4nda f\u00f6r sina framg\u00e5ngsrika produkter men m\u00e5nga m\u00e4nniskor har inte f\u00f6rst\u00e5tt vilken oerh\u00f6rd digital transformation som skett under senare \u00e5r. Generellt var svenska f\u00f6retag lite l\u00e5ngsamma i starten, men nu har de vaknat. AI \u00e4r inte n\u00e5got som kan bli verklighet i framtiden, det \u00e4r n\u00e5got vi jobbar med h\u00e4r och nu och n\u00e5got som \u00e4r relevant i alla processer och produkter. Men vi kan nog bli b\u00e4ttre p\u00e5 att ber\u00e4tta om v\u00e5r digitala resa, s\u00e4ger hon.<br \/>\n\u2013 Det g\u00e4ller inte minst ett f\u00f6retag som Sandvik, vars produkter \u00e4r stora och dyra. Det kostar kunderna oerh\u00f6rda summor om det skulle bli ett driftsstopp. D\u00e4rf\u00f6r har de h\u00f6ga f\u00f6rv\u00e4ntningar p\u00e5 oss att vi genom AI och IoT kan underh\u00e5lla och reparera maskinerna och f\u00f6rutse n\u00e4r olika delar kan beh\u00f6va bytas ut. Avancerad data blir ett klister mellan akt\u00f6rer, behov och tj\u00e4nster. <\/p>\n<p><strong>Titta p\u00e5 verkliga behov<\/strong><br \/>\nPetra Sundstr\u00f6m \u00e4r ocks\u00e5 ordf\u00f6rande f\u00f6r IoT Sverige, som \u00e4r ett strategiskt innovationsprogram som initierats av Vinnova och Formas. Syftet \u00e4r att fr\u00e4mja innovativ IoT i offentlig sektor i samarbete med svenska f\u00f6retag. Idag finns hubbar i 13 svenska kommuner.<br \/>\n\u2013 Det h\u00e4nder mycket inom exempelvis v\u00e4lf\u00e4rden vad g\u00e4ller att utnyttja ny teknik. Med den snabba utvecklingen av digitala l\u00f6sningar \u00e4r det v\u00e4sentligt att s\u00e5v\u00e4l samh\u00e4llet som n\u00e4ringslivet \u00e4r proaktiva och tittar p\u00e5 verkligheten f\u00f6r att definiera behoven utifr\u00e5n den. F\u00f6r detta kr\u00e4vs multidisciplin\u00e4r kompetens. Det \u00e4r vi m\u00e4nniskor som ska forma framtidsl\u00f6sningarna, inte teknologin som ska styra oss, s\u00e4ger hon. <\/p>\n<p><strong>M\u00e5nga utmaningar<\/strong><br \/>\nMed digitaliseringen kommer stora m\u00f6jligheter, men ocks\u00e5 utmaningar, framh\u00e5ller Petra Sundstr\u00f6m. En \u00e4r att de stora it-bolagen, med sina plattformar, finns i USA och Asien, framf\u00f6r allt Kina, inte i Europa.<br \/>\n\u2013 Politiker och f\u00f6retagsledare m\u00e5ste fundera p\u00e5 vad det kan f\u00e5 f\u00f6r konsekvenser. Det \u00e4r en varningsklocka att avancerad it, som integreras i v\u00e5ra samh\u00e4llen och industrier, \u00e4r beroende av plattformar som \u00e4gs utanf\u00f6r EU. Idag vet vi inte om det kan bli ett problem, men det \u00e4r definitivt n\u00e5got som m\u00e5ste analyseras.<br \/>\nEn annan utmaning \u00e4r f\u00f6r f\u00f6retag och offentlig sektor att f\u00f6rnya sina organisationsmodeller och sitt ledarskap f\u00f6r att passa en digitaliserad milj\u00f6. Klassiska hierarkier och silot\u00e4nkande fungerar inte n\u00e4r alla processer blir sammanl\u00e4nkande.<br \/>\n\u2013 Vi m\u00e5ste v\u00e5ga t\u00e4nka i helt nya banor och skapa matrisorganisationer, som bygger p\u00e5 samarbete mellan funktioner, snarare \u00e4n separata enheter. Digitalisering p\u00e5verkar alla delar och alla m\u00e4nniskor i en organisation och det \u00e4r h\u00f6g tid att v\u00e5ga pr\u00f6va nya modeller och nya s\u00e4tt att arbeta.<\/p>\n","protected":false},"excerpt":{"rendered":"<p>Det \u00e4r l\u00e4nge sedan it var en separat funktion som st\u00f6ttade produktion och aff\u00e4rer i&#8230;<\/p>\n","protected":false},"author":3,"featured_media":5968,"comment_status":"closed","ping_status":"open","sticky":false,"template":"","format":"standard","meta":{"_acf_changed":false,"_monsterinsights_skip_tracking":false,"_monsterinsights_sitenote_active":false,"_monsterinsights_sitenote_note":"","_monsterinsights_sitenote_category":0,"footnotes":""},"categories":[1],"tags":[20,62,110,121,122,224,261],"class_list":["post-5967","post","type-post","status-publish","format-standard","has-post-thumbnail","hentry","category-artikel","tag-ai","tag-digitalisering","tag-industri","tag-iot","tag-iot-sverige","tag-sandvik","tag-utmaningar"],"acf":[],"yoast_head":"<!-- This site is optimized with the Yoast SEO plugin v27.3 - https:\/\/yoast.com\/product\/yoast-seo-wordpress\/ -->\n<title>Digital transformation i svensk industri - Framtidens karri\u00e4r IT &amp; Data<\/title>\n<meta name=\"robots\" content=\"index, follow, max-snippet:-1, max-image-preview:large, max-video-preview:-1\" \/>\n<link rel=\"canonical\" href=\"https:\/\/framtidenskarriar.se\/itdata\/2019\/02\/13\/digital-transformation-i-svensk-industri\/\" \/>\n<meta property=\"og:locale\" content=\"sv_SE\" \/>\n<meta property=\"og:type\" content=\"article\" \/>\n<meta property=\"og:title\" content=\"Digital transformation i svensk industri - Framtidens karri\u00e4r IT &amp; Data\" \/>\n<meta property=\"og:description\" content=\"Det \u00e4r l\u00e4nge sedan it var en separat funktion som st\u00f6ttade produktion och aff\u00e4rer i...\" \/>\n<meta property=\"og:url\" content=\"https:\/\/framtidenskarriar.se\/itdata\/2019\/02\/13\/digital-transformation-i-svensk-industri\/\" \/>\n<meta property=\"og:site_name\" content=\"Framtidens karri\u00e4r IT &amp; Data\" \/>\n<meta property=\"article:published_time\" content=\"2019-02-13T15:26:00+00:00\" \/>\n<meta property=\"og:image\" content=\"https:\/\/framtidenskarriar.se\/itdata\/wp-content\/uploads\/sites\/13\/2019\/02\/industri2-petra-sundstrom-husqvarna.jpg\" \/>\n\t<meta property=\"og:image:width\" content=\"1000\" \/>\n\t<meta property=\"og:image:height\" content=\"667\" \/>\n\t<meta property=\"og:image:type\" content=\"image\/jpeg\" \/>\n<meta name=\"author\" content=\"stellanstal\" \/>\n<meta name=\"twitter:card\" content=\"summary_large_image\" \/>\n<meta name=\"twitter:label1\" content=\"Skriven av\" \/>\n\t<meta name=\"twitter:data1\" content=\"stellanstal\" \/>\n\t<meta name=\"twitter:label2\" content=\"Ber\u00e4knad l\u00e4stid\" \/>\n\t<meta name=\"twitter:data2\" content=\"3 minuter\" \/>\n<script type=\"application\/ld+json\" class=\"yoast-schema-graph\">{\"@context\":\"https:\\\/\\\/schema.org\",\"@graph\":[{\"@type\":\"Article\",\"@id\":\"https:\\\/\\\/framtidenskarriar.se\\\/itdata\\\/2019\\\/02\\\/13\\\/digital-transformation-i-svensk-industri\\\/#article\",\"isPartOf\":{\"@id\":\"https:\\\/\\\/framtidenskarriar.se\\\/itdata\\\/2019\\\/02\\\/13\\\/digital-transformation-i-svensk-industri\\\/\"},\"author\":{\"name\":\"stellanstal\",\"@id\":\"https:\\\/\\\/framtidenskarriar.se\\\/itdata\\\/#\\\/schema\\\/person\\\/c8a43eb855191e573b73ecf8987a3b99\"},\"headline\":\"Digital transformation i svensk industri\",\"datePublished\":\"2019-02-13T15:26:00+00:00\",\"mainEntityOfPage\":{\"@id\":\"https:\\\/\\\/framtidenskarriar.se\\\/itdata\\\/2019\\\/02\\\/13\\\/digital-transformation-i-svensk-industri\\\/\"},\"wordCount\":636,\"image\":{\"@id\":\"https:\\\/\\\/framtidenskarriar.se\\\/itdata\\\/2019\\\/02\\\/13\\\/digital-transformation-i-svensk-industri\\\/#primaryimage\"},\"thumbnailUrl\":\"https:\\\/\\\/framtidenskarriar.se\\\/itdata\\\/wp-content\\\/uploads\\\/sites\\\/13\\\/2019\\\/02\\\/industri2-petra-sundstrom-husqvarna.jpg\",\"keywords\":[\"AI\",\"Digitalisering\",\"Industri\",\"IoT\",\"IoT Sverige\",\"Sandvik\",\"Utmaningar\"],\"articleSection\":[\"Artikel\"],\"inLanguage\":\"sv-SE\"},{\"@type\":\"WebPage\",\"@id\":\"https:\\\/\\\/framtidenskarriar.se\\\/itdata\\\/2019\\\/02\\\/13\\\/digital-transformation-i-svensk-industri\\\/\",\"url\":\"https:\\\/\\\/framtidenskarriar.se\\\/itdata\\\/2019\\\/02\\\/13\\\/digital-transformation-i-svensk-industri\\\/\",\"name\":\"Digital transformation i svensk industri - Framtidens karri\u00e4r IT & Data\",\"isPartOf\":{\"@id\":\"https:\\\/\\\/framtidenskarriar.se\\\/itdata\\\/#website\"},\"primaryImageOfPage\":{\"@id\":\"https:\\\/\\\/framtidenskarriar.se\\\/itdata\\\/2019\\\/02\\\/13\\\/digital-transformation-i-svensk-industri\\\/#primaryimage\"},\"image\":{\"@id\":\"https:\\\/\\\/framtidenskarriar.se\\\/itdata\\\/2019\\\/02\\\/13\\\/digital-transformation-i-svensk-industri\\\/#primaryimage\"},\"thumbnailUrl\":\"https:\\\/\\\/framtidenskarriar.se\\\/itdata\\\/wp-content\\\/uploads\\\/sites\\\/13\\\/2019\\\/02\\\/industri2-petra-sundstrom-husqvarna.jpg\",\"datePublished\":\"2019-02-13T15:26:00+00:00\",\"author\":{\"@id\":\"https:\\\/\\\/framtidenskarriar.se\\\/itdata\\\/#\\\/schema\\\/person\\\/c8a43eb855191e573b73ecf8987a3b99\"},\"breadcrumb\":{\"@id\":\"https:\\\/\\\/framtidenskarriar.se\\\/itdata\\\/2019\\\/02\\\/13\\\/digital-transformation-i-svensk-industri\\\/#breadcrumb\"},\"inLanguage\":\"sv-SE\",\"potentialAction\":[{\"@type\":\"ReadAction\",\"target\":[\"https:\\\/\\\/framtidenskarriar.se\\\/itdata\\\/2019\\\/02\\\/13\\\/digital-transformation-i-svensk-industri\\\/\"]}]},{\"@type\":\"ImageObject\",\"inLanguage\":\"sv-SE\",\"@id\":\"https:\\\/\\\/framtidenskarriar.se\\\/itdata\\\/2019\\\/02\\\/13\\\/digital-transformation-i-svensk-industri\\\/#primaryimage\",\"url\":\"https:\\\/\\\/framtidenskarriar.se\\\/itdata\\\/wp-content\\\/uploads\\\/sites\\\/13\\\/2019\\\/02\\\/industri2-petra-sundstrom-husqvarna.jpg\",\"contentUrl\":\"https:\\\/\\\/framtidenskarriar.se\\\/itdata\\\/wp-content\\\/uploads\\\/sites\\\/13\\\/2019\\\/02\\\/industri2-petra-sundstrom-husqvarna.jpg\",\"width\":1000,\"height\":667,\"caption\":\"Petra Sundstr\u00f6m, ordf\u00f6rande f\u00f6r IoT Sverige.\"},{\"@type\":\"BreadcrumbList\",\"@id\":\"https:\\\/\\\/framtidenskarriar.se\\\/itdata\\\/2019\\\/02\\\/13\\\/digital-transformation-i-svensk-industri\\\/#breadcrumb\",\"itemListElement\":[{\"@type\":\"ListItem\",\"position\":1,\"name\":\"Home\",\"item\":\"https:\\\/\\\/framtidenskarriar.se\\\/itdata\\\/\"},{\"@type\":\"ListItem\",\"position\":2,\"name\":\"Digital transformation i svensk industri\"}]},{\"@type\":\"WebSite\",\"@id\":\"https:\\\/\\\/framtidenskarriar.se\\\/itdata\\\/#website\",\"url\":\"https:\\\/\\\/framtidenskarriar.se\\\/itdata\\\/\",\"name\":\"Framtidens karri\u00e4r IT & Data\",\"description\":\"Just another NMDashboard.se Sites site\",\"potentialAction\":[{\"@type\":\"SearchAction\",\"target\":{\"@type\":\"EntryPoint\",\"urlTemplate\":\"https:\\\/\\\/framtidenskarriar.se\\\/itdata\\\/?s={search_term_string}\"},\"query-input\":{\"@type\":\"PropertyValueSpecification\",\"valueRequired\":true,\"valueName\":\"search_term_string\"}}],\"inLanguage\":\"sv-SE\"},{\"@type\":\"Person\",\"@id\":\"https:\\\/\\\/framtidenskarriar.se\\\/itdata\\\/#\\\/schema\\\/person\\\/c8a43eb855191e573b73ecf8987a3b99\",\"name\":\"stellanstal\",\"image\":{\"@type\":\"ImageObject\",\"inLanguage\":\"sv-SE\",\"@id\":\"https:\\\/\\\/secure.gravatar.com\\\/avatar\\\/cd330fa6bb17f598124b2068ee0b189e4fe0987a50af9d53b78410836060d0c9?s=96&d=mm&r=g\",\"url\":\"https:\\\/\\\/secure.gravatar.com\\\/avatar\\\/cd330fa6bb17f598124b2068ee0b189e4fe0987a50af9d53b78410836060d0c9?s=96&d=mm&r=g\",\"contentUrl\":\"https:\\\/\\\/secure.gravatar.com\\\/avatar\\\/cd330fa6bb17f598124b2068ee0b189e4fe0987a50af9d53b78410836060d0c9?s=96&d=mm&r=g\",\"caption\":\"stellanstal\"},\"url\":\"https:\\\/\\\/framtidenskarriar.se\\\/itdata\\\/author\\\/stellanstal\\\/\"}]}<\/script>\n<!-- \/ Yoast SEO plugin. -->","yoast_head_json":{"title":"Digital transformation i svensk industri - Framtidens karri\u00e4r IT & Data","robots":{"index":"index","follow":"follow","max-snippet":"max-snippet:-1","max-image-preview":"max-image-preview:large","max-video-preview":"max-video-preview:-1"},"canonical":"https:\/\/framtidenskarriar.se\/itdata\/2019\/02\/13\/digital-transformation-i-svensk-industri\/","og_locale":"sv_SE","og_type":"article","og_title":"Digital transformation i svensk industri - Framtidens karri\u00e4r IT & Data","og_description":"Det \u00e4r l\u00e4nge sedan it var en separat funktion som st\u00f6ttade produktion och aff\u00e4rer i...","og_url":"https:\/\/framtidenskarriar.se\/itdata\/2019\/02\/13\/digital-transformation-i-svensk-industri\/","og_site_name":"Framtidens karri\u00e4r IT & Data","article_published_time":"2019-02-13T15:26:00+00:00","og_image":[{"width":1000,"height":667,"url":"https:\/\/framtidenskarriar.se\/itdata\/wp-content\/uploads\/sites\/13\/2019\/02\/industri2-petra-sundstrom-husqvarna.jpg","type":"image\/jpeg"}],"author":"stellanstal","twitter_card":"summary_large_image","twitter_misc":{"Skriven av":"stellanstal","Ber\u00e4knad l\u00e4stid":"3 minuter"},"schema":{"@context":"https:\/\/schema.org","@graph":[{"@type":"Article","@id":"https:\/\/framtidenskarriar.se\/itdata\/2019\/02\/13\/digital-transformation-i-svensk-industri\/#article","isPartOf":{"@id":"https:\/\/framtidenskarriar.se\/itdata\/2019\/02\/13\/digital-transformation-i-svensk-industri\/"},"author":{"name":"stellanstal","@id":"https:\/\/framtidenskarriar.se\/itdata\/#\/schema\/person\/c8a43eb855191e573b73ecf8987a3b99"},"headline":"Digital transformation i svensk industri","datePublished":"2019-02-13T15:26:00+00:00","mainEntityOfPage":{"@id":"https:\/\/framtidenskarriar.se\/itdata\/2019\/02\/13\/digital-transformation-i-svensk-industri\/"},"wordCount":636,"image":{"@id":"https:\/\/framtidenskarriar.se\/itdata\/2019\/02\/13\/digital-transformation-i-svensk-industri\/#primaryimage"},"thumbnailUrl":"https:\/\/framtidenskarriar.se\/itdata\/wp-content\/uploads\/sites\/13\/2019\/02\/industri2-petra-sundstrom-husqvarna.jpg","keywords":["AI","Digitalisering","Industri","IoT","IoT Sverige","Sandvik","Utmaningar"],"articleSection":["Artikel"],"inLanguage":"sv-SE"},{"@type":"WebPage","@id":"https:\/\/framtidenskarriar.se\/itdata\/2019\/02\/13\/digital-transformation-i-svensk-industri\/","url":"https:\/\/framtidenskarriar.se\/itdata\/2019\/02\/13\/digital-transformation-i-svensk-industri\/","name":"Digital transformation i svensk industri - Framtidens karri\u00e4r IT & Data","isPartOf":{"@id":"https:\/\/framtidenskarriar.se\/itdata\/#website"},"primaryImageOfPage":{"@id":"https:\/\/framtidenskarriar.se\/itdata\/2019\/02\/13\/digital-transformation-i-svensk-industri\/#primaryimage"},"image":{"@id":"https:\/\/framtidenskarriar.se\/itdata\/2019\/02\/13\/digital-transformation-i-svensk-industri\/#primaryimage"},"thumbnailUrl":"https:\/\/framtidenskarriar.se\/itdata\/wp-content\/uploads\/sites\/13\/2019\/02\/industri2-petra-sundstrom-husqvarna.jpg","datePublished":"2019-02-13T15:26:00+00:00","author":{"@id":"https:\/\/framtidenskarriar.se\/itdata\/#\/schema\/person\/c8a43eb855191e573b73ecf8987a3b99"},"breadcrumb":{"@id":"https:\/\/framtidenskarriar.se\/itdata\/2019\/02\/13\/digital-transformation-i-svensk-industri\/#breadcrumb"},"inLanguage":"sv-SE","potentialAction":[{"@type":"ReadAction","target":["https:\/\/framtidenskarriar.se\/itdata\/2019\/02\/13\/digital-transformation-i-svensk-industri\/"]}]},{"@type":"ImageObject","inLanguage":"sv-SE","@id":"https:\/\/framtidenskarriar.se\/itdata\/2019\/02\/13\/digital-transformation-i-svensk-industri\/#primaryimage","url":"https:\/\/framtidenskarriar.se\/itdata\/wp-content\/uploads\/sites\/13\/2019\/02\/industri2-petra-sundstrom-husqvarna.jpg","contentUrl":"https:\/\/framtidenskarriar.se\/itdata\/wp-content\/uploads\/sites\/13\/2019\/02\/industri2-petra-sundstrom-husqvarna.jpg","width":1000,"height":667,"caption":"Petra Sundstr\u00f6m, ordf\u00f6rande f\u00f6r IoT Sverige."},{"@type":"BreadcrumbList","@id":"https:\/\/framtidenskarriar.se\/itdata\/2019\/02\/13\/digital-transformation-i-svensk-industri\/#breadcrumb","itemListElement":[{"@type":"ListItem","position":1,"name":"Home","item":"https:\/\/framtidenskarriar.se\/itdata\/"},{"@type":"ListItem","position":2,"name":"Digital transformation i svensk industri"}]},{"@type":"WebSite","@id":"https:\/\/framtidenskarriar.se\/itdata\/#website","url":"https:\/\/framtidenskarriar.se\/itdata\/","name":"Framtidens karri\u00e4r IT & Data","description":"Just another NMDashboard.se Sites site","potentialAction":[{"@type":"SearchAction","target":{"@type":"EntryPoint","urlTemplate":"https:\/\/framtidenskarriar.se\/itdata\/?s={search_term_string}"},"query-input":{"@type":"PropertyValueSpecification","valueRequired":true,"valueName":"search_term_string"}}],"inLanguage":"sv-SE"},{"@type":"Person","@id":"https:\/\/framtidenskarriar.se\/itdata\/#\/schema\/person\/c8a43eb855191e573b73ecf8987a3b99","name":"stellanstal","image":{"@type":"ImageObject","inLanguage":"sv-SE","@id":"https:\/\/secure.gravatar.com\/avatar\/cd330fa6bb17f598124b2068ee0b189e4fe0987a50af9d53b78410836060d0c9?s=96&d=mm&r=g","url":"https:\/\/secure.gravatar.com\/avatar\/cd330fa6bb17f598124b2068ee0b189e4fe0987a50af9d53b78410836060d0c9?s=96&d=mm&r=g","contentUrl":"https:\/\/secure.gravatar.com\/avatar\/cd330fa6bb17f598124b2068ee0b189e4fe0987a50af9d53b78410836060d0c9?s=96&d=mm&r=g","caption":"stellanstal"},"url":"https:\/\/framtidenskarriar.se\/itdata\/author\/stellanstal\/"}]}},"_links":{"self":[{"href":"https:\/\/framtidenskarriar.se\/itdata\/wp-json\/wp\/v2\/posts\/5967","targetHints":{"allow":["GET"]}}],"collection":[{"href":"https:\/\/framtidenskarriar.se\/itdata\/wp-json\/wp\/v2\/posts"}],"about":[{"href":"https:\/\/framtidenskarriar.se\/itdata\/wp-json\/wp\/v2\/types\/post"}],"author":[{"embeddable":true,"href":"https:\/\/framtidenskarriar.se\/itdata\/wp-json\/wp\/v2\/users\/3"}],"replies":[{"embeddable":true,"href":"https:\/\/framtidenskarriar.se\/itdata\/wp-json\/wp\/v2\/comments?post=5967"}],"version-history":[{"count":0,"href":"https:\/\/framtidenskarriar.se\/itdata\/wp-json\/wp\/v2\/posts\/5967\/revisions"}],"wp:featuredmedia":[{"embeddable":true,"href":"https:\/\/framtidenskarriar.se\/itdata\/wp-json\/wp\/v2\/media\/5968"}],"wp:attachment":[{"href":"https:\/\/framtidenskarriar.se\/itdata\/wp-json\/wp\/v2\/media?parent=5967"}],"wp:term":[{"taxonomy":"category","embeddable":true,"href":"https:\/\/framtidenskarriar.se\/itdata\/wp-json\/wp\/v2\/categories?post=5967"},{"taxonomy":"post_tag","embeddable":true,"href":"https:\/\/framtidenskarriar.se\/itdata\/wp-json\/wp\/v2\/tags?post=5967"}],"curies":[{"name":"wp","href":"https:\/\/api.w.org\/{rel}","templated":true}]}}