{"id":5977,"date":"2019-02-13T17:33:52","date_gmt":"2019-02-13T15:33:52","guid":{"rendered":"http:\/\/framtidenskarriar.se\/itdata\/?p=5977"},"modified":"2019-02-13T17:33:52","modified_gmt":"2019-02-13T15:33:52","slug":"ai-forandrar-hela-var-varld","status":"publish","type":"post","link":"https:\/\/framtidenskarriar.se\/itdata\/2019\/02\/13\/ai-forandrar-hela-var-varld\/","title":{"rendered":"AI f\u00f6r\u00e4ndrar hela v\u00e5r v\u00e4rld"},"content":{"rendered":"<p><figure id=\"attachment_5978\" aria-describedby=\"caption-attachment-5978\" style=\"width: 1000px\" class=\"wp-caption alignnone\"><img loading=\"lazy\" decoding=\"async\" src=\"https:\/\/framtidenskarriar.se\/itdata\/wp-content\/uploads\/sites\/13\/2019\/02\/ai3-sscc-businessforum2019-2154-hr.jpg\" alt=\"Kye Andersson, Head of Communications p\u00e5 Peltarion och delegat i Swedish AI Council, Damian Borth, AI Professor, University of St. Gallen, Annika Schr\u00f6der, Executive Director, UBS Group Technology, Otto Preiss, COO Digital p\u00e5 ABB, Dennis Nobelius, CEO p\u00e5 Zenuity.\" width=\"1000\" height=\"598\" class=\"size-full wp-image-5978\" srcset=\"https:\/\/framtidenskarriar.se\/itdata\/wp-content\/uploads\/sites\/13\/2019\/02\/ai3-sscc-businessforum2019-2154-hr.jpg 1000w, https:\/\/framtidenskarriar.se\/itdata\/wp-content\/uploads\/sites\/13\/2019\/02\/ai3-sscc-businessforum2019-2154-hr-300x179.jpg 300w, https:\/\/framtidenskarriar.se\/itdata\/wp-content\/uploads\/sites\/13\/2019\/02\/ai3-sscc-businessforum2019-2154-hr-768x459.jpg 768w, https:\/\/framtidenskarriar.se\/itdata\/wp-content\/uploads\/sites\/13\/2019\/02\/ai3-sscc-businessforum2019-2154-hr-268x160.jpg 268w, https:\/\/framtidenskarriar.se\/itdata\/wp-content\/uploads\/sites\/13\/2019\/02\/ai3-sscc-businessforum2019-2154-hr-526x315.jpg 526w, https:\/\/framtidenskarriar.se\/itdata\/wp-content\/uploads\/sites\/13\/2019\/02\/ai3-sscc-businessforum2019-2154-hr-720x431.jpg 720w, https:\/\/framtidenskarriar.se\/itdata\/wp-content\/uploads\/sites\/13\/2019\/02\/ai3-sscc-businessforum2019-2154-hr-960x574.jpg 960w\" sizes=\"auto, (max-width: 1000px) 100vw, 1000px\" \/><figcaption id=\"caption-attachment-5978\" class=\"wp-caption-text\">Kye Andersson, Head of Communications p\u00e5 Peltarion och delegat i Swedish AI Council, Damian Borth, AI Professor, University of St. Gallen, Annika Schr\u00f6der, Executive Director, UBS Group Technology, Otto Preiss, COO Digital p\u00e5 ABB, Dennis Nobelius, CEO p\u00e5 Zenuity.<\/figcaption><\/figure><strong>AI kommer att f\u00f6r\u00e4ndra v\u00e5r v\u00e4rld mer \u00e4n n\u00e5gon annan teknologi n\u00e5gonsin har gjort. Den kommer att f\u00f6rb\u00e4ttra livet f\u00f6r flera miljarder m\u00e4nniskor, och vi kommer att kunna g\u00f6ra saker som vi inte trodde var m\u00f6jliga. <\/strong><\/p>\n<p>Det \u00e4r en sammanfattning av budskapet fr\u00e5n ledande experter inom AI p\u00e5 eventet Artificial Intelligence \u2013 Turning into Reality som arrangerades i Z\u00fcrich av Svenska Handelskammaren i Schweiz den 31 januari.<br \/>\n\u2013 De flesta \u00e4r \u00f6verens om att AI kommer att \u00e4ndra p\u00e5 allt. En person p\u00e5 Google har sagt att AI blir st\u00f6rre \u00e4n elektricitet och eld. Kanske \u00e4r han galen. Men ju mer man tittar p\u00e5 det, desto mindre galet verkar det, sade Kye Andersson, Head of Communications p\u00e5 Peltarion och delegat i Swedish AI Council.<\/p>\n<p><strong>Sj\u00e4lvk\u00f6rande bilar<\/strong><br \/>\nEtt omr\u00e5de som AI kommer att p\u00e5verka \u00e4r sj\u00e4lvk\u00f6rande bilar, n\u00e5got som Dennis Nobe\u00adlius, CEO p\u00e5 Zenuity, redogjorde f\u00f6r. En sj\u00e4lvk\u00f6rande bil har mycket stor datorkraft. Den anv\u00e4nder neurala n\u00e4tverk f\u00f6r att f\u00f6rst\u00e5 omv\u00e4rlden. Det inneb\u00e4r att n\u00e4tverken \u00e4r grunden f\u00f6r bilens position p\u00e5 v\u00e4gen.<br \/>\nF\u00f6r att klara av allt det h\u00e4r \u00e4r bilen utrustad med en m\u00e4ngd sensorer, kameror, radar, laser, GPS-mottagare och en superdator. Bilen kommunicerar ocks\u00e5 med servicefunktioner i molnet.<br \/>\n\u2013 I arbetet med att utveckla sj\u00e4lvk\u00f6rande bilar \u00e4r en mycket h\u00f6g s\u00e4kerhet det allra viktigaste, sade han. Det finns ocks\u00e5 etiska aspekter som man m\u00e5ste ta h\u00e4nsyn till.<\/p>\n<p><strong>Autonoma system<\/strong><br \/>\nEnligt Otto Preiss, Chief Operating Officer Digital, ABB, kommer AI att leverera v\u00e4rde till varje enskild del av ett f\u00f6retags v\u00e4rdekedja.<br \/>\n\u2013 AI \u00e4r nyckeln till att v\u00e5r vision blir verklighet, sade han. Visionen \u00e4r att ge muskler till industriella processer. Med AI g\u00f6r vi detta genom att b\u00f6rja anv\u00e4nda autonoma system. Ig\u00e5r skapade vi system genom programmering. Idag l\u00e4r vi systemen vad de ska g\u00f6ra. Imorgon l\u00e4r systemen sig sj\u00e4lva vad de ska g\u00f6ra.<\/p>\n<p><strong>Idealiska investeringsstrategier<\/strong><br \/>\nAnnika Schr\u00f6der, Executive Director, UBS Group Technology, beskrev hur AI kan anv\u00e4ndas i banksektorn.<br \/>\nAI kan till exempel anv\u00e4ndas f\u00f6r att skapa idealiska investeringsstrategier f\u00f6r specifika kunder. Ett machine learning-system kan uppt\u00e4cka m\u00f6nster i stora datam\u00e4ngder som en m\u00e4nniska aldrig skulle l\u00e4gga m\u00e4rke till. P\u00e5 det s\u00e4ttet kan felaktiga investeringsbeslut minskas.<br \/>\nEtt annat exempel \u00e4r regelefterlevnad och s\u00e4kerhet.<br \/>\n\u2013 Vi m\u00e5ste ha en viss \u00f6vervakning av de interna meddelanden som anst\u00e4llda skickar. Med machine learning g\u00e5r det att l\u00e4sa av stora trafikm\u00e4ngder. Systemet reagerar om anst\u00e4llda skriver n\u00e5got som de normalt inte skulle skriva.<br \/>\nBankerna anv\u00e4nder \u00e4ven machine learning f\u00f6r att uppt\u00e4cka m\u00f6nster som tyder p\u00e5 penningtv\u00e4ttstransaktioner. M\u00e5let \u00e4r att p\u00e5 ett effektivare s\u00e4tt kunna minska risken f\u00f6r s\u00e5dan verksamhet.<br \/>\nAnnika Schr\u00f6der p\u00e5pekar att det \u00e4r viktigt att en AI-l\u00f6sning kan f\u00f6rklara varf\u00f6r den har kommit fram till ett visst resultat, till exempel varf\u00f6r den gett avslag p\u00e5 en l\u00e5neans\u00f6kan.<br \/>\n\u2013 Potentialen \u00e4r mycket stor n\u00e4r det g\u00e4ller att kombinera AI med andra teknologier, sade hon. Ett exempel \u00e4r blockchain-tekniken som tillsammans med AI kan anv\u00e4ndas f\u00f6r att skapa mycket smarta tj\u00e4nster och produkter.<\/p>\n<p><strong>Rekrytera r\u00e4tt AI-kompetens<\/strong><br \/>\nFlera av talarna n\u00e4mnde sv\u00e5righeterna med att lyckas rekrytera r\u00e4tt AI-kompetens.<br \/>\n\u2013 Risken \u00e4r stor att vi inte kommer att kunna anst\u00e4lla s\u00e5 m\u00e5nga personer p\u00e5 det h\u00e4r omr\u00e5det som vi skulle vilja. F\u00f6r att f\u00e5 saker och ting att h\u00e4nda kan det vara bra att g\u00e5 in i partnerskap med ett antal akt\u00f6rer. Det kan g\u00f6ra det enklare att rekrytera AI-kompetens, sade Otto Preiss.<\/p>\n<div class=\"faktaruta2-title\">AI-konferensen<\/div><div class=\"faktaruta2\">AI-konferensen arrangerades av Swedish Swiss Chamber of Commerce i Schweiz i samarbete med deras sponsorer ABB, IKEA, Lombard International Assurance, Saab och Volvo.<\/div>\n","protected":false},"excerpt":{"rendered":"<p>AI kommer att f\u00f6r\u00e4ndra v\u00e5r v\u00e4rld mer \u00e4n n\u00e5gon annan teknologi n\u00e5gonsin har gjort. Den&#8230;<\/p>\n","protected":false},"author":3,"featured_media":5978,"comment_status":"closed","ping_status":"open","sticky":false,"template":"","format":"standard","meta":{"_acf_changed":false,"_monsterinsights_skip_tracking":false,"_monsterinsights_sitenote_active":false,"_monsterinsights_sitenote_note":"","_monsterinsights_sitenote_category":0,"footnotes":""},"categories":[1],"tags":[15,20,29,108,149,166,191,201,211,229,253,267,271],"class_list":["post-5977","post","type-post","status-publish","format-standard","has-post-thumbnail","hentry","category-artikel","tag-abb","tag-ai","tag-artificiell-intelligens","tag-ikea","tag-kompetens","tag-lombard-international-assurance","tag-peltarion","tag-programmering","tag-saab","tag-sjalvkorande-bilar","tag-ubs","tag-volvo","tag-zenuity"],"acf":[],"yoast_head":"<!-- This site is optimized with the Yoast SEO plugin v27.3 - https:\/\/yoast.com\/product\/yoast-seo-wordpress\/ -->\n<title>AI f\u00f6r\u00e4ndrar hela v\u00e5r v\u00e4rld - Framtidens karri\u00e4r IT &amp; Data<\/title>\n<meta name=\"robots\" content=\"index, follow, max-snippet:-1, max-image-preview:large, max-video-preview:-1\" \/>\n<link rel=\"canonical\" href=\"https:\/\/framtidenskarriar.se\/itdata\/2019\/02\/13\/ai-forandrar-hela-var-varld\/\" \/>\n<meta property=\"og:locale\" content=\"sv_SE\" \/>\n<meta property=\"og:type\" content=\"article\" \/>\n<meta property=\"og:title\" content=\"AI f\u00f6r\u00e4ndrar hela v\u00e5r v\u00e4rld - Framtidens karri\u00e4r IT &amp; Data\" \/>\n<meta property=\"og:description\" content=\"AI kommer att f\u00f6r\u00e4ndra v\u00e5r v\u00e4rld mer \u00e4n n\u00e5gon annan teknologi n\u00e5gonsin har gjort. Den...\" \/>\n<meta property=\"og:url\" content=\"https:\/\/framtidenskarriar.se\/itdata\/2019\/02\/13\/ai-forandrar-hela-var-varld\/\" \/>\n<meta property=\"og:site_name\" content=\"Framtidens karri\u00e4r IT &amp; Data\" \/>\n<meta property=\"article:published_time\" content=\"2019-02-13T15:33:52+00:00\" \/>\n<meta property=\"og:image\" content=\"https:\/\/framtidenskarriar.se\/itdata\/wp-content\/uploads\/sites\/13\/2019\/02\/ai3-sscc-businessforum2019-2154-hr.jpg\" \/>\n\t<meta property=\"og:image:width\" content=\"1000\" \/>\n\t<meta property=\"og:image:height\" content=\"598\" \/>\n\t<meta property=\"og:image:type\" content=\"image\/jpeg\" \/>\n<meta name=\"author\" content=\"stellanstal\" \/>\n<meta name=\"twitter:card\" content=\"summary_large_image\" \/>\n<meta name=\"twitter:label1\" content=\"Skriven av\" \/>\n\t<meta name=\"twitter:data1\" content=\"stellanstal\" \/>\n\t<meta name=\"twitter:label2\" content=\"Ber\u00e4knad l\u00e4stid\" \/>\n\t<meta name=\"twitter:data2\" content=\"4 minuter\" \/>\n<script type=\"application\/ld+json\" class=\"yoast-schema-graph\">{\"@context\":\"https:\\\/\\\/schema.org\",\"@graph\":[{\"@type\":\"Article\",\"@id\":\"https:\\\/\\\/framtidenskarriar.se\\\/itdata\\\/2019\\\/02\\\/13\\\/ai-forandrar-hela-var-varld\\\/#article\",\"isPartOf\":{\"@id\":\"https:\\\/\\\/framtidenskarriar.se\\\/itdata\\\/2019\\\/02\\\/13\\\/ai-forandrar-hela-var-varld\\\/\"},\"author\":{\"name\":\"stellanstal\",\"@id\":\"https:\\\/\\\/framtidenskarriar.se\\\/itdata\\\/#\\\/schema\\\/person\\\/c8a43eb855191e573b73ecf8987a3b99\"},\"headline\":\"AI f\u00f6r\u00e4ndrar hela v\u00e5r v\u00e4rld\",\"datePublished\":\"2019-02-13T15:33:52+00:00\",\"mainEntityOfPage\":{\"@id\":\"https:\\\/\\\/framtidenskarriar.se\\\/itdata\\\/2019\\\/02\\\/13\\\/ai-forandrar-hela-var-varld\\\/\"},\"wordCount\":745,\"image\":{\"@id\":\"https:\\\/\\\/framtidenskarriar.se\\\/itdata\\\/2019\\\/02\\\/13\\\/ai-forandrar-hela-var-varld\\\/#primaryimage\"},\"thumbnailUrl\":\"https:\\\/\\\/framtidenskarriar.se\\\/itdata\\\/wp-content\\\/uploads\\\/sites\\\/13\\\/2019\\\/02\\\/ai3-sscc-businessforum2019-2154-hr.jpg\",\"keywords\":[\"ABB\",\"AI\",\"Artificiell intelligens\",\"IKEA\",\"Kompetens\",\"Lombard International Assurance\",\"Peltarion\",\"Programmering\",\"Saab\",\"Sj\u00e4lvk\u00f6rande bilar\",\"UBS\",\"Volvo\",\"Zenuity\"],\"articleSection\":[\"Artikel\"],\"inLanguage\":\"sv-SE\"},{\"@type\":\"WebPage\",\"@id\":\"https:\\\/\\\/framtidenskarriar.se\\\/itdata\\\/2019\\\/02\\\/13\\\/ai-forandrar-hela-var-varld\\\/\",\"url\":\"https:\\\/\\\/framtidenskarriar.se\\\/itdata\\\/2019\\\/02\\\/13\\\/ai-forandrar-hela-var-varld\\\/\",\"name\":\"AI f\u00f6r\u00e4ndrar hela v\u00e5r v\u00e4rld - Framtidens karri\u00e4r IT & Data\",\"isPartOf\":{\"@id\":\"https:\\\/\\\/framtidenskarriar.se\\\/itdata\\\/#website\"},\"primaryImageOfPage\":{\"@id\":\"https:\\\/\\\/framtidenskarriar.se\\\/itdata\\\/2019\\\/02\\\/13\\\/ai-forandrar-hela-var-varld\\\/#primaryimage\"},\"image\":{\"@id\":\"https:\\\/\\\/framtidenskarriar.se\\\/itdata\\\/2019\\\/02\\\/13\\\/ai-forandrar-hela-var-varld\\\/#primaryimage\"},\"thumbnailUrl\":\"https:\\\/\\\/framtidenskarriar.se\\\/itdata\\\/wp-content\\\/uploads\\\/sites\\\/13\\\/2019\\\/02\\\/ai3-sscc-businessforum2019-2154-hr.jpg\",\"datePublished\":\"2019-02-13T15:33:52+00:00\",\"author\":{\"@id\":\"https:\\\/\\\/framtidenskarriar.se\\\/itdata\\\/#\\\/schema\\\/person\\\/c8a43eb855191e573b73ecf8987a3b99\"},\"breadcrumb\":{\"@id\":\"https:\\\/\\\/framtidenskarriar.se\\\/itdata\\\/2019\\\/02\\\/13\\\/ai-forandrar-hela-var-varld\\\/#breadcrumb\"},\"inLanguage\":\"sv-SE\",\"potentialAction\":[{\"@type\":\"ReadAction\",\"target\":[\"https:\\\/\\\/framtidenskarriar.se\\\/itdata\\\/2019\\\/02\\\/13\\\/ai-forandrar-hela-var-varld\\\/\"]}]},{\"@type\":\"ImageObject\",\"inLanguage\":\"sv-SE\",\"@id\":\"https:\\\/\\\/framtidenskarriar.se\\\/itdata\\\/2019\\\/02\\\/13\\\/ai-forandrar-hela-var-varld\\\/#primaryimage\",\"url\":\"https:\\\/\\\/framtidenskarriar.se\\\/itdata\\\/wp-content\\\/uploads\\\/sites\\\/13\\\/2019\\\/02\\\/ai3-sscc-businessforum2019-2154-hr.jpg\",\"contentUrl\":\"https:\\\/\\\/framtidenskarriar.se\\\/itdata\\\/wp-content\\\/uploads\\\/sites\\\/13\\\/2019\\\/02\\\/ai3-sscc-businessforum2019-2154-hr.jpg\",\"width\":1000,\"height\":598,\"caption\":\"Kye Andersson, Head of Communications p\u00e5 Peltarion och delegat i Swedish AI Council, Damian Borth, AI Professor, University of St. Gallen, Annika Schr\u00f6der, Executive Director, UBS Group Technology, Otto Preiss, COO Digital p\u00e5 ABB, Dennis Nobelius, CEO p\u00e5 Zenuity.\"},{\"@type\":\"BreadcrumbList\",\"@id\":\"https:\\\/\\\/framtidenskarriar.se\\\/itdata\\\/2019\\\/02\\\/13\\\/ai-forandrar-hela-var-varld\\\/#breadcrumb\",\"itemListElement\":[{\"@type\":\"ListItem\",\"position\":1,\"name\":\"Home\",\"item\":\"https:\\\/\\\/framtidenskarriar.se\\\/itdata\\\/\"},{\"@type\":\"ListItem\",\"position\":2,\"name\":\"AI f\u00f6r\u00e4ndrar hela v\u00e5r v\u00e4rld\"}]},{\"@type\":\"WebSite\",\"@id\":\"https:\\\/\\\/framtidenskarriar.se\\\/itdata\\\/#website\",\"url\":\"https:\\\/\\\/framtidenskarriar.se\\\/itdata\\\/\",\"name\":\"Framtidens karri\u00e4r IT & Data\",\"description\":\"Just another NMDashboard.se Sites site\",\"potentialAction\":[{\"@type\":\"SearchAction\",\"target\":{\"@type\":\"EntryPoint\",\"urlTemplate\":\"https:\\\/\\\/framtidenskarriar.se\\\/itdata\\\/?s={search_term_string}\"},\"query-input\":{\"@type\":\"PropertyValueSpecification\",\"valueRequired\":true,\"valueName\":\"search_term_string\"}}],\"inLanguage\":\"sv-SE\"},{\"@type\":\"Person\",\"@id\":\"https:\\\/\\\/framtidenskarriar.se\\\/itdata\\\/#\\\/schema\\\/person\\\/c8a43eb855191e573b73ecf8987a3b99\",\"name\":\"stellanstal\",\"image\":{\"@type\":\"ImageObject\",\"inLanguage\":\"sv-SE\",\"@id\":\"https:\\\/\\\/secure.gravatar.com\\\/avatar\\\/cd330fa6bb17f598124b2068ee0b189e4fe0987a50af9d53b78410836060d0c9?s=96&d=mm&r=g\",\"url\":\"https:\\\/\\\/secure.gravatar.com\\\/avatar\\\/cd330fa6bb17f598124b2068ee0b189e4fe0987a50af9d53b78410836060d0c9?s=96&d=mm&r=g\",\"contentUrl\":\"https:\\\/\\\/secure.gravatar.com\\\/avatar\\\/cd330fa6bb17f598124b2068ee0b189e4fe0987a50af9d53b78410836060d0c9?s=96&d=mm&r=g\",\"caption\":\"stellanstal\"},\"url\":\"https:\\\/\\\/framtidenskarriar.se\\\/itdata\\\/author\\\/stellanstal\\\/\"}]}<\/script>\n<!-- \/ Yoast SEO plugin. -->","yoast_head_json":{"title":"AI f\u00f6r\u00e4ndrar hela v\u00e5r v\u00e4rld - Framtidens karri\u00e4r IT & Data","robots":{"index":"index","follow":"follow","max-snippet":"max-snippet:-1","max-image-preview":"max-image-preview:large","max-video-preview":"max-video-preview:-1"},"canonical":"https:\/\/framtidenskarriar.se\/itdata\/2019\/02\/13\/ai-forandrar-hela-var-varld\/","og_locale":"sv_SE","og_type":"article","og_title":"AI f\u00f6r\u00e4ndrar hela v\u00e5r v\u00e4rld - Framtidens karri\u00e4r IT & Data","og_description":"AI kommer att f\u00f6r\u00e4ndra v\u00e5r v\u00e4rld mer \u00e4n n\u00e5gon annan teknologi n\u00e5gonsin har gjort. Den...","og_url":"https:\/\/framtidenskarriar.se\/itdata\/2019\/02\/13\/ai-forandrar-hela-var-varld\/","og_site_name":"Framtidens karri\u00e4r IT & Data","article_published_time":"2019-02-13T15:33:52+00:00","og_image":[{"width":1000,"height":598,"url":"https:\/\/framtidenskarriar.se\/itdata\/wp-content\/uploads\/sites\/13\/2019\/02\/ai3-sscc-businessforum2019-2154-hr.jpg","type":"image\/jpeg"}],"author":"stellanstal","twitter_card":"summary_large_image","twitter_misc":{"Skriven av":"stellanstal","Ber\u00e4knad l\u00e4stid":"4 minuter"},"schema":{"@context":"https:\/\/schema.org","@graph":[{"@type":"Article","@id":"https:\/\/framtidenskarriar.se\/itdata\/2019\/02\/13\/ai-forandrar-hela-var-varld\/#article","isPartOf":{"@id":"https:\/\/framtidenskarriar.se\/itdata\/2019\/02\/13\/ai-forandrar-hela-var-varld\/"},"author":{"name":"stellanstal","@id":"https:\/\/framtidenskarriar.se\/itdata\/#\/schema\/person\/c8a43eb855191e573b73ecf8987a3b99"},"headline":"AI f\u00f6r\u00e4ndrar hela v\u00e5r v\u00e4rld","datePublished":"2019-02-13T15:33:52+00:00","mainEntityOfPage":{"@id":"https:\/\/framtidenskarriar.se\/itdata\/2019\/02\/13\/ai-forandrar-hela-var-varld\/"},"wordCount":745,"image":{"@id":"https:\/\/framtidenskarriar.se\/itdata\/2019\/02\/13\/ai-forandrar-hela-var-varld\/#primaryimage"},"thumbnailUrl":"https:\/\/framtidenskarriar.se\/itdata\/wp-content\/uploads\/sites\/13\/2019\/02\/ai3-sscc-businessforum2019-2154-hr.jpg","keywords":["ABB","AI","Artificiell intelligens","IKEA","Kompetens","Lombard International Assurance","Peltarion","Programmering","Saab","Sj\u00e4lvk\u00f6rande bilar","UBS","Volvo","Zenuity"],"articleSection":["Artikel"],"inLanguage":"sv-SE"},{"@type":"WebPage","@id":"https:\/\/framtidenskarriar.se\/itdata\/2019\/02\/13\/ai-forandrar-hela-var-varld\/","url":"https:\/\/framtidenskarriar.se\/itdata\/2019\/02\/13\/ai-forandrar-hela-var-varld\/","name":"AI f\u00f6r\u00e4ndrar hela v\u00e5r v\u00e4rld - Framtidens karri\u00e4r IT & Data","isPartOf":{"@id":"https:\/\/framtidenskarriar.se\/itdata\/#website"},"primaryImageOfPage":{"@id":"https:\/\/framtidenskarriar.se\/itdata\/2019\/02\/13\/ai-forandrar-hela-var-varld\/#primaryimage"},"image":{"@id":"https:\/\/framtidenskarriar.se\/itdata\/2019\/02\/13\/ai-forandrar-hela-var-varld\/#primaryimage"},"thumbnailUrl":"https:\/\/framtidenskarriar.se\/itdata\/wp-content\/uploads\/sites\/13\/2019\/02\/ai3-sscc-businessforum2019-2154-hr.jpg","datePublished":"2019-02-13T15:33:52+00:00","author":{"@id":"https:\/\/framtidenskarriar.se\/itdata\/#\/schema\/person\/c8a43eb855191e573b73ecf8987a3b99"},"breadcrumb":{"@id":"https:\/\/framtidenskarriar.se\/itdata\/2019\/02\/13\/ai-forandrar-hela-var-varld\/#breadcrumb"},"inLanguage":"sv-SE","potentialAction":[{"@type":"ReadAction","target":["https:\/\/framtidenskarriar.se\/itdata\/2019\/02\/13\/ai-forandrar-hela-var-varld\/"]}]},{"@type":"ImageObject","inLanguage":"sv-SE","@id":"https:\/\/framtidenskarriar.se\/itdata\/2019\/02\/13\/ai-forandrar-hela-var-varld\/#primaryimage","url":"https:\/\/framtidenskarriar.se\/itdata\/wp-content\/uploads\/sites\/13\/2019\/02\/ai3-sscc-businessforum2019-2154-hr.jpg","contentUrl":"https:\/\/framtidenskarriar.se\/itdata\/wp-content\/uploads\/sites\/13\/2019\/02\/ai3-sscc-businessforum2019-2154-hr.jpg","width":1000,"height":598,"caption":"Kye Andersson, Head of Communications p\u00e5 Peltarion och delegat i Swedish AI Council, Damian Borth, AI Professor, University of St. Gallen, Annika Schr\u00f6der, Executive Director, UBS Group Technology, Otto Preiss, COO Digital p\u00e5 ABB, Dennis Nobelius, CEO p\u00e5 Zenuity."},{"@type":"BreadcrumbList","@id":"https:\/\/framtidenskarriar.se\/itdata\/2019\/02\/13\/ai-forandrar-hela-var-varld\/#breadcrumb","itemListElement":[{"@type":"ListItem","position":1,"name":"Home","item":"https:\/\/framtidenskarriar.se\/itdata\/"},{"@type":"ListItem","position":2,"name":"AI f\u00f6r\u00e4ndrar hela v\u00e5r v\u00e4rld"}]},{"@type":"WebSite","@id":"https:\/\/framtidenskarriar.se\/itdata\/#website","url":"https:\/\/framtidenskarriar.se\/itdata\/","name":"Framtidens karri\u00e4r IT & Data","description":"Just another NMDashboard.se Sites site","potentialAction":[{"@type":"SearchAction","target":{"@type":"EntryPoint","urlTemplate":"https:\/\/framtidenskarriar.se\/itdata\/?s={search_term_string}"},"query-input":{"@type":"PropertyValueSpecification","valueRequired":true,"valueName":"search_term_string"}}],"inLanguage":"sv-SE"},{"@type":"Person","@id":"https:\/\/framtidenskarriar.se\/itdata\/#\/schema\/person\/c8a43eb855191e573b73ecf8987a3b99","name":"stellanstal","image":{"@type":"ImageObject","inLanguage":"sv-SE","@id":"https:\/\/secure.gravatar.com\/avatar\/cd330fa6bb17f598124b2068ee0b189e4fe0987a50af9d53b78410836060d0c9?s=96&d=mm&r=g","url":"https:\/\/secure.gravatar.com\/avatar\/cd330fa6bb17f598124b2068ee0b189e4fe0987a50af9d53b78410836060d0c9?s=96&d=mm&r=g","contentUrl":"https:\/\/secure.gravatar.com\/avatar\/cd330fa6bb17f598124b2068ee0b189e4fe0987a50af9d53b78410836060d0c9?s=96&d=mm&r=g","caption":"stellanstal"},"url":"https:\/\/framtidenskarriar.se\/itdata\/author\/stellanstal\/"}]}},"_links":{"self":[{"href":"https:\/\/framtidenskarriar.se\/itdata\/wp-json\/wp\/v2\/posts\/5977","targetHints":{"allow":["GET"]}}],"collection":[{"href":"https:\/\/framtidenskarriar.se\/itdata\/wp-json\/wp\/v2\/posts"}],"about":[{"href":"https:\/\/framtidenskarriar.se\/itdata\/wp-json\/wp\/v2\/types\/post"}],"author":[{"embeddable":true,"href":"https:\/\/framtidenskarriar.se\/itdata\/wp-json\/wp\/v2\/users\/3"}],"replies":[{"embeddable":true,"href":"https:\/\/framtidenskarriar.se\/itdata\/wp-json\/wp\/v2\/comments?post=5977"}],"version-history":[{"count":0,"href":"https:\/\/framtidenskarriar.se\/itdata\/wp-json\/wp\/v2\/posts\/5977\/revisions"}],"wp:featuredmedia":[{"embeddable":true,"href":"https:\/\/framtidenskarriar.se\/itdata\/wp-json\/wp\/v2\/media\/5978"}],"wp:attachment":[{"href":"https:\/\/framtidenskarriar.se\/itdata\/wp-json\/wp\/v2\/media?parent=5977"}],"wp:term":[{"taxonomy":"category","embeddable":true,"href":"https:\/\/framtidenskarriar.se\/itdata\/wp-json\/wp\/v2\/categories?post=5977"},{"taxonomy":"post_tag","embeddable":true,"href":"https:\/\/framtidenskarriar.se\/itdata\/wp-json\/wp\/v2\/tags?post=5977"}],"curies":[{"name":"wp","href":"https:\/\/api.w.org\/{rel}","templated":true}]}}