{"id":6056,"date":"2020-03-10T14:50:37","date_gmt":"2020-03-10T14:50:37","guid":{"rendered":"https:\/\/framtidenskarriar.se\/itdata\/?p=6056"},"modified":"2021-03-09T12:12:41","modified_gmt":"2021-03-09T12:12:41","slug":"arbetsformedlingen-mangsidig-myndighet-i-framkant","status":"publish","type":"post","link":"https:\/\/framtidenskarriar.se\/itdata\/2020\/03\/10\/arbetsformedlingen-mangsidig-myndighet-i-framkant\/","title":{"rendered":"Arbetsf\u00f6rmedlingen m\u00e5ngsidig myndighet i framkant"},"content":{"rendered":"\n<figure class=\"wp-block-image alignnone size-full wp-image-6058\"><img loading=\"lazy\" decoding=\"async\" width=\"1000\" height=\"683\" src=\"https:\/\/framtidenskarriar.se\/itdata\/wp-content\/uploads\/sites\/13\/2020\/03\/arbetsformedlingen-2.jpg\" alt=\"Malin Augustsson, junior dataingenj\u00f6r och Delshad Khoshpasand, produkt\u00e4gare p\u00e5 Arbetsf\u00f6rmedlingens it-avdelning. Foto: Johan Marklund\" class=\"wp-image-6058\" srcset=\"https:\/\/framtidenskarriar.se\/itdata\/wp-content\/uploads\/sites\/13\/2020\/03\/arbetsformedlingen-2.jpg 1000w, https:\/\/framtidenskarriar.se\/itdata\/wp-content\/uploads\/sites\/13\/2020\/03\/arbetsformedlingen-2-300x205.jpg 300w, https:\/\/framtidenskarriar.se\/itdata\/wp-content\/uploads\/sites\/13\/2020\/03\/arbetsformedlingen-2-768x525.jpg 768w, https:\/\/framtidenskarriar.se\/itdata\/wp-content\/uploads\/sites\/13\/2020\/03\/arbetsformedlingen-2-234x160.jpg 234w, https:\/\/framtidenskarriar.se\/itdata\/wp-content\/uploads\/sites\/13\/2020\/03\/arbetsformedlingen-2-526x359.jpg 526w, https:\/\/framtidenskarriar.se\/itdata\/wp-content\/uploads\/sites\/13\/2020\/03\/arbetsformedlingen-2-720x492.jpg 720w, https:\/\/framtidenskarriar.se\/itdata\/wp-content\/uploads\/sites\/13\/2020\/03\/arbetsformedlingen-2-960x656.jpg 960w\" sizes=\"auto, (max-width: 1000px) 100vw, 1000px\" \/><figcaption>Malin Augustsson, junior dataingenj\u00f6r och Delshad Khoshpasand, produkt\u00e4gare p\u00e5 Arbetsf\u00f6rmedlingens it-avdelning. Foto: Johan Marklund<\/figcaption><\/figure>\n\n\n\n<p><strong>Med fokus p\u00e5 ny teknik, sj\u00e4lvledarskap och samh\u00e4llsnytta ger it-avdelningen p\u00e5 Arbetsf\u00f6rmedlingen dig m\u00f6jligheten att utveckla b\u00e5de dig sj\u00e4lv och samh\u00e4llet.<\/strong><\/p>\n\n\n\n<p>Lokalerna p\u00e5 Arbetsf\u00f6rmedlingens huvudkontor p\u00e5 Elektrogatan 4 i Solna \u00e4r s\u00e5 nya att de fortfarande doftar nytt virke. Arkitekturen \u00e4r modern och v\u00e4l genomt\u00e4nkt f\u00f6r att passa myndighetens agila arbetss\u00e4tt. H\u00e4r sitter bland annat it-avdelningen \u2013 500 anst\u00e4llda som med moderna tekniker l\u00e4gger grunden f\u00f6r myndighetens digitala transformation och f\u00f6rflyttning.<\/p>\n\n\n\n<p><strong>Samh\u00e4llsnytta i v\u00e4ggarna<\/strong><br>\u2013 Arbetsf\u00f6rmedlingen handlar om att hj\u00e4lpa m\u00e4nniskor, och det g\u00f6r vi verkligen h\u00e4r, s\u00e4ger Malin Augustsson som \u00e4r junior dataingenj\u00f6r och arbetar p\u00e5 enheten Datadriven analys och AI.<br>Hennes uppgifter omfattar bland annat att hantera de stora m\u00e4ngder data som cirkulerar i Arbetsf\u00f6rmedlingens tj\u00e4nster. Det inneb\u00e4r allt fr\u00e5n att ta hand om myndighetens data lake till att vara med och diskutera integritet och h\u00e5llbarhet kring AI.<br>Delshad Khoshpasand som efter en tid i den privata sektorn \u00e4r tillbaka p\u00e5 Arbetsf\u00f6rmedlingens it-avdelning som produkt\u00e4gare, inst\u00e4mmer med Malin. Som myndighet \u00e4r det en sj\u00e4lvklarhet att samh\u00e4llsnyttan \u00e4r i fokus, men h\u00e4r k\u00e4nns det verkligen i v\u00e4ggarna, menar hon.<br>\u2013 Det \u00e4r syftet i allt vi g\u00f6r. Vi arbetar alltid kundfokuserat och vi utg\u00e5r alltid fr\u00e5n faktiska behov f\u00f6r att underl\u00e4tta f\u00f6r v\u00e5ra handl\u00e4ggare och arbetss\u00f6kande, s\u00e4ger Delshad.<br>Hon ansvarar f\u00f6r utvecklingen av ett verktyg som ger st\u00f6d \u00e5t de arbetsf\u00f6rmedlare som deltar p\u00e5 handl\u00e4ggningsm\u00f6ten med arbetss\u00f6kanden som varit borta fr\u00e5n arbetsmarknaden en l\u00e4ngre tid. Genom bland annat BERT-modellen hj\u00e4lper verktyget till att rekommendera passande tj\u00e4nster.<br>\u2013 Verktyget g\u00f6r det m\u00f6jligt f\u00f6r arbetsf\u00f6rmedlarna att h\u00e5lla en mer empatisk dialog. Ist\u00e4llet f\u00f6r att sitta och scrolla, \u00f6ppna nya f\u00f6nster och leta information under m\u00f6tet f\u00e5r de allt automatiserat i ett och samma gr\u00e4nssnitt, s\u00e4ger Delshad.<br>\u2013 AI \u00e4r s\u00e5 bra p\u00e5 att hitta m\u00f6nster, det g\u00f6r att vi kan arbeta mer enhetligt, att vi kan se vilka grupper vi beh\u00f6ver fokusera p\u00e5, och p\u00e5 vilka omr\u00e5den vi beh\u00f6ver s\u00e4tta in extra insatser, s\u00e4ger Malin.<\/p>\n\n\n\n<p class=\"has-color-gray-01-background-color has-background\"><strong><a title=\"Arbetsf\u00f6rmedlingen pres jobb ans\u00f6k\" href=\"http:\/\/jobbahososs.arbetsformedlingen.se\/\" target=\"_blank\" rel=\"noopener noreferrer\">Jobba hos oss p\u00e5 Arbetsf\u00f6rmedlingen IT. Klicka h\u00e4r f\u00f6r mer information<\/a><\/strong><\/p>\n\n\n\n<p><strong>Teknik i framkant<\/strong><br>De m\u00e5nga f\u00f6rdelar AI tillf\u00f6r myndighetsarbetet g\u00f6r att tekniken har stort fokus p\u00e5 Arbetsf\u00f6rmedlingen just nu. Men m\u00e5nga andra tekniker cirkulerar i korridorerna, som augmented reality, social robotik och olika moderna datalagringsl\u00f6sningar.<br>\u2013 N\u00e4r jag f\u00f6rst var h\u00e4r p\u00e5 intervju fick jag h\u00f6ra om all ny teknologi inom datalagring, big data och AI som anv\u00e4nds h\u00e4r, och det imponerade p\u00e5 mig. Vi \u00e4r till exempel f\u00f6rsta svenska myndigheten med en data lake. D\u00e5 ligger man l\u00e5ngt fram, s\u00e4ger Malin.<br>\u2013 Det \u00e4r nog m\u00e5nga som kan ha en mossig syn p\u00e5 myndigheter, men vi ligger verkligen i framkant. Vi jobbar med ny teknik och nya arbetss\u00e4tt, och vi har arbetat mycket med att bygga upp en nyt\u00e4nkande kultur, s\u00e4ger Delshad.<br>\u2013 Dessutom \u00e4r chefer och andra som inte arbetar direkt med utveckling ofta v\u00e4ldigt tekniskt insatta, vilket g\u00f6r det l\u00e4ttare att b\u00f6rja titta p\u00e5 och implementera nya tekniker, till\u00e4gger Malin.<\/p>\n\n\n\n<p><strong>Tillitsfullt och utvecklande<\/strong><br>Trots it-avdelningens storlek r\u00e5der en stark sammanh\u00e5llning h\u00e4r. Det finns en p\u00e5taglig k\u00e4nsla av att alla k\u00e4nner alla vilket bidrar till en prestigel\u00f6s arbetsplats med h\u00f6gt i tak. H\u00e4r \u00e4r det tryggt, j\u00e4mst\u00e4llt och v\u00e4lkomnande, ber\u00e4ttar de.<br>\u2013 Alla litar p\u00e5 att alla tar ansvar, b\u00e5de f\u00f6r sina egna uppgifter och f\u00f6r helheten. Vi har ocks\u00e5 en platt organisation som g\u00f6r det l\u00e4tt att komma fram\u00e5t n\u00e4r vi jobbar, s\u00e4ger Delshad.<br>\u2013 Sedan har vi ju en del bekv\u00e4mligheter som ganska flexibla arbetstider och m\u00f6jlighet att ibland jobba hemifr\u00e5n, vilket vi it-m\u00e4nniskor ofta uppskattar, s\u00e4ger Malin med ett leende.<br>Det ges dessutom stora utrymmen f\u00f6r omv\u00e4rldsbevakning och sj\u00e4lvledarskap. Och det uppmuntras till sidoprojekt och engagemang i hackathons och andra externa utvecklarevents, vilka it-avdelningen ibland \u00e4ven sponsrar.<br>\u2013 Det finns goda utvecklingsm\u00f6jligheter att bygga sin karri\u00e4r h\u00e4r, d\u00e5 vi har m\u00f6jligheten att prova p\u00e5 olika roller utan att beh\u00f6va byta arbetsgivare, s\u00e4ger Delshad.<\/p>\n\n\n\n<p class=\"has-color-gray-01-background-color has-background\"><strong><a title=\"Arbetsf\u00f6rmedlingen pres jobb ans\u00f6k\" href=\"http:\/\/jobbahososs.arbetsformedlingen.se\/\" target=\"_blank\" rel=\"noopener noreferrer\">Jobba hos oss p\u00e5 Arbetsf\u00f6rmedlingen IT. Klicka h\u00e4r f\u00f6r mer information<\/a><\/strong><\/p>\n\n\n\n<div class=\"wp-block-group faktaruta\"><div class=\"wp-block-group__inner-container is-layout-flow wp-block-group-is-layout-flow\">\n<h6 class=\"wp-block-heading\">Arbetsf\u00f6rmedlingen<\/h6>\n\n\n\n<p>]Arbetsf\u00f6rmedlingen \u00e4r en statlig f\u00f6rvaltningsmyndighet under Arbetsmarknadsdepartementet. Myndighetens ansvar omfattar offentlig arbetsf\u00f6rmedling och arbetsmarknadspolitisk verksamhet. I regeringens uppdragsbeskrivning finns bland annat Etablering av nyanl\u00e4nda, Arbetslivsinriktad rehabilitering och att Fler med funktionsneds\u00e4ttning ska ges jobb. Den f\u00f6rsta statliga arbetsf\u00f6rmedlingen inr\u00e4ttades 1940, men Arbetsf\u00f6rmedlingen som den fungerar idag har funnits sedan 2008. Arbetsf\u00f6rmedlingens huvudkontor ligger i Solna utanf\u00f6r Stockholm och hade vid 2018 \u00e5rs utg\u00e5ng 13&nbsp;700 anst\u00e4llda. Generaldirekt\u00f6r \u00e4r Maria Mindhammar.<\/p>\n\n\n\n<p>Arbetsf\u00f6rmedlingen<br>Elektrogatan 4<br>113 99 Solna<br>Tel: 0771\u201360 00 00<br><strong><a title=\"Arbetsf\u00f6rmedlingen textlink\" href=\"http:\/\/arbetsformedlingen.se\" target=\"_blank\" rel=\"noopener noreferrer\">arbetsformedlingen.se<\/a><\/strong><br><br><a href=\"http:\/\/arbetsformedlingen.se\" title=\"Arbetsf\u00f6rmedlingen logotype\" target=\"_blank\" rel=\"noreferrer noopener\"><img loading=\"lazy\" decoding=\"async\" width=\"200\" height=\"24\" class=\"wp-image-6057\" style=\"width: 200px;\" src=\"https:\/\/framtidenskarriar.se\/itdata\/wp-content\/uploads\/sites\/13\/2020\/03\/af-logotyp-gron-bla-rgb.png\" alt=\"arbetsformedlingen.se\" srcset=\"https:\/\/framtidenskarriar.se\/itdata\/wp-content\/uploads\/sites\/13\/2020\/03\/af-logotyp-gron-bla-rgb.png 1181w, https:\/\/framtidenskarriar.se\/itdata\/wp-content\/uploads\/sites\/13\/2020\/03\/af-logotyp-gron-bla-rgb-300x37.png 300w, https:\/\/framtidenskarriar.se\/itdata\/wp-content\/uploads\/sites\/13\/2020\/03\/af-logotyp-gron-bla-rgb-1024x125.png 1024w, https:\/\/framtidenskarriar.se\/itdata\/wp-content\/uploads\/sites\/13\/2020\/03\/af-logotyp-gron-bla-rgb-768x94.png 768w, https:\/\/framtidenskarriar.se\/itdata\/wp-content\/uploads\/sites\/13\/2020\/03\/af-logotyp-gron-bla-rgb-1140x139.png 1140w, https:\/\/framtidenskarriar.se\/itdata\/wp-content\/uploads\/sites\/13\/2020\/03\/af-logotyp-gron-bla-rgb-526x64.png 526w, https:\/\/framtidenskarriar.se\/itdata\/wp-content\/uploads\/sites\/13\/2020\/03\/af-logotyp-gron-bla-rgb-720x88.png 720w, https:\/\/framtidenskarriar.se\/itdata\/wp-content\/uploads\/sites\/13\/2020\/03\/af-logotyp-gron-bla-rgb-960x117.png 960w\" sizes=\"auto, (max-width: 200px) 100vw, 200px\" \/><\/a><\/p>\n<\/div><\/div>\n","protected":false},"excerpt":{"rendered":"<p>Vi har fokus p\u00e5 ny teknik, sj\u00e4lvledarskap och samh\u00e4llsnytta.<\/p>\n","protected":false},"author":2,"featured_media":6626,"comment_status":"closed","ping_status":"open","sticky":false,"template":"","format":"standard","meta":{"_acf_changed":false,"_monsterinsights_skip_tracking":false,"_monsterinsights_sitenote_active":false,"_monsterinsights_sitenote_note":"","_monsterinsights_sitenote_category":0,"footnotes":""},"categories":[9],"tags":[20,22,25,29,140,181,220,231,241,262],"class_list":["post-6056","post","type-post","status-publish","format-standard","has-post-thumbnail","hentry","category-presentation","tag-ai","tag-analys","tag-arbetsformedlingen","tag-artificiell-intelligens","tag-jobba-statligt","tag-myndighet","tag-samhallsnytta","tag-sjalvledarskap","tag-statligt","tag-utveckling"],"acf":[],"yoast_head":"<!-- This site is optimized with the Yoast SEO plugin v27.3 - https:\/\/yoast.com\/product\/yoast-seo-wordpress\/ -->\n<title>Arbetsf\u00f6rmedlingen m\u00e5ngsidig myndighet i framkant - Framtidens karri\u00e4r IT &amp; Data<\/title>\n<meta name=\"robots\" content=\"index, follow, max-snippet:-1, max-image-preview:large, max-video-preview:-1\" \/>\n<link rel=\"canonical\" href=\"https:\/\/framtidenskarriar.se\/itdata\/2020\/03\/10\/arbetsformedlingen-mangsidig-myndighet-i-framkant\/\" \/>\n<meta property=\"og:locale\" content=\"sv_SE\" \/>\n<meta property=\"og:type\" content=\"article\" \/>\n<meta property=\"og:title\" content=\"Arbetsf\u00f6rmedlingen m\u00e5ngsidig myndighet i framkant - Framtidens karri\u00e4r IT &amp; Data\" \/>\n<meta property=\"og:description\" content=\"Vi har fokus p\u00e5 ny teknik, sj\u00e4lvledarskap och samh\u00e4llsnytta.\" \/>\n<meta property=\"og:url\" content=\"https:\/\/framtidenskarriar.se\/itdata\/2020\/03\/10\/arbetsformedlingen-mangsidig-myndighet-i-framkant\/\" \/>\n<meta property=\"og:site_name\" content=\"Framtidens karri\u00e4r IT &amp; Data\" \/>\n<meta property=\"article:published_time\" content=\"2020-03-10T14:50:37+00:00\" \/>\n<meta property=\"article:modified_time\" content=\"2021-03-09T12:12:41+00:00\" \/>\n<meta property=\"og:image\" content=\"https:\/\/framtidenskarriar.se\/itdata\/wp-content\/uploads\/sites\/13\/2020\/03\/arbetsformedlingen-2-utvald.jpg\" \/>\n\t<meta property=\"og:image:width\" content=\"1000\" \/>\n\t<meta property=\"og:image:height\" content=\"622\" \/>\n\t<meta property=\"og:image:type\" content=\"image\/jpeg\" \/>\n<meta name=\"author\" content=\"viktorwallen\" \/>\n<meta name=\"twitter:card\" content=\"summary_large_image\" \/>\n<meta name=\"twitter:label1\" content=\"Skriven av\" \/>\n\t<meta name=\"twitter:data1\" content=\"viktorwallen\" \/>\n\t<meta name=\"twitter:label2\" content=\"Ber\u00e4knad l\u00e4stid\" \/>\n\t<meta name=\"twitter:data2\" content=\"4 minuter\" \/>\n<script type=\"application\/ld+json\" class=\"yoast-schema-graph\">{\"@context\":\"https:\\\/\\\/schema.org\",\"@graph\":[{\"@type\":\"Article\",\"@id\":\"https:\\\/\\\/framtidenskarriar.se\\\/itdata\\\/2020\\\/03\\\/10\\\/arbetsformedlingen-mangsidig-myndighet-i-framkant\\\/#article\",\"isPartOf\":{\"@id\":\"https:\\\/\\\/framtidenskarriar.se\\\/itdata\\\/2020\\\/03\\\/10\\\/arbetsformedlingen-mangsidig-myndighet-i-framkant\\\/\"},\"author\":{\"name\":\"viktorwallen\",\"@id\":\"https:\\\/\\\/framtidenskarriar.se\\\/itdata\\\/#\\\/schema\\\/person\\\/2a13a849ec7646386c2211f59afe3083\"},\"headline\":\"Arbetsf\u00f6rmedlingen m\u00e5ngsidig myndighet i framkant\",\"datePublished\":\"2020-03-10T14:50:37+00:00\",\"dateModified\":\"2021-03-09T12:12:41+00:00\",\"mainEntityOfPage\":{\"@id\":\"https:\\\/\\\/framtidenskarriar.se\\\/itdata\\\/2020\\\/03\\\/10\\\/arbetsformedlingen-mangsidig-myndighet-i-framkant\\\/\"},\"wordCount\":897,\"image\":{\"@id\":\"https:\\\/\\\/framtidenskarriar.se\\\/itdata\\\/2020\\\/03\\\/10\\\/arbetsformedlingen-mangsidig-myndighet-i-framkant\\\/#primaryimage\"},\"thumbnailUrl\":\"https:\\\/\\\/framtidenskarriar.se\\\/itdata\\\/wp-content\\\/uploads\\\/sites\\\/13\\\/2020\\\/03\\\/arbetsformedlingen-2-utvald.jpg\",\"keywords\":[\"AI\",\"Analys\",\"Arbetsf\u00f6rmedlingen\",\"Artificiell intelligens\",\"Jobba statligt\",\"Myndighet\",\"Samh\u00e4llsnytta\",\"Sj\u00e4lvledarskap\",\"Statligt\",\"Utveckling\"],\"articleSection\":[\"Presentation\"],\"inLanguage\":\"sv-SE\"},{\"@type\":\"WebPage\",\"@id\":\"https:\\\/\\\/framtidenskarriar.se\\\/itdata\\\/2020\\\/03\\\/10\\\/arbetsformedlingen-mangsidig-myndighet-i-framkant\\\/\",\"url\":\"https:\\\/\\\/framtidenskarriar.se\\\/itdata\\\/2020\\\/03\\\/10\\\/arbetsformedlingen-mangsidig-myndighet-i-framkant\\\/\",\"name\":\"Arbetsf\u00f6rmedlingen m\u00e5ngsidig myndighet i framkant - Framtidens karri\u00e4r IT & Data\",\"isPartOf\":{\"@id\":\"https:\\\/\\\/framtidenskarriar.se\\\/itdata\\\/#website\"},\"primaryImageOfPage\":{\"@id\":\"https:\\\/\\\/framtidenskarriar.se\\\/itdata\\\/2020\\\/03\\\/10\\\/arbetsformedlingen-mangsidig-myndighet-i-framkant\\\/#primaryimage\"},\"image\":{\"@id\":\"https:\\\/\\\/framtidenskarriar.se\\\/itdata\\\/2020\\\/03\\\/10\\\/arbetsformedlingen-mangsidig-myndighet-i-framkant\\\/#primaryimage\"},\"thumbnailUrl\":\"https:\\\/\\\/framtidenskarriar.se\\\/itdata\\\/wp-content\\\/uploads\\\/sites\\\/13\\\/2020\\\/03\\\/arbetsformedlingen-2-utvald.jpg\",\"datePublished\":\"2020-03-10T14:50:37+00:00\",\"dateModified\":\"2021-03-09T12:12:41+00:00\",\"author\":{\"@id\":\"https:\\\/\\\/framtidenskarriar.se\\\/itdata\\\/#\\\/schema\\\/person\\\/2a13a849ec7646386c2211f59afe3083\"},\"breadcrumb\":{\"@id\":\"https:\\\/\\\/framtidenskarriar.se\\\/itdata\\\/2020\\\/03\\\/10\\\/arbetsformedlingen-mangsidig-myndighet-i-framkant\\\/#breadcrumb\"},\"inLanguage\":\"sv-SE\",\"potentialAction\":[{\"@type\":\"ReadAction\",\"target\":[\"https:\\\/\\\/framtidenskarriar.se\\\/itdata\\\/2020\\\/03\\\/10\\\/arbetsformedlingen-mangsidig-myndighet-i-framkant\\\/\"]}]},{\"@type\":\"ImageObject\",\"inLanguage\":\"sv-SE\",\"@id\":\"https:\\\/\\\/framtidenskarriar.se\\\/itdata\\\/2020\\\/03\\\/10\\\/arbetsformedlingen-mangsidig-myndighet-i-framkant\\\/#primaryimage\",\"url\":\"https:\\\/\\\/framtidenskarriar.se\\\/itdata\\\/wp-content\\\/uploads\\\/sites\\\/13\\\/2020\\\/03\\\/arbetsformedlingen-2-utvald.jpg\",\"contentUrl\":\"https:\\\/\\\/framtidenskarriar.se\\\/itdata\\\/wp-content\\\/uploads\\\/sites\\\/13\\\/2020\\\/03\\\/arbetsformedlingen-2-utvald.jpg\",\"width\":1000,\"height\":622,\"caption\":\"Delshad Khoshpasand och Malin Augustsson, arbetsf\u00f6rmedlingen\"},{\"@type\":\"BreadcrumbList\",\"@id\":\"https:\\\/\\\/framtidenskarriar.se\\\/itdata\\\/2020\\\/03\\\/10\\\/arbetsformedlingen-mangsidig-myndighet-i-framkant\\\/#breadcrumb\",\"itemListElement\":[{\"@type\":\"ListItem\",\"position\":1,\"name\":\"Home\",\"item\":\"https:\\\/\\\/framtidenskarriar.se\\\/itdata\\\/\"},{\"@type\":\"ListItem\",\"position\":2,\"name\":\"Arbetsf\u00f6rmedlingen m\u00e5ngsidig myndighet i framkant\"}]},{\"@type\":\"WebSite\",\"@id\":\"https:\\\/\\\/framtidenskarriar.se\\\/itdata\\\/#website\",\"url\":\"https:\\\/\\\/framtidenskarriar.se\\\/itdata\\\/\",\"name\":\"Framtidens karri\u00e4r IT & Data\",\"description\":\"Just another NMDashboard.se Sites site\",\"potentialAction\":[{\"@type\":\"SearchAction\",\"target\":{\"@type\":\"EntryPoint\",\"urlTemplate\":\"https:\\\/\\\/framtidenskarriar.se\\\/itdata\\\/?s={search_term_string}\"},\"query-input\":{\"@type\":\"PropertyValueSpecification\",\"valueRequired\":true,\"valueName\":\"search_term_string\"}}],\"inLanguage\":\"sv-SE\"},{\"@type\":\"Person\",\"@id\":\"https:\\\/\\\/framtidenskarriar.se\\\/itdata\\\/#\\\/schema\\\/person\\\/2a13a849ec7646386c2211f59afe3083\",\"name\":\"viktorwallen\",\"image\":{\"@type\":\"ImageObject\",\"inLanguage\":\"sv-SE\",\"@id\":\"https:\\\/\\\/secure.gravatar.com\\\/avatar\\\/701701bd36169636031933997c8c6b954f2f635bbb7cd4802e4a007f9c9f4e59?s=96&d=mm&r=g\",\"url\":\"https:\\\/\\\/secure.gravatar.com\\\/avatar\\\/701701bd36169636031933997c8c6b954f2f635bbb7cd4802e4a007f9c9f4e59?s=96&d=mm&r=g\",\"contentUrl\":\"https:\\\/\\\/secure.gravatar.com\\\/avatar\\\/701701bd36169636031933997c8c6b954f2f635bbb7cd4802e4a007f9c9f4e59?s=96&d=mm&r=g\",\"caption\":\"viktorwallen\"},\"url\":\"https:\\\/\\\/framtidenskarriar.se\\\/itdata\\\/author\\\/viktorwallen\\\/\"}]}<\/script>\n<!-- \/ Yoast SEO plugin. -->","yoast_head_json":{"title":"Arbetsf\u00f6rmedlingen m\u00e5ngsidig myndighet i framkant - Framtidens karri\u00e4r IT & Data","robots":{"index":"index","follow":"follow","max-snippet":"max-snippet:-1","max-image-preview":"max-image-preview:large","max-video-preview":"max-video-preview:-1"},"canonical":"https:\/\/framtidenskarriar.se\/itdata\/2020\/03\/10\/arbetsformedlingen-mangsidig-myndighet-i-framkant\/","og_locale":"sv_SE","og_type":"article","og_title":"Arbetsf\u00f6rmedlingen m\u00e5ngsidig myndighet i framkant - Framtidens karri\u00e4r IT & Data","og_description":"Vi har fokus p\u00e5 ny teknik, sj\u00e4lvledarskap och samh\u00e4llsnytta.","og_url":"https:\/\/framtidenskarriar.se\/itdata\/2020\/03\/10\/arbetsformedlingen-mangsidig-myndighet-i-framkant\/","og_site_name":"Framtidens karri\u00e4r IT & Data","article_published_time":"2020-03-10T14:50:37+00:00","article_modified_time":"2021-03-09T12:12:41+00:00","og_image":[{"width":1000,"height":622,"url":"https:\/\/framtidenskarriar.se\/itdata\/wp-content\/uploads\/sites\/13\/2020\/03\/arbetsformedlingen-2-utvald.jpg","type":"image\/jpeg"}],"author":"viktorwallen","twitter_card":"summary_large_image","twitter_misc":{"Skriven av":"viktorwallen","Ber\u00e4knad l\u00e4stid":"4 minuter"},"schema":{"@context":"https:\/\/schema.org","@graph":[{"@type":"Article","@id":"https:\/\/framtidenskarriar.se\/itdata\/2020\/03\/10\/arbetsformedlingen-mangsidig-myndighet-i-framkant\/#article","isPartOf":{"@id":"https:\/\/framtidenskarriar.se\/itdata\/2020\/03\/10\/arbetsformedlingen-mangsidig-myndighet-i-framkant\/"},"author":{"name":"viktorwallen","@id":"https:\/\/framtidenskarriar.se\/itdata\/#\/schema\/person\/2a13a849ec7646386c2211f59afe3083"},"headline":"Arbetsf\u00f6rmedlingen m\u00e5ngsidig myndighet i framkant","datePublished":"2020-03-10T14:50:37+00:00","dateModified":"2021-03-09T12:12:41+00:00","mainEntityOfPage":{"@id":"https:\/\/framtidenskarriar.se\/itdata\/2020\/03\/10\/arbetsformedlingen-mangsidig-myndighet-i-framkant\/"},"wordCount":897,"image":{"@id":"https:\/\/framtidenskarriar.se\/itdata\/2020\/03\/10\/arbetsformedlingen-mangsidig-myndighet-i-framkant\/#primaryimage"},"thumbnailUrl":"https:\/\/framtidenskarriar.se\/itdata\/wp-content\/uploads\/sites\/13\/2020\/03\/arbetsformedlingen-2-utvald.jpg","keywords":["AI","Analys","Arbetsf\u00f6rmedlingen","Artificiell intelligens","Jobba statligt","Myndighet","Samh\u00e4llsnytta","Sj\u00e4lvledarskap","Statligt","Utveckling"],"articleSection":["Presentation"],"inLanguage":"sv-SE"},{"@type":"WebPage","@id":"https:\/\/framtidenskarriar.se\/itdata\/2020\/03\/10\/arbetsformedlingen-mangsidig-myndighet-i-framkant\/","url":"https:\/\/framtidenskarriar.se\/itdata\/2020\/03\/10\/arbetsformedlingen-mangsidig-myndighet-i-framkant\/","name":"Arbetsf\u00f6rmedlingen m\u00e5ngsidig myndighet i framkant - Framtidens karri\u00e4r IT & Data","isPartOf":{"@id":"https:\/\/framtidenskarriar.se\/itdata\/#website"},"primaryImageOfPage":{"@id":"https:\/\/framtidenskarriar.se\/itdata\/2020\/03\/10\/arbetsformedlingen-mangsidig-myndighet-i-framkant\/#primaryimage"},"image":{"@id":"https:\/\/framtidenskarriar.se\/itdata\/2020\/03\/10\/arbetsformedlingen-mangsidig-myndighet-i-framkant\/#primaryimage"},"thumbnailUrl":"https:\/\/framtidenskarriar.se\/itdata\/wp-content\/uploads\/sites\/13\/2020\/03\/arbetsformedlingen-2-utvald.jpg","datePublished":"2020-03-10T14:50:37+00:00","dateModified":"2021-03-09T12:12:41+00:00","author":{"@id":"https:\/\/framtidenskarriar.se\/itdata\/#\/schema\/person\/2a13a849ec7646386c2211f59afe3083"},"breadcrumb":{"@id":"https:\/\/framtidenskarriar.se\/itdata\/2020\/03\/10\/arbetsformedlingen-mangsidig-myndighet-i-framkant\/#breadcrumb"},"inLanguage":"sv-SE","potentialAction":[{"@type":"ReadAction","target":["https:\/\/framtidenskarriar.se\/itdata\/2020\/03\/10\/arbetsformedlingen-mangsidig-myndighet-i-framkant\/"]}]},{"@type":"ImageObject","inLanguage":"sv-SE","@id":"https:\/\/framtidenskarriar.se\/itdata\/2020\/03\/10\/arbetsformedlingen-mangsidig-myndighet-i-framkant\/#primaryimage","url":"https:\/\/framtidenskarriar.se\/itdata\/wp-content\/uploads\/sites\/13\/2020\/03\/arbetsformedlingen-2-utvald.jpg","contentUrl":"https:\/\/framtidenskarriar.se\/itdata\/wp-content\/uploads\/sites\/13\/2020\/03\/arbetsformedlingen-2-utvald.jpg","width":1000,"height":622,"caption":"Delshad Khoshpasand och Malin Augustsson, arbetsf\u00f6rmedlingen"},{"@type":"BreadcrumbList","@id":"https:\/\/framtidenskarriar.se\/itdata\/2020\/03\/10\/arbetsformedlingen-mangsidig-myndighet-i-framkant\/#breadcrumb","itemListElement":[{"@type":"ListItem","position":1,"name":"Home","item":"https:\/\/framtidenskarriar.se\/itdata\/"},{"@type":"ListItem","position":2,"name":"Arbetsf\u00f6rmedlingen m\u00e5ngsidig myndighet i framkant"}]},{"@type":"WebSite","@id":"https:\/\/framtidenskarriar.se\/itdata\/#website","url":"https:\/\/framtidenskarriar.se\/itdata\/","name":"Framtidens karri\u00e4r IT & Data","description":"Just another NMDashboard.se Sites site","potentialAction":[{"@type":"SearchAction","target":{"@type":"EntryPoint","urlTemplate":"https:\/\/framtidenskarriar.se\/itdata\/?s={search_term_string}"},"query-input":{"@type":"PropertyValueSpecification","valueRequired":true,"valueName":"search_term_string"}}],"inLanguage":"sv-SE"},{"@type":"Person","@id":"https:\/\/framtidenskarriar.se\/itdata\/#\/schema\/person\/2a13a849ec7646386c2211f59afe3083","name":"viktorwallen","image":{"@type":"ImageObject","inLanguage":"sv-SE","@id":"https:\/\/secure.gravatar.com\/avatar\/701701bd36169636031933997c8c6b954f2f635bbb7cd4802e4a007f9c9f4e59?s=96&d=mm&r=g","url":"https:\/\/secure.gravatar.com\/avatar\/701701bd36169636031933997c8c6b954f2f635bbb7cd4802e4a007f9c9f4e59?s=96&d=mm&r=g","contentUrl":"https:\/\/secure.gravatar.com\/avatar\/701701bd36169636031933997c8c6b954f2f635bbb7cd4802e4a007f9c9f4e59?s=96&d=mm&r=g","caption":"viktorwallen"},"url":"https:\/\/framtidenskarriar.se\/itdata\/author\/viktorwallen\/"}]}},"_links":{"self":[{"href":"https:\/\/framtidenskarriar.se\/itdata\/wp-json\/wp\/v2\/posts\/6056","targetHints":{"allow":["GET"]}}],"collection":[{"href":"https:\/\/framtidenskarriar.se\/itdata\/wp-json\/wp\/v2\/posts"}],"about":[{"href":"https:\/\/framtidenskarriar.se\/itdata\/wp-json\/wp\/v2\/types\/post"}],"author":[{"embeddable":true,"href":"https:\/\/framtidenskarriar.se\/itdata\/wp-json\/wp\/v2\/users\/2"}],"replies":[{"embeddable":true,"href":"https:\/\/framtidenskarriar.se\/itdata\/wp-json\/wp\/v2\/comments?post=6056"}],"version-history":[{"count":5,"href":"https:\/\/framtidenskarriar.se\/itdata\/wp-json\/wp\/v2\/posts\/6056\/revisions"}],"predecessor-version":[{"id":6931,"href":"https:\/\/framtidenskarriar.se\/itdata\/wp-json\/wp\/v2\/posts\/6056\/revisions\/6931"}],"wp:featuredmedia":[{"embeddable":true,"href":"https:\/\/framtidenskarriar.se\/itdata\/wp-json\/wp\/v2\/media\/6626"}],"wp:attachment":[{"href":"https:\/\/framtidenskarriar.se\/itdata\/wp-json\/wp\/v2\/media?parent=6056"}],"wp:term":[{"taxonomy":"category","embeddable":true,"href":"https:\/\/framtidenskarriar.se\/itdata\/wp-json\/wp\/v2\/categories?post=6056"},{"taxonomy":"post_tag","embeddable":true,"href":"https:\/\/framtidenskarriar.se\/itdata\/wp-json\/wp\/v2\/tags?post=6056"}],"curies":[{"name":"wp","href":"https:\/\/api.w.org\/{rel}","templated":true}]}}