{"id":6078,"date":"2020-03-10T12:40:09","date_gmt":"2020-03-10T12:40:09","guid":{"rendered":"https:\/\/framtidenskarriar.se\/itdata\/?p=6078"},"modified":"2021-03-09T12:12:50","modified_gmt":"2021-03-09T12:12:50","slug":"utvecklande-it-jobb-med-fokus-pa-samhallsnytta","status":"publish","type":"post","link":"https:\/\/framtidenskarriar.se\/itdata\/2020\/03\/10\/utvecklande-it-jobb-med-fokus-pa-samhallsnytta\/","title":{"rendered":"It-jobb med fokus p\u00e5 samh\u00e4llsnytta"},"content":{"rendered":"\n<figure class=\"wp-block-image alignnone size-full wp-image-6079\"><img loading=\"lazy\" decoding=\"async\" width=\"1000\" height=\"637\" src=\"https:\/\/framtidenskarriar.se\/itdata\/wp-content\/uploads\/sites\/13\/2020\/03\/tullverket-443a3894-fotografvivekaosterman.jpg\" alt=\"Fredrik Lundstr\u00f6m, it-chef och Ida Eriksson, f\u00f6rvaltningsledare p\u00e5 Tullverket i Lule\u00e5. Foto: Viveka \u00d6sterman\" class=\"wp-image-6079\" srcset=\"https:\/\/framtidenskarriar.se\/itdata\/wp-content\/uploads\/sites\/13\/2020\/03\/tullverket-443a3894-fotografvivekaosterman.jpg 1000w, https:\/\/framtidenskarriar.se\/itdata\/wp-content\/uploads\/sites\/13\/2020\/03\/tullverket-443a3894-fotografvivekaosterman-300x191.jpg 300w, https:\/\/framtidenskarriar.se\/itdata\/wp-content\/uploads\/sites\/13\/2020\/03\/tullverket-443a3894-fotografvivekaosterman-768x489.jpg 768w, https:\/\/framtidenskarriar.se\/itdata\/wp-content\/uploads\/sites\/13\/2020\/03\/tullverket-443a3894-fotografvivekaosterman-251x160.jpg 251w, https:\/\/framtidenskarriar.se\/itdata\/wp-content\/uploads\/sites\/13\/2020\/03\/tullverket-443a3894-fotografvivekaosterman-526x335.jpg 526w, https:\/\/framtidenskarriar.se\/itdata\/wp-content\/uploads\/sites\/13\/2020\/03\/tullverket-443a3894-fotografvivekaosterman-720x459.jpg 720w, https:\/\/framtidenskarriar.se\/itdata\/wp-content\/uploads\/sites\/13\/2020\/03\/tullverket-443a3894-fotografvivekaosterman-960x612.jpg 960w\" sizes=\"auto, (max-width: 1000px) 100vw, 1000px\" \/><figcaption>Fredrik Lundstr\u00f6m, it-chef och Ida Eriksson, f\u00f6rvaltningsledare p\u00e5 Tullverket i Lule\u00e5. Foto: Viveka \u00d6sterman<\/figcaption><\/figure>\n\n\n\n<p><strong>Tullverkets it-avdelning har all verksamhet samlad under ett och samma tak.<br>\u2013 H\u00e4r finns m\u00e5nga karri\u00e4rv\u00e4gar f\u00f6r den som vill kombinera sitt intresse f\u00f6r IT med utvecklande arbetsuppgifter som bidrar till samh\u00e4llsnytta, s\u00e4ger Fredrik Lundstr\u00f6m, it-chef p\u00e5 Tullverket i Lule\u00e5.<\/strong><\/p>\n\n\n\n<p>Medarbetarna p\u00e5 Tullverkets it-avdelning t\u00e4cker hela spektrumet av arbetsuppgifter som f\u00f6rekommer p\u00e5 en it-avdelning och lite till. Ut\u00f6ver de vanliga administrativa systemen finns h\u00e4r \u00e4ven system f\u00f6r bland annat brottsbek\u00e4mpning och effektiv handel.<br>\u2013 Vi g\u00f6r allt i egen regi, har egen serverhall och utvecklar och driftar de allra flesta system sj\u00e4lva. Eftersom vi \u00e4r en stor och omf\u00e5ngsrik organisation som jobbar med det mesta finns det alltid m\u00f6jlighet att prova andra arbetsuppgifter. H\u00e4r kan man utvecklas efter sitt eget intresse, ber\u00e4ttar it-chefen Fredrik Lundstr\u00f6m.<br>Han f\u00e5r medh\u00e5ll av Ida Eriksson, f\u00f6rvaltningsledare, som b\u00f6rjade p\u00e5 Tullverket f\u00f6r tv\u00e5 \u00e5r sedan.<br>\u2013 Jag arbetade tidigare som konsult, hade ett halv\u00e5rsuppdrag h\u00e4r p\u00e5 avdelningen och trivdes s\u00e5 bra att jag blev kvar. Det som lockade var framf\u00f6rallt m\u00f6jligheten att kunna arbeta mer l\u00e5ngsiktigt och f\u00e5 utveckla mina kunskaper p\u00e5 djupet.<\/p>\n\n\n\n<p><strong>Innovation<\/strong><br>Med facit i hand k\u00e4nner hon att valet var helt r\u00e4tt.<br>\u2013 Absolut, det \u00e4r en j\u00e4ttebra arbetsplats med h\u00f6gt i tak vilket \u00e4r sk\u00f6nt, inte minst n\u00e4r man som jag \u00e4r relativt ny i branschen. H\u00e4r finns en bra mix av erfarna och mer juniora medarbetare vilket g\u00f6r att det alltid finns n\u00e5gon som kan svara p\u00e5 de fr\u00e5gor som dyker upp.<br>Just nu arbetar avdelningen f\u00f6r fullt med att i samarbete med andra EU-l\u00e4nder digitalisera all tullhantering.<br>\u2013 Det inneb\u00e4r att vi utvecklar EU-gemensamma st\u00f6d f\u00f6r underr\u00e4ttelse, analys och brottsutredning. Vi har ocks\u00e5 ett ganska nytt, sp\u00e4nnande projekt kring innovation, d\u00e4r vi bland annat g\u00f6r utv\u00e4rderingar av ny teknik och tittar n\u00e4rmare p\u00e5 hur vi kan anv\u00e4nda till exempel AI, VR, AR och dr\u00f6nare. Om man vill ha ett roligt jobb, arbeta med sp\u00e4nnande teknik och bidra till samh\u00e4llsnyttan s\u00e5 \u00e4r det h\u00e4r helt r\u00e4tt plats, fastsl\u00e5r Fredrik Lundstr\u00f6m.<\/p>\n\n\n\n<div class=\"wp-block-group has-color-gray-01-background-color has-background\"><div class=\"wp-block-group__inner-container is-layout-flow wp-block-group-is-layout-flow\">\n<h3 class=\"wp-block-heading\">Vill du vara med och utveckla it-st\u00f6d till nytta f\u00f6r medborgarna?<\/h3>\n\n\n\n<p><strong><a title=\"Tullverket pres jobb ans\u00f6k 1\" href=\"https:\/\/www.tullverket.se\/sv\/omoss\/jobbahososs\/jobbapaitavdelningen.4.7928802816bd208774cfa8.html\" target=\"_blank\" rel=\"noopener noreferrer\">Jobba p\u00e5 Tullverkets IT-avdelning. Klicka h\u00e4r och ans\u00f6k<\/a><\/strong><br><br><strong><a title=\"Tullverket pres jobb ans\u00f6k 2\" href=\"https:\/\/www.tullverket.se\/sv\/omoss\/jobbahososs\/ledigajobb.4.7df61c5915510cfe9e7ed65.html\" target=\"_blank\" rel=\"noopener noreferrer\">Klicka h\u00e4r f\u00f6r att se alla v\u00e5ra lediga tj\u00e4nster<\/a><\/strong><\/p>\n<\/div><\/div>\n\n\n\n<div class=\"wp-block-group faktaruta\"><div class=\"wp-block-group__inner-container is-layout-flow wp-block-group-is-layout-flow\">\n<h6 class=\"wp-block-heading\">Tullverket<\/h6>\n\n\n\n<p>Tullverkets it-avdelning har ett brett uppdrag, ligger l\u00e5ngt fram tekniskt sett och satsar mycket p\u00e5 digitalisering. Avdelningen i Lule\u00e5 \u00e4r med sina cirka 200 anst\u00e4llda norra Sveriges st\u00f6rsta arbetsgivare inom it. Hos oss \u00e4r du delaktig i utvecklingen inom flera sp\u00e4nnande verksamhetsomr\u00e5den och arbetar sida vid sida med bland annat systemutvecklare, systemtekniker och webbutvecklare.<\/p>\n\n\n\n<p><strong><a title=\"Tullverket textlink\" href=\"https:\/\/www.tullverket.se\/sv\/privat\" target=\"_blank\" rel=\"noopener noreferrer\">www.tullverket.se<\/a><\/strong><br><br><a href=\"https:\/\/www.tullverket.se\/sv\/privat\" title=\"Tullverket logotype\" target=\"_blank\" rel=\"noreferrer noopener\"><img loading=\"lazy\" decoding=\"async\" width=\"150\" height=\"47\" class=\"wp-image-6080\" style=\"width: 150px;\" src=\"https:\/\/framtidenskarriar.se\/itdata\/wp-content\/uploads\/sites\/13\/2020\/03\/tullverket-1tv-cmyk.png\" alt=\"\" srcset=\"https:\/\/framtidenskarriar.se\/itdata\/wp-content\/uploads\/sites\/13\/2020\/03\/tullverket-1tv-cmyk.png 750w, https:\/\/framtidenskarriar.se\/itdata\/wp-content\/uploads\/sites\/13\/2020\/03\/tullverket-1tv-cmyk-300x95.png 300w, https:\/\/framtidenskarriar.se\/itdata\/wp-content\/uploads\/sites\/13\/2020\/03\/tullverket-1tv-cmyk-506x160.png 506w, https:\/\/framtidenskarriar.se\/itdata\/wp-content\/uploads\/sites\/13\/2020\/03\/tullverket-1tv-cmyk-526x166.png 526w, https:\/\/framtidenskarriar.se\/itdata\/wp-content\/uploads\/sites\/13\/2020\/03\/tullverket-1tv-cmyk-720x228.png 720w\" sizes=\"auto, (max-width: 150px) 100vw, 150px\" \/><\/a><\/p>\n<\/div><\/div>\n","protected":false},"excerpt":{"rendered":"<p>Vill du kombinera ditt intresse f\u00f6r IT med utvecklande arbetsuppgifter som bidrar till samh\u00e4llsnytta?<\/p>\n","protected":false},"author":2,"featured_media":6629,"comment_status":"closed","ping_status":"open","sticky":false,"template":"","format":"standard","meta":{"_acf_changed":false,"_monsterinsights_skip_tracking":false,"_monsterinsights_sitenote_active":false,"_monsterinsights_sitenote_note":"","_monsterinsights_sitenote_category":0,"footnotes":""},"categories":[9],"tags":[118,123,128,140,181,241,252],"class_list":["post-6078","post","type-post","status-publish","format-standard","has-post-thumbnail","hentry","category-presentation","tag-innovation","tag-it","tag-it-avdelning","tag-jobba-statligt","tag-myndighet","tag-statligt","tag-tullverket"],"acf":[],"yoast_head":"<!-- This site is optimized with the Yoast SEO plugin v27.3 - https:\/\/yoast.com\/product\/yoast-seo-wordpress\/ -->\n<title>It-jobb med fokus p\u00e5 samh\u00e4llsnytta - Framtidens karri\u00e4r IT &amp; Data<\/title>\n<meta name=\"robots\" content=\"index, follow, max-snippet:-1, max-image-preview:large, max-video-preview:-1\" \/>\n<link rel=\"canonical\" href=\"https:\/\/framtidenskarriar.se\/itdata\/2020\/03\/10\/utvecklande-it-jobb-med-fokus-pa-samhallsnytta\/\" \/>\n<meta property=\"og:locale\" content=\"sv_SE\" \/>\n<meta property=\"og:type\" content=\"article\" \/>\n<meta property=\"og:title\" content=\"It-jobb med fokus p\u00e5 samh\u00e4llsnytta - Framtidens karri\u00e4r IT &amp; Data\" \/>\n<meta property=\"og:description\" content=\"Vill du kombinera ditt intresse f\u00f6r IT med utvecklande arbetsuppgifter som bidrar till samh\u00e4llsnytta?\" \/>\n<meta property=\"og:url\" content=\"https:\/\/framtidenskarriar.se\/itdata\/2020\/03\/10\/utvecklande-it-jobb-med-fokus-pa-samhallsnytta\/\" \/>\n<meta property=\"og:site_name\" content=\"Framtidens karri\u00e4r IT &amp; Data\" \/>\n<meta property=\"article:published_time\" content=\"2020-03-10T12:40:09+00:00\" \/>\n<meta property=\"article:modified_time\" content=\"2021-03-09T12:12:50+00:00\" \/>\n<meta property=\"og:image\" content=\"https:\/\/framtidenskarriar.se\/itdata\/wp-content\/uploads\/sites\/13\/2020\/03\/tullverket-utvald-ny.jpg\" \/>\n\t<meta property=\"og:image:width\" content=\"1000\" \/>\n\t<meta property=\"og:image:height\" content=\"589\" \/>\n\t<meta property=\"og:image:type\" content=\"image\/jpeg\" \/>\n<meta name=\"author\" content=\"viktorwallen\" \/>\n<meta name=\"twitter:card\" content=\"summary_large_image\" \/>\n<meta name=\"twitter:label1\" content=\"Skriven av\" \/>\n\t<meta name=\"twitter:data1\" content=\"viktorwallen\" \/>\n\t<meta name=\"twitter:label2\" content=\"Ber\u00e4knad l\u00e4stid\" \/>\n\t<meta name=\"twitter:data2\" content=\"3 minuter\" \/>\n<script type=\"application\/ld+json\" class=\"yoast-schema-graph\">{\"@context\":\"https:\\\/\\\/schema.org\",\"@graph\":[{\"@type\":\"Article\",\"@id\":\"https:\\\/\\\/framtidenskarriar.se\\\/itdata\\\/2020\\\/03\\\/10\\\/utvecklande-it-jobb-med-fokus-pa-samhallsnytta\\\/#article\",\"isPartOf\":{\"@id\":\"https:\\\/\\\/framtidenskarriar.se\\\/itdata\\\/2020\\\/03\\\/10\\\/utvecklande-it-jobb-med-fokus-pa-samhallsnytta\\\/\"},\"author\":{\"name\":\"viktorwallen\",\"@id\":\"https:\\\/\\\/framtidenskarriar.se\\\/itdata\\\/#\\\/schema\\\/person\\\/2a13a849ec7646386c2211f59afe3083\"},\"headline\":\"It-jobb med fokus p\u00e5 samh\u00e4llsnytta\",\"datePublished\":\"2020-03-10T12:40:09+00:00\",\"dateModified\":\"2021-03-09T12:12:50+00:00\",\"mainEntityOfPage\":{\"@id\":\"https:\\\/\\\/framtidenskarriar.se\\\/itdata\\\/2020\\\/03\\\/10\\\/utvecklande-it-jobb-med-fokus-pa-samhallsnytta\\\/\"},\"wordCount\":506,\"image\":{\"@id\":\"https:\\\/\\\/framtidenskarriar.se\\\/itdata\\\/2020\\\/03\\\/10\\\/utvecklande-it-jobb-med-fokus-pa-samhallsnytta\\\/#primaryimage\"},\"thumbnailUrl\":\"https:\\\/\\\/framtidenskarriar.se\\\/itdata\\\/wp-content\\\/uploads\\\/sites\\\/13\\\/2020\\\/03\\\/tullverket-utvald-ny.jpg\",\"keywords\":[\"Innovation\",\"IT\",\"IT-avdelning\",\"Jobba statligt\",\"Myndighet\",\"Statligt\",\"Tullverket\"],\"articleSection\":[\"Presentation\"],\"inLanguage\":\"sv-SE\"},{\"@type\":\"WebPage\",\"@id\":\"https:\\\/\\\/framtidenskarriar.se\\\/itdata\\\/2020\\\/03\\\/10\\\/utvecklande-it-jobb-med-fokus-pa-samhallsnytta\\\/\",\"url\":\"https:\\\/\\\/framtidenskarriar.se\\\/itdata\\\/2020\\\/03\\\/10\\\/utvecklande-it-jobb-med-fokus-pa-samhallsnytta\\\/\",\"name\":\"It-jobb med fokus p\u00e5 samh\u00e4llsnytta - Framtidens karri\u00e4r IT & Data\",\"isPartOf\":{\"@id\":\"https:\\\/\\\/framtidenskarriar.se\\\/itdata\\\/#website\"},\"primaryImageOfPage\":{\"@id\":\"https:\\\/\\\/framtidenskarriar.se\\\/itdata\\\/2020\\\/03\\\/10\\\/utvecklande-it-jobb-med-fokus-pa-samhallsnytta\\\/#primaryimage\"},\"image\":{\"@id\":\"https:\\\/\\\/framtidenskarriar.se\\\/itdata\\\/2020\\\/03\\\/10\\\/utvecklande-it-jobb-med-fokus-pa-samhallsnytta\\\/#primaryimage\"},\"thumbnailUrl\":\"https:\\\/\\\/framtidenskarriar.se\\\/itdata\\\/wp-content\\\/uploads\\\/sites\\\/13\\\/2020\\\/03\\\/tullverket-utvald-ny.jpg\",\"datePublished\":\"2020-03-10T12:40:09+00:00\",\"dateModified\":\"2021-03-09T12:12:50+00:00\",\"author\":{\"@id\":\"https:\\\/\\\/framtidenskarriar.se\\\/itdata\\\/#\\\/schema\\\/person\\\/2a13a849ec7646386c2211f59afe3083\"},\"breadcrumb\":{\"@id\":\"https:\\\/\\\/framtidenskarriar.se\\\/itdata\\\/2020\\\/03\\\/10\\\/utvecklande-it-jobb-med-fokus-pa-samhallsnytta\\\/#breadcrumb\"},\"inLanguage\":\"sv-SE\",\"potentialAction\":[{\"@type\":\"ReadAction\",\"target\":[\"https:\\\/\\\/framtidenskarriar.se\\\/itdata\\\/2020\\\/03\\\/10\\\/utvecklande-it-jobb-med-fokus-pa-samhallsnytta\\\/\"]}]},{\"@type\":\"ImageObject\",\"inLanguage\":\"sv-SE\",\"@id\":\"https:\\\/\\\/framtidenskarriar.se\\\/itdata\\\/2020\\\/03\\\/10\\\/utvecklande-it-jobb-med-fokus-pa-samhallsnytta\\\/#primaryimage\",\"url\":\"https:\\\/\\\/framtidenskarriar.se\\\/itdata\\\/wp-content\\\/uploads\\\/sites\\\/13\\\/2020\\\/03\\\/tullverket-utvald-ny.jpg\",\"contentUrl\":\"https:\\\/\\\/framtidenskarriar.se\\\/itdata\\\/wp-content\\\/uploads\\\/sites\\\/13\\\/2020\\\/03\\\/tullverket-utvald-ny.jpg\",\"width\":1000,\"height\":589},{\"@type\":\"BreadcrumbList\",\"@id\":\"https:\\\/\\\/framtidenskarriar.se\\\/itdata\\\/2020\\\/03\\\/10\\\/utvecklande-it-jobb-med-fokus-pa-samhallsnytta\\\/#breadcrumb\",\"itemListElement\":[{\"@type\":\"ListItem\",\"position\":1,\"name\":\"Home\",\"item\":\"https:\\\/\\\/framtidenskarriar.se\\\/itdata\\\/\"},{\"@type\":\"ListItem\",\"position\":2,\"name\":\"It-jobb med fokus p\u00e5 samh\u00e4llsnytta\"}]},{\"@type\":\"WebSite\",\"@id\":\"https:\\\/\\\/framtidenskarriar.se\\\/itdata\\\/#website\",\"url\":\"https:\\\/\\\/framtidenskarriar.se\\\/itdata\\\/\",\"name\":\"Framtidens karri\u00e4r IT & Data\",\"description\":\"Just another NMDashboard.se Sites site\",\"potentialAction\":[{\"@type\":\"SearchAction\",\"target\":{\"@type\":\"EntryPoint\",\"urlTemplate\":\"https:\\\/\\\/framtidenskarriar.se\\\/itdata\\\/?s={search_term_string}\"},\"query-input\":{\"@type\":\"PropertyValueSpecification\",\"valueRequired\":true,\"valueName\":\"search_term_string\"}}],\"inLanguage\":\"sv-SE\"},{\"@type\":\"Person\",\"@id\":\"https:\\\/\\\/framtidenskarriar.se\\\/itdata\\\/#\\\/schema\\\/person\\\/2a13a849ec7646386c2211f59afe3083\",\"name\":\"viktorwallen\",\"image\":{\"@type\":\"ImageObject\",\"inLanguage\":\"sv-SE\",\"@id\":\"https:\\\/\\\/secure.gravatar.com\\\/avatar\\\/701701bd36169636031933997c8c6b954f2f635bbb7cd4802e4a007f9c9f4e59?s=96&d=mm&r=g\",\"url\":\"https:\\\/\\\/secure.gravatar.com\\\/avatar\\\/701701bd36169636031933997c8c6b954f2f635bbb7cd4802e4a007f9c9f4e59?s=96&d=mm&r=g\",\"contentUrl\":\"https:\\\/\\\/secure.gravatar.com\\\/avatar\\\/701701bd36169636031933997c8c6b954f2f635bbb7cd4802e4a007f9c9f4e59?s=96&d=mm&r=g\",\"caption\":\"viktorwallen\"},\"url\":\"https:\\\/\\\/framtidenskarriar.se\\\/itdata\\\/author\\\/viktorwallen\\\/\"}]}<\/script>\n<!-- \/ Yoast SEO plugin. -->","yoast_head_json":{"title":"It-jobb med fokus p\u00e5 samh\u00e4llsnytta - Framtidens karri\u00e4r IT & Data","robots":{"index":"index","follow":"follow","max-snippet":"max-snippet:-1","max-image-preview":"max-image-preview:large","max-video-preview":"max-video-preview:-1"},"canonical":"https:\/\/framtidenskarriar.se\/itdata\/2020\/03\/10\/utvecklande-it-jobb-med-fokus-pa-samhallsnytta\/","og_locale":"sv_SE","og_type":"article","og_title":"It-jobb med fokus p\u00e5 samh\u00e4llsnytta - Framtidens karri\u00e4r IT & Data","og_description":"Vill du kombinera ditt intresse f\u00f6r IT med utvecklande arbetsuppgifter som bidrar till samh\u00e4llsnytta?","og_url":"https:\/\/framtidenskarriar.se\/itdata\/2020\/03\/10\/utvecklande-it-jobb-med-fokus-pa-samhallsnytta\/","og_site_name":"Framtidens karri\u00e4r IT & Data","article_published_time":"2020-03-10T12:40:09+00:00","article_modified_time":"2021-03-09T12:12:50+00:00","og_image":[{"width":1000,"height":589,"url":"https:\/\/framtidenskarriar.se\/itdata\/wp-content\/uploads\/sites\/13\/2020\/03\/tullverket-utvald-ny.jpg","type":"image\/jpeg"}],"author":"viktorwallen","twitter_card":"summary_large_image","twitter_misc":{"Skriven av":"viktorwallen","Ber\u00e4knad l\u00e4stid":"3 minuter"},"schema":{"@context":"https:\/\/schema.org","@graph":[{"@type":"Article","@id":"https:\/\/framtidenskarriar.se\/itdata\/2020\/03\/10\/utvecklande-it-jobb-med-fokus-pa-samhallsnytta\/#article","isPartOf":{"@id":"https:\/\/framtidenskarriar.se\/itdata\/2020\/03\/10\/utvecklande-it-jobb-med-fokus-pa-samhallsnytta\/"},"author":{"name":"viktorwallen","@id":"https:\/\/framtidenskarriar.se\/itdata\/#\/schema\/person\/2a13a849ec7646386c2211f59afe3083"},"headline":"It-jobb med fokus p\u00e5 samh\u00e4llsnytta","datePublished":"2020-03-10T12:40:09+00:00","dateModified":"2021-03-09T12:12:50+00:00","mainEntityOfPage":{"@id":"https:\/\/framtidenskarriar.se\/itdata\/2020\/03\/10\/utvecklande-it-jobb-med-fokus-pa-samhallsnytta\/"},"wordCount":506,"image":{"@id":"https:\/\/framtidenskarriar.se\/itdata\/2020\/03\/10\/utvecklande-it-jobb-med-fokus-pa-samhallsnytta\/#primaryimage"},"thumbnailUrl":"https:\/\/framtidenskarriar.se\/itdata\/wp-content\/uploads\/sites\/13\/2020\/03\/tullverket-utvald-ny.jpg","keywords":["Innovation","IT","IT-avdelning","Jobba statligt","Myndighet","Statligt","Tullverket"],"articleSection":["Presentation"],"inLanguage":"sv-SE"},{"@type":"WebPage","@id":"https:\/\/framtidenskarriar.se\/itdata\/2020\/03\/10\/utvecklande-it-jobb-med-fokus-pa-samhallsnytta\/","url":"https:\/\/framtidenskarriar.se\/itdata\/2020\/03\/10\/utvecklande-it-jobb-med-fokus-pa-samhallsnytta\/","name":"It-jobb med fokus p\u00e5 samh\u00e4llsnytta - Framtidens karri\u00e4r IT & Data","isPartOf":{"@id":"https:\/\/framtidenskarriar.se\/itdata\/#website"},"primaryImageOfPage":{"@id":"https:\/\/framtidenskarriar.se\/itdata\/2020\/03\/10\/utvecklande-it-jobb-med-fokus-pa-samhallsnytta\/#primaryimage"},"image":{"@id":"https:\/\/framtidenskarriar.se\/itdata\/2020\/03\/10\/utvecklande-it-jobb-med-fokus-pa-samhallsnytta\/#primaryimage"},"thumbnailUrl":"https:\/\/framtidenskarriar.se\/itdata\/wp-content\/uploads\/sites\/13\/2020\/03\/tullverket-utvald-ny.jpg","datePublished":"2020-03-10T12:40:09+00:00","dateModified":"2021-03-09T12:12:50+00:00","author":{"@id":"https:\/\/framtidenskarriar.se\/itdata\/#\/schema\/person\/2a13a849ec7646386c2211f59afe3083"},"breadcrumb":{"@id":"https:\/\/framtidenskarriar.se\/itdata\/2020\/03\/10\/utvecklande-it-jobb-med-fokus-pa-samhallsnytta\/#breadcrumb"},"inLanguage":"sv-SE","potentialAction":[{"@type":"ReadAction","target":["https:\/\/framtidenskarriar.se\/itdata\/2020\/03\/10\/utvecklande-it-jobb-med-fokus-pa-samhallsnytta\/"]}]},{"@type":"ImageObject","inLanguage":"sv-SE","@id":"https:\/\/framtidenskarriar.se\/itdata\/2020\/03\/10\/utvecklande-it-jobb-med-fokus-pa-samhallsnytta\/#primaryimage","url":"https:\/\/framtidenskarriar.se\/itdata\/wp-content\/uploads\/sites\/13\/2020\/03\/tullverket-utvald-ny.jpg","contentUrl":"https:\/\/framtidenskarriar.se\/itdata\/wp-content\/uploads\/sites\/13\/2020\/03\/tullverket-utvald-ny.jpg","width":1000,"height":589},{"@type":"BreadcrumbList","@id":"https:\/\/framtidenskarriar.se\/itdata\/2020\/03\/10\/utvecklande-it-jobb-med-fokus-pa-samhallsnytta\/#breadcrumb","itemListElement":[{"@type":"ListItem","position":1,"name":"Home","item":"https:\/\/framtidenskarriar.se\/itdata\/"},{"@type":"ListItem","position":2,"name":"It-jobb med fokus p\u00e5 samh\u00e4llsnytta"}]},{"@type":"WebSite","@id":"https:\/\/framtidenskarriar.se\/itdata\/#website","url":"https:\/\/framtidenskarriar.se\/itdata\/","name":"Framtidens karri\u00e4r IT & Data","description":"Just another NMDashboard.se Sites site","potentialAction":[{"@type":"SearchAction","target":{"@type":"EntryPoint","urlTemplate":"https:\/\/framtidenskarriar.se\/itdata\/?s={search_term_string}"},"query-input":{"@type":"PropertyValueSpecification","valueRequired":true,"valueName":"search_term_string"}}],"inLanguage":"sv-SE"},{"@type":"Person","@id":"https:\/\/framtidenskarriar.se\/itdata\/#\/schema\/person\/2a13a849ec7646386c2211f59afe3083","name":"viktorwallen","image":{"@type":"ImageObject","inLanguage":"sv-SE","@id":"https:\/\/secure.gravatar.com\/avatar\/701701bd36169636031933997c8c6b954f2f635bbb7cd4802e4a007f9c9f4e59?s=96&d=mm&r=g","url":"https:\/\/secure.gravatar.com\/avatar\/701701bd36169636031933997c8c6b954f2f635bbb7cd4802e4a007f9c9f4e59?s=96&d=mm&r=g","contentUrl":"https:\/\/secure.gravatar.com\/avatar\/701701bd36169636031933997c8c6b954f2f635bbb7cd4802e4a007f9c9f4e59?s=96&d=mm&r=g","caption":"viktorwallen"},"url":"https:\/\/framtidenskarriar.se\/itdata\/author\/viktorwallen\/"}]}},"_links":{"self":[{"href":"https:\/\/framtidenskarriar.se\/itdata\/wp-json\/wp\/v2\/posts\/6078","targetHints":{"allow":["GET"]}}],"collection":[{"href":"https:\/\/framtidenskarriar.se\/itdata\/wp-json\/wp\/v2\/posts"}],"about":[{"href":"https:\/\/framtidenskarriar.se\/itdata\/wp-json\/wp\/v2\/types\/post"}],"author":[{"embeddable":true,"href":"https:\/\/framtidenskarriar.se\/itdata\/wp-json\/wp\/v2\/users\/2"}],"replies":[{"embeddable":true,"href":"https:\/\/framtidenskarriar.se\/itdata\/wp-json\/wp\/v2\/comments?post=6078"}],"version-history":[{"count":7,"href":"https:\/\/framtidenskarriar.se\/itdata\/wp-json\/wp\/v2\/posts\/6078\/revisions"}],"predecessor-version":[{"id":6933,"href":"https:\/\/framtidenskarriar.se\/itdata\/wp-json\/wp\/v2\/posts\/6078\/revisions\/6933"}],"wp:featuredmedia":[{"embeddable":true,"href":"https:\/\/framtidenskarriar.se\/itdata\/wp-json\/wp\/v2\/media\/6629"}],"wp:attachment":[{"href":"https:\/\/framtidenskarriar.se\/itdata\/wp-json\/wp\/v2\/media?parent=6078"}],"wp:term":[{"taxonomy":"category","embeddable":true,"href":"https:\/\/framtidenskarriar.se\/itdata\/wp-json\/wp\/v2\/categories?post=6078"},{"taxonomy":"post_tag","embeddable":true,"href":"https:\/\/framtidenskarriar.se\/itdata\/wp-json\/wp\/v2\/tags?post=6078"}],"curies":[{"name":"wp","href":"https:\/\/api.w.org\/{rel}","templated":true}]}}