{"id":6083,"date":"2020-03-10T14:47:44","date_gmt":"2020-03-10T14:47:44","guid":{"rendered":"https:\/\/framtidenskarriar.se\/itdata\/?p=6083"},"modified":"2021-03-09T12:12:45","modified_gmt":"2021-03-09T12:12:45","slug":"agilt-modernt-och-innovativt-pa-kronofogden","status":"publish","type":"post","link":"https:\/\/framtidenskarriar.se\/itdata\/2020\/03\/10\/agilt-modernt-och-innovativt-pa-kronofogden\/","title":{"rendered":"Agilt, modernt och innovativt p\u00e5 Kronofogden"},"content":{"rendered":"\n<figure class=\"wp-block-image alignnone size-full wp-image-6084\"><img loading=\"lazy\" decoding=\"async\" width=\"1000\" height=\"654\" src=\"https:\/\/framtidenskarriar.se\/itdata\/wp-content\/uploads\/sites\/13\/2020\/03\/kronofogden-y5a4362.jpg\" alt=\"Malin Holmvall, sektionschef hos Kronofogden. Foto: Gonzalo Irigoyen\" class=\"wp-image-6084\" srcset=\"https:\/\/framtidenskarriar.se\/itdata\/wp-content\/uploads\/sites\/13\/2020\/03\/kronofogden-y5a4362.jpg 1000w, https:\/\/framtidenskarriar.se\/itdata\/wp-content\/uploads\/sites\/13\/2020\/03\/kronofogden-y5a4362-300x196.jpg 300w, https:\/\/framtidenskarriar.se\/itdata\/wp-content\/uploads\/sites\/13\/2020\/03\/kronofogden-y5a4362-768x502.jpg 768w, https:\/\/framtidenskarriar.se\/itdata\/wp-content\/uploads\/sites\/13\/2020\/03\/kronofogden-y5a4362-245x160.jpg 245w, https:\/\/framtidenskarriar.se\/itdata\/wp-content\/uploads\/sites\/13\/2020\/03\/kronofogden-y5a4362-526x344.jpg 526w, https:\/\/framtidenskarriar.se\/itdata\/wp-content\/uploads\/sites\/13\/2020\/03\/kronofogden-y5a4362-720x471.jpg 720w, https:\/\/framtidenskarriar.se\/itdata\/wp-content\/uploads\/sites\/13\/2020\/03\/kronofogden-y5a4362-960x628.jpg 960w\" sizes=\"auto, (max-width: 1000px) 100vw, 1000px\" \/><figcaption>Malin Holmvall, sektionschef hos Kronofogden. Foto: Gonzalo Irigoyen<\/figcaption><\/figure>\n\n\n\n<p><strong>Gl\u00f6m bilden av myndigheter som hierarkiska, tr\u00f6ga och gammeldags. P\u00e5 Kronofogden arbetar du i ett agilt team, med modern teknik, l\u00f6sningar i framkanten och i en kultur d\u00e4r dina id\u00e9er tas till vara.<\/strong><\/p>\n\n\n\n<p>\u2013 H\u00e4r kan man verkligen p\u00e5verka och s\u00e4tta avtryck. Det \u00e4r h\u00f6gt i tak och en otroligt positiv st\u00e4mning. Grundinst\u00e4llningen hos medarbetare och ledning \u00e4r att vilja testa nya id\u00e9er och uppmuntra egna initiativ. Det finns verkligen alla m\u00f6jligheter att f\u00e5 en sp\u00e4nnande och rolig karri\u00e4r, ber\u00e4ttar sektionschefen Malin Holmvall.<br>Malin kom till Kronofogden f\u00f6r sex \u00e5r sedan d\u00e4rf\u00f6r att hon lockades av m\u00f6jligheten att f\u00e5 vara med fr\u00e5n b\u00f6rjan n\u00e4r myndigheten skulle bygga upp en ny, egen it-avdelning. Arkitekturen \u00e4r modern och h\u00e4ndelsedriven, och till sommaren har vi ersatt den sista stordatorn. It-avdelningen p\u00e5 Kronofogden pr\u00e4glas av en stor dos pionj\u00e4randa, med drivna, nyt\u00e4nkande och engagerade medarbetare.<br>\u2013 Vi har rekryterat enormt kompetenta medarbetare, som jobbar innovativt. En stor del av v\u00e5rt arbete \u00e4r systemutveckling, med fokus p\u00e5 ny- och vidareutveckling av digitala l\u00f6sningar, s\u00e5 det \u00e4r verkligen kreativt, s\u00e4ger Malin.<\/p>\n\n\n\n<p class=\"has-color-gray-01-background-color has-background\"><strong><a title=\"Kronofogden pres jobb ans\u00f6k\" href=\"https:\/\/www.kronofogden.se\/Ledigajobb.html\" target=\"_blank\" rel=\"noopener noreferrer\">Jobba med IT hos oss p\u00e5 Kronofogden. Klicka h\u00e4r f\u00f6r att se v\u00e5ra lediga tj\u00e4nster<\/a><\/strong><\/p>\n\n\n\n<p><strong>Kompetensutveckling<\/strong><br>Oavsett om du vill pr\u00f6va olika roller och arbeta som generalist eller f\u00f6rdjupa dig inom ett omr\u00e5de och bli specialist finns alla m\u00f6jligheter till vidareutbildning. P\u00e5 Kronofogden avs\u00e4tts flera timmar i veckan till egen kompetensutveckling och det finns flera portaler f\u00f6r sj\u00e4lvstudier. L\u00f6nerna \u00e4r i paritet med privata arbetsgivare och arbetsvillkoren i \u00f6vrigt \u00e4r mycket goda. Kronofogden \u00e4r en arbetsplats d\u00e4r man \u00e4r m\u00e5n om att personalen ska trivas och m\u00e5 bra.<br>\u2013 Det finns en stark medvetenhet om att livspusslet ska fungera. H\u00e4r \u00e4r det sj\u00e4lvklart att man ska kunna kombinera familjeliv med en stimulerande och utvecklande karri\u00e4r, framh\u00e5ller Malin.<\/p>\n\n\n\n<p><strong>Samh\u00e4llsnytta<\/strong><br>Idag har it-avdelningen cirka 220 medarbetare, som skapar de tekniska l\u00f6sningarna f\u00f6r att myndigheten ska kunna sk\u00f6ta sitt viktiga uppdrag att s\u00e4kerst\u00e4lla finansieringen av den offentliga sektorn, skapa ett fungerande kreditsamh\u00e4lle f\u00f6r medborgare och n\u00e4ringsliv samt motverka brottslighet. I m\u00e5nga it-fr\u00e5gor sker ett n\u00e4ra samarbete med andra myndigheter. Malin vill g\u00e4rna lyfta fram samh\u00e4llsnyttan, som ger en extra dimension till arbetet:<br>\u2013 Vi bidrar till n\u00e5got st\u00f6rre och ser direkt nyttan med v\u00e5rt arbete. Det \u00e4r meningsfullt och en del av att skapa ett s\u00e4krare och b\u00e4ttre samh\u00e4lle.<\/p>\n\n\n\n<p class=\"has-color-gray-01-background-color has-background\"><strong><a title=\"Kronofogden pres jobb ans\u00f6k\" href=\"https:\/\/www.kronofogden.se\/Ledigajobb.html\" target=\"_blank\" rel=\"noopener noreferrer\">Jobba med IT hos oss p\u00e5 Kronofogden. Klicka h\u00e4r f\u00f6r att se v\u00e5ra lediga tj\u00e4nster<\/a><\/strong><\/p>\n\n\n\n<div class=\"wp-block-group faktaruta\"><div class=\"wp-block-group__inner-container is-layout-flow wp-block-group-is-layout-flow\">\n<h6 class=\"wp-block-heading\">Kronofogden<\/h6>\n\n\n\n<p>Ett jobb som r\u00e4knas \u2013 f\u00f6r andra och f\u00f6r dig! P\u00e5 Kronofogden jobbar vi n\u00e4ra m\u00e4nniskor i utsatta situationer. V\u00e5r uppgift \u00e4r att hj\u00e4lpa den som inte har f\u00e5tt betalt och v\u00e4gleda den som ska betala. Det kr\u00e4ver kunskap och handlingskraft. Omtanke och mod. Hos oss kan du r\u00e4kna med utmanande arbetsuppgifter som \u00e4ven \u00e4r utvecklande f\u00f6r dig. S\u00e5 n\u00e4r du g\u00e5r hem fr\u00e5n en dag p\u00e5 jobbet kan du vara s\u00e4ker p\u00e5 att du har gjort n\u00e5got som verkligen r\u00e4knas \u2013 b\u00e5de f\u00f6r andra och f\u00f6r dig.<\/p>\n\n\n\n<p>Nyfiken? L\u00e4s mer p\u00e5 <strong><a title=\"Kronofogden textlink\" href=\"https:\/\/www.kronofogden.se\/\" target=\"_blank\" rel=\"noopener noreferrer\">www.kronofogden.se<\/a><\/strong><br><br><a href=\"https:\/\/www.kronofogden.se\/\" title=\"Kronofogden logotype\" target=\"_blank\" rel=\"noreferrer noopener\"><img loading=\"lazy\" decoding=\"async\" width=\"200\" height=\"31\" class=\"wp-image-6085\" style=\"width: 200px;\" src=\"https:\/\/framtidenskarriar.se\/itdata\/wp-content\/uploads\/sites\/13\/2020\/03\/kronofogden-cmyk-uncoated.png\" alt=\"\" srcset=\"https:\/\/framtidenskarriar.se\/itdata\/wp-content\/uploads\/sites\/13\/2020\/03\/kronofogden-cmyk-uncoated.png 582w, https:\/\/framtidenskarriar.se\/itdata\/wp-content\/uploads\/sites\/13\/2020\/03\/kronofogden-cmyk-uncoated-300x46.png 300w, https:\/\/framtidenskarriar.se\/itdata\/wp-content\/uploads\/sites\/13\/2020\/03\/kronofogden-cmyk-uncoated-526x81.png 526w\" sizes=\"auto, (max-width: 200px) 100vw, 200px\" \/><\/a><\/p>\n<\/div><\/div>\n","protected":false},"excerpt":{"rendered":"<p>H\u00e4r arbetar du i ett agilt team med modern teknik och l\u00f6sningar i framkanten.<\/p>\n","protected":false},"author":2,"featured_media":6084,"comment_status":"closed","ping_status":"open","sticky":false,"template":"","format":"standard","meta":{"_acf_changed":false,"_monsterinsights_skip_tracking":false,"_monsterinsights_sitenote_active":false,"_monsterinsights_sitenote_note":"","_monsterinsights_sitenote_category":0,"footnotes":""},"categories":[9],"tags":[123,140,155,181,241,246],"class_list":["post-6083","post","type-post","status-publish","format-standard","has-post-thumbnail","hentry","category-presentation","tag-it","tag-jobba-statligt","tag-kronofogden","tag-myndighet","tag-statligt","tag-teknik"],"acf":[],"yoast_head":"<!-- This site is optimized with the Yoast SEO plugin v27.3 - https:\/\/yoast.com\/product\/yoast-seo-wordpress\/ -->\n<title>Agilt, modernt och innovativt p\u00e5 Kronofogden - Framtidens karri\u00e4r IT &amp; Data<\/title>\n<meta name=\"robots\" content=\"index, follow, max-snippet:-1, max-image-preview:large, max-video-preview:-1\" \/>\n<link rel=\"canonical\" href=\"https:\/\/framtidenskarriar.se\/itdata\/2020\/03\/10\/agilt-modernt-och-innovativt-pa-kronofogden\/\" \/>\n<meta property=\"og:locale\" content=\"sv_SE\" \/>\n<meta property=\"og:type\" content=\"article\" \/>\n<meta property=\"og:title\" content=\"Agilt, modernt och innovativt p\u00e5 Kronofogden - Framtidens karri\u00e4r IT &amp; Data\" \/>\n<meta property=\"og:description\" content=\"H\u00e4r arbetar du i ett agilt team med modern teknik och l\u00f6sningar i framkanten.\" \/>\n<meta property=\"og:url\" content=\"https:\/\/framtidenskarriar.se\/itdata\/2020\/03\/10\/agilt-modernt-och-innovativt-pa-kronofogden\/\" \/>\n<meta property=\"og:site_name\" content=\"Framtidens karri\u00e4r IT &amp; Data\" \/>\n<meta property=\"article:published_time\" content=\"2020-03-10T14:47:44+00:00\" \/>\n<meta property=\"article:modified_time\" content=\"2021-03-09T12:12:45+00:00\" \/>\n<meta property=\"og:image\" content=\"https:\/\/framtidenskarriar.se\/itdata\/wp-content\/uploads\/sites\/13\/2020\/03\/kronofogden-y5a4362.jpg\" \/>\n\t<meta property=\"og:image:width\" content=\"1000\" \/>\n\t<meta property=\"og:image:height\" content=\"654\" \/>\n\t<meta property=\"og:image:type\" content=\"image\/jpeg\" \/>\n<meta name=\"author\" content=\"viktorwallen\" \/>\n<meta name=\"twitter:card\" content=\"summary_large_image\" \/>\n<meta name=\"twitter:label1\" content=\"Skriven av\" \/>\n\t<meta name=\"twitter:data1\" content=\"viktorwallen\" \/>\n\t<meta name=\"twitter:label2\" content=\"Ber\u00e4knad l\u00e4stid\" \/>\n\t<meta name=\"twitter:data2\" content=\"3 minuter\" \/>\n<script type=\"application\/ld+json\" class=\"yoast-schema-graph\">{\"@context\":\"https:\\\/\\\/schema.org\",\"@graph\":[{\"@type\":\"Article\",\"@id\":\"https:\\\/\\\/framtidenskarriar.se\\\/itdata\\\/2020\\\/03\\\/10\\\/agilt-modernt-och-innovativt-pa-kronofogden\\\/#article\",\"isPartOf\":{\"@id\":\"https:\\\/\\\/framtidenskarriar.se\\\/itdata\\\/2020\\\/03\\\/10\\\/agilt-modernt-och-innovativt-pa-kronofogden\\\/\"},\"author\":{\"name\":\"viktorwallen\",\"@id\":\"https:\\\/\\\/framtidenskarriar.se\\\/itdata\\\/#\\\/schema\\\/person\\\/2a13a849ec7646386c2211f59afe3083\"},\"headline\":\"Agilt, modernt och innovativt p\u00e5 Kronofogden\",\"datePublished\":\"2020-03-10T14:47:44+00:00\",\"dateModified\":\"2021-03-09T12:12:45+00:00\",\"mainEntityOfPage\":{\"@id\":\"https:\\\/\\\/framtidenskarriar.se\\\/itdata\\\/2020\\\/03\\\/10\\\/agilt-modernt-och-innovativt-pa-kronofogden\\\/\"},\"wordCount\":593,\"image\":{\"@id\":\"https:\\\/\\\/framtidenskarriar.se\\\/itdata\\\/2020\\\/03\\\/10\\\/agilt-modernt-och-innovativt-pa-kronofogden\\\/#primaryimage\"},\"thumbnailUrl\":\"https:\\\/\\\/framtidenskarriar.se\\\/itdata\\\/wp-content\\\/uploads\\\/sites\\\/13\\\/2020\\\/03\\\/kronofogden-y5a4362.jpg\",\"keywords\":[\"IT\",\"Jobba statligt\",\"Kronofogden\",\"Myndighet\",\"Statligt\",\"Teknik\"],\"articleSection\":[\"Presentation\"],\"inLanguage\":\"sv-SE\"},{\"@type\":\"WebPage\",\"@id\":\"https:\\\/\\\/framtidenskarriar.se\\\/itdata\\\/2020\\\/03\\\/10\\\/agilt-modernt-och-innovativt-pa-kronofogden\\\/\",\"url\":\"https:\\\/\\\/framtidenskarriar.se\\\/itdata\\\/2020\\\/03\\\/10\\\/agilt-modernt-och-innovativt-pa-kronofogden\\\/\",\"name\":\"Agilt, modernt och innovativt p\u00e5 Kronofogden - Framtidens karri\u00e4r IT & Data\",\"isPartOf\":{\"@id\":\"https:\\\/\\\/framtidenskarriar.se\\\/itdata\\\/#website\"},\"primaryImageOfPage\":{\"@id\":\"https:\\\/\\\/framtidenskarriar.se\\\/itdata\\\/2020\\\/03\\\/10\\\/agilt-modernt-och-innovativt-pa-kronofogden\\\/#primaryimage\"},\"image\":{\"@id\":\"https:\\\/\\\/framtidenskarriar.se\\\/itdata\\\/2020\\\/03\\\/10\\\/agilt-modernt-och-innovativt-pa-kronofogden\\\/#primaryimage\"},\"thumbnailUrl\":\"https:\\\/\\\/framtidenskarriar.se\\\/itdata\\\/wp-content\\\/uploads\\\/sites\\\/13\\\/2020\\\/03\\\/kronofogden-y5a4362.jpg\",\"datePublished\":\"2020-03-10T14:47:44+00:00\",\"dateModified\":\"2021-03-09T12:12:45+00:00\",\"author\":{\"@id\":\"https:\\\/\\\/framtidenskarriar.se\\\/itdata\\\/#\\\/schema\\\/person\\\/2a13a849ec7646386c2211f59afe3083\"},\"breadcrumb\":{\"@id\":\"https:\\\/\\\/framtidenskarriar.se\\\/itdata\\\/2020\\\/03\\\/10\\\/agilt-modernt-och-innovativt-pa-kronofogden\\\/#breadcrumb\"},\"inLanguage\":\"sv-SE\",\"potentialAction\":[{\"@type\":\"ReadAction\",\"target\":[\"https:\\\/\\\/framtidenskarriar.se\\\/itdata\\\/2020\\\/03\\\/10\\\/agilt-modernt-och-innovativt-pa-kronofogden\\\/\"]}]},{\"@type\":\"ImageObject\",\"inLanguage\":\"sv-SE\",\"@id\":\"https:\\\/\\\/framtidenskarriar.se\\\/itdata\\\/2020\\\/03\\\/10\\\/agilt-modernt-och-innovativt-pa-kronofogden\\\/#primaryimage\",\"url\":\"https:\\\/\\\/framtidenskarriar.se\\\/itdata\\\/wp-content\\\/uploads\\\/sites\\\/13\\\/2020\\\/03\\\/kronofogden-y5a4362.jpg\",\"contentUrl\":\"https:\\\/\\\/framtidenskarriar.se\\\/itdata\\\/wp-content\\\/uploads\\\/sites\\\/13\\\/2020\\\/03\\\/kronofogden-y5a4362.jpg\",\"width\":1000,\"height\":654,\"caption\":\"Malin Holmvall, sektionschef hos Kronofogden. Foto: Gonzalo Irigoyen\"},{\"@type\":\"BreadcrumbList\",\"@id\":\"https:\\\/\\\/framtidenskarriar.se\\\/itdata\\\/2020\\\/03\\\/10\\\/agilt-modernt-och-innovativt-pa-kronofogden\\\/#breadcrumb\",\"itemListElement\":[{\"@type\":\"ListItem\",\"position\":1,\"name\":\"Home\",\"item\":\"https:\\\/\\\/framtidenskarriar.se\\\/itdata\\\/\"},{\"@type\":\"ListItem\",\"position\":2,\"name\":\"Agilt, modernt och innovativt p\u00e5 Kronofogden\"}]},{\"@type\":\"WebSite\",\"@id\":\"https:\\\/\\\/framtidenskarriar.se\\\/itdata\\\/#website\",\"url\":\"https:\\\/\\\/framtidenskarriar.se\\\/itdata\\\/\",\"name\":\"Framtidens karri\u00e4r IT & Data\",\"description\":\"Just another NMDashboard.se Sites site\",\"potentialAction\":[{\"@type\":\"SearchAction\",\"target\":{\"@type\":\"EntryPoint\",\"urlTemplate\":\"https:\\\/\\\/framtidenskarriar.se\\\/itdata\\\/?s={search_term_string}\"},\"query-input\":{\"@type\":\"PropertyValueSpecification\",\"valueRequired\":true,\"valueName\":\"search_term_string\"}}],\"inLanguage\":\"sv-SE\"},{\"@type\":\"Person\",\"@id\":\"https:\\\/\\\/framtidenskarriar.se\\\/itdata\\\/#\\\/schema\\\/person\\\/2a13a849ec7646386c2211f59afe3083\",\"name\":\"viktorwallen\",\"image\":{\"@type\":\"ImageObject\",\"inLanguage\":\"sv-SE\",\"@id\":\"https:\\\/\\\/secure.gravatar.com\\\/avatar\\\/701701bd36169636031933997c8c6b954f2f635bbb7cd4802e4a007f9c9f4e59?s=96&d=mm&r=g\",\"url\":\"https:\\\/\\\/secure.gravatar.com\\\/avatar\\\/701701bd36169636031933997c8c6b954f2f635bbb7cd4802e4a007f9c9f4e59?s=96&d=mm&r=g\",\"contentUrl\":\"https:\\\/\\\/secure.gravatar.com\\\/avatar\\\/701701bd36169636031933997c8c6b954f2f635bbb7cd4802e4a007f9c9f4e59?s=96&d=mm&r=g\",\"caption\":\"viktorwallen\"},\"url\":\"https:\\\/\\\/framtidenskarriar.se\\\/itdata\\\/author\\\/viktorwallen\\\/\"}]}<\/script>\n<!-- \/ Yoast SEO plugin. -->","yoast_head_json":{"title":"Agilt, modernt och innovativt p\u00e5 Kronofogden - Framtidens karri\u00e4r IT & Data","robots":{"index":"index","follow":"follow","max-snippet":"max-snippet:-1","max-image-preview":"max-image-preview:large","max-video-preview":"max-video-preview:-1"},"canonical":"https:\/\/framtidenskarriar.se\/itdata\/2020\/03\/10\/agilt-modernt-och-innovativt-pa-kronofogden\/","og_locale":"sv_SE","og_type":"article","og_title":"Agilt, modernt och innovativt p\u00e5 Kronofogden - Framtidens karri\u00e4r IT & Data","og_description":"H\u00e4r arbetar du i ett agilt team med modern teknik och l\u00f6sningar i framkanten.","og_url":"https:\/\/framtidenskarriar.se\/itdata\/2020\/03\/10\/agilt-modernt-och-innovativt-pa-kronofogden\/","og_site_name":"Framtidens karri\u00e4r IT & Data","article_published_time":"2020-03-10T14:47:44+00:00","article_modified_time":"2021-03-09T12:12:45+00:00","og_image":[{"width":1000,"height":654,"url":"https:\/\/framtidenskarriar.se\/itdata\/wp-content\/uploads\/sites\/13\/2020\/03\/kronofogden-y5a4362.jpg","type":"image\/jpeg"}],"author":"viktorwallen","twitter_card":"summary_large_image","twitter_misc":{"Skriven av":"viktorwallen","Ber\u00e4knad l\u00e4stid":"3 minuter"},"schema":{"@context":"https:\/\/schema.org","@graph":[{"@type":"Article","@id":"https:\/\/framtidenskarriar.se\/itdata\/2020\/03\/10\/agilt-modernt-och-innovativt-pa-kronofogden\/#article","isPartOf":{"@id":"https:\/\/framtidenskarriar.se\/itdata\/2020\/03\/10\/agilt-modernt-och-innovativt-pa-kronofogden\/"},"author":{"name":"viktorwallen","@id":"https:\/\/framtidenskarriar.se\/itdata\/#\/schema\/person\/2a13a849ec7646386c2211f59afe3083"},"headline":"Agilt, modernt och innovativt p\u00e5 Kronofogden","datePublished":"2020-03-10T14:47:44+00:00","dateModified":"2021-03-09T12:12:45+00:00","mainEntityOfPage":{"@id":"https:\/\/framtidenskarriar.se\/itdata\/2020\/03\/10\/agilt-modernt-och-innovativt-pa-kronofogden\/"},"wordCount":593,"image":{"@id":"https:\/\/framtidenskarriar.se\/itdata\/2020\/03\/10\/agilt-modernt-och-innovativt-pa-kronofogden\/#primaryimage"},"thumbnailUrl":"https:\/\/framtidenskarriar.se\/itdata\/wp-content\/uploads\/sites\/13\/2020\/03\/kronofogden-y5a4362.jpg","keywords":["IT","Jobba statligt","Kronofogden","Myndighet","Statligt","Teknik"],"articleSection":["Presentation"],"inLanguage":"sv-SE"},{"@type":"WebPage","@id":"https:\/\/framtidenskarriar.se\/itdata\/2020\/03\/10\/agilt-modernt-och-innovativt-pa-kronofogden\/","url":"https:\/\/framtidenskarriar.se\/itdata\/2020\/03\/10\/agilt-modernt-och-innovativt-pa-kronofogden\/","name":"Agilt, modernt och innovativt p\u00e5 Kronofogden - Framtidens karri\u00e4r IT & Data","isPartOf":{"@id":"https:\/\/framtidenskarriar.se\/itdata\/#website"},"primaryImageOfPage":{"@id":"https:\/\/framtidenskarriar.se\/itdata\/2020\/03\/10\/agilt-modernt-och-innovativt-pa-kronofogden\/#primaryimage"},"image":{"@id":"https:\/\/framtidenskarriar.se\/itdata\/2020\/03\/10\/agilt-modernt-och-innovativt-pa-kronofogden\/#primaryimage"},"thumbnailUrl":"https:\/\/framtidenskarriar.se\/itdata\/wp-content\/uploads\/sites\/13\/2020\/03\/kronofogden-y5a4362.jpg","datePublished":"2020-03-10T14:47:44+00:00","dateModified":"2021-03-09T12:12:45+00:00","author":{"@id":"https:\/\/framtidenskarriar.se\/itdata\/#\/schema\/person\/2a13a849ec7646386c2211f59afe3083"},"breadcrumb":{"@id":"https:\/\/framtidenskarriar.se\/itdata\/2020\/03\/10\/agilt-modernt-och-innovativt-pa-kronofogden\/#breadcrumb"},"inLanguage":"sv-SE","potentialAction":[{"@type":"ReadAction","target":["https:\/\/framtidenskarriar.se\/itdata\/2020\/03\/10\/agilt-modernt-och-innovativt-pa-kronofogden\/"]}]},{"@type":"ImageObject","inLanguage":"sv-SE","@id":"https:\/\/framtidenskarriar.se\/itdata\/2020\/03\/10\/agilt-modernt-och-innovativt-pa-kronofogden\/#primaryimage","url":"https:\/\/framtidenskarriar.se\/itdata\/wp-content\/uploads\/sites\/13\/2020\/03\/kronofogden-y5a4362.jpg","contentUrl":"https:\/\/framtidenskarriar.se\/itdata\/wp-content\/uploads\/sites\/13\/2020\/03\/kronofogden-y5a4362.jpg","width":1000,"height":654,"caption":"Malin Holmvall, sektionschef hos Kronofogden. Foto: Gonzalo Irigoyen"},{"@type":"BreadcrumbList","@id":"https:\/\/framtidenskarriar.se\/itdata\/2020\/03\/10\/agilt-modernt-och-innovativt-pa-kronofogden\/#breadcrumb","itemListElement":[{"@type":"ListItem","position":1,"name":"Home","item":"https:\/\/framtidenskarriar.se\/itdata\/"},{"@type":"ListItem","position":2,"name":"Agilt, modernt och innovativt p\u00e5 Kronofogden"}]},{"@type":"WebSite","@id":"https:\/\/framtidenskarriar.se\/itdata\/#website","url":"https:\/\/framtidenskarriar.se\/itdata\/","name":"Framtidens karri\u00e4r IT & Data","description":"Just another NMDashboard.se Sites site","potentialAction":[{"@type":"SearchAction","target":{"@type":"EntryPoint","urlTemplate":"https:\/\/framtidenskarriar.se\/itdata\/?s={search_term_string}"},"query-input":{"@type":"PropertyValueSpecification","valueRequired":true,"valueName":"search_term_string"}}],"inLanguage":"sv-SE"},{"@type":"Person","@id":"https:\/\/framtidenskarriar.se\/itdata\/#\/schema\/person\/2a13a849ec7646386c2211f59afe3083","name":"viktorwallen","image":{"@type":"ImageObject","inLanguage":"sv-SE","@id":"https:\/\/secure.gravatar.com\/avatar\/701701bd36169636031933997c8c6b954f2f635bbb7cd4802e4a007f9c9f4e59?s=96&d=mm&r=g","url":"https:\/\/secure.gravatar.com\/avatar\/701701bd36169636031933997c8c6b954f2f635bbb7cd4802e4a007f9c9f4e59?s=96&d=mm&r=g","contentUrl":"https:\/\/secure.gravatar.com\/avatar\/701701bd36169636031933997c8c6b954f2f635bbb7cd4802e4a007f9c9f4e59?s=96&d=mm&r=g","caption":"viktorwallen"},"url":"https:\/\/framtidenskarriar.se\/itdata\/author\/viktorwallen\/"}]}},"_links":{"self":[{"href":"https:\/\/framtidenskarriar.se\/itdata\/wp-json\/wp\/v2\/posts\/6083","targetHints":{"allow":["GET"]}}],"collection":[{"href":"https:\/\/framtidenskarriar.se\/itdata\/wp-json\/wp\/v2\/posts"}],"about":[{"href":"https:\/\/framtidenskarriar.se\/itdata\/wp-json\/wp\/v2\/types\/post"}],"author":[{"embeddable":true,"href":"https:\/\/framtidenskarriar.se\/itdata\/wp-json\/wp\/v2\/users\/2"}],"replies":[{"embeddable":true,"href":"https:\/\/framtidenskarriar.se\/itdata\/wp-json\/wp\/v2\/comments?post=6083"}],"version-history":[{"count":7,"href":"https:\/\/framtidenskarriar.se\/itdata\/wp-json\/wp\/v2\/posts\/6083\/revisions"}],"predecessor-version":[{"id":6932,"href":"https:\/\/framtidenskarriar.se\/itdata\/wp-json\/wp\/v2\/posts\/6083\/revisions\/6932"}],"wp:featuredmedia":[{"embeddable":true,"href":"https:\/\/framtidenskarriar.se\/itdata\/wp-json\/wp\/v2\/media\/6084"}],"wp:attachment":[{"href":"https:\/\/framtidenskarriar.se\/itdata\/wp-json\/wp\/v2\/media?parent=6083"}],"wp:term":[{"taxonomy":"category","embeddable":true,"href":"https:\/\/framtidenskarriar.se\/itdata\/wp-json\/wp\/v2\/categories?post=6083"},{"taxonomy":"post_tag","embeddable":true,"href":"https:\/\/framtidenskarriar.se\/itdata\/wp-json\/wp\/v2\/tags?post=6083"}],"curies":[{"name":"wp","href":"https:\/\/api.w.org\/{rel}","templated":true}]}}