{"id":6169,"date":"2020-03-10T15:49:22","date_gmt":"2020-03-10T15:49:22","guid":{"rendered":"https:\/\/framtidenskarriar.se\/itdata\/?p=6169"},"modified":"2021-03-09T12:11:22","modified_gmt":"2021-03-09T12:11:22","slug":"fokus-pa-bade-manniskor-och-teknik","status":"publish","type":"post","link":"https:\/\/framtidenskarriar.se\/itdata\/2020\/03\/10\/fokus-pa-bade-manniskor-och-teknik\/","title":{"rendered":"Fokus p\u00e5 b\u00e5de m\u00e4nniskor och teknik"},"content":{"rendered":"\n<figure class=\"wp-block-image alignnone size-full wp-image-6171\"><img loading=\"lazy\" decoding=\"async\" width=\"1000\" height=\"666\" src=\"https:\/\/framtidenskarriar.se\/itdata\/wp-content\/uploads\/sites\/13\/2020\/03\/bolagsverket-mp-1698.jpg\" alt=\"Gunnel Modin, Stefan Ellstr\u00f6m, Annika Axelborn och Lars Rahm p\u00e5 Bolagsverket. Foto: Olle Melkerhed\" class=\"wp-image-6171\" srcset=\"https:\/\/framtidenskarriar.se\/itdata\/wp-content\/uploads\/sites\/13\/2020\/03\/bolagsverket-mp-1698.jpg 1000w, https:\/\/framtidenskarriar.se\/itdata\/wp-content\/uploads\/sites\/13\/2020\/03\/bolagsverket-mp-1698-300x200.jpg 300w, https:\/\/framtidenskarriar.se\/itdata\/wp-content\/uploads\/sites\/13\/2020\/03\/bolagsverket-mp-1698-768x511.jpg 768w, https:\/\/framtidenskarriar.se\/itdata\/wp-content\/uploads\/sites\/13\/2020\/03\/bolagsverket-mp-1698-240x160.jpg 240w, https:\/\/framtidenskarriar.se\/itdata\/wp-content\/uploads\/sites\/13\/2020\/03\/bolagsverket-mp-1698-526x350.jpg 526w, https:\/\/framtidenskarriar.se\/itdata\/wp-content\/uploads\/sites\/13\/2020\/03\/bolagsverket-mp-1698-720x480.jpg 720w, https:\/\/framtidenskarriar.se\/itdata\/wp-content\/uploads\/sites\/13\/2020\/03\/bolagsverket-mp-1698-960x639.jpg 960w\" sizes=\"auto, (max-width: 1000px) 100vw, 1000px\" \/><figcaption>Gunnel Modin, Stefan Ellstr\u00f6m, Annika Axelborn och Lars Rahm p\u00e5 Bolagsverket. Foto: Olle Melkerhed<\/figcaption><\/figure>\n\n\n\n<p><strong>Bolagsverkets utvecklings- och it-verksamhet har f\u00f6rdelen av att ha all verksamhet samlad under ett och samma tak.<br>\u2013 Vi \u00e4r inte s\u00e5 l\u00e5sta i v\u00e5ra enheter och roller vilket ger stora m\u00f6jligheter att avancera och g\u00e5 vidare inom de omr\u00e5den man k\u00e4nner sig inspirerad av, s\u00e4ger Lars Rahm, enhetschef.<\/strong><\/p>\n\n\n\n<p>Bolagsverket \u00e4r i f\u00e4rd med att genomf\u00f6ra en digital f\u00f6rflyttning. Nya arbetss\u00e4tt och ny teknik ska utvecklas f\u00f6r att m\u00f6ta framtiden och omv\u00e4rldens krav p\u00e5 verksamhetens tj\u00e4nster. Inom Bolagsverket ser man att satsningen \u00e4r ut\u00f6ver det vanliga.<br>Gunnel Modin, tf. chef p\u00e5 enheten f\u00f6r Digital f\u00f6rnyelse och arkitektur, ber\u00e4ttar om den resa som har p\u00e5b\u00f6rjats.<br>\u2013 Vi har mycket sp\u00e4nnande p\u00e5 g\u00e5ng d\u00e4r visionen \u00e4r att f\u00f6retagsinformationen ska fl\u00f6da fritt och skapa v\u00e4rde f\u00f6r samh\u00e4llet. F\u00f6r att komma dit kr\u00e4vs samverkan, b\u00e5de \u00f6ver professions-, myndighets- och nationsgr\u00e4nser, vilket skapar en dynamisk verksamhet med m\u00e5nga olika karri\u00e4rv\u00e4gar.<br>Stefan Ellstr\u00f6m, digital strateg p\u00e5 enheten f\u00f6r Digital f\u00f6rnyelse och arkitektur, forts\u00e4tter.<br>\u2013 Under v\u00e5r f\u00f6rflyttning kommer vi ocks\u00e5 att modernisera stora delar av v\u00e5r applikationsplattform. Den digitala f\u00f6rflyttningen kommer att inneb\u00e4ra innovation och satsning p\u00e5 ny teknik, d\u00e4r vi har p\u00e5b\u00f6rjat arbete med AI.<\/p>\n\n\n\n<p class=\"has-color-gray-01-background-color has-background\"><strong><a title=\"Bolagsverket pres jobb ans\u00f6k\" href=\"https:\/\/bolagsverket.se\/om\/oss\/jobb\/lediga-1.3541\" target=\"_blank\" rel=\"noopener noreferrer\">Jobba med oss p\u00e5 Bolagsverket. Klicka h\u00e4r f\u00f6r att se v\u00e5ra lediga tj\u00e4nster<\/a><\/strong><\/p>\n\n\n\n<p><strong>Laganda och delaktighet<\/strong><br>Stefan har, med ett kort uppeh\u00e5ll, arbetat p\u00e5 Bolagsverket sedan 1996.<br>\u2013 Vi har gjort en h\u00e4ftig resa inom digitalisering sedan dess, och resan forts\u00e4tter. Bolagsverket \u00e4r en h\u00e4rlig arbetsplats d\u00e4r man har m\u00f6jlighet att p\u00e5verka hela utvecklingskedjan, vilket ger en stark k\u00e4nsla av delaktighet i resultatet. Det, tillsammans med en bra lag-anda, g\u00f6r att jag trivs v\u00e4ldigt bra.<br>Lars Rahm, enhetschef f\u00f6r it-arkitektur, metod och kvalitet, \u00e4r inne p\u00e5 samma sp\u00e5r.<br>\u2013 Jag har en bakgrund inom konsultv\u00e4rlden men s\u00f6kte mig hit eftersom jag ville vara del av en verksamhet som bedriver sin egen verksamhets- och systemutveckling.<br>F\u00f6rv\u00e4ntningarna har infriats med r\u00e5ge.<br>\u2013 H\u00e4r f\u00e5r jag vara del av ett st\u00f6rre sammanhang d\u00e4r \u00e4ven jag som chef \u00e4r med och p\u00e5verkar vad och hur vi v\u00e4ljer att utveckla. Kombinationen av teknik och ledarskap ger chefsrollen en extra dimension. Om man gillar probleml\u00f6sning och vill arbeta i en verksamhet som bryr sig om b\u00e5de m\u00e4nniskor och teknik kan jag varmt rekommendera Bolagsverket. \u00c4r du nyutexaminerad kan jag ocks\u00e5 tipsa om v\u00e5rt it-traineeprogram. H\u00e4r finns alla m\u00f6jligheter.<\/p>\n\n\n\n<p class=\"has-color-gray-01-background-color has-background\"><strong><a title=\"Bolagsverket pres jobb ans\u00f6k\" href=\"https:\/\/bolagsverket.se\/om\/oss\/jobb\/lediga-1.3541\" target=\"_blank\" rel=\"noopener noreferrer\">Jobba med oss p\u00e5 Bolagsverket. Klicka h\u00e4r f\u00f6r att se v\u00e5ra lediga tj\u00e4nster<\/a><\/strong><\/p>\n\n\n\n<div class=\"wp-block-group faktaruta\"><div class=\"wp-block-group__inner-container is-layout-flow wp-block-group-is-layout-flow\">\n<h6 class=\"wp-block-heading\">Bolagsverket<\/h6>\n\n\n\n<p>Bolagsverket st\u00e5r inf\u00f6r en sp\u00e4nnande f\u00f6rflyttning d\u00e4r vi med nya arbetss\u00e4tt och ny teknik ska f\u00f6rb\u00e4ttra befintliga och utveckla framtidens verksamhet och it-system f\u00f6r att m\u00f6ta omv\u00e4rldens krav. P\u00e5g\u00e5ende initiativ finns kring bland annat containerteknik, AI, continuous delivery och devops, testdriven utveckling samt agilt och v\u00e4rdedrivet arbetss\u00e4tt i hela organisationen.<\/p>\n\n\n\n<p><strong><a title=\"Bolagsverket textlink\" href=\"https:\/\/www.bolagsverket.se\/\" target=\"_blank\" rel=\"noopener noreferrer\">www.bolagsverket.se<\/a><\/strong><br><br><a href=\"https:\/\/www.bolagsverket.se\/\" title=\"Bolagsverket logotype\" target=\"_blank\" rel=\"noreferrer noopener\"><img loading=\"lazy\" decoding=\"async\" width=\"200\" height=\"33\" class=\"wp-image-6172\" style=\"width: 200px;\" src=\"https:\/\/framtidenskarriar.se\/itdata\/wp-content\/uploads\/sites\/13\/2020\/03\/bolagsverket-logo-cmyk-transparent-50mm.png\" alt=\"\" srcset=\"https:\/\/framtidenskarriar.se\/itdata\/wp-content\/uploads\/sites\/13\/2020\/03\/bolagsverket-logo-cmyk-transparent-50mm.png 750w, https:\/\/framtidenskarriar.se\/itdata\/wp-content\/uploads\/sites\/13\/2020\/03\/bolagsverket-logo-cmyk-transparent-50mm-300x50.png 300w, https:\/\/framtidenskarriar.se\/itdata\/wp-content\/uploads\/sites\/13\/2020\/03\/bolagsverket-logo-cmyk-transparent-50mm-526x88.png 526w, https:\/\/framtidenskarriar.se\/itdata\/wp-content\/uploads\/sites\/13\/2020\/03\/bolagsverket-logo-cmyk-transparent-50mm-720x120.png 720w\" sizes=\"auto, (max-width: 200px) 100vw, 200px\" \/><\/a><\/p>\n<\/div><\/div>\n","protected":false},"excerpt":{"rendered":"<p>Vi har f\u00f6rdelen av att ha all verksamhet samlad under ett och samma tak.<\/p>\n","protected":false},"author":2,"featured_media":6630,"comment_status":"closed","ping_status":"open","sticky":false,"template":"","format":"standard","meta":{"_acf_changed":false,"_monsterinsights_skip_tracking":false,"_monsterinsights_sitenote_active":false,"_monsterinsights_sitenote_note":"","_monsterinsights_sitenote_category":0,"footnotes":""},"categories":[9],"tags":[38,62,123,140,181,241,247],"class_list":["post-6169","post","type-post","status-publish","format-standard","has-post-thumbnail","hentry","category-presentation","tag-bolagsverket","tag-digitalisering","tag-it","tag-jobba-statligt","tag-myndighet","tag-statligt","tag-teknikutveckling"],"acf":[],"yoast_head":"<!-- This site is optimized with the Yoast SEO plugin v27.3 - https:\/\/yoast.com\/product\/yoast-seo-wordpress\/ -->\n<title>Fokus p\u00e5 b\u00e5de m\u00e4nniskor och teknik - Framtidens karri\u00e4r IT &amp; Data<\/title>\n<meta name=\"robots\" content=\"index, follow, max-snippet:-1, max-image-preview:large, max-video-preview:-1\" \/>\n<link rel=\"canonical\" href=\"https:\/\/framtidenskarriar.se\/itdata\/2020\/03\/10\/fokus-pa-bade-manniskor-och-teknik\/\" \/>\n<meta property=\"og:locale\" content=\"sv_SE\" \/>\n<meta property=\"og:type\" content=\"article\" \/>\n<meta property=\"og:title\" content=\"Fokus p\u00e5 b\u00e5de m\u00e4nniskor och teknik - Framtidens karri\u00e4r IT &amp; Data\" \/>\n<meta property=\"og:description\" content=\"Vi har f\u00f6rdelen av att ha all verksamhet samlad under ett och samma tak.\" \/>\n<meta property=\"og:url\" content=\"https:\/\/framtidenskarriar.se\/itdata\/2020\/03\/10\/fokus-pa-bade-manniskor-och-teknik\/\" \/>\n<meta property=\"og:site_name\" content=\"Framtidens karri\u00e4r IT &amp; Data\" \/>\n<meta property=\"article:published_time\" content=\"2020-03-10T15:49:22+00:00\" \/>\n<meta property=\"article:modified_time\" content=\"2021-03-09T12:11:22+00:00\" \/>\n<meta property=\"og:image\" content=\"https:\/\/framtidenskarriar.se\/itdata\/wp-content\/uploads\/sites\/13\/2020\/03\/bolagsverket-mp-1698-utvald.jpg\" \/>\n\t<meta property=\"og:image:width\" content=\"1000\" \/>\n\t<meta property=\"og:image:height\" content=\"704\" \/>\n\t<meta property=\"og:image:type\" content=\"image\/jpeg\" \/>\n<meta name=\"author\" content=\"viktorwallen\" \/>\n<meta name=\"twitter:card\" content=\"summary_large_image\" \/>\n<meta name=\"twitter:label1\" content=\"Skriven av\" \/>\n\t<meta name=\"twitter:data1\" content=\"viktorwallen\" \/>\n\t<meta name=\"twitter:label2\" content=\"Ber\u00e4knad l\u00e4stid\" \/>\n\t<meta name=\"twitter:data2\" content=\"3 minuter\" \/>\n<script type=\"application\/ld+json\" class=\"yoast-schema-graph\">{\"@context\":\"https:\\\/\\\/schema.org\",\"@graph\":[{\"@type\":\"Article\",\"@id\":\"https:\\\/\\\/framtidenskarriar.se\\\/itdata\\\/2020\\\/03\\\/10\\\/fokus-pa-bade-manniskor-och-teknik\\\/#article\",\"isPartOf\":{\"@id\":\"https:\\\/\\\/framtidenskarriar.se\\\/itdata\\\/2020\\\/03\\\/10\\\/fokus-pa-bade-manniskor-och-teknik\\\/\"},\"author\":{\"name\":\"viktorwallen\",\"@id\":\"https:\\\/\\\/framtidenskarriar.se\\\/itdata\\\/#\\\/schema\\\/person\\\/2a13a849ec7646386c2211f59afe3083\"},\"headline\":\"Fokus p\u00e5 b\u00e5de m\u00e4nniskor och teknik\",\"datePublished\":\"2020-03-10T15:49:22+00:00\",\"dateModified\":\"2021-03-09T12:11:22+00:00\",\"mainEntityOfPage\":{\"@id\":\"https:\\\/\\\/framtidenskarriar.se\\\/itdata\\\/2020\\\/03\\\/10\\\/fokus-pa-bade-manniskor-och-teknik\\\/\"},\"wordCount\":565,\"image\":{\"@id\":\"https:\\\/\\\/framtidenskarriar.se\\\/itdata\\\/2020\\\/03\\\/10\\\/fokus-pa-bade-manniskor-och-teknik\\\/#primaryimage\"},\"thumbnailUrl\":\"https:\\\/\\\/framtidenskarriar.se\\\/itdata\\\/wp-content\\\/uploads\\\/sites\\\/13\\\/2020\\\/03\\\/bolagsverket-mp-1698-utvald.jpg\",\"keywords\":[\"Bolagsverket\",\"Digitalisering\",\"IT\",\"Jobba statligt\",\"Myndighet\",\"Statligt\",\"Teknikutveckling\"],\"articleSection\":[\"Presentation\"],\"inLanguage\":\"sv-SE\"},{\"@type\":\"WebPage\",\"@id\":\"https:\\\/\\\/framtidenskarriar.se\\\/itdata\\\/2020\\\/03\\\/10\\\/fokus-pa-bade-manniskor-och-teknik\\\/\",\"url\":\"https:\\\/\\\/framtidenskarriar.se\\\/itdata\\\/2020\\\/03\\\/10\\\/fokus-pa-bade-manniskor-och-teknik\\\/\",\"name\":\"Fokus p\u00e5 b\u00e5de m\u00e4nniskor och teknik - Framtidens karri\u00e4r IT & Data\",\"isPartOf\":{\"@id\":\"https:\\\/\\\/framtidenskarriar.se\\\/itdata\\\/#website\"},\"primaryImageOfPage\":{\"@id\":\"https:\\\/\\\/framtidenskarriar.se\\\/itdata\\\/2020\\\/03\\\/10\\\/fokus-pa-bade-manniskor-och-teknik\\\/#primaryimage\"},\"image\":{\"@id\":\"https:\\\/\\\/framtidenskarriar.se\\\/itdata\\\/2020\\\/03\\\/10\\\/fokus-pa-bade-manniskor-och-teknik\\\/#primaryimage\"},\"thumbnailUrl\":\"https:\\\/\\\/framtidenskarriar.se\\\/itdata\\\/wp-content\\\/uploads\\\/sites\\\/13\\\/2020\\\/03\\\/bolagsverket-mp-1698-utvald.jpg\",\"datePublished\":\"2020-03-10T15:49:22+00:00\",\"dateModified\":\"2021-03-09T12:11:22+00:00\",\"author\":{\"@id\":\"https:\\\/\\\/framtidenskarriar.se\\\/itdata\\\/#\\\/schema\\\/person\\\/2a13a849ec7646386c2211f59afe3083\"},\"breadcrumb\":{\"@id\":\"https:\\\/\\\/framtidenskarriar.se\\\/itdata\\\/2020\\\/03\\\/10\\\/fokus-pa-bade-manniskor-och-teknik\\\/#breadcrumb\"},\"inLanguage\":\"sv-SE\",\"potentialAction\":[{\"@type\":\"ReadAction\",\"target\":[\"https:\\\/\\\/framtidenskarriar.se\\\/itdata\\\/2020\\\/03\\\/10\\\/fokus-pa-bade-manniskor-och-teknik\\\/\"]}]},{\"@type\":\"ImageObject\",\"inLanguage\":\"sv-SE\",\"@id\":\"https:\\\/\\\/framtidenskarriar.se\\\/itdata\\\/2020\\\/03\\\/10\\\/fokus-pa-bade-manniskor-och-teknik\\\/#primaryimage\",\"url\":\"https:\\\/\\\/framtidenskarriar.se\\\/itdata\\\/wp-content\\\/uploads\\\/sites\\\/13\\\/2020\\\/03\\\/bolagsverket-mp-1698-utvald.jpg\",\"contentUrl\":\"https:\\\/\\\/framtidenskarriar.se\\\/itdata\\\/wp-content\\\/uploads\\\/sites\\\/13\\\/2020\\\/03\\\/bolagsverket-mp-1698-utvald.jpg\",\"width\":1000,\"height\":704},{\"@type\":\"BreadcrumbList\",\"@id\":\"https:\\\/\\\/framtidenskarriar.se\\\/itdata\\\/2020\\\/03\\\/10\\\/fokus-pa-bade-manniskor-och-teknik\\\/#breadcrumb\",\"itemListElement\":[{\"@type\":\"ListItem\",\"position\":1,\"name\":\"Home\",\"item\":\"https:\\\/\\\/framtidenskarriar.se\\\/itdata\\\/\"},{\"@type\":\"ListItem\",\"position\":2,\"name\":\"Fokus p\u00e5 b\u00e5de m\u00e4nniskor och teknik\"}]},{\"@type\":\"WebSite\",\"@id\":\"https:\\\/\\\/framtidenskarriar.se\\\/itdata\\\/#website\",\"url\":\"https:\\\/\\\/framtidenskarriar.se\\\/itdata\\\/\",\"name\":\"Framtidens karri\u00e4r IT & Data\",\"description\":\"Just another NMDashboard.se Sites site\",\"potentialAction\":[{\"@type\":\"SearchAction\",\"target\":{\"@type\":\"EntryPoint\",\"urlTemplate\":\"https:\\\/\\\/framtidenskarriar.se\\\/itdata\\\/?s={search_term_string}\"},\"query-input\":{\"@type\":\"PropertyValueSpecification\",\"valueRequired\":true,\"valueName\":\"search_term_string\"}}],\"inLanguage\":\"sv-SE\"},{\"@type\":\"Person\",\"@id\":\"https:\\\/\\\/framtidenskarriar.se\\\/itdata\\\/#\\\/schema\\\/person\\\/2a13a849ec7646386c2211f59afe3083\",\"name\":\"viktorwallen\",\"image\":{\"@type\":\"ImageObject\",\"inLanguage\":\"sv-SE\",\"@id\":\"https:\\\/\\\/secure.gravatar.com\\\/avatar\\\/701701bd36169636031933997c8c6b954f2f635bbb7cd4802e4a007f9c9f4e59?s=96&d=mm&r=g\",\"url\":\"https:\\\/\\\/secure.gravatar.com\\\/avatar\\\/701701bd36169636031933997c8c6b954f2f635bbb7cd4802e4a007f9c9f4e59?s=96&d=mm&r=g\",\"contentUrl\":\"https:\\\/\\\/secure.gravatar.com\\\/avatar\\\/701701bd36169636031933997c8c6b954f2f635bbb7cd4802e4a007f9c9f4e59?s=96&d=mm&r=g\",\"caption\":\"viktorwallen\"},\"url\":\"https:\\\/\\\/framtidenskarriar.se\\\/itdata\\\/author\\\/viktorwallen\\\/\"}]}<\/script>\n<!-- \/ Yoast SEO plugin. -->","yoast_head_json":{"title":"Fokus p\u00e5 b\u00e5de m\u00e4nniskor och teknik - Framtidens karri\u00e4r IT & Data","robots":{"index":"index","follow":"follow","max-snippet":"max-snippet:-1","max-image-preview":"max-image-preview:large","max-video-preview":"max-video-preview:-1"},"canonical":"https:\/\/framtidenskarriar.se\/itdata\/2020\/03\/10\/fokus-pa-bade-manniskor-och-teknik\/","og_locale":"sv_SE","og_type":"article","og_title":"Fokus p\u00e5 b\u00e5de m\u00e4nniskor och teknik - Framtidens karri\u00e4r IT & Data","og_description":"Vi har f\u00f6rdelen av att ha all verksamhet samlad under ett och samma tak.","og_url":"https:\/\/framtidenskarriar.se\/itdata\/2020\/03\/10\/fokus-pa-bade-manniskor-och-teknik\/","og_site_name":"Framtidens karri\u00e4r IT & Data","article_published_time":"2020-03-10T15:49:22+00:00","article_modified_time":"2021-03-09T12:11:22+00:00","og_image":[{"width":1000,"height":704,"url":"https:\/\/framtidenskarriar.se\/itdata\/wp-content\/uploads\/sites\/13\/2020\/03\/bolagsverket-mp-1698-utvald.jpg","type":"image\/jpeg"}],"author":"viktorwallen","twitter_card":"summary_large_image","twitter_misc":{"Skriven av":"viktorwallen","Ber\u00e4knad l\u00e4stid":"3 minuter"},"schema":{"@context":"https:\/\/schema.org","@graph":[{"@type":"Article","@id":"https:\/\/framtidenskarriar.se\/itdata\/2020\/03\/10\/fokus-pa-bade-manniskor-och-teknik\/#article","isPartOf":{"@id":"https:\/\/framtidenskarriar.se\/itdata\/2020\/03\/10\/fokus-pa-bade-manniskor-och-teknik\/"},"author":{"name":"viktorwallen","@id":"https:\/\/framtidenskarriar.se\/itdata\/#\/schema\/person\/2a13a849ec7646386c2211f59afe3083"},"headline":"Fokus p\u00e5 b\u00e5de m\u00e4nniskor och teknik","datePublished":"2020-03-10T15:49:22+00:00","dateModified":"2021-03-09T12:11:22+00:00","mainEntityOfPage":{"@id":"https:\/\/framtidenskarriar.se\/itdata\/2020\/03\/10\/fokus-pa-bade-manniskor-och-teknik\/"},"wordCount":565,"image":{"@id":"https:\/\/framtidenskarriar.se\/itdata\/2020\/03\/10\/fokus-pa-bade-manniskor-och-teknik\/#primaryimage"},"thumbnailUrl":"https:\/\/framtidenskarriar.se\/itdata\/wp-content\/uploads\/sites\/13\/2020\/03\/bolagsverket-mp-1698-utvald.jpg","keywords":["Bolagsverket","Digitalisering","IT","Jobba statligt","Myndighet","Statligt","Teknikutveckling"],"articleSection":["Presentation"],"inLanguage":"sv-SE"},{"@type":"WebPage","@id":"https:\/\/framtidenskarriar.se\/itdata\/2020\/03\/10\/fokus-pa-bade-manniskor-och-teknik\/","url":"https:\/\/framtidenskarriar.se\/itdata\/2020\/03\/10\/fokus-pa-bade-manniskor-och-teknik\/","name":"Fokus p\u00e5 b\u00e5de m\u00e4nniskor och teknik - Framtidens karri\u00e4r IT & Data","isPartOf":{"@id":"https:\/\/framtidenskarriar.se\/itdata\/#website"},"primaryImageOfPage":{"@id":"https:\/\/framtidenskarriar.se\/itdata\/2020\/03\/10\/fokus-pa-bade-manniskor-och-teknik\/#primaryimage"},"image":{"@id":"https:\/\/framtidenskarriar.se\/itdata\/2020\/03\/10\/fokus-pa-bade-manniskor-och-teknik\/#primaryimage"},"thumbnailUrl":"https:\/\/framtidenskarriar.se\/itdata\/wp-content\/uploads\/sites\/13\/2020\/03\/bolagsverket-mp-1698-utvald.jpg","datePublished":"2020-03-10T15:49:22+00:00","dateModified":"2021-03-09T12:11:22+00:00","author":{"@id":"https:\/\/framtidenskarriar.se\/itdata\/#\/schema\/person\/2a13a849ec7646386c2211f59afe3083"},"breadcrumb":{"@id":"https:\/\/framtidenskarriar.se\/itdata\/2020\/03\/10\/fokus-pa-bade-manniskor-och-teknik\/#breadcrumb"},"inLanguage":"sv-SE","potentialAction":[{"@type":"ReadAction","target":["https:\/\/framtidenskarriar.se\/itdata\/2020\/03\/10\/fokus-pa-bade-manniskor-och-teknik\/"]}]},{"@type":"ImageObject","inLanguage":"sv-SE","@id":"https:\/\/framtidenskarriar.se\/itdata\/2020\/03\/10\/fokus-pa-bade-manniskor-och-teknik\/#primaryimage","url":"https:\/\/framtidenskarriar.se\/itdata\/wp-content\/uploads\/sites\/13\/2020\/03\/bolagsverket-mp-1698-utvald.jpg","contentUrl":"https:\/\/framtidenskarriar.se\/itdata\/wp-content\/uploads\/sites\/13\/2020\/03\/bolagsverket-mp-1698-utvald.jpg","width":1000,"height":704},{"@type":"BreadcrumbList","@id":"https:\/\/framtidenskarriar.se\/itdata\/2020\/03\/10\/fokus-pa-bade-manniskor-och-teknik\/#breadcrumb","itemListElement":[{"@type":"ListItem","position":1,"name":"Home","item":"https:\/\/framtidenskarriar.se\/itdata\/"},{"@type":"ListItem","position":2,"name":"Fokus p\u00e5 b\u00e5de m\u00e4nniskor och teknik"}]},{"@type":"WebSite","@id":"https:\/\/framtidenskarriar.se\/itdata\/#website","url":"https:\/\/framtidenskarriar.se\/itdata\/","name":"Framtidens karri\u00e4r IT & Data","description":"Just another NMDashboard.se Sites site","potentialAction":[{"@type":"SearchAction","target":{"@type":"EntryPoint","urlTemplate":"https:\/\/framtidenskarriar.se\/itdata\/?s={search_term_string}"},"query-input":{"@type":"PropertyValueSpecification","valueRequired":true,"valueName":"search_term_string"}}],"inLanguage":"sv-SE"},{"@type":"Person","@id":"https:\/\/framtidenskarriar.se\/itdata\/#\/schema\/person\/2a13a849ec7646386c2211f59afe3083","name":"viktorwallen","image":{"@type":"ImageObject","inLanguage":"sv-SE","@id":"https:\/\/secure.gravatar.com\/avatar\/701701bd36169636031933997c8c6b954f2f635bbb7cd4802e4a007f9c9f4e59?s=96&d=mm&r=g","url":"https:\/\/secure.gravatar.com\/avatar\/701701bd36169636031933997c8c6b954f2f635bbb7cd4802e4a007f9c9f4e59?s=96&d=mm&r=g","contentUrl":"https:\/\/secure.gravatar.com\/avatar\/701701bd36169636031933997c8c6b954f2f635bbb7cd4802e4a007f9c9f4e59?s=96&d=mm&r=g","caption":"viktorwallen"},"url":"https:\/\/framtidenskarriar.se\/itdata\/author\/viktorwallen\/"}]}},"_links":{"self":[{"href":"https:\/\/framtidenskarriar.se\/itdata\/wp-json\/wp\/v2\/posts\/6169","targetHints":{"allow":["GET"]}}],"collection":[{"href":"https:\/\/framtidenskarriar.se\/itdata\/wp-json\/wp\/v2\/posts"}],"about":[{"href":"https:\/\/framtidenskarriar.se\/itdata\/wp-json\/wp\/v2\/types\/post"}],"author":[{"embeddable":true,"href":"https:\/\/framtidenskarriar.se\/itdata\/wp-json\/wp\/v2\/users\/2"}],"replies":[{"embeddable":true,"href":"https:\/\/framtidenskarriar.se\/itdata\/wp-json\/wp\/v2\/comments?post=6169"}],"version-history":[{"count":5,"href":"https:\/\/framtidenskarriar.se\/itdata\/wp-json\/wp\/v2\/posts\/6169\/revisions"}],"predecessor-version":[{"id":6923,"href":"https:\/\/framtidenskarriar.se\/itdata\/wp-json\/wp\/v2\/posts\/6169\/revisions\/6923"}],"wp:featuredmedia":[{"embeddable":true,"href":"https:\/\/framtidenskarriar.se\/itdata\/wp-json\/wp\/v2\/media\/6630"}],"wp:attachment":[{"href":"https:\/\/framtidenskarriar.se\/itdata\/wp-json\/wp\/v2\/media?parent=6169"}],"wp:term":[{"taxonomy":"category","embeddable":true,"href":"https:\/\/framtidenskarriar.se\/itdata\/wp-json\/wp\/v2\/categories?post=6169"},{"taxonomy":"post_tag","embeddable":true,"href":"https:\/\/framtidenskarriar.se\/itdata\/wp-json\/wp\/v2\/tags?post=6169"}],"curies":[{"name":"wp","href":"https:\/\/api.w.org\/{rel}","templated":true}]}}