{"id":6176,"date":"2020-03-10T15:57:02","date_gmt":"2020-03-10T15:57:02","guid":{"rendered":"https:\/\/framtidenskarriar.se\/itdata\/?p=6176"},"modified":"2021-03-09T12:11:17","modified_gmt":"2021-03-09T12:11:17","slug":"framtidens-cybersakerhet-utvecklas-pa-saab","status":"publish","type":"post","link":"https:\/\/framtidenskarriar.se\/itdata\/2020\/03\/10\/framtidens-cybersakerhet-utvecklas-pa-saab\/","title":{"rendered":"Framtidens cybers\u00e4kerhet utvecklas p\u00e5 Saab"},"content":{"rendered":"\n<figure class=\"wp-block-image alignnone size-full wp-image-6177\"><img loading=\"lazy\" decoding=\"async\" width=\"1000\" height=\"637\" src=\"https:\/\/framtidenskarriar.se\/itdata\/wp-content\/uploads\/sites\/13\/2020\/03\/saab-it-1.jpg\" alt=\"Daniel F\u00e4ldt och Jenny H\u00e5llmats fr\u00e5n Saabs aff\u00e4rsenhet Cyber Security. Foto: Johan Marklund\" class=\"wp-image-6177\" srcset=\"https:\/\/framtidenskarriar.se\/itdata\/wp-content\/uploads\/sites\/13\/2020\/03\/saab-it-1.jpg 1000w, https:\/\/framtidenskarriar.se\/itdata\/wp-content\/uploads\/sites\/13\/2020\/03\/saab-it-1-300x191.jpg 300w, https:\/\/framtidenskarriar.se\/itdata\/wp-content\/uploads\/sites\/13\/2020\/03\/saab-it-1-768x489.jpg 768w, https:\/\/framtidenskarriar.se\/itdata\/wp-content\/uploads\/sites\/13\/2020\/03\/saab-it-1-251x160.jpg 251w, https:\/\/framtidenskarriar.se\/itdata\/wp-content\/uploads\/sites\/13\/2020\/03\/saab-it-1-526x335.jpg 526w, https:\/\/framtidenskarriar.se\/itdata\/wp-content\/uploads\/sites\/13\/2020\/03\/saab-it-1-720x459.jpg 720w, https:\/\/framtidenskarriar.se\/itdata\/wp-content\/uploads\/sites\/13\/2020\/03\/saab-it-1-960x612.jpg 960w\" sizes=\"auto, (max-width: 1000px) 100vw, 1000px\" \/><figcaption>Daniel F\u00e4ldt och Jenny H\u00e5llmats fr\u00e5n Saabs aff\u00e4rsenhet Cyber Security. Foto: Johan Marklund<\/figcaption><\/figure>\n\n\n\n<p><strong>Cyberattacker \u00e4r idag ett av de fr\u00e4msta hoten mot samh\u00e4llet.<br>Vill du utveckla cybers\u00e4kerhet i den absoluta framkanten, i en milj\u00f6 d\u00e4r du har ena foten i framtiden? Saab expanderar snabbt och s\u00f6ker nu Sveriges vassaste ingenj\u00f6rer och IT-specialister till Cyber Security-omr\u00e5det.<\/strong><\/p>\n\n\n\n<p>Saab har sedan starten f\u00f6r \u00f6ver 80 \u00e5r sedan drivit den tekniska utvecklingen p\u00e5 en rad omr\u00e5den, med banbrytande produkter, tj\u00e4nster och l\u00f6sningar. Saabs vision, \u201cDet \u00e4r en m\u00e4nsklig r\u00e4ttighet att k\u00e4nna sig s\u00e4ker\u201d genomsyrar arbetet i f\u00f6retaget. Inom aff\u00e4rsenhet Cyber Security utvecklas nya l\u00f6sningar f\u00f6r Saabs produktportf\u00f6lj utifr\u00e5n ett cybers\u00e4kerhetsperspektiv. Data \u00e4r en eftertraktad r\u00e5vara, som st\u00e4ndigt uts\u00e4tts f\u00f6r attacker av olika slag. Det kan r\u00f6ra sig om exempelvis att stj\u00e4la innovationer, sprida desinformation eller rena sabotage. En viktig del av arbetet inom Cyber Security \u00e4r att ta fram en molnplattform, Egira, d\u00e4r Saab och f\u00f6retagets kunder kan skydda sin data, sina produkter och samtidigt beh\u00e5lla kontrollen \u00f6ver datan.<br>\u2013 Tidigare handlade f\u00f6rsvaret av samh\u00e4llet om att skydda fysiska gr\u00e4nser och avv\u00e4rja v\u00e4pnade angrepp. Idag har hoten flyttat in i den digitala v\u00e4rlden. I takt med den snabba digitaliseringen av s\u00e5 gott som samtliga delar av samh\u00e4llet \u00f6kar ocks\u00e5 s\u00e5rbarheten. En s\u00e4ker molnmilj\u00f6 f\u00f6r myndigheter och f\u00f6retag som idag jobbar med kritisk infrastruktur eller samh\u00e4llsb\u00e4rande funktioner \u00e4r d\u00e4rf\u00f6r avg\u00f6rande om vi ska kunna skydda viktiga intressen, s\u00e4ger Daniel F\u00e4ldt, som ansvarar f\u00f6r omr\u00e5det Secure Cloud inom aff\u00e4rsenhet Cyber Security.<\/p>\n\n\n\n<p class=\"has-color-gray-01-background-color has-background\"><strong><a title=\"Saab Cyber Security pres jobb ans\u00f6k\" href=\"https:\/\/saabgroup.com\/sv\/career\/job-opportunities\/?&amp;p=Technology+and+Engineering\" target=\"_blank\" rel=\"noopener noreferrer\">Jobba med oss p\u00e5 Saab. Klicka h\u00e4r f\u00f6r att se v\u00e5ra lediga tj\u00e4nster<\/a><\/strong><\/p>\n\n\n\n<p><strong>AI utforskar satellitdata<\/strong><br>En annan stor satsning p\u00e5 Saab \u00e4r utveckling av AI, artificiell intelligens. Denna teknologi anv\u00e4nds bland annat till att utforska satellitdata fr\u00e5n rymden f\u00f6r att skapa l\u00e4gesbilder av den fysiska milj\u00f6n till havs, p\u00e5 land och i luften och p\u00e5 s\u00e5 s\u00e4tt kartl\u00e4gga m\u00f6nster och uppt\u00e4cka avvikelser.<br>\u2013 Det genereras enorma m\u00e4ngder data i v\u00e5rt samh\u00e4lle. Genom AI-teknik s\u00e5 kan helt nya innovationer och f\u00f6retag skapas vilket g\u00f6r att datan ocks\u00e5 blir en alltmer efterfr\u00e5gad r\u00e5vara. F\u00f6r en m\u00e4nniska \u00e4r det helt om\u00f6jligt att hantera datam\u00e4ngden och f\u00e5 en helhetsbild. AI med h\u00f6g ber\u00e4kningskraft \u00e4r ett mycket effektivt verktyg f\u00f6r att s\u00e5lla och analysera den h\u00e4r v\u00e4rdefulla informationen. Genom att anv\u00e4nda AI till den h\u00e4r typen av uppgift frig\u00f6r man \u00e4ven den m\u00e4nskliga kompetensen, s\u00e5 att m\u00e4nniskor kan fokusera p\u00e5 omr\u00e5den d\u00e4r de g\u00f6r mest nytta, f\u00f6rklarar Jenny H\u00e5llmats, som \u00e4r chef f\u00f6r marknadsf\u00f6ring, marknad och f\u00f6rs\u00e4ljning p\u00e5 Saabs aff\u00e4rsenhet Cyber Security.<\/p>\n\n\n\n<p><strong>Stor innovationsh\u00f6jd<\/strong><br>Saab skapade aff\u00e4rsenheten Cyber Security f\u00f6r tv\u00e5 \u00e5r sedan och den v\u00e4xer idag snabbt. Saab rekryterar nu drivna talanger inom ett brett f\u00e4lt, som vill vara med och utveckla morgondagens spjutspetsteknologi inom cybers\u00e4kerhet och AI. Innovationsh\u00f6jden \u00e4r stor och utvecklingen g\u00e5r med hisnande fart. Arbetss\u00e4ttet \u00e4r agilt och fokus \u00e4r att ligga i den absoluta framkanten f\u00f6r att m\u00f6ta framtidens utmaningar.<br>\u2013 Vi s\u00f6ker medarbetare som \u00e4r intresserade av s\u00e4kerhetsfr\u00e5gor, gillar att ta eget ansvar och trivs med att inte alltid ha helt v\u00e4ldefinierade uppgifter. Det \u00e4r en kreativ, dynamisk arbetsplats, d\u00e4r vi \u00e4r v\u00e4ldigt snabbfotade. Det \u00e4r som att jobba p\u00e5 en start-up, samtidigt som man har Saabs stora organisation och enorma kompetens i ryggen, ber\u00e4ttar Daniel.<\/p>\n\n\n\n<p><strong>Stor r\u00f6rlighet<\/strong><br>Saab \u00e4r ett av Sveriges mest FoU-intensiva f\u00f6retag och det finns en stor r\u00f6rlighet inom koncernen, b\u00e5de i Sverige och internationellt. Jennys och Daniels karri\u00e4rer \u00e4r goda exempel p\u00e5 m\u00f6jligheterna som Saab erbjuder. Jenny, som l\u00e4ste teknisk fysik i Uppsala, kom till Saab f\u00f6r att g\u00f6ra sitt ex-jobb f\u00f6r n\u00e4rmare 20 \u00e5r sedan och har blivit kvar sedan dess, med undantag f\u00f6r en kort period utanf\u00f6r koncernen. Daniel har examen i elektroteknik fr\u00e5n Lund och b\u00f6rjade p\u00e5 Saab f\u00f6r 13 \u00e5r sedan, efter att ha arbetat n\u00e5gra \u00e5r i f\u00f6rsvarssektorn. B\u00e5da har pr\u00f6vat en rad olika roller inom olika enheter och framh\u00e5ller de goda m\u00f6jligheterna till kompetensutveckling och att pr\u00f6va nytt. En viktig dimension f\u00f6r Jenny och Daniel \u00e4r ocks\u00e5 Saabs stora samh\u00e4llsengagemang.<br>\u2013 H\u00e4r k\u00e4nner man verkligen att man g\u00f6r nytta f\u00f6r samh\u00e4llet och m\u00e4nniskors s\u00e4kerhet, s\u00e4ger Jenny. V\u00e5ra produkter och teknologier skapar en tryggare v\u00e4rld och det ger stor tillfredsst\u00e4llelse och mening.<\/p>\n\n\n\n<p class=\"has-color-gray-01-background-color has-background\"><strong><a title=\"Saab Cyber Security pres jobb ans\u00f6k\" href=\"https:\/\/saabgroup.com\/sv\/career\/job-opportunities\/?&amp;p=Technology+and+Engineering\" target=\"_blank\" rel=\"noopener noreferrer\">Jobba med oss p\u00e5 Saab. Klicka h\u00e4r f\u00f6r att se v\u00e5ra lediga tj\u00e4nster<\/a><\/strong><\/p>\n\n\n\n<div class=\"wp-block-group faktaruta\"><div class=\"wp-block-group__inner-container is-layout-flow wp-block-group-is-layout-flow\">\n<h6 class=\"wp-block-heading\">Saab Cyber Security<\/h6>\n\n\n\n<p>Saab levererar marknadsledande och h\u00f6gteknologiska produkter, tj\u00e4nster och l\u00f6sningar inom milit\u00e4rt f\u00f6rsvar och civil s\u00e4kerhet till den globala marknaden. Saab har verksamhet i 35 l\u00e4nder p\u00e5 alla kontinenter och kunder i \u00f6ver 100 l\u00e4nder. Saab har cirka 17000 medarbetare runt om i v\u00e4rlden och en oms\u00e4ttning p\u00e5 31 mdkr. 23 procent av oms\u00e4ttningen g\u00e5r till FoU och det finns en n\u00e4ra samverkan med universitet och h\u00f6gskolor. Saab utvecklar framtidens l\u00f6sningar inom cybers\u00e4kerhet och AI, och rekryterar nu talanger inom bland annat IT-data, teknisk fysik och systemvetenskap.<\/p>\n\n\n\n<p><strong><a title=\"Saab Cyber Security textlink\" href=\"https:\/\/saab.com\/\" target=\"_blank\" rel=\"noopener noreferrer\">www.saab.com<\/a><\/strong><br><br><a href=\"https:\/\/saab.com\/\" title=\"Saab Cyber Security logotype\" target=\"_blank\" rel=\"noreferrer noopener\"><img loading=\"lazy\" decoding=\"async\" width=\"150\" height=\"48\" class=\"wp-image-6178\" style=\"width: 150px;\" src=\"https:\/\/framtidenskarriar.se\/itdata\/wp-content\/uploads\/sites\/13\/2020\/03\/saab-cmyk-logo.png\" alt=\"\" srcset=\"https:\/\/framtidenskarriar.se\/itdata\/wp-content\/uploads\/sites\/13\/2020\/03\/saab-cmyk-logo.png 500w, https:\/\/framtidenskarriar.se\/itdata\/wp-content\/uploads\/sites\/13\/2020\/03\/saab-cmyk-logo-300x95.png 300w\" sizes=\"auto, (max-width: 150px) 100vw, 150px\" \/><\/a><\/p>\n<\/div><\/div>\n","protected":false},"excerpt":{"rendered":"<p>Vill du utveckla cybers\u00e4kerhet i den absoluta framkanten?<\/p>\n","protected":false},"author":2,"featured_media":6177,"comment_status":"closed","ping_status":"open","sticky":false,"template":"","format":"standard","meta":{"_acf_changed":false,"_monsterinsights_skip_tracking":false,"_monsterinsights_sitenote_active":false,"_monsterinsights_sitenote_note":"","_monsterinsights_sitenote_category":0,"footnotes":""},"categories":[9],"tags":[43,47,87,211,212,214],"class_list":["post-6176","post","type-post","status-publish","format-standard","has-post-thumbnail","hentry","category-presentation","tag-cyber-security","tag-cybersakerhet","tag-forsvar","tag-saab","tag-saab-cyber-security","tag-sakerhet"],"acf":[],"yoast_head":"<!-- This site is optimized with the Yoast SEO plugin v27.3 - https:\/\/yoast.com\/product\/yoast-seo-wordpress\/ -->\n<title>Framtidens cybers\u00e4kerhet utvecklas p\u00e5 Saab - Framtidens karri\u00e4r IT &amp; Data<\/title>\n<meta name=\"robots\" content=\"index, follow, max-snippet:-1, max-image-preview:large, max-video-preview:-1\" \/>\n<link rel=\"canonical\" href=\"https:\/\/framtidenskarriar.se\/itdata\/2020\/03\/10\/framtidens-cybersakerhet-utvecklas-pa-saab\/\" \/>\n<meta property=\"og:locale\" content=\"sv_SE\" \/>\n<meta property=\"og:type\" content=\"article\" \/>\n<meta property=\"og:title\" content=\"Framtidens cybers\u00e4kerhet utvecklas p\u00e5 Saab - Framtidens karri\u00e4r IT &amp; Data\" \/>\n<meta property=\"og:description\" content=\"Vill du utveckla cybers\u00e4kerhet i den absoluta framkanten?\" \/>\n<meta property=\"og:url\" content=\"https:\/\/framtidenskarriar.se\/itdata\/2020\/03\/10\/framtidens-cybersakerhet-utvecklas-pa-saab\/\" \/>\n<meta property=\"og:site_name\" content=\"Framtidens karri\u00e4r IT &amp; Data\" \/>\n<meta property=\"article:published_time\" content=\"2020-03-10T15:57:02+00:00\" \/>\n<meta property=\"article:modified_time\" content=\"2021-03-09T12:11:17+00:00\" \/>\n<meta property=\"og:image\" content=\"https:\/\/framtidenskarriar.se\/itdata\/wp-content\/uploads\/sites\/13\/2020\/03\/saab-it-1.jpg\" \/>\n\t<meta property=\"og:image:width\" content=\"1000\" \/>\n\t<meta property=\"og:image:height\" content=\"637\" \/>\n\t<meta property=\"og:image:type\" content=\"image\/jpeg\" \/>\n<meta name=\"author\" content=\"viktorwallen\" \/>\n<meta name=\"twitter:card\" content=\"summary_large_image\" \/>\n<meta name=\"twitter:label1\" content=\"Skriven av\" \/>\n\t<meta name=\"twitter:data1\" content=\"viktorwallen\" \/>\n\t<meta name=\"twitter:label2\" content=\"Ber\u00e4knad l\u00e4stid\" \/>\n\t<meta name=\"twitter:data2\" content=\"4 minuter\" \/>\n<script type=\"application\/ld+json\" class=\"yoast-schema-graph\">{\"@context\":\"https:\\\/\\\/schema.org\",\"@graph\":[{\"@type\":\"Article\",\"@id\":\"https:\\\/\\\/framtidenskarriar.se\\\/itdata\\\/2020\\\/03\\\/10\\\/framtidens-cybersakerhet-utvecklas-pa-saab\\\/#article\",\"isPartOf\":{\"@id\":\"https:\\\/\\\/framtidenskarriar.se\\\/itdata\\\/2020\\\/03\\\/10\\\/framtidens-cybersakerhet-utvecklas-pa-saab\\\/\"},\"author\":{\"name\":\"viktorwallen\",\"@id\":\"https:\\\/\\\/framtidenskarriar.se\\\/itdata\\\/#\\\/schema\\\/person\\\/2a13a849ec7646386c2211f59afe3083\"},\"headline\":\"Framtidens cybers\u00e4kerhet utvecklas p\u00e5 Saab\",\"datePublished\":\"2020-03-10T15:57:02+00:00\",\"dateModified\":\"2021-03-09T12:11:17+00:00\",\"mainEntityOfPage\":{\"@id\":\"https:\\\/\\\/framtidenskarriar.se\\\/itdata\\\/2020\\\/03\\\/10\\\/framtidens-cybersakerhet-utvecklas-pa-saab\\\/\"},\"wordCount\":963,\"image\":{\"@id\":\"https:\\\/\\\/framtidenskarriar.se\\\/itdata\\\/2020\\\/03\\\/10\\\/framtidens-cybersakerhet-utvecklas-pa-saab\\\/#primaryimage\"},\"thumbnailUrl\":\"https:\\\/\\\/framtidenskarriar.se\\\/itdata\\\/wp-content\\\/uploads\\\/sites\\\/13\\\/2020\\\/03\\\/saab-it-1.jpg\",\"keywords\":[\"Cyber Security\",\"Cybers\u00e4kerhet\",\"F\u00f6rsvar\",\"Saab\",\"Saab Cyber Security\",\"S\u00e4kerhet\"],\"articleSection\":[\"Presentation\"],\"inLanguage\":\"sv-SE\"},{\"@type\":\"WebPage\",\"@id\":\"https:\\\/\\\/framtidenskarriar.se\\\/itdata\\\/2020\\\/03\\\/10\\\/framtidens-cybersakerhet-utvecklas-pa-saab\\\/\",\"url\":\"https:\\\/\\\/framtidenskarriar.se\\\/itdata\\\/2020\\\/03\\\/10\\\/framtidens-cybersakerhet-utvecklas-pa-saab\\\/\",\"name\":\"Framtidens cybers\u00e4kerhet utvecklas p\u00e5 Saab - Framtidens karri\u00e4r IT & Data\",\"isPartOf\":{\"@id\":\"https:\\\/\\\/framtidenskarriar.se\\\/itdata\\\/#website\"},\"primaryImageOfPage\":{\"@id\":\"https:\\\/\\\/framtidenskarriar.se\\\/itdata\\\/2020\\\/03\\\/10\\\/framtidens-cybersakerhet-utvecklas-pa-saab\\\/#primaryimage\"},\"image\":{\"@id\":\"https:\\\/\\\/framtidenskarriar.se\\\/itdata\\\/2020\\\/03\\\/10\\\/framtidens-cybersakerhet-utvecklas-pa-saab\\\/#primaryimage\"},\"thumbnailUrl\":\"https:\\\/\\\/framtidenskarriar.se\\\/itdata\\\/wp-content\\\/uploads\\\/sites\\\/13\\\/2020\\\/03\\\/saab-it-1.jpg\",\"datePublished\":\"2020-03-10T15:57:02+00:00\",\"dateModified\":\"2021-03-09T12:11:17+00:00\",\"author\":{\"@id\":\"https:\\\/\\\/framtidenskarriar.se\\\/itdata\\\/#\\\/schema\\\/person\\\/2a13a849ec7646386c2211f59afe3083\"},\"breadcrumb\":{\"@id\":\"https:\\\/\\\/framtidenskarriar.se\\\/itdata\\\/2020\\\/03\\\/10\\\/framtidens-cybersakerhet-utvecklas-pa-saab\\\/#breadcrumb\"},\"inLanguage\":\"sv-SE\",\"potentialAction\":[{\"@type\":\"ReadAction\",\"target\":[\"https:\\\/\\\/framtidenskarriar.se\\\/itdata\\\/2020\\\/03\\\/10\\\/framtidens-cybersakerhet-utvecklas-pa-saab\\\/\"]}]},{\"@type\":\"ImageObject\",\"inLanguage\":\"sv-SE\",\"@id\":\"https:\\\/\\\/framtidenskarriar.se\\\/itdata\\\/2020\\\/03\\\/10\\\/framtidens-cybersakerhet-utvecklas-pa-saab\\\/#primaryimage\",\"url\":\"https:\\\/\\\/framtidenskarriar.se\\\/itdata\\\/wp-content\\\/uploads\\\/sites\\\/13\\\/2020\\\/03\\\/saab-it-1.jpg\",\"contentUrl\":\"https:\\\/\\\/framtidenskarriar.se\\\/itdata\\\/wp-content\\\/uploads\\\/sites\\\/13\\\/2020\\\/03\\\/saab-it-1.jpg\",\"width\":1000,\"height\":637,\"caption\":\"Daniel F\u00e4ldt och Jenny H\u00e5llmats fr\u00e5n Saabs aff\u00e4rsenhet Cyber Security. Foto: Johan Marklund\"},{\"@type\":\"BreadcrumbList\",\"@id\":\"https:\\\/\\\/framtidenskarriar.se\\\/itdata\\\/2020\\\/03\\\/10\\\/framtidens-cybersakerhet-utvecklas-pa-saab\\\/#breadcrumb\",\"itemListElement\":[{\"@type\":\"ListItem\",\"position\":1,\"name\":\"Home\",\"item\":\"https:\\\/\\\/framtidenskarriar.se\\\/itdata\\\/\"},{\"@type\":\"ListItem\",\"position\":2,\"name\":\"Framtidens cybers\u00e4kerhet utvecklas p\u00e5 Saab\"}]},{\"@type\":\"WebSite\",\"@id\":\"https:\\\/\\\/framtidenskarriar.se\\\/itdata\\\/#website\",\"url\":\"https:\\\/\\\/framtidenskarriar.se\\\/itdata\\\/\",\"name\":\"Framtidens karri\u00e4r IT & Data\",\"description\":\"Just another NMDashboard.se Sites site\",\"potentialAction\":[{\"@type\":\"SearchAction\",\"target\":{\"@type\":\"EntryPoint\",\"urlTemplate\":\"https:\\\/\\\/framtidenskarriar.se\\\/itdata\\\/?s={search_term_string}\"},\"query-input\":{\"@type\":\"PropertyValueSpecification\",\"valueRequired\":true,\"valueName\":\"search_term_string\"}}],\"inLanguage\":\"sv-SE\"},{\"@type\":\"Person\",\"@id\":\"https:\\\/\\\/framtidenskarriar.se\\\/itdata\\\/#\\\/schema\\\/person\\\/2a13a849ec7646386c2211f59afe3083\",\"name\":\"viktorwallen\",\"image\":{\"@type\":\"ImageObject\",\"inLanguage\":\"sv-SE\",\"@id\":\"https:\\\/\\\/secure.gravatar.com\\\/avatar\\\/701701bd36169636031933997c8c6b954f2f635bbb7cd4802e4a007f9c9f4e59?s=96&d=mm&r=g\",\"url\":\"https:\\\/\\\/secure.gravatar.com\\\/avatar\\\/701701bd36169636031933997c8c6b954f2f635bbb7cd4802e4a007f9c9f4e59?s=96&d=mm&r=g\",\"contentUrl\":\"https:\\\/\\\/secure.gravatar.com\\\/avatar\\\/701701bd36169636031933997c8c6b954f2f635bbb7cd4802e4a007f9c9f4e59?s=96&d=mm&r=g\",\"caption\":\"viktorwallen\"},\"url\":\"https:\\\/\\\/framtidenskarriar.se\\\/itdata\\\/author\\\/viktorwallen\\\/\"}]}<\/script>\n<!-- \/ Yoast SEO plugin. -->","yoast_head_json":{"title":"Framtidens cybers\u00e4kerhet utvecklas p\u00e5 Saab - Framtidens karri\u00e4r IT & Data","robots":{"index":"index","follow":"follow","max-snippet":"max-snippet:-1","max-image-preview":"max-image-preview:large","max-video-preview":"max-video-preview:-1"},"canonical":"https:\/\/framtidenskarriar.se\/itdata\/2020\/03\/10\/framtidens-cybersakerhet-utvecklas-pa-saab\/","og_locale":"sv_SE","og_type":"article","og_title":"Framtidens cybers\u00e4kerhet utvecklas p\u00e5 Saab - Framtidens karri\u00e4r IT & Data","og_description":"Vill du utveckla cybers\u00e4kerhet i den absoluta framkanten?","og_url":"https:\/\/framtidenskarriar.se\/itdata\/2020\/03\/10\/framtidens-cybersakerhet-utvecklas-pa-saab\/","og_site_name":"Framtidens karri\u00e4r IT & Data","article_published_time":"2020-03-10T15:57:02+00:00","article_modified_time":"2021-03-09T12:11:17+00:00","og_image":[{"width":1000,"height":637,"url":"https:\/\/framtidenskarriar.se\/itdata\/wp-content\/uploads\/sites\/13\/2020\/03\/saab-it-1.jpg","type":"image\/jpeg"}],"author":"viktorwallen","twitter_card":"summary_large_image","twitter_misc":{"Skriven av":"viktorwallen","Ber\u00e4knad l\u00e4stid":"4 minuter"},"schema":{"@context":"https:\/\/schema.org","@graph":[{"@type":"Article","@id":"https:\/\/framtidenskarriar.se\/itdata\/2020\/03\/10\/framtidens-cybersakerhet-utvecklas-pa-saab\/#article","isPartOf":{"@id":"https:\/\/framtidenskarriar.se\/itdata\/2020\/03\/10\/framtidens-cybersakerhet-utvecklas-pa-saab\/"},"author":{"name":"viktorwallen","@id":"https:\/\/framtidenskarriar.se\/itdata\/#\/schema\/person\/2a13a849ec7646386c2211f59afe3083"},"headline":"Framtidens cybers\u00e4kerhet utvecklas p\u00e5 Saab","datePublished":"2020-03-10T15:57:02+00:00","dateModified":"2021-03-09T12:11:17+00:00","mainEntityOfPage":{"@id":"https:\/\/framtidenskarriar.se\/itdata\/2020\/03\/10\/framtidens-cybersakerhet-utvecklas-pa-saab\/"},"wordCount":963,"image":{"@id":"https:\/\/framtidenskarriar.se\/itdata\/2020\/03\/10\/framtidens-cybersakerhet-utvecklas-pa-saab\/#primaryimage"},"thumbnailUrl":"https:\/\/framtidenskarriar.se\/itdata\/wp-content\/uploads\/sites\/13\/2020\/03\/saab-it-1.jpg","keywords":["Cyber Security","Cybers\u00e4kerhet","F\u00f6rsvar","Saab","Saab Cyber Security","S\u00e4kerhet"],"articleSection":["Presentation"],"inLanguage":"sv-SE"},{"@type":"WebPage","@id":"https:\/\/framtidenskarriar.se\/itdata\/2020\/03\/10\/framtidens-cybersakerhet-utvecklas-pa-saab\/","url":"https:\/\/framtidenskarriar.se\/itdata\/2020\/03\/10\/framtidens-cybersakerhet-utvecklas-pa-saab\/","name":"Framtidens cybers\u00e4kerhet utvecklas p\u00e5 Saab - Framtidens karri\u00e4r IT & Data","isPartOf":{"@id":"https:\/\/framtidenskarriar.se\/itdata\/#website"},"primaryImageOfPage":{"@id":"https:\/\/framtidenskarriar.se\/itdata\/2020\/03\/10\/framtidens-cybersakerhet-utvecklas-pa-saab\/#primaryimage"},"image":{"@id":"https:\/\/framtidenskarriar.se\/itdata\/2020\/03\/10\/framtidens-cybersakerhet-utvecklas-pa-saab\/#primaryimage"},"thumbnailUrl":"https:\/\/framtidenskarriar.se\/itdata\/wp-content\/uploads\/sites\/13\/2020\/03\/saab-it-1.jpg","datePublished":"2020-03-10T15:57:02+00:00","dateModified":"2021-03-09T12:11:17+00:00","author":{"@id":"https:\/\/framtidenskarriar.se\/itdata\/#\/schema\/person\/2a13a849ec7646386c2211f59afe3083"},"breadcrumb":{"@id":"https:\/\/framtidenskarriar.se\/itdata\/2020\/03\/10\/framtidens-cybersakerhet-utvecklas-pa-saab\/#breadcrumb"},"inLanguage":"sv-SE","potentialAction":[{"@type":"ReadAction","target":["https:\/\/framtidenskarriar.se\/itdata\/2020\/03\/10\/framtidens-cybersakerhet-utvecklas-pa-saab\/"]}]},{"@type":"ImageObject","inLanguage":"sv-SE","@id":"https:\/\/framtidenskarriar.se\/itdata\/2020\/03\/10\/framtidens-cybersakerhet-utvecklas-pa-saab\/#primaryimage","url":"https:\/\/framtidenskarriar.se\/itdata\/wp-content\/uploads\/sites\/13\/2020\/03\/saab-it-1.jpg","contentUrl":"https:\/\/framtidenskarriar.se\/itdata\/wp-content\/uploads\/sites\/13\/2020\/03\/saab-it-1.jpg","width":1000,"height":637,"caption":"Daniel F\u00e4ldt och Jenny H\u00e5llmats fr\u00e5n Saabs aff\u00e4rsenhet Cyber Security. Foto: Johan Marklund"},{"@type":"BreadcrumbList","@id":"https:\/\/framtidenskarriar.se\/itdata\/2020\/03\/10\/framtidens-cybersakerhet-utvecklas-pa-saab\/#breadcrumb","itemListElement":[{"@type":"ListItem","position":1,"name":"Home","item":"https:\/\/framtidenskarriar.se\/itdata\/"},{"@type":"ListItem","position":2,"name":"Framtidens cybers\u00e4kerhet utvecklas p\u00e5 Saab"}]},{"@type":"WebSite","@id":"https:\/\/framtidenskarriar.se\/itdata\/#website","url":"https:\/\/framtidenskarriar.se\/itdata\/","name":"Framtidens karri\u00e4r IT & Data","description":"Just another NMDashboard.se Sites site","potentialAction":[{"@type":"SearchAction","target":{"@type":"EntryPoint","urlTemplate":"https:\/\/framtidenskarriar.se\/itdata\/?s={search_term_string}"},"query-input":{"@type":"PropertyValueSpecification","valueRequired":true,"valueName":"search_term_string"}}],"inLanguage":"sv-SE"},{"@type":"Person","@id":"https:\/\/framtidenskarriar.se\/itdata\/#\/schema\/person\/2a13a849ec7646386c2211f59afe3083","name":"viktorwallen","image":{"@type":"ImageObject","inLanguage":"sv-SE","@id":"https:\/\/secure.gravatar.com\/avatar\/701701bd36169636031933997c8c6b954f2f635bbb7cd4802e4a007f9c9f4e59?s=96&d=mm&r=g","url":"https:\/\/secure.gravatar.com\/avatar\/701701bd36169636031933997c8c6b954f2f635bbb7cd4802e4a007f9c9f4e59?s=96&d=mm&r=g","contentUrl":"https:\/\/secure.gravatar.com\/avatar\/701701bd36169636031933997c8c6b954f2f635bbb7cd4802e4a007f9c9f4e59?s=96&d=mm&r=g","caption":"viktorwallen"},"url":"https:\/\/framtidenskarriar.se\/itdata\/author\/viktorwallen\/"}]}},"_links":{"self":[{"href":"https:\/\/framtidenskarriar.se\/itdata\/wp-json\/wp\/v2\/posts\/6176","targetHints":{"allow":["GET"]}}],"collection":[{"href":"https:\/\/framtidenskarriar.se\/itdata\/wp-json\/wp\/v2\/posts"}],"about":[{"href":"https:\/\/framtidenskarriar.se\/itdata\/wp-json\/wp\/v2\/types\/post"}],"author":[{"embeddable":true,"href":"https:\/\/framtidenskarriar.se\/itdata\/wp-json\/wp\/v2\/users\/2"}],"replies":[{"embeddable":true,"href":"https:\/\/framtidenskarriar.se\/itdata\/wp-json\/wp\/v2\/comments?post=6176"}],"version-history":[{"count":6,"href":"https:\/\/framtidenskarriar.se\/itdata\/wp-json\/wp\/v2\/posts\/6176\/revisions"}],"predecessor-version":[{"id":6922,"href":"https:\/\/framtidenskarriar.se\/itdata\/wp-json\/wp\/v2\/posts\/6176\/revisions\/6922"}],"wp:featuredmedia":[{"embeddable":true,"href":"https:\/\/framtidenskarriar.se\/itdata\/wp-json\/wp\/v2\/media\/6177"}],"wp:attachment":[{"href":"https:\/\/framtidenskarriar.se\/itdata\/wp-json\/wp\/v2\/media?parent=6176"}],"wp:term":[{"taxonomy":"category","embeddable":true,"href":"https:\/\/framtidenskarriar.se\/itdata\/wp-json\/wp\/v2\/categories?post=6176"},{"taxonomy":"post_tag","embeddable":true,"href":"https:\/\/framtidenskarriar.se\/itdata\/wp-json\/wp\/v2\/tags?post=6176"}],"curies":[{"name":"wp","href":"https:\/\/api.w.org\/{rel}","templated":true}]}}