{"id":6187,"date":"2020-03-10T16:06:22","date_gmt":"2020-03-10T16:06:22","guid":{"rendered":"https:\/\/framtidenskarriar.se\/itdata\/?p=6187"},"modified":"2021-03-09T12:11:13","modified_gmt":"2021-03-09T12:11:13","slug":"transportstyrelsen-erbjuder-flerfiliga-karriarvagar","status":"publish","type":"post","link":"https:\/\/framtidenskarriar.se\/itdata\/2020\/03\/10\/transportstyrelsen-erbjuder-flerfiliga-karriarvagar\/","title":{"rendered":"Transportstyrelsen erbjuder flerfiliga karri\u00e4rv\u00e4gar inom IT"},"content":{"rendered":"\n<figure class=\"wp-block-image alignnone size-full wp-image-6189\"><img loading=\"lazy\" decoding=\"async\" width=\"1000\" height=\"643\" src=\"https:\/\/framtidenskarriar.se\/itdata\/wp-content\/uploads\/sites\/13\/2020\/03\/transportstyrelsen-orebro-5.jpg\" alt=\"Jasmin Krhan, systemutvecklare, Towe Johansson, f\u00f6rvaltningsledare IT, Vilhelm Borgedahl, systemutvecklare och Maria Banck, sektionschef IT p\u00e5 Transportstyrelsen. Foto: Richard Str\u00f6m\" class=\"wp-image-6189\" srcset=\"https:\/\/framtidenskarriar.se\/itdata\/wp-content\/uploads\/sites\/13\/2020\/03\/transportstyrelsen-orebro-5.jpg 1000w, https:\/\/framtidenskarriar.se\/itdata\/wp-content\/uploads\/sites\/13\/2020\/03\/transportstyrelsen-orebro-5-300x193.jpg 300w, https:\/\/framtidenskarriar.se\/itdata\/wp-content\/uploads\/sites\/13\/2020\/03\/transportstyrelsen-orebro-5-768x494.jpg 768w, https:\/\/framtidenskarriar.se\/itdata\/wp-content\/uploads\/sites\/13\/2020\/03\/transportstyrelsen-orebro-5-249x160.jpg 249w, https:\/\/framtidenskarriar.se\/itdata\/wp-content\/uploads\/sites\/13\/2020\/03\/transportstyrelsen-orebro-5-526x338.jpg 526w, https:\/\/framtidenskarriar.se\/itdata\/wp-content\/uploads\/sites\/13\/2020\/03\/transportstyrelsen-orebro-5-720x463.jpg 720w, https:\/\/framtidenskarriar.se\/itdata\/wp-content\/uploads\/sites\/13\/2020\/03\/transportstyrelsen-orebro-5-960x617.jpg 960w\" sizes=\"auto, (max-width: 1000px) 100vw, 1000px\" \/><figcaption>Jasmin Krhan, systemutvecklare, Towe Johansson, f\u00f6rvaltningsledare IT, Vilhelm Borgedahl, systemutvecklare och Maria Banck, sektionschef IT p\u00e5 Transportstyrelsen. Foto: Richard Str\u00f6m<\/figcaption><\/figure>\n\n\n\n<p><strong>Att jobba p\u00e5 Transportstyrelsens IT-avdelning handlar om att med hj\u00e4lp av olika tekniker m\u00f6jligg\u00f6ra morgondagens resor och transporter. En arbetsplats som erbjuder flerfiliga karri\u00e4rv\u00e4gar d\u00e4r olika kompetenser samarbetar f\u00f6r att utveckla transportsystem som f\u00e5r samh\u00e4llets hjul att rulla.<\/strong><\/p>\n\n\n\n<p>Transportstyrelsens IT-avdelning skapar system som verkligen har betydelse f\u00f6r framtiden och dagligen g\u00f6r nytta f\u00f6r privatpersoner och f\u00f6retag. Verksamheten f\u00f6r\u00e4ndras kontinuerligt utifr\u00e5n utvecklingen inom teknik och samh\u00e4lle. Under senare \u00e5r har it-avdelningen bland annat varit delaktig i myndighetens sp\u00e4nnande dr\u00f6narprojekt. It utg\u00f6r ett centralt st\u00f6d f\u00f6r verksamheten och d\u00e4r det i kraft av det breda uppdraget g\u00e5r att utvecklas \u00e5t m\u00e5nga olika h\u00e5ll. Maria Banck, sektionschef IT, b\u00f6rjade i verksamheten som projektcontroller. Sedan dess har det g\u00e5tt snart 14 \u00e5r.<br>\u2013 Jag \u00e4r byggnadsingenj\u00f6r i botten, omskolade mig till systemvetare och jobbade n\u00e5gra \u00e5r som it-projektledare innan jag s\u00f6kte mig till Transportsstyrelsen, d\u00e5varande V\u00e4gverket. Anledningen var att jag ville arbeta med stora projekt i teknikens framkant.<br>Efter tv\u00e5 \u00e5r p\u00e5 myndigheten blev Maria erbjuden en tj\u00e4nst som sektionschef, och efter det har hon haft en rad olika ledarpositioner.<br>\u2013Jag har bland annat varit enhetschef p\u00e5 olika avdelningar, b\u00e5de inom k\u00e4rnverksamheten och p\u00e5 it-sidan. Under en period tog jag ocks\u00e5 en paus fr\u00e5n chefskapet och arbetade med s\u00e4kerhetsfr\u00e5gor innan jag \u00e5ter slog in p\u00e5 ledarsp\u00e5ret.<br>En av de stora f\u00f6rdelarna med Transportstyrelsen, menar Maria, \u00e4r att det g\u00e5r att hitta st\u00e4ndigt nya utmaningar.<br>\u2013 Transportstyrelsen \u00e4r en plats att v\u00e4xa p\u00e5, det finns m\u00e5nga ing\u00e5ngar och man kan g\u00f6ra karri\u00e4r b\u00e5de p\u00e5 h\u00f6jden och bredden.<\/p>\n\n\n\n<p class=\"has-color-gray-01-background-color has-background\"><strong><a title=\"Transportstyrelsen pres jobb ans\u00f6k\" href=\"https:\/\/www.transportstyrelsen.se\/sv\/Om-transportstyrelsen\/jobba-hos-oss\/lediga-jobb\/\" target=\"_blank\" rel=\"noopener noreferrer\">Jobba med oss p\u00e5 Transportstyrelsen. Klicka h\u00e4r f\u00f6r att se v\u00e5ra lediga tj\u00e4nster<\/a><\/strong><\/p>\n\n\n\n<p><strong>Intern karri\u00e4r<\/strong><br>Hon f\u00e5r medh\u00e5ll av Towe Johansson, f\u00f6rvaltningsledare IT, som \u00e4ven hon kan se tillbaka p\u00e5 en l\u00e5ng karri\u00e4r inom Transportstyrelsen. St\u00e4ndigt nya utmaningar har kommit i takt med att kunskap och erfarenhet \u00f6kat.<br>\u2013Jag b\u00f6rjade som tekniker i servicedesken f\u00f6r nio \u00e5r sedan. Efter det har jag varit samordnare p\u00e5 incidenthanteringen, supervisor f\u00f6r servicedesken, service delivery manager f\u00f6r infrastruktur, uppdragsledare och leveranskoordinator med fokus p\u00e5 it-drift.<br>Sedan 2018 \u00e4r jag f\u00f6rvaltningsledare IT vilket innefattar att jag leder flera team som arbetar med bland annat processer, ramverk och rutiner kring systemutveckling.<\/p>\n\n\n\n<p><strong>Prestigel\u00f6s arbetskultur<\/strong><br>Jasmin Krhan som har en examen i data-vetenskap fr\u00e5n Link\u00f6pings universitet hade arbetat som it-konsult i fem \u00e5r n\u00e4r han i h\u00f6stas b\u00f6rjade som systemutvecklare p\u00e5 Transportstyrelsen. Ett beslut han inte har \u00e5ngrat.<br>\u2013 Jag ville testa n\u00e5got nytt och l\u00e4ngtade efter att arbeta med lite st\u00f6rre och mer l\u00e5ngsiktiga projekt. Idag jobbar jag med f\u00f6rvaltning av en massa olika system inom sj\u00f6- och luftfart.<br>Inte heller Vilhelm Borgedahl, utbildad systemvetare, har \u00e5ngrat sitt karri\u00e4rbyte som innebar att han f\u00f6r fem m\u00e5nader sedan, efter elva \u00e5r som it-konsult inom privat sektor, b\u00f6rjade som systemutvecklare p\u00e5 Transportstyrelsen.<br>\u2013 Jag hade tr\u00f6ttnat p\u00e5 konsultrollen och ville arbeta mer l\u00e5ngsiktigt. Precis som Jasmin arbetar jag med system runt luft- och sj\u00f6fart samt certifikat och tillsyn av dessa tv\u00e5 delar. Det \u00e4r mycket nytt att s\u00e4tta sig in i men det har blivit v\u00e4ldigt bra. Jag har ocks\u00e5 tv\u00e5 sm\u00e5 barn och upplever att det finns en stor f\u00f6rst\u00e5else hos arbetsgivaren f\u00f6r att man har ett liv utanf\u00f6r jobbet.<br>B\u00e5de Vilhelm och Jasmin kan varmt rekommendera andra med intresse f\u00f6r systemutveckling att f\u00f6lja deras exempel.<br>\u2013 Det \u00e4r en trevlig arbetsplats med v\u00e4ldigt bra kollegor och en avslappnad, prestigel\u00f6s arbetskultur med stora m\u00f6jligheter att utvecklas \u00e5t m\u00e5nga olika h\u00e5ll. Utbildningsbakgrunden \u00e4r inte den viktigaste eftersom vi arbetar s\u00e5 brett med systemutveckling. Det \u00e4r m\u00e5nga specialiteteter och kunskaper som m\u00e5ste till f\u00f6r att skapa en bra helhet, fastsl\u00e5r de b\u00e5da kollegorna.<\/p>\n\n\n\n<p class=\"has-color-gray-01-background-color has-background\"><strong><a title=\"Transportstyrelsen pres jobb ans\u00f6k\" href=\"https:\/\/www.transportstyrelsen.se\/sv\/Om-transportstyrelsen\/jobba-hos-oss\/lediga-jobb\/\" target=\"_blank\" rel=\"noopener noreferrer\">Jobba med oss p\u00e5 Transportstyrelsen. Klicka h\u00e4r f\u00f6r att se v\u00e5ra lediga tj\u00e4nster<\/a><\/strong><\/p>\n\n\n\n<div class=\"wp-block-group faktaruta\"><div class=\"wp-block-group__inner-container is-layout-flow wp-block-group-is-layout-flow\">\n<h6 class=\"wp-block-heading\">Transportstyrelsens IT-avdelning<\/h6>\n\n\n\n<p>Transportstyrelsen har en stor it-avdelning med cirka 250 medarbetare, vilket ger dig m\u00f6jlighet att fokusera p\u00e5 de fr\u00e5gor du \u00e4r b\u00e4st p\u00e5 samtidigt som du kan utbyta erfarenheter och kompetens med andra erfarna medarbetare inom alla omr\u00e5den. Hos oss anv\u00e4nder vi olika tekniker d\u00e4r du och din f\u00f6rm\u00e5ga att hitta l\u00f6sningar bidrar till utvecklingen. Vi arbetar agilt, involverar v\u00e5ra medarbetare och driver utvecklingen tillsammans.<\/p>\n\n\n\n<p><strong><a title=\"Transportstyrelsen textlink\" href=\"https:\/\/www.transportstyrelsen.se\/\" target=\"_blank\" rel=\"noopener noreferrer\">www.transportstyrelsen.se<\/a><\/strong><br><br><a href=\"https:\/\/www.transportstyrelsen.se\/\" title=\"Transportstyrelsen logotype\" target=\"_blank\" rel=\"noreferrer noopener\"><img loading=\"lazy\" decoding=\"async\" width=\"150\" height=\"34\" class=\"wp-image-6188\" style=\"width: 150px;\" src=\"https:\/\/framtidenskarriar.se\/itdata\/wp-content\/uploads\/sites\/13\/2020\/03\/transportstyrelsens-logotyp-cmyk.png\" alt=\"\" srcset=\"https:\/\/framtidenskarriar.se\/itdata\/wp-content\/uploads\/sites\/13\/2020\/03\/transportstyrelsens-logotyp-cmyk.png 750w, https:\/\/framtidenskarriar.se\/itdata\/wp-content\/uploads\/sites\/13\/2020\/03\/transportstyrelsens-logotyp-cmyk-300x67.png 300w, https:\/\/framtidenskarriar.se\/itdata\/wp-content\/uploads\/sites\/13\/2020\/03\/transportstyrelsens-logotyp-cmyk-714x160.png 714w, https:\/\/framtidenskarriar.se\/itdata\/wp-content\/uploads\/sites\/13\/2020\/03\/transportstyrelsens-logotyp-cmyk-720x168.png 720w, https:\/\/framtidenskarriar.se\/itdata\/wp-content\/uploads\/sites\/13\/2020\/03\/transportstyrelsens-logotyp-cmyk-526x118.png 526w\" sizes=\"auto, (max-width: 150px) 100vw, 150px\" \/><\/a><\/p>\n<\/div><\/div>\n","protected":false},"excerpt":{"rendered":"<p>Att jobba p\u00e5 Transportstyrelsens IT-avdelning handlar om att med hj\u00e4lp av olika tekniker m\u00f6jligg\u00f6ra morgondagens resor och transporter.<\/p>\n","protected":false},"author":2,"featured_media":6189,"comment_status":"closed","ping_status":"open","sticky":false,"template":"","format":"standard","meta":{"_acf_changed":false,"_monsterinsights_skip_tracking":false,"_monsterinsights_sitenote_active":false,"_monsterinsights_sitenote_note":"","_monsterinsights_sitenote_category":0,"footnotes":""},"categories":[9],"tags":[123,140,181,241,250],"class_list":["post-6187","post","type-post","status-publish","format-standard","has-post-thumbnail","hentry","category-presentation","tag-it","tag-jobba-statligt","tag-myndighet","tag-statligt","tag-transportstyrelsen"],"acf":[],"yoast_head":"<!-- This site is optimized with the Yoast SEO plugin v27.3 - https:\/\/yoast.com\/product\/yoast-seo-wordpress\/ -->\n<title>Transportstyrelsen erbjuder flerfiliga karri\u00e4rv\u00e4gar inom IT - Framtidens karri\u00e4r IT &amp; Data<\/title>\n<meta name=\"robots\" content=\"index, follow, max-snippet:-1, max-image-preview:large, max-video-preview:-1\" \/>\n<link rel=\"canonical\" href=\"https:\/\/framtidenskarriar.se\/itdata\/2020\/03\/10\/transportstyrelsen-erbjuder-flerfiliga-karriarvagar\/\" \/>\n<meta property=\"og:locale\" content=\"sv_SE\" \/>\n<meta property=\"og:type\" content=\"article\" \/>\n<meta property=\"og:title\" content=\"Transportstyrelsen erbjuder flerfiliga karri\u00e4rv\u00e4gar inom IT - Framtidens karri\u00e4r IT &amp; Data\" \/>\n<meta property=\"og:description\" content=\"Att jobba p\u00e5 Transportstyrelsens IT-avdelning handlar om att med hj\u00e4lp av olika tekniker m\u00f6jligg\u00f6ra morgondagens resor och transporter.\" \/>\n<meta property=\"og:url\" content=\"https:\/\/framtidenskarriar.se\/itdata\/2020\/03\/10\/transportstyrelsen-erbjuder-flerfiliga-karriarvagar\/\" \/>\n<meta property=\"og:site_name\" content=\"Framtidens karri\u00e4r IT &amp; Data\" \/>\n<meta property=\"article:published_time\" content=\"2020-03-10T16:06:22+00:00\" \/>\n<meta property=\"article:modified_time\" content=\"2021-03-09T12:11:13+00:00\" \/>\n<meta property=\"og:image\" content=\"https:\/\/framtidenskarriar.se\/itdata\/wp-content\/uploads\/sites\/13\/2020\/03\/transportstyrelsen-orebro-5.jpg\" \/>\n\t<meta property=\"og:image:width\" content=\"1000\" \/>\n\t<meta property=\"og:image:height\" content=\"643\" \/>\n\t<meta property=\"og:image:type\" content=\"image\/jpeg\" \/>\n<meta name=\"author\" content=\"viktorwallen\" \/>\n<meta name=\"twitter:card\" content=\"summary_large_image\" \/>\n<meta name=\"twitter:label1\" content=\"Skriven av\" \/>\n\t<meta name=\"twitter:data1\" content=\"viktorwallen\" \/>\n\t<meta name=\"twitter:label2\" content=\"Ber\u00e4knad l\u00e4stid\" \/>\n\t<meta name=\"twitter:data2\" content=\"4 minuter\" \/>\n<script type=\"application\/ld+json\" class=\"yoast-schema-graph\">{\"@context\":\"https:\\\/\\\/schema.org\",\"@graph\":[{\"@type\":\"Article\",\"@id\":\"https:\\\/\\\/framtidenskarriar.se\\\/itdata\\\/2020\\\/03\\\/10\\\/transportstyrelsen-erbjuder-flerfiliga-karriarvagar\\\/#article\",\"isPartOf\":{\"@id\":\"https:\\\/\\\/framtidenskarriar.se\\\/itdata\\\/2020\\\/03\\\/10\\\/transportstyrelsen-erbjuder-flerfiliga-karriarvagar\\\/\"},\"author\":{\"name\":\"viktorwallen\",\"@id\":\"https:\\\/\\\/framtidenskarriar.se\\\/itdata\\\/#\\\/schema\\\/person\\\/2a13a849ec7646386c2211f59afe3083\"},\"headline\":\"Transportstyrelsen erbjuder flerfiliga karri\u00e4rv\u00e4gar inom IT\",\"datePublished\":\"2020-03-10T16:06:22+00:00\",\"dateModified\":\"2021-03-09T12:11:13+00:00\",\"mainEntityOfPage\":{\"@id\":\"https:\\\/\\\/framtidenskarriar.se\\\/itdata\\\/2020\\\/03\\\/10\\\/transportstyrelsen-erbjuder-flerfiliga-karriarvagar\\\/\"},\"wordCount\":817,\"image\":{\"@id\":\"https:\\\/\\\/framtidenskarriar.se\\\/itdata\\\/2020\\\/03\\\/10\\\/transportstyrelsen-erbjuder-flerfiliga-karriarvagar\\\/#primaryimage\"},\"thumbnailUrl\":\"https:\\\/\\\/framtidenskarriar.se\\\/itdata\\\/wp-content\\\/uploads\\\/sites\\\/13\\\/2020\\\/03\\\/transportstyrelsen-orebro-5.jpg\",\"keywords\":[\"IT\",\"Jobba statligt\",\"Myndighet\",\"Statligt\",\"Transportstyrelsen\"],\"articleSection\":[\"Presentation\"],\"inLanguage\":\"sv-SE\"},{\"@type\":\"WebPage\",\"@id\":\"https:\\\/\\\/framtidenskarriar.se\\\/itdata\\\/2020\\\/03\\\/10\\\/transportstyrelsen-erbjuder-flerfiliga-karriarvagar\\\/\",\"url\":\"https:\\\/\\\/framtidenskarriar.se\\\/itdata\\\/2020\\\/03\\\/10\\\/transportstyrelsen-erbjuder-flerfiliga-karriarvagar\\\/\",\"name\":\"Transportstyrelsen erbjuder flerfiliga karri\u00e4rv\u00e4gar inom IT - Framtidens karri\u00e4r IT & Data\",\"isPartOf\":{\"@id\":\"https:\\\/\\\/framtidenskarriar.se\\\/itdata\\\/#website\"},\"primaryImageOfPage\":{\"@id\":\"https:\\\/\\\/framtidenskarriar.se\\\/itdata\\\/2020\\\/03\\\/10\\\/transportstyrelsen-erbjuder-flerfiliga-karriarvagar\\\/#primaryimage\"},\"image\":{\"@id\":\"https:\\\/\\\/framtidenskarriar.se\\\/itdata\\\/2020\\\/03\\\/10\\\/transportstyrelsen-erbjuder-flerfiliga-karriarvagar\\\/#primaryimage\"},\"thumbnailUrl\":\"https:\\\/\\\/framtidenskarriar.se\\\/itdata\\\/wp-content\\\/uploads\\\/sites\\\/13\\\/2020\\\/03\\\/transportstyrelsen-orebro-5.jpg\",\"datePublished\":\"2020-03-10T16:06:22+00:00\",\"dateModified\":\"2021-03-09T12:11:13+00:00\",\"author\":{\"@id\":\"https:\\\/\\\/framtidenskarriar.se\\\/itdata\\\/#\\\/schema\\\/person\\\/2a13a849ec7646386c2211f59afe3083\"},\"breadcrumb\":{\"@id\":\"https:\\\/\\\/framtidenskarriar.se\\\/itdata\\\/2020\\\/03\\\/10\\\/transportstyrelsen-erbjuder-flerfiliga-karriarvagar\\\/#breadcrumb\"},\"inLanguage\":\"sv-SE\",\"potentialAction\":[{\"@type\":\"ReadAction\",\"target\":[\"https:\\\/\\\/framtidenskarriar.se\\\/itdata\\\/2020\\\/03\\\/10\\\/transportstyrelsen-erbjuder-flerfiliga-karriarvagar\\\/\"]}]},{\"@type\":\"ImageObject\",\"inLanguage\":\"sv-SE\",\"@id\":\"https:\\\/\\\/framtidenskarriar.se\\\/itdata\\\/2020\\\/03\\\/10\\\/transportstyrelsen-erbjuder-flerfiliga-karriarvagar\\\/#primaryimage\",\"url\":\"https:\\\/\\\/framtidenskarriar.se\\\/itdata\\\/wp-content\\\/uploads\\\/sites\\\/13\\\/2020\\\/03\\\/transportstyrelsen-orebro-5.jpg\",\"contentUrl\":\"https:\\\/\\\/framtidenskarriar.se\\\/itdata\\\/wp-content\\\/uploads\\\/sites\\\/13\\\/2020\\\/03\\\/transportstyrelsen-orebro-5.jpg\",\"width\":1000,\"height\":643,\"caption\":\"Jasmin Krhan, systemutvecklare, Towe Johansson, f\u00f6rvaltningsledare IT, Vilhelm Borgedahl, systemutvecklare och Maria Banck, sektionschef IT p\u00e5 Transportstyrelsen. Foto: Richard Str\u00f6m\"},{\"@type\":\"BreadcrumbList\",\"@id\":\"https:\\\/\\\/framtidenskarriar.se\\\/itdata\\\/2020\\\/03\\\/10\\\/transportstyrelsen-erbjuder-flerfiliga-karriarvagar\\\/#breadcrumb\",\"itemListElement\":[{\"@type\":\"ListItem\",\"position\":1,\"name\":\"Home\",\"item\":\"https:\\\/\\\/framtidenskarriar.se\\\/itdata\\\/\"},{\"@type\":\"ListItem\",\"position\":2,\"name\":\"Transportstyrelsen erbjuder flerfiliga karri\u00e4rv\u00e4gar inom IT\"}]},{\"@type\":\"WebSite\",\"@id\":\"https:\\\/\\\/framtidenskarriar.se\\\/itdata\\\/#website\",\"url\":\"https:\\\/\\\/framtidenskarriar.se\\\/itdata\\\/\",\"name\":\"Framtidens karri\u00e4r IT & Data\",\"description\":\"Just another NMDashboard.se Sites site\",\"potentialAction\":[{\"@type\":\"SearchAction\",\"target\":{\"@type\":\"EntryPoint\",\"urlTemplate\":\"https:\\\/\\\/framtidenskarriar.se\\\/itdata\\\/?s={search_term_string}\"},\"query-input\":{\"@type\":\"PropertyValueSpecification\",\"valueRequired\":true,\"valueName\":\"search_term_string\"}}],\"inLanguage\":\"sv-SE\"},{\"@type\":\"Person\",\"@id\":\"https:\\\/\\\/framtidenskarriar.se\\\/itdata\\\/#\\\/schema\\\/person\\\/2a13a849ec7646386c2211f59afe3083\",\"name\":\"viktorwallen\",\"image\":{\"@type\":\"ImageObject\",\"inLanguage\":\"sv-SE\",\"@id\":\"https:\\\/\\\/secure.gravatar.com\\\/avatar\\\/701701bd36169636031933997c8c6b954f2f635bbb7cd4802e4a007f9c9f4e59?s=96&d=mm&r=g\",\"url\":\"https:\\\/\\\/secure.gravatar.com\\\/avatar\\\/701701bd36169636031933997c8c6b954f2f635bbb7cd4802e4a007f9c9f4e59?s=96&d=mm&r=g\",\"contentUrl\":\"https:\\\/\\\/secure.gravatar.com\\\/avatar\\\/701701bd36169636031933997c8c6b954f2f635bbb7cd4802e4a007f9c9f4e59?s=96&d=mm&r=g\",\"caption\":\"viktorwallen\"},\"url\":\"https:\\\/\\\/framtidenskarriar.se\\\/itdata\\\/author\\\/viktorwallen\\\/\"}]}<\/script>\n<!-- \/ Yoast SEO plugin. -->","yoast_head_json":{"title":"Transportstyrelsen erbjuder flerfiliga karri\u00e4rv\u00e4gar inom IT - Framtidens karri\u00e4r IT & Data","robots":{"index":"index","follow":"follow","max-snippet":"max-snippet:-1","max-image-preview":"max-image-preview:large","max-video-preview":"max-video-preview:-1"},"canonical":"https:\/\/framtidenskarriar.se\/itdata\/2020\/03\/10\/transportstyrelsen-erbjuder-flerfiliga-karriarvagar\/","og_locale":"sv_SE","og_type":"article","og_title":"Transportstyrelsen erbjuder flerfiliga karri\u00e4rv\u00e4gar inom IT - Framtidens karri\u00e4r IT & Data","og_description":"Att jobba p\u00e5 Transportstyrelsens IT-avdelning handlar om att med hj\u00e4lp av olika tekniker m\u00f6jligg\u00f6ra morgondagens resor och transporter.","og_url":"https:\/\/framtidenskarriar.se\/itdata\/2020\/03\/10\/transportstyrelsen-erbjuder-flerfiliga-karriarvagar\/","og_site_name":"Framtidens karri\u00e4r IT & Data","article_published_time":"2020-03-10T16:06:22+00:00","article_modified_time":"2021-03-09T12:11:13+00:00","og_image":[{"width":1000,"height":643,"url":"https:\/\/framtidenskarriar.se\/itdata\/wp-content\/uploads\/sites\/13\/2020\/03\/transportstyrelsen-orebro-5.jpg","type":"image\/jpeg"}],"author":"viktorwallen","twitter_card":"summary_large_image","twitter_misc":{"Skriven av":"viktorwallen","Ber\u00e4knad l\u00e4stid":"4 minuter"},"schema":{"@context":"https:\/\/schema.org","@graph":[{"@type":"Article","@id":"https:\/\/framtidenskarriar.se\/itdata\/2020\/03\/10\/transportstyrelsen-erbjuder-flerfiliga-karriarvagar\/#article","isPartOf":{"@id":"https:\/\/framtidenskarriar.se\/itdata\/2020\/03\/10\/transportstyrelsen-erbjuder-flerfiliga-karriarvagar\/"},"author":{"name":"viktorwallen","@id":"https:\/\/framtidenskarriar.se\/itdata\/#\/schema\/person\/2a13a849ec7646386c2211f59afe3083"},"headline":"Transportstyrelsen erbjuder flerfiliga karri\u00e4rv\u00e4gar inom IT","datePublished":"2020-03-10T16:06:22+00:00","dateModified":"2021-03-09T12:11:13+00:00","mainEntityOfPage":{"@id":"https:\/\/framtidenskarriar.se\/itdata\/2020\/03\/10\/transportstyrelsen-erbjuder-flerfiliga-karriarvagar\/"},"wordCount":817,"image":{"@id":"https:\/\/framtidenskarriar.se\/itdata\/2020\/03\/10\/transportstyrelsen-erbjuder-flerfiliga-karriarvagar\/#primaryimage"},"thumbnailUrl":"https:\/\/framtidenskarriar.se\/itdata\/wp-content\/uploads\/sites\/13\/2020\/03\/transportstyrelsen-orebro-5.jpg","keywords":["IT","Jobba statligt","Myndighet","Statligt","Transportstyrelsen"],"articleSection":["Presentation"],"inLanguage":"sv-SE"},{"@type":"WebPage","@id":"https:\/\/framtidenskarriar.se\/itdata\/2020\/03\/10\/transportstyrelsen-erbjuder-flerfiliga-karriarvagar\/","url":"https:\/\/framtidenskarriar.se\/itdata\/2020\/03\/10\/transportstyrelsen-erbjuder-flerfiliga-karriarvagar\/","name":"Transportstyrelsen erbjuder flerfiliga karri\u00e4rv\u00e4gar inom IT - Framtidens karri\u00e4r IT & Data","isPartOf":{"@id":"https:\/\/framtidenskarriar.se\/itdata\/#website"},"primaryImageOfPage":{"@id":"https:\/\/framtidenskarriar.se\/itdata\/2020\/03\/10\/transportstyrelsen-erbjuder-flerfiliga-karriarvagar\/#primaryimage"},"image":{"@id":"https:\/\/framtidenskarriar.se\/itdata\/2020\/03\/10\/transportstyrelsen-erbjuder-flerfiliga-karriarvagar\/#primaryimage"},"thumbnailUrl":"https:\/\/framtidenskarriar.se\/itdata\/wp-content\/uploads\/sites\/13\/2020\/03\/transportstyrelsen-orebro-5.jpg","datePublished":"2020-03-10T16:06:22+00:00","dateModified":"2021-03-09T12:11:13+00:00","author":{"@id":"https:\/\/framtidenskarriar.se\/itdata\/#\/schema\/person\/2a13a849ec7646386c2211f59afe3083"},"breadcrumb":{"@id":"https:\/\/framtidenskarriar.se\/itdata\/2020\/03\/10\/transportstyrelsen-erbjuder-flerfiliga-karriarvagar\/#breadcrumb"},"inLanguage":"sv-SE","potentialAction":[{"@type":"ReadAction","target":["https:\/\/framtidenskarriar.se\/itdata\/2020\/03\/10\/transportstyrelsen-erbjuder-flerfiliga-karriarvagar\/"]}]},{"@type":"ImageObject","inLanguage":"sv-SE","@id":"https:\/\/framtidenskarriar.se\/itdata\/2020\/03\/10\/transportstyrelsen-erbjuder-flerfiliga-karriarvagar\/#primaryimage","url":"https:\/\/framtidenskarriar.se\/itdata\/wp-content\/uploads\/sites\/13\/2020\/03\/transportstyrelsen-orebro-5.jpg","contentUrl":"https:\/\/framtidenskarriar.se\/itdata\/wp-content\/uploads\/sites\/13\/2020\/03\/transportstyrelsen-orebro-5.jpg","width":1000,"height":643,"caption":"Jasmin Krhan, systemutvecklare, Towe Johansson, f\u00f6rvaltningsledare IT, Vilhelm Borgedahl, systemutvecklare och Maria Banck, sektionschef IT p\u00e5 Transportstyrelsen. Foto: Richard Str\u00f6m"},{"@type":"BreadcrumbList","@id":"https:\/\/framtidenskarriar.se\/itdata\/2020\/03\/10\/transportstyrelsen-erbjuder-flerfiliga-karriarvagar\/#breadcrumb","itemListElement":[{"@type":"ListItem","position":1,"name":"Home","item":"https:\/\/framtidenskarriar.se\/itdata\/"},{"@type":"ListItem","position":2,"name":"Transportstyrelsen erbjuder flerfiliga karri\u00e4rv\u00e4gar inom IT"}]},{"@type":"WebSite","@id":"https:\/\/framtidenskarriar.se\/itdata\/#website","url":"https:\/\/framtidenskarriar.se\/itdata\/","name":"Framtidens karri\u00e4r IT & Data","description":"Just another NMDashboard.se Sites site","potentialAction":[{"@type":"SearchAction","target":{"@type":"EntryPoint","urlTemplate":"https:\/\/framtidenskarriar.se\/itdata\/?s={search_term_string}"},"query-input":{"@type":"PropertyValueSpecification","valueRequired":true,"valueName":"search_term_string"}}],"inLanguage":"sv-SE"},{"@type":"Person","@id":"https:\/\/framtidenskarriar.se\/itdata\/#\/schema\/person\/2a13a849ec7646386c2211f59afe3083","name":"viktorwallen","image":{"@type":"ImageObject","inLanguage":"sv-SE","@id":"https:\/\/secure.gravatar.com\/avatar\/701701bd36169636031933997c8c6b954f2f635bbb7cd4802e4a007f9c9f4e59?s=96&d=mm&r=g","url":"https:\/\/secure.gravatar.com\/avatar\/701701bd36169636031933997c8c6b954f2f635bbb7cd4802e4a007f9c9f4e59?s=96&d=mm&r=g","contentUrl":"https:\/\/secure.gravatar.com\/avatar\/701701bd36169636031933997c8c6b954f2f635bbb7cd4802e4a007f9c9f4e59?s=96&d=mm&r=g","caption":"viktorwallen"},"url":"https:\/\/framtidenskarriar.se\/itdata\/author\/viktorwallen\/"}]}},"_links":{"self":[{"href":"https:\/\/framtidenskarriar.se\/itdata\/wp-json\/wp\/v2\/posts\/6187","targetHints":{"allow":["GET"]}}],"collection":[{"href":"https:\/\/framtidenskarriar.se\/itdata\/wp-json\/wp\/v2\/posts"}],"about":[{"href":"https:\/\/framtidenskarriar.se\/itdata\/wp-json\/wp\/v2\/types\/post"}],"author":[{"embeddable":true,"href":"https:\/\/framtidenskarriar.se\/itdata\/wp-json\/wp\/v2\/users\/2"}],"replies":[{"embeddable":true,"href":"https:\/\/framtidenskarriar.se\/itdata\/wp-json\/wp\/v2\/comments?post=6187"}],"version-history":[{"count":4,"href":"https:\/\/framtidenskarriar.se\/itdata\/wp-json\/wp\/v2\/posts\/6187\/revisions"}],"predecessor-version":[{"id":6921,"href":"https:\/\/framtidenskarriar.se\/itdata\/wp-json\/wp\/v2\/posts\/6187\/revisions\/6921"}],"wp:featuredmedia":[{"embeddable":true,"href":"https:\/\/framtidenskarriar.se\/itdata\/wp-json\/wp\/v2\/media\/6189"}],"wp:attachment":[{"href":"https:\/\/framtidenskarriar.se\/itdata\/wp-json\/wp\/v2\/media?parent=6187"}],"wp:term":[{"taxonomy":"category","embeddable":true,"href":"https:\/\/framtidenskarriar.se\/itdata\/wp-json\/wp\/v2\/categories?post=6187"},{"taxonomy":"post_tag","embeddable":true,"href":"https:\/\/framtidenskarriar.se\/itdata\/wp-json\/wp\/v2\/tags?post=6187"}],"curies":[{"name":"wp","href":"https:\/\/api.w.org\/{rel}","templated":true}]}}