{"id":6193,"date":"2020-03-10T16:12:06","date_gmt":"2020-03-10T16:12:06","guid":{"rendered":"https:\/\/framtidenskarriar.se\/itdata\/?p=6193"},"modified":"2021-03-09T12:11:04","modified_gmt":"2021-03-09T12:11:04","slug":"bidra-till-ett-battre-samhalle-hos-polisen","status":"publish","type":"post","link":"https:\/\/framtidenskarriar.se\/itdata\/2020\/03\/10\/bidra-till-ett-battre-samhalle-hos-polisen\/","title":{"rendered":"Bidra till ett b\u00e4ttre samh\u00e4lle hos polisen"},"content":{"rendered":"\n<figure class=\"wp-block-image alignnone size-full wp-image-6194\"><img loading=\"lazy\" decoding=\"async\" width=\"1000\" height=\"628\" src=\"https:\/\/framtidenskarriar.se\/itdata\/wp-content\/uploads\/sites\/13\/2020\/03\/polisen-it-avdelning-3.jpg\" alt=\"Tomas Herlestam, Lina Bjurhager, Maria Wald\u00f6, Mattias Karlsson och Christoffer Str\u00f6mblad. Foto: Johan Marklund\" class=\"wp-image-6194\" srcset=\"https:\/\/framtidenskarriar.se\/itdata\/wp-content\/uploads\/sites\/13\/2020\/03\/polisen-it-avdelning-3.jpg 1000w, https:\/\/framtidenskarriar.se\/itdata\/wp-content\/uploads\/sites\/13\/2020\/03\/polisen-it-avdelning-3-300x188.jpg 300w, https:\/\/framtidenskarriar.se\/itdata\/wp-content\/uploads\/sites\/13\/2020\/03\/polisen-it-avdelning-3-768x482.jpg 768w, https:\/\/framtidenskarriar.se\/itdata\/wp-content\/uploads\/sites\/13\/2020\/03\/polisen-it-avdelning-3-255x160.jpg 255w, https:\/\/framtidenskarriar.se\/itdata\/wp-content\/uploads\/sites\/13\/2020\/03\/polisen-it-avdelning-3-526x330.jpg 526w, https:\/\/framtidenskarriar.se\/itdata\/wp-content\/uploads\/sites\/13\/2020\/03\/polisen-it-avdelning-3-720x452.jpg 720w, https:\/\/framtidenskarriar.se\/itdata\/wp-content\/uploads\/sites\/13\/2020\/03\/polisen-it-avdelning-3-960x603.jpg 960w\" sizes=\"auto, (max-width: 1000px) 100vw, 1000px\" \/><figcaption>Tomas Herlestam, Lina Bjurhager, Maria Wald\u00f6, Mattias Karlsson och Christoffer Str\u00f6mblad. Foto: Johan Marklund<\/figcaption><\/figure>\n\n\n\n<p><strong>P\u00e5 Polismyndigheten arbetar du inte bara med teknologi i framkant och tar fram l\u00f6sningar som f\u00e5r en omedelbar till\u00e4mpning i verksamheten. Du bidrar ocks\u00e5 till ett tryggare samh\u00e4lle, med effektivare brottsbek\u00e4mpning och st\u00f6rre r\u00e4ttss\u00e4kerhet.<\/strong><\/p>\n\n\n\n<p>IT hos polisen \u00e4r l\u00e5ngt ifr\u00e5n endast en st\u00f6dfunktion. Den \u00e4r i h\u00f6gsta grad verksamhetsn\u00e4ra, och innovativa, digitala l\u00f6sningar blir i allt st\u00f6rre utstr\u00e4ckning en integrerad del av den polisi\u00e4ra vardagen. Ett exempel \u00e4r utvecklandet av en app f\u00f6r ordningsb\u00f6ter. Det \u00e4r ett modernt, mobilt verktyg som ers\u00e4tter dagens pappershantering och effektiviserar polisens arbete. Den b\u00f6tf\u00e4llde skriver under direkt p\u00e5 sk\u00e4rmen och domen vinner omedelbart laga kraft.<br>\u2013 Vi arbetar i n\u00e4ra dialog med verksamheten och \u00e4r regelbundet ute i verksamhetspraktik, d\u00e4r vi kan f\u00f6lja processer p\u00e5 n\u00e4ra h\u00e5ll. Det \u00e4r v\u00e4ldigt roligt att skapa l\u00f6sningar som snabbt f\u00e5r en konkret till\u00e4mpning och underl\u00e4ttar polisens arbete men som \u00e4ven st\u00e4rker r\u00e4ttss\u00e4kerheten, ber\u00e4ttar Tomas Herlestam, civilingenj\u00f6r i elektroteknik.<\/p>\n\n\n\n<p><strong>B\u00e4ttre samh\u00e4lle<\/strong><br>Han f\u00e5r medh\u00e5ll av Lina Bjurhager, som ocks\u00e5 arbetar med den verksamhetsn\u00e4ra IT-utvecklingen. Hon \u00e4r systemvetare och kom till polisen f\u00f6r snart 14 \u00e5r sedan. Lina menar att samh\u00e4llsnyttan i arbetet ger ett v\u00e4rde och stimulans som \u00e4r sv\u00e5rslagen.<br>Eftersom vi s\u00e5 tydligt har lagen och r\u00e4ttss\u00e4kerheten att f\u00f6rh\u00e5lla oss till blir det en annorlunda och intressant dimension av IT-utveckling j\u00e4mf\u00f6rt med m\u00e5nga andra arbetsplatser. Det handlar inte bara om teknik, utan lika mycket om att f\u00f6rb\u00e4ttra polisens arbetss\u00e4tt och i f\u00f6rl\u00e4ngningen skapa ett b\u00e4ttre samh\u00e4lle f\u00f6r medborgarna.<br>Maria Wald\u00f6 \u00e4r polisassistent och har varit delaktig i pilotprojektet f\u00f6r utvecklingen av appen f\u00f6r ordningsb\u00f6ter. Hon menar att samarbetet med IT-avdelningen g\u00f6r stor skillnad.<br>\u2013 Det \u00e4r s\u00e5 tacksamt f\u00f6r oss som arbetar ute p\u00e5 f\u00e4ltet att ha tillg\u00e5ng till digitala verktyg som verkligen fungerar. Den h\u00e4r appen g\u00f6r v\u00e5rt jobb mycket enklare och frig\u00f6r viktig tid till annat, s\u00e4ger hon.<\/p>\n\n\n\n<p class=\"has-color-gray-01-background-color has-background\"><strong><a title=\"Polisen IT pres jobb ans\u00f6k\" href=\"http:\/\/www.polisen.se\/IT\" target=\"_blank\" rel=\"noopener noreferrer\">Jobba med IT p\u00e5 Polisen. Klicka h\u00e4r f\u00f6r mer information och ans\u00f6k<\/a><\/strong><\/p>\n\n\n\n<p><strong>Gr\u00e4ns\u00f6vervakning<\/strong><br>En annan viktig del av IT-avdelningens arbetsf\u00e4lt \u00e4r att utveckla s\u00e4kra system f\u00f6r gr\u00e4ns\u00f6vervakning och passagerarkontroll. \u00c4ven om systemen \u00e4r nationella finns ett n\u00e4ra internationellt samarbete, inte minst med \u00f6vriga EU-l\u00e4nder.<br>\u2013 Vi utvecklar tekniska l\u00f6sningar som kan leta m\u00f6nster och avvikelser avseende personer som reser in i landet och som f\u00f6rser bland annat gr\u00e4nspolisen och tullen med uppgifter. Brottsligheten \u00e4r i h\u00f6g grad globaliserad och det blir ett alltmer komplext arbete att bevaka Sveriges gr\u00e4nser och kontrollera vilka som kommer hit. Det h\u00e4nder v\u00e4ldigt mycket inom teknikutvecklingen p\u00e5 det h\u00e4r omr\u00e5det och vi \u00e4r inne i en v\u00e4ldigt sp\u00e4nnande och dynamisk period, ber\u00e4ttar Mattias Karlsson, som kom till polisen i augusti efter att ha arbetat inom telekombranschen.<\/p>\n\n\n\n<p><strong>Uppt\u00e4cka cyberhot<\/strong><br>Svenska myndigheter uts\u00e4tts kontinuerligt f\u00f6r cyberattacker och polisen \u00e4r inget undantag. D\u00e4rf\u00f6r \u00e4r cybers\u00e4kerhet ett grundl\u00e4ggande omr\u00e5de f\u00f6r IT-avdelningen. Utvecklingen g\u00e5r snabbt.<br>\u2013 P\u00e5 bara tio \u00e5r har polisen g\u00e5tt fr\u00e5n att knappt ha internet\u00e5tkomst ute i verksamheten till att vara h\u00f6gt digitaliserad. Det \u00f6kar s\u00e5rbarheten och det \u00e4r helt v\u00e4sentligt att skydda polisens IT-system och bevara det digitala fortet. Den tekniska infrastrukturen m\u00e5ste vara robust och vi m\u00e5ste ligga steget f\u00f6re s\u00e5 att vi uppt\u00e4cker och avv\u00e4rjer angrepp, s\u00e4ger Christoffer Str\u00f6mblad, som sedan tio \u00e5r arbetar hos polisen med cybers\u00e4kerhet och med att kartl\u00e4gga och f\u00f6rst\u00e5 cyberhoten som riktas mot myndigheten.<br>Lina, Tomas, Mattias och Christoffer framh\u00e5ller att IT hos polisen \u00e4r innovativt, dynamiskt, agilt och snabbfotat. Polisen har n\u00e5gra av de mest avancerade systemen och l\u00f6sningarna bland svenska myndigheter. F\u00f6r den som drivs av ett starkt samh\u00e4llsintresse och vill bidra till IT-utvecklingen hos en av v\u00e5ra viktigaste myndigheter finns en l\u00e5ng rad sp\u00e4nnande karri\u00e4rm\u00f6jligheter. Den formella bakgrunden \u00e4r mindre viktig \u00e4n analytisk sk\u00e4rpa, kreativitet och driv. Bredden \u00e4r stor och det finns goda utvecklingsm\u00f6jligheter, oavsett om man vill arbeta som generalist eller specialist.<br>\u2013 Det \u00e4r en agil och modern arbetsplats, som inte alls \u00e4r stelbent eller s\u00e5 byr\u00e5kratisk som man skulle kunna tro. Det \u00e4r l\u00e4tt att trivas h\u00e4r, s\u00e4ger Lina.<\/p>\n\n\n\n<p class=\"has-color-gray-01-background-color has-background\"><strong><a title=\"Polisen IT pres jobb ans\u00f6k\" href=\"http:\/\/www.polisen.se\/IT\" target=\"_blank\" rel=\"noopener noreferrer\">Jobba med IT p\u00e5 Polisen. Klicka h\u00e4r f\u00f6r mer information och ans\u00f6k<\/a><\/strong><\/p>\n\n\n\n<div class=\"wp-block-group faktaruta\"><div class=\"wp-block-group__inner-container is-layout-flow wp-block-group-is-layout-flow\">\n<h6 class=\"wp-block-heading\">Polisens IT-avdelning<\/h6>\n\n\n\n<p>P\u00e5 polisens IT-avdelning bidrar cirka 900 medarbetare dagligen till samh\u00e4llsnytta genom att utveckla och f\u00f6rvalta IT-system som f\u00f6rebygger brottslighet och underl\u00e4ttar polisens samh\u00e4llsviktiga verksamhet i hela Sverige och internationellt. Polisens IT-avdelning karakteriseras av ett agilt arbetss\u00e4tt, en n\u00e4ra verksamhetsanknytning och en prestigel\u00f6s arbetsplatskultur med m\u00e5nga utvecklingsm\u00f6jligheter.<\/p>\n\n\n\n<p><strong><a title=\"Polisen IT textlink\" href=\"https:\/\/polisen.se\/IT\" target=\"_blank\" rel=\"noopener noreferrer\">www.polisen.se\/IT<\/a><\/strong><br><br><a href=\"https:\/\/polisen.se\/IT\" title=\"Polisen IT logotype\" target=\"_blank\" rel=\"noreferrer noopener\"><img loading=\"lazy\" decoding=\"async\" width=\"100\" height=\"139\" class=\"wp-image-6195\" style=\"width: 100px;\" src=\"https:\/\/framtidenskarriar.se\/itdata\/wp-content\/uploads\/sites\/13\/2020\/03\/polisen-2upol-cmy.png\" alt=\"\" srcset=\"https:\/\/framtidenskarriar.se\/itdata\/wp-content\/uploads\/sites\/13\/2020\/03\/polisen-2upol-cmy.png 500w, https:\/\/framtidenskarriar.se\/itdata\/wp-content\/uploads\/sites\/13\/2020\/03\/polisen-2upol-cmy-216x300.png 216w, https:\/\/framtidenskarriar.se\/itdata\/wp-content\/uploads\/sites\/13\/2020\/03\/polisen-2upol-cmy-115x160.png 115w\" sizes=\"auto, (max-width: 100px) 100vw, 100px\" \/><\/a><\/p>\n<\/div><\/div>\n","protected":false},"excerpt":{"rendered":"<p>H\u00e4r bidrar du till ett tryggare samh\u00e4lle.<\/p>\n","protected":false},"author":2,"featured_media":6194,"comment_status":"closed","ping_status":"open","sticky":true,"template":"","format":"standard","meta":{"_acf_changed":false,"_monsterinsights_skip_tracking":false,"_monsterinsights_sitenote_active":false,"_monsterinsights_sitenote_note":"","_monsterinsights_sitenote_category":0,"footnotes":""},"categories":[9],"tags":[123,140,181,194,195,214,241],"class_list":["post-6193","post","type-post","status-publish","format-standard","has-post-thumbnail","hentry","category-presentation","tag-it","tag-jobba-statligt","tag-myndighet","tag-polisen","tag-polisen-it","tag-sakerhet","tag-statligt"],"acf":[],"yoast_head":"<!-- This site is optimized with the Yoast SEO plugin v27.3 - https:\/\/yoast.com\/product\/yoast-seo-wordpress\/ -->\n<title>Bidra till ett b\u00e4ttre samh\u00e4lle hos polisen - Framtidens karri\u00e4r IT &amp; Data<\/title>\n<meta name=\"robots\" content=\"index, follow, max-snippet:-1, max-image-preview:large, max-video-preview:-1\" \/>\n<link rel=\"canonical\" href=\"https:\/\/framtidenskarriar.se\/itdata\/2020\/03\/10\/bidra-till-ett-battre-samhalle-hos-polisen\/\" \/>\n<meta property=\"og:locale\" content=\"sv_SE\" \/>\n<meta property=\"og:type\" content=\"article\" \/>\n<meta property=\"og:title\" content=\"Bidra till ett b\u00e4ttre samh\u00e4lle hos polisen - Framtidens karri\u00e4r IT &amp; Data\" \/>\n<meta property=\"og:description\" content=\"H\u00e4r bidrar du till ett tryggare samh\u00e4lle.\" \/>\n<meta property=\"og:url\" content=\"https:\/\/framtidenskarriar.se\/itdata\/2020\/03\/10\/bidra-till-ett-battre-samhalle-hos-polisen\/\" \/>\n<meta property=\"og:site_name\" content=\"Framtidens karri\u00e4r IT &amp; Data\" \/>\n<meta property=\"article:published_time\" content=\"2020-03-10T16:12:06+00:00\" \/>\n<meta property=\"article:modified_time\" content=\"2021-03-09T12:11:04+00:00\" \/>\n<meta property=\"og:image\" content=\"https:\/\/framtidenskarriar.se\/itdata\/wp-content\/uploads\/sites\/13\/2020\/03\/polisen-it-avdelning-3.jpg\" \/>\n\t<meta property=\"og:image:width\" content=\"1000\" \/>\n\t<meta property=\"og:image:height\" content=\"628\" \/>\n\t<meta property=\"og:image:type\" content=\"image\/jpeg\" \/>\n<meta name=\"author\" content=\"viktorwallen\" \/>\n<meta name=\"twitter:card\" content=\"summary_large_image\" \/>\n<meta name=\"twitter:label1\" content=\"Skriven av\" \/>\n\t<meta name=\"twitter:data1\" content=\"viktorwallen\" \/>\n\t<meta name=\"twitter:label2\" content=\"Ber\u00e4knad l\u00e4stid\" \/>\n\t<meta name=\"twitter:data2\" content=\"4 minuter\" \/>\n<script type=\"application\/ld+json\" class=\"yoast-schema-graph\">{\"@context\":\"https:\\\/\\\/schema.org\",\"@graph\":[{\"@type\":\"Article\",\"@id\":\"https:\\\/\\\/framtidenskarriar.se\\\/itdata\\\/2020\\\/03\\\/10\\\/bidra-till-ett-battre-samhalle-hos-polisen\\\/#article\",\"isPartOf\":{\"@id\":\"https:\\\/\\\/framtidenskarriar.se\\\/itdata\\\/2020\\\/03\\\/10\\\/bidra-till-ett-battre-samhalle-hos-polisen\\\/\"},\"author\":{\"name\":\"viktorwallen\",\"@id\":\"https:\\\/\\\/framtidenskarriar.se\\\/itdata\\\/#\\\/schema\\\/person\\\/2a13a849ec7646386c2211f59afe3083\"},\"headline\":\"Bidra till ett b\u00e4ttre samh\u00e4lle hos polisen\",\"datePublished\":\"2020-03-10T16:12:06+00:00\",\"dateModified\":\"2021-03-09T12:11:04+00:00\",\"mainEntityOfPage\":{\"@id\":\"https:\\\/\\\/framtidenskarriar.se\\\/itdata\\\/2020\\\/03\\\/10\\\/bidra-till-ett-battre-samhalle-hos-polisen\\\/\"},\"wordCount\":885,\"image\":{\"@id\":\"https:\\\/\\\/framtidenskarriar.se\\\/itdata\\\/2020\\\/03\\\/10\\\/bidra-till-ett-battre-samhalle-hos-polisen\\\/#primaryimage\"},\"thumbnailUrl\":\"https:\\\/\\\/framtidenskarriar.se\\\/itdata\\\/wp-content\\\/uploads\\\/sites\\\/13\\\/2020\\\/03\\\/polisen-it-avdelning-3.jpg\",\"keywords\":[\"IT\",\"Jobba statligt\",\"Myndighet\",\"Polisen\",\"Polisen IT\",\"S\u00e4kerhet\",\"Statligt\"],\"articleSection\":[\"Presentation\"],\"inLanguage\":\"sv-SE\"},{\"@type\":\"WebPage\",\"@id\":\"https:\\\/\\\/framtidenskarriar.se\\\/itdata\\\/2020\\\/03\\\/10\\\/bidra-till-ett-battre-samhalle-hos-polisen\\\/\",\"url\":\"https:\\\/\\\/framtidenskarriar.se\\\/itdata\\\/2020\\\/03\\\/10\\\/bidra-till-ett-battre-samhalle-hos-polisen\\\/\",\"name\":\"Bidra till ett b\u00e4ttre samh\u00e4lle hos polisen - Framtidens karri\u00e4r IT & Data\",\"isPartOf\":{\"@id\":\"https:\\\/\\\/framtidenskarriar.se\\\/itdata\\\/#website\"},\"primaryImageOfPage\":{\"@id\":\"https:\\\/\\\/framtidenskarriar.se\\\/itdata\\\/2020\\\/03\\\/10\\\/bidra-till-ett-battre-samhalle-hos-polisen\\\/#primaryimage\"},\"image\":{\"@id\":\"https:\\\/\\\/framtidenskarriar.se\\\/itdata\\\/2020\\\/03\\\/10\\\/bidra-till-ett-battre-samhalle-hos-polisen\\\/#primaryimage\"},\"thumbnailUrl\":\"https:\\\/\\\/framtidenskarriar.se\\\/itdata\\\/wp-content\\\/uploads\\\/sites\\\/13\\\/2020\\\/03\\\/polisen-it-avdelning-3.jpg\",\"datePublished\":\"2020-03-10T16:12:06+00:00\",\"dateModified\":\"2021-03-09T12:11:04+00:00\",\"author\":{\"@id\":\"https:\\\/\\\/framtidenskarriar.se\\\/itdata\\\/#\\\/schema\\\/person\\\/2a13a849ec7646386c2211f59afe3083\"},\"breadcrumb\":{\"@id\":\"https:\\\/\\\/framtidenskarriar.se\\\/itdata\\\/2020\\\/03\\\/10\\\/bidra-till-ett-battre-samhalle-hos-polisen\\\/#breadcrumb\"},\"inLanguage\":\"sv-SE\",\"potentialAction\":[{\"@type\":\"ReadAction\",\"target\":[\"https:\\\/\\\/framtidenskarriar.se\\\/itdata\\\/2020\\\/03\\\/10\\\/bidra-till-ett-battre-samhalle-hos-polisen\\\/\"]}]},{\"@type\":\"ImageObject\",\"inLanguage\":\"sv-SE\",\"@id\":\"https:\\\/\\\/framtidenskarriar.se\\\/itdata\\\/2020\\\/03\\\/10\\\/bidra-till-ett-battre-samhalle-hos-polisen\\\/#primaryimage\",\"url\":\"https:\\\/\\\/framtidenskarriar.se\\\/itdata\\\/wp-content\\\/uploads\\\/sites\\\/13\\\/2020\\\/03\\\/polisen-it-avdelning-3.jpg\",\"contentUrl\":\"https:\\\/\\\/framtidenskarriar.se\\\/itdata\\\/wp-content\\\/uploads\\\/sites\\\/13\\\/2020\\\/03\\\/polisen-it-avdelning-3.jpg\",\"width\":1000,\"height\":628,\"caption\":\"Tomas Herlestam, Lina Bjurhager, Maria Wald\u00f6, Mattias Karlsson och Christoffer Str\u00f6mblad. Foto: Johan Marklund\"},{\"@type\":\"BreadcrumbList\",\"@id\":\"https:\\\/\\\/framtidenskarriar.se\\\/itdata\\\/2020\\\/03\\\/10\\\/bidra-till-ett-battre-samhalle-hos-polisen\\\/#breadcrumb\",\"itemListElement\":[{\"@type\":\"ListItem\",\"position\":1,\"name\":\"Home\",\"item\":\"https:\\\/\\\/framtidenskarriar.se\\\/itdata\\\/\"},{\"@type\":\"ListItem\",\"position\":2,\"name\":\"Bidra till ett b\u00e4ttre samh\u00e4lle hos polisen\"}]},{\"@type\":\"WebSite\",\"@id\":\"https:\\\/\\\/framtidenskarriar.se\\\/itdata\\\/#website\",\"url\":\"https:\\\/\\\/framtidenskarriar.se\\\/itdata\\\/\",\"name\":\"Framtidens karri\u00e4r IT & Data\",\"description\":\"Just another NMDashboard.se Sites site\",\"potentialAction\":[{\"@type\":\"SearchAction\",\"target\":{\"@type\":\"EntryPoint\",\"urlTemplate\":\"https:\\\/\\\/framtidenskarriar.se\\\/itdata\\\/?s={search_term_string}\"},\"query-input\":{\"@type\":\"PropertyValueSpecification\",\"valueRequired\":true,\"valueName\":\"search_term_string\"}}],\"inLanguage\":\"sv-SE\"},{\"@type\":\"Person\",\"@id\":\"https:\\\/\\\/framtidenskarriar.se\\\/itdata\\\/#\\\/schema\\\/person\\\/2a13a849ec7646386c2211f59afe3083\",\"name\":\"viktorwallen\",\"image\":{\"@type\":\"ImageObject\",\"inLanguage\":\"sv-SE\",\"@id\":\"https:\\\/\\\/secure.gravatar.com\\\/avatar\\\/701701bd36169636031933997c8c6b954f2f635bbb7cd4802e4a007f9c9f4e59?s=96&d=mm&r=g\",\"url\":\"https:\\\/\\\/secure.gravatar.com\\\/avatar\\\/701701bd36169636031933997c8c6b954f2f635bbb7cd4802e4a007f9c9f4e59?s=96&d=mm&r=g\",\"contentUrl\":\"https:\\\/\\\/secure.gravatar.com\\\/avatar\\\/701701bd36169636031933997c8c6b954f2f635bbb7cd4802e4a007f9c9f4e59?s=96&d=mm&r=g\",\"caption\":\"viktorwallen\"},\"url\":\"https:\\\/\\\/framtidenskarriar.se\\\/itdata\\\/author\\\/viktorwallen\\\/\"}]}<\/script>\n<!-- \/ Yoast SEO plugin. -->","yoast_head_json":{"title":"Bidra till ett b\u00e4ttre samh\u00e4lle hos polisen - Framtidens karri\u00e4r IT & Data","robots":{"index":"index","follow":"follow","max-snippet":"max-snippet:-1","max-image-preview":"max-image-preview:large","max-video-preview":"max-video-preview:-1"},"canonical":"https:\/\/framtidenskarriar.se\/itdata\/2020\/03\/10\/bidra-till-ett-battre-samhalle-hos-polisen\/","og_locale":"sv_SE","og_type":"article","og_title":"Bidra till ett b\u00e4ttre samh\u00e4lle hos polisen - Framtidens karri\u00e4r IT & Data","og_description":"H\u00e4r bidrar du till ett tryggare samh\u00e4lle.","og_url":"https:\/\/framtidenskarriar.se\/itdata\/2020\/03\/10\/bidra-till-ett-battre-samhalle-hos-polisen\/","og_site_name":"Framtidens karri\u00e4r IT & Data","article_published_time":"2020-03-10T16:12:06+00:00","article_modified_time":"2021-03-09T12:11:04+00:00","og_image":[{"width":1000,"height":628,"url":"https:\/\/framtidenskarriar.se\/itdata\/wp-content\/uploads\/sites\/13\/2020\/03\/polisen-it-avdelning-3.jpg","type":"image\/jpeg"}],"author":"viktorwallen","twitter_card":"summary_large_image","twitter_misc":{"Skriven av":"viktorwallen","Ber\u00e4knad l\u00e4stid":"4 minuter"},"schema":{"@context":"https:\/\/schema.org","@graph":[{"@type":"Article","@id":"https:\/\/framtidenskarriar.se\/itdata\/2020\/03\/10\/bidra-till-ett-battre-samhalle-hos-polisen\/#article","isPartOf":{"@id":"https:\/\/framtidenskarriar.se\/itdata\/2020\/03\/10\/bidra-till-ett-battre-samhalle-hos-polisen\/"},"author":{"name":"viktorwallen","@id":"https:\/\/framtidenskarriar.se\/itdata\/#\/schema\/person\/2a13a849ec7646386c2211f59afe3083"},"headline":"Bidra till ett b\u00e4ttre samh\u00e4lle hos polisen","datePublished":"2020-03-10T16:12:06+00:00","dateModified":"2021-03-09T12:11:04+00:00","mainEntityOfPage":{"@id":"https:\/\/framtidenskarriar.se\/itdata\/2020\/03\/10\/bidra-till-ett-battre-samhalle-hos-polisen\/"},"wordCount":885,"image":{"@id":"https:\/\/framtidenskarriar.se\/itdata\/2020\/03\/10\/bidra-till-ett-battre-samhalle-hos-polisen\/#primaryimage"},"thumbnailUrl":"https:\/\/framtidenskarriar.se\/itdata\/wp-content\/uploads\/sites\/13\/2020\/03\/polisen-it-avdelning-3.jpg","keywords":["IT","Jobba statligt","Myndighet","Polisen","Polisen IT","S\u00e4kerhet","Statligt"],"articleSection":["Presentation"],"inLanguage":"sv-SE"},{"@type":"WebPage","@id":"https:\/\/framtidenskarriar.se\/itdata\/2020\/03\/10\/bidra-till-ett-battre-samhalle-hos-polisen\/","url":"https:\/\/framtidenskarriar.se\/itdata\/2020\/03\/10\/bidra-till-ett-battre-samhalle-hos-polisen\/","name":"Bidra till ett b\u00e4ttre samh\u00e4lle hos polisen - Framtidens karri\u00e4r IT & Data","isPartOf":{"@id":"https:\/\/framtidenskarriar.se\/itdata\/#website"},"primaryImageOfPage":{"@id":"https:\/\/framtidenskarriar.se\/itdata\/2020\/03\/10\/bidra-till-ett-battre-samhalle-hos-polisen\/#primaryimage"},"image":{"@id":"https:\/\/framtidenskarriar.se\/itdata\/2020\/03\/10\/bidra-till-ett-battre-samhalle-hos-polisen\/#primaryimage"},"thumbnailUrl":"https:\/\/framtidenskarriar.se\/itdata\/wp-content\/uploads\/sites\/13\/2020\/03\/polisen-it-avdelning-3.jpg","datePublished":"2020-03-10T16:12:06+00:00","dateModified":"2021-03-09T12:11:04+00:00","author":{"@id":"https:\/\/framtidenskarriar.se\/itdata\/#\/schema\/person\/2a13a849ec7646386c2211f59afe3083"},"breadcrumb":{"@id":"https:\/\/framtidenskarriar.se\/itdata\/2020\/03\/10\/bidra-till-ett-battre-samhalle-hos-polisen\/#breadcrumb"},"inLanguage":"sv-SE","potentialAction":[{"@type":"ReadAction","target":["https:\/\/framtidenskarriar.se\/itdata\/2020\/03\/10\/bidra-till-ett-battre-samhalle-hos-polisen\/"]}]},{"@type":"ImageObject","inLanguage":"sv-SE","@id":"https:\/\/framtidenskarriar.se\/itdata\/2020\/03\/10\/bidra-till-ett-battre-samhalle-hos-polisen\/#primaryimage","url":"https:\/\/framtidenskarriar.se\/itdata\/wp-content\/uploads\/sites\/13\/2020\/03\/polisen-it-avdelning-3.jpg","contentUrl":"https:\/\/framtidenskarriar.se\/itdata\/wp-content\/uploads\/sites\/13\/2020\/03\/polisen-it-avdelning-3.jpg","width":1000,"height":628,"caption":"Tomas Herlestam, Lina Bjurhager, Maria Wald\u00f6, Mattias Karlsson och Christoffer Str\u00f6mblad. Foto: Johan Marklund"},{"@type":"BreadcrumbList","@id":"https:\/\/framtidenskarriar.se\/itdata\/2020\/03\/10\/bidra-till-ett-battre-samhalle-hos-polisen\/#breadcrumb","itemListElement":[{"@type":"ListItem","position":1,"name":"Home","item":"https:\/\/framtidenskarriar.se\/itdata\/"},{"@type":"ListItem","position":2,"name":"Bidra till ett b\u00e4ttre samh\u00e4lle hos polisen"}]},{"@type":"WebSite","@id":"https:\/\/framtidenskarriar.se\/itdata\/#website","url":"https:\/\/framtidenskarriar.se\/itdata\/","name":"Framtidens karri\u00e4r IT & Data","description":"Just another NMDashboard.se Sites site","potentialAction":[{"@type":"SearchAction","target":{"@type":"EntryPoint","urlTemplate":"https:\/\/framtidenskarriar.se\/itdata\/?s={search_term_string}"},"query-input":{"@type":"PropertyValueSpecification","valueRequired":true,"valueName":"search_term_string"}}],"inLanguage":"sv-SE"},{"@type":"Person","@id":"https:\/\/framtidenskarriar.se\/itdata\/#\/schema\/person\/2a13a849ec7646386c2211f59afe3083","name":"viktorwallen","image":{"@type":"ImageObject","inLanguage":"sv-SE","@id":"https:\/\/secure.gravatar.com\/avatar\/701701bd36169636031933997c8c6b954f2f635bbb7cd4802e4a007f9c9f4e59?s=96&d=mm&r=g","url":"https:\/\/secure.gravatar.com\/avatar\/701701bd36169636031933997c8c6b954f2f635bbb7cd4802e4a007f9c9f4e59?s=96&d=mm&r=g","contentUrl":"https:\/\/secure.gravatar.com\/avatar\/701701bd36169636031933997c8c6b954f2f635bbb7cd4802e4a007f9c9f4e59?s=96&d=mm&r=g","caption":"viktorwallen"},"url":"https:\/\/framtidenskarriar.se\/itdata\/author\/viktorwallen\/"}]}},"_links":{"self":[{"href":"https:\/\/framtidenskarriar.se\/itdata\/wp-json\/wp\/v2\/posts\/6193","targetHints":{"allow":["GET"]}}],"collection":[{"href":"https:\/\/framtidenskarriar.se\/itdata\/wp-json\/wp\/v2\/posts"}],"about":[{"href":"https:\/\/framtidenskarriar.se\/itdata\/wp-json\/wp\/v2\/types\/post"}],"author":[{"embeddable":true,"href":"https:\/\/framtidenskarriar.se\/itdata\/wp-json\/wp\/v2\/users\/2"}],"replies":[{"embeddable":true,"href":"https:\/\/framtidenskarriar.se\/itdata\/wp-json\/wp\/v2\/comments?post=6193"}],"version-history":[{"count":5,"href":"https:\/\/framtidenskarriar.se\/itdata\/wp-json\/wp\/v2\/posts\/6193\/revisions"}],"predecessor-version":[{"id":6919,"href":"https:\/\/framtidenskarriar.se\/itdata\/wp-json\/wp\/v2\/posts\/6193\/revisions\/6919"}],"wp:featuredmedia":[{"embeddable":true,"href":"https:\/\/framtidenskarriar.se\/itdata\/wp-json\/wp\/v2\/media\/6194"}],"wp:attachment":[{"href":"https:\/\/framtidenskarriar.se\/itdata\/wp-json\/wp\/v2\/media?parent=6193"}],"wp:term":[{"taxonomy":"category","embeddable":true,"href":"https:\/\/framtidenskarriar.se\/itdata\/wp-json\/wp\/v2\/categories?post=6193"},{"taxonomy":"post_tag","embeddable":true,"href":"https:\/\/framtidenskarriar.se\/itdata\/wp-json\/wp\/v2\/tags?post=6193"}],"curies":[{"name":"wp","href":"https:\/\/api.w.org\/{rel}","templated":true}]}}