{"id":6212,"date":"2020-03-10T14:45:38","date_gmt":"2020-03-10T14:45:38","guid":{"rendered":"https:\/\/framtidenskarriar.se\/itdata\/?p=6212"},"modified":"2020-11-10T14:55:37","modified_gmt":"2020-11-10T14:55:37","slug":"efterfragad-kompetens","status":"publish","type":"post","link":"https:\/\/framtidenskarriar.se\/itdata\/2020\/03\/10\/efterfragad-kompetens\/","title":{"rendered":"Efterfr\u00e5gad it-kompetens"},"content":{"rendered":"\n<figure class=\"wp-block-image size-large\"><img loading=\"lazy\" decoding=\"async\" width=\"999\" height=\"603\" src=\"https:\/\/framtidenskarriar.se\/itdata\/wp-content\/uploads\/sites\/13\/2020\/11\/kompetens-shutter.jpg\" alt=\"\" class=\"wp-image-6594\" srcset=\"https:\/\/framtidenskarriar.se\/itdata\/wp-content\/uploads\/sites\/13\/2020\/11\/kompetens-shutter.jpg 999w, https:\/\/framtidenskarriar.se\/itdata\/wp-content\/uploads\/sites\/13\/2020\/11\/kompetens-shutter-300x181.jpg 300w, https:\/\/framtidenskarriar.se\/itdata\/wp-content\/uploads\/sites\/13\/2020\/11\/kompetens-shutter-768x464.jpg 768w, https:\/\/framtidenskarriar.se\/itdata\/wp-content\/uploads\/sites\/13\/2020\/11\/kompetens-shutter-265x160.jpg 265w, https:\/\/framtidenskarriar.se\/itdata\/wp-content\/uploads\/sites\/13\/2020\/11\/kompetens-shutter-526x317.jpg 526w, https:\/\/framtidenskarriar.se\/itdata\/wp-content\/uploads\/sites\/13\/2020\/11\/kompetens-shutter-720x435.jpg 720w, https:\/\/framtidenskarriar.se\/itdata\/wp-content\/uploads\/sites\/13\/2020\/11\/kompetens-shutter-960x579.jpg 960w\" sizes=\"auto, (max-width: 999px) 100vw, 999px\" \/><\/figure>\n\n\n\n<p><strong>De it-kompetenser som efterfr\u00e5gas allra mest enligt \u00c5sa Zetterberg.<\/strong><\/p>\n\n\n\n<p>Kompetensf\u00f6rs\u00f6rjningsfr\u00e5gan har av naturliga sk\u00e4l varit en strategiskt viktig fr\u00e5ga f\u00f6r hela it- och techbranschen. De kompetenser som f\u00f6r tillf\u00e4llet efterfr\u00e5gas allra mest \u00e4r, enligt \u00c5sa Zetterberg, frontend- och backendutvecklare kopplade till webbutveckling, it-arkitekter, supportpersonal samt data scientists med fokus p\u00e5 AI och experter p\u00e5 informations- och cybers\u00e4kerhet.<br>\u2013 Samtidigt skriker hela samh\u00e4llet efter dessa kompetenser och \u00e4ven efter individer som har en kombination av yrkeskompetens och it-kompetens. Vi genomf\u00f6r just nu en omfattande inventering av it-branschens kompetensbehov och lanserar senare under 2020 en kompetensrapport, s\u00e4ger \u00c5sa Zetterberg.<\/p>\n\n\n\n<div class=\"wp-block-group faktaruta has-color-white-01-background-color has-background\"><div class=\"wp-block-group__inner-container is-layout-flow wp-block-group-is-layout-flow\">\n<h3 class=\"wp-block-heading\">Mest efterfr\u00e5gade it-kompetenserna enligt \u00c5sa Zetterberg<\/h3>\n\n\n\n<p><br><strong>\u2022 Frontend-<\/strong> och backendutvecklare kopplade till webbutveckling<br><strong>\u2022 It-arkitekter<\/strong><br><strong>\u2022 Supportpersonal<\/strong><br><strong>\u2022 Data scientists<\/strong> med fokus p\u00e5 AI<br><strong>\u2022 Experter<\/strong> p\u00e5 informations- och cybers\u00e4kerhet<\/p>\n<\/div><\/div>\n","protected":false},"excerpt":{"rendered":"<p>Vi listar de kompetenser som f\u00f6r tillf\u00e4llet efterfr\u00e5gas allra mest.<\/p>\n","protected":false},"author":2,"featured_media":6594,"comment_status":"closed","ping_status":"open","sticky":false,"template":"","format":"standard","meta":{"_acf_changed":false,"_monsterinsights_skip_tracking":false,"_monsterinsights_sitenote_active":false,"_monsterinsights_sitenote_note":"","_monsterinsights_sitenote_category":0,"footnotes":""},"categories":[1],"tags":[20,29,47,67,149,152,214],"class_list":["post-6212","post","type-post","status-publish","format-standard","has-post-thumbnail","hentry","category-artikel","tag-ai","tag-artificiell-intelligens","tag-cybersakerhet","tag-efterfragan","tag-kompetens","tag-kompetensforsorjning","tag-sakerhet"],"acf":[],"yoast_head":"<!-- This site is optimized with the Yoast SEO plugin v27.3 - https:\/\/yoast.com\/product\/yoast-seo-wordpress\/ -->\n<title>Efterfr\u00e5gad it-kompetens - Framtidens karri\u00e4r IT &amp; Data<\/title>\n<meta name=\"robots\" content=\"index, follow, max-snippet:-1, max-image-preview:large, max-video-preview:-1\" \/>\n<link rel=\"canonical\" href=\"https:\/\/framtidenskarriar.se\/itdata\/2020\/03\/10\/efterfragad-kompetens\/\" \/>\n<meta property=\"og:locale\" content=\"sv_SE\" \/>\n<meta property=\"og:type\" content=\"article\" \/>\n<meta property=\"og:title\" content=\"Efterfr\u00e5gad it-kompetens - Framtidens karri\u00e4r IT &amp; Data\" \/>\n<meta property=\"og:description\" content=\"Vi listar de kompetenser som f\u00f6r tillf\u00e4llet efterfr\u00e5gas allra mest.\" \/>\n<meta property=\"og:url\" content=\"https:\/\/framtidenskarriar.se\/itdata\/2020\/03\/10\/efterfragad-kompetens\/\" \/>\n<meta property=\"og:site_name\" content=\"Framtidens karri\u00e4r IT &amp; Data\" \/>\n<meta property=\"article:published_time\" content=\"2020-03-10T14:45:38+00:00\" \/>\n<meta property=\"article:modified_time\" content=\"2020-11-10T14:55:37+00:00\" \/>\n<meta property=\"og:image\" content=\"https:\/\/framtidenskarriar.se\/itdata\/wp-content\/uploads\/sites\/13\/2020\/11\/kompetens-shutter.jpg\" \/>\n\t<meta property=\"og:image:width\" content=\"999\" \/>\n\t<meta property=\"og:image:height\" content=\"603\" \/>\n\t<meta property=\"og:image:type\" content=\"image\/jpeg\" \/>\n<meta name=\"author\" content=\"viktorwallen\" \/>\n<meta name=\"twitter:card\" content=\"summary_large_image\" \/>\n<meta name=\"twitter:label1\" content=\"Skriven av\" \/>\n\t<meta name=\"twitter:data1\" content=\"viktorwallen\" \/>\n\t<meta name=\"twitter:label2\" content=\"Ber\u00e4knad l\u00e4stid\" \/>\n\t<meta name=\"twitter:data2\" content=\"1 minut\" \/>\n<script type=\"application\/ld+json\" class=\"yoast-schema-graph\">{\"@context\":\"https:\\\/\\\/schema.org\",\"@graph\":[{\"@type\":\"Article\",\"@id\":\"https:\\\/\\\/framtidenskarriar.se\\\/itdata\\\/2020\\\/03\\\/10\\\/efterfragad-kompetens\\\/#article\",\"isPartOf\":{\"@id\":\"https:\\\/\\\/framtidenskarriar.se\\\/itdata\\\/2020\\\/03\\\/10\\\/efterfragad-kompetens\\\/\"},\"author\":{\"name\":\"viktorwallen\",\"@id\":\"https:\\\/\\\/framtidenskarriar.se\\\/itdata\\\/#\\\/schema\\\/person\\\/2a13a849ec7646386c2211f59afe3083\"},\"headline\":\"Efterfr\u00e5gad it-kompetens\",\"datePublished\":\"2020-03-10T14:45:38+00:00\",\"dateModified\":\"2020-11-10T14:55:37+00:00\",\"mainEntityOfPage\":{\"@id\":\"https:\\\/\\\/framtidenskarriar.se\\\/itdata\\\/2020\\\/03\\\/10\\\/efterfragad-kompetens\\\/\"},\"wordCount\":139,\"image\":{\"@id\":\"https:\\\/\\\/framtidenskarriar.se\\\/itdata\\\/2020\\\/03\\\/10\\\/efterfragad-kompetens\\\/#primaryimage\"},\"thumbnailUrl\":\"https:\\\/\\\/framtidenskarriar.se\\\/itdata\\\/wp-content\\\/uploads\\\/sites\\\/13\\\/2020\\\/11\\\/kompetens-shutter.jpg\",\"keywords\":[\"AI\",\"Artificiell intelligens\",\"Cybers\u00e4kerhet\",\"Efterfr\u00e5gan\",\"Kompetens\",\"Kompetensf\u00f6rs\u00f6rjning\",\"S\u00e4kerhet\"],\"articleSection\":[\"Artikel\"],\"inLanguage\":\"sv-SE\"},{\"@type\":\"WebPage\",\"@id\":\"https:\\\/\\\/framtidenskarriar.se\\\/itdata\\\/2020\\\/03\\\/10\\\/efterfragad-kompetens\\\/\",\"url\":\"https:\\\/\\\/framtidenskarriar.se\\\/itdata\\\/2020\\\/03\\\/10\\\/efterfragad-kompetens\\\/\",\"name\":\"Efterfr\u00e5gad it-kompetens - Framtidens karri\u00e4r IT & Data\",\"isPartOf\":{\"@id\":\"https:\\\/\\\/framtidenskarriar.se\\\/itdata\\\/#website\"},\"primaryImageOfPage\":{\"@id\":\"https:\\\/\\\/framtidenskarriar.se\\\/itdata\\\/2020\\\/03\\\/10\\\/efterfragad-kompetens\\\/#primaryimage\"},\"image\":{\"@id\":\"https:\\\/\\\/framtidenskarriar.se\\\/itdata\\\/2020\\\/03\\\/10\\\/efterfragad-kompetens\\\/#primaryimage\"},\"thumbnailUrl\":\"https:\\\/\\\/framtidenskarriar.se\\\/itdata\\\/wp-content\\\/uploads\\\/sites\\\/13\\\/2020\\\/11\\\/kompetens-shutter.jpg\",\"datePublished\":\"2020-03-10T14:45:38+00:00\",\"dateModified\":\"2020-11-10T14:55:37+00:00\",\"author\":{\"@id\":\"https:\\\/\\\/framtidenskarriar.se\\\/itdata\\\/#\\\/schema\\\/person\\\/2a13a849ec7646386c2211f59afe3083\"},\"breadcrumb\":{\"@id\":\"https:\\\/\\\/framtidenskarriar.se\\\/itdata\\\/2020\\\/03\\\/10\\\/efterfragad-kompetens\\\/#breadcrumb\"},\"inLanguage\":\"sv-SE\",\"potentialAction\":[{\"@type\":\"ReadAction\",\"target\":[\"https:\\\/\\\/framtidenskarriar.se\\\/itdata\\\/2020\\\/03\\\/10\\\/efterfragad-kompetens\\\/\"]}]},{\"@type\":\"ImageObject\",\"inLanguage\":\"sv-SE\",\"@id\":\"https:\\\/\\\/framtidenskarriar.se\\\/itdata\\\/2020\\\/03\\\/10\\\/efterfragad-kompetens\\\/#primaryimage\",\"url\":\"https:\\\/\\\/framtidenskarriar.se\\\/itdata\\\/wp-content\\\/uploads\\\/sites\\\/13\\\/2020\\\/11\\\/kompetens-shutter.jpg\",\"contentUrl\":\"https:\\\/\\\/framtidenskarriar.se\\\/itdata\\\/wp-content\\\/uploads\\\/sites\\\/13\\\/2020\\\/11\\\/kompetens-shutter.jpg\",\"width\":999,\"height\":603},{\"@type\":\"BreadcrumbList\",\"@id\":\"https:\\\/\\\/framtidenskarriar.se\\\/itdata\\\/2020\\\/03\\\/10\\\/efterfragad-kompetens\\\/#breadcrumb\",\"itemListElement\":[{\"@type\":\"ListItem\",\"position\":1,\"name\":\"Home\",\"item\":\"https:\\\/\\\/framtidenskarriar.se\\\/itdata\\\/\"},{\"@type\":\"ListItem\",\"position\":2,\"name\":\"Efterfr\u00e5gad it-kompetens\"}]},{\"@type\":\"WebSite\",\"@id\":\"https:\\\/\\\/framtidenskarriar.se\\\/itdata\\\/#website\",\"url\":\"https:\\\/\\\/framtidenskarriar.se\\\/itdata\\\/\",\"name\":\"Framtidens karri\u00e4r IT & Data\",\"description\":\"Just another NMDashboard.se Sites site\",\"potentialAction\":[{\"@type\":\"SearchAction\",\"target\":{\"@type\":\"EntryPoint\",\"urlTemplate\":\"https:\\\/\\\/framtidenskarriar.se\\\/itdata\\\/?s={search_term_string}\"},\"query-input\":{\"@type\":\"PropertyValueSpecification\",\"valueRequired\":true,\"valueName\":\"search_term_string\"}}],\"inLanguage\":\"sv-SE\"},{\"@type\":\"Person\",\"@id\":\"https:\\\/\\\/framtidenskarriar.se\\\/itdata\\\/#\\\/schema\\\/person\\\/2a13a849ec7646386c2211f59afe3083\",\"name\":\"viktorwallen\",\"image\":{\"@type\":\"ImageObject\",\"inLanguage\":\"sv-SE\",\"@id\":\"https:\\\/\\\/secure.gravatar.com\\\/avatar\\\/701701bd36169636031933997c8c6b954f2f635bbb7cd4802e4a007f9c9f4e59?s=96&d=mm&r=g\",\"url\":\"https:\\\/\\\/secure.gravatar.com\\\/avatar\\\/701701bd36169636031933997c8c6b954f2f635bbb7cd4802e4a007f9c9f4e59?s=96&d=mm&r=g\",\"contentUrl\":\"https:\\\/\\\/secure.gravatar.com\\\/avatar\\\/701701bd36169636031933997c8c6b954f2f635bbb7cd4802e4a007f9c9f4e59?s=96&d=mm&r=g\",\"caption\":\"viktorwallen\"},\"url\":\"https:\\\/\\\/framtidenskarriar.se\\\/itdata\\\/author\\\/viktorwallen\\\/\"}]}<\/script>\n<!-- \/ Yoast SEO plugin. -->","yoast_head_json":{"title":"Efterfr\u00e5gad it-kompetens - Framtidens karri\u00e4r IT & Data","robots":{"index":"index","follow":"follow","max-snippet":"max-snippet:-1","max-image-preview":"max-image-preview:large","max-video-preview":"max-video-preview:-1"},"canonical":"https:\/\/framtidenskarriar.se\/itdata\/2020\/03\/10\/efterfragad-kompetens\/","og_locale":"sv_SE","og_type":"article","og_title":"Efterfr\u00e5gad it-kompetens - Framtidens karri\u00e4r IT & Data","og_description":"Vi listar de kompetenser som f\u00f6r tillf\u00e4llet efterfr\u00e5gas allra mest.","og_url":"https:\/\/framtidenskarriar.se\/itdata\/2020\/03\/10\/efterfragad-kompetens\/","og_site_name":"Framtidens karri\u00e4r IT & Data","article_published_time":"2020-03-10T14:45:38+00:00","article_modified_time":"2020-11-10T14:55:37+00:00","og_image":[{"width":999,"height":603,"url":"https:\/\/framtidenskarriar.se\/itdata\/wp-content\/uploads\/sites\/13\/2020\/11\/kompetens-shutter.jpg","type":"image\/jpeg"}],"author":"viktorwallen","twitter_card":"summary_large_image","twitter_misc":{"Skriven av":"viktorwallen","Ber\u00e4knad l\u00e4stid":"1 minut"},"schema":{"@context":"https:\/\/schema.org","@graph":[{"@type":"Article","@id":"https:\/\/framtidenskarriar.se\/itdata\/2020\/03\/10\/efterfragad-kompetens\/#article","isPartOf":{"@id":"https:\/\/framtidenskarriar.se\/itdata\/2020\/03\/10\/efterfragad-kompetens\/"},"author":{"name":"viktorwallen","@id":"https:\/\/framtidenskarriar.se\/itdata\/#\/schema\/person\/2a13a849ec7646386c2211f59afe3083"},"headline":"Efterfr\u00e5gad it-kompetens","datePublished":"2020-03-10T14:45:38+00:00","dateModified":"2020-11-10T14:55:37+00:00","mainEntityOfPage":{"@id":"https:\/\/framtidenskarriar.se\/itdata\/2020\/03\/10\/efterfragad-kompetens\/"},"wordCount":139,"image":{"@id":"https:\/\/framtidenskarriar.se\/itdata\/2020\/03\/10\/efterfragad-kompetens\/#primaryimage"},"thumbnailUrl":"https:\/\/framtidenskarriar.se\/itdata\/wp-content\/uploads\/sites\/13\/2020\/11\/kompetens-shutter.jpg","keywords":["AI","Artificiell intelligens","Cybers\u00e4kerhet","Efterfr\u00e5gan","Kompetens","Kompetensf\u00f6rs\u00f6rjning","S\u00e4kerhet"],"articleSection":["Artikel"],"inLanguage":"sv-SE"},{"@type":"WebPage","@id":"https:\/\/framtidenskarriar.se\/itdata\/2020\/03\/10\/efterfragad-kompetens\/","url":"https:\/\/framtidenskarriar.se\/itdata\/2020\/03\/10\/efterfragad-kompetens\/","name":"Efterfr\u00e5gad it-kompetens - Framtidens karri\u00e4r IT & Data","isPartOf":{"@id":"https:\/\/framtidenskarriar.se\/itdata\/#website"},"primaryImageOfPage":{"@id":"https:\/\/framtidenskarriar.se\/itdata\/2020\/03\/10\/efterfragad-kompetens\/#primaryimage"},"image":{"@id":"https:\/\/framtidenskarriar.se\/itdata\/2020\/03\/10\/efterfragad-kompetens\/#primaryimage"},"thumbnailUrl":"https:\/\/framtidenskarriar.se\/itdata\/wp-content\/uploads\/sites\/13\/2020\/11\/kompetens-shutter.jpg","datePublished":"2020-03-10T14:45:38+00:00","dateModified":"2020-11-10T14:55:37+00:00","author":{"@id":"https:\/\/framtidenskarriar.se\/itdata\/#\/schema\/person\/2a13a849ec7646386c2211f59afe3083"},"breadcrumb":{"@id":"https:\/\/framtidenskarriar.se\/itdata\/2020\/03\/10\/efterfragad-kompetens\/#breadcrumb"},"inLanguage":"sv-SE","potentialAction":[{"@type":"ReadAction","target":["https:\/\/framtidenskarriar.se\/itdata\/2020\/03\/10\/efterfragad-kompetens\/"]}]},{"@type":"ImageObject","inLanguage":"sv-SE","@id":"https:\/\/framtidenskarriar.se\/itdata\/2020\/03\/10\/efterfragad-kompetens\/#primaryimage","url":"https:\/\/framtidenskarriar.se\/itdata\/wp-content\/uploads\/sites\/13\/2020\/11\/kompetens-shutter.jpg","contentUrl":"https:\/\/framtidenskarriar.se\/itdata\/wp-content\/uploads\/sites\/13\/2020\/11\/kompetens-shutter.jpg","width":999,"height":603},{"@type":"BreadcrumbList","@id":"https:\/\/framtidenskarriar.se\/itdata\/2020\/03\/10\/efterfragad-kompetens\/#breadcrumb","itemListElement":[{"@type":"ListItem","position":1,"name":"Home","item":"https:\/\/framtidenskarriar.se\/itdata\/"},{"@type":"ListItem","position":2,"name":"Efterfr\u00e5gad it-kompetens"}]},{"@type":"WebSite","@id":"https:\/\/framtidenskarriar.se\/itdata\/#website","url":"https:\/\/framtidenskarriar.se\/itdata\/","name":"Framtidens karri\u00e4r IT & Data","description":"Just another NMDashboard.se Sites site","potentialAction":[{"@type":"SearchAction","target":{"@type":"EntryPoint","urlTemplate":"https:\/\/framtidenskarriar.se\/itdata\/?s={search_term_string}"},"query-input":{"@type":"PropertyValueSpecification","valueRequired":true,"valueName":"search_term_string"}}],"inLanguage":"sv-SE"},{"@type":"Person","@id":"https:\/\/framtidenskarriar.se\/itdata\/#\/schema\/person\/2a13a849ec7646386c2211f59afe3083","name":"viktorwallen","image":{"@type":"ImageObject","inLanguage":"sv-SE","@id":"https:\/\/secure.gravatar.com\/avatar\/701701bd36169636031933997c8c6b954f2f635bbb7cd4802e4a007f9c9f4e59?s=96&d=mm&r=g","url":"https:\/\/secure.gravatar.com\/avatar\/701701bd36169636031933997c8c6b954f2f635bbb7cd4802e4a007f9c9f4e59?s=96&d=mm&r=g","contentUrl":"https:\/\/secure.gravatar.com\/avatar\/701701bd36169636031933997c8c6b954f2f635bbb7cd4802e4a007f9c9f4e59?s=96&d=mm&r=g","caption":"viktorwallen"},"url":"https:\/\/framtidenskarriar.se\/itdata\/author\/viktorwallen\/"}]}},"_links":{"self":[{"href":"https:\/\/framtidenskarriar.se\/itdata\/wp-json\/wp\/v2\/posts\/6212","targetHints":{"allow":["GET"]}}],"collection":[{"href":"https:\/\/framtidenskarriar.se\/itdata\/wp-json\/wp\/v2\/posts"}],"about":[{"href":"https:\/\/framtidenskarriar.se\/itdata\/wp-json\/wp\/v2\/types\/post"}],"author":[{"embeddable":true,"href":"https:\/\/framtidenskarriar.se\/itdata\/wp-json\/wp\/v2\/users\/2"}],"replies":[{"embeddable":true,"href":"https:\/\/framtidenskarriar.se\/itdata\/wp-json\/wp\/v2\/comments?post=6212"}],"version-history":[{"count":6,"href":"https:\/\/framtidenskarriar.se\/itdata\/wp-json\/wp\/v2\/posts\/6212\/revisions"}],"predecessor-version":[{"id":6604,"href":"https:\/\/framtidenskarriar.se\/itdata\/wp-json\/wp\/v2\/posts\/6212\/revisions\/6604"}],"wp:featuredmedia":[{"embeddable":true,"href":"https:\/\/framtidenskarriar.se\/itdata\/wp-json\/wp\/v2\/media\/6594"}],"wp:attachment":[{"href":"https:\/\/framtidenskarriar.se\/itdata\/wp-json\/wp\/v2\/media?parent=6212"}],"wp:term":[{"taxonomy":"category","embeddable":true,"href":"https:\/\/framtidenskarriar.se\/itdata\/wp-json\/wp\/v2\/categories?post=6212"},{"taxonomy":"post_tag","embeddable":true,"href":"https:\/\/framtidenskarriar.se\/itdata\/wp-json\/wp\/v2\/tags?post=6212"}],"curies":[{"name":"wp","href":"https:\/\/api.w.org\/{rel}","templated":true}]}}