{"id":6237,"date":"2020-03-10T15:10:35","date_gmt":"2020-03-10T15:10:35","guid":{"rendered":"https:\/\/framtidenskarriar.se\/itdata\/?p=6237"},"modified":"2020-11-10T12:08:35","modified_gmt":"2020-11-10T12:08:35","slug":"cyberhot-okar-i-digitaliserat-samhalle","status":"publish","type":"post","link":"https:\/\/framtidenskarriar.se\/itdata\/2020\/03\/10\/cyberhot-okar-i-digitaliserat-samhalle\/","title":{"rendered":"Cyberhot \u00f6kar i digitaliserat samh\u00e4lle"},"content":{"rendered":"\n<figure class=\"wp-block-image alignnone size-full wp-image-6238\"><img loading=\"lazy\" decoding=\"async\" width=\"1000\" height=\"648\" src=\"https:\/\/framtidenskarriar.se\/itdata\/wp-content\/uploads\/sites\/13\/2020\/03\/cyber-saab-4.jpg\" alt=\"Ellen Grev, chef f\u00f6r Saabs aff\u00e4rsenhet Cyber Security. Foto: Johan Marklund\" class=\"wp-image-6238\" srcset=\"https:\/\/framtidenskarriar.se\/itdata\/wp-content\/uploads\/sites\/13\/2020\/03\/cyber-saab-4.jpg 1000w, https:\/\/framtidenskarriar.se\/itdata\/wp-content\/uploads\/sites\/13\/2020\/03\/cyber-saab-4-300x194.jpg 300w, https:\/\/framtidenskarriar.se\/itdata\/wp-content\/uploads\/sites\/13\/2020\/03\/cyber-saab-4-768x498.jpg 768w, https:\/\/framtidenskarriar.se\/itdata\/wp-content\/uploads\/sites\/13\/2020\/03\/cyber-saab-4-247x160.jpg 247w, https:\/\/framtidenskarriar.se\/itdata\/wp-content\/uploads\/sites\/13\/2020\/03\/cyber-saab-4-526x341.jpg 526w, https:\/\/framtidenskarriar.se\/itdata\/wp-content\/uploads\/sites\/13\/2020\/03\/cyber-saab-4-720x467.jpg 720w, https:\/\/framtidenskarriar.se\/itdata\/wp-content\/uploads\/sites\/13\/2020\/03\/cyber-saab-4-960x622.jpg 960w\" sizes=\"auto, (max-width: 1000px) 100vw, 1000px\" \/><figcaption>Ellen Grev, chef f\u00f6r Saabs aff\u00e4rsenhet Cyber Security. Foto: Johan Marklund<\/figcaption><\/figure>\n\n\n\n<p><strong>Sverige ligger i framkant n\u00e4r det g\u00e4ller att digitalisera och \u00e4r bra p\u00e5 att dra nytta av digitaliseringens m\u00f6jligheter. Men det finns en eftersl\u00e4pning vad betr\u00e4ffar s\u00e4kerheten.<\/strong><\/p>\n\n\n\n<p>Vi m\u00e5ste st\u00e4nga gapet mellan den snabba digitala utvecklingen och den v\u00e4xande hotbilden. Detta borde vara ett absolut krav och en topprioritet n\u00e4r man utvecklar nya digitala l\u00f6sningar, s\u00e4ger Ellen Grev, chef f\u00f6r Saabs aff\u00e4rsenhet Cyber Security, som \u00e4r ledande inom utvecklingen av cyberskydd.<\/p>\n\n\n\n<p><strong>Aggressiva attacker i gr\u00e5zon<\/strong><br>\u2013 Cyberhoten mot Sverige \u00f6kar och alla samh\u00e4llssektorer \u00e4r utsatta. Idag handlar f\u00f6rsvaret av Sverige inte bara om att skydda landets territoriella gr\u00e4nser utan ocks\u00e5 de digitala gr\u00e4nserna och tillg\u00e5ngarna. Vi m\u00e5ste v\u00e4rna om Sveriges digitala suver\u00e4nitet, s\u00e4ger Ellen Grev.<br>Det finns flera typer av attacker, som mestadels sker i en s\u00e5 kallad gr\u00e5zon, d\u00e4r attackerna \u00e4r aggressiva och fientliga. Ofta \u00e4r de statsunderst\u00f6dda, med syftet att stj\u00e4la information, kunskap och innovationer. Sabotage f\u00f6r att skada f\u00f6rtroendet f\u00f6r landet eller enskilda f\u00f6retag \u00e4r ocks\u00e5 f\u00f6rekommande liksom spridande av desinformation. Det kan bli enormt kostsamt att reparera skadorna efter en cyberattack och i v\u00e4rsta fall kan kritiska samh\u00e4llsfunktioner sl\u00e5s ut helt.<\/p>\n\n\n\n<p><strong>AI hanterar stora datam\u00e4ngder<\/strong><br>Artificiell intelligens, AI, kan vara ett effektivt verktyg i arbetet med cybers\u00e4kerhet och rent generellt f\u00f6r att sortera de stora datam\u00e4ngder som genereras dagligen. P\u00e5 Saabs aff\u00e4rsenhet Cyber Security utvecklas AI bland annat f\u00f6r att dra slutsatser om m\u00f6nster och avvikelser i stora datam\u00e4ngder.<br>\u2013 AI \u00e4r o\u00f6vertr\u00e4ffat p\u00e5 att hantera stora datam\u00e4ngder och kan anv\u00e4ndas f\u00f6r att uppt\u00e4cka och analysera hot och f\u00f6r att filtrera vad som \u00e4r verkligen \u00e4r ett hot och inte bara brus. D\u00e5 kan m\u00e4nniskor fokusera p\u00e5 de riktiga hoten, s\u00e5 att vi anv\u00e4nder den m\u00e4nskliga kompetensen d\u00e4r den g\u00f6r mest nytta, f\u00f6rklarar Ellen Grev.<\/p>\n\n\n\n<p><strong>Data som r\u00e5vara<\/strong><br>\u2013 Det handlar inte bara om att kunna skydda v\u00e5r digitala v\u00e4rld utan ocks\u00e5 att dra nytta av den och datan som den genererar. Sverige ligger generellt i framkant och har stor innovationskraft, trots att vi \u00e4r ett litet land. Vi har tagit vara p\u00e5 resurserna och har h\u00f6g kompetens och utbildningsniv\u00e5, s\u00e4ger Ellen Grev.<br>\u2013 Nu och fram\u00f6ver kommer data att vara en viktig resurs. Det \u00e4r r\u00e5vara f\u00f6r framtidens innovationer och f\u00f6rm\u00e5gor, nya jobb och ny kompetens. Vi beh\u00f6ver se till att beh\u00e5lla den r\u00e5varan i Sverige och inte l\u00e5ta den hamna hos utl\u00e4ndska moln- och it-leverant\u00f6rer.<\/p>\n\n\n\n<p><strong>Kompetensbrist inom cybers\u00e4kerhet<\/strong><br>Hon framh\u00e5ller att det idag r\u00e5der stor kompetensbrist i Sverige inom cybers\u00e4kerhet och det kr\u00e4vs skarpa ingenj\u00f6rer och it-specialister inom cybers\u00e4kerhetsomr\u00e5det, personer med en bredd och olika erfarenheter.<br>\u2013 Det \u00e4r en utmaning i hela landet att hitta r\u00e4tt kompetens. Detta \u00e4r ett snabbt v\u00e4xande omr\u00e5de, d\u00e4r drivkraft och intresse \u00e4r nog s\u00e5 viktiga som formell kompetens, s\u00e5 det finns stora m\u00f6jligheter till en sp\u00e4nnande karri\u00e4r, avslutar Ellen Grev.<\/p>\n","protected":false},"excerpt":{"rendered":"<p>Vi m\u00e5ste st\u00e4nga gapet mellan den snabba digitala utvecklingen och den v\u00e4xande hotbilden.<\/p>\n","protected":false},"author":2,"featured_media":6238,"comment_status":"closed","ping_status":"open","sticky":false,"template":"","format":"standard","meta":{"_acf_changed":false,"_monsterinsights_skip_tracking":false,"_monsterinsights_sitenote_active":false,"_monsterinsights_sitenote_note":"","_monsterinsights_sitenote_category":0,"footnotes":""},"categories":[1],"tags":[20,47,51,62,87,105,151,214,262,265],"class_list":["post-6237","post","type-post","status-publish","format-standard","has-post-thumbnail","hentry","category-artikel","tag-ai","tag-cybersakerhet","tag-dataattacker","tag-digitalisering","tag-forsvar","tag-hot","tag-kompetensbrist","tag-sakerhet","tag-utveckling","tag-verktyg"],"acf":[],"yoast_head":"<!-- This site is optimized with the Yoast SEO plugin v27.3 - https:\/\/yoast.com\/product\/yoast-seo-wordpress\/ -->\n<title>Cyberhot \u00f6kar i digitaliserat samh\u00e4lle - Framtidens karri\u00e4r IT &amp; Data<\/title>\n<meta name=\"robots\" content=\"index, follow, max-snippet:-1, max-image-preview:large, max-video-preview:-1\" \/>\n<link rel=\"canonical\" href=\"https:\/\/framtidenskarriar.se\/itdata\/2020\/03\/10\/cyberhot-okar-i-digitaliserat-samhalle\/\" \/>\n<meta property=\"og:locale\" content=\"sv_SE\" \/>\n<meta property=\"og:type\" content=\"article\" \/>\n<meta property=\"og:title\" content=\"Cyberhot \u00f6kar i digitaliserat samh\u00e4lle - Framtidens karri\u00e4r IT &amp; Data\" \/>\n<meta property=\"og:description\" content=\"Vi m\u00e5ste st\u00e4nga gapet mellan den snabba digitala utvecklingen och den v\u00e4xande hotbilden.\" \/>\n<meta property=\"og:url\" content=\"https:\/\/framtidenskarriar.se\/itdata\/2020\/03\/10\/cyberhot-okar-i-digitaliserat-samhalle\/\" \/>\n<meta property=\"og:site_name\" content=\"Framtidens karri\u00e4r IT &amp; Data\" \/>\n<meta property=\"article:published_time\" content=\"2020-03-10T15:10:35+00:00\" \/>\n<meta property=\"article:modified_time\" content=\"2020-11-10T12:08:35+00:00\" \/>\n<meta property=\"og:image\" content=\"https:\/\/framtidenskarriar.se\/itdata\/wp-content\/uploads\/sites\/13\/2020\/03\/cyber-saab-4.jpg\" \/>\n\t<meta property=\"og:image:width\" content=\"1000\" \/>\n\t<meta property=\"og:image:height\" content=\"648\" \/>\n\t<meta property=\"og:image:type\" content=\"image\/jpeg\" \/>\n<meta name=\"author\" content=\"viktorwallen\" \/>\n<meta name=\"twitter:card\" content=\"summary_large_image\" \/>\n<meta name=\"twitter:label1\" content=\"Skriven av\" \/>\n\t<meta name=\"twitter:data1\" content=\"viktorwallen\" \/>\n\t<meta name=\"twitter:label2\" content=\"Ber\u00e4knad l\u00e4stid\" \/>\n\t<meta name=\"twitter:data2\" content=\"3 minuter\" \/>\n<script type=\"application\/ld+json\" class=\"yoast-schema-graph\">{\"@context\":\"https:\\\/\\\/schema.org\",\"@graph\":[{\"@type\":\"Article\",\"@id\":\"https:\\\/\\\/framtidenskarriar.se\\\/itdata\\\/2020\\\/03\\\/10\\\/cyberhot-okar-i-digitaliserat-samhalle\\\/#article\",\"isPartOf\":{\"@id\":\"https:\\\/\\\/framtidenskarriar.se\\\/itdata\\\/2020\\\/03\\\/10\\\/cyberhot-okar-i-digitaliserat-samhalle\\\/\"},\"author\":{\"name\":\"viktorwallen\",\"@id\":\"https:\\\/\\\/framtidenskarriar.se\\\/itdata\\\/#\\\/schema\\\/person\\\/2a13a849ec7646386c2211f59afe3083\"},\"headline\":\"Cyberhot \u00f6kar i digitaliserat samh\u00e4lle\",\"datePublished\":\"2020-03-10T15:10:35+00:00\",\"dateModified\":\"2020-11-10T12:08:35+00:00\",\"mainEntityOfPage\":{\"@id\":\"https:\\\/\\\/framtidenskarriar.se\\\/itdata\\\/2020\\\/03\\\/10\\\/cyberhot-okar-i-digitaliserat-samhalle\\\/\"},\"wordCount\":565,\"image\":{\"@id\":\"https:\\\/\\\/framtidenskarriar.se\\\/itdata\\\/2020\\\/03\\\/10\\\/cyberhot-okar-i-digitaliserat-samhalle\\\/#primaryimage\"},\"thumbnailUrl\":\"https:\\\/\\\/framtidenskarriar.se\\\/itdata\\\/wp-content\\\/uploads\\\/sites\\\/13\\\/2020\\\/03\\\/cyber-saab-4.jpg\",\"keywords\":[\"AI\",\"Cybers\u00e4kerhet\",\"Dataattacker\",\"Digitalisering\",\"F\u00f6rsvar\",\"Hot\",\"Kompetensbrist\",\"S\u00e4kerhet\",\"Utveckling\",\"Verktyg\"],\"articleSection\":[\"Artikel\"],\"inLanguage\":\"sv-SE\"},{\"@type\":\"WebPage\",\"@id\":\"https:\\\/\\\/framtidenskarriar.se\\\/itdata\\\/2020\\\/03\\\/10\\\/cyberhot-okar-i-digitaliserat-samhalle\\\/\",\"url\":\"https:\\\/\\\/framtidenskarriar.se\\\/itdata\\\/2020\\\/03\\\/10\\\/cyberhot-okar-i-digitaliserat-samhalle\\\/\",\"name\":\"Cyberhot \u00f6kar i digitaliserat samh\u00e4lle - Framtidens karri\u00e4r IT & Data\",\"isPartOf\":{\"@id\":\"https:\\\/\\\/framtidenskarriar.se\\\/itdata\\\/#website\"},\"primaryImageOfPage\":{\"@id\":\"https:\\\/\\\/framtidenskarriar.se\\\/itdata\\\/2020\\\/03\\\/10\\\/cyberhot-okar-i-digitaliserat-samhalle\\\/#primaryimage\"},\"image\":{\"@id\":\"https:\\\/\\\/framtidenskarriar.se\\\/itdata\\\/2020\\\/03\\\/10\\\/cyberhot-okar-i-digitaliserat-samhalle\\\/#primaryimage\"},\"thumbnailUrl\":\"https:\\\/\\\/framtidenskarriar.se\\\/itdata\\\/wp-content\\\/uploads\\\/sites\\\/13\\\/2020\\\/03\\\/cyber-saab-4.jpg\",\"datePublished\":\"2020-03-10T15:10:35+00:00\",\"dateModified\":\"2020-11-10T12:08:35+00:00\",\"author\":{\"@id\":\"https:\\\/\\\/framtidenskarriar.se\\\/itdata\\\/#\\\/schema\\\/person\\\/2a13a849ec7646386c2211f59afe3083\"},\"breadcrumb\":{\"@id\":\"https:\\\/\\\/framtidenskarriar.se\\\/itdata\\\/2020\\\/03\\\/10\\\/cyberhot-okar-i-digitaliserat-samhalle\\\/#breadcrumb\"},\"inLanguage\":\"sv-SE\",\"potentialAction\":[{\"@type\":\"ReadAction\",\"target\":[\"https:\\\/\\\/framtidenskarriar.se\\\/itdata\\\/2020\\\/03\\\/10\\\/cyberhot-okar-i-digitaliserat-samhalle\\\/\"]}]},{\"@type\":\"ImageObject\",\"inLanguage\":\"sv-SE\",\"@id\":\"https:\\\/\\\/framtidenskarriar.se\\\/itdata\\\/2020\\\/03\\\/10\\\/cyberhot-okar-i-digitaliserat-samhalle\\\/#primaryimage\",\"url\":\"https:\\\/\\\/framtidenskarriar.se\\\/itdata\\\/wp-content\\\/uploads\\\/sites\\\/13\\\/2020\\\/03\\\/cyber-saab-4.jpg\",\"contentUrl\":\"https:\\\/\\\/framtidenskarriar.se\\\/itdata\\\/wp-content\\\/uploads\\\/sites\\\/13\\\/2020\\\/03\\\/cyber-saab-4.jpg\",\"width\":1000,\"height\":648,\"caption\":\"Ellen Grev, chef f\u00f6r Saabs aff\u00e4rsenhet Cyber Security. Foto: Johan Marklund\"},{\"@type\":\"BreadcrumbList\",\"@id\":\"https:\\\/\\\/framtidenskarriar.se\\\/itdata\\\/2020\\\/03\\\/10\\\/cyberhot-okar-i-digitaliserat-samhalle\\\/#breadcrumb\",\"itemListElement\":[{\"@type\":\"ListItem\",\"position\":1,\"name\":\"Home\",\"item\":\"https:\\\/\\\/framtidenskarriar.se\\\/itdata\\\/\"},{\"@type\":\"ListItem\",\"position\":2,\"name\":\"Cyberhot \u00f6kar i digitaliserat samh\u00e4lle\"}]},{\"@type\":\"WebSite\",\"@id\":\"https:\\\/\\\/framtidenskarriar.se\\\/itdata\\\/#website\",\"url\":\"https:\\\/\\\/framtidenskarriar.se\\\/itdata\\\/\",\"name\":\"Framtidens karri\u00e4r IT & Data\",\"description\":\"Just another NMDashboard.se Sites site\",\"potentialAction\":[{\"@type\":\"SearchAction\",\"target\":{\"@type\":\"EntryPoint\",\"urlTemplate\":\"https:\\\/\\\/framtidenskarriar.se\\\/itdata\\\/?s={search_term_string}\"},\"query-input\":{\"@type\":\"PropertyValueSpecification\",\"valueRequired\":true,\"valueName\":\"search_term_string\"}}],\"inLanguage\":\"sv-SE\"},{\"@type\":\"Person\",\"@id\":\"https:\\\/\\\/framtidenskarriar.se\\\/itdata\\\/#\\\/schema\\\/person\\\/2a13a849ec7646386c2211f59afe3083\",\"name\":\"viktorwallen\",\"image\":{\"@type\":\"ImageObject\",\"inLanguage\":\"sv-SE\",\"@id\":\"https:\\\/\\\/secure.gravatar.com\\\/avatar\\\/701701bd36169636031933997c8c6b954f2f635bbb7cd4802e4a007f9c9f4e59?s=96&d=mm&r=g\",\"url\":\"https:\\\/\\\/secure.gravatar.com\\\/avatar\\\/701701bd36169636031933997c8c6b954f2f635bbb7cd4802e4a007f9c9f4e59?s=96&d=mm&r=g\",\"contentUrl\":\"https:\\\/\\\/secure.gravatar.com\\\/avatar\\\/701701bd36169636031933997c8c6b954f2f635bbb7cd4802e4a007f9c9f4e59?s=96&d=mm&r=g\",\"caption\":\"viktorwallen\"},\"url\":\"https:\\\/\\\/framtidenskarriar.se\\\/itdata\\\/author\\\/viktorwallen\\\/\"}]}<\/script>\n<!-- \/ Yoast SEO plugin. -->","yoast_head_json":{"title":"Cyberhot \u00f6kar i digitaliserat samh\u00e4lle - Framtidens karri\u00e4r IT & Data","robots":{"index":"index","follow":"follow","max-snippet":"max-snippet:-1","max-image-preview":"max-image-preview:large","max-video-preview":"max-video-preview:-1"},"canonical":"https:\/\/framtidenskarriar.se\/itdata\/2020\/03\/10\/cyberhot-okar-i-digitaliserat-samhalle\/","og_locale":"sv_SE","og_type":"article","og_title":"Cyberhot \u00f6kar i digitaliserat samh\u00e4lle - Framtidens karri\u00e4r IT & Data","og_description":"Vi m\u00e5ste st\u00e4nga gapet mellan den snabba digitala utvecklingen och den v\u00e4xande hotbilden.","og_url":"https:\/\/framtidenskarriar.se\/itdata\/2020\/03\/10\/cyberhot-okar-i-digitaliserat-samhalle\/","og_site_name":"Framtidens karri\u00e4r IT & Data","article_published_time":"2020-03-10T15:10:35+00:00","article_modified_time":"2020-11-10T12:08:35+00:00","og_image":[{"width":1000,"height":648,"url":"https:\/\/framtidenskarriar.se\/itdata\/wp-content\/uploads\/sites\/13\/2020\/03\/cyber-saab-4.jpg","type":"image\/jpeg"}],"author":"viktorwallen","twitter_card":"summary_large_image","twitter_misc":{"Skriven av":"viktorwallen","Ber\u00e4knad l\u00e4stid":"3 minuter"},"schema":{"@context":"https:\/\/schema.org","@graph":[{"@type":"Article","@id":"https:\/\/framtidenskarriar.se\/itdata\/2020\/03\/10\/cyberhot-okar-i-digitaliserat-samhalle\/#article","isPartOf":{"@id":"https:\/\/framtidenskarriar.se\/itdata\/2020\/03\/10\/cyberhot-okar-i-digitaliserat-samhalle\/"},"author":{"name":"viktorwallen","@id":"https:\/\/framtidenskarriar.se\/itdata\/#\/schema\/person\/2a13a849ec7646386c2211f59afe3083"},"headline":"Cyberhot \u00f6kar i digitaliserat samh\u00e4lle","datePublished":"2020-03-10T15:10:35+00:00","dateModified":"2020-11-10T12:08:35+00:00","mainEntityOfPage":{"@id":"https:\/\/framtidenskarriar.se\/itdata\/2020\/03\/10\/cyberhot-okar-i-digitaliserat-samhalle\/"},"wordCount":565,"image":{"@id":"https:\/\/framtidenskarriar.se\/itdata\/2020\/03\/10\/cyberhot-okar-i-digitaliserat-samhalle\/#primaryimage"},"thumbnailUrl":"https:\/\/framtidenskarriar.se\/itdata\/wp-content\/uploads\/sites\/13\/2020\/03\/cyber-saab-4.jpg","keywords":["AI","Cybers\u00e4kerhet","Dataattacker","Digitalisering","F\u00f6rsvar","Hot","Kompetensbrist","S\u00e4kerhet","Utveckling","Verktyg"],"articleSection":["Artikel"],"inLanguage":"sv-SE"},{"@type":"WebPage","@id":"https:\/\/framtidenskarriar.se\/itdata\/2020\/03\/10\/cyberhot-okar-i-digitaliserat-samhalle\/","url":"https:\/\/framtidenskarriar.se\/itdata\/2020\/03\/10\/cyberhot-okar-i-digitaliserat-samhalle\/","name":"Cyberhot \u00f6kar i digitaliserat samh\u00e4lle - Framtidens karri\u00e4r IT & Data","isPartOf":{"@id":"https:\/\/framtidenskarriar.se\/itdata\/#website"},"primaryImageOfPage":{"@id":"https:\/\/framtidenskarriar.se\/itdata\/2020\/03\/10\/cyberhot-okar-i-digitaliserat-samhalle\/#primaryimage"},"image":{"@id":"https:\/\/framtidenskarriar.se\/itdata\/2020\/03\/10\/cyberhot-okar-i-digitaliserat-samhalle\/#primaryimage"},"thumbnailUrl":"https:\/\/framtidenskarriar.se\/itdata\/wp-content\/uploads\/sites\/13\/2020\/03\/cyber-saab-4.jpg","datePublished":"2020-03-10T15:10:35+00:00","dateModified":"2020-11-10T12:08:35+00:00","author":{"@id":"https:\/\/framtidenskarriar.se\/itdata\/#\/schema\/person\/2a13a849ec7646386c2211f59afe3083"},"breadcrumb":{"@id":"https:\/\/framtidenskarriar.se\/itdata\/2020\/03\/10\/cyberhot-okar-i-digitaliserat-samhalle\/#breadcrumb"},"inLanguage":"sv-SE","potentialAction":[{"@type":"ReadAction","target":["https:\/\/framtidenskarriar.se\/itdata\/2020\/03\/10\/cyberhot-okar-i-digitaliserat-samhalle\/"]}]},{"@type":"ImageObject","inLanguage":"sv-SE","@id":"https:\/\/framtidenskarriar.se\/itdata\/2020\/03\/10\/cyberhot-okar-i-digitaliserat-samhalle\/#primaryimage","url":"https:\/\/framtidenskarriar.se\/itdata\/wp-content\/uploads\/sites\/13\/2020\/03\/cyber-saab-4.jpg","contentUrl":"https:\/\/framtidenskarriar.se\/itdata\/wp-content\/uploads\/sites\/13\/2020\/03\/cyber-saab-4.jpg","width":1000,"height":648,"caption":"Ellen Grev, chef f\u00f6r Saabs aff\u00e4rsenhet Cyber Security. Foto: Johan Marklund"},{"@type":"BreadcrumbList","@id":"https:\/\/framtidenskarriar.se\/itdata\/2020\/03\/10\/cyberhot-okar-i-digitaliserat-samhalle\/#breadcrumb","itemListElement":[{"@type":"ListItem","position":1,"name":"Home","item":"https:\/\/framtidenskarriar.se\/itdata\/"},{"@type":"ListItem","position":2,"name":"Cyberhot \u00f6kar i digitaliserat samh\u00e4lle"}]},{"@type":"WebSite","@id":"https:\/\/framtidenskarriar.se\/itdata\/#website","url":"https:\/\/framtidenskarriar.se\/itdata\/","name":"Framtidens karri\u00e4r IT & Data","description":"Just another NMDashboard.se Sites site","potentialAction":[{"@type":"SearchAction","target":{"@type":"EntryPoint","urlTemplate":"https:\/\/framtidenskarriar.se\/itdata\/?s={search_term_string}"},"query-input":{"@type":"PropertyValueSpecification","valueRequired":true,"valueName":"search_term_string"}}],"inLanguage":"sv-SE"},{"@type":"Person","@id":"https:\/\/framtidenskarriar.se\/itdata\/#\/schema\/person\/2a13a849ec7646386c2211f59afe3083","name":"viktorwallen","image":{"@type":"ImageObject","inLanguage":"sv-SE","@id":"https:\/\/secure.gravatar.com\/avatar\/701701bd36169636031933997c8c6b954f2f635bbb7cd4802e4a007f9c9f4e59?s=96&d=mm&r=g","url":"https:\/\/secure.gravatar.com\/avatar\/701701bd36169636031933997c8c6b954f2f635bbb7cd4802e4a007f9c9f4e59?s=96&d=mm&r=g","contentUrl":"https:\/\/secure.gravatar.com\/avatar\/701701bd36169636031933997c8c6b954f2f635bbb7cd4802e4a007f9c9f4e59?s=96&d=mm&r=g","caption":"viktorwallen"},"url":"https:\/\/framtidenskarriar.se\/itdata\/author\/viktorwallen\/"}]}},"_links":{"self":[{"href":"https:\/\/framtidenskarriar.se\/itdata\/wp-json\/wp\/v2\/posts\/6237","targetHints":{"allow":["GET"]}}],"collection":[{"href":"https:\/\/framtidenskarriar.se\/itdata\/wp-json\/wp\/v2\/posts"}],"about":[{"href":"https:\/\/framtidenskarriar.se\/itdata\/wp-json\/wp\/v2\/types\/post"}],"author":[{"embeddable":true,"href":"https:\/\/framtidenskarriar.se\/itdata\/wp-json\/wp\/v2\/users\/2"}],"replies":[{"embeddable":true,"href":"https:\/\/framtidenskarriar.se\/itdata\/wp-json\/wp\/v2\/comments?post=6237"}],"version-history":[{"count":4,"href":"https:\/\/framtidenskarriar.se\/itdata\/wp-json\/wp\/v2\/posts\/6237\/revisions"}],"predecessor-version":[{"id":6548,"href":"https:\/\/framtidenskarriar.se\/itdata\/wp-json\/wp\/v2\/posts\/6237\/revisions\/6548"}],"wp:featuredmedia":[{"embeddable":true,"href":"https:\/\/framtidenskarriar.se\/itdata\/wp-json\/wp\/v2\/media\/6238"}],"wp:attachment":[{"href":"https:\/\/framtidenskarriar.se\/itdata\/wp-json\/wp\/v2\/media?parent=6237"}],"wp:term":[{"taxonomy":"category","embeddable":true,"href":"https:\/\/framtidenskarriar.se\/itdata\/wp-json\/wp\/v2\/categories?post=6237"},{"taxonomy":"post_tag","embeddable":true,"href":"https:\/\/framtidenskarriar.se\/itdata\/wp-json\/wp\/v2\/tags?post=6237"}],"curies":[{"name":"wp","href":"https:\/\/api.w.org\/{rel}","templated":true}]}}