{"id":6242,"date":"2020-03-10T15:14:56","date_gmt":"2020-03-10T15:14:56","guid":{"rendered":"https:\/\/framtidenskarriar.se\/itdata\/?p=6242"},"modified":"2020-11-10T14:49:52","modified_gmt":"2020-11-10T14:49:52","slug":"ta-sakerhetsarbetet-pa-allvar","status":"publish","type":"post","link":"https:\/\/framtidenskarriar.se\/itdata\/2020\/03\/10\/ta-sakerhetsarbetet-pa-allvar\/","title":{"rendered":"Ta s\u00e4kerhets&shy;arbetet p\u00e5 allvar"},"content":{"rendered":"\n<div class=\"wp-block-image\"><figure class=\"alignright size-large is-resized\"><img loading=\"lazy\" decoding=\"async\" src=\"https:\/\/framtidenskarriar.se\/itdata\/wp-content\/uploads\/sites\/13\/2020\/03\/sakerhet-akeholmgren-2018-pressbild.jpg\" alt=\"\u00c5ke Holmgren, chef f\u00f6r cybers\u00e4kerhet och s\u00e4kra kommunikationer vid MSB. Foto: MSB\" class=\"wp-image-6244\" width=\"125\" height=\"181\" srcset=\"https:\/\/framtidenskarriar.se\/itdata\/wp-content\/uploads\/sites\/13\/2020\/03\/sakerhet-akeholmgren-2018-pressbild.jpg 500w, https:\/\/framtidenskarriar.se\/itdata\/wp-content\/uploads\/sites\/13\/2020\/03\/sakerhet-akeholmgren-2018-pressbild-208x300.jpg 208w, https:\/\/framtidenskarriar.se\/itdata\/wp-content\/uploads\/sites\/13\/2020\/03\/sakerhet-akeholmgren-2018-pressbild-111x160.jpg 111w\" sizes=\"auto, (max-width: 125px) 100vw, 125px\" \/><figcaption>\u00c5ke Holmgren, chef f\u00f6r cybers\u00e4kerhet och s\u00e4kra kommunikationer vid MSB. Foto: MSB<\/figcaption><\/figure><\/div>\n\n\n\n<p><strong>\u00c5ke Holmgren, chef f\u00f6r cybers\u00e4kerhet och s\u00e4kra kommunikationer vid MSB, svarar p\u00e5 fr\u00e5gor om skydd mot dataintr\u00e5ng, s\u00e4kerhetshot och s\u00e4kerhetsmedvetandet bland anst\u00e4llda.<\/strong><\/p>\n\n\n\n<p><strong><em>Hur v\u00e4l skyddade anser du att statliga myndigheter \u00e4r mot dataintr\u00e5ng?<\/em><\/strong><br>\u2013 Det finns statliga myndigheter med ett v\u00e4ldigt h\u00f6gt skydd mot dataintr\u00e5ng och sedan finns det \u00e4ven myndigheter som har en bit kvar i sitt arbete. Det g\u00e5r inte att dra alla \u00f6ver en kam. Eftersom den digitala utvecklingen g\u00e5r s\u00e5 snabbt kan man inte heller sl\u00e5 sig till ro bara f\u00f6r att man idag har ett bra skydd.<\/p>\n\n\n\n<p><strong><em>Vilka brister anser du att det finns?<\/em><\/strong><br>\u2013 Det brister i det grundl\u00e4ggande, systematiska informationss\u00e4kerhetsarbetet. Man har f\u00f6r d\u00e5lig koll p\u00e5 sin information, var den skyddsv\u00e4rda informationen finns och hur vi g\u00f6r f\u00f6r att skydda den. Det \u00e4r \u00e4ven s\u00e5 att man inte t\u00e4nker p\u00e5 informations- och cybers\u00e4kerhet n\u00e4r man startar nya projekt, utan f\u00e5r l\u00e4gga till efter\u00e5t.<\/p>\n\n\n\n<p><strong><em>Varifr\u00e5n kommer de st\u00f6rsta hoten?<\/em><\/strong><br>\u2013 De kvalificerade angriparna \u00e4r st\u00e4ndigt ett hot som man m\u00e5ste r\u00e4kna med. I m\u00e5nga organisationer kan det vara sv\u00e5rt att g\u00f6ra den typen av riskbed\u00f6mningar, och h\u00e4r kan man vinna p\u00e5 att inf\u00f6ra grundl\u00e4ggande skydds\u00e5tg\u00e4rder som skyddar brett. Fortfarande st\u00e5r m\u00e4nskliga felhandlingar och tekniska fel f\u00f6r en stor del av de it-st\u00f6rningar som vi ser i samh\u00e4llet.<\/p>\n\n\n\n<p><strong><em>Vilka r\u00e5d vill du ge till myndigheterna f\u00f6r att f\u00f6rb\u00e4ttra sina skydd mot dataintr\u00e5ng?<\/em><\/strong><br>\u2013 Ta ett helhetsgrepp, b\u00f6rja i toppen och skapa ett systematiskt s\u00e4tt att jobba. Satsa sedan p\u00e5 att \u00f6ka medvetenheten hos all personal. Bygg en s\u00e4kerhetskultur i organisationen. Se till att utbilda och \u00f6va. F\u00f6rr eller senare kommer organisationen att drabbas av en it-incident eller ett cyberangrepp \u2013 det \u00e4r d\u00e5 viktigt att det finns en plan B.<\/p>\n\n\n\n<p><strong><em>Hur anser du att s\u00e4kerhetsmedvetandet \u00e4r hos anst\u00e4llda inom n\u00e4ringsliv och offentlig sektor?<\/em><\/strong><br>\u2013 Det skiljer det sig v\u00e4ldigt mycket \u00e5t mellan olika branscher och organisationer. \u00d6verlag anser jag att informations- och cybers\u00e4kerhet inte tas p\u00e5 tillr\u00e4ckligt stort allvar. Digitaliseringen av samh\u00e4llet g\u00e5r v\u00e4ldigt fort och i m\u00e5nga sammanhang kommer funktionalitet f\u00f6re s\u00e4kerhet \u2013 ist\u00e4llet f\u00f6r att de g\u00e5r hand i hand.<\/p>\n\n\n\n<p><strong><em>P\u00e5 vilka s\u00e4tt brister s\u00e4kerhetsmedvetandet anser du?<\/em><\/strong><br>\u2013 M\u00e5nga g\u00e5nger slarvar man f\u00f6r att vinna tid, men hamnar d\u00e5 endast i ett \u00e4nnu mer pressat l\u00e4ge n\u00e4r man m\u00e5ste l\u00e4gga p\u00e5 s\u00e4kerhet i slutfasen. Bristerna kan vara p\u00e5 anv\u00e4ndarsidan, men det kan \u00e4ven vara s\u00e5 att s\u00e4kerhetsorganisationen inte tillhandah\u00e5ller ett anv\u00e4ndbart st\u00f6d eller f\u00f6rst\u00e5r verksamhetens behov.<\/p>\n\n\n\n<p><strong><em>Hur kan s\u00e4kerhetsmedvetandet h\u00f6jas?<\/em><\/strong><br>\u2013 Skapa en bild \u00f6ver var de stora riskerna finns och anst\u00e4ll en bra CISO (Chief Information Security Officer) som f\u00e5r mandat och resurser. En ledning som \u00e4r engagerad och inf\u00f6rst\u00e5dd med verksamhetsnyttan med informations- och cybers\u00e4kerhetsarbetet skapar f\u00f6ruts\u00e4ttningar f\u00f6r en h\u00f6g s\u00e4kerhetsmedvetenhet i hela organisationen.<\/p>\n","protected":false},"excerpt":{"rendered":"<p>Hur v\u00e4l skyddade \u00e4r statliga myndigheter \u00e4r mot dataintr\u00e5ng?<\/p>\n","protected":false},"author":2,"featured_media":6244,"comment_status":"closed","ping_status":"open","sticky":false,"template":"","format":"standard","meta":{"_acf_changed":false,"_monsterinsights_skip_tracking":false,"_monsterinsights_sitenote_active":false,"_monsterinsights_sitenote_note":"","_monsterinsights_sitenote_category":0,"footnotes":""},"categories":[1],"tags":[39,47,133,140,170,180,181,185,214,217,235,241],"class_list":["post-6242","post","type-post","status-publish","format-standard","has-post-thumbnail","hentry","category-artikel","tag-brister","tag-cybersakerhet","tag-it-storningar","tag-jobba-statligt","tag-medvetande","tag-msb","tag-myndighet","tag-myndigheter","tag-sakerhet","tag-sakerhetsmedvetande","tag-skydd","tag-statligt"],"acf":[],"yoast_head":"<!-- This site is optimized with the Yoast SEO plugin v27.3 - https:\/\/yoast.com\/product\/yoast-seo-wordpress\/ -->\n<title>Ta s\u00e4kerhets&shy;arbetet p\u00e5 allvar - Framtidens karri\u00e4r IT &amp; Data<\/title>\n<meta name=\"robots\" content=\"index, follow, max-snippet:-1, max-image-preview:large, max-video-preview:-1\" \/>\n<link rel=\"canonical\" href=\"https:\/\/framtidenskarriar.se\/itdata\/2020\/03\/10\/ta-sakerhetsarbetet-pa-allvar\/\" \/>\n<meta property=\"og:locale\" content=\"sv_SE\" \/>\n<meta property=\"og:type\" content=\"article\" \/>\n<meta property=\"og:title\" content=\"Ta s\u00e4kerhets&shy;arbetet p\u00e5 allvar - Framtidens karri\u00e4r IT &amp; Data\" \/>\n<meta property=\"og:description\" content=\"Hur v\u00e4l skyddade \u00e4r statliga myndigheter \u00e4r mot dataintr\u00e5ng?\" \/>\n<meta property=\"og:url\" content=\"https:\/\/framtidenskarriar.se\/itdata\/2020\/03\/10\/ta-sakerhetsarbetet-pa-allvar\/\" \/>\n<meta property=\"og:site_name\" content=\"Framtidens karri\u00e4r IT &amp; Data\" \/>\n<meta property=\"article:published_time\" content=\"2020-03-10T15:14:56+00:00\" \/>\n<meta property=\"article:modified_time\" content=\"2020-11-10T14:49:52+00:00\" \/>\n<meta property=\"og:image\" content=\"https:\/\/framtidenskarriar.se\/itdata\/wp-content\/uploads\/sites\/13\/2020\/03\/sakerhet-akeholmgren-2018-pressbild.jpg\" \/>\n\t<meta property=\"og:image:width\" content=\"500\" \/>\n\t<meta property=\"og:image:height\" content=\"722\" \/>\n\t<meta property=\"og:image:type\" content=\"image\/jpeg\" \/>\n<meta name=\"author\" content=\"viktorwallen\" \/>\n<meta name=\"twitter:card\" content=\"summary_large_image\" \/>\n<meta name=\"twitter:label1\" content=\"Skriven av\" \/>\n\t<meta name=\"twitter:data1\" content=\"viktorwallen\" \/>\n\t<meta name=\"twitter:label2\" content=\"Ber\u00e4knad l\u00e4stid\" \/>\n\t<meta name=\"twitter:data2\" content=\"3 minuter\" \/>\n<script type=\"application\/ld+json\" class=\"yoast-schema-graph\">{\"@context\":\"https:\\\/\\\/schema.org\",\"@graph\":[{\"@type\":\"Article\",\"@id\":\"https:\\\/\\\/framtidenskarriar.se\\\/itdata\\\/2020\\\/03\\\/10\\\/ta-sakerhetsarbetet-pa-allvar\\\/#article\",\"isPartOf\":{\"@id\":\"https:\\\/\\\/framtidenskarriar.se\\\/itdata\\\/2020\\\/03\\\/10\\\/ta-sakerhetsarbetet-pa-allvar\\\/\"},\"author\":{\"name\":\"viktorwallen\",\"@id\":\"https:\\\/\\\/framtidenskarriar.se\\\/itdata\\\/#\\\/schema\\\/person\\\/2a13a849ec7646386c2211f59afe3083\"},\"headline\":\"Ta s\u00e4kerhets&shy;arbetet p\u00e5 allvar\",\"datePublished\":\"2020-03-10T15:14:56+00:00\",\"dateModified\":\"2020-11-10T14:49:52+00:00\",\"mainEntityOfPage\":{\"@id\":\"https:\\\/\\\/framtidenskarriar.se\\\/itdata\\\/2020\\\/03\\\/10\\\/ta-sakerhetsarbetet-pa-allvar\\\/\"},\"wordCount\":567,\"image\":{\"@id\":\"https:\\\/\\\/framtidenskarriar.se\\\/itdata\\\/2020\\\/03\\\/10\\\/ta-sakerhetsarbetet-pa-allvar\\\/#primaryimage\"},\"thumbnailUrl\":\"https:\\\/\\\/framtidenskarriar.se\\\/itdata\\\/wp-content\\\/uploads\\\/sites\\\/13\\\/2020\\\/03\\\/sakerhet-akeholmgren-2018-pressbild.jpg\",\"keywords\":[\"Brister\",\"Cybers\u00e4kerhet\",\"IT-st\u00f6rningar\",\"Jobba statligt\",\"Medvetande\",\"MSB\",\"Myndighet\",\"Myndigheter\",\"S\u00e4kerhet\",\"S\u00e4kerhetsmedvetande\",\"Skydd\",\"Statligt\"],\"articleSection\":[\"Artikel\"],\"inLanguage\":\"sv-SE\"},{\"@type\":\"WebPage\",\"@id\":\"https:\\\/\\\/framtidenskarriar.se\\\/itdata\\\/2020\\\/03\\\/10\\\/ta-sakerhetsarbetet-pa-allvar\\\/\",\"url\":\"https:\\\/\\\/framtidenskarriar.se\\\/itdata\\\/2020\\\/03\\\/10\\\/ta-sakerhetsarbetet-pa-allvar\\\/\",\"name\":\"Ta s\u00e4kerhets&shy;arbetet p\u00e5 allvar - Framtidens karri\u00e4r IT & Data\",\"isPartOf\":{\"@id\":\"https:\\\/\\\/framtidenskarriar.se\\\/itdata\\\/#website\"},\"primaryImageOfPage\":{\"@id\":\"https:\\\/\\\/framtidenskarriar.se\\\/itdata\\\/2020\\\/03\\\/10\\\/ta-sakerhetsarbetet-pa-allvar\\\/#primaryimage\"},\"image\":{\"@id\":\"https:\\\/\\\/framtidenskarriar.se\\\/itdata\\\/2020\\\/03\\\/10\\\/ta-sakerhetsarbetet-pa-allvar\\\/#primaryimage\"},\"thumbnailUrl\":\"https:\\\/\\\/framtidenskarriar.se\\\/itdata\\\/wp-content\\\/uploads\\\/sites\\\/13\\\/2020\\\/03\\\/sakerhet-akeholmgren-2018-pressbild.jpg\",\"datePublished\":\"2020-03-10T15:14:56+00:00\",\"dateModified\":\"2020-11-10T14:49:52+00:00\",\"author\":{\"@id\":\"https:\\\/\\\/framtidenskarriar.se\\\/itdata\\\/#\\\/schema\\\/person\\\/2a13a849ec7646386c2211f59afe3083\"},\"breadcrumb\":{\"@id\":\"https:\\\/\\\/framtidenskarriar.se\\\/itdata\\\/2020\\\/03\\\/10\\\/ta-sakerhetsarbetet-pa-allvar\\\/#breadcrumb\"},\"inLanguage\":\"sv-SE\",\"potentialAction\":[{\"@type\":\"ReadAction\",\"target\":[\"https:\\\/\\\/framtidenskarriar.se\\\/itdata\\\/2020\\\/03\\\/10\\\/ta-sakerhetsarbetet-pa-allvar\\\/\"]}]},{\"@type\":\"ImageObject\",\"inLanguage\":\"sv-SE\",\"@id\":\"https:\\\/\\\/framtidenskarriar.se\\\/itdata\\\/2020\\\/03\\\/10\\\/ta-sakerhetsarbetet-pa-allvar\\\/#primaryimage\",\"url\":\"https:\\\/\\\/framtidenskarriar.se\\\/itdata\\\/wp-content\\\/uploads\\\/sites\\\/13\\\/2020\\\/03\\\/sakerhet-akeholmgren-2018-pressbild.jpg\",\"contentUrl\":\"https:\\\/\\\/framtidenskarriar.se\\\/itdata\\\/wp-content\\\/uploads\\\/sites\\\/13\\\/2020\\\/03\\\/sakerhet-akeholmgren-2018-pressbild.jpg\",\"width\":500,\"height\":722,\"caption\":\"\u00c5ke Holmgren, chef f\u00f6r cybers\u00e4kerhet och s\u00e4kra kommunikationer vid MSB. Foto: MSB\"},{\"@type\":\"BreadcrumbList\",\"@id\":\"https:\\\/\\\/framtidenskarriar.se\\\/itdata\\\/2020\\\/03\\\/10\\\/ta-sakerhetsarbetet-pa-allvar\\\/#breadcrumb\",\"itemListElement\":[{\"@type\":\"ListItem\",\"position\":1,\"name\":\"Home\",\"item\":\"https:\\\/\\\/framtidenskarriar.se\\\/itdata\\\/\"},{\"@type\":\"ListItem\",\"position\":2,\"name\":\"Ta s\u00e4kerhets&shy;arbetet p\u00e5 allvar\"}]},{\"@type\":\"WebSite\",\"@id\":\"https:\\\/\\\/framtidenskarriar.se\\\/itdata\\\/#website\",\"url\":\"https:\\\/\\\/framtidenskarriar.se\\\/itdata\\\/\",\"name\":\"Framtidens karri\u00e4r IT & Data\",\"description\":\"Just another NMDashboard.se Sites site\",\"potentialAction\":[{\"@type\":\"SearchAction\",\"target\":{\"@type\":\"EntryPoint\",\"urlTemplate\":\"https:\\\/\\\/framtidenskarriar.se\\\/itdata\\\/?s={search_term_string}\"},\"query-input\":{\"@type\":\"PropertyValueSpecification\",\"valueRequired\":true,\"valueName\":\"search_term_string\"}}],\"inLanguage\":\"sv-SE\"},{\"@type\":\"Person\",\"@id\":\"https:\\\/\\\/framtidenskarriar.se\\\/itdata\\\/#\\\/schema\\\/person\\\/2a13a849ec7646386c2211f59afe3083\",\"name\":\"viktorwallen\",\"image\":{\"@type\":\"ImageObject\",\"inLanguage\":\"sv-SE\",\"@id\":\"https:\\\/\\\/secure.gravatar.com\\\/avatar\\\/701701bd36169636031933997c8c6b954f2f635bbb7cd4802e4a007f9c9f4e59?s=96&d=mm&r=g\",\"url\":\"https:\\\/\\\/secure.gravatar.com\\\/avatar\\\/701701bd36169636031933997c8c6b954f2f635bbb7cd4802e4a007f9c9f4e59?s=96&d=mm&r=g\",\"contentUrl\":\"https:\\\/\\\/secure.gravatar.com\\\/avatar\\\/701701bd36169636031933997c8c6b954f2f635bbb7cd4802e4a007f9c9f4e59?s=96&d=mm&r=g\",\"caption\":\"viktorwallen\"},\"url\":\"https:\\\/\\\/framtidenskarriar.se\\\/itdata\\\/author\\\/viktorwallen\\\/\"}]}<\/script>\n<!-- \/ Yoast SEO plugin. -->","yoast_head_json":{"title":"Ta s\u00e4kerhets&shy;arbetet p\u00e5 allvar - Framtidens karri\u00e4r IT & Data","robots":{"index":"index","follow":"follow","max-snippet":"max-snippet:-1","max-image-preview":"max-image-preview:large","max-video-preview":"max-video-preview:-1"},"canonical":"https:\/\/framtidenskarriar.se\/itdata\/2020\/03\/10\/ta-sakerhetsarbetet-pa-allvar\/","og_locale":"sv_SE","og_type":"article","og_title":"Ta s\u00e4kerhets&shy;arbetet p\u00e5 allvar - Framtidens karri\u00e4r IT & Data","og_description":"Hur v\u00e4l skyddade \u00e4r statliga myndigheter \u00e4r mot dataintr\u00e5ng?","og_url":"https:\/\/framtidenskarriar.se\/itdata\/2020\/03\/10\/ta-sakerhetsarbetet-pa-allvar\/","og_site_name":"Framtidens karri\u00e4r IT & Data","article_published_time":"2020-03-10T15:14:56+00:00","article_modified_time":"2020-11-10T14:49:52+00:00","og_image":[{"width":500,"height":722,"url":"https:\/\/framtidenskarriar.se\/itdata\/wp-content\/uploads\/sites\/13\/2020\/03\/sakerhet-akeholmgren-2018-pressbild.jpg","type":"image\/jpeg"}],"author":"viktorwallen","twitter_card":"summary_large_image","twitter_misc":{"Skriven av":"viktorwallen","Ber\u00e4knad l\u00e4stid":"3 minuter"},"schema":{"@context":"https:\/\/schema.org","@graph":[{"@type":"Article","@id":"https:\/\/framtidenskarriar.se\/itdata\/2020\/03\/10\/ta-sakerhetsarbetet-pa-allvar\/#article","isPartOf":{"@id":"https:\/\/framtidenskarriar.se\/itdata\/2020\/03\/10\/ta-sakerhetsarbetet-pa-allvar\/"},"author":{"name":"viktorwallen","@id":"https:\/\/framtidenskarriar.se\/itdata\/#\/schema\/person\/2a13a849ec7646386c2211f59afe3083"},"headline":"Ta s\u00e4kerhets&shy;arbetet p\u00e5 allvar","datePublished":"2020-03-10T15:14:56+00:00","dateModified":"2020-11-10T14:49:52+00:00","mainEntityOfPage":{"@id":"https:\/\/framtidenskarriar.se\/itdata\/2020\/03\/10\/ta-sakerhetsarbetet-pa-allvar\/"},"wordCount":567,"image":{"@id":"https:\/\/framtidenskarriar.se\/itdata\/2020\/03\/10\/ta-sakerhetsarbetet-pa-allvar\/#primaryimage"},"thumbnailUrl":"https:\/\/framtidenskarriar.se\/itdata\/wp-content\/uploads\/sites\/13\/2020\/03\/sakerhet-akeholmgren-2018-pressbild.jpg","keywords":["Brister","Cybers\u00e4kerhet","IT-st\u00f6rningar","Jobba statligt","Medvetande","MSB","Myndighet","Myndigheter","S\u00e4kerhet","S\u00e4kerhetsmedvetande","Skydd","Statligt"],"articleSection":["Artikel"],"inLanguage":"sv-SE"},{"@type":"WebPage","@id":"https:\/\/framtidenskarriar.se\/itdata\/2020\/03\/10\/ta-sakerhetsarbetet-pa-allvar\/","url":"https:\/\/framtidenskarriar.se\/itdata\/2020\/03\/10\/ta-sakerhetsarbetet-pa-allvar\/","name":"Ta s\u00e4kerhets&shy;arbetet p\u00e5 allvar - Framtidens karri\u00e4r IT & Data","isPartOf":{"@id":"https:\/\/framtidenskarriar.se\/itdata\/#website"},"primaryImageOfPage":{"@id":"https:\/\/framtidenskarriar.se\/itdata\/2020\/03\/10\/ta-sakerhetsarbetet-pa-allvar\/#primaryimage"},"image":{"@id":"https:\/\/framtidenskarriar.se\/itdata\/2020\/03\/10\/ta-sakerhetsarbetet-pa-allvar\/#primaryimage"},"thumbnailUrl":"https:\/\/framtidenskarriar.se\/itdata\/wp-content\/uploads\/sites\/13\/2020\/03\/sakerhet-akeholmgren-2018-pressbild.jpg","datePublished":"2020-03-10T15:14:56+00:00","dateModified":"2020-11-10T14:49:52+00:00","author":{"@id":"https:\/\/framtidenskarriar.se\/itdata\/#\/schema\/person\/2a13a849ec7646386c2211f59afe3083"},"breadcrumb":{"@id":"https:\/\/framtidenskarriar.se\/itdata\/2020\/03\/10\/ta-sakerhetsarbetet-pa-allvar\/#breadcrumb"},"inLanguage":"sv-SE","potentialAction":[{"@type":"ReadAction","target":["https:\/\/framtidenskarriar.se\/itdata\/2020\/03\/10\/ta-sakerhetsarbetet-pa-allvar\/"]}]},{"@type":"ImageObject","inLanguage":"sv-SE","@id":"https:\/\/framtidenskarriar.se\/itdata\/2020\/03\/10\/ta-sakerhetsarbetet-pa-allvar\/#primaryimage","url":"https:\/\/framtidenskarriar.se\/itdata\/wp-content\/uploads\/sites\/13\/2020\/03\/sakerhet-akeholmgren-2018-pressbild.jpg","contentUrl":"https:\/\/framtidenskarriar.se\/itdata\/wp-content\/uploads\/sites\/13\/2020\/03\/sakerhet-akeholmgren-2018-pressbild.jpg","width":500,"height":722,"caption":"\u00c5ke Holmgren, chef f\u00f6r cybers\u00e4kerhet och s\u00e4kra kommunikationer vid MSB. Foto: MSB"},{"@type":"BreadcrumbList","@id":"https:\/\/framtidenskarriar.se\/itdata\/2020\/03\/10\/ta-sakerhetsarbetet-pa-allvar\/#breadcrumb","itemListElement":[{"@type":"ListItem","position":1,"name":"Home","item":"https:\/\/framtidenskarriar.se\/itdata\/"},{"@type":"ListItem","position":2,"name":"Ta s\u00e4kerhets&shy;arbetet p\u00e5 allvar"}]},{"@type":"WebSite","@id":"https:\/\/framtidenskarriar.se\/itdata\/#website","url":"https:\/\/framtidenskarriar.se\/itdata\/","name":"Framtidens karri\u00e4r IT & Data","description":"Just another NMDashboard.se Sites site","potentialAction":[{"@type":"SearchAction","target":{"@type":"EntryPoint","urlTemplate":"https:\/\/framtidenskarriar.se\/itdata\/?s={search_term_string}"},"query-input":{"@type":"PropertyValueSpecification","valueRequired":true,"valueName":"search_term_string"}}],"inLanguage":"sv-SE"},{"@type":"Person","@id":"https:\/\/framtidenskarriar.se\/itdata\/#\/schema\/person\/2a13a849ec7646386c2211f59afe3083","name":"viktorwallen","image":{"@type":"ImageObject","inLanguage":"sv-SE","@id":"https:\/\/secure.gravatar.com\/avatar\/701701bd36169636031933997c8c6b954f2f635bbb7cd4802e4a007f9c9f4e59?s=96&d=mm&r=g","url":"https:\/\/secure.gravatar.com\/avatar\/701701bd36169636031933997c8c6b954f2f635bbb7cd4802e4a007f9c9f4e59?s=96&d=mm&r=g","contentUrl":"https:\/\/secure.gravatar.com\/avatar\/701701bd36169636031933997c8c6b954f2f635bbb7cd4802e4a007f9c9f4e59?s=96&d=mm&r=g","caption":"viktorwallen"},"url":"https:\/\/framtidenskarriar.se\/itdata\/author\/viktorwallen\/"}]}},"_links":{"self":[{"href":"https:\/\/framtidenskarriar.se\/itdata\/wp-json\/wp\/v2\/posts\/6242","targetHints":{"allow":["GET"]}}],"collection":[{"href":"https:\/\/framtidenskarriar.se\/itdata\/wp-json\/wp\/v2\/posts"}],"about":[{"href":"https:\/\/framtidenskarriar.se\/itdata\/wp-json\/wp\/v2\/types\/post"}],"author":[{"embeddable":true,"href":"https:\/\/framtidenskarriar.se\/itdata\/wp-json\/wp\/v2\/users\/2"}],"replies":[{"embeddable":true,"href":"https:\/\/framtidenskarriar.se\/itdata\/wp-json\/wp\/v2\/comments?post=6242"}],"version-history":[{"count":5,"href":"https:\/\/framtidenskarriar.se\/itdata\/wp-json\/wp\/v2\/posts\/6242\/revisions"}],"predecessor-version":[{"id":6608,"href":"https:\/\/framtidenskarriar.se\/itdata\/wp-json\/wp\/v2\/posts\/6242\/revisions\/6608"}],"wp:featuredmedia":[{"embeddable":true,"href":"https:\/\/framtidenskarriar.se\/itdata\/wp-json\/wp\/v2\/media\/6244"}],"wp:attachment":[{"href":"https:\/\/framtidenskarriar.se\/itdata\/wp-json\/wp\/v2\/media?parent=6242"}],"wp:term":[{"taxonomy":"category","embeddable":true,"href":"https:\/\/framtidenskarriar.se\/itdata\/wp-json\/wp\/v2\/categories?post=6242"},{"taxonomy":"post_tag","embeddable":true,"href":"https:\/\/framtidenskarriar.se\/itdata\/wp-json\/wp\/v2\/tags?post=6242"}],"curies":[{"name":"wp","href":"https:\/\/api.w.org\/{rel}","templated":true}]}}