{"id":6275,"date":"2020-03-10T15:51:18","date_gmt":"2020-03-10T15:51:18","guid":{"rendered":"https:\/\/framtidenskarriar.se\/itdata\/?p=6275"},"modified":"2020-11-10T12:05:54","modified_gmt":"2020-11-10T12:05:54","slug":"framtidsperspektiv-pa-svenska-myndigheter","status":"publish","type":"post","link":"https:\/\/framtidenskarriar.se\/itdata\/2020\/03\/10\/framtidsperspektiv-pa-svenska-myndigheter\/","title":{"rendered":"Framtidsperspektiv p\u00e5 svenska myndigheter"},"content":{"rendered":"\n<figure class=\"wp-block-image alignnone size-full wp-image-6277\"><img loading=\"lazy\" decoding=\"async\" width=\"1000\" height=\"643\" src=\"https:\/\/framtidenskarriar.se\/itdata\/wp-content\/uploads\/sites\/13\/2020\/03\/pension-74a3939.jpg\" alt=\"Daniel O Andersson, it-utvecklingschef p\u00e5 Pensionsmyndigheten. Foto: Gonzalo Irigoyen\" class=\"wp-image-6277\" srcset=\"https:\/\/framtidenskarriar.se\/itdata\/wp-content\/uploads\/sites\/13\/2020\/03\/pension-74a3939.jpg 1000w, https:\/\/framtidenskarriar.se\/itdata\/wp-content\/uploads\/sites\/13\/2020\/03\/pension-74a3939-300x193.jpg 300w, https:\/\/framtidenskarriar.se\/itdata\/wp-content\/uploads\/sites\/13\/2020\/03\/pension-74a3939-768x494.jpg 768w, https:\/\/framtidenskarriar.se\/itdata\/wp-content\/uploads\/sites\/13\/2020\/03\/pension-74a3939-249x160.jpg 249w, https:\/\/framtidenskarriar.se\/itdata\/wp-content\/uploads\/sites\/13\/2020\/03\/pension-74a3939-526x338.jpg 526w, https:\/\/framtidenskarriar.se\/itdata\/wp-content\/uploads\/sites\/13\/2020\/03\/pension-74a3939-720x463.jpg 720w, https:\/\/framtidenskarriar.se\/itdata\/wp-content\/uploads\/sites\/13\/2020\/03\/pension-74a3939-960x617.jpg 960w\" sizes=\"auto, (max-width: 1000px) 100vw, 1000px\" \/><figcaption>Daniel O Andersson, it-utvecklingschef p\u00e5 Pensionsmyndigheten. Foto: Gonzalo Irigoyen<\/figcaption><\/figure>\n\n\n\n<p><strong>V\u00e5ra liv blir alltmer digitala och m\u00e4nniskor f\u00f6rv\u00e4ntar sig s\u00f6ml\u00f6sa, effektiva och omedelbara digitala tj\u00e4nster, alldeles oavsett vilken sektor det handlar om. F\u00f6r svenska myndigheter g\u00e4ller det att h\u00e5lla j\u00e4mna steg och samtidigt f\u00f6rutse framtida behov.<\/strong><\/p>\n\n\n\n<p>\u2013 P\u00e5 Pensionsmyndigheten ligger framtidsfr\u00e5gorna i verksamhetens natur, och det \u00e4r en sj\u00e4lvklarhet att ha \u00f6rat mot r\u00e4lsen och ta fram de mest kundrelevanta och l\u00e5ngsiktiga tj\u00e4nsterna. Vi har ju ett generations\u00adperspektiv som str\u00e4cker sig hundra \u00e5r fram i tiden. Men att jobba med ett framtids\u00adperspektiv \u00e4r viktigt f\u00f6r alla svenska myndigheter och n\u00e5got som de flesta \u00e4r mitt uppe i, s\u00e4ger Daniel O Andersson, it-utvecklingschef p\u00e5 Pensionsmyndigheten.<\/p>\n\n\n\n<p><strong>Neutrala l\u00f6sningar som motvikt<\/strong><br>I arbetet med att spana in i framtiden spelar AI en allt viktigare roll. P\u00e5 Pensionsmyndigheten anv\u00e4nds AI idag framf\u00f6r allt till analyser av data, men p\u00e5 sikt kan den artificiella intelligensen komma att f\u00e5 mer av en r\u00e5dgivande och beslutsfattande roll. I takt med att AI f\u00e5r en viktigare funktion \u00e4ven hos kommersiella akt\u00f6rer kan myndigheters anv\u00e4ndning av AI-teknologin f\u00e5 stor betydelse f\u00f6r medborgarna.<br>\u2013 Det \u00e4r m\u00e5nga krafter i omlopp i det digitala samh\u00e4llet, som f\u00f6rs\u00f6ker att styra hur vi lever v\u00e5ra liv. Myndigheter kan agera som en motvikt och erbjuda neutrala l\u00f6sningar, som \u00e4r fria fr\u00e5n kommersiella och andra intressen. Vi \u00e4r en viktig kugge i det digitala samh\u00e4llet, menar Daniel O Andersson.<\/p>\n\n\n\n<blockquote class=\"wp-block-quote is-layout-flow wp-block-quote-is-layout-flow\"><p>&#8221;Pensionsmyndigheten har it i den absoluta framkanten&#8221;<\/p><\/blockquote>\n\n\n\n<p><strong>Cybers\u00e4kerhet skyddar data<\/strong><br>Cybers\u00e4kerhet \u00e4r i st\u00e4ndigt fokus f\u00f6r myndigheter, som m\u00e5ste skydda s\u00e5v\u00e4l medborgarnas k\u00e4nsliga personliga data som samh\u00e4llet i stort. Det \u00e4r en utmaning att skapa l\u00e4ttillg\u00e4ngliga och effektiva tj\u00e4nster, som ofta ska kunna synkroniseras med andra myndigheters digitala system, och samtidigt v\u00e4rna s\u00e4kerhet och integritet. Det sker ett n\u00e4ra samarbete mellan myndigheter f\u00f6r att hitta gemensamma l\u00f6sningar, bland annat genom forum som samverkansprogrammet eSam och Myndigheten f\u00f6r digital f\u00f6rvaltning (DIGG). Men varje myndighet har samtidigt sin egen verksamhet att ta h\u00e4nsyn till.<\/p>\n\n\n\n<p><strong>Autonomi mot helhetsl\u00f6sningar<\/strong><br>\u2013 Ibland st\u00e5r behoven av autonomi hos den egna myndigheten i kontrast till helhets\u00adl\u00f6sningar mellan myndigheter. Medborgarna f\u00f6rv\u00e4ntar sig en kundresa som \u00e4r s\u00f6ml\u00f6s, snabb och effektiv och det g\u00e4ller f\u00f6r oss att hitta l\u00f6sningar som fyller alla krav, s\u00e4ger han.<br>Daniel O Andersson, som sj\u00e4lv har en bakgrund i den privata sektorn, vill krossa myten att it i statlig sektor skulle vara tungrott eller omodernt.<br>\u2013 Pensionsmyndigheten har it i den absoluta framkanten. Vi har ett oerh\u00f6rt agilt, kunddrivet arbetss\u00e4tt, inom s\u00e5v\u00e4l it som aff\u00e4rsutveckling. Detta \u00e4r nyckeln till de mest kundrelevanta framtidsl\u00f6sningarna.<\/p>\n","protected":false},"excerpt":{"rendered":"<p>F\u00f6r svenska myndigheter g\u00e4ller det att h\u00e5lla j\u00e4mna steg och samtidigt f\u00f6rutse framtida behov.<\/p>\n","protected":false},"author":2,"featured_media":6277,"comment_status":"closed","ping_status":"open","sticky":false,"template":"","format":"standard","meta":{"_acf_changed":false,"_monsterinsights_skip_tracking":false,"_monsterinsights_sitenote_active":false,"_monsterinsights_sitenote_note":"","_monsterinsights_sitenote_category":0,"footnotes":""},"categories":[1],"tags":[19,20,29,47,140,181,192,223,241],"class_list":["post-6275","post","type-post","status-publish","format-standard","has-post-thumbnail","hentry","category-artikel","tag-agilt","tag-ai","tag-artificiell-intelligens","tag-cybersakerhet","tag-jobba-statligt","tag-myndighet","tag-pensionsmyndigheten","tag-samverkan","tag-statligt"],"acf":[],"yoast_head":"<!-- This site is optimized with the Yoast SEO plugin v27.3 - https:\/\/yoast.com\/product\/yoast-seo-wordpress\/ -->\n<title>Framtidsperspektiv p\u00e5 svenska myndigheter - Framtidens karri\u00e4r IT &amp; Data<\/title>\n<meta name=\"robots\" content=\"index, follow, max-snippet:-1, max-image-preview:large, max-video-preview:-1\" \/>\n<link rel=\"canonical\" href=\"https:\/\/framtidenskarriar.se\/itdata\/2020\/03\/10\/framtidsperspektiv-pa-svenska-myndigheter\/\" \/>\n<meta property=\"og:locale\" content=\"sv_SE\" \/>\n<meta property=\"og:type\" content=\"article\" \/>\n<meta property=\"og:title\" content=\"Framtidsperspektiv p\u00e5 svenska myndigheter - Framtidens karri\u00e4r IT &amp; Data\" \/>\n<meta property=\"og:description\" content=\"F\u00f6r svenska myndigheter g\u00e4ller det att h\u00e5lla j\u00e4mna steg och samtidigt f\u00f6rutse framtida behov.\" \/>\n<meta property=\"og:url\" content=\"https:\/\/framtidenskarriar.se\/itdata\/2020\/03\/10\/framtidsperspektiv-pa-svenska-myndigheter\/\" \/>\n<meta property=\"og:site_name\" content=\"Framtidens karri\u00e4r IT &amp; Data\" \/>\n<meta property=\"article:published_time\" content=\"2020-03-10T15:51:18+00:00\" \/>\n<meta property=\"article:modified_time\" content=\"2020-11-10T12:05:54+00:00\" \/>\n<meta property=\"og:image\" content=\"https:\/\/framtidenskarriar.se\/itdata\/wp-content\/uploads\/sites\/13\/2020\/03\/pension-74a3939.jpg\" \/>\n\t<meta property=\"og:image:width\" content=\"1000\" \/>\n\t<meta property=\"og:image:height\" content=\"643\" \/>\n\t<meta property=\"og:image:type\" content=\"image\/jpeg\" \/>\n<meta name=\"author\" content=\"viktorwallen\" \/>\n<meta name=\"twitter:card\" content=\"summary_large_image\" \/>\n<meta name=\"twitter:label1\" content=\"Skriven av\" \/>\n\t<meta name=\"twitter:data1\" content=\"viktorwallen\" \/>\n\t<meta name=\"twitter:label2\" content=\"Ber\u00e4knad l\u00e4stid\" \/>\n\t<meta name=\"twitter:data2\" content=\"2 minuter\" \/>\n<script type=\"application\/ld+json\" class=\"yoast-schema-graph\">{\"@context\":\"https:\\\/\\\/schema.org\",\"@graph\":[{\"@type\":\"Article\",\"@id\":\"https:\\\/\\\/framtidenskarriar.se\\\/itdata\\\/2020\\\/03\\\/10\\\/framtidsperspektiv-pa-svenska-myndigheter\\\/#article\",\"isPartOf\":{\"@id\":\"https:\\\/\\\/framtidenskarriar.se\\\/itdata\\\/2020\\\/03\\\/10\\\/framtidsperspektiv-pa-svenska-myndigheter\\\/\"},\"author\":{\"name\":\"viktorwallen\",\"@id\":\"https:\\\/\\\/framtidenskarriar.se\\\/itdata\\\/#\\\/schema\\\/person\\\/2a13a849ec7646386c2211f59afe3083\"},\"headline\":\"Framtidsperspektiv p\u00e5 svenska myndigheter\",\"datePublished\":\"2020-03-10T15:51:18+00:00\",\"dateModified\":\"2020-11-10T12:05:54+00:00\",\"mainEntityOfPage\":{\"@id\":\"https:\\\/\\\/framtidenskarriar.se\\\/itdata\\\/2020\\\/03\\\/10\\\/framtidsperspektiv-pa-svenska-myndigheter\\\/\"},\"wordCount\":500,\"image\":{\"@id\":\"https:\\\/\\\/framtidenskarriar.se\\\/itdata\\\/2020\\\/03\\\/10\\\/framtidsperspektiv-pa-svenska-myndigheter\\\/#primaryimage\"},\"thumbnailUrl\":\"https:\\\/\\\/framtidenskarriar.se\\\/itdata\\\/wp-content\\\/uploads\\\/sites\\\/13\\\/2020\\\/03\\\/pension-74a3939.jpg\",\"keywords\":[\"Agilt\",\"AI\",\"Artificiell intelligens\",\"Cybers\u00e4kerhet\",\"Jobba statligt\",\"Myndighet\",\"Pensionsmyndigheten\",\"Samverkan\",\"Statligt\"],\"articleSection\":[\"Artikel\"],\"inLanguage\":\"sv-SE\"},{\"@type\":\"WebPage\",\"@id\":\"https:\\\/\\\/framtidenskarriar.se\\\/itdata\\\/2020\\\/03\\\/10\\\/framtidsperspektiv-pa-svenska-myndigheter\\\/\",\"url\":\"https:\\\/\\\/framtidenskarriar.se\\\/itdata\\\/2020\\\/03\\\/10\\\/framtidsperspektiv-pa-svenska-myndigheter\\\/\",\"name\":\"Framtidsperspektiv p\u00e5 svenska myndigheter - Framtidens karri\u00e4r IT & Data\",\"isPartOf\":{\"@id\":\"https:\\\/\\\/framtidenskarriar.se\\\/itdata\\\/#website\"},\"primaryImageOfPage\":{\"@id\":\"https:\\\/\\\/framtidenskarriar.se\\\/itdata\\\/2020\\\/03\\\/10\\\/framtidsperspektiv-pa-svenska-myndigheter\\\/#primaryimage\"},\"image\":{\"@id\":\"https:\\\/\\\/framtidenskarriar.se\\\/itdata\\\/2020\\\/03\\\/10\\\/framtidsperspektiv-pa-svenska-myndigheter\\\/#primaryimage\"},\"thumbnailUrl\":\"https:\\\/\\\/framtidenskarriar.se\\\/itdata\\\/wp-content\\\/uploads\\\/sites\\\/13\\\/2020\\\/03\\\/pension-74a3939.jpg\",\"datePublished\":\"2020-03-10T15:51:18+00:00\",\"dateModified\":\"2020-11-10T12:05:54+00:00\",\"author\":{\"@id\":\"https:\\\/\\\/framtidenskarriar.se\\\/itdata\\\/#\\\/schema\\\/person\\\/2a13a849ec7646386c2211f59afe3083\"},\"breadcrumb\":{\"@id\":\"https:\\\/\\\/framtidenskarriar.se\\\/itdata\\\/2020\\\/03\\\/10\\\/framtidsperspektiv-pa-svenska-myndigheter\\\/#breadcrumb\"},\"inLanguage\":\"sv-SE\",\"potentialAction\":[{\"@type\":\"ReadAction\",\"target\":[\"https:\\\/\\\/framtidenskarriar.se\\\/itdata\\\/2020\\\/03\\\/10\\\/framtidsperspektiv-pa-svenska-myndigheter\\\/\"]}]},{\"@type\":\"ImageObject\",\"inLanguage\":\"sv-SE\",\"@id\":\"https:\\\/\\\/framtidenskarriar.se\\\/itdata\\\/2020\\\/03\\\/10\\\/framtidsperspektiv-pa-svenska-myndigheter\\\/#primaryimage\",\"url\":\"https:\\\/\\\/framtidenskarriar.se\\\/itdata\\\/wp-content\\\/uploads\\\/sites\\\/13\\\/2020\\\/03\\\/pension-74a3939.jpg\",\"contentUrl\":\"https:\\\/\\\/framtidenskarriar.se\\\/itdata\\\/wp-content\\\/uploads\\\/sites\\\/13\\\/2020\\\/03\\\/pension-74a3939.jpg\",\"width\":1000,\"height\":643,\"caption\":\"Daniel O Andersson, it-utvecklingschef p\u00e5 Pensionsmyndigheten. Foto: Gonzalo Irigoyen\"},{\"@type\":\"BreadcrumbList\",\"@id\":\"https:\\\/\\\/framtidenskarriar.se\\\/itdata\\\/2020\\\/03\\\/10\\\/framtidsperspektiv-pa-svenska-myndigheter\\\/#breadcrumb\",\"itemListElement\":[{\"@type\":\"ListItem\",\"position\":1,\"name\":\"Home\",\"item\":\"https:\\\/\\\/framtidenskarriar.se\\\/itdata\\\/\"},{\"@type\":\"ListItem\",\"position\":2,\"name\":\"Framtidsperspektiv p\u00e5 svenska myndigheter\"}]},{\"@type\":\"WebSite\",\"@id\":\"https:\\\/\\\/framtidenskarriar.se\\\/itdata\\\/#website\",\"url\":\"https:\\\/\\\/framtidenskarriar.se\\\/itdata\\\/\",\"name\":\"Framtidens karri\u00e4r IT & Data\",\"description\":\"Just another NMDashboard.se Sites site\",\"potentialAction\":[{\"@type\":\"SearchAction\",\"target\":{\"@type\":\"EntryPoint\",\"urlTemplate\":\"https:\\\/\\\/framtidenskarriar.se\\\/itdata\\\/?s={search_term_string}\"},\"query-input\":{\"@type\":\"PropertyValueSpecification\",\"valueRequired\":true,\"valueName\":\"search_term_string\"}}],\"inLanguage\":\"sv-SE\"},{\"@type\":\"Person\",\"@id\":\"https:\\\/\\\/framtidenskarriar.se\\\/itdata\\\/#\\\/schema\\\/person\\\/2a13a849ec7646386c2211f59afe3083\",\"name\":\"viktorwallen\",\"image\":{\"@type\":\"ImageObject\",\"inLanguage\":\"sv-SE\",\"@id\":\"https:\\\/\\\/secure.gravatar.com\\\/avatar\\\/701701bd36169636031933997c8c6b954f2f635bbb7cd4802e4a007f9c9f4e59?s=96&d=mm&r=g\",\"url\":\"https:\\\/\\\/secure.gravatar.com\\\/avatar\\\/701701bd36169636031933997c8c6b954f2f635bbb7cd4802e4a007f9c9f4e59?s=96&d=mm&r=g\",\"contentUrl\":\"https:\\\/\\\/secure.gravatar.com\\\/avatar\\\/701701bd36169636031933997c8c6b954f2f635bbb7cd4802e4a007f9c9f4e59?s=96&d=mm&r=g\",\"caption\":\"viktorwallen\"},\"url\":\"https:\\\/\\\/framtidenskarriar.se\\\/itdata\\\/author\\\/viktorwallen\\\/\"}]}<\/script>\n<!-- \/ Yoast SEO plugin. -->","yoast_head_json":{"title":"Framtidsperspektiv p\u00e5 svenska myndigheter - Framtidens karri\u00e4r IT & Data","robots":{"index":"index","follow":"follow","max-snippet":"max-snippet:-1","max-image-preview":"max-image-preview:large","max-video-preview":"max-video-preview:-1"},"canonical":"https:\/\/framtidenskarriar.se\/itdata\/2020\/03\/10\/framtidsperspektiv-pa-svenska-myndigheter\/","og_locale":"sv_SE","og_type":"article","og_title":"Framtidsperspektiv p\u00e5 svenska myndigheter - Framtidens karri\u00e4r IT & Data","og_description":"F\u00f6r svenska myndigheter g\u00e4ller det att h\u00e5lla j\u00e4mna steg och samtidigt f\u00f6rutse framtida behov.","og_url":"https:\/\/framtidenskarriar.se\/itdata\/2020\/03\/10\/framtidsperspektiv-pa-svenska-myndigheter\/","og_site_name":"Framtidens karri\u00e4r IT & Data","article_published_time":"2020-03-10T15:51:18+00:00","article_modified_time":"2020-11-10T12:05:54+00:00","og_image":[{"width":1000,"height":643,"url":"https:\/\/framtidenskarriar.se\/itdata\/wp-content\/uploads\/sites\/13\/2020\/03\/pension-74a3939.jpg","type":"image\/jpeg"}],"author":"viktorwallen","twitter_card":"summary_large_image","twitter_misc":{"Skriven av":"viktorwallen","Ber\u00e4knad l\u00e4stid":"2 minuter"},"schema":{"@context":"https:\/\/schema.org","@graph":[{"@type":"Article","@id":"https:\/\/framtidenskarriar.se\/itdata\/2020\/03\/10\/framtidsperspektiv-pa-svenska-myndigheter\/#article","isPartOf":{"@id":"https:\/\/framtidenskarriar.se\/itdata\/2020\/03\/10\/framtidsperspektiv-pa-svenska-myndigheter\/"},"author":{"name":"viktorwallen","@id":"https:\/\/framtidenskarriar.se\/itdata\/#\/schema\/person\/2a13a849ec7646386c2211f59afe3083"},"headline":"Framtidsperspektiv p\u00e5 svenska myndigheter","datePublished":"2020-03-10T15:51:18+00:00","dateModified":"2020-11-10T12:05:54+00:00","mainEntityOfPage":{"@id":"https:\/\/framtidenskarriar.se\/itdata\/2020\/03\/10\/framtidsperspektiv-pa-svenska-myndigheter\/"},"wordCount":500,"image":{"@id":"https:\/\/framtidenskarriar.se\/itdata\/2020\/03\/10\/framtidsperspektiv-pa-svenska-myndigheter\/#primaryimage"},"thumbnailUrl":"https:\/\/framtidenskarriar.se\/itdata\/wp-content\/uploads\/sites\/13\/2020\/03\/pension-74a3939.jpg","keywords":["Agilt","AI","Artificiell intelligens","Cybers\u00e4kerhet","Jobba statligt","Myndighet","Pensionsmyndigheten","Samverkan","Statligt"],"articleSection":["Artikel"],"inLanguage":"sv-SE"},{"@type":"WebPage","@id":"https:\/\/framtidenskarriar.se\/itdata\/2020\/03\/10\/framtidsperspektiv-pa-svenska-myndigheter\/","url":"https:\/\/framtidenskarriar.se\/itdata\/2020\/03\/10\/framtidsperspektiv-pa-svenska-myndigheter\/","name":"Framtidsperspektiv p\u00e5 svenska myndigheter - Framtidens karri\u00e4r IT & Data","isPartOf":{"@id":"https:\/\/framtidenskarriar.se\/itdata\/#website"},"primaryImageOfPage":{"@id":"https:\/\/framtidenskarriar.se\/itdata\/2020\/03\/10\/framtidsperspektiv-pa-svenska-myndigheter\/#primaryimage"},"image":{"@id":"https:\/\/framtidenskarriar.se\/itdata\/2020\/03\/10\/framtidsperspektiv-pa-svenska-myndigheter\/#primaryimage"},"thumbnailUrl":"https:\/\/framtidenskarriar.se\/itdata\/wp-content\/uploads\/sites\/13\/2020\/03\/pension-74a3939.jpg","datePublished":"2020-03-10T15:51:18+00:00","dateModified":"2020-11-10T12:05:54+00:00","author":{"@id":"https:\/\/framtidenskarriar.se\/itdata\/#\/schema\/person\/2a13a849ec7646386c2211f59afe3083"},"breadcrumb":{"@id":"https:\/\/framtidenskarriar.se\/itdata\/2020\/03\/10\/framtidsperspektiv-pa-svenska-myndigheter\/#breadcrumb"},"inLanguage":"sv-SE","potentialAction":[{"@type":"ReadAction","target":["https:\/\/framtidenskarriar.se\/itdata\/2020\/03\/10\/framtidsperspektiv-pa-svenska-myndigheter\/"]}]},{"@type":"ImageObject","inLanguage":"sv-SE","@id":"https:\/\/framtidenskarriar.se\/itdata\/2020\/03\/10\/framtidsperspektiv-pa-svenska-myndigheter\/#primaryimage","url":"https:\/\/framtidenskarriar.se\/itdata\/wp-content\/uploads\/sites\/13\/2020\/03\/pension-74a3939.jpg","contentUrl":"https:\/\/framtidenskarriar.se\/itdata\/wp-content\/uploads\/sites\/13\/2020\/03\/pension-74a3939.jpg","width":1000,"height":643,"caption":"Daniel O Andersson, it-utvecklingschef p\u00e5 Pensionsmyndigheten. Foto: Gonzalo Irigoyen"},{"@type":"BreadcrumbList","@id":"https:\/\/framtidenskarriar.se\/itdata\/2020\/03\/10\/framtidsperspektiv-pa-svenska-myndigheter\/#breadcrumb","itemListElement":[{"@type":"ListItem","position":1,"name":"Home","item":"https:\/\/framtidenskarriar.se\/itdata\/"},{"@type":"ListItem","position":2,"name":"Framtidsperspektiv p\u00e5 svenska myndigheter"}]},{"@type":"WebSite","@id":"https:\/\/framtidenskarriar.se\/itdata\/#website","url":"https:\/\/framtidenskarriar.se\/itdata\/","name":"Framtidens karri\u00e4r IT & Data","description":"Just another NMDashboard.se Sites site","potentialAction":[{"@type":"SearchAction","target":{"@type":"EntryPoint","urlTemplate":"https:\/\/framtidenskarriar.se\/itdata\/?s={search_term_string}"},"query-input":{"@type":"PropertyValueSpecification","valueRequired":true,"valueName":"search_term_string"}}],"inLanguage":"sv-SE"},{"@type":"Person","@id":"https:\/\/framtidenskarriar.se\/itdata\/#\/schema\/person\/2a13a849ec7646386c2211f59afe3083","name":"viktorwallen","image":{"@type":"ImageObject","inLanguage":"sv-SE","@id":"https:\/\/secure.gravatar.com\/avatar\/701701bd36169636031933997c8c6b954f2f635bbb7cd4802e4a007f9c9f4e59?s=96&d=mm&r=g","url":"https:\/\/secure.gravatar.com\/avatar\/701701bd36169636031933997c8c6b954f2f635bbb7cd4802e4a007f9c9f4e59?s=96&d=mm&r=g","contentUrl":"https:\/\/secure.gravatar.com\/avatar\/701701bd36169636031933997c8c6b954f2f635bbb7cd4802e4a007f9c9f4e59?s=96&d=mm&r=g","caption":"viktorwallen"},"url":"https:\/\/framtidenskarriar.se\/itdata\/author\/viktorwallen\/"}]}},"_links":{"self":[{"href":"https:\/\/framtidenskarriar.se\/itdata\/wp-json\/wp\/v2\/posts\/6275","targetHints":{"allow":["GET"]}}],"collection":[{"href":"https:\/\/framtidenskarriar.se\/itdata\/wp-json\/wp\/v2\/posts"}],"about":[{"href":"https:\/\/framtidenskarriar.se\/itdata\/wp-json\/wp\/v2\/types\/post"}],"author":[{"embeddable":true,"href":"https:\/\/framtidenskarriar.se\/itdata\/wp-json\/wp\/v2\/users\/2"}],"replies":[{"embeddable":true,"href":"https:\/\/framtidenskarriar.se\/itdata\/wp-json\/wp\/v2\/comments?post=6275"}],"version-history":[{"count":3,"href":"https:\/\/framtidenskarriar.se\/itdata\/wp-json\/wp\/v2\/posts\/6275\/revisions"}],"predecessor-version":[{"id":6470,"href":"https:\/\/framtidenskarriar.se\/itdata\/wp-json\/wp\/v2\/posts\/6275\/revisions\/6470"}],"wp:featuredmedia":[{"embeddable":true,"href":"https:\/\/framtidenskarriar.se\/itdata\/wp-json\/wp\/v2\/media\/6277"}],"wp:attachment":[{"href":"https:\/\/framtidenskarriar.se\/itdata\/wp-json\/wp\/v2\/media?parent=6275"}],"wp:term":[{"taxonomy":"category","embeddable":true,"href":"https:\/\/framtidenskarriar.se\/itdata\/wp-json\/wp\/v2\/categories?post=6275"},{"taxonomy":"post_tag","embeddable":true,"href":"https:\/\/framtidenskarriar.se\/itdata\/wp-json\/wp\/v2\/tags?post=6275"}],"curies":[{"name":"wp","href":"https:\/\/api.w.org\/{rel}","templated":true}]}}