{"id":6284,"date":"2020-03-10T16:08:06","date_gmt":"2020-03-10T16:08:06","guid":{"rendered":"https:\/\/framtidenskarriar.se\/itdata\/?p=6284"},"modified":"2020-11-10T14:44:32","modified_gmt":"2020-11-10T14:44:32","slug":"att-gora-nytta-for-samhallet-och-medborgarna","status":"publish","type":"post","link":"https:\/\/framtidenskarriar.se\/itdata\/2020\/03\/10\/att-gora-nytta-for-samhallet-och-medborgarna\/","title":{"rendered":"Att g\u00f6ra nytta f\u00f6r samh\u00e4llet och medborgarna"},"content":{"rendered":"\n<figure class=\"wp-block-image alignnone size-full wp-image-6285\"><img loading=\"lazy\" decoding=\"async\" width=\"1000\" height=\"624\" src=\"https:\/\/framtidenskarriar.se\/itdata\/wp-content\/uploads\/sites\/13\/2020\/03\/myndighet2-anna-gh-2018.jpg\" alt=\"Anna G\u00fcnhter Hanssen, bitr\u00e4dande it-chef p\u00e5 Polisen.\" class=\"wp-image-6285\" srcset=\"https:\/\/framtidenskarriar.se\/itdata\/wp-content\/uploads\/sites\/13\/2020\/03\/myndighet2-anna-gh-2018.jpg 1000w, https:\/\/framtidenskarriar.se\/itdata\/wp-content\/uploads\/sites\/13\/2020\/03\/myndighet2-anna-gh-2018-300x187.jpg 300w, https:\/\/framtidenskarriar.se\/itdata\/wp-content\/uploads\/sites\/13\/2020\/03\/myndighet2-anna-gh-2018-768x479.jpg 768w, https:\/\/framtidenskarriar.se\/itdata\/wp-content\/uploads\/sites\/13\/2020\/03\/myndighet2-anna-gh-2018-256x160.jpg 256w, https:\/\/framtidenskarriar.se\/itdata\/wp-content\/uploads\/sites\/13\/2020\/03\/myndighet2-anna-gh-2018-526x328.jpg 526w, https:\/\/framtidenskarriar.se\/itdata\/wp-content\/uploads\/sites\/13\/2020\/03\/myndighet2-anna-gh-2018-720x449.jpg 720w, https:\/\/framtidenskarriar.se\/itdata\/wp-content\/uploads\/sites\/13\/2020\/03\/myndighet2-anna-gh-2018-960x599.jpg 960w\" sizes=\"auto, (max-width: 1000px) 100vw, 1000px\" \/><figcaption>Anna G\u00fcnhter Hanssen, bitr\u00e4dande it-chef p\u00e5 Polisen.<\/figcaption><\/figure>\n\n\n\n<p><strong>Ett v\u00e4xande intresse f\u00f6r samh\u00e4llsfr\u00e5gor samt en vilja att bidra konkret till \u00f6kad trygghet och s\u00e4kerhet \u00e4r n\u00e5gra faktorer som g\u00f6r staten till en intressant arbetsgivare f\u00f6r it-akademiker. 3 av 4 it-akademiker kan t\u00e4nka sig att arbeta hos en statlig myndighet.<\/strong><\/p>\n\n\n\n<p>\u2013 Andelen it-akademiker som kan t\u00e4nka sig att arbeta statligt \u00e4r h\u00f6gre \u00e4n jag trott, vilket f\u00f6rst\u00e5s \u00e4r gl\u00e4djande. Unders\u00f6kningsresultatet \u00e5terspeglar det faktum att myndigheter numera betraktas som moderna arbetsgivare som bedriver it-utveckling i framkant. Att m\u00e5nga myndigheter kan erbjuda bra villkor vad g\u00e4ller l\u00f6n, semester och f\u00f6r\u00e4ldraledighet kan ocks\u00e5 ha bidragit till det stora intresset. Flera myndigheter har dessutom blivit b\u00e4ttre p\u00e5 att marknadsf\u00f6ra sina karri\u00e4rm\u00f6jligheter inom it, vilket givit resultat, s\u00e4ger Anna G\u00fcnhter Hanssen, bitr\u00e4dande it-chef p\u00e5 Polisen.<br>69 procent av de som kan t\u00e4nka sig att arbeta statligt anger att de vill g\u00f6ra nytta f\u00f6r samh\u00e4llet och medborgarna, medan 65 procent anger att arbeta med samh\u00e4llsviktiga funktioner som fr\u00e4msta sk\u00e4l till att s\u00f6ka jobb i staten. Polisen, S\u00e4kerhetspolisen, F\u00f6rsvarsmakten, Trafikverket och FRA \u00e4r de popul\u00e4raste statliga arbetsgivarna bland it-akademikerna.<\/p>\n\n\n\n<p><strong>Bidra till samh\u00e4llsnytta<\/strong><br>\u2013 Vi m\u00e4rker definitivt att viljan att bidra med samh\u00e4llsnytta har \u00f6kat, i synnerhet bland n\u00e5got yngre it-akademiker. Drivkraften att bidra till ett s\u00e4krare och tryggare samh\u00e4lle har ocks\u00e5 blivit tydligare, det m\u00e4rks inte minst p\u00e5 att Polisen, S\u00e4kerhetspolisen och F\u00f6rsvaret rankas h\u00f6gst bland de myndigheter d\u00e4r it-akademiker helst vill jobba. Det stora intresset f\u00f6r Polisen och F\u00f6rsvarsmaktens verksamheter beror nog \u00e4ven delvis p\u00e5 en \u00f6kad brottslighet och en sk\u00e4rpt hotbild mot Sverige som nation, inte minst digitalt. Allt fler vill bidra till att v\u00e4nda utvecklingen och st\u00e4rka samh\u00e4llss\u00e4kerheten, s\u00e4ger Anna G\u00fcnhter Hanssen.<br>\u2013 Att vara delaktig i samh\u00e4llets utveckling \u00e4r viktigt f\u00f6r m\u00e5nga. Jag upplever \u00e4ven att m\u00e5nga vill anv\u00e4nda sin it-kompetens till att g\u00f6ra konkret skillnad f\u00f6r medarbetarna ute i verksamheten, exempelvis f\u00f6r poliser, tj\u00e4nstem\u00e4n p\u00e5 Skatteverket eller Trafikverket, avslutar Anna G\u00fcnhter Hanssen.<\/p>\n\n\n\n<div class=\"wp-block-group faktaruta has-color-white-01-background-color has-background\"><div class=\"wp-block-group__inner-container is-layout-flow wp-block-group-is-layout-flow\">\n<h5 class=\"wp-block-heading\">Kan du t\u00e4nka dig att arbeta hos en statlig myndighet med IT-utveckling, digitalisering eller informationss\u00e4kerhet?<\/h5>\n\n\n\n<div class=\"wp-block-image\"><figure class=\"aligncenter size-large\"><img loading=\"lazy\" decoding=\"async\" width=\"1000\" height=\"170\" src=\"https:\/\/framtidenskarriar.se\/itdata\/wp-content\/uploads\/sites\/13\/2020\/03\/myndighet2-graf1.png\" alt=\"\" class=\"wp-image-6286\" srcset=\"https:\/\/framtidenskarriar.se\/itdata\/wp-content\/uploads\/sites\/13\/2020\/03\/myndighet2-graf1.png 1000w, https:\/\/framtidenskarriar.se\/itdata\/wp-content\/uploads\/sites\/13\/2020\/03\/myndighet2-graf1-300x51.png 300w, https:\/\/framtidenskarriar.se\/itdata\/wp-content\/uploads\/sites\/13\/2020\/03\/myndighet2-graf1-768x131.png 768w, https:\/\/framtidenskarriar.se\/itdata\/wp-content\/uploads\/sites\/13\/2020\/03\/myndighet2-graf1-941x160.png 941w, https:\/\/framtidenskarriar.se\/itdata\/wp-content\/uploads\/sites\/13\/2020\/03\/myndighet2-graf1-526x89.png 526w, https:\/\/framtidenskarriar.se\/itdata\/wp-content\/uploads\/sites\/13\/2020\/03\/myndighet2-graf1-720x122.png 720w, https:\/\/framtidenskarriar.se\/itdata\/wp-content\/uploads\/sites\/13\/2020\/03\/myndighet2-graf1-960x163.png 960w\" sizes=\"auto, (max-width: 1000px) 100vw, 1000px\" \/><\/figure><\/div>\n<\/div><\/div>\n\n\n\n<div class=\"wp-block-group faktaruta has-color-white-01-background-color has-background\"><div class=\"wp-block-group__inner-container is-layout-flow wp-block-group-is-layout-flow\">\n<h5 class=\"wp-block-heading\">Varf\u00f6r skulle du kunna t\u00e4nka dig att arbeta f\u00f6r en statlig myndighet?<\/h5>\n\n\n\n<p><strong>1. G\u00f6ra nytta<\/strong> f\u00f6r samh\u00e4llet och medborgarna<br><strong>2. Arbeta med<\/strong> samh\u00e4llsviktiga funktioner<br><strong>3. En trygg<\/strong> arbetsgivare<br><strong>4. Intressanta<\/strong> arbetsuppgifter<br><strong>5. Goda arbetsvillkor<\/strong><br><strong>6. Goda utvecklingsm\u00f6jligheter<\/strong><br><strong>7. Satsar mycket p\u00e5 teknik<\/strong> f\u00f6r \u00f6kad digitalisering<br><strong>8. Annat<\/strong><\/p>\n<\/div><\/div>\n\n\n\n<div class=\"wp-block-group faktaruta has-color-white-01-background-color has-background\"><div class=\"wp-block-group__inner-container is-layout-flow wp-block-group-is-layout-flow\">\n<h5 class=\"wp-block-heading\">Hos vilka av f\u00f6ljande myndigheter skulle du helst vilja arbeta med it, digitalisering, teknikutveckling eller datas\u00e4kerhet?<\/h5>\n\n\n\n<div class=\"wp-block-image\"><figure class=\"aligncenter size-large\"><img loading=\"lazy\" decoding=\"async\" width=\"1000\" height=\"879\" src=\"https:\/\/framtidenskarriar.se\/itdata\/wp-content\/uploads\/sites\/13\/2020\/03\/myndighet2-graf3.png\" alt=\"\" class=\"wp-image-6288\" srcset=\"https:\/\/framtidenskarriar.se\/itdata\/wp-content\/uploads\/sites\/13\/2020\/03\/myndighet2-graf3.png 1000w, https:\/\/framtidenskarriar.se\/itdata\/wp-content\/uploads\/sites\/13\/2020\/03\/myndighet2-graf3-300x264.png 300w, https:\/\/framtidenskarriar.se\/itdata\/wp-content\/uploads\/sites\/13\/2020\/03\/myndighet2-graf3-768x675.png 768w, https:\/\/framtidenskarriar.se\/itdata\/wp-content\/uploads\/sites\/13\/2020\/03\/myndighet2-graf3-182x160.png 182w, https:\/\/framtidenskarriar.se\/itdata\/wp-content\/uploads\/sites\/13\/2020\/03\/myndighet2-graf3-526x462.png 526w, https:\/\/framtidenskarriar.se\/itdata\/wp-content\/uploads\/sites\/13\/2020\/03\/myndighet2-graf3-720x633.png 720w, https:\/\/framtidenskarriar.se\/itdata\/wp-content\/uploads\/sites\/13\/2020\/03\/myndighet2-graf3-960x844.png 960w\" sizes=\"auto, (max-width: 1000px) 100vw, 1000px\" \/><\/figure><\/div>\n<\/div><\/div>\n\n\n\n<div class=\"wp-block-group faktaruta has-color-white-01-background-color has-background\"><div class=\"wp-block-group__inner-container is-layout-flow wp-block-group-is-layout-flow\">\n<h6 class=\"wp-block-heading\">Om unders\u00f6kningen<\/h6>\n\n\n\n<p>Framtidens Karri\u00e4r \u2013 It &amp; Data genomf\u00f6rde en unders\u00f6kning mot ett slumpm\u00e4ssigt urval av it\/dataingenj\u00f6rer och systemvetare 31 januari \u2013 4 februari 2020. Statistisk felmarginal \u00e4r 2,5\u20134 procentenheter.<\/p>\n<\/div><\/div>\n","protected":false},"excerpt":{"rendered":"<p>Faktorer som g\u00f6r staten till en intressant arbetsgivare<\/p>\n","protected":false},"author":2,"featured_media":6285,"comment_status":"closed","ping_status":"open","sticky":false,"template":"","format":"standard","meta":{"_acf_changed":false,"_monsterinsights_skip_tracking":false,"_monsterinsights_sitenote_active":false,"_monsterinsights_sitenote_note":"","_monsterinsights_sitenote_category":0,"footnotes":""},"categories":[1],"tags":[140,142,185,214,220,241,255],"class_list":["post-6284","post","type-post","status-publish","format-standard","has-post-thumbnail","hentry","category-artikel","tag-jobba-statligt","tag-karriar","tag-myndigheter","tag-sakerhet","tag-samhallsnytta","tag-statligt","tag-undersokning"],"acf":[],"yoast_head":"<!-- This site is optimized with the Yoast SEO plugin v27.3 - https:\/\/yoast.com\/product\/yoast-seo-wordpress\/ -->\n<title>Att g\u00f6ra nytta f\u00f6r samh\u00e4llet och medborgarna - Framtidens karri\u00e4r IT &amp; Data<\/title>\n<meta name=\"robots\" content=\"index, follow, max-snippet:-1, max-image-preview:large, max-video-preview:-1\" \/>\n<link rel=\"canonical\" href=\"https:\/\/framtidenskarriar.se\/itdata\/2020\/03\/10\/att-gora-nytta-for-samhallet-och-medborgarna\/\" \/>\n<meta property=\"og:locale\" content=\"sv_SE\" \/>\n<meta property=\"og:type\" content=\"article\" \/>\n<meta property=\"og:title\" content=\"Att g\u00f6ra nytta f\u00f6r samh\u00e4llet och medborgarna - Framtidens karri\u00e4r IT &amp; Data\" \/>\n<meta property=\"og:description\" content=\"Faktorer som g\u00f6r staten till en intressant arbetsgivare\" \/>\n<meta property=\"og:url\" content=\"https:\/\/framtidenskarriar.se\/itdata\/2020\/03\/10\/att-gora-nytta-for-samhallet-och-medborgarna\/\" \/>\n<meta property=\"og:site_name\" content=\"Framtidens karri\u00e4r IT &amp; Data\" \/>\n<meta property=\"article:published_time\" content=\"2020-03-10T16:08:06+00:00\" \/>\n<meta property=\"article:modified_time\" content=\"2020-11-10T14:44:32+00:00\" \/>\n<meta property=\"og:image\" content=\"https:\/\/framtidenskarriar.se\/itdata\/wp-content\/uploads\/sites\/13\/2020\/03\/myndighet2-anna-gh-2018.jpg\" \/>\n\t<meta property=\"og:image:width\" content=\"1000\" \/>\n\t<meta property=\"og:image:height\" content=\"624\" \/>\n\t<meta property=\"og:image:type\" content=\"image\/jpeg\" \/>\n<meta name=\"author\" content=\"viktorwallen\" \/>\n<meta name=\"twitter:card\" content=\"summary_large_image\" \/>\n<meta name=\"twitter:label1\" content=\"Skriven av\" \/>\n\t<meta name=\"twitter:data1\" content=\"viktorwallen\" \/>\n\t<meta name=\"twitter:label2\" content=\"Ber\u00e4knad l\u00e4stid\" \/>\n\t<meta name=\"twitter:data2\" content=\"2 minuter\" \/>\n<script type=\"application\/ld+json\" class=\"yoast-schema-graph\">{\"@context\":\"https:\\\/\\\/schema.org\",\"@graph\":[{\"@type\":\"Article\",\"@id\":\"https:\\\/\\\/framtidenskarriar.se\\\/itdata\\\/2020\\\/03\\\/10\\\/att-gora-nytta-for-samhallet-och-medborgarna\\\/#article\",\"isPartOf\":{\"@id\":\"https:\\\/\\\/framtidenskarriar.se\\\/itdata\\\/2020\\\/03\\\/10\\\/att-gora-nytta-for-samhallet-och-medborgarna\\\/\"},\"author\":{\"name\":\"viktorwallen\",\"@id\":\"https:\\\/\\\/framtidenskarriar.se\\\/itdata\\\/#\\\/schema\\\/person\\\/2a13a849ec7646386c2211f59afe3083\"},\"headline\":\"Att g\u00f6ra nytta f\u00f6r samh\u00e4llet och medborgarna\",\"datePublished\":\"2020-03-10T16:08:06+00:00\",\"dateModified\":\"2020-11-10T14:44:32+00:00\",\"mainEntityOfPage\":{\"@id\":\"https:\\\/\\\/framtidenskarriar.se\\\/itdata\\\/2020\\\/03\\\/10\\\/att-gora-nytta-for-samhallet-och-medborgarna\\\/\"},\"wordCount\":506,\"image\":{\"@id\":\"https:\\\/\\\/framtidenskarriar.se\\\/itdata\\\/2020\\\/03\\\/10\\\/att-gora-nytta-for-samhallet-och-medborgarna\\\/#primaryimage\"},\"thumbnailUrl\":\"https:\\\/\\\/framtidenskarriar.se\\\/itdata\\\/wp-content\\\/uploads\\\/sites\\\/13\\\/2020\\\/03\\\/myndighet2-anna-gh-2018.jpg\",\"keywords\":[\"Jobba statligt\",\"Karri\u00e4r\",\"Myndigheter\",\"S\u00e4kerhet\",\"Samh\u00e4llsnytta\",\"Statligt\",\"Unders\u00f6kning\"],\"articleSection\":[\"Artikel\"],\"inLanguage\":\"sv-SE\"},{\"@type\":\"WebPage\",\"@id\":\"https:\\\/\\\/framtidenskarriar.se\\\/itdata\\\/2020\\\/03\\\/10\\\/att-gora-nytta-for-samhallet-och-medborgarna\\\/\",\"url\":\"https:\\\/\\\/framtidenskarriar.se\\\/itdata\\\/2020\\\/03\\\/10\\\/att-gora-nytta-for-samhallet-och-medborgarna\\\/\",\"name\":\"Att g\u00f6ra nytta f\u00f6r samh\u00e4llet och medborgarna - Framtidens karri\u00e4r IT & Data\",\"isPartOf\":{\"@id\":\"https:\\\/\\\/framtidenskarriar.se\\\/itdata\\\/#website\"},\"primaryImageOfPage\":{\"@id\":\"https:\\\/\\\/framtidenskarriar.se\\\/itdata\\\/2020\\\/03\\\/10\\\/att-gora-nytta-for-samhallet-och-medborgarna\\\/#primaryimage\"},\"image\":{\"@id\":\"https:\\\/\\\/framtidenskarriar.se\\\/itdata\\\/2020\\\/03\\\/10\\\/att-gora-nytta-for-samhallet-och-medborgarna\\\/#primaryimage\"},\"thumbnailUrl\":\"https:\\\/\\\/framtidenskarriar.se\\\/itdata\\\/wp-content\\\/uploads\\\/sites\\\/13\\\/2020\\\/03\\\/myndighet2-anna-gh-2018.jpg\",\"datePublished\":\"2020-03-10T16:08:06+00:00\",\"dateModified\":\"2020-11-10T14:44:32+00:00\",\"author\":{\"@id\":\"https:\\\/\\\/framtidenskarriar.se\\\/itdata\\\/#\\\/schema\\\/person\\\/2a13a849ec7646386c2211f59afe3083\"},\"breadcrumb\":{\"@id\":\"https:\\\/\\\/framtidenskarriar.se\\\/itdata\\\/2020\\\/03\\\/10\\\/att-gora-nytta-for-samhallet-och-medborgarna\\\/#breadcrumb\"},\"inLanguage\":\"sv-SE\",\"potentialAction\":[{\"@type\":\"ReadAction\",\"target\":[\"https:\\\/\\\/framtidenskarriar.se\\\/itdata\\\/2020\\\/03\\\/10\\\/att-gora-nytta-for-samhallet-och-medborgarna\\\/\"]}]},{\"@type\":\"ImageObject\",\"inLanguage\":\"sv-SE\",\"@id\":\"https:\\\/\\\/framtidenskarriar.se\\\/itdata\\\/2020\\\/03\\\/10\\\/att-gora-nytta-for-samhallet-och-medborgarna\\\/#primaryimage\",\"url\":\"https:\\\/\\\/framtidenskarriar.se\\\/itdata\\\/wp-content\\\/uploads\\\/sites\\\/13\\\/2020\\\/03\\\/myndighet2-anna-gh-2018.jpg\",\"contentUrl\":\"https:\\\/\\\/framtidenskarriar.se\\\/itdata\\\/wp-content\\\/uploads\\\/sites\\\/13\\\/2020\\\/03\\\/myndighet2-anna-gh-2018.jpg\",\"width\":1000,\"height\":624,\"caption\":\"Anna G\u00fcnhter Hanssen, bitr\u00e4dande it-chef p\u00e5 Polisen.\"},{\"@type\":\"BreadcrumbList\",\"@id\":\"https:\\\/\\\/framtidenskarriar.se\\\/itdata\\\/2020\\\/03\\\/10\\\/att-gora-nytta-for-samhallet-och-medborgarna\\\/#breadcrumb\",\"itemListElement\":[{\"@type\":\"ListItem\",\"position\":1,\"name\":\"Home\",\"item\":\"https:\\\/\\\/framtidenskarriar.se\\\/itdata\\\/\"},{\"@type\":\"ListItem\",\"position\":2,\"name\":\"Att g\u00f6ra nytta f\u00f6r samh\u00e4llet och medborgarna\"}]},{\"@type\":\"WebSite\",\"@id\":\"https:\\\/\\\/framtidenskarriar.se\\\/itdata\\\/#website\",\"url\":\"https:\\\/\\\/framtidenskarriar.se\\\/itdata\\\/\",\"name\":\"Framtidens karri\u00e4r IT & Data\",\"description\":\"Just another NMDashboard.se Sites site\",\"potentialAction\":[{\"@type\":\"SearchAction\",\"target\":{\"@type\":\"EntryPoint\",\"urlTemplate\":\"https:\\\/\\\/framtidenskarriar.se\\\/itdata\\\/?s={search_term_string}\"},\"query-input\":{\"@type\":\"PropertyValueSpecification\",\"valueRequired\":true,\"valueName\":\"search_term_string\"}}],\"inLanguage\":\"sv-SE\"},{\"@type\":\"Person\",\"@id\":\"https:\\\/\\\/framtidenskarriar.se\\\/itdata\\\/#\\\/schema\\\/person\\\/2a13a849ec7646386c2211f59afe3083\",\"name\":\"viktorwallen\",\"image\":{\"@type\":\"ImageObject\",\"inLanguage\":\"sv-SE\",\"@id\":\"https:\\\/\\\/secure.gravatar.com\\\/avatar\\\/701701bd36169636031933997c8c6b954f2f635bbb7cd4802e4a007f9c9f4e59?s=96&d=mm&r=g\",\"url\":\"https:\\\/\\\/secure.gravatar.com\\\/avatar\\\/701701bd36169636031933997c8c6b954f2f635bbb7cd4802e4a007f9c9f4e59?s=96&d=mm&r=g\",\"contentUrl\":\"https:\\\/\\\/secure.gravatar.com\\\/avatar\\\/701701bd36169636031933997c8c6b954f2f635bbb7cd4802e4a007f9c9f4e59?s=96&d=mm&r=g\",\"caption\":\"viktorwallen\"},\"url\":\"https:\\\/\\\/framtidenskarriar.se\\\/itdata\\\/author\\\/viktorwallen\\\/\"}]}<\/script>\n<!-- \/ Yoast SEO plugin. -->","yoast_head_json":{"title":"Att g\u00f6ra nytta f\u00f6r samh\u00e4llet och medborgarna - Framtidens karri\u00e4r IT & Data","robots":{"index":"index","follow":"follow","max-snippet":"max-snippet:-1","max-image-preview":"max-image-preview:large","max-video-preview":"max-video-preview:-1"},"canonical":"https:\/\/framtidenskarriar.se\/itdata\/2020\/03\/10\/att-gora-nytta-for-samhallet-och-medborgarna\/","og_locale":"sv_SE","og_type":"article","og_title":"Att g\u00f6ra nytta f\u00f6r samh\u00e4llet och medborgarna - Framtidens karri\u00e4r IT & Data","og_description":"Faktorer som g\u00f6r staten till en intressant arbetsgivare","og_url":"https:\/\/framtidenskarriar.se\/itdata\/2020\/03\/10\/att-gora-nytta-for-samhallet-och-medborgarna\/","og_site_name":"Framtidens karri\u00e4r IT & Data","article_published_time":"2020-03-10T16:08:06+00:00","article_modified_time":"2020-11-10T14:44:32+00:00","og_image":[{"width":1000,"height":624,"url":"https:\/\/framtidenskarriar.se\/itdata\/wp-content\/uploads\/sites\/13\/2020\/03\/myndighet2-anna-gh-2018.jpg","type":"image\/jpeg"}],"author":"viktorwallen","twitter_card":"summary_large_image","twitter_misc":{"Skriven av":"viktorwallen","Ber\u00e4knad l\u00e4stid":"2 minuter"},"schema":{"@context":"https:\/\/schema.org","@graph":[{"@type":"Article","@id":"https:\/\/framtidenskarriar.se\/itdata\/2020\/03\/10\/att-gora-nytta-for-samhallet-och-medborgarna\/#article","isPartOf":{"@id":"https:\/\/framtidenskarriar.se\/itdata\/2020\/03\/10\/att-gora-nytta-for-samhallet-och-medborgarna\/"},"author":{"name":"viktorwallen","@id":"https:\/\/framtidenskarriar.se\/itdata\/#\/schema\/person\/2a13a849ec7646386c2211f59afe3083"},"headline":"Att g\u00f6ra nytta f\u00f6r samh\u00e4llet och medborgarna","datePublished":"2020-03-10T16:08:06+00:00","dateModified":"2020-11-10T14:44:32+00:00","mainEntityOfPage":{"@id":"https:\/\/framtidenskarriar.se\/itdata\/2020\/03\/10\/att-gora-nytta-for-samhallet-och-medborgarna\/"},"wordCount":506,"image":{"@id":"https:\/\/framtidenskarriar.se\/itdata\/2020\/03\/10\/att-gora-nytta-for-samhallet-och-medborgarna\/#primaryimage"},"thumbnailUrl":"https:\/\/framtidenskarriar.se\/itdata\/wp-content\/uploads\/sites\/13\/2020\/03\/myndighet2-anna-gh-2018.jpg","keywords":["Jobba statligt","Karri\u00e4r","Myndigheter","S\u00e4kerhet","Samh\u00e4llsnytta","Statligt","Unders\u00f6kning"],"articleSection":["Artikel"],"inLanguage":"sv-SE"},{"@type":"WebPage","@id":"https:\/\/framtidenskarriar.se\/itdata\/2020\/03\/10\/att-gora-nytta-for-samhallet-och-medborgarna\/","url":"https:\/\/framtidenskarriar.se\/itdata\/2020\/03\/10\/att-gora-nytta-for-samhallet-och-medborgarna\/","name":"Att g\u00f6ra nytta f\u00f6r samh\u00e4llet och medborgarna - Framtidens karri\u00e4r IT & Data","isPartOf":{"@id":"https:\/\/framtidenskarriar.se\/itdata\/#website"},"primaryImageOfPage":{"@id":"https:\/\/framtidenskarriar.se\/itdata\/2020\/03\/10\/att-gora-nytta-for-samhallet-och-medborgarna\/#primaryimage"},"image":{"@id":"https:\/\/framtidenskarriar.se\/itdata\/2020\/03\/10\/att-gora-nytta-for-samhallet-och-medborgarna\/#primaryimage"},"thumbnailUrl":"https:\/\/framtidenskarriar.se\/itdata\/wp-content\/uploads\/sites\/13\/2020\/03\/myndighet2-anna-gh-2018.jpg","datePublished":"2020-03-10T16:08:06+00:00","dateModified":"2020-11-10T14:44:32+00:00","author":{"@id":"https:\/\/framtidenskarriar.se\/itdata\/#\/schema\/person\/2a13a849ec7646386c2211f59afe3083"},"breadcrumb":{"@id":"https:\/\/framtidenskarriar.se\/itdata\/2020\/03\/10\/att-gora-nytta-for-samhallet-och-medborgarna\/#breadcrumb"},"inLanguage":"sv-SE","potentialAction":[{"@type":"ReadAction","target":["https:\/\/framtidenskarriar.se\/itdata\/2020\/03\/10\/att-gora-nytta-for-samhallet-och-medborgarna\/"]}]},{"@type":"ImageObject","inLanguage":"sv-SE","@id":"https:\/\/framtidenskarriar.se\/itdata\/2020\/03\/10\/att-gora-nytta-for-samhallet-och-medborgarna\/#primaryimage","url":"https:\/\/framtidenskarriar.se\/itdata\/wp-content\/uploads\/sites\/13\/2020\/03\/myndighet2-anna-gh-2018.jpg","contentUrl":"https:\/\/framtidenskarriar.se\/itdata\/wp-content\/uploads\/sites\/13\/2020\/03\/myndighet2-anna-gh-2018.jpg","width":1000,"height":624,"caption":"Anna G\u00fcnhter Hanssen, bitr\u00e4dande it-chef p\u00e5 Polisen."},{"@type":"BreadcrumbList","@id":"https:\/\/framtidenskarriar.se\/itdata\/2020\/03\/10\/att-gora-nytta-for-samhallet-och-medborgarna\/#breadcrumb","itemListElement":[{"@type":"ListItem","position":1,"name":"Home","item":"https:\/\/framtidenskarriar.se\/itdata\/"},{"@type":"ListItem","position":2,"name":"Att g\u00f6ra nytta f\u00f6r samh\u00e4llet och medborgarna"}]},{"@type":"WebSite","@id":"https:\/\/framtidenskarriar.se\/itdata\/#website","url":"https:\/\/framtidenskarriar.se\/itdata\/","name":"Framtidens karri\u00e4r IT & Data","description":"Just another NMDashboard.se Sites site","potentialAction":[{"@type":"SearchAction","target":{"@type":"EntryPoint","urlTemplate":"https:\/\/framtidenskarriar.se\/itdata\/?s={search_term_string}"},"query-input":{"@type":"PropertyValueSpecification","valueRequired":true,"valueName":"search_term_string"}}],"inLanguage":"sv-SE"},{"@type":"Person","@id":"https:\/\/framtidenskarriar.se\/itdata\/#\/schema\/person\/2a13a849ec7646386c2211f59afe3083","name":"viktorwallen","image":{"@type":"ImageObject","inLanguage":"sv-SE","@id":"https:\/\/secure.gravatar.com\/avatar\/701701bd36169636031933997c8c6b954f2f635bbb7cd4802e4a007f9c9f4e59?s=96&d=mm&r=g","url":"https:\/\/secure.gravatar.com\/avatar\/701701bd36169636031933997c8c6b954f2f635bbb7cd4802e4a007f9c9f4e59?s=96&d=mm&r=g","contentUrl":"https:\/\/secure.gravatar.com\/avatar\/701701bd36169636031933997c8c6b954f2f635bbb7cd4802e4a007f9c9f4e59?s=96&d=mm&r=g","caption":"viktorwallen"},"url":"https:\/\/framtidenskarriar.se\/itdata\/author\/viktorwallen\/"}]}},"_links":{"self":[{"href":"https:\/\/framtidenskarriar.se\/itdata\/wp-json\/wp\/v2\/posts\/6284","targetHints":{"allow":["GET"]}}],"collection":[{"href":"https:\/\/framtidenskarriar.se\/itdata\/wp-json\/wp\/v2\/posts"}],"about":[{"href":"https:\/\/framtidenskarriar.se\/itdata\/wp-json\/wp\/v2\/types\/post"}],"author":[{"embeddable":true,"href":"https:\/\/framtidenskarriar.se\/itdata\/wp-json\/wp\/v2\/users\/2"}],"replies":[{"embeddable":true,"href":"https:\/\/framtidenskarriar.se\/itdata\/wp-json\/wp\/v2\/comments?post=6284"}],"version-history":[{"count":6,"href":"https:\/\/framtidenskarriar.se\/itdata\/wp-json\/wp\/v2\/posts\/6284\/revisions"}],"predecessor-version":[{"id":6455,"href":"https:\/\/framtidenskarriar.se\/itdata\/wp-json\/wp\/v2\/posts\/6284\/revisions\/6455"}],"wp:featuredmedia":[{"embeddable":true,"href":"https:\/\/framtidenskarriar.se\/itdata\/wp-json\/wp\/v2\/media\/6285"}],"wp:attachment":[{"href":"https:\/\/framtidenskarriar.se\/itdata\/wp-json\/wp\/v2\/media?parent=6284"}],"wp:term":[{"taxonomy":"category","embeddable":true,"href":"https:\/\/framtidenskarriar.se\/itdata\/wp-json\/wp\/v2\/categories?post=6284"},{"taxonomy":"post_tag","embeddable":true,"href":"https:\/\/framtidenskarriar.se\/itdata\/wp-json\/wp\/v2\/tags?post=6284"}],"curies":[{"name":"wp","href":"https:\/\/api.w.org\/{rel}","templated":true}]}}