{"id":6295,"date":"2020-03-10T16:14:53","date_gmt":"2020-03-10T16:14:53","guid":{"rendered":"https:\/\/framtidenskarriar.se\/itdata\/?p=6295"},"modified":"2020-11-10T14:41:24","modified_gmt":"2020-11-10T14:41:24","slug":"framtidens-fordonsindustri-ar-digital","status":"publish","type":"post","link":"https:\/\/framtidenskarriar.se\/itdata\/2020\/03\/10\/framtidens-fordonsindustri-ar-digital\/","title":{"rendered":"Framtidens fordonsindustri \u00e4r digital"},"content":{"rendered":"\n<figure class=\"wp-block-image alignnone size-full wp-image-6296\"><img loading=\"lazy\" decoding=\"async\" width=\"1000\" height=\"632\" src=\"https:\/\/framtidenskarriar.se\/itdata\/wp-content\/uploads\/sites\/13\/2020\/03\/fordon-20200228-odgard-kdw005-hr.jpg\" alt=\"\u00d6dg\u00e4rd Andersson, Chief Digital Officer p\u00e5 Volvo Cars. Foto: Volvo Cars\" class=\"wp-image-6296\" srcset=\"https:\/\/framtidenskarriar.se\/itdata\/wp-content\/uploads\/sites\/13\/2020\/03\/fordon-20200228-odgard-kdw005-hr.jpg 1000w, https:\/\/framtidenskarriar.se\/itdata\/wp-content\/uploads\/sites\/13\/2020\/03\/fordon-20200228-odgard-kdw005-hr-300x190.jpg 300w, https:\/\/framtidenskarriar.se\/itdata\/wp-content\/uploads\/sites\/13\/2020\/03\/fordon-20200228-odgard-kdw005-hr-768x485.jpg 768w, https:\/\/framtidenskarriar.se\/itdata\/wp-content\/uploads\/sites\/13\/2020\/03\/fordon-20200228-odgard-kdw005-hr-253x160.jpg 253w, https:\/\/framtidenskarriar.se\/itdata\/wp-content\/uploads\/sites\/13\/2020\/03\/fordon-20200228-odgard-kdw005-hr-526x332.jpg 526w, https:\/\/framtidenskarriar.se\/itdata\/wp-content\/uploads\/sites\/13\/2020\/03\/fordon-20200228-odgard-kdw005-hr-720x455.jpg 720w, https:\/\/framtidenskarriar.se\/itdata\/wp-content\/uploads\/sites\/13\/2020\/03\/fordon-20200228-odgard-kdw005-hr-960x607.jpg 960w\" sizes=\"auto, (max-width: 1000px) 100vw, 1000px\" \/><figcaption>\u00d6dg\u00e4rd Andersson, Chief Digital Officer p\u00e5 Volvo Cars. Foto: Volvo Cars<\/figcaption><\/figure>\n\n\n\n<p><strong>Digitalisering, elektrifiering, mobilitetstj\u00e4nster och autonom k\u00f6rning. Dessa \u00e4r de stora trenderna i fordonsindustrin. Hela ekosystemet p\u00e5verkas av digitaliseringen, fr\u00e5n backend-system till det som slutligen m\u00f6ter konsumenten.<\/strong><\/p>\n\n\n\n<p>\u2013 De stora trenderna \u00e4r elektrifiering, uppkoppling, autonom k\u00f6rning och mobilitet. Digitaliseringen l\u00f6per som en r\u00f6d tr\u00e5d. Vi ser att v\u00e5ra kunder f\u00f6rv\u00e4ntar sig digitala l\u00f6sningar som \u00e4r smidiga att anv\u00e4nda och fullt ut integrerade i deras digitala liv, s\u00e4ger \u00d6dg\u00e4rd Andersson, Chief Digital Officer p\u00e5 Volvo Cars, som leder f\u00f6retagets digitala omst\u00e4llning.<br>\u00d6dg\u00e4rd Andersson framh\u00e5ller att det \u00e4r sv\u00e5rt att s\u00e4ga exakt vilka tj\u00e4nster som kommer att bli st\u00f6rst i framtiden. Det som \u00e4r avg\u00f6rande f\u00f6r fordonsindustrin \u00e4r f\u00f6rm\u00e5gan att agera snabbt och g\u00f6ra de uppdateringar som kr\u00e4vs. Ett exempel p\u00e5 en ny, digital l\u00f6sning \u00e4r den tj\u00e4nst som Volvo Cars utvecklat f\u00f6r att prenumerera p\u00e5 bilen, ist\u00e4llet f\u00f6r traditionellt \u00e4garskap.<br>\u2013 Det inneb\u00e4r anpassningar av allt fr\u00e5n v\u00e5r hemsida till v\u00e5r app och v\u00e5ra IT-system s\u00e5 att kunderna hittar vad de vill ha, kommer i kontakt med oss n\u00e4r de vill, f\u00e5r sin bil och till slut r\u00e4tt r\u00e4kning i slutet av m\u00e5naden.<\/p>\n\n\n\n<blockquote class=\"wp-block-quote is-layout-flow wp-block-quote-is-layout-flow\"><p>&#8221;F\u00f6r oss \u00e4r alltid s\u00e4kerheten det viktigaste&#8221;<\/p><\/blockquote>\n\n\n\n<p><strong>AI driver f\u00f6r\u00e4ndring<\/strong><br>AI-utvecklingen \u00e4r en central kraft inom fordonsindustrins snabba f\u00f6r\u00e4ndring. Den p\u00e5verkar inom m\u00e5nga omr\u00e5den, s\u00e5som sj\u00e4lvk\u00f6rande bilar, d\u00e4r intelligenta algoritmer inneb\u00e4r att vi kan processa den enorma m\u00e4ngd data som samlas via sensorer i bilarna. AI m\u00f6jligg\u00f6r ocks\u00e5 en mer personlig anpassning av bilen, till exempel med en sj\u00e4lvl\u00e4rande digital assistent. Dessutom kan tekniken anv\u00e4ndas f\u00f6r att effektivisera allt fr\u00e5n produktion till logistik. Vi har egentligen bara skrapat p\u00e5 ytan av vad vi kommer kunna anv\u00e4nda tekniken till.<br>\u2013 F\u00f6r oss \u00e4r alltid s\u00e4kerheten det viktigaste. Vi ser sj\u00e4lvk\u00f6rande bilar som n\u00e4sta steg i att \u00f6ka s\u00e4kerheten. Det h\u00e4nder redan idag genom att bilar f\u00e5r fler funktioner som st\u00f6djer och avlastar f\u00f6rare i sv\u00e5ra situationer, och kommer att byggas p\u00e5 tills bilen blir fullt sj\u00e4lvk\u00f6rande i fler och fler trafiksituationer.<\/p>\n\n\n\n<p><strong>Digitala kompetenser<\/strong><br>Kompetensf\u00f6rs\u00f6rjningen \u00e4r en utmaning f\u00f6r branschen. M\u00e5nga fordonsf\u00f6retag \u00e4r p\u00e5 en resa mot att bli mjukvarubolag, d\u00e4r alla moderna digitala kompetenser \u00e4r centrala f\u00f6r framg\u00e5ng. F\u00f6retag som vill g\u00e5 i br\u00e4schen m\u00e5ste locka de fr\u00e4msta talangerna, som kan driva digitaliseringsprocessen, med nya kreativa arbetss\u00e4tt och l\u00f6sningar.<br>\u2013 Vi beh\u00f6ver st\u00e4rka oss och f\u00f6rnya inom m\u00e5nga omr\u00e5den f\u00f6r att lyckas med v\u00e5r ambition \u2013 allt fr\u00e5n AI och analytics till User Experience, app- och webbutveckling s\u00e5v\u00e4l som utveckling av embedded-mjukvara f\u00f6r bilen, ber\u00e4ttar \u00d6dg\u00e4rd Andersson.<br>Volvo Cars hamnar p\u00e5 en topposition i Framtidens Karri\u00e4r \u2013 It &amp; Datas unders\u00f6kning om vilka f\u00f6retag som it-specialister helst vill arbeta f\u00f6r. Varf\u00f6r \u00e4r branschen s\u00e5 popul\u00e4r?<br>\u2013 Jag tror att m\u00e5nga ser chansen att vara med och skapa stor f\u00f6r\u00e4ndring och p\u00e5verka inte bara Volvo utan faktiskt hela samh\u00e4llet. Att vara med om branschens resa fr\u00e5n traditionella produkter med f\u00f6rbr\u00e4nningsmotorer till att bli elektrifierade, digitala produkter och tj\u00e4nster skapade av mjukvara \u00e4r den perfekta m\u00f6jligheten att just p\u00e5verka, och det \u00e4r v\u00e4ldigt sp\u00e4nnande.<\/p>\n","protected":false},"excerpt":{"rendered":"<p>Digitalisering, elektrifiering, mobilitetstj\u00e4nster och autonom k\u00f6rning.<\/p>\n","protected":false},"author":2,"featured_media":6296,"comment_status":"closed","ping_status":"open","sticky":false,"template":"","format":"standard","meta":{"_acf_changed":false,"_monsterinsights_skip_tracking":false,"_monsterinsights_sitenote_active":false,"_monsterinsights_sitenote_note":"","_monsterinsights_sitenote_category":0,"footnotes":""},"categories":[1],"tags":[20,31,70,83,152,175,247,259],"class_list":["post-6295","post","type-post","status-publish","format-standard","has-post-thumbnail","hentry","category-artikel","tag-ai","tag-autonom-korning","tag-elektrifiering","tag-fordonsindustrin","tag-kompetensforsorjning","tag-mobilitet","tag-teknikutveckling","tag-uppkoppling"],"acf":[],"yoast_head":"<!-- This site is optimized with the Yoast SEO plugin v27.3 - https:\/\/yoast.com\/product\/yoast-seo-wordpress\/ -->\n<title>Framtidens fordonsindustri \u00e4r digital - Framtidens karri\u00e4r IT &amp; Data<\/title>\n<meta name=\"robots\" content=\"index, follow, max-snippet:-1, max-image-preview:large, max-video-preview:-1\" \/>\n<link rel=\"canonical\" href=\"https:\/\/framtidenskarriar.se\/itdata\/2020\/03\/10\/framtidens-fordonsindustri-ar-digital\/\" \/>\n<meta property=\"og:locale\" content=\"sv_SE\" \/>\n<meta property=\"og:type\" content=\"article\" \/>\n<meta property=\"og:title\" content=\"Framtidens fordonsindustri \u00e4r digital - Framtidens karri\u00e4r IT &amp; Data\" \/>\n<meta property=\"og:description\" content=\"Digitalisering, elektrifiering, mobilitetstj\u00e4nster och autonom k\u00f6rning.\" \/>\n<meta property=\"og:url\" content=\"https:\/\/framtidenskarriar.se\/itdata\/2020\/03\/10\/framtidens-fordonsindustri-ar-digital\/\" \/>\n<meta property=\"og:site_name\" content=\"Framtidens karri\u00e4r IT &amp; Data\" \/>\n<meta property=\"article:published_time\" content=\"2020-03-10T16:14:53+00:00\" \/>\n<meta property=\"article:modified_time\" content=\"2020-11-10T14:41:24+00:00\" \/>\n<meta property=\"og:image\" content=\"https:\/\/framtidenskarriar.se\/itdata\/wp-content\/uploads\/sites\/13\/2020\/03\/fordon-20200228-odgard-kdw005-hr.jpg\" \/>\n\t<meta property=\"og:image:width\" content=\"1000\" \/>\n\t<meta property=\"og:image:height\" content=\"632\" \/>\n\t<meta property=\"og:image:type\" content=\"image\/jpeg\" \/>\n<meta name=\"author\" content=\"viktorwallen\" \/>\n<meta name=\"twitter:card\" content=\"summary_large_image\" \/>\n<meta name=\"twitter:label1\" content=\"Skriven av\" \/>\n\t<meta name=\"twitter:data1\" content=\"viktorwallen\" \/>\n\t<meta name=\"twitter:label2\" content=\"Ber\u00e4knad l\u00e4stid\" \/>\n\t<meta name=\"twitter:data2\" content=\"3 minuter\" \/>\n<script type=\"application\/ld+json\" class=\"yoast-schema-graph\">{\"@context\":\"https:\\\/\\\/schema.org\",\"@graph\":[{\"@type\":\"Article\",\"@id\":\"https:\\\/\\\/framtidenskarriar.se\\\/itdata\\\/2020\\\/03\\\/10\\\/framtidens-fordonsindustri-ar-digital\\\/#article\",\"isPartOf\":{\"@id\":\"https:\\\/\\\/framtidenskarriar.se\\\/itdata\\\/2020\\\/03\\\/10\\\/framtidens-fordonsindustri-ar-digital\\\/\"},\"author\":{\"name\":\"viktorwallen\",\"@id\":\"https:\\\/\\\/framtidenskarriar.se\\\/itdata\\\/#\\\/schema\\\/person\\\/2a13a849ec7646386c2211f59afe3083\"},\"headline\":\"Framtidens fordonsindustri \u00e4r digital\",\"datePublished\":\"2020-03-10T16:14:53+00:00\",\"dateModified\":\"2020-11-10T14:41:24+00:00\",\"mainEntityOfPage\":{\"@id\":\"https:\\\/\\\/framtidenskarriar.se\\\/itdata\\\/2020\\\/03\\\/10\\\/framtidens-fordonsindustri-ar-digital\\\/\"},\"wordCount\":628,\"image\":{\"@id\":\"https:\\\/\\\/framtidenskarriar.se\\\/itdata\\\/2020\\\/03\\\/10\\\/framtidens-fordonsindustri-ar-digital\\\/#primaryimage\"},\"thumbnailUrl\":\"https:\\\/\\\/framtidenskarriar.se\\\/itdata\\\/wp-content\\\/uploads\\\/sites\\\/13\\\/2020\\\/03\\\/fordon-20200228-odgard-kdw005-hr.jpg\",\"keywords\":[\"AI\",\"Autonom k\u00f6rning\",\"Elektrifiering\",\"Fordonsindustrin\",\"Kompetensf\u00f6rs\u00f6rjning\",\"Mobilitet\",\"Teknikutveckling\",\"Uppkoppling\"],\"articleSection\":[\"Artikel\"],\"inLanguage\":\"sv-SE\"},{\"@type\":\"WebPage\",\"@id\":\"https:\\\/\\\/framtidenskarriar.se\\\/itdata\\\/2020\\\/03\\\/10\\\/framtidens-fordonsindustri-ar-digital\\\/\",\"url\":\"https:\\\/\\\/framtidenskarriar.se\\\/itdata\\\/2020\\\/03\\\/10\\\/framtidens-fordonsindustri-ar-digital\\\/\",\"name\":\"Framtidens fordonsindustri \u00e4r digital - Framtidens karri\u00e4r IT & Data\",\"isPartOf\":{\"@id\":\"https:\\\/\\\/framtidenskarriar.se\\\/itdata\\\/#website\"},\"primaryImageOfPage\":{\"@id\":\"https:\\\/\\\/framtidenskarriar.se\\\/itdata\\\/2020\\\/03\\\/10\\\/framtidens-fordonsindustri-ar-digital\\\/#primaryimage\"},\"image\":{\"@id\":\"https:\\\/\\\/framtidenskarriar.se\\\/itdata\\\/2020\\\/03\\\/10\\\/framtidens-fordonsindustri-ar-digital\\\/#primaryimage\"},\"thumbnailUrl\":\"https:\\\/\\\/framtidenskarriar.se\\\/itdata\\\/wp-content\\\/uploads\\\/sites\\\/13\\\/2020\\\/03\\\/fordon-20200228-odgard-kdw005-hr.jpg\",\"datePublished\":\"2020-03-10T16:14:53+00:00\",\"dateModified\":\"2020-11-10T14:41:24+00:00\",\"author\":{\"@id\":\"https:\\\/\\\/framtidenskarriar.se\\\/itdata\\\/#\\\/schema\\\/person\\\/2a13a849ec7646386c2211f59afe3083\"},\"breadcrumb\":{\"@id\":\"https:\\\/\\\/framtidenskarriar.se\\\/itdata\\\/2020\\\/03\\\/10\\\/framtidens-fordonsindustri-ar-digital\\\/#breadcrumb\"},\"inLanguage\":\"sv-SE\",\"potentialAction\":[{\"@type\":\"ReadAction\",\"target\":[\"https:\\\/\\\/framtidenskarriar.se\\\/itdata\\\/2020\\\/03\\\/10\\\/framtidens-fordonsindustri-ar-digital\\\/\"]}]},{\"@type\":\"ImageObject\",\"inLanguage\":\"sv-SE\",\"@id\":\"https:\\\/\\\/framtidenskarriar.se\\\/itdata\\\/2020\\\/03\\\/10\\\/framtidens-fordonsindustri-ar-digital\\\/#primaryimage\",\"url\":\"https:\\\/\\\/framtidenskarriar.se\\\/itdata\\\/wp-content\\\/uploads\\\/sites\\\/13\\\/2020\\\/03\\\/fordon-20200228-odgard-kdw005-hr.jpg\",\"contentUrl\":\"https:\\\/\\\/framtidenskarriar.se\\\/itdata\\\/wp-content\\\/uploads\\\/sites\\\/13\\\/2020\\\/03\\\/fordon-20200228-odgard-kdw005-hr.jpg\",\"width\":1000,\"height\":632,\"caption\":\"\u00d6dg\u00e4rd Andersson, Chief Digital Officer p\u00e5 Volvo Cars. Foto: Volvo Cars\"},{\"@type\":\"BreadcrumbList\",\"@id\":\"https:\\\/\\\/framtidenskarriar.se\\\/itdata\\\/2020\\\/03\\\/10\\\/framtidens-fordonsindustri-ar-digital\\\/#breadcrumb\",\"itemListElement\":[{\"@type\":\"ListItem\",\"position\":1,\"name\":\"Home\",\"item\":\"https:\\\/\\\/framtidenskarriar.se\\\/itdata\\\/\"},{\"@type\":\"ListItem\",\"position\":2,\"name\":\"Framtidens fordonsindustri \u00e4r digital\"}]},{\"@type\":\"WebSite\",\"@id\":\"https:\\\/\\\/framtidenskarriar.se\\\/itdata\\\/#website\",\"url\":\"https:\\\/\\\/framtidenskarriar.se\\\/itdata\\\/\",\"name\":\"Framtidens karri\u00e4r IT & Data\",\"description\":\"Just another NMDashboard.se Sites site\",\"potentialAction\":[{\"@type\":\"SearchAction\",\"target\":{\"@type\":\"EntryPoint\",\"urlTemplate\":\"https:\\\/\\\/framtidenskarriar.se\\\/itdata\\\/?s={search_term_string}\"},\"query-input\":{\"@type\":\"PropertyValueSpecification\",\"valueRequired\":true,\"valueName\":\"search_term_string\"}}],\"inLanguage\":\"sv-SE\"},{\"@type\":\"Person\",\"@id\":\"https:\\\/\\\/framtidenskarriar.se\\\/itdata\\\/#\\\/schema\\\/person\\\/2a13a849ec7646386c2211f59afe3083\",\"name\":\"viktorwallen\",\"image\":{\"@type\":\"ImageObject\",\"inLanguage\":\"sv-SE\",\"@id\":\"https:\\\/\\\/secure.gravatar.com\\\/avatar\\\/701701bd36169636031933997c8c6b954f2f635bbb7cd4802e4a007f9c9f4e59?s=96&d=mm&r=g\",\"url\":\"https:\\\/\\\/secure.gravatar.com\\\/avatar\\\/701701bd36169636031933997c8c6b954f2f635bbb7cd4802e4a007f9c9f4e59?s=96&d=mm&r=g\",\"contentUrl\":\"https:\\\/\\\/secure.gravatar.com\\\/avatar\\\/701701bd36169636031933997c8c6b954f2f635bbb7cd4802e4a007f9c9f4e59?s=96&d=mm&r=g\",\"caption\":\"viktorwallen\"},\"url\":\"https:\\\/\\\/framtidenskarriar.se\\\/itdata\\\/author\\\/viktorwallen\\\/\"}]}<\/script>\n<!-- \/ Yoast SEO plugin. -->","yoast_head_json":{"title":"Framtidens fordonsindustri \u00e4r digital - Framtidens karri\u00e4r IT & Data","robots":{"index":"index","follow":"follow","max-snippet":"max-snippet:-1","max-image-preview":"max-image-preview:large","max-video-preview":"max-video-preview:-1"},"canonical":"https:\/\/framtidenskarriar.se\/itdata\/2020\/03\/10\/framtidens-fordonsindustri-ar-digital\/","og_locale":"sv_SE","og_type":"article","og_title":"Framtidens fordonsindustri \u00e4r digital - Framtidens karri\u00e4r IT & Data","og_description":"Digitalisering, elektrifiering, mobilitetstj\u00e4nster och autonom k\u00f6rning.","og_url":"https:\/\/framtidenskarriar.se\/itdata\/2020\/03\/10\/framtidens-fordonsindustri-ar-digital\/","og_site_name":"Framtidens karri\u00e4r IT & Data","article_published_time":"2020-03-10T16:14:53+00:00","article_modified_time":"2020-11-10T14:41:24+00:00","og_image":[{"width":1000,"height":632,"url":"https:\/\/framtidenskarriar.se\/itdata\/wp-content\/uploads\/sites\/13\/2020\/03\/fordon-20200228-odgard-kdw005-hr.jpg","type":"image\/jpeg"}],"author":"viktorwallen","twitter_card":"summary_large_image","twitter_misc":{"Skriven av":"viktorwallen","Ber\u00e4knad l\u00e4stid":"3 minuter"},"schema":{"@context":"https:\/\/schema.org","@graph":[{"@type":"Article","@id":"https:\/\/framtidenskarriar.se\/itdata\/2020\/03\/10\/framtidens-fordonsindustri-ar-digital\/#article","isPartOf":{"@id":"https:\/\/framtidenskarriar.se\/itdata\/2020\/03\/10\/framtidens-fordonsindustri-ar-digital\/"},"author":{"name":"viktorwallen","@id":"https:\/\/framtidenskarriar.se\/itdata\/#\/schema\/person\/2a13a849ec7646386c2211f59afe3083"},"headline":"Framtidens fordonsindustri \u00e4r digital","datePublished":"2020-03-10T16:14:53+00:00","dateModified":"2020-11-10T14:41:24+00:00","mainEntityOfPage":{"@id":"https:\/\/framtidenskarriar.se\/itdata\/2020\/03\/10\/framtidens-fordonsindustri-ar-digital\/"},"wordCount":628,"image":{"@id":"https:\/\/framtidenskarriar.se\/itdata\/2020\/03\/10\/framtidens-fordonsindustri-ar-digital\/#primaryimage"},"thumbnailUrl":"https:\/\/framtidenskarriar.se\/itdata\/wp-content\/uploads\/sites\/13\/2020\/03\/fordon-20200228-odgard-kdw005-hr.jpg","keywords":["AI","Autonom k\u00f6rning","Elektrifiering","Fordonsindustrin","Kompetensf\u00f6rs\u00f6rjning","Mobilitet","Teknikutveckling","Uppkoppling"],"articleSection":["Artikel"],"inLanguage":"sv-SE"},{"@type":"WebPage","@id":"https:\/\/framtidenskarriar.se\/itdata\/2020\/03\/10\/framtidens-fordonsindustri-ar-digital\/","url":"https:\/\/framtidenskarriar.se\/itdata\/2020\/03\/10\/framtidens-fordonsindustri-ar-digital\/","name":"Framtidens fordonsindustri \u00e4r digital - Framtidens karri\u00e4r IT & Data","isPartOf":{"@id":"https:\/\/framtidenskarriar.se\/itdata\/#website"},"primaryImageOfPage":{"@id":"https:\/\/framtidenskarriar.se\/itdata\/2020\/03\/10\/framtidens-fordonsindustri-ar-digital\/#primaryimage"},"image":{"@id":"https:\/\/framtidenskarriar.se\/itdata\/2020\/03\/10\/framtidens-fordonsindustri-ar-digital\/#primaryimage"},"thumbnailUrl":"https:\/\/framtidenskarriar.se\/itdata\/wp-content\/uploads\/sites\/13\/2020\/03\/fordon-20200228-odgard-kdw005-hr.jpg","datePublished":"2020-03-10T16:14:53+00:00","dateModified":"2020-11-10T14:41:24+00:00","author":{"@id":"https:\/\/framtidenskarriar.se\/itdata\/#\/schema\/person\/2a13a849ec7646386c2211f59afe3083"},"breadcrumb":{"@id":"https:\/\/framtidenskarriar.se\/itdata\/2020\/03\/10\/framtidens-fordonsindustri-ar-digital\/#breadcrumb"},"inLanguage":"sv-SE","potentialAction":[{"@type":"ReadAction","target":["https:\/\/framtidenskarriar.se\/itdata\/2020\/03\/10\/framtidens-fordonsindustri-ar-digital\/"]}]},{"@type":"ImageObject","inLanguage":"sv-SE","@id":"https:\/\/framtidenskarriar.se\/itdata\/2020\/03\/10\/framtidens-fordonsindustri-ar-digital\/#primaryimage","url":"https:\/\/framtidenskarriar.se\/itdata\/wp-content\/uploads\/sites\/13\/2020\/03\/fordon-20200228-odgard-kdw005-hr.jpg","contentUrl":"https:\/\/framtidenskarriar.se\/itdata\/wp-content\/uploads\/sites\/13\/2020\/03\/fordon-20200228-odgard-kdw005-hr.jpg","width":1000,"height":632,"caption":"\u00d6dg\u00e4rd Andersson, Chief Digital Officer p\u00e5 Volvo Cars. Foto: Volvo Cars"},{"@type":"BreadcrumbList","@id":"https:\/\/framtidenskarriar.se\/itdata\/2020\/03\/10\/framtidens-fordonsindustri-ar-digital\/#breadcrumb","itemListElement":[{"@type":"ListItem","position":1,"name":"Home","item":"https:\/\/framtidenskarriar.se\/itdata\/"},{"@type":"ListItem","position":2,"name":"Framtidens fordonsindustri \u00e4r digital"}]},{"@type":"WebSite","@id":"https:\/\/framtidenskarriar.se\/itdata\/#website","url":"https:\/\/framtidenskarriar.se\/itdata\/","name":"Framtidens karri\u00e4r IT & Data","description":"Just another NMDashboard.se Sites site","potentialAction":[{"@type":"SearchAction","target":{"@type":"EntryPoint","urlTemplate":"https:\/\/framtidenskarriar.se\/itdata\/?s={search_term_string}"},"query-input":{"@type":"PropertyValueSpecification","valueRequired":true,"valueName":"search_term_string"}}],"inLanguage":"sv-SE"},{"@type":"Person","@id":"https:\/\/framtidenskarriar.se\/itdata\/#\/schema\/person\/2a13a849ec7646386c2211f59afe3083","name":"viktorwallen","image":{"@type":"ImageObject","inLanguage":"sv-SE","@id":"https:\/\/secure.gravatar.com\/avatar\/701701bd36169636031933997c8c6b954f2f635bbb7cd4802e4a007f9c9f4e59?s=96&d=mm&r=g","url":"https:\/\/secure.gravatar.com\/avatar\/701701bd36169636031933997c8c6b954f2f635bbb7cd4802e4a007f9c9f4e59?s=96&d=mm&r=g","contentUrl":"https:\/\/secure.gravatar.com\/avatar\/701701bd36169636031933997c8c6b954f2f635bbb7cd4802e4a007f9c9f4e59?s=96&d=mm&r=g","caption":"viktorwallen"},"url":"https:\/\/framtidenskarriar.se\/itdata\/author\/viktorwallen\/"}]}},"_links":{"self":[{"href":"https:\/\/framtidenskarriar.se\/itdata\/wp-json\/wp\/v2\/posts\/6295","targetHints":{"allow":["GET"]}}],"collection":[{"href":"https:\/\/framtidenskarriar.se\/itdata\/wp-json\/wp\/v2\/posts"}],"about":[{"href":"https:\/\/framtidenskarriar.se\/itdata\/wp-json\/wp\/v2\/types\/post"}],"author":[{"embeddable":true,"href":"https:\/\/framtidenskarriar.se\/itdata\/wp-json\/wp\/v2\/users\/2"}],"replies":[{"embeddable":true,"href":"https:\/\/framtidenskarriar.se\/itdata\/wp-json\/wp\/v2\/comments?post=6295"}],"version-history":[{"count":4,"href":"https:\/\/framtidenskarriar.se\/itdata\/wp-json\/wp\/v2\/posts\/6295\/revisions"}],"predecessor-version":[{"id":6633,"href":"https:\/\/framtidenskarriar.se\/itdata\/wp-json\/wp\/v2\/posts\/6295\/revisions\/6633"}],"wp:featuredmedia":[{"embeddable":true,"href":"https:\/\/framtidenskarriar.se\/itdata\/wp-json\/wp\/v2\/media\/6296"}],"wp:attachment":[{"href":"https:\/\/framtidenskarriar.se\/itdata\/wp-json\/wp\/v2\/media?parent=6295"}],"wp:term":[{"taxonomy":"category","embeddable":true,"href":"https:\/\/framtidenskarriar.se\/itdata\/wp-json\/wp\/v2\/categories?post=6295"},{"taxonomy":"post_tag","embeddable":true,"href":"https:\/\/framtidenskarriar.se\/itdata\/wp-json\/wp\/v2\/tags?post=6295"}],"curies":[{"name":"wp","href":"https:\/\/api.w.org\/{rel}","templated":true}]}}