{"id":6644,"date":"2021-03-08T13:00:04","date_gmt":"2021-03-08T13:00:04","guid":{"rendered":"https:\/\/framtidenskarriar.se\/itdata\/?p=6644"},"modified":"2022-02-18T08:24:57","modified_gmt":"2022-02-18T08:24:57","slug":"afry-driver-tekniken-framat","status":"publish","type":"post","link":"https:\/\/framtidenskarriar.se\/itdata\/2021\/03\/08\/afry-driver-tekniken-framat\/","title":{"rendered":"AFRY driver tekniken fram\u00e5t"},"content":{"rendered":"\n<figure class=\"wp-block-image size-large\"><img loading=\"lazy\" decoding=\"async\" width=\"1000\" height=\"646\" src=\"https:\/\/framtidenskarriar.se\/itdata\/wp-content\/uploads\/sites\/13\/2021\/03\/afry-0686.jpg\" alt=\"Jenny Gorner jobbar med cybers\u00e4kerhet p\u00e5 AFRY i G\u00f6teborg.\" class=\"wp-image-6646\" srcset=\"https:\/\/framtidenskarriar.se\/itdata\/wp-content\/uploads\/sites\/13\/2021\/03\/afry-0686.jpg 1000w, https:\/\/framtidenskarriar.se\/itdata\/wp-content\/uploads\/sites\/13\/2021\/03\/afry-0686-300x194.jpg 300w, https:\/\/framtidenskarriar.se\/itdata\/wp-content\/uploads\/sites\/13\/2021\/03\/afry-0686-768x496.jpg 768w, https:\/\/framtidenskarriar.se\/itdata\/wp-content\/uploads\/sites\/13\/2021\/03\/afry-0686-248x160.jpg 248w, https:\/\/framtidenskarriar.se\/itdata\/wp-content\/uploads\/sites\/13\/2021\/03\/afry-0686-526x340.jpg 526w, https:\/\/framtidenskarriar.se\/itdata\/wp-content\/uploads\/sites\/13\/2021\/03\/afry-0686-720x465.jpg 720w, https:\/\/framtidenskarriar.se\/itdata\/wp-content\/uploads\/sites\/13\/2021\/03\/afry-0686-960x620.jpg 960w\" sizes=\"auto, (max-width: 1000px) 100vw, 1000px\" \/><figcaption>Jenny Gorner jobbar med cybers\u00e4kerhet p\u00e5 AFRY i G\u00f6teborg. Foto: Lisa Jabar \/ AnnalisaFoto<\/figcaption><\/figure>\n\n\n\n<p><strong>AFRY jobbar i teknikens framkant varje dag, d\u00e4r medarbetarna utvecklas genom sp\u00e4nnande och banbrytande projekt. Nu s\u00f6ker AFRY fler konsulter inom cybers\u00e4kerhet och digitalisering.<\/strong><\/p>\n\n\n\n<p>Den digitala revolutionen inneb\u00e4r s\u00e5v\u00e4l m\u00f6jligheter som risker f\u00f6r v\u00e5rt samh\u00e4lle. AFRY m\u00f6ter dessa utmaningar i samarbete med sina kunder genom att bidra med marknadsledande expertis inom digital innovation och s\u00e4kerhet.<br>Jenny Gorner och hennes arbetskamrater i G\u00f6teborg bryter ny mark varje dag i sitt arbete med it-s\u00e4kerhet i framtidens bilar.<br>\u2013 Vi jobbar verkligen i teknikens framkant. Allteftersom bilarna blir mer uppkopplade beh\u00f6ver vi f\u00f6rst\u00e4rka s\u00e4kerheten s\u00e5 att de skyddas mot dataintr\u00e5ng. Det \u00e4r sp\u00e4nnande att jobba i fordonsbranschen mitt i det p\u00e5g\u00e5ende paradigmskiftet med elektrifiering, uppkoppling och sj\u00e4lvk\u00f6rande bilar, ber\u00e4ttar Jenny Gorner.<br>\u2013 Det kommer nya lagkrav och en ny ISO-standard f\u00f6r hur man ska jobba med cybers\u00e4kerhet f\u00f6r v\u00e4gfordon. Vi \u00e4r med i ISO-arbetsgruppen samtidigt som vi hj\u00e4lper kunderna att till\u00e4mpa standarden. Det \u00e4r en sp\u00e4nnande utmaning att utveckla metoden samtidigt som vi inf\u00f6r den.<\/p>\n\n\n\n<p class=\"has-color-gray-01-background-color has-background\"><strong><a href=\"https:\/\/afry.com\/en\/join-us\/available-jobs\" title=\"AFRY pres 2021 jobb ans\u00f6k\" target=\"_blank\" rel=\"noreferrer noopener\">Jobba med oss p\u00e5 AFRY. Klicka h\u00e4r f\u00f6r att se v\u00e5ra lediga tj\u00e4nster.<\/a><\/strong><\/p>\n\n\n\n<div class=\"wp-block-image\"><figure class=\"alignright size-large is-resized\"><img loading=\"lazy\" decoding=\"async\" src=\"https:\/\/framtidenskarriar.se\/itdata\/wp-content\/uploads\/sites\/13\/2021\/03\/afry-johanbjarneryd-a548175.jpg\" alt=\"Johan Bj\u00e4rneryd, it-arkitekt p\u00e5 AFRY i Karlstad.\" class=\"wp-image-6651\" width=\"125\" height=\"174\" srcset=\"https:\/\/framtidenskarriar.se\/itdata\/wp-content\/uploads\/sites\/13\/2021\/03\/afry-johanbjarneryd-a548175.jpg 500w, https:\/\/framtidenskarriar.se\/itdata\/wp-content\/uploads\/sites\/13\/2021\/03\/afry-johanbjarneryd-a548175-216x300.jpg 216w, https:\/\/framtidenskarriar.se\/itdata\/wp-content\/uploads\/sites\/13\/2021\/03\/afry-johanbjarneryd-a548175-115x160.jpg 115w\" sizes=\"auto, (max-width: 125px) 100vw, 125px\" \/><figcaption>Johan Bj\u00e4rneryd, it-arkitekt p\u00e5 AFRY i Karlstad.<\/figcaption><\/figure><\/div>\n\n\n\n<p><strong>St\u00e4ndig kompetensutveckling<\/strong><br>AFRY omv\u00e4rldsbevakar st\u00e4ndigt marknaden f\u00f6r att hj\u00e4lpa kunderna att bli mer framg\u00e5ngsrika.<br>\u2013 Som experter \u00e4r det v\u00e5rt jobb att f\u00f6resl\u00e5 nya tekniker som hj\u00e4lper kunden att ta n\u00e4sta steg. Det \u00e4r utmanande men ocks\u00e5 v\u00e4ldigt givande att hela tiden ha koll p\u00e5 allt nytt, s\u00e4ger Johan Bj\u00e4rneryd som leder en grupp i Karlstad.<br>\u2013 F\u00f6r en kund inom retail bygger vi nu en helt ny digital plattform f\u00f6r all data kring produkter, \u00f6ppettider, varuhus, kvitton, tidigare f\u00f6rs\u00e4ljning, med mera. Vi g\u00e5r i br\u00e4schen genom att anv\u00e4nda en teknik som \u00e4r ny p\u00e5 marknaden. Vi jobbar med data p\u00e5 ett nytt s\u00e4tt vilket ger kunden unika insikter, ber\u00e4ttar Johan.<\/p>\n\n\n\n<p><strong>Modiga och \u00f6dmjuka lagspelare<\/strong><br>M\u00e5ngfald \u00e4r viktigt p\u00e5 AFRY, d\u00e4r finns experter med olika erfarenheter och utbildningar, allt fr\u00e5n civilingenj\u00f6rer och systemvetare till sj\u00e4lvl\u00e4rda individer.<br>\u2013 Utbildning \u00e4r givetvis viktigt, men det \u00e4r \u00e4nnu mer avg\u00f6rande vilka egenskaper och erfarenheter du har. Framf\u00f6r allt gillar du att jobba i team och \u00e4r prestigel\u00f6s samtidigt som du har integritet att v\u00e5ga vara expert, s\u00e4ger Johan Bj\u00e4rneryd.<br>\u2013 Vi letar efter modiga, h\u00e4ngivna lagspelare som \u00e4r sj\u00e4lvg\u00e5ende och lyh\u00f6rda gentemot kunden, avslutar Jenny Gorner.<\/p>\n\n\n\n<p class=\"has-color-gray-01-background-color has-background\"><strong><a href=\"https:\/\/afry.com\/en\/join-us\/available-jobs\" title=\"AFRY pres 2021 jobb ans\u00f6k\" target=\"_blank\" rel=\"noreferrer noopener\">Jobba med oss p\u00e5 AFRY. Klicka h\u00e4r f\u00f6r att se v\u00e5ra lediga tj\u00e4nster.<\/a><\/strong><\/p>\n\n\n\n<div class=\"wp-block-group faktaruta has-color-white-01-background-color has-background\"><div class=\"wp-block-group__inner-container is-layout-flow wp-block-group-is-layout-flow\">\n<h6 class=\"wp-block-heading\" id=\"afry\">AFRY<\/h6>\n\n\n\n<p>f\u00f6retag inom teknik, design och r\u00e5dgivning, med global r\u00e4ckvidd. Vi bidrar till \u00f6verg\u00e5ngen mot ett mer h\u00e5llbart samh\u00e4lle. Vi \u00e4r 17 000 h\u00e4ngivna experter inom digitalisering och infrastruktur, industri och energi, som skapar h\u00e5llbara l\u00f6sningar f\u00f6r kommande generationer.<\/p>\n\n\n\n<h6 class=\"wp-block-heading\" id=\"afry-i-korthet\">Afry i korthet<\/h6>\n\n\n\n<ul class=\"wp-block-list\"><li>AFRY skapar h\u00e5llbara teknik- och designl\u00f6sningar.<\/li><li>\u00c5rsoms\u00e4ttningen uppg\u00e5r till cirka 20 miljarder kronor.<\/li><li>Vision: Providing leading solutions for generations to come. Making Future.<\/li><\/ul>\n\n\n\n<p><a href=\"https:\/\/afry.com\/en\" title=\"AFRY pres 2021 textlink\" target=\"_blank\" rel=\"noreferrer noopener\">afry.com<\/a><br><br><a href=\"https:\/\/afry.com\/en\" title=\"AFRY pres 2021 logotype\" target=\"_blank\" rel=\"noreferrer noopener\"><img loading=\"lazy\" decoding=\"async\" width=\"150\" height=\"43\" class=\"wp-image-6647\" style=\"width: 150px;\" src=\"https:\/\/framtidenskarriar.se\/itdata\/wp-content\/uploads\/sites\/13\/2021\/03\/afry-logotyp-liggande.png\" alt=\"\" srcset=\"https:\/\/framtidenskarriar.se\/itdata\/wp-content\/uploads\/sites\/13\/2021\/03\/afry-logotyp-liggande.png 500w, https:\/\/framtidenskarriar.se\/itdata\/wp-content\/uploads\/sites\/13\/2021\/03\/afry-logotyp-liggande-300x85.png 300w\" sizes=\"auto, (max-width: 150px) 100vw, 150px\" \/><\/a><\/p>\n<\/div><\/div>\n","protected":false},"excerpt":{"rendered":"<p>AFRY jobbar i teknikens framkant varje dag, d\u00e4r medarbetarna utvecklas genom sp\u00e4nnande och banbrytande projekt&#8230;.<\/p>\n","protected":false},"author":2,"featured_media":7016,"comment_status":"open","ping_status":"open","sticky":false,"template":"","format":"standard","meta":{"_acf_changed":false,"_monsterinsights_skip_tracking":false,"_monsterinsights_sitenote_active":false,"_monsterinsights_sitenote_note":"","_monsterinsights_sitenote_category":0,"footnotes":""},"categories":[9],"tags":[278,47,247],"class_list":["post-6644","post","type-post","status-publish","format-standard","has-post-thumbnail","hentry","category-presentation","tag-afry","tag-cybersakerhet","tag-teknikutveckling"],"acf":[],"yoast_head":"<!-- This site is optimized with the Yoast SEO plugin v27.3 - https:\/\/yoast.com\/product\/yoast-seo-wordpress\/ -->\n<title>AFRY driver tekniken fram\u00e5t - Framtidens karri\u00e4r IT &amp; Data<\/title>\n<meta name=\"robots\" content=\"index, follow, max-snippet:-1, max-image-preview:large, max-video-preview:-1\" \/>\n<link rel=\"canonical\" href=\"https:\/\/framtidenskarriar.se\/itdata\/2021\/03\/08\/afry-driver-tekniken-framat\/\" \/>\n<meta property=\"og:locale\" content=\"sv_SE\" \/>\n<meta property=\"og:type\" content=\"article\" \/>\n<meta property=\"og:title\" content=\"AFRY driver tekniken fram\u00e5t - Framtidens karri\u00e4r IT &amp; Data\" \/>\n<meta property=\"og:description\" content=\"AFRY jobbar i teknikens framkant varje dag, d\u00e4r medarbetarna utvecklas genom sp\u00e4nnande och banbrytande projekt....\" \/>\n<meta property=\"og:url\" content=\"https:\/\/framtidenskarriar.se\/itdata\/2021\/03\/08\/afry-driver-tekniken-framat\/\" \/>\n<meta property=\"og:site_name\" content=\"Framtidens karri\u00e4r IT &amp; Data\" \/>\n<meta property=\"article:published_time\" content=\"2021-03-08T13:00:04+00:00\" \/>\n<meta property=\"article:modified_time\" content=\"2022-02-18T08:24:57+00:00\" \/>\n<meta property=\"og:image\" content=\"https:\/\/framtidenskarriar.se\/itdata\/wp-content\/uploads\/sites\/13\/2021\/03\/afry-0686-utvald.jpg\" \/>\n\t<meta property=\"og:image:width\" content=\"1000\" \/>\n\t<meta property=\"og:image:height\" content=\"563\" \/>\n\t<meta property=\"og:image:type\" content=\"image\/jpeg\" \/>\n<meta name=\"author\" content=\"viktorwallen\" \/>\n<meta name=\"twitter:card\" content=\"summary_large_image\" \/>\n<meta name=\"twitter:label1\" content=\"Skriven av\" \/>\n\t<meta name=\"twitter:data1\" content=\"viktorwallen\" \/>\n\t<meta name=\"twitter:label2\" content=\"Ber\u00e4knad l\u00e4stid\" \/>\n\t<meta name=\"twitter:data2\" content=\"3 minuter\" \/>\n<script type=\"application\/ld+json\" class=\"yoast-schema-graph\">{\"@context\":\"https:\\\/\\\/schema.org\",\"@graph\":[{\"@type\":\"Article\",\"@id\":\"https:\\\/\\\/framtidenskarriar.se\\\/itdata\\\/2021\\\/03\\\/08\\\/afry-driver-tekniken-framat\\\/#article\",\"isPartOf\":{\"@id\":\"https:\\\/\\\/framtidenskarriar.se\\\/itdata\\\/2021\\\/03\\\/08\\\/afry-driver-tekniken-framat\\\/\"},\"author\":{\"name\":\"viktorwallen\",\"@id\":\"https:\\\/\\\/framtidenskarriar.se\\\/itdata\\\/#\\\/schema\\\/person\\\/2a13a849ec7646386c2211f59afe3083\"},\"headline\":\"AFRY driver tekniken fram\u00e5t\",\"datePublished\":\"2021-03-08T13:00:04+00:00\",\"dateModified\":\"2022-02-18T08:24:57+00:00\",\"mainEntityOfPage\":{\"@id\":\"https:\\\/\\\/framtidenskarriar.se\\\/itdata\\\/2021\\\/03\\\/08\\\/afry-driver-tekniken-framat\\\/\"},\"wordCount\":561,\"commentCount\":0,\"image\":{\"@id\":\"https:\\\/\\\/framtidenskarriar.se\\\/itdata\\\/2021\\\/03\\\/08\\\/afry-driver-tekniken-framat\\\/#primaryimage\"},\"thumbnailUrl\":\"https:\\\/\\\/framtidenskarriar.se\\\/itdata\\\/wp-content\\\/uploads\\\/sites\\\/13\\\/2021\\\/03\\\/afry-0686-utvald.jpg\",\"keywords\":[\"AFRY\",\"Cybers\u00e4kerhet\",\"Teknikutveckling\"],\"articleSection\":[\"Presentation\"],\"inLanguage\":\"sv-SE\",\"potentialAction\":[{\"@type\":\"CommentAction\",\"name\":\"Comment\",\"target\":[\"https:\\\/\\\/framtidenskarriar.se\\\/itdata\\\/2021\\\/03\\\/08\\\/afry-driver-tekniken-framat\\\/#respond\"]}]},{\"@type\":\"WebPage\",\"@id\":\"https:\\\/\\\/framtidenskarriar.se\\\/itdata\\\/2021\\\/03\\\/08\\\/afry-driver-tekniken-framat\\\/\",\"url\":\"https:\\\/\\\/framtidenskarriar.se\\\/itdata\\\/2021\\\/03\\\/08\\\/afry-driver-tekniken-framat\\\/\",\"name\":\"AFRY driver tekniken fram\u00e5t - Framtidens karri\u00e4r IT & Data\",\"isPartOf\":{\"@id\":\"https:\\\/\\\/framtidenskarriar.se\\\/itdata\\\/#website\"},\"primaryImageOfPage\":{\"@id\":\"https:\\\/\\\/framtidenskarriar.se\\\/itdata\\\/2021\\\/03\\\/08\\\/afry-driver-tekniken-framat\\\/#primaryimage\"},\"image\":{\"@id\":\"https:\\\/\\\/framtidenskarriar.se\\\/itdata\\\/2021\\\/03\\\/08\\\/afry-driver-tekniken-framat\\\/#primaryimage\"},\"thumbnailUrl\":\"https:\\\/\\\/framtidenskarriar.se\\\/itdata\\\/wp-content\\\/uploads\\\/sites\\\/13\\\/2021\\\/03\\\/afry-0686-utvald.jpg\",\"datePublished\":\"2021-03-08T13:00:04+00:00\",\"dateModified\":\"2022-02-18T08:24:57+00:00\",\"author\":{\"@id\":\"https:\\\/\\\/framtidenskarriar.se\\\/itdata\\\/#\\\/schema\\\/person\\\/2a13a849ec7646386c2211f59afe3083\"},\"breadcrumb\":{\"@id\":\"https:\\\/\\\/framtidenskarriar.se\\\/itdata\\\/2021\\\/03\\\/08\\\/afry-driver-tekniken-framat\\\/#breadcrumb\"},\"inLanguage\":\"sv-SE\",\"potentialAction\":[{\"@type\":\"ReadAction\",\"target\":[\"https:\\\/\\\/framtidenskarriar.se\\\/itdata\\\/2021\\\/03\\\/08\\\/afry-driver-tekniken-framat\\\/\"]}]},{\"@type\":\"ImageObject\",\"inLanguage\":\"sv-SE\",\"@id\":\"https:\\\/\\\/framtidenskarriar.se\\\/itdata\\\/2021\\\/03\\\/08\\\/afry-driver-tekniken-framat\\\/#primaryimage\",\"url\":\"https:\\\/\\\/framtidenskarriar.se\\\/itdata\\\/wp-content\\\/uploads\\\/sites\\\/13\\\/2021\\\/03\\\/afry-0686-utvald.jpg\",\"contentUrl\":\"https:\\\/\\\/framtidenskarriar.se\\\/itdata\\\/wp-content\\\/uploads\\\/sites\\\/13\\\/2021\\\/03\\\/afry-0686-utvald.jpg\",\"width\":1000,\"height\":563},{\"@type\":\"BreadcrumbList\",\"@id\":\"https:\\\/\\\/framtidenskarriar.se\\\/itdata\\\/2021\\\/03\\\/08\\\/afry-driver-tekniken-framat\\\/#breadcrumb\",\"itemListElement\":[{\"@type\":\"ListItem\",\"position\":1,\"name\":\"Home\",\"item\":\"https:\\\/\\\/framtidenskarriar.se\\\/itdata\\\/\"},{\"@type\":\"ListItem\",\"position\":2,\"name\":\"AFRY driver tekniken fram\u00e5t\"}]},{\"@type\":\"WebSite\",\"@id\":\"https:\\\/\\\/framtidenskarriar.se\\\/itdata\\\/#website\",\"url\":\"https:\\\/\\\/framtidenskarriar.se\\\/itdata\\\/\",\"name\":\"Framtidens karri\u00e4r IT & Data\",\"description\":\"Just another NMDashboard.se Sites site\",\"potentialAction\":[{\"@type\":\"SearchAction\",\"target\":{\"@type\":\"EntryPoint\",\"urlTemplate\":\"https:\\\/\\\/framtidenskarriar.se\\\/itdata\\\/?s={search_term_string}\"},\"query-input\":{\"@type\":\"PropertyValueSpecification\",\"valueRequired\":true,\"valueName\":\"search_term_string\"}}],\"inLanguage\":\"sv-SE\"},{\"@type\":\"Person\",\"@id\":\"https:\\\/\\\/framtidenskarriar.se\\\/itdata\\\/#\\\/schema\\\/person\\\/2a13a849ec7646386c2211f59afe3083\",\"name\":\"viktorwallen\",\"image\":{\"@type\":\"ImageObject\",\"inLanguage\":\"sv-SE\",\"@id\":\"https:\\\/\\\/secure.gravatar.com\\\/avatar\\\/701701bd36169636031933997c8c6b954f2f635bbb7cd4802e4a007f9c9f4e59?s=96&d=mm&r=g\",\"url\":\"https:\\\/\\\/secure.gravatar.com\\\/avatar\\\/701701bd36169636031933997c8c6b954f2f635bbb7cd4802e4a007f9c9f4e59?s=96&d=mm&r=g\",\"contentUrl\":\"https:\\\/\\\/secure.gravatar.com\\\/avatar\\\/701701bd36169636031933997c8c6b954f2f635bbb7cd4802e4a007f9c9f4e59?s=96&d=mm&r=g\",\"caption\":\"viktorwallen\"},\"url\":\"https:\\\/\\\/framtidenskarriar.se\\\/itdata\\\/author\\\/viktorwallen\\\/\"}]}<\/script>\n<!-- \/ Yoast SEO plugin. -->","yoast_head_json":{"title":"AFRY driver tekniken fram\u00e5t - Framtidens karri\u00e4r IT & Data","robots":{"index":"index","follow":"follow","max-snippet":"max-snippet:-1","max-image-preview":"max-image-preview:large","max-video-preview":"max-video-preview:-1"},"canonical":"https:\/\/framtidenskarriar.se\/itdata\/2021\/03\/08\/afry-driver-tekniken-framat\/","og_locale":"sv_SE","og_type":"article","og_title":"AFRY driver tekniken fram\u00e5t - Framtidens karri\u00e4r IT & Data","og_description":"AFRY jobbar i teknikens framkant varje dag, d\u00e4r medarbetarna utvecklas genom sp\u00e4nnande och banbrytande projekt....","og_url":"https:\/\/framtidenskarriar.se\/itdata\/2021\/03\/08\/afry-driver-tekniken-framat\/","og_site_name":"Framtidens karri\u00e4r IT & Data","article_published_time":"2021-03-08T13:00:04+00:00","article_modified_time":"2022-02-18T08:24:57+00:00","og_image":[{"width":1000,"height":563,"url":"https:\/\/framtidenskarriar.se\/itdata\/wp-content\/uploads\/sites\/13\/2021\/03\/afry-0686-utvald.jpg","type":"image\/jpeg"}],"author":"viktorwallen","twitter_card":"summary_large_image","twitter_misc":{"Skriven av":"viktorwallen","Ber\u00e4knad l\u00e4stid":"3 minuter"},"schema":{"@context":"https:\/\/schema.org","@graph":[{"@type":"Article","@id":"https:\/\/framtidenskarriar.se\/itdata\/2021\/03\/08\/afry-driver-tekniken-framat\/#article","isPartOf":{"@id":"https:\/\/framtidenskarriar.se\/itdata\/2021\/03\/08\/afry-driver-tekniken-framat\/"},"author":{"name":"viktorwallen","@id":"https:\/\/framtidenskarriar.se\/itdata\/#\/schema\/person\/2a13a849ec7646386c2211f59afe3083"},"headline":"AFRY driver tekniken fram\u00e5t","datePublished":"2021-03-08T13:00:04+00:00","dateModified":"2022-02-18T08:24:57+00:00","mainEntityOfPage":{"@id":"https:\/\/framtidenskarriar.se\/itdata\/2021\/03\/08\/afry-driver-tekniken-framat\/"},"wordCount":561,"commentCount":0,"image":{"@id":"https:\/\/framtidenskarriar.se\/itdata\/2021\/03\/08\/afry-driver-tekniken-framat\/#primaryimage"},"thumbnailUrl":"https:\/\/framtidenskarriar.se\/itdata\/wp-content\/uploads\/sites\/13\/2021\/03\/afry-0686-utvald.jpg","keywords":["AFRY","Cybers\u00e4kerhet","Teknikutveckling"],"articleSection":["Presentation"],"inLanguage":"sv-SE","potentialAction":[{"@type":"CommentAction","name":"Comment","target":["https:\/\/framtidenskarriar.se\/itdata\/2021\/03\/08\/afry-driver-tekniken-framat\/#respond"]}]},{"@type":"WebPage","@id":"https:\/\/framtidenskarriar.se\/itdata\/2021\/03\/08\/afry-driver-tekniken-framat\/","url":"https:\/\/framtidenskarriar.se\/itdata\/2021\/03\/08\/afry-driver-tekniken-framat\/","name":"AFRY driver tekniken fram\u00e5t - Framtidens karri\u00e4r IT & Data","isPartOf":{"@id":"https:\/\/framtidenskarriar.se\/itdata\/#website"},"primaryImageOfPage":{"@id":"https:\/\/framtidenskarriar.se\/itdata\/2021\/03\/08\/afry-driver-tekniken-framat\/#primaryimage"},"image":{"@id":"https:\/\/framtidenskarriar.se\/itdata\/2021\/03\/08\/afry-driver-tekniken-framat\/#primaryimage"},"thumbnailUrl":"https:\/\/framtidenskarriar.se\/itdata\/wp-content\/uploads\/sites\/13\/2021\/03\/afry-0686-utvald.jpg","datePublished":"2021-03-08T13:00:04+00:00","dateModified":"2022-02-18T08:24:57+00:00","author":{"@id":"https:\/\/framtidenskarriar.se\/itdata\/#\/schema\/person\/2a13a849ec7646386c2211f59afe3083"},"breadcrumb":{"@id":"https:\/\/framtidenskarriar.se\/itdata\/2021\/03\/08\/afry-driver-tekniken-framat\/#breadcrumb"},"inLanguage":"sv-SE","potentialAction":[{"@type":"ReadAction","target":["https:\/\/framtidenskarriar.se\/itdata\/2021\/03\/08\/afry-driver-tekniken-framat\/"]}]},{"@type":"ImageObject","inLanguage":"sv-SE","@id":"https:\/\/framtidenskarriar.se\/itdata\/2021\/03\/08\/afry-driver-tekniken-framat\/#primaryimage","url":"https:\/\/framtidenskarriar.se\/itdata\/wp-content\/uploads\/sites\/13\/2021\/03\/afry-0686-utvald.jpg","contentUrl":"https:\/\/framtidenskarriar.se\/itdata\/wp-content\/uploads\/sites\/13\/2021\/03\/afry-0686-utvald.jpg","width":1000,"height":563},{"@type":"BreadcrumbList","@id":"https:\/\/framtidenskarriar.se\/itdata\/2021\/03\/08\/afry-driver-tekniken-framat\/#breadcrumb","itemListElement":[{"@type":"ListItem","position":1,"name":"Home","item":"https:\/\/framtidenskarriar.se\/itdata\/"},{"@type":"ListItem","position":2,"name":"AFRY driver tekniken fram\u00e5t"}]},{"@type":"WebSite","@id":"https:\/\/framtidenskarriar.se\/itdata\/#website","url":"https:\/\/framtidenskarriar.se\/itdata\/","name":"Framtidens karri\u00e4r IT & Data","description":"Just another NMDashboard.se Sites site","potentialAction":[{"@type":"SearchAction","target":{"@type":"EntryPoint","urlTemplate":"https:\/\/framtidenskarriar.se\/itdata\/?s={search_term_string}"},"query-input":{"@type":"PropertyValueSpecification","valueRequired":true,"valueName":"search_term_string"}}],"inLanguage":"sv-SE"},{"@type":"Person","@id":"https:\/\/framtidenskarriar.se\/itdata\/#\/schema\/person\/2a13a849ec7646386c2211f59afe3083","name":"viktorwallen","image":{"@type":"ImageObject","inLanguage":"sv-SE","@id":"https:\/\/secure.gravatar.com\/avatar\/701701bd36169636031933997c8c6b954f2f635bbb7cd4802e4a007f9c9f4e59?s=96&d=mm&r=g","url":"https:\/\/secure.gravatar.com\/avatar\/701701bd36169636031933997c8c6b954f2f635bbb7cd4802e4a007f9c9f4e59?s=96&d=mm&r=g","contentUrl":"https:\/\/secure.gravatar.com\/avatar\/701701bd36169636031933997c8c6b954f2f635bbb7cd4802e4a007f9c9f4e59?s=96&d=mm&r=g","caption":"viktorwallen"},"url":"https:\/\/framtidenskarriar.se\/itdata\/author\/viktorwallen\/"}]}},"_links":{"self":[{"href":"https:\/\/framtidenskarriar.se\/itdata\/wp-json\/wp\/v2\/posts\/6644","targetHints":{"allow":["GET"]}}],"collection":[{"href":"https:\/\/framtidenskarriar.se\/itdata\/wp-json\/wp\/v2\/posts"}],"about":[{"href":"https:\/\/framtidenskarriar.se\/itdata\/wp-json\/wp\/v2\/types\/post"}],"author":[{"embeddable":true,"href":"https:\/\/framtidenskarriar.se\/itdata\/wp-json\/wp\/v2\/users\/2"}],"replies":[{"embeddable":true,"href":"https:\/\/framtidenskarriar.se\/itdata\/wp-json\/wp\/v2\/comments?post=6644"}],"version-history":[{"count":15,"href":"https:\/\/framtidenskarriar.se\/itdata\/wp-json\/wp\/v2\/posts\/6644\/revisions"}],"predecessor-version":[{"id":7115,"href":"https:\/\/framtidenskarriar.se\/itdata\/wp-json\/wp\/v2\/posts\/6644\/revisions\/7115"}],"wp:featuredmedia":[{"embeddable":true,"href":"https:\/\/framtidenskarriar.se\/itdata\/wp-json\/wp\/v2\/media\/7016"}],"wp:attachment":[{"href":"https:\/\/framtidenskarriar.se\/itdata\/wp-json\/wp\/v2\/media?parent=6644"}],"wp:term":[{"taxonomy":"category","embeddable":true,"href":"https:\/\/framtidenskarriar.se\/itdata\/wp-json\/wp\/v2\/categories?post=6644"},{"taxonomy":"post_tag","embeddable":true,"href":"https:\/\/framtidenskarriar.se\/itdata\/wp-json\/wp\/v2\/tags?post=6644"}],"curies":[{"name":"wp","href":"https:\/\/api.w.org\/{rel}","templated":true}]}}