{"id":6687,"date":"2021-03-08T14:48:14","date_gmt":"2021-03-08T14:48:14","guid":{"rendered":"https:\/\/framtidenskarriar.se\/itdata\/?p=6687"},"modified":"2022-02-18T08:25:35","modified_gmt":"2022-02-18T08:25:35","slug":"spannande-mojligheter-pa-abb","status":"publish","type":"post","link":"https:\/\/framtidenskarriar.se\/itdata\/2021\/03\/08\/spannande-mojligheter-pa-abb\/","title":{"rendered":"Sp\u00e4nnande m\u00f6jligheter p\u00e5 ABB"},"content":{"rendered":"\n<figure class=\"wp-block-image size-large\"><img loading=\"lazy\" decoding=\"async\" width=\"1000\" height=\"635\" src=\"https:\/\/framtidenskarriar.se\/itdata\/wp-content\/uploads\/sites\/13\/2021\/03\/abb-img-2103.jpg\" alt=\"Elin L\u00f6fvendahl, agil projektledare.\" class=\"wp-image-6688\" srcset=\"https:\/\/framtidenskarriar.se\/itdata\/wp-content\/uploads\/sites\/13\/2021\/03\/abb-img-2103.jpg 1000w, https:\/\/framtidenskarriar.se\/itdata\/wp-content\/uploads\/sites\/13\/2021\/03\/abb-img-2103-300x191.jpg 300w, https:\/\/framtidenskarriar.se\/itdata\/wp-content\/uploads\/sites\/13\/2021\/03\/abb-img-2103-768x488.jpg 768w, https:\/\/framtidenskarriar.se\/itdata\/wp-content\/uploads\/sites\/13\/2021\/03\/abb-img-2103-252x160.jpg 252w, https:\/\/framtidenskarriar.se\/itdata\/wp-content\/uploads\/sites\/13\/2021\/03\/abb-img-2103-526x334.jpg 526w, https:\/\/framtidenskarriar.se\/itdata\/wp-content\/uploads\/sites\/13\/2021\/03\/abb-img-2103-720x457.jpg 720w, https:\/\/framtidenskarriar.se\/itdata\/wp-content\/uploads\/sites\/13\/2021\/03\/abb-img-2103-960x610.jpg 960w\" sizes=\"auto, (max-width: 1000px) 100vw, 1000px\" \/><figcaption>Elin L\u00f6fvendahl, agil projektledare.<\/figcaption><\/figure>\n\n\n\n<p><strong>Digitaliseringen av industrin driver p\u00e5 innovationstakten p\u00e5 ABB Process Industries. H\u00e4r utvecklas medarbetarna genom att jobba i sp\u00e4nnande projekt och st\u00f6tta varandra. Ny teknik skapar nytta f\u00f6r kunderna.<\/strong><\/p>\n\n\n\n<p>Ny teknik ger stora m\u00f6jligheter, men det g\u00e4ller att anv\u00e4nda den r\u00e4tt f\u00f6r att maximera nyttan. Elin L\u00f6fvendahl \u00e4r agil projektledare med ett stort intresse f\u00f6r hur tekniken kan hj\u00e4lpa oss.<br>\u2013 Jag jobbar med digitaliseringsprojekt i svensk industri och drivs av att kunna underl\u00e4tta f\u00f6r v\u00e5ra kunder med ny teknik. Min utbildning till civilingenj\u00f6r handlade om b\u00e5de den tekniska sidan och f\u00f6rst\u00e5elsen f\u00f6r hur m\u00e4nniskan tar till sig digitaliseringen. Den kunskapen har jag nytta av.<\/p>\n\n\n\n<p class=\"has-color-gray-01-background-color has-background\"><strong><a href=\"https:\/\/new.abb.com\/jobs\/sv\/center#JobCountry=SE\" title=\"ABB pres 2021 jobb ans\u00f6k\" target=\"_blank\" rel=\"noreferrer noopener\">Jobba med oss p\u00e5 ABB. Klicka h\u00e4r f\u00f6r att se v\u00e5ra lediga tj\u00e4nster.<\/a><\/strong><\/p>\n\n\n\n<p><strong>S\u00e4krare med IT<\/strong><br>Elin L\u00f6fvendahl jobbar bland annat med digitala gruvprojekt, d\u00e4r Sverige \u00e4r ett av de l\u00e4nder som har kommit l\u00e4ngst.<br>\u2013 Vi jobbar med att ta fram nya metoder och smartare l\u00f6sningar f\u00f6r framtidens h\u00e5llbara gruvdrift. Vi jobbar ocks\u00e5 med att s\u00e4kerst\u00e4lla h\u00f6g produktivitet f\u00f6r v\u00e5ra kunder genom att bevaka deras processer online. ABB \u00e4r ett roligt f\u00f6retag att jobba p\u00e5, det h\u00e4nder mycket.<br>En annan typ av s\u00e4kerhet handlar om skydd mot dataintr\u00e5ng. Mattias Karp Gidl\u00f6f jobbar med IT-s\u00e4kerhet i industriella styrsystem.<br>\u2013 Styrsystem f\u00f6r st\u00e5lverk, gruvor och annan industri hotas av IT-attacker. En sv\u00e5r balans \u00e4r att samtidigt som s\u00e4kerheten \u00e4r otroligt viktig, ska produktionssystemen alltid vara ig\u00e5ng. Det betyder att jag oftast beh\u00f6ver implementera l\u00f6sningar under p\u00e5g\u00e5ende produktion. IT-s\u00e4kerhet \u00e4r ett st\u00e4ndigt evolverande omr\u00e5de d\u00e4r jag aldrig blir full\u00e4rd, s\u00e4ger Mattias Karp Gidl\u00f6f.<\/p>\n\n\n\n<div class=\"wp-block-image\"><figure class=\"aligncenter size-large\"><img loading=\"lazy\" decoding=\"async\" width=\"1000\" height=\"634\" src=\"https:\/\/framtidenskarriar.se\/itdata\/wp-content\/uploads\/sites\/13\/2021\/03\/abb-mattiasgidlof.jpg\" alt=\"Mattias Karp Gidl\u00f6f, expert p\u00e5 automations- och cybers\u00e4kerhet. Foto: Jonas Bilberg\" class=\"wp-image-6690\" srcset=\"https:\/\/framtidenskarriar.se\/itdata\/wp-content\/uploads\/sites\/13\/2021\/03\/abb-mattiasgidlof.jpg 1000w, https:\/\/framtidenskarriar.se\/itdata\/wp-content\/uploads\/sites\/13\/2021\/03\/abb-mattiasgidlof-300x190.jpg 300w, https:\/\/framtidenskarriar.se\/itdata\/wp-content\/uploads\/sites\/13\/2021\/03\/abb-mattiasgidlof-768x487.jpg 768w, https:\/\/framtidenskarriar.se\/itdata\/wp-content\/uploads\/sites\/13\/2021\/03\/abb-mattiasgidlof-252x160.jpg 252w, https:\/\/framtidenskarriar.se\/itdata\/wp-content\/uploads\/sites\/13\/2021\/03\/abb-mattiasgidlof-526x333.jpg 526w, https:\/\/framtidenskarriar.se\/itdata\/wp-content\/uploads\/sites\/13\/2021\/03\/abb-mattiasgidlof-720x456.jpg 720w, https:\/\/framtidenskarriar.se\/itdata\/wp-content\/uploads\/sites\/13\/2021\/03\/abb-mattiasgidlof-960x609.jpg 960w\" sizes=\"auto, (max-width: 1000px) 100vw, 1000px\" \/><figcaption>Mattias Karp Gidl\u00f6f, expert p\u00e5 automations- och cybers\u00e4kerhet. Foto: Jonas Bilberg<\/figcaption><\/figure><\/div>\n\n\n\n<p><strong>St\u00f6ttande medarbetare<\/strong><br>Nyfikenhet och teknikintresse \u00e4r bra egenskaper f\u00f6r den som vill jobba med IT p\u00e5 ABB. Samtidigt som du hela tiden beh\u00f6ver utvecklas och l\u00e4ra dig nya saker, \u00e4r du aldrig ensam.<br>\u2013 Jag har mycket kompetens i ryggen eftersom duktiga medarbetare g\u00e4rna delar med sig av sin kompetens. F\u00f6r att omr\u00e5den inte ska vara f\u00f6r personberoende, sprider vi g\u00e4rna kunskap mellan kollegor. Det handlar om att hj\u00e4lpa kunderna i slut\u00e4nden, ber\u00e4ttar Mattias Karp Gidl\u00f6f.<br>Variation, nya utmaningar och h\u00e4rliga kollegor \u00e4r bara n\u00e5gra av f\u00f6rdelarna med att arbeta p\u00e5 ABB. Elin L\u00f6fvendahl har bara en sak hon vill f\u00f6r\u00e4ndra:<br>\u2013 M\u00e5nga tjejer \u00e4r lite skr\u00e4mda av industrin och tror att det \u00e4r s\u00e5 sv\u00e5rt. Genom att v\u00e5ga och vara nyfiken, kommer du l\u00e5ngt. Jag vill g\u00e4rna se fler kvinnor inom industrin.<\/p>\n\n\n\n<p class=\"has-color-gray-01-background-color has-background\"><strong><a href=\"https:\/\/new.abb.com\/jobs\/sv\/center#JobCountry=SE\" title=\"ABB pres 2021 jobb ans\u00f6k\" target=\"_blank\" rel=\"noreferrer noopener\">Jobba med oss p\u00e5 ABB. Klicka h\u00e4r f\u00f6r att se v\u00e5ra lediga tj\u00e4nster.<\/a><\/strong><\/p>\n\n\n\n<div class=\"wp-block-group faktaruta\"><div class=\"wp-block-group__inner-container is-layout-flow wp-block-group-is-layout-flow\">\n<h6 class=\"wp-block-heading\" id=\"abb\">ABB<\/h6>\n\n\n\n<p>ABB \u00e4r ett ledande globalt teknikbolag som driver omst\u00e4llningen av samh\u00e4lle och industri f\u00f6r att uppn\u00e5 en mer produktiv och h\u00e5llbar framtid. F\u00f6retaget \u00e4r en pionj\u00e4r inom banbrytande teknik f\u00f6r digitala industrier. Nu beh\u00f6ver ABB fler ingenj\u00f6rer inom IT, datateknik och teknisk fysik samt data- och systemvetare.<br><br><strong><a href=\"https:\/\/new.abb.com\/se\/jobba-hos-oss\" title=\"ABB pres 2021 textlink\" target=\"_blank\" rel=\"noreferrer noopener\">new.abb.com\/se\/jobba-hos-oss<\/a><\/strong><br><br><a href=\"https:\/\/new.abb.com\/se\/jobba-hos-oss\" title=\"ABB pres 2021 logotype\" target=\"_blank\" rel=\"noreferrer noopener\"><img loading=\"lazy\" decoding=\"async\" width=\"150\" height=\"57\" class=\"wp-image-6689\" style=\"width: 150px;\" src=\"https:\/\/framtidenskarriar.se\/itdata\/wp-content\/uploads\/sites\/13\/2021\/03\/abb-logo-print-cmyk.png\" alt=\"\" srcset=\"https:\/\/framtidenskarriar.se\/itdata\/wp-content\/uploads\/sites\/13\/2021\/03\/abb-logo-print-cmyk.png 500w, https:\/\/framtidenskarriar.se\/itdata\/wp-content\/uploads\/sites\/13\/2021\/03\/abb-logo-print-cmyk-300x115.png 300w, https:\/\/framtidenskarriar.se\/itdata\/wp-content\/uploads\/sites\/13\/2021\/03\/abb-logo-print-cmyk-419x160.png 419w\" sizes=\"auto, (max-width: 150px) 100vw, 150px\" \/><\/a><\/p>\n<\/div><\/div>\n","protected":false},"excerpt":{"rendered":"<p>Ny teknik skapar nytta f\u00f6r kunderna.<\/p>\n","protected":false},"author":2,"featured_media":6688,"comment_status":"open","ping_status":"open","sticky":false,"template":"","format":"standard","meta":{"_acf_changed":false,"_monsterinsights_skip_tracking":false,"_monsterinsights_sitenote_active":false,"_monsterinsights_sitenote_note":"","_monsterinsights_sitenote_category":0,"footnotes":""},"categories":[9],"tags":[15],"class_list":["post-6687","post","type-post","status-publish","format-standard","has-post-thumbnail","hentry","category-presentation","tag-abb"],"acf":[],"yoast_head":"<!-- This site is optimized with the Yoast SEO plugin v27.3 - https:\/\/yoast.com\/product\/yoast-seo-wordpress\/ -->\n<title>Sp\u00e4nnande m\u00f6jligheter p\u00e5 ABB - Framtidens karri\u00e4r IT &amp; Data<\/title>\n<meta name=\"robots\" content=\"index, follow, max-snippet:-1, max-image-preview:large, max-video-preview:-1\" \/>\n<link rel=\"canonical\" href=\"https:\/\/framtidenskarriar.se\/itdata\/2021\/03\/08\/spannande-mojligheter-pa-abb\/\" \/>\n<meta property=\"og:locale\" content=\"sv_SE\" \/>\n<meta property=\"og:type\" content=\"article\" \/>\n<meta property=\"og:title\" content=\"Sp\u00e4nnande m\u00f6jligheter p\u00e5 ABB - Framtidens karri\u00e4r IT &amp; Data\" \/>\n<meta property=\"og:description\" content=\"Ny teknik skapar nytta f\u00f6r kunderna.\" \/>\n<meta property=\"og:url\" content=\"https:\/\/framtidenskarriar.se\/itdata\/2021\/03\/08\/spannande-mojligheter-pa-abb\/\" \/>\n<meta property=\"og:site_name\" content=\"Framtidens karri\u00e4r IT &amp; Data\" \/>\n<meta property=\"article:published_time\" content=\"2021-03-08T14:48:14+00:00\" \/>\n<meta property=\"article:modified_time\" content=\"2022-02-18T08:25:35+00:00\" \/>\n<meta property=\"og:image\" content=\"https:\/\/framtidenskarriar.se\/itdata\/wp-content\/uploads\/sites\/13\/2021\/03\/abb-img-2103.jpg\" \/>\n\t<meta property=\"og:image:width\" content=\"1000\" \/>\n\t<meta property=\"og:image:height\" content=\"635\" \/>\n\t<meta property=\"og:image:type\" content=\"image\/jpeg\" \/>\n<meta name=\"author\" content=\"viktorwallen\" \/>\n<meta name=\"twitter:card\" content=\"summary_large_image\" \/>\n<meta name=\"twitter:label1\" content=\"Skriven av\" \/>\n\t<meta name=\"twitter:data1\" content=\"viktorwallen\" \/>\n\t<meta name=\"twitter:label2\" content=\"Ber\u00e4knad l\u00e4stid\" \/>\n\t<meta name=\"twitter:data2\" content=\"3 minuter\" \/>\n<script type=\"application\/ld+json\" class=\"yoast-schema-graph\">{\"@context\":\"https:\\\/\\\/schema.org\",\"@graph\":[{\"@type\":\"Article\",\"@id\":\"https:\\\/\\\/framtidenskarriar.se\\\/itdata\\\/2021\\\/03\\\/08\\\/spannande-mojligheter-pa-abb\\\/#article\",\"isPartOf\":{\"@id\":\"https:\\\/\\\/framtidenskarriar.se\\\/itdata\\\/2021\\\/03\\\/08\\\/spannande-mojligheter-pa-abb\\\/\"},\"author\":{\"name\":\"viktorwallen\",\"@id\":\"https:\\\/\\\/framtidenskarriar.se\\\/itdata\\\/#\\\/schema\\\/person\\\/2a13a849ec7646386c2211f59afe3083\"},\"headline\":\"Sp\u00e4nnande m\u00f6jligheter p\u00e5 ABB\",\"datePublished\":\"2021-03-08T14:48:14+00:00\",\"dateModified\":\"2022-02-18T08:25:35+00:00\",\"mainEntityOfPage\":{\"@id\":\"https:\\\/\\\/framtidenskarriar.se\\\/itdata\\\/2021\\\/03\\\/08\\\/spannande-mojligheter-pa-abb\\\/\"},\"wordCount\":571,\"commentCount\":0,\"image\":{\"@id\":\"https:\\\/\\\/framtidenskarriar.se\\\/itdata\\\/2021\\\/03\\\/08\\\/spannande-mojligheter-pa-abb\\\/#primaryimage\"},\"thumbnailUrl\":\"https:\\\/\\\/framtidenskarriar.se\\\/itdata\\\/wp-content\\\/uploads\\\/sites\\\/13\\\/2021\\\/03\\\/abb-img-2103.jpg\",\"keywords\":[\"ABB\"],\"articleSection\":[\"Presentation\"],\"inLanguage\":\"sv-SE\",\"potentialAction\":[{\"@type\":\"CommentAction\",\"name\":\"Comment\",\"target\":[\"https:\\\/\\\/framtidenskarriar.se\\\/itdata\\\/2021\\\/03\\\/08\\\/spannande-mojligheter-pa-abb\\\/#respond\"]}]},{\"@type\":\"WebPage\",\"@id\":\"https:\\\/\\\/framtidenskarriar.se\\\/itdata\\\/2021\\\/03\\\/08\\\/spannande-mojligheter-pa-abb\\\/\",\"url\":\"https:\\\/\\\/framtidenskarriar.se\\\/itdata\\\/2021\\\/03\\\/08\\\/spannande-mojligheter-pa-abb\\\/\",\"name\":\"Sp\u00e4nnande m\u00f6jligheter p\u00e5 ABB - Framtidens karri\u00e4r IT & Data\",\"isPartOf\":{\"@id\":\"https:\\\/\\\/framtidenskarriar.se\\\/itdata\\\/#website\"},\"primaryImageOfPage\":{\"@id\":\"https:\\\/\\\/framtidenskarriar.se\\\/itdata\\\/2021\\\/03\\\/08\\\/spannande-mojligheter-pa-abb\\\/#primaryimage\"},\"image\":{\"@id\":\"https:\\\/\\\/framtidenskarriar.se\\\/itdata\\\/2021\\\/03\\\/08\\\/spannande-mojligheter-pa-abb\\\/#primaryimage\"},\"thumbnailUrl\":\"https:\\\/\\\/framtidenskarriar.se\\\/itdata\\\/wp-content\\\/uploads\\\/sites\\\/13\\\/2021\\\/03\\\/abb-img-2103.jpg\",\"datePublished\":\"2021-03-08T14:48:14+00:00\",\"dateModified\":\"2022-02-18T08:25:35+00:00\",\"author\":{\"@id\":\"https:\\\/\\\/framtidenskarriar.se\\\/itdata\\\/#\\\/schema\\\/person\\\/2a13a849ec7646386c2211f59afe3083\"},\"breadcrumb\":{\"@id\":\"https:\\\/\\\/framtidenskarriar.se\\\/itdata\\\/2021\\\/03\\\/08\\\/spannande-mojligheter-pa-abb\\\/#breadcrumb\"},\"inLanguage\":\"sv-SE\",\"potentialAction\":[{\"@type\":\"ReadAction\",\"target\":[\"https:\\\/\\\/framtidenskarriar.se\\\/itdata\\\/2021\\\/03\\\/08\\\/spannande-mojligheter-pa-abb\\\/\"]}]},{\"@type\":\"ImageObject\",\"inLanguage\":\"sv-SE\",\"@id\":\"https:\\\/\\\/framtidenskarriar.se\\\/itdata\\\/2021\\\/03\\\/08\\\/spannande-mojligheter-pa-abb\\\/#primaryimage\",\"url\":\"https:\\\/\\\/framtidenskarriar.se\\\/itdata\\\/wp-content\\\/uploads\\\/sites\\\/13\\\/2021\\\/03\\\/abb-img-2103.jpg\",\"contentUrl\":\"https:\\\/\\\/framtidenskarriar.se\\\/itdata\\\/wp-content\\\/uploads\\\/sites\\\/13\\\/2021\\\/03\\\/abb-img-2103.jpg\",\"width\":1000,\"height\":635,\"caption\":\"Elin L\u00f6fvendahl, agil projektledare.\"},{\"@type\":\"BreadcrumbList\",\"@id\":\"https:\\\/\\\/framtidenskarriar.se\\\/itdata\\\/2021\\\/03\\\/08\\\/spannande-mojligheter-pa-abb\\\/#breadcrumb\",\"itemListElement\":[{\"@type\":\"ListItem\",\"position\":1,\"name\":\"Home\",\"item\":\"https:\\\/\\\/framtidenskarriar.se\\\/itdata\\\/\"},{\"@type\":\"ListItem\",\"position\":2,\"name\":\"Sp\u00e4nnande m\u00f6jligheter p\u00e5 ABB\"}]},{\"@type\":\"WebSite\",\"@id\":\"https:\\\/\\\/framtidenskarriar.se\\\/itdata\\\/#website\",\"url\":\"https:\\\/\\\/framtidenskarriar.se\\\/itdata\\\/\",\"name\":\"Framtidens karri\u00e4r IT & Data\",\"description\":\"Just another NMDashboard.se Sites site\",\"potentialAction\":[{\"@type\":\"SearchAction\",\"target\":{\"@type\":\"EntryPoint\",\"urlTemplate\":\"https:\\\/\\\/framtidenskarriar.se\\\/itdata\\\/?s={search_term_string}\"},\"query-input\":{\"@type\":\"PropertyValueSpecification\",\"valueRequired\":true,\"valueName\":\"search_term_string\"}}],\"inLanguage\":\"sv-SE\"},{\"@type\":\"Person\",\"@id\":\"https:\\\/\\\/framtidenskarriar.se\\\/itdata\\\/#\\\/schema\\\/person\\\/2a13a849ec7646386c2211f59afe3083\",\"name\":\"viktorwallen\",\"image\":{\"@type\":\"ImageObject\",\"inLanguage\":\"sv-SE\",\"@id\":\"https:\\\/\\\/secure.gravatar.com\\\/avatar\\\/701701bd36169636031933997c8c6b954f2f635bbb7cd4802e4a007f9c9f4e59?s=96&d=mm&r=g\",\"url\":\"https:\\\/\\\/secure.gravatar.com\\\/avatar\\\/701701bd36169636031933997c8c6b954f2f635bbb7cd4802e4a007f9c9f4e59?s=96&d=mm&r=g\",\"contentUrl\":\"https:\\\/\\\/secure.gravatar.com\\\/avatar\\\/701701bd36169636031933997c8c6b954f2f635bbb7cd4802e4a007f9c9f4e59?s=96&d=mm&r=g\",\"caption\":\"viktorwallen\"},\"url\":\"https:\\\/\\\/framtidenskarriar.se\\\/itdata\\\/author\\\/viktorwallen\\\/\"}]}<\/script>\n<!-- \/ Yoast SEO plugin. -->","yoast_head_json":{"title":"Sp\u00e4nnande m\u00f6jligheter p\u00e5 ABB - Framtidens karri\u00e4r IT & Data","robots":{"index":"index","follow":"follow","max-snippet":"max-snippet:-1","max-image-preview":"max-image-preview:large","max-video-preview":"max-video-preview:-1"},"canonical":"https:\/\/framtidenskarriar.se\/itdata\/2021\/03\/08\/spannande-mojligheter-pa-abb\/","og_locale":"sv_SE","og_type":"article","og_title":"Sp\u00e4nnande m\u00f6jligheter p\u00e5 ABB - Framtidens karri\u00e4r IT & Data","og_description":"Ny teknik skapar nytta f\u00f6r kunderna.","og_url":"https:\/\/framtidenskarriar.se\/itdata\/2021\/03\/08\/spannande-mojligheter-pa-abb\/","og_site_name":"Framtidens karri\u00e4r IT & Data","article_published_time":"2021-03-08T14:48:14+00:00","article_modified_time":"2022-02-18T08:25:35+00:00","og_image":[{"width":1000,"height":635,"url":"https:\/\/framtidenskarriar.se\/itdata\/wp-content\/uploads\/sites\/13\/2021\/03\/abb-img-2103.jpg","type":"image\/jpeg"}],"author":"viktorwallen","twitter_card":"summary_large_image","twitter_misc":{"Skriven av":"viktorwallen","Ber\u00e4knad l\u00e4stid":"3 minuter"},"schema":{"@context":"https:\/\/schema.org","@graph":[{"@type":"Article","@id":"https:\/\/framtidenskarriar.se\/itdata\/2021\/03\/08\/spannande-mojligheter-pa-abb\/#article","isPartOf":{"@id":"https:\/\/framtidenskarriar.se\/itdata\/2021\/03\/08\/spannande-mojligheter-pa-abb\/"},"author":{"name":"viktorwallen","@id":"https:\/\/framtidenskarriar.se\/itdata\/#\/schema\/person\/2a13a849ec7646386c2211f59afe3083"},"headline":"Sp\u00e4nnande m\u00f6jligheter p\u00e5 ABB","datePublished":"2021-03-08T14:48:14+00:00","dateModified":"2022-02-18T08:25:35+00:00","mainEntityOfPage":{"@id":"https:\/\/framtidenskarriar.se\/itdata\/2021\/03\/08\/spannande-mojligheter-pa-abb\/"},"wordCount":571,"commentCount":0,"image":{"@id":"https:\/\/framtidenskarriar.se\/itdata\/2021\/03\/08\/spannande-mojligheter-pa-abb\/#primaryimage"},"thumbnailUrl":"https:\/\/framtidenskarriar.se\/itdata\/wp-content\/uploads\/sites\/13\/2021\/03\/abb-img-2103.jpg","keywords":["ABB"],"articleSection":["Presentation"],"inLanguage":"sv-SE","potentialAction":[{"@type":"CommentAction","name":"Comment","target":["https:\/\/framtidenskarriar.se\/itdata\/2021\/03\/08\/spannande-mojligheter-pa-abb\/#respond"]}]},{"@type":"WebPage","@id":"https:\/\/framtidenskarriar.se\/itdata\/2021\/03\/08\/spannande-mojligheter-pa-abb\/","url":"https:\/\/framtidenskarriar.se\/itdata\/2021\/03\/08\/spannande-mojligheter-pa-abb\/","name":"Sp\u00e4nnande m\u00f6jligheter p\u00e5 ABB - Framtidens karri\u00e4r IT & Data","isPartOf":{"@id":"https:\/\/framtidenskarriar.se\/itdata\/#website"},"primaryImageOfPage":{"@id":"https:\/\/framtidenskarriar.se\/itdata\/2021\/03\/08\/spannande-mojligheter-pa-abb\/#primaryimage"},"image":{"@id":"https:\/\/framtidenskarriar.se\/itdata\/2021\/03\/08\/spannande-mojligheter-pa-abb\/#primaryimage"},"thumbnailUrl":"https:\/\/framtidenskarriar.se\/itdata\/wp-content\/uploads\/sites\/13\/2021\/03\/abb-img-2103.jpg","datePublished":"2021-03-08T14:48:14+00:00","dateModified":"2022-02-18T08:25:35+00:00","author":{"@id":"https:\/\/framtidenskarriar.se\/itdata\/#\/schema\/person\/2a13a849ec7646386c2211f59afe3083"},"breadcrumb":{"@id":"https:\/\/framtidenskarriar.se\/itdata\/2021\/03\/08\/spannande-mojligheter-pa-abb\/#breadcrumb"},"inLanguage":"sv-SE","potentialAction":[{"@type":"ReadAction","target":["https:\/\/framtidenskarriar.se\/itdata\/2021\/03\/08\/spannande-mojligheter-pa-abb\/"]}]},{"@type":"ImageObject","inLanguage":"sv-SE","@id":"https:\/\/framtidenskarriar.se\/itdata\/2021\/03\/08\/spannande-mojligheter-pa-abb\/#primaryimage","url":"https:\/\/framtidenskarriar.se\/itdata\/wp-content\/uploads\/sites\/13\/2021\/03\/abb-img-2103.jpg","contentUrl":"https:\/\/framtidenskarriar.se\/itdata\/wp-content\/uploads\/sites\/13\/2021\/03\/abb-img-2103.jpg","width":1000,"height":635,"caption":"Elin L\u00f6fvendahl, agil projektledare."},{"@type":"BreadcrumbList","@id":"https:\/\/framtidenskarriar.se\/itdata\/2021\/03\/08\/spannande-mojligheter-pa-abb\/#breadcrumb","itemListElement":[{"@type":"ListItem","position":1,"name":"Home","item":"https:\/\/framtidenskarriar.se\/itdata\/"},{"@type":"ListItem","position":2,"name":"Sp\u00e4nnande m\u00f6jligheter p\u00e5 ABB"}]},{"@type":"WebSite","@id":"https:\/\/framtidenskarriar.se\/itdata\/#website","url":"https:\/\/framtidenskarriar.se\/itdata\/","name":"Framtidens karri\u00e4r IT & Data","description":"Just another NMDashboard.se Sites site","potentialAction":[{"@type":"SearchAction","target":{"@type":"EntryPoint","urlTemplate":"https:\/\/framtidenskarriar.se\/itdata\/?s={search_term_string}"},"query-input":{"@type":"PropertyValueSpecification","valueRequired":true,"valueName":"search_term_string"}}],"inLanguage":"sv-SE"},{"@type":"Person","@id":"https:\/\/framtidenskarriar.se\/itdata\/#\/schema\/person\/2a13a849ec7646386c2211f59afe3083","name":"viktorwallen","image":{"@type":"ImageObject","inLanguage":"sv-SE","@id":"https:\/\/secure.gravatar.com\/avatar\/701701bd36169636031933997c8c6b954f2f635bbb7cd4802e4a007f9c9f4e59?s=96&d=mm&r=g","url":"https:\/\/secure.gravatar.com\/avatar\/701701bd36169636031933997c8c6b954f2f635bbb7cd4802e4a007f9c9f4e59?s=96&d=mm&r=g","contentUrl":"https:\/\/secure.gravatar.com\/avatar\/701701bd36169636031933997c8c6b954f2f635bbb7cd4802e4a007f9c9f4e59?s=96&d=mm&r=g","caption":"viktorwallen"},"url":"https:\/\/framtidenskarriar.se\/itdata\/author\/viktorwallen\/"}]}},"_links":{"self":[{"href":"https:\/\/framtidenskarriar.se\/itdata\/wp-json\/wp\/v2\/posts\/6687","targetHints":{"allow":["GET"]}}],"collection":[{"href":"https:\/\/framtidenskarriar.se\/itdata\/wp-json\/wp\/v2\/posts"}],"about":[{"href":"https:\/\/framtidenskarriar.se\/itdata\/wp-json\/wp\/v2\/types\/post"}],"author":[{"embeddable":true,"href":"https:\/\/framtidenskarriar.se\/itdata\/wp-json\/wp\/v2\/users\/2"}],"replies":[{"embeddable":true,"href":"https:\/\/framtidenskarriar.se\/itdata\/wp-json\/wp\/v2\/comments?post=6687"}],"version-history":[{"count":7,"href":"https:\/\/framtidenskarriar.se\/itdata\/wp-json\/wp\/v2\/posts\/6687\/revisions"}],"predecessor-version":[{"id":7123,"href":"https:\/\/framtidenskarriar.se\/itdata\/wp-json\/wp\/v2\/posts\/6687\/revisions\/7123"}],"wp:featuredmedia":[{"embeddable":true,"href":"https:\/\/framtidenskarriar.se\/itdata\/wp-json\/wp\/v2\/media\/6688"}],"wp:attachment":[{"href":"https:\/\/framtidenskarriar.se\/itdata\/wp-json\/wp\/v2\/media?parent=6687"}],"wp:term":[{"taxonomy":"category","embeddable":true,"href":"https:\/\/framtidenskarriar.se\/itdata\/wp-json\/wp\/v2\/categories?post=6687"},{"taxonomy":"post_tag","embeddable":true,"href":"https:\/\/framtidenskarriar.se\/itdata\/wp-json\/wp\/v2\/tags?post=6687"}],"curies":[{"name":"wp","href":"https:\/\/api.w.org\/{rel}","templated":true}]}}