{"id":6719,"date":"2021-03-08T15:37:34","date_gmt":"2021-03-08T15:37:34","guid":{"rendered":"https:\/\/framtidenskarriar.se\/itdata\/?p=6719"},"modified":"2021-03-09T14:41:32","modified_gmt":"2021-03-09T14:41:32","slug":"paradigmskifte-staller-nya-krav","status":"publish","type":"post","link":"https:\/\/framtidenskarriar.se\/itdata\/2021\/03\/08\/paradigmskifte-staller-nya-krav\/","title":{"rendered":"Paradigmskifte st\u00e4ller nya krav"},"content":{"rendered":"\n<figure class=\"wp-block-image size-large\"><img loading=\"lazy\" decoding=\"async\" width=\"1000\" height=\"627\" src=\"https:\/\/framtidenskarriar.se\/itdata\/wp-content\/uploads\/sites\/13\/2021\/03\/logistik-anne-christine-lane.jpg\" alt=\"\" class=\"wp-image-6720\" srcset=\"https:\/\/framtidenskarriar.se\/itdata\/wp-content\/uploads\/sites\/13\/2021\/03\/logistik-anne-christine-lane.jpg 1000w, https:\/\/framtidenskarriar.se\/itdata\/wp-content\/uploads\/sites\/13\/2021\/03\/logistik-anne-christine-lane-300x188.jpg 300w, https:\/\/framtidenskarriar.se\/itdata\/wp-content\/uploads\/sites\/13\/2021\/03\/logistik-anne-christine-lane-768x482.jpg 768w, https:\/\/framtidenskarriar.se\/itdata\/wp-content\/uploads\/sites\/13\/2021\/03\/logistik-anne-christine-lane-255x160.jpg 255w, https:\/\/framtidenskarriar.se\/itdata\/wp-content\/uploads\/sites\/13\/2021\/03\/logistik-anne-christine-lane-526x330.jpg 526w, https:\/\/framtidenskarriar.se\/itdata\/wp-content\/uploads\/sites\/13\/2021\/03\/logistik-anne-christine-lane-720x451.jpg 720w, https:\/\/framtidenskarriar.se\/itdata\/wp-content\/uploads\/sites\/13\/2021\/03\/logistik-anne-christine-lane-960x602.jpg 960w\" sizes=\"auto, (max-width: 1000px) 100vw, 1000px\" \/><figcaption>Anne-Christine Lane, ansvarig f\u00f6r analytics och automation p\u00e5 Postnord. Foto: Fond&amp;Fond<\/figcaption><\/figure>\n\n\n\n<p><strong>Logistiksektorn befinner sig mitt i ett sp\u00e4nnande paradigmskifte, med den stadigt \u00f6kande e-handeln som fr\u00e4msta drivkraft. Logistikbolagen utvecklas i allt st\u00f6rre utstr\u00e4ckning till servicebolag som ska kombinera effektiva logistikprocesser med leveranser p\u00e5 kundens villkor. Det st\u00e4ller nya krav p\u00e5 bolagens it-infrastruktur och dataanalys.<\/strong><\/p>\n\n\n\n<p>\u2013 Den \u00f6kade e-handeln och handelssektorns omst\u00e4llning fr\u00e5n fysisk till digital handel har bidragit till kraftigt \u00f6kade paketvolymer i logistiksektorn. Hos oss p\u00e5 Postnord har paketvolymen exempelvis \u00f6kat med 30 procent under coronapandemin. Det h\u00e4r \u00e4r en l\u00e5ngsiktig utveckling som accelererat i samband med pandemin och som kommer att forts\u00e4tta \u00e4ven n\u00e4r pandemin klingat av, s\u00e4ger Anne-Christine Lane, ansvarig f\u00f6r analytics och automation p\u00e5 Postnord. Hon har en examen i informationsteknologi och en MBA och har tidigare jobbat bland annat som aff\u00e4rsutvecklare, f\u00f6rs\u00e4ljningsdirekt\u00f6r och ansvarig f\u00f6r ombudsn\u00e4tet p\u00e5 Postnord.<\/p>\n\n\n\n<blockquote class=\"wp-block-quote is-layout-flow wp-block-quote-is-layout-flow\"><p>&#8221;Vi ser en starkt \u00f6kad efterfr\u00e5gan p\u00e5 milj\u00f6\u00adv\u00e4nlig hemleverans p\u00e5 kundens villkor.&#8221;<\/p><\/blockquote>\n\n\n\n<p><strong>AI och machine learning<\/strong><br>Logistiksektorns fr\u00e4msta utmaning just nu \u00e4r, enligt Anne-Christine Lane, att kombinera effektiva logistikprocesser med en h\u00f6g serviceniv\u00e5 samt att kontinuerligt minska milj\u00f6p\u00e5verkan i sin verksamhet.<br>\u2013 V\u00e5r sektor har allt mer specifika tekniska behov. Bolagen f\u00f6rfogar \u00f6ver stora m\u00e4ngder data som kan analyseras och anv\u00e4ndas f\u00f6r att effektivisera processerna. Efterfr\u00e5gan p\u00e5 specialister inom AI, machine learning och data engineering \u00e4r d\u00e4rf\u00f6r h\u00f6g. Bolagen beh\u00f6ver \u00e4ven it-specialister som \u00e4r bra p\u00e5 att presentera och testa innovativa aff\u00e4rsm\u00e4ssiga till\u00e4mpningar av it-teknik. Business analysts och RPA-utvecklare \u00e4r andra exempel p\u00e5 kompetenser som efterfr\u00e5gas, s\u00e4ger hon.<\/p>\n\n\n\n<p><strong>Utmaning och m\u00f6jlighet<\/strong><br>\u2013 Det vi ser nu \u00e4r ett permanent skifte i konsumtionsm\u00f6nster som b\u00e5de inneb\u00e4r nya m\u00f6jligheter och utmaningar f\u00f6r logistikbolagen. Vi ser bland annat en starkt \u00f6kad efterfr\u00e5gan p\u00e5 milj\u00f6v\u00e4nlig hemleverans p\u00e5 kundens villkor, vilket f\u00f6rst\u00e5s st\u00e4ller helt nya krav p\u00e5 stora logistikbolag vars organisation i f\u00f6rsta hand \u00e4r uppbyggd f\u00f6r att kunna hantera storskaliga volymer, s\u00e4ger Anne-Christine Lane.<br>Hon tror att fler logistikbolag fram\u00f6ver kommer att anv\u00e4nda sig av data f\u00f6r att kunna agera mer prediktivt och upplysande gentemot sina kunder.<br>\u2013 AI och dataanalys inneb\u00e4r fantastiska utvecklings- och effektiviseringsm\u00f6jligheter f\u00f6r logistiksektorn. Samtidigt \u00e4r det viktigt att analysera data med eftertanke, f\u00f6r om det blir fel riskerar det att f\u00e5 stor inverkan p\u00e5 logistikprocessen.<\/p>\n","protected":false},"excerpt":{"rendered":"<p>Logistiksektorn befinner sig mitt i ett sp\u00e4nnande paradigmskifte, med den stadigt \u00f6kande e-handeln som fr\u00e4msta&#8230;<\/p>\n","protected":false},"author":3,"featured_media":6720,"comment_status":"open","ping_status":"open","sticky":false,"template":"","format":"standard","meta":{"_acf_changed":false,"_monsterinsights_skip_tracking":false,"_monsterinsights_sitenote_active":false,"_monsterinsights_sitenote_note":"","_monsterinsights_sitenote_category":0,"footnotes":""},"categories":[1],"tags":[165,198],"class_list":["post-6719","post","type-post","status-publish","format-standard","has-post-thumbnail","hentry","category-artikel","tag-logistik","tag-postnord"],"acf":[],"yoast_head":"<!-- This site is optimized with the Yoast SEO plugin v27.3 - https:\/\/yoast.com\/product\/yoast-seo-wordpress\/ -->\n<title>Paradigmskifte st\u00e4ller nya krav - Framtidens karri\u00e4r IT &amp; Data<\/title>\n<meta name=\"robots\" content=\"index, follow, max-snippet:-1, max-image-preview:large, max-video-preview:-1\" \/>\n<link rel=\"canonical\" href=\"https:\/\/framtidenskarriar.se\/itdata\/2021\/03\/08\/paradigmskifte-staller-nya-krav\/\" \/>\n<meta property=\"og:locale\" content=\"sv_SE\" \/>\n<meta property=\"og:type\" content=\"article\" \/>\n<meta property=\"og:title\" content=\"Paradigmskifte st\u00e4ller nya krav - Framtidens karri\u00e4r IT &amp; Data\" \/>\n<meta property=\"og:description\" content=\"Logistiksektorn befinner sig mitt i ett sp\u00e4nnande paradigmskifte, med den stadigt \u00f6kande e-handeln som fr\u00e4msta...\" \/>\n<meta property=\"og:url\" content=\"https:\/\/framtidenskarriar.se\/itdata\/2021\/03\/08\/paradigmskifte-staller-nya-krav\/\" \/>\n<meta property=\"og:site_name\" content=\"Framtidens karri\u00e4r IT &amp; Data\" \/>\n<meta property=\"article:published_time\" content=\"2021-03-08T15:37:34+00:00\" \/>\n<meta property=\"article:modified_time\" content=\"2021-03-09T14:41:32+00:00\" \/>\n<meta property=\"og:image\" content=\"https:\/\/framtidenskarriar.se\/itdata\/wp-content\/uploads\/sites\/13\/2021\/03\/logistik-anne-christine-lane.jpg\" \/>\n\t<meta property=\"og:image:width\" content=\"1000\" \/>\n\t<meta property=\"og:image:height\" content=\"627\" \/>\n\t<meta property=\"og:image:type\" content=\"image\/jpeg\" \/>\n<meta name=\"author\" content=\"stellanstal\" \/>\n<meta name=\"twitter:card\" content=\"summary_large_image\" \/>\n<meta name=\"twitter:label1\" content=\"Skriven av\" \/>\n\t<meta name=\"twitter:data1\" content=\"stellanstal\" \/>\n\t<meta name=\"twitter:label2\" content=\"Ber\u00e4knad l\u00e4stid\" \/>\n\t<meta name=\"twitter:data2\" content=\"2 minuter\" \/>\n<script type=\"application\/ld+json\" class=\"yoast-schema-graph\">{\"@context\":\"https:\\\/\\\/schema.org\",\"@graph\":[{\"@type\":\"Article\",\"@id\":\"https:\\\/\\\/framtidenskarriar.se\\\/itdata\\\/2021\\\/03\\\/08\\\/paradigmskifte-staller-nya-krav\\\/#article\",\"isPartOf\":{\"@id\":\"https:\\\/\\\/framtidenskarriar.se\\\/itdata\\\/2021\\\/03\\\/08\\\/paradigmskifte-staller-nya-krav\\\/\"},\"author\":{\"name\":\"stellanstal\",\"@id\":\"https:\\\/\\\/framtidenskarriar.se\\\/itdata\\\/#\\\/schema\\\/person\\\/c8a43eb855191e573b73ecf8987a3b99\"},\"headline\":\"Paradigmskifte st\u00e4ller nya krav\",\"datePublished\":\"2021-03-08T15:37:34+00:00\",\"dateModified\":\"2021-03-09T14:41:32+00:00\",\"mainEntityOfPage\":{\"@id\":\"https:\\\/\\\/framtidenskarriar.se\\\/itdata\\\/2021\\\/03\\\/08\\\/paradigmskifte-staller-nya-krav\\\/\"},\"wordCount\":435,\"commentCount\":0,\"image\":{\"@id\":\"https:\\\/\\\/framtidenskarriar.se\\\/itdata\\\/2021\\\/03\\\/08\\\/paradigmskifte-staller-nya-krav\\\/#primaryimage\"},\"thumbnailUrl\":\"https:\\\/\\\/framtidenskarriar.se\\\/itdata\\\/wp-content\\\/uploads\\\/sites\\\/13\\\/2021\\\/03\\\/logistik-anne-christine-lane.jpg\",\"keywords\":[\"Logistik\",\"PostNord\"],\"articleSection\":[\"Artikel\"],\"inLanguage\":\"sv-SE\",\"potentialAction\":[{\"@type\":\"CommentAction\",\"name\":\"Comment\",\"target\":[\"https:\\\/\\\/framtidenskarriar.se\\\/itdata\\\/2021\\\/03\\\/08\\\/paradigmskifte-staller-nya-krav\\\/#respond\"]}]},{\"@type\":\"WebPage\",\"@id\":\"https:\\\/\\\/framtidenskarriar.se\\\/itdata\\\/2021\\\/03\\\/08\\\/paradigmskifte-staller-nya-krav\\\/\",\"url\":\"https:\\\/\\\/framtidenskarriar.se\\\/itdata\\\/2021\\\/03\\\/08\\\/paradigmskifte-staller-nya-krav\\\/\",\"name\":\"Paradigmskifte st\u00e4ller nya krav - Framtidens karri\u00e4r IT & Data\",\"isPartOf\":{\"@id\":\"https:\\\/\\\/framtidenskarriar.se\\\/itdata\\\/#website\"},\"primaryImageOfPage\":{\"@id\":\"https:\\\/\\\/framtidenskarriar.se\\\/itdata\\\/2021\\\/03\\\/08\\\/paradigmskifte-staller-nya-krav\\\/#primaryimage\"},\"image\":{\"@id\":\"https:\\\/\\\/framtidenskarriar.se\\\/itdata\\\/2021\\\/03\\\/08\\\/paradigmskifte-staller-nya-krav\\\/#primaryimage\"},\"thumbnailUrl\":\"https:\\\/\\\/framtidenskarriar.se\\\/itdata\\\/wp-content\\\/uploads\\\/sites\\\/13\\\/2021\\\/03\\\/logistik-anne-christine-lane.jpg\",\"datePublished\":\"2021-03-08T15:37:34+00:00\",\"dateModified\":\"2021-03-09T14:41:32+00:00\",\"author\":{\"@id\":\"https:\\\/\\\/framtidenskarriar.se\\\/itdata\\\/#\\\/schema\\\/person\\\/c8a43eb855191e573b73ecf8987a3b99\"},\"breadcrumb\":{\"@id\":\"https:\\\/\\\/framtidenskarriar.se\\\/itdata\\\/2021\\\/03\\\/08\\\/paradigmskifte-staller-nya-krav\\\/#breadcrumb\"},\"inLanguage\":\"sv-SE\",\"potentialAction\":[{\"@type\":\"ReadAction\",\"target\":[\"https:\\\/\\\/framtidenskarriar.se\\\/itdata\\\/2021\\\/03\\\/08\\\/paradigmskifte-staller-nya-krav\\\/\"]}]},{\"@type\":\"ImageObject\",\"inLanguage\":\"sv-SE\",\"@id\":\"https:\\\/\\\/framtidenskarriar.se\\\/itdata\\\/2021\\\/03\\\/08\\\/paradigmskifte-staller-nya-krav\\\/#primaryimage\",\"url\":\"https:\\\/\\\/framtidenskarriar.se\\\/itdata\\\/wp-content\\\/uploads\\\/sites\\\/13\\\/2021\\\/03\\\/logistik-anne-christine-lane.jpg\",\"contentUrl\":\"https:\\\/\\\/framtidenskarriar.se\\\/itdata\\\/wp-content\\\/uploads\\\/sites\\\/13\\\/2021\\\/03\\\/logistik-anne-christine-lane.jpg\",\"width\":1000,\"height\":627},{\"@type\":\"BreadcrumbList\",\"@id\":\"https:\\\/\\\/framtidenskarriar.se\\\/itdata\\\/2021\\\/03\\\/08\\\/paradigmskifte-staller-nya-krav\\\/#breadcrumb\",\"itemListElement\":[{\"@type\":\"ListItem\",\"position\":1,\"name\":\"Home\",\"item\":\"https:\\\/\\\/framtidenskarriar.se\\\/itdata\\\/\"},{\"@type\":\"ListItem\",\"position\":2,\"name\":\"Paradigmskifte st\u00e4ller nya krav\"}]},{\"@type\":\"WebSite\",\"@id\":\"https:\\\/\\\/framtidenskarriar.se\\\/itdata\\\/#website\",\"url\":\"https:\\\/\\\/framtidenskarriar.se\\\/itdata\\\/\",\"name\":\"Framtidens karri\u00e4r IT & Data\",\"description\":\"Just another NMDashboard.se Sites site\",\"potentialAction\":[{\"@type\":\"SearchAction\",\"target\":{\"@type\":\"EntryPoint\",\"urlTemplate\":\"https:\\\/\\\/framtidenskarriar.se\\\/itdata\\\/?s={search_term_string}\"},\"query-input\":{\"@type\":\"PropertyValueSpecification\",\"valueRequired\":true,\"valueName\":\"search_term_string\"}}],\"inLanguage\":\"sv-SE\"},{\"@type\":\"Person\",\"@id\":\"https:\\\/\\\/framtidenskarriar.se\\\/itdata\\\/#\\\/schema\\\/person\\\/c8a43eb855191e573b73ecf8987a3b99\",\"name\":\"stellanstal\",\"image\":{\"@type\":\"ImageObject\",\"inLanguage\":\"sv-SE\",\"@id\":\"https:\\\/\\\/secure.gravatar.com\\\/avatar\\\/cd330fa6bb17f598124b2068ee0b189e4fe0987a50af9d53b78410836060d0c9?s=96&d=mm&r=g\",\"url\":\"https:\\\/\\\/secure.gravatar.com\\\/avatar\\\/cd330fa6bb17f598124b2068ee0b189e4fe0987a50af9d53b78410836060d0c9?s=96&d=mm&r=g\",\"contentUrl\":\"https:\\\/\\\/secure.gravatar.com\\\/avatar\\\/cd330fa6bb17f598124b2068ee0b189e4fe0987a50af9d53b78410836060d0c9?s=96&d=mm&r=g\",\"caption\":\"stellanstal\"},\"url\":\"https:\\\/\\\/framtidenskarriar.se\\\/itdata\\\/author\\\/stellanstal\\\/\"}]}<\/script>\n<!-- \/ Yoast SEO plugin. -->","yoast_head_json":{"title":"Paradigmskifte st\u00e4ller nya krav - Framtidens karri\u00e4r IT & Data","robots":{"index":"index","follow":"follow","max-snippet":"max-snippet:-1","max-image-preview":"max-image-preview:large","max-video-preview":"max-video-preview:-1"},"canonical":"https:\/\/framtidenskarriar.se\/itdata\/2021\/03\/08\/paradigmskifte-staller-nya-krav\/","og_locale":"sv_SE","og_type":"article","og_title":"Paradigmskifte st\u00e4ller nya krav - Framtidens karri\u00e4r IT & Data","og_description":"Logistiksektorn befinner sig mitt i ett sp\u00e4nnande paradigmskifte, med den stadigt \u00f6kande e-handeln som fr\u00e4msta...","og_url":"https:\/\/framtidenskarriar.se\/itdata\/2021\/03\/08\/paradigmskifte-staller-nya-krav\/","og_site_name":"Framtidens karri\u00e4r IT & Data","article_published_time":"2021-03-08T15:37:34+00:00","article_modified_time":"2021-03-09T14:41:32+00:00","og_image":[{"width":1000,"height":627,"url":"https:\/\/framtidenskarriar.se\/itdata\/wp-content\/uploads\/sites\/13\/2021\/03\/logistik-anne-christine-lane.jpg","type":"image\/jpeg"}],"author":"stellanstal","twitter_card":"summary_large_image","twitter_misc":{"Skriven av":"stellanstal","Ber\u00e4knad l\u00e4stid":"2 minuter"},"schema":{"@context":"https:\/\/schema.org","@graph":[{"@type":"Article","@id":"https:\/\/framtidenskarriar.se\/itdata\/2021\/03\/08\/paradigmskifte-staller-nya-krav\/#article","isPartOf":{"@id":"https:\/\/framtidenskarriar.se\/itdata\/2021\/03\/08\/paradigmskifte-staller-nya-krav\/"},"author":{"name":"stellanstal","@id":"https:\/\/framtidenskarriar.se\/itdata\/#\/schema\/person\/c8a43eb855191e573b73ecf8987a3b99"},"headline":"Paradigmskifte st\u00e4ller nya krav","datePublished":"2021-03-08T15:37:34+00:00","dateModified":"2021-03-09T14:41:32+00:00","mainEntityOfPage":{"@id":"https:\/\/framtidenskarriar.se\/itdata\/2021\/03\/08\/paradigmskifte-staller-nya-krav\/"},"wordCount":435,"commentCount":0,"image":{"@id":"https:\/\/framtidenskarriar.se\/itdata\/2021\/03\/08\/paradigmskifte-staller-nya-krav\/#primaryimage"},"thumbnailUrl":"https:\/\/framtidenskarriar.se\/itdata\/wp-content\/uploads\/sites\/13\/2021\/03\/logistik-anne-christine-lane.jpg","keywords":["Logistik","PostNord"],"articleSection":["Artikel"],"inLanguage":"sv-SE","potentialAction":[{"@type":"CommentAction","name":"Comment","target":["https:\/\/framtidenskarriar.se\/itdata\/2021\/03\/08\/paradigmskifte-staller-nya-krav\/#respond"]}]},{"@type":"WebPage","@id":"https:\/\/framtidenskarriar.se\/itdata\/2021\/03\/08\/paradigmskifte-staller-nya-krav\/","url":"https:\/\/framtidenskarriar.se\/itdata\/2021\/03\/08\/paradigmskifte-staller-nya-krav\/","name":"Paradigmskifte st\u00e4ller nya krav - Framtidens karri\u00e4r IT & Data","isPartOf":{"@id":"https:\/\/framtidenskarriar.se\/itdata\/#website"},"primaryImageOfPage":{"@id":"https:\/\/framtidenskarriar.se\/itdata\/2021\/03\/08\/paradigmskifte-staller-nya-krav\/#primaryimage"},"image":{"@id":"https:\/\/framtidenskarriar.se\/itdata\/2021\/03\/08\/paradigmskifte-staller-nya-krav\/#primaryimage"},"thumbnailUrl":"https:\/\/framtidenskarriar.se\/itdata\/wp-content\/uploads\/sites\/13\/2021\/03\/logistik-anne-christine-lane.jpg","datePublished":"2021-03-08T15:37:34+00:00","dateModified":"2021-03-09T14:41:32+00:00","author":{"@id":"https:\/\/framtidenskarriar.se\/itdata\/#\/schema\/person\/c8a43eb855191e573b73ecf8987a3b99"},"breadcrumb":{"@id":"https:\/\/framtidenskarriar.se\/itdata\/2021\/03\/08\/paradigmskifte-staller-nya-krav\/#breadcrumb"},"inLanguage":"sv-SE","potentialAction":[{"@type":"ReadAction","target":["https:\/\/framtidenskarriar.se\/itdata\/2021\/03\/08\/paradigmskifte-staller-nya-krav\/"]}]},{"@type":"ImageObject","inLanguage":"sv-SE","@id":"https:\/\/framtidenskarriar.se\/itdata\/2021\/03\/08\/paradigmskifte-staller-nya-krav\/#primaryimage","url":"https:\/\/framtidenskarriar.se\/itdata\/wp-content\/uploads\/sites\/13\/2021\/03\/logistik-anne-christine-lane.jpg","contentUrl":"https:\/\/framtidenskarriar.se\/itdata\/wp-content\/uploads\/sites\/13\/2021\/03\/logistik-anne-christine-lane.jpg","width":1000,"height":627},{"@type":"BreadcrumbList","@id":"https:\/\/framtidenskarriar.se\/itdata\/2021\/03\/08\/paradigmskifte-staller-nya-krav\/#breadcrumb","itemListElement":[{"@type":"ListItem","position":1,"name":"Home","item":"https:\/\/framtidenskarriar.se\/itdata\/"},{"@type":"ListItem","position":2,"name":"Paradigmskifte st\u00e4ller nya krav"}]},{"@type":"WebSite","@id":"https:\/\/framtidenskarriar.se\/itdata\/#website","url":"https:\/\/framtidenskarriar.se\/itdata\/","name":"Framtidens karri\u00e4r IT & Data","description":"Just another NMDashboard.se Sites site","potentialAction":[{"@type":"SearchAction","target":{"@type":"EntryPoint","urlTemplate":"https:\/\/framtidenskarriar.se\/itdata\/?s={search_term_string}"},"query-input":{"@type":"PropertyValueSpecification","valueRequired":true,"valueName":"search_term_string"}}],"inLanguage":"sv-SE"},{"@type":"Person","@id":"https:\/\/framtidenskarriar.se\/itdata\/#\/schema\/person\/c8a43eb855191e573b73ecf8987a3b99","name":"stellanstal","image":{"@type":"ImageObject","inLanguage":"sv-SE","@id":"https:\/\/secure.gravatar.com\/avatar\/cd330fa6bb17f598124b2068ee0b189e4fe0987a50af9d53b78410836060d0c9?s=96&d=mm&r=g","url":"https:\/\/secure.gravatar.com\/avatar\/cd330fa6bb17f598124b2068ee0b189e4fe0987a50af9d53b78410836060d0c9?s=96&d=mm&r=g","contentUrl":"https:\/\/secure.gravatar.com\/avatar\/cd330fa6bb17f598124b2068ee0b189e4fe0987a50af9d53b78410836060d0c9?s=96&d=mm&r=g","caption":"stellanstal"},"url":"https:\/\/framtidenskarriar.se\/itdata\/author\/stellanstal\/"}]}},"_links":{"self":[{"href":"https:\/\/framtidenskarriar.se\/itdata\/wp-json\/wp\/v2\/posts\/6719","targetHints":{"allow":["GET"]}}],"collection":[{"href":"https:\/\/framtidenskarriar.se\/itdata\/wp-json\/wp\/v2\/posts"}],"about":[{"href":"https:\/\/framtidenskarriar.se\/itdata\/wp-json\/wp\/v2\/types\/post"}],"author":[{"embeddable":true,"href":"https:\/\/framtidenskarriar.se\/itdata\/wp-json\/wp\/v2\/users\/3"}],"replies":[{"embeddable":true,"href":"https:\/\/framtidenskarriar.se\/itdata\/wp-json\/wp\/v2\/comments?post=6719"}],"version-history":[{"count":4,"href":"https:\/\/framtidenskarriar.se\/itdata\/wp-json\/wp\/v2\/posts\/6719\/revisions"}],"predecessor-version":[{"id":6961,"href":"https:\/\/framtidenskarriar.se\/itdata\/wp-json\/wp\/v2\/posts\/6719\/revisions\/6961"}],"wp:featuredmedia":[{"embeddable":true,"href":"https:\/\/framtidenskarriar.se\/itdata\/wp-json\/wp\/v2\/media\/6720"}],"wp:attachment":[{"href":"https:\/\/framtidenskarriar.se\/itdata\/wp-json\/wp\/v2\/media?parent=6719"}],"wp:term":[{"taxonomy":"category","embeddable":true,"href":"https:\/\/framtidenskarriar.se\/itdata\/wp-json\/wp\/v2\/categories?post=6719"},{"taxonomy":"post_tag","embeddable":true,"href":"https:\/\/framtidenskarriar.se\/itdata\/wp-json\/wp\/v2\/tags?post=6719"}],"curies":[{"name":"wp","href":"https:\/\/api.w.org\/{rel}","templated":true}]}}