{"id":6762,"date":"2021-03-09T09:11:23","date_gmt":"2021-03-09T09:11:23","guid":{"rendered":"https:\/\/framtidenskarriar.se\/itdata\/?p=6762"},"modified":"2021-03-24T15:52:25","modified_gmt":"2021-03-24T15:52:25","slug":"mer-fornybar-energi-ger-nya-utmaningar","status":"publish","type":"post","link":"https:\/\/framtidenskarriar.se\/itdata\/2021\/03\/09\/mer-fornybar-energi-ger-nya-utmaningar\/","title":{"rendered":"Mer f\u00f6rnybar energi ger nya utmaningar"},"content":{"rendered":"\n<figure class=\"wp-block-image size-large\"><img loading=\"lazy\" decoding=\"async\" width=\"1000\" height=\"626\" src=\"https:\/\/framtidenskarriar.se\/itdata\/wp-content\/uploads\/sites\/13\/2021\/03\/eloverforing-kraftledningar-1-foto-tomas-arlemo.jpg\" alt=\"\" class=\"wp-image-6763\" srcset=\"https:\/\/framtidenskarriar.se\/itdata\/wp-content\/uploads\/sites\/13\/2021\/03\/eloverforing-kraftledningar-1-foto-tomas-arlemo.jpg 1000w, https:\/\/framtidenskarriar.se\/itdata\/wp-content\/uploads\/sites\/13\/2021\/03\/eloverforing-kraftledningar-1-foto-tomas-arlemo-300x188.jpg 300w, https:\/\/framtidenskarriar.se\/itdata\/wp-content\/uploads\/sites\/13\/2021\/03\/eloverforing-kraftledningar-1-foto-tomas-arlemo-768x481.jpg 768w, https:\/\/framtidenskarriar.se\/itdata\/wp-content\/uploads\/sites\/13\/2021\/03\/eloverforing-kraftledningar-1-foto-tomas-arlemo-256x160.jpg 256w, https:\/\/framtidenskarriar.se\/itdata\/wp-content\/uploads\/sites\/13\/2021\/03\/eloverforing-kraftledningar-1-foto-tomas-arlemo-526x329.jpg 526w, https:\/\/framtidenskarriar.se\/itdata\/wp-content\/uploads\/sites\/13\/2021\/03\/eloverforing-kraftledningar-1-foto-tomas-arlemo-720x451.jpg 720w, https:\/\/framtidenskarriar.se\/itdata\/wp-content\/uploads\/sites\/13\/2021\/03\/eloverforing-kraftledningar-1-foto-tomas-arlemo-960x601.jpg 960w\" sizes=\"auto, (max-width: 1000px) 100vw, 1000px\" \/><figcaption>Foto: Tomas \u00c4rlemo<\/figcaption><\/figure>\n\n\n\n<p><strong>\u2013 \u00d6verg\u00e5ngen till f\u00f6rnybar energi har skapat ett \u00e4nnu st\u00f6rre behov av it-systemst\u00f6d f\u00f6r att klara balansen mellan produktion och f\u00f6rbrukning. Verksamheten \u00e4r p\u00e5 v\u00e4g in i en helt ny teknikfas, s\u00e4ger Lars Jansson, CIO p\u00e5 Svenska Kraftn\u00e4t.<\/strong><\/p>\n\n\n\n<p>Svenska kraftn\u00e4t har i uppdrag att underh\u00e5lla och utveckla det svenska transmissionsn\u00e4tet f\u00f6r el. I uppdraget ing\u00e5r \u00e4ven att balansera produktion och f\u00f6rbrukning i systemet, ett arbete som f\u00f6rr i tiden skedde analogt och numera sk\u00f6ts med hj\u00e4lp av it-system. Men i takt med att allt mer sol- och vindkraft kommer in i systemet kr\u00e4vs nya och mer sofistikerade \u00e5tg\u00e4rder f\u00f6r att h\u00e5lla eln\u00e4tet i balans.<br>\u2013 Eln\u00e4ten \u00e4r komplicerade system d\u00e4r man i f\u00f6rv\u00e4g m\u00e5ste veta hur produktions- och f\u00f6rbrukningssidan kommer att se ut. Vi arbetar med prognoser som \u00e4r uppdelade i korta intervaller. Utmaningen \u00e4r bland annat att veta hur vinden kommer att bl\u00e5sa kommande period, hur f\u00f6rbrukningen kommer att se ut och samtidigt s\u00e4kerst\u00e4lla produktionst\u00e4ckningen. I utmaningen ing\u00e5r \u00e4ven att f\u00e5 de som levererar el att f\u00f6rst\u00e5 n\u00e4r de beh\u00f6ver leverera. Vi p\u00e5 SVK har ju bara hand om sj\u00e4lva stamn\u00e4tet, f\u00f6rklarar Lars Jansson.<\/p>\n\n\n\n<blockquote class=\"wp-block-quote is-layout-flow wp-block-quote-is-layout-flow\"><p>&#8221;Vi arbetar med it-s\u00e4kerhet i allt vi g\u00f6r, fr\u00e5n start till \u00f6verl\u00e4mning och utifr\u00e5n en m\u00e4ngd olika infallsvinklar.&#8221;<\/p><\/blockquote>\n\n\n\n<p><strong>Ny digital teknik<\/strong><br>F\u00f6r att kunna st\u00e4lla r\u00e4tt prognoser och s\u00e4kerst\u00e4lla behoven \u00e4ven i framtiden driver SVK flera sp\u00e4nnande utvecklingsprojekt med inriktning p\u00e5 ny teknik.<br>\u2013 Ett stort projekt \u00e4r Den nordiska balanseringsmodellen som sker i samarbete med norska Stattnet, och handlar om att s\u00e4kerst\u00e4lla \u00f6verg\u00e5ngen till f\u00f6rnyelsebarbar el och korta ner prognoscyklerna till 15-minutersintervaller. Projektet omfattar ny digital teknik och komponenter som AI, Mesh Learning och RAW.<\/p>\n\n\n\n<p><strong>Ny generation it-st\u00f6d<\/strong><br>Energiomst\u00e4llningen har f\u00f6rt med sig att Svenska Kraftn\u00e4t \u00e4r p\u00e5 v\u00e4g in i en ny generation av it-st\u00f6d, vilket inneburit en stor omst\u00e4llning f\u00f6r hela it-organisationen.<br>\u2013 F\u00f6r ett \u00e5r sedan var it uppdelat p\u00e5 tv\u00e5 avdelningar under en st\u00f6dfunktion; idag \u00e4r vi en egen division som v\u00e4xer kraftigt. M\u00e5nga organisationer skalar ner i dessa tider, men vi forts\u00e4tter att rekrytera \u00e4ven kommande \u00e5r. Vi beh\u00f6ver personal p\u00e5 alla h\u00e5ll och kanter \u00e4ven om vissa omr\u00e5den som \u00e4r kopplade till det prognosm\u00e4ssiga arbetet, till exempel it-s\u00e4kerhet, data-science och data-engineering, \u00e4r mer kritiska \u00e4n andra.<br>Eftersom it \u00e4r en f\u00f6ruts\u00e4ttning f\u00f6r balansering av eln\u00e4tet \u00e4r det ocks\u00e5 it som numera \u00e4r den st\u00f6rsta s\u00e4kerhetsrisken i verksamheten.<br>\u2013 F\u00f6r 20 \u00e5r sedan var hackarna dataintresserade ton\u00e5ringar som tyckte det var coolt att f\u00f6rs\u00f6ka ta sig in i n\u00e4ten. Idag \u00e4r det en helt annan skala p\u00e5 brottsligheten, och hotet har flyttat sig v\u00e4ldigt l\u00e5ngt. F\u00f6r v\u00e5r del inneb\u00e4r det att vi arbetar med it-s\u00e4kerhet i allt vi g\u00f6r, fr\u00e5n start till \u00f6verl\u00e4mning och utifr\u00e5n en m\u00e4ngd olika infallsvinklar, avslutar Lars Jansson.<\/p>\n\n\n\n<div class=\"wp-block-image\"><figure class=\"aligncenter size-large\"><img loading=\"lazy\" decoding=\"async\" width=\"1000\" height=\"632\" src=\"https:\/\/framtidenskarriar.se\/itdata\/wp-content\/uploads\/sites\/13\/2021\/03\/eloverforing-jax210204x0096.jpg\" alt=\"\" class=\"wp-image-6764\" srcset=\"https:\/\/framtidenskarriar.se\/itdata\/wp-content\/uploads\/sites\/13\/2021\/03\/eloverforing-jax210204x0096.jpg 1000w, https:\/\/framtidenskarriar.se\/itdata\/wp-content\/uploads\/sites\/13\/2021\/03\/eloverforing-jax210204x0096-300x190.jpg 300w, https:\/\/framtidenskarriar.se\/itdata\/wp-content\/uploads\/sites\/13\/2021\/03\/eloverforing-jax210204x0096-768x485.jpg 768w, https:\/\/framtidenskarriar.se\/itdata\/wp-content\/uploads\/sites\/13\/2021\/03\/eloverforing-jax210204x0096-253x160.jpg 253w, https:\/\/framtidenskarriar.se\/itdata\/wp-content\/uploads\/sites\/13\/2021\/03\/eloverforing-jax210204x0096-526x332.jpg 526w, https:\/\/framtidenskarriar.se\/itdata\/wp-content\/uploads\/sites\/13\/2021\/03\/eloverforing-jax210204x0096-720x455.jpg 720w, https:\/\/framtidenskarriar.se\/itdata\/wp-content\/uploads\/sites\/13\/2021\/03\/eloverforing-jax210204x0096-960x607.jpg 960w\" sizes=\"auto, (max-width: 1000px) 100vw, 1000px\" \/><figcaption>Lars Jansson, CIO p\u00e5 Svenska Kraftn\u00e4t. Foto: Johan Alp<\/figcaption><\/figure><\/div>\n","protected":false},"excerpt":{"rendered":"<p>\u00d6verg\u00e5ngen till f\u00f6rnybar energi har skapat ett \u00e4nnu st\u00f6rre behov av it-systemst\u00f6d.<\/p>\n","protected":false},"author":3,"featured_media":6764,"comment_status":"open","ping_status":"open","sticky":false,"template":"","format":"standard","meta":{"_acf_changed":false,"_monsterinsights_skip_tracking":false,"_monsterinsights_sitenote_active":false,"_monsterinsights_sitenote_note":"","_monsterinsights_sitenote_category":0,"footnotes":""},"categories":[1],"tags":[284,285],"class_list":["post-6762","post","type-post","status-publish","format-standard","has-post-thumbnail","hentry","category-artikel","tag-eloverforing","tag-svenska-kraftnat"],"acf":[],"yoast_head":"<!-- This site is optimized with the Yoast SEO plugin v27.3 - https:\/\/yoast.com\/product\/yoast-seo-wordpress\/ -->\n<title>Mer f\u00f6rnybar energi ger nya utmaningar - Framtidens karri\u00e4r IT &amp; Data<\/title>\n<meta name=\"robots\" content=\"index, follow, max-snippet:-1, max-image-preview:large, max-video-preview:-1\" \/>\n<link rel=\"canonical\" href=\"https:\/\/framtidenskarriar.se\/itdata\/2021\/03\/09\/mer-fornybar-energi-ger-nya-utmaningar\/\" \/>\n<meta property=\"og:locale\" content=\"sv_SE\" \/>\n<meta property=\"og:type\" content=\"article\" \/>\n<meta property=\"og:title\" content=\"Mer f\u00f6rnybar energi ger nya utmaningar - Framtidens karri\u00e4r IT &amp; Data\" \/>\n<meta property=\"og:description\" content=\"\u00d6verg\u00e5ngen till f\u00f6rnybar energi har skapat ett \u00e4nnu st\u00f6rre behov av it-systemst\u00f6d.\" \/>\n<meta property=\"og:url\" content=\"https:\/\/framtidenskarriar.se\/itdata\/2021\/03\/09\/mer-fornybar-energi-ger-nya-utmaningar\/\" \/>\n<meta property=\"og:site_name\" content=\"Framtidens karri\u00e4r IT &amp; Data\" \/>\n<meta property=\"article:published_time\" content=\"2021-03-09T09:11:23+00:00\" \/>\n<meta property=\"article:modified_time\" content=\"2021-03-24T15:52:25+00:00\" \/>\n<meta property=\"og:image\" content=\"https:\/\/framtidenskarriar.se\/itdata\/wp-content\/uploads\/sites\/13\/2021\/03\/eloverforing-jax210204x0096.jpg\" \/>\n\t<meta property=\"og:image:width\" content=\"1000\" \/>\n\t<meta property=\"og:image:height\" content=\"632\" \/>\n\t<meta property=\"og:image:type\" content=\"image\/jpeg\" \/>\n<meta name=\"author\" content=\"stellanstal\" \/>\n<meta name=\"twitter:card\" content=\"summary_large_image\" \/>\n<meta name=\"twitter:label1\" content=\"Skriven av\" \/>\n\t<meta name=\"twitter:data1\" content=\"stellanstal\" \/>\n\t<meta name=\"twitter:label2\" content=\"Ber\u00e4knad l\u00e4stid\" \/>\n\t<meta name=\"twitter:data2\" content=\"3 minuter\" \/>\n<script type=\"application\/ld+json\" class=\"yoast-schema-graph\">{\"@context\":\"https:\\\/\\\/schema.org\",\"@graph\":[{\"@type\":\"Article\",\"@id\":\"https:\\\/\\\/framtidenskarriar.se\\\/itdata\\\/2021\\\/03\\\/09\\\/mer-fornybar-energi-ger-nya-utmaningar\\\/#article\",\"isPartOf\":{\"@id\":\"https:\\\/\\\/framtidenskarriar.se\\\/itdata\\\/2021\\\/03\\\/09\\\/mer-fornybar-energi-ger-nya-utmaningar\\\/\"},\"author\":{\"name\":\"stellanstal\",\"@id\":\"https:\\\/\\\/framtidenskarriar.se\\\/itdata\\\/#\\\/schema\\\/person\\\/c8a43eb855191e573b73ecf8987a3b99\"},\"headline\":\"Mer f\u00f6rnybar energi ger nya utmaningar\",\"datePublished\":\"2021-03-09T09:11:23+00:00\",\"dateModified\":\"2021-03-24T15:52:25+00:00\",\"mainEntityOfPage\":{\"@id\":\"https:\\\/\\\/framtidenskarriar.se\\\/itdata\\\/2021\\\/03\\\/09\\\/mer-fornybar-energi-ger-nya-utmaningar\\\/\"},\"wordCount\":564,\"commentCount\":0,\"image\":{\"@id\":\"https:\\\/\\\/framtidenskarriar.se\\\/itdata\\\/2021\\\/03\\\/09\\\/mer-fornybar-energi-ger-nya-utmaningar\\\/#primaryimage\"},\"thumbnailUrl\":\"https:\\\/\\\/framtidenskarriar.se\\\/itdata\\\/wp-content\\\/uploads\\\/sites\\\/13\\\/2021\\\/03\\\/eloverforing-jax210204x0096.jpg\",\"keywords\":[\"El\u00f6verf\u00f6ring\",\"Svenska Kraftn\u00e4t\"],\"articleSection\":[\"Artikel\"],\"inLanguage\":\"sv-SE\",\"potentialAction\":[{\"@type\":\"CommentAction\",\"name\":\"Comment\",\"target\":[\"https:\\\/\\\/framtidenskarriar.se\\\/itdata\\\/2021\\\/03\\\/09\\\/mer-fornybar-energi-ger-nya-utmaningar\\\/#respond\"]}]},{\"@type\":\"WebPage\",\"@id\":\"https:\\\/\\\/framtidenskarriar.se\\\/itdata\\\/2021\\\/03\\\/09\\\/mer-fornybar-energi-ger-nya-utmaningar\\\/\",\"url\":\"https:\\\/\\\/framtidenskarriar.se\\\/itdata\\\/2021\\\/03\\\/09\\\/mer-fornybar-energi-ger-nya-utmaningar\\\/\",\"name\":\"Mer f\u00f6rnybar energi ger nya utmaningar - Framtidens karri\u00e4r IT & Data\",\"isPartOf\":{\"@id\":\"https:\\\/\\\/framtidenskarriar.se\\\/itdata\\\/#website\"},\"primaryImageOfPage\":{\"@id\":\"https:\\\/\\\/framtidenskarriar.se\\\/itdata\\\/2021\\\/03\\\/09\\\/mer-fornybar-energi-ger-nya-utmaningar\\\/#primaryimage\"},\"image\":{\"@id\":\"https:\\\/\\\/framtidenskarriar.se\\\/itdata\\\/2021\\\/03\\\/09\\\/mer-fornybar-energi-ger-nya-utmaningar\\\/#primaryimage\"},\"thumbnailUrl\":\"https:\\\/\\\/framtidenskarriar.se\\\/itdata\\\/wp-content\\\/uploads\\\/sites\\\/13\\\/2021\\\/03\\\/eloverforing-jax210204x0096.jpg\",\"datePublished\":\"2021-03-09T09:11:23+00:00\",\"dateModified\":\"2021-03-24T15:52:25+00:00\",\"author\":{\"@id\":\"https:\\\/\\\/framtidenskarriar.se\\\/itdata\\\/#\\\/schema\\\/person\\\/c8a43eb855191e573b73ecf8987a3b99\"},\"breadcrumb\":{\"@id\":\"https:\\\/\\\/framtidenskarriar.se\\\/itdata\\\/2021\\\/03\\\/09\\\/mer-fornybar-energi-ger-nya-utmaningar\\\/#breadcrumb\"},\"inLanguage\":\"sv-SE\",\"potentialAction\":[{\"@type\":\"ReadAction\",\"target\":[\"https:\\\/\\\/framtidenskarriar.se\\\/itdata\\\/2021\\\/03\\\/09\\\/mer-fornybar-energi-ger-nya-utmaningar\\\/\"]}]},{\"@type\":\"ImageObject\",\"inLanguage\":\"sv-SE\",\"@id\":\"https:\\\/\\\/framtidenskarriar.se\\\/itdata\\\/2021\\\/03\\\/09\\\/mer-fornybar-energi-ger-nya-utmaningar\\\/#primaryimage\",\"url\":\"https:\\\/\\\/framtidenskarriar.se\\\/itdata\\\/wp-content\\\/uploads\\\/sites\\\/13\\\/2021\\\/03\\\/eloverforing-jax210204x0096.jpg\",\"contentUrl\":\"https:\\\/\\\/framtidenskarriar.se\\\/itdata\\\/wp-content\\\/uploads\\\/sites\\\/13\\\/2021\\\/03\\\/eloverforing-jax210204x0096.jpg\",\"width\":1000,\"height\":632,\"caption\":\"Lars Jansson\"},{\"@type\":\"BreadcrumbList\",\"@id\":\"https:\\\/\\\/framtidenskarriar.se\\\/itdata\\\/2021\\\/03\\\/09\\\/mer-fornybar-energi-ger-nya-utmaningar\\\/#breadcrumb\",\"itemListElement\":[{\"@type\":\"ListItem\",\"position\":1,\"name\":\"Home\",\"item\":\"https:\\\/\\\/framtidenskarriar.se\\\/itdata\\\/\"},{\"@type\":\"ListItem\",\"position\":2,\"name\":\"Mer f\u00f6rnybar energi ger nya utmaningar\"}]},{\"@type\":\"WebSite\",\"@id\":\"https:\\\/\\\/framtidenskarriar.se\\\/itdata\\\/#website\",\"url\":\"https:\\\/\\\/framtidenskarriar.se\\\/itdata\\\/\",\"name\":\"Framtidens karri\u00e4r IT & Data\",\"description\":\"Just another NMDashboard.se Sites site\",\"potentialAction\":[{\"@type\":\"SearchAction\",\"target\":{\"@type\":\"EntryPoint\",\"urlTemplate\":\"https:\\\/\\\/framtidenskarriar.se\\\/itdata\\\/?s={search_term_string}\"},\"query-input\":{\"@type\":\"PropertyValueSpecification\",\"valueRequired\":true,\"valueName\":\"search_term_string\"}}],\"inLanguage\":\"sv-SE\"},{\"@type\":\"Person\",\"@id\":\"https:\\\/\\\/framtidenskarriar.se\\\/itdata\\\/#\\\/schema\\\/person\\\/c8a43eb855191e573b73ecf8987a3b99\",\"name\":\"stellanstal\",\"image\":{\"@type\":\"ImageObject\",\"inLanguage\":\"sv-SE\",\"@id\":\"https:\\\/\\\/secure.gravatar.com\\\/avatar\\\/cd330fa6bb17f598124b2068ee0b189e4fe0987a50af9d53b78410836060d0c9?s=96&d=mm&r=g\",\"url\":\"https:\\\/\\\/secure.gravatar.com\\\/avatar\\\/cd330fa6bb17f598124b2068ee0b189e4fe0987a50af9d53b78410836060d0c9?s=96&d=mm&r=g\",\"contentUrl\":\"https:\\\/\\\/secure.gravatar.com\\\/avatar\\\/cd330fa6bb17f598124b2068ee0b189e4fe0987a50af9d53b78410836060d0c9?s=96&d=mm&r=g\",\"caption\":\"stellanstal\"},\"url\":\"https:\\\/\\\/framtidenskarriar.se\\\/itdata\\\/author\\\/stellanstal\\\/\"}]}<\/script>\n<!-- \/ Yoast SEO plugin. -->","yoast_head_json":{"title":"Mer f\u00f6rnybar energi ger nya utmaningar - Framtidens karri\u00e4r IT & Data","robots":{"index":"index","follow":"follow","max-snippet":"max-snippet:-1","max-image-preview":"max-image-preview:large","max-video-preview":"max-video-preview:-1"},"canonical":"https:\/\/framtidenskarriar.se\/itdata\/2021\/03\/09\/mer-fornybar-energi-ger-nya-utmaningar\/","og_locale":"sv_SE","og_type":"article","og_title":"Mer f\u00f6rnybar energi ger nya utmaningar - Framtidens karri\u00e4r IT & Data","og_description":"\u00d6verg\u00e5ngen till f\u00f6rnybar energi har skapat ett \u00e4nnu st\u00f6rre behov av it-systemst\u00f6d.","og_url":"https:\/\/framtidenskarriar.se\/itdata\/2021\/03\/09\/mer-fornybar-energi-ger-nya-utmaningar\/","og_site_name":"Framtidens karri\u00e4r IT & Data","article_published_time":"2021-03-09T09:11:23+00:00","article_modified_time":"2021-03-24T15:52:25+00:00","og_image":[{"width":1000,"height":632,"url":"https:\/\/framtidenskarriar.se\/itdata\/wp-content\/uploads\/sites\/13\/2021\/03\/eloverforing-jax210204x0096.jpg","type":"image\/jpeg"}],"author":"stellanstal","twitter_card":"summary_large_image","twitter_misc":{"Skriven av":"stellanstal","Ber\u00e4knad l\u00e4stid":"3 minuter"},"schema":{"@context":"https:\/\/schema.org","@graph":[{"@type":"Article","@id":"https:\/\/framtidenskarriar.se\/itdata\/2021\/03\/09\/mer-fornybar-energi-ger-nya-utmaningar\/#article","isPartOf":{"@id":"https:\/\/framtidenskarriar.se\/itdata\/2021\/03\/09\/mer-fornybar-energi-ger-nya-utmaningar\/"},"author":{"name":"stellanstal","@id":"https:\/\/framtidenskarriar.se\/itdata\/#\/schema\/person\/c8a43eb855191e573b73ecf8987a3b99"},"headline":"Mer f\u00f6rnybar energi ger nya utmaningar","datePublished":"2021-03-09T09:11:23+00:00","dateModified":"2021-03-24T15:52:25+00:00","mainEntityOfPage":{"@id":"https:\/\/framtidenskarriar.se\/itdata\/2021\/03\/09\/mer-fornybar-energi-ger-nya-utmaningar\/"},"wordCount":564,"commentCount":0,"image":{"@id":"https:\/\/framtidenskarriar.se\/itdata\/2021\/03\/09\/mer-fornybar-energi-ger-nya-utmaningar\/#primaryimage"},"thumbnailUrl":"https:\/\/framtidenskarriar.se\/itdata\/wp-content\/uploads\/sites\/13\/2021\/03\/eloverforing-jax210204x0096.jpg","keywords":["El\u00f6verf\u00f6ring","Svenska Kraftn\u00e4t"],"articleSection":["Artikel"],"inLanguage":"sv-SE","potentialAction":[{"@type":"CommentAction","name":"Comment","target":["https:\/\/framtidenskarriar.se\/itdata\/2021\/03\/09\/mer-fornybar-energi-ger-nya-utmaningar\/#respond"]}]},{"@type":"WebPage","@id":"https:\/\/framtidenskarriar.se\/itdata\/2021\/03\/09\/mer-fornybar-energi-ger-nya-utmaningar\/","url":"https:\/\/framtidenskarriar.se\/itdata\/2021\/03\/09\/mer-fornybar-energi-ger-nya-utmaningar\/","name":"Mer f\u00f6rnybar energi ger nya utmaningar - Framtidens karri\u00e4r IT & Data","isPartOf":{"@id":"https:\/\/framtidenskarriar.se\/itdata\/#website"},"primaryImageOfPage":{"@id":"https:\/\/framtidenskarriar.se\/itdata\/2021\/03\/09\/mer-fornybar-energi-ger-nya-utmaningar\/#primaryimage"},"image":{"@id":"https:\/\/framtidenskarriar.se\/itdata\/2021\/03\/09\/mer-fornybar-energi-ger-nya-utmaningar\/#primaryimage"},"thumbnailUrl":"https:\/\/framtidenskarriar.se\/itdata\/wp-content\/uploads\/sites\/13\/2021\/03\/eloverforing-jax210204x0096.jpg","datePublished":"2021-03-09T09:11:23+00:00","dateModified":"2021-03-24T15:52:25+00:00","author":{"@id":"https:\/\/framtidenskarriar.se\/itdata\/#\/schema\/person\/c8a43eb855191e573b73ecf8987a3b99"},"breadcrumb":{"@id":"https:\/\/framtidenskarriar.se\/itdata\/2021\/03\/09\/mer-fornybar-energi-ger-nya-utmaningar\/#breadcrumb"},"inLanguage":"sv-SE","potentialAction":[{"@type":"ReadAction","target":["https:\/\/framtidenskarriar.se\/itdata\/2021\/03\/09\/mer-fornybar-energi-ger-nya-utmaningar\/"]}]},{"@type":"ImageObject","inLanguage":"sv-SE","@id":"https:\/\/framtidenskarriar.se\/itdata\/2021\/03\/09\/mer-fornybar-energi-ger-nya-utmaningar\/#primaryimage","url":"https:\/\/framtidenskarriar.se\/itdata\/wp-content\/uploads\/sites\/13\/2021\/03\/eloverforing-jax210204x0096.jpg","contentUrl":"https:\/\/framtidenskarriar.se\/itdata\/wp-content\/uploads\/sites\/13\/2021\/03\/eloverforing-jax210204x0096.jpg","width":1000,"height":632,"caption":"Lars Jansson"},{"@type":"BreadcrumbList","@id":"https:\/\/framtidenskarriar.se\/itdata\/2021\/03\/09\/mer-fornybar-energi-ger-nya-utmaningar\/#breadcrumb","itemListElement":[{"@type":"ListItem","position":1,"name":"Home","item":"https:\/\/framtidenskarriar.se\/itdata\/"},{"@type":"ListItem","position":2,"name":"Mer f\u00f6rnybar energi ger nya utmaningar"}]},{"@type":"WebSite","@id":"https:\/\/framtidenskarriar.se\/itdata\/#website","url":"https:\/\/framtidenskarriar.se\/itdata\/","name":"Framtidens karri\u00e4r IT & Data","description":"Just another NMDashboard.se Sites site","potentialAction":[{"@type":"SearchAction","target":{"@type":"EntryPoint","urlTemplate":"https:\/\/framtidenskarriar.se\/itdata\/?s={search_term_string}"},"query-input":{"@type":"PropertyValueSpecification","valueRequired":true,"valueName":"search_term_string"}}],"inLanguage":"sv-SE"},{"@type":"Person","@id":"https:\/\/framtidenskarriar.se\/itdata\/#\/schema\/person\/c8a43eb855191e573b73ecf8987a3b99","name":"stellanstal","image":{"@type":"ImageObject","inLanguage":"sv-SE","@id":"https:\/\/secure.gravatar.com\/avatar\/cd330fa6bb17f598124b2068ee0b189e4fe0987a50af9d53b78410836060d0c9?s=96&d=mm&r=g","url":"https:\/\/secure.gravatar.com\/avatar\/cd330fa6bb17f598124b2068ee0b189e4fe0987a50af9d53b78410836060d0c9?s=96&d=mm&r=g","contentUrl":"https:\/\/secure.gravatar.com\/avatar\/cd330fa6bb17f598124b2068ee0b189e4fe0987a50af9d53b78410836060d0c9?s=96&d=mm&r=g","caption":"stellanstal"},"url":"https:\/\/framtidenskarriar.se\/itdata\/author\/stellanstal\/"}]}},"_links":{"self":[{"href":"https:\/\/framtidenskarriar.se\/itdata\/wp-json\/wp\/v2\/posts\/6762","targetHints":{"allow":["GET"]}}],"collection":[{"href":"https:\/\/framtidenskarriar.se\/itdata\/wp-json\/wp\/v2\/posts"}],"about":[{"href":"https:\/\/framtidenskarriar.se\/itdata\/wp-json\/wp\/v2\/types\/post"}],"author":[{"embeddable":true,"href":"https:\/\/framtidenskarriar.se\/itdata\/wp-json\/wp\/v2\/users\/3"}],"replies":[{"embeddable":true,"href":"https:\/\/framtidenskarriar.se\/itdata\/wp-json\/wp\/v2\/comments?post=6762"}],"version-history":[{"count":4,"href":"https:\/\/framtidenskarriar.se\/itdata\/wp-json\/wp\/v2\/posts\/6762\/revisions"}],"predecessor-version":[{"id":7006,"href":"https:\/\/framtidenskarriar.se\/itdata\/wp-json\/wp\/v2\/posts\/6762\/revisions\/7006"}],"wp:featuredmedia":[{"embeddable":true,"href":"https:\/\/framtidenskarriar.se\/itdata\/wp-json\/wp\/v2\/media\/6764"}],"wp:attachment":[{"href":"https:\/\/framtidenskarriar.se\/itdata\/wp-json\/wp\/v2\/media?parent=6762"}],"wp:term":[{"taxonomy":"category","embeddable":true,"href":"https:\/\/framtidenskarriar.se\/itdata\/wp-json\/wp\/v2\/categories?post=6762"},{"taxonomy":"post_tag","embeddable":true,"href":"https:\/\/framtidenskarriar.se\/itdata\/wp-json\/wp\/v2\/tags?post=6762"}],"curies":[{"name":"wp","href":"https:\/\/api.w.org\/{rel}","templated":true}]}}