{"id":6801,"date":"2021-03-09T09:42:06","date_gmt":"2021-03-09T09:42:06","guid":{"rendered":"https:\/\/framtidenskarriar.se\/itdata\/?p=6801"},"modified":"2022-02-18T08:25:47","modified_gmt":"2022-02-18T08:25:47","slug":"it-traineeprogrammet-som-ger-kickstart-i-karriaren","status":"publish","type":"post","link":"https:\/\/framtidenskarriar.se\/itdata\/2021\/03\/09\/it-traineeprogrammet-som-ger-kickstart-i-karriaren\/","title":{"rendered":"IT-traineeprogrammet som ger kickstart i karri\u00e4ren"},"content":{"rendered":"\n<figure class=\"wp-block-image size-large\"><img loading=\"lazy\" decoding=\"async\" width=\"1000\" height=\"661\" src=\"https:\/\/framtidenskarriar.se\/itdata\/wp-content\/uploads\/sites\/13\/2021\/03\/ericsson-fannyharis-3.jpg\" alt=\"Fanny Tapper, IT-trainee och Haris Koljic, r\u00e5dgivare till ledningsgruppen inom IT Cloud Services p\u00e5 Ericsson. Foto: Johan Marklund\" class=\"wp-image-6805\" srcset=\"https:\/\/framtidenskarriar.se\/itdata\/wp-content\/uploads\/sites\/13\/2021\/03\/ericsson-fannyharis-3.jpg 1000w, https:\/\/framtidenskarriar.se\/itdata\/wp-content\/uploads\/sites\/13\/2021\/03\/ericsson-fannyharis-3-300x198.jpg 300w, https:\/\/framtidenskarriar.se\/itdata\/wp-content\/uploads\/sites\/13\/2021\/03\/ericsson-fannyharis-3-768x508.jpg 768w, https:\/\/framtidenskarriar.se\/itdata\/wp-content\/uploads\/sites\/13\/2021\/03\/ericsson-fannyharis-3-242x160.jpg 242w, https:\/\/framtidenskarriar.se\/itdata\/wp-content\/uploads\/sites\/13\/2021\/03\/ericsson-fannyharis-3-526x348.jpg 526w, https:\/\/framtidenskarriar.se\/itdata\/wp-content\/uploads\/sites\/13\/2021\/03\/ericsson-fannyharis-3-720x476.jpg 720w, https:\/\/framtidenskarriar.se\/itdata\/wp-content\/uploads\/sites\/13\/2021\/03\/ericsson-fannyharis-3-960x635.jpg 960w\" sizes=\"auto, (max-width: 1000px) 100vw, 1000px\" \/><figcaption>Fanny Tapper, IT-trainee och Haris Koljic, r\u00e5dgivare till ledningsgruppen inom IT Cloud Services p\u00e5 Ericsson. Foto: Johan Marklund<\/figcaption><\/figure>\n\n\n\n<p><strong>\u2013 Jag s\u00f6kte till IT-traineeprogrammet f\u00f6r att verksamheten erbjuder s\u00e5 m\u00e5nga m\u00f6jligheter. Det blev faktiskt \u00e4nnu b\u00e4ttre \u00e4n f\u00f6rv\u00e4ntat, en kickstart p\u00e5 yrkeslivet som jag \u00f6nskar alla, s\u00e4ger Haris Koljic, r\u00e5dgivare till ledningsgruppen inom IT Cloud Services, Ericsson.<\/strong><\/p>\n\n\n\n<p>Haris Koljic har l\u00e4st till civilingenj\u00f6r i industriell ekonomi och logistik vid Link\u00f6pings universitet. Efter avslutade studier s\u00f6kte han till Ericssons IT-traineeprogram.<br>\u2013 Jag hade ett sommarjobb mellan mitt fj\u00e4rde och femte \u00e5r, redan d\u00e4r fick jag en god k\u00e4nsla f\u00f6r Ericsson och den hj\u00e4lpsamma f\u00f6retagskulturen. N\u00e4r det var dags att ta examen s\u00f6kte jag till trainee-programmet eftersom det \u00e4r s\u00e5 brett, och f\u00f6r att jag hade en f\u00f6rhoppning om att jag skulle komma p\u00e5 vad jag ville syssla med fram\u00f6ver.<br>Med facit i hand konstaterar Haris att trainee\u00e5ret blev precis som han t\u00e4nkt sig, fast \u00e4nnu b\u00e4ttre.<br>\u2013 Jag var i \u00e4rlighetens namn lite os\u00e4ker om jag valt r\u00e4tt, IT \u00e4r ju inte exakt det jag pluggat till. Men trainee\u00e5ret var perfekt och \u00f6ppnade massor av nya och sp\u00e4nnande m\u00f6jligheter.<br>Idag har Haris en roll som r\u00e5dgivare till Head of Cloud Services d\u00e4r han bland annat arbetar med ett projekt med fokus p\u00e5 att kartl\u00e4gga teknologier och infrastruktur av hela molndelen p\u00e5 Ericsson.<br>\u2013 I n\u00e4sta fas ska vi strukturera upp riktlinjer f\u00f6r att se vilka applikationer och system som kan flyttas till det publika molnet. Det \u00e4r en ganska stor utmaning som bland annat inbegriper intervjuer av ett stort antal medarbetare runt om i hela organisationen.<\/p>\n\n\n\n<p class=\"has-color-gray-01-background-color has-background\"><strong><a href=\"https:\/\/www.traineeguiden.se\/trainee-program\/ericsson-it-trainee-program\" title=\"Ericsson pres 2021 trainee\" target=\"_blank\" rel=\"noreferrer noopener\">Klicka h\u00e4r om du vill veta mer om traineeprogrammet<\/a><\/strong><br><br><strong><a href=\"https:\/\/www.ericsson.com\/en\/careers\" title=\"Ericsson pres 2021 jobb ans\u00f6k\" target=\"_blank\" rel=\"noreferrer noopener\">Klicka h\u00e4r om du vill se v\u00e5ra lediga IT-tj\u00e4nster<\/a><\/strong><\/p>\n\n\n\n<p><strong>Omfattande program<\/strong><br>Fanny Tapper, IT-trainee, ber\u00e4ttar en liknande historia.<br>\u2013 Jag har studerat till civilingenj\u00f6r i system i teknik och samh\u00e4lle med IT-system som teknisk profilering vid Uppsala universitet, och s\u00f6kte mig till Ericsson f\u00f6r att det \u00e4r ett stort och m\u00e5ngkulturellt f\u00f6retag som arbetar med en m\u00e4ngd olika sp\u00e4nnande teknologier.<br>Det som avgjorde valet av traineeplats var det omfattande och breda programmet.<br>\u2013 Det \u00e4r sv\u00e5rt att veta vad man vill g\u00f6ra n\u00e4r man pluggat klart. Under trainee\u00e5ret roterar vi inom tre olika IT-omr\u00e5den vilket \u00e4r j\u00e4ttebra om man som jag \u00e4r lite p\u00e5 jakt efter sitt favoritomr\u00e5de.<br>Fannys f\u00f6rsta rotation var f\u00f6rlagd till Market and Sales.<br>\u2013 Jag arbetade med ett Customer 360-projekt d\u00e4r vi i projektgruppen l\u00e4rde oss b\u00e5de verktyget och plattformen s\u00e5 grundligt att vi \u00e4r certifierade administrat\u00f6rer. Ett j\u00e4ttesp\u00e4nnande projekt d\u00e4r jag b\u00e5de arbetade \u00f6vergripande och med att koda egna komponenter.<\/p>\n\n\n\n<p><strong>Praktisk erfarenhet<\/strong><br>En stor f\u00f6rdel, menar Fanny, \u00e4r att hela trainee\u00e5ret best\u00e5r av reella verksamhetsprojekt.<br>\u2013 Du sitter med i de p\u00e5g\u00e5ende projekten d\u00e4r det v\u00e4rdes\u00e4tts att man \u00e4r nyutexaminerad och kan bidra med f\u00e4rsk kompetens. Att f\u00e5 praktisk erfarenhet g\u00f6r att man utvecklas enormt snabbt.<br>Coronapandemin har under det g\u00e5ngna \u00e5ret satt sp\u00e5r \u00e4ven i Ericssons verksamhet och inneburit en hel del arbete fr\u00e5n hemmet.<br>\u2013 Det \u00e4r sv\u00e5rt att komma in i ett f\u00f6retag under pandemi med allt vad det inneb\u00e4r. Men jag tycker att det har l\u00f6sts p\u00e5 ett bra s\u00e4tt. Vi har gradvis lotsats in i verksamheten och f\u00f6rsetts med kurser och byggt ett kontaktn\u00e4t som gjort att man snabbt kommit upp i den fart som beh\u00f6vs f\u00f6r att kunna bidra i projekten.<\/p>\n\n\n\n<p><strong>Bra balans<\/strong><br>P\u00e5 fr\u00e5gan om hon kan rekommendera andra unga akademiker att g\u00f6ra ett trainee\u00e5r p\u00e5 Ericsson kommer svaret snabbt.<br>\u2013 Absolut! Den f\u00f6rsta rotationen var fantastiskt rolig och jag \u00e4r verkligen taggad inf\u00f6r de kommande tv\u00e5. Ledarna \u00e4r fantastiska och har lyckats hitta en bra balans i programmet som g\u00f6r att vi nya k\u00e4nner oss trygga i verksamheten samtidigt som vi blir utmanade och f\u00e5r arbeta med komplexa projekt.<br>Haris inst\u00e4mmer fullt och fast.<br>\u2013 Jag kan verkligen rekommendera andra akademiker att s\u00f6ka sig till ITtraineeprogrammet. Om man \u00e4r intresserad av att arbeta p\u00e5 ett f\u00f6retag i teknikens framkant tillsammans med trevliga och otroligt duktiga kollegor i en m\u00e5ngkulturell milj\u00f6 som erbjuder m\u00e5nga m\u00f6jligheter, d\u00e5 \u00e4r det Ericsson som g\u00e4ller!<\/p>\n\n\n\n<p class=\"has-color-gray-01-background-color has-background\"><strong><a href=\"https:\/\/www.traineeguiden.se\/trainee-program\/ericsson-it-trainee-program\" title=\"Ericsson pres 2021 trainee\" target=\"_blank\" rel=\"noreferrer noopener\">Klicka h\u00e4r om du vill veta mer om traineeprogrammet<\/a><\/strong><br><br><strong><a href=\"https:\/\/www.ericsson.com\/en\/careers\" title=\"Ericsson pres 2021 jobb ans\u00f6k\" target=\"_blank\" rel=\"noreferrer noopener\">Klicka h\u00e4r om du vill se v\u00e5ra lediga IT-tj\u00e4nster<\/a><\/strong><\/p>\n\n\n\n<div class=\"wp-block-group faktaruta\"><div class=\"wp-block-group__inner-container is-layout-flow wp-block-group-is-layout-flow\">\n<h6 class=\"wp-block-heading\" id=\"ericsson\">Ericsson<\/h6>\n\n\n\n<p>Ericsson \u00e4r p\u00e5 en resa med digital transformation som p\u00e5verkar alla delar av f\u00f6retaget fr\u00e5n kund och utveckling till leverans. Som en del av IT Trainee-programmet har du m\u00f6jlighet att g\u00e5 med i mycket skickliga team med fokus p\u00e5 att omdefiniera Ericssons verksamhetsmodell. Du kommer att anv\u00e4nda din tekniska examen och kompetens f\u00f6r att utveckla l\u00f6sningar som l\u00f6ser komplexa aff\u00e4rsproblem i alla delar av Ericsson tillsammans med v\u00e5ra mycket engagerade och multikulturella team.<br><strong><br><a href=\"https:\/\/www.ericsson.com\/en\" title=\"Ericsson pres 2021 textlink\" target=\"_blank\" rel=\"noreferrer noopener\">www.ericsson.com<\/a><\/strong><br><br><a href=\"https:\/\/www.ericsson.com\/en\" title=\"Ericsson pres 2021 logotype\" target=\"_blank\" rel=\"noreferrer noopener\"><img loading=\"lazy\" decoding=\"async\" width=\"150\" height=\"30\" class=\"wp-image-6804\" style=\"width: 150px;\" src=\"https:\/\/framtidenskarriar.se\/itdata\/wp-content\/uploads\/sites\/13\/2021\/03\/ericsson-horizontal-rgb.png\" alt=\"\" srcset=\"https:\/\/framtidenskarriar.se\/itdata\/wp-content\/uploads\/sites\/13\/2021\/03\/ericsson-horizontal-rgb.png 500w, https:\/\/framtidenskarriar.se\/itdata\/wp-content\/uploads\/sites\/13\/2021\/03\/ericsson-horizontal-rgb-300x61.png 300w\" sizes=\"auto, (max-width: 150px) 100vw, 150px\" \/><\/a><\/p>\n<\/div><\/div>\n","protected":false},"excerpt":{"rendered":"<p>H\u00e4r f\u00e5r man en kickstart p\u00e5 yrkeslivet som jag \u00f6nskar alla<\/p>\n","protected":false},"author":2,"featured_media":6805,"comment_status":"open","ping_status":"open","sticky":false,"template":"","format":"standard","meta":{"_acf_changed":false,"_monsterinsights_skip_tracking":false,"_monsterinsights_sitenote_active":false,"_monsterinsights_sitenote_note":"","_monsterinsights_sitenote_category":0,"footnotes":""},"categories":[9],"tags":[72],"class_list":["post-6801","post","type-post","status-publish","format-standard","has-post-thumbnail","hentry","category-presentation","tag-ericsson"],"acf":[],"yoast_head":"<!-- This site is optimized with the Yoast SEO plugin v27.3 - https:\/\/yoast.com\/product\/yoast-seo-wordpress\/ -->\n<title>IT-traineeprogrammet som ger kickstart i karri\u00e4ren - Framtidens karri\u00e4r IT &amp; Data<\/title>\n<meta name=\"robots\" content=\"index, follow, max-snippet:-1, max-image-preview:large, max-video-preview:-1\" \/>\n<link rel=\"canonical\" href=\"https:\/\/framtidenskarriar.se\/itdata\/2021\/03\/09\/it-traineeprogrammet-som-ger-kickstart-i-karriaren\/\" \/>\n<meta property=\"og:locale\" content=\"sv_SE\" \/>\n<meta property=\"og:type\" content=\"article\" \/>\n<meta property=\"og:title\" content=\"IT-traineeprogrammet som ger kickstart i karri\u00e4ren - Framtidens karri\u00e4r IT &amp; Data\" \/>\n<meta property=\"og:description\" content=\"H\u00e4r f\u00e5r man en kickstart p\u00e5 yrkeslivet som jag \u00f6nskar alla\" \/>\n<meta property=\"og:url\" content=\"https:\/\/framtidenskarriar.se\/itdata\/2021\/03\/09\/it-traineeprogrammet-som-ger-kickstart-i-karriaren\/\" \/>\n<meta property=\"og:site_name\" content=\"Framtidens karri\u00e4r IT &amp; Data\" \/>\n<meta property=\"article:published_time\" content=\"2021-03-09T09:42:06+00:00\" \/>\n<meta property=\"article:modified_time\" content=\"2022-02-18T08:25:47+00:00\" \/>\n<meta property=\"og:image\" content=\"https:\/\/framtidenskarriar.se\/itdata\/wp-content\/uploads\/sites\/13\/2021\/03\/ericsson-fannyharis-3.jpg\" \/>\n\t<meta property=\"og:image:width\" content=\"1000\" \/>\n\t<meta property=\"og:image:height\" content=\"661\" \/>\n\t<meta property=\"og:image:type\" content=\"image\/jpeg\" \/>\n<meta name=\"author\" content=\"viktorwallen\" \/>\n<meta name=\"twitter:card\" content=\"summary_large_image\" \/>\n<meta name=\"twitter:label1\" content=\"Skriven av\" \/>\n\t<meta name=\"twitter:data1\" content=\"viktorwallen\" \/>\n\t<meta name=\"twitter:label2\" content=\"Ber\u00e4knad l\u00e4stid\" \/>\n\t<meta name=\"twitter:data2\" content=\"5 minuter\" \/>\n<script type=\"application\/ld+json\" class=\"yoast-schema-graph\">{\"@context\":\"https:\\\/\\\/schema.org\",\"@graph\":[{\"@type\":\"Article\",\"@id\":\"https:\\\/\\\/framtidenskarriar.se\\\/itdata\\\/2021\\\/03\\\/09\\\/it-traineeprogrammet-som-ger-kickstart-i-karriaren\\\/#article\",\"isPartOf\":{\"@id\":\"https:\\\/\\\/framtidenskarriar.se\\\/itdata\\\/2021\\\/03\\\/09\\\/it-traineeprogrammet-som-ger-kickstart-i-karriaren\\\/\"},\"author\":{\"name\":\"viktorwallen\",\"@id\":\"https:\\\/\\\/framtidenskarriar.se\\\/itdata\\\/#\\\/schema\\\/person\\\/2a13a849ec7646386c2211f59afe3083\"},\"headline\":\"IT-traineeprogrammet som ger kickstart i karri\u00e4ren\",\"datePublished\":\"2021-03-09T09:42:06+00:00\",\"dateModified\":\"2022-02-18T08:25:47+00:00\",\"mainEntityOfPage\":{\"@id\":\"https:\\\/\\\/framtidenskarriar.se\\\/itdata\\\/2021\\\/03\\\/09\\\/it-traineeprogrammet-som-ger-kickstart-i-karriaren\\\/\"},\"wordCount\":886,\"commentCount\":0,\"image\":{\"@id\":\"https:\\\/\\\/framtidenskarriar.se\\\/itdata\\\/2021\\\/03\\\/09\\\/it-traineeprogrammet-som-ger-kickstart-i-karriaren\\\/#primaryimage\"},\"thumbnailUrl\":\"https:\\\/\\\/framtidenskarriar.se\\\/itdata\\\/wp-content\\\/uploads\\\/sites\\\/13\\\/2021\\\/03\\\/ericsson-fannyharis-3.jpg\",\"keywords\":[\"Ericsson\"],\"articleSection\":[\"Presentation\"],\"inLanguage\":\"sv-SE\",\"potentialAction\":[{\"@type\":\"CommentAction\",\"name\":\"Comment\",\"target\":[\"https:\\\/\\\/framtidenskarriar.se\\\/itdata\\\/2021\\\/03\\\/09\\\/it-traineeprogrammet-som-ger-kickstart-i-karriaren\\\/#respond\"]}]},{\"@type\":\"WebPage\",\"@id\":\"https:\\\/\\\/framtidenskarriar.se\\\/itdata\\\/2021\\\/03\\\/09\\\/it-traineeprogrammet-som-ger-kickstart-i-karriaren\\\/\",\"url\":\"https:\\\/\\\/framtidenskarriar.se\\\/itdata\\\/2021\\\/03\\\/09\\\/it-traineeprogrammet-som-ger-kickstart-i-karriaren\\\/\",\"name\":\"IT-traineeprogrammet som ger kickstart i karri\u00e4ren - Framtidens karri\u00e4r IT & Data\",\"isPartOf\":{\"@id\":\"https:\\\/\\\/framtidenskarriar.se\\\/itdata\\\/#website\"},\"primaryImageOfPage\":{\"@id\":\"https:\\\/\\\/framtidenskarriar.se\\\/itdata\\\/2021\\\/03\\\/09\\\/it-traineeprogrammet-som-ger-kickstart-i-karriaren\\\/#primaryimage\"},\"image\":{\"@id\":\"https:\\\/\\\/framtidenskarriar.se\\\/itdata\\\/2021\\\/03\\\/09\\\/it-traineeprogrammet-som-ger-kickstart-i-karriaren\\\/#primaryimage\"},\"thumbnailUrl\":\"https:\\\/\\\/framtidenskarriar.se\\\/itdata\\\/wp-content\\\/uploads\\\/sites\\\/13\\\/2021\\\/03\\\/ericsson-fannyharis-3.jpg\",\"datePublished\":\"2021-03-09T09:42:06+00:00\",\"dateModified\":\"2022-02-18T08:25:47+00:00\",\"author\":{\"@id\":\"https:\\\/\\\/framtidenskarriar.se\\\/itdata\\\/#\\\/schema\\\/person\\\/2a13a849ec7646386c2211f59afe3083\"},\"breadcrumb\":{\"@id\":\"https:\\\/\\\/framtidenskarriar.se\\\/itdata\\\/2021\\\/03\\\/09\\\/it-traineeprogrammet-som-ger-kickstart-i-karriaren\\\/#breadcrumb\"},\"inLanguage\":\"sv-SE\",\"potentialAction\":[{\"@type\":\"ReadAction\",\"target\":[\"https:\\\/\\\/framtidenskarriar.se\\\/itdata\\\/2021\\\/03\\\/09\\\/it-traineeprogrammet-som-ger-kickstart-i-karriaren\\\/\"]}]},{\"@type\":\"ImageObject\",\"inLanguage\":\"sv-SE\",\"@id\":\"https:\\\/\\\/framtidenskarriar.se\\\/itdata\\\/2021\\\/03\\\/09\\\/it-traineeprogrammet-som-ger-kickstart-i-karriaren\\\/#primaryimage\",\"url\":\"https:\\\/\\\/framtidenskarriar.se\\\/itdata\\\/wp-content\\\/uploads\\\/sites\\\/13\\\/2021\\\/03\\\/ericsson-fannyharis-3.jpg\",\"contentUrl\":\"https:\\\/\\\/framtidenskarriar.se\\\/itdata\\\/wp-content\\\/uploads\\\/sites\\\/13\\\/2021\\\/03\\\/ericsson-fannyharis-3.jpg\",\"width\":1000,\"height\":661,\"caption\":\"Fanny Tapper, IT-trainee och Haris Koljic, r\u00e5dgivare till ledningsgruppen inom IT Cloud Services p\u00e5 Ericsson. Foto: Johan Marklund\"},{\"@type\":\"BreadcrumbList\",\"@id\":\"https:\\\/\\\/framtidenskarriar.se\\\/itdata\\\/2021\\\/03\\\/09\\\/it-traineeprogrammet-som-ger-kickstart-i-karriaren\\\/#breadcrumb\",\"itemListElement\":[{\"@type\":\"ListItem\",\"position\":1,\"name\":\"Home\",\"item\":\"https:\\\/\\\/framtidenskarriar.se\\\/itdata\\\/\"},{\"@type\":\"ListItem\",\"position\":2,\"name\":\"IT-traineeprogrammet som ger kickstart i karri\u00e4ren\"}]},{\"@type\":\"WebSite\",\"@id\":\"https:\\\/\\\/framtidenskarriar.se\\\/itdata\\\/#website\",\"url\":\"https:\\\/\\\/framtidenskarriar.se\\\/itdata\\\/\",\"name\":\"Framtidens karri\u00e4r IT & Data\",\"description\":\"Just another NMDashboard.se Sites site\",\"potentialAction\":[{\"@type\":\"SearchAction\",\"target\":{\"@type\":\"EntryPoint\",\"urlTemplate\":\"https:\\\/\\\/framtidenskarriar.se\\\/itdata\\\/?s={search_term_string}\"},\"query-input\":{\"@type\":\"PropertyValueSpecification\",\"valueRequired\":true,\"valueName\":\"search_term_string\"}}],\"inLanguage\":\"sv-SE\"},{\"@type\":\"Person\",\"@id\":\"https:\\\/\\\/framtidenskarriar.se\\\/itdata\\\/#\\\/schema\\\/person\\\/2a13a849ec7646386c2211f59afe3083\",\"name\":\"viktorwallen\",\"image\":{\"@type\":\"ImageObject\",\"inLanguage\":\"sv-SE\",\"@id\":\"https:\\\/\\\/secure.gravatar.com\\\/avatar\\\/701701bd36169636031933997c8c6b954f2f635bbb7cd4802e4a007f9c9f4e59?s=96&d=mm&r=g\",\"url\":\"https:\\\/\\\/secure.gravatar.com\\\/avatar\\\/701701bd36169636031933997c8c6b954f2f635bbb7cd4802e4a007f9c9f4e59?s=96&d=mm&r=g\",\"contentUrl\":\"https:\\\/\\\/secure.gravatar.com\\\/avatar\\\/701701bd36169636031933997c8c6b954f2f635bbb7cd4802e4a007f9c9f4e59?s=96&d=mm&r=g\",\"caption\":\"viktorwallen\"},\"url\":\"https:\\\/\\\/framtidenskarriar.se\\\/itdata\\\/author\\\/viktorwallen\\\/\"}]}<\/script>\n<!-- \/ Yoast SEO plugin. -->","yoast_head_json":{"title":"IT-traineeprogrammet som ger kickstart i karri\u00e4ren - Framtidens karri\u00e4r IT & Data","robots":{"index":"index","follow":"follow","max-snippet":"max-snippet:-1","max-image-preview":"max-image-preview:large","max-video-preview":"max-video-preview:-1"},"canonical":"https:\/\/framtidenskarriar.se\/itdata\/2021\/03\/09\/it-traineeprogrammet-som-ger-kickstart-i-karriaren\/","og_locale":"sv_SE","og_type":"article","og_title":"IT-traineeprogrammet som ger kickstart i karri\u00e4ren - Framtidens karri\u00e4r IT & Data","og_description":"H\u00e4r f\u00e5r man en kickstart p\u00e5 yrkeslivet som jag \u00f6nskar alla","og_url":"https:\/\/framtidenskarriar.se\/itdata\/2021\/03\/09\/it-traineeprogrammet-som-ger-kickstart-i-karriaren\/","og_site_name":"Framtidens karri\u00e4r IT & Data","article_published_time":"2021-03-09T09:42:06+00:00","article_modified_time":"2022-02-18T08:25:47+00:00","og_image":[{"width":1000,"height":661,"url":"https:\/\/framtidenskarriar.se\/itdata\/wp-content\/uploads\/sites\/13\/2021\/03\/ericsson-fannyharis-3.jpg","type":"image\/jpeg"}],"author":"viktorwallen","twitter_card":"summary_large_image","twitter_misc":{"Skriven av":"viktorwallen","Ber\u00e4knad l\u00e4stid":"5 minuter"},"schema":{"@context":"https:\/\/schema.org","@graph":[{"@type":"Article","@id":"https:\/\/framtidenskarriar.se\/itdata\/2021\/03\/09\/it-traineeprogrammet-som-ger-kickstart-i-karriaren\/#article","isPartOf":{"@id":"https:\/\/framtidenskarriar.se\/itdata\/2021\/03\/09\/it-traineeprogrammet-som-ger-kickstart-i-karriaren\/"},"author":{"name":"viktorwallen","@id":"https:\/\/framtidenskarriar.se\/itdata\/#\/schema\/person\/2a13a849ec7646386c2211f59afe3083"},"headline":"IT-traineeprogrammet som ger kickstart i karri\u00e4ren","datePublished":"2021-03-09T09:42:06+00:00","dateModified":"2022-02-18T08:25:47+00:00","mainEntityOfPage":{"@id":"https:\/\/framtidenskarriar.se\/itdata\/2021\/03\/09\/it-traineeprogrammet-som-ger-kickstart-i-karriaren\/"},"wordCount":886,"commentCount":0,"image":{"@id":"https:\/\/framtidenskarriar.se\/itdata\/2021\/03\/09\/it-traineeprogrammet-som-ger-kickstart-i-karriaren\/#primaryimage"},"thumbnailUrl":"https:\/\/framtidenskarriar.se\/itdata\/wp-content\/uploads\/sites\/13\/2021\/03\/ericsson-fannyharis-3.jpg","keywords":["Ericsson"],"articleSection":["Presentation"],"inLanguage":"sv-SE","potentialAction":[{"@type":"CommentAction","name":"Comment","target":["https:\/\/framtidenskarriar.se\/itdata\/2021\/03\/09\/it-traineeprogrammet-som-ger-kickstart-i-karriaren\/#respond"]}]},{"@type":"WebPage","@id":"https:\/\/framtidenskarriar.se\/itdata\/2021\/03\/09\/it-traineeprogrammet-som-ger-kickstart-i-karriaren\/","url":"https:\/\/framtidenskarriar.se\/itdata\/2021\/03\/09\/it-traineeprogrammet-som-ger-kickstart-i-karriaren\/","name":"IT-traineeprogrammet som ger kickstart i karri\u00e4ren - Framtidens karri\u00e4r IT & Data","isPartOf":{"@id":"https:\/\/framtidenskarriar.se\/itdata\/#website"},"primaryImageOfPage":{"@id":"https:\/\/framtidenskarriar.se\/itdata\/2021\/03\/09\/it-traineeprogrammet-som-ger-kickstart-i-karriaren\/#primaryimage"},"image":{"@id":"https:\/\/framtidenskarriar.se\/itdata\/2021\/03\/09\/it-traineeprogrammet-som-ger-kickstart-i-karriaren\/#primaryimage"},"thumbnailUrl":"https:\/\/framtidenskarriar.se\/itdata\/wp-content\/uploads\/sites\/13\/2021\/03\/ericsson-fannyharis-3.jpg","datePublished":"2021-03-09T09:42:06+00:00","dateModified":"2022-02-18T08:25:47+00:00","author":{"@id":"https:\/\/framtidenskarriar.se\/itdata\/#\/schema\/person\/2a13a849ec7646386c2211f59afe3083"},"breadcrumb":{"@id":"https:\/\/framtidenskarriar.se\/itdata\/2021\/03\/09\/it-traineeprogrammet-som-ger-kickstart-i-karriaren\/#breadcrumb"},"inLanguage":"sv-SE","potentialAction":[{"@type":"ReadAction","target":["https:\/\/framtidenskarriar.se\/itdata\/2021\/03\/09\/it-traineeprogrammet-som-ger-kickstart-i-karriaren\/"]}]},{"@type":"ImageObject","inLanguage":"sv-SE","@id":"https:\/\/framtidenskarriar.se\/itdata\/2021\/03\/09\/it-traineeprogrammet-som-ger-kickstart-i-karriaren\/#primaryimage","url":"https:\/\/framtidenskarriar.se\/itdata\/wp-content\/uploads\/sites\/13\/2021\/03\/ericsson-fannyharis-3.jpg","contentUrl":"https:\/\/framtidenskarriar.se\/itdata\/wp-content\/uploads\/sites\/13\/2021\/03\/ericsson-fannyharis-3.jpg","width":1000,"height":661,"caption":"Fanny Tapper, IT-trainee och Haris Koljic, r\u00e5dgivare till ledningsgruppen inom IT Cloud Services p\u00e5 Ericsson. Foto: Johan Marklund"},{"@type":"BreadcrumbList","@id":"https:\/\/framtidenskarriar.se\/itdata\/2021\/03\/09\/it-traineeprogrammet-som-ger-kickstart-i-karriaren\/#breadcrumb","itemListElement":[{"@type":"ListItem","position":1,"name":"Home","item":"https:\/\/framtidenskarriar.se\/itdata\/"},{"@type":"ListItem","position":2,"name":"IT-traineeprogrammet som ger kickstart i karri\u00e4ren"}]},{"@type":"WebSite","@id":"https:\/\/framtidenskarriar.se\/itdata\/#website","url":"https:\/\/framtidenskarriar.se\/itdata\/","name":"Framtidens karri\u00e4r IT & Data","description":"Just another NMDashboard.se Sites site","potentialAction":[{"@type":"SearchAction","target":{"@type":"EntryPoint","urlTemplate":"https:\/\/framtidenskarriar.se\/itdata\/?s={search_term_string}"},"query-input":{"@type":"PropertyValueSpecification","valueRequired":true,"valueName":"search_term_string"}}],"inLanguage":"sv-SE"},{"@type":"Person","@id":"https:\/\/framtidenskarriar.se\/itdata\/#\/schema\/person\/2a13a849ec7646386c2211f59afe3083","name":"viktorwallen","image":{"@type":"ImageObject","inLanguage":"sv-SE","@id":"https:\/\/secure.gravatar.com\/avatar\/701701bd36169636031933997c8c6b954f2f635bbb7cd4802e4a007f9c9f4e59?s=96&d=mm&r=g","url":"https:\/\/secure.gravatar.com\/avatar\/701701bd36169636031933997c8c6b954f2f635bbb7cd4802e4a007f9c9f4e59?s=96&d=mm&r=g","contentUrl":"https:\/\/secure.gravatar.com\/avatar\/701701bd36169636031933997c8c6b954f2f635bbb7cd4802e4a007f9c9f4e59?s=96&d=mm&r=g","caption":"viktorwallen"},"url":"https:\/\/framtidenskarriar.se\/itdata\/author\/viktorwallen\/"}]}},"_links":{"self":[{"href":"https:\/\/framtidenskarriar.se\/itdata\/wp-json\/wp\/v2\/posts\/6801","targetHints":{"allow":["GET"]}}],"collection":[{"href":"https:\/\/framtidenskarriar.se\/itdata\/wp-json\/wp\/v2\/posts"}],"about":[{"href":"https:\/\/framtidenskarriar.se\/itdata\/wp-json\/wp\/v2\/types\/post"}],"author":[{"embeddable":true,"href":"https:\/\/framtidenskarriar.se\/itdata\/wp-json\/wp\/v2\/users\/2"}],"replies":[{"embeddable":true,"href":"https:\/\/framtidenskarriar.se\/itdata\/wp-json\/wp\/v2\/comments?post=6801"}],"version-history":[{"count":8,"href":"https:\/\/framtidenskarriar.se\/itdata\/wp-json\/wp\/v2\/posts\/6801\/revisions"}],"predecessor-version":[{"id":7129,"href":"https:\/\/framtidenskarriar.se\/itdata\/wp-json\/wp\/v2\/posts\/6801\/revisions\/7129"}],"wp:featuredmedia":[{"embeddable":true,"href":"https:\/\/framtidenskarriar.se\/itdata\/wp-json\/wp\/v2\/media\/6805"}],"wp:attachment":[{"href":"https:\/\/framtidenskarriar.se\/itdata\/wp-json\/wp\/v2\/media?parent=6801"}],"wp:term":[{"taxonomy":"category","embeddable":true,"href":"https:\/\/framtidenskarriar.se\/itdata\/wp-json\/wp\/v2\/categories?post=6801"},{"taxonomy":"post_tag","embeddable":true,"href":"https:\/\/framtidenskarriar.se\/itdata\/wp-json\/wp\/v2\/tags?post=6801"}],"curies":[{"name":"wp","href":"https:\/\/api.w.org\/{rel}","templated":true}]}}