{"id":6851,"date":"2021-03-09T10:15:18","date_gmt":"2021-03-09T10:15:18","guid":{"rendered":"https:\/\/framtidenskarriar.se\/itdata\/?p=6851"},"modified":"2022-02-18T08:25:54","modified_gmt":"2022-02-18T08:25:54","slug":"bli-en-del-av-samhallsviktig-it-pa-svenska-kraftnat","status":"publish","type":"post","link":"https:\/\/framtidenskarriar.se\/itdata\/2021\/03\/09\/bli-en-del-av-samhallsviktig-it-pa-svenska-kraftnat\/","title":{"rendered":"Bli en del av samh\u00e4llsviktig IT p\u00e5 Svenska kraftn\u00e4t"},"content":{"rendered":"\n<figure class=\"wp-block-image size-large\"><img loading=\"lazy\" decoding=\"async\" width=\"1000\" height=\"695\" src=\"https:\/\/framtidenskarriar.se\/itdata\/wp-content\/uploads\/sites\/13\/2021\/03\/svenskakraftnat-2.jpg\" alt=\"Tina St\u00f6dberg, avdelningschef f\u00f6r IT-utveckling och Victor Larsen, Change Manager p\u00e5 Svenska kraftn\u00e4t. Foto: Johan Marklund\" class=\"wp-image-6854\" srcset=\"https:\/\/framtidenskarriar.se\/itdata\/wp-content\/uploads\/sites\/13\/2021\/03\/svenskakraftnat-2.jpg 1000w, https:\/\/framtidenskarriar.se\/itdata\/wp-content\/uploads\/sites\/13\/2021\/03\/svenskakraftnat-2-300x209.jpg 300w, https:\/\/framtidenskarriar.se\/itdata\/wp-content\/uploads\/sites\/13\/2021\/03\/svenskakraftnat-2-768x534.jpg 768w, https:\/\/framtidenskarriar.se\/itdata\/wp-content\/uploads\/sites\/13\/2021\/03\/svenskakraftnat-2-230x160.jpg 230w, https:\/\/framtidenskarriar.se\/itdata\/wp-content\/uploads\/sites\/13\/2021\/03\/svenskakraftnat-2-526x366.jpg 526w, https:\/\/framtidenskarriar.se\/itdata\/wp-content\/uploads\/sites\/13\/2021\/03\/svenskakraftnat-2-720x500.jpg 720w, https:\/\/framtidenskarriar.se\/itdata\/wp-content\/uploads\/sites\/13\/2021\/03\/svenskakraftnat-2-960x667.jpg 960w\" sizes=\"auto, (max-width: 1000px) 100vw, 1000px\" \/><figcaption>Tina St\u00f6dberg, avdelningschef f\u00f6r IT-utveckling och Victor Larsen, Change Manager p\u00e5 Svenska kraftn\u00e4t. Foto: Johan Marklund<\/figcaption><\/figure>\n\n\n\n<p><strong>P\u00e5 Svenska kraftn\u00e4t \u00e4r du inte bara med och utvecklar dagens och framtidens IT-l\u00f6sningar f\u00f6r Sveriges el\u00f6verf\u00f6ring. Du \u00e4r ocks\u00e5 en del av en verksamhet som ser till att lamporna alltid lyser och som skapar f\u00f6ruts\u00e4ttningar f\u00f6r en h\u00e5llbar samh\u00e4llsutveckling.<\/strong><\/p>\n\n\n\n<p>\u2013 Det ger en extra dimension till arbetet n\u00e4r man vet att det man g\u00f6r \u00e4r avg\u00f6rande f\u00f6r hela samh\u00e4llet. Det var nog detta som lockade mig allra mest med Svenska kraftn\u00e4t, s\u00e4ger Tina St\u00f6dberg, som \u00e4r avdelningschef f\u00f6r IT-utveckling.<br>Tina \u00e4r systemvetare i botten och hade erfarenhet fr\u00e5n flera olika f\u00f6retag n\u00e4r hon kom till Svenska kraftn\u00e4t f\u00f6r elva \u00e5r sedan. P\u00e5 Svenska kraftn\u00e4t har hon arbetat i en rad olika roller, bland annat som f\u00f6rvaltningsledare f\u00f6r datakommunikation, enhetschef f\u00f6r datakommunikation och gruppchef inom systemutveckling.<br>\u2013 Det \u00e4r en organisation under f\u00f6r\u00e4ndring, vilket inneb\u00e4r att det finns v\u00e4ldigt goda m\u00f6jligheter att utvecklas professionellt och pr\u00f6va nya roller. H\u00e4r finns en lyh\u00f6rdhet f\u00f6r nya id\u00e9er och utrymme f\u00f6r att driva initiativ utanf\u00f6r ens eget ansvarsomr\u00e5de. Det \u00e4r v\u00e4ldigt varierande och man f\u00e5r hela tiden m\u00f6ta nya utmaningar, s\u00e4ger hon.<\/p>\n\n\n\n<p class=\"has-color-gray-01-background-color has-background\"><strong><a href=\"https:\/\/www.svk.se\/jobba-har\/lediga-tjanster\/\" title=\"Svenska kraftn\u00e4t pres 2021 jobb ans\u00f6k\" target=\"_blank\" rel=\"noreferrer noopener\">Jobba med oss p\u00e5 Svenska kraftn\u00e4t. Klicka h\u00e4r f\u00f6r att se v\u00e5ra lediga tj\u00e4nster.<\/a><\/strong><\/p>\n\n\n\n<p><strong>Brett spektrum<\/strong><br>Kollegan Victor Larsen, Change Manager, inst\u00e4mmer. Han \u00e4r civilingenj\u00f6r i industriell ekonomi, med inriktning mot energisystem, och b\u00f6rjade p\u00e5 Svenska kraftn\u00e4t 2019. D\u00e5 hade han arbetat inom flera olika branscher och han s\u00f6kte sig till Svenska kraftn\u00e4t d\u00e4rf\u00f6r att han ville arbeta just inom energisektorn.<br>\u2013 Energibranschen \u00e4r otroligt sp\u00e4nnande och dynamisk. Den \u00e4r s\u00e5 viktig f\u00f6r hela samh\u00e4llet och v\u00e4ldigt framtidsfokuserad. Vi \u00e4r med och bidrar till samh\u00e4llsomst\u00e4llningen, s\u00e4ger han.<br>Victor lyfter fram att Svenska kraftn\u00e4t arbetar \u00f6ver ett brett spektrum.<br>\u2013 M\u00e5nga kanske inte riktigt k\u00e4nner till Svenska kraftn\u00e4ts verksamhet, men vi \u00e4r s\u00e5 mycket mer \u00e4n elledningar. Svenska kraftn\u00e4t har en viktig roll i den svenska elmarknaden och aktivt p\u00e5 m\u00e5nga arenor, inte minst internationellt i utvecklingen av en gemensam europeisk elmarknad. Vi balanserar kraftsystemet s\u00e5 att det alltid finns r\u00e4tt m\u00e4ngd el att tillg\u00e5. Myndigheten \u00e4r ocks\u00e5 en central akt\u00f6r i samh\u00e4llets omst\u00e4llning till f\u00f6rnybar energi. IT-avdelningen \u00e4r en grundl\u00e4ggande och drivande del av verksamheten och det \u00e4r riktigt kul att f\u00e5 bidra till det.<\/p>\n\n\n\n<p><strong>Starka team<\/strong><br>Som medarbetare p\u00e5 IT-sidan \u00e4r du med och skapar f\u00f6ruts\u00e4ttningarna f\u00f6r allt detta, i sammansvetsade, tv\u00e4rfunktionella team.<br>Vi g\u00f6r mycket \u201din-house\u201d och tar ett helhetsgrepp om IT-verksamheten, ansvarar sj\u00e4lva f\u00f6r n\u00e4stan all drift och f\u00f6rvaltning, samt bedriver utveckling av egna l\u00f6sningar i allt h\u00f6gre utstr\u00e4ckning.<br>\u2013 Det finns en tydlig fokus p\u00e5 teamarbete och den kollektiva f\u00f6rm\u00e5gan. Vi l\u00f6ser utmaningarna tillsammans, och tar vara p\u00e5 alla de olika perspektiv som v\u00e5ra medarbetare bidrar med. Trots att Svenska kraftn\u00e4t har vuxit fr\u00e5n cirka 300 personer n\u00e4r jag f\u00f6rst b\u00f6rjade till cirka 800 medarbetare idag s\u00e5 \u00e4r sammanh\u00e5llningen lika stark som n\u00e4r jag f\u00f6rst kom hit, s\u00e4ger Tina.<\/p>\n\n\n\n<p><strong>S\u00f6ker talanger<\/strong><br>Nu v\u00e4xer IT-organisationen kraftigt och det finns behov av en bredd av olika ITtalanger, som vill vara med och utveckla framtidens energil\u00f6sningar. H\u00e4r f\u00e5r du ett sp\u00e4nnande arbete med goda m\u00f6jligheter till kompetensutveckling genom s\u00e5v\u00e4l interna som externa utbildningar och ledarskapsprogram. Som statlig myndighet erbjuder Svenska kraftn\u00e4t bra f\u00f6rm\u00e5ner, med friskv\u00e5rdsbidrag, en aktiv fritidsf\u00f6rening, flexibel arbetstid, l\u00f6nev\u00e4xling och annat. Det finns en genuin omtanke om medarbetarna, s\u00e5 att de ska m\u00e5 bra och hitta balans mellan arbete och fritid.<br>\u2013 Som sm\u00e5barnsf\u00f6r\u00e4lder upplever jag att det verkligen g\u00e5r att f\u00e5 ihop livspusslet h\u00e4r. Det betyder oerh\u00f6rt mycket, s\u00e4ger Victor och Tina h\u00e5ller med.<br>Inte minst \u2013 p\u00e5 Svenska kraftn\u00e4t kommer du till en kreativ, st\u00f6ttande och v\u00e4lkomnande milj\u00f6, d\u00e4r du snabbt blir en i g\u00e4nget och v\u00e4xer professionellt.<br>\u2013 Det \u00e4r verkligen en varm kultur, med engagerade, tillm\u00f6tesg\u00e5ende kollegor, menar Tina och Victor. H\u00e4r \u00e4r det l\u00e4tt att trivas!<\/p>\n\n\n\n<p class=\"has-color-gray-01-background-color has-background\"><strong><a href=\"https:\/\/www.svk.se\/jobba-har\/lediga-tjanster\/\" title=\"Svenska kraftn\u00e4t pres 2021 jobb ans\u00f6k\" target=\"_blank\" rel=\"noreferrer noopener\">Jobba med oss p\u00e5 Svenska kraftn\u00e4t. Klicka h\u00e4r f\u00f6r att se v\u00e5ra lediga tj\u00e4nster.<\/a><\/strong><\/p>\n\n\n\n<div class=\"wp-block-group faktaruta\"><div class=\"wp-block-group__inner-container is-layout-flow wp-block-group-is-layout-flow\">\n<h6 class=\"wp-block-heading\" id=\"svenska-kraftnat\">Svenska kraftn\u00e4t<\/h6>\n\n\n\n<p>Svenska kraftn\u00e4t \u00e4r den myndighet som ansvarar f\u00f6r att el\u00f6verf\u00f6ringssystemet \u00e4r s\u00e4kert, milj\u00f6anpassat och kostnadseffektivt \u2013 i dag och i framtiden. Vi ansvarar f\u00f6r att handeln med el kan ske s\u00e5 smidigt som m\u00f6jligt i Sverige och med andra l\u00e4nder i Europa, \u00f6vervakar och styr kraftsystemet och bygger ut transmissionsn\u00e4tet f\u00f6r att m\u00f6ta samh\u00e4llets behov av el. H\u00e4r finns en rad sp\u00e4nnande karri\u00e4rm\u00f6jligheter f\u00f6r IT-specialister som vill vara med och utveckla l\u00f6sningar i framkant.<br><br>L\u00e4s mer p\u00e5 <strong><a href=\"https:\/\/www.svk.se\/\" title=\"Svenska kraftn\u00e4t pres 2021 textlink\" target=\"_blank\" rel=\"noreferrer noopener\">www.svk.se<\/a><\/strong><br><br><a href=\"https:\/\/www.svk.se\/\" title=\"Svenska kraftn\u00e4t pres 2021 logotype\" target=\"_blank\" rel=\"noreferrer noopener\"><img loading=\"lazy\" decoding=\"async\" width=\"150\" height=\"44\" class=\"wp-image-6864\" style=\"width: 150px;\" src=\"https:\/\/framtidenskarriar.se\/itdata\/wp-content\/uploads\/sites\/13\/2021\/03\/svenskakraftnat-logo-liggande-30-75mm.png\" alt=\"\" srcset=\"https:\/\/framtidenskarriar.se\/itdata\/wp-content\/uploads\/sites\/13\/2021\/03\/svenskakraftnat-logo-liggande-30-75mm.png 500w, https:\/\/framtidenskarriar.se\/itdata\/wp-content\/uploads\/sites\/13\/2021\/03\/svenskakraftnat-logo-liggande-30-75mm-300x88.png 300w\" sizes=\"auto, (max-width: 150px) 100vw, 150px\" \/><\/a><\/p>\n<\/div><\/div>\n","protected":false},"excerpt":{"rendered":"<p>Framtidens IT-l\u00f6sningar<\/p>\n","protected":false},"author":2,"featured_media":6854,"comment_status":"open","ping_status":"open","sticky":false,"template":"","format":"standard","meta":{"_acf_changed":false,"_monsterinsights_skip_tracking":false,"_monsterinsights_sitenote_active":false,"_monsterinsights_sitenote_note":"","_monsterinsights_sitenote_category":0,"footnotes":""},"categories":[9],"tags":[285],"class_list":["post-6851","post","type-post","status-publish","format-standard","has-post-thumbnail","hentry","category-presentation","tag-svenska-kraftnat"],"acf":[],"yoast_head":"<!-- This site is optimized with the Yoast SEO plugin v27.3 - https:\/\/yoast.com\/product\/yoast-seo-wordpress\/ -->\n<title>Bli en del av samh\u00e4llsviktig IT p\u00e5 Svenska kraftn\u00e4t - Framtidens karri\u00e4r IT &amp; Data<\/title>\n<meta name=\"robots\" content=\"index, follow, max-snippet:-1, max-image-preview:large, max-video-preview:-1\" \/>\n<link rel=\"canonical\" href=\"https:\/\/framtidenskarriar.se\/itdata\/2021\/03\/09\/bli-en-del-av-samhallsviktig-it-pa-svenska-kraftnat\/\" \/>\n<meta property=\"og:locale\" content=\"sv_SE\" \/>\n<meta property=\"og:type\" content=\"article\" \/>\n<meta property=\"og:title\" content=\"Bli en del av samh\u00e4llsviktig IT p\u00e5 Svenska kraftn\u00e4t - Framtidens karri\u00e4r IT &amp; Data\" \/>\n<meta property=\"og:description\" content=\"Framtidens IT-l\u00f6sningar\" \/>\n<meta property=\"og:url\" content=\"https:\/\/framtidenskarriar.se\/itdata\/2021\/03\/09\/bli-en-del-av-samhallsviktig-it-pa-svenska-kraftnat\/\" \/>\n<meta property=\"og:site_name\" content=\"Framtidens karri\u00e4r IT &amp; Data\" \/>\n<meta property=\"article:published_time\" content=\"2021-03-09T10:15:18+00:00\" \/>\n<meta property=\"article:modified_time\" content=\"2022-02-18T08:25:54+00:00\" \/>\n<meta property=\"og:image\" content=\"https:\/\/framtidenskarriar.se\/itdata\/wp-content\/uploads\/sites\/13\/2021\/03\/svenskakraftnat-2.jpg\" \/>\n\t<meta property=\"og:image:width\" content=\"1000\" \/>\n\t<meta property=\"og:image:height\" content=\"695\" \/>\n\t<meta property=\"og:image:type\" content=\"image\/jpeg\" \/>\n<meta name=\"author\" content=\"viktorwallen\" \/>\n<meta name=\"twitter:card\" content=\"summary_large_image\" \/>\n<meta name=\"twitter:label1\" content=\"Skriven av\" \/>\n\t<meta name=\"twitter:data1\" content=\"viktorwallen\" \/>\n\t<meta name=\"twitter:label2\" content=\"Ber\u00e4knad l\u00e4stid\" \/>\n\t<meta name=\"twitter:data2\" content=\"5 minuter\" \/>\n<script type=\"application\/ld+json\" class=\"yoast-schema-graph\">{\"@context\":\"https:\\\/\\\/schema.org\",\"@graph\":[{\"@type\":\"Article\",\"@id\":\"https:\\\/\\\/framtidenskarriar.se\\\/itdata\\\/2021\\\/03\\\/09\\\/bli-en-del-av-samhallsviktig-it-pa-svenska-kraftnat\\\/#article\",\"isPartOf\":{\"@id\":\"https:\\\/\\\/framtidenskarriar.se\\\/itdata\\\/2021\\\/03\\\/09\\\/bli-en-del-av-samhallsviktig-it-pa-svenska-kraftnat\\\/\"},\"author\":{\"name\":\"viktorwallen\",\"@id\":\"https:\\\/\\\/framtidenskarriar.se\\\/itdata\\\/#\\\/schema\\\/person\\\/2a13a849ec7646386c2211f59afe3083\"},\"headline\":\"Bli en del av samh\u00e4llsviktig IT p\u00e5 Svenska kraftn\u00e4t\",\"datePublished\":\"2021-03-09T10:15:18+00:00\",\"dateModified\":\"2022-02-18T08:25:54+00:00\",\"mainEntityOfPage\":{\"@id\":\"https:\\\/\\\/framtidenskarriar.se\\\/itdata\\\/2021\\\/03\\\/09\\\/bli-en-del-av-samhallsviktig-it-pa-svenska-kraftnat\\\/\"},\"wordCount\":900,\"commentCount\":0,\"image\":{\"@id\":\"https:\\\/\\\/framtidenskarriar.se\\\/itdata\\\/2021\\\/03\\\/09\\\/bli-en-del-av-samhallsviktig-it-pa-svenska-kraftnat\\\/#primaryimage\"},\"thumbnailUrl\":\"https:\\\/\\\/framtidenskarriar.se\\\/itdata\\\/wp-content\\\/uploads\\\/sites\\\/13\\\/2021\\\/03\\\/svenskakraftnat-2.jpg\",\"keywords\":[\"Svenska Kraftn\u00e4t\"],\"articleSection\":[\"Presentation\"],\"inLanguage\":\"sv-SE\",\"potentialAction\":[{\"@type\":\"CommentAction\",\"name\":\"Comment\",\"target\":[\"https:\\\/\\\/framtidenskarriar.se\\\/itdata\\\/2021\\\/03\\\/09\\\/bli-en-del-av-samhallsviktig-it-pa-svenska-kraftnat\\\/#respond\"]}]},{\"@type\":\"WebPage\",\"@id\":\"https:\\\/\\\/framtidenskarriar.se\\\/itdata\\\/2021\\\/03\\\/09\\\/bli-en-del-av-samhallsviktig-it-pa-svenska-kraftnat\\\/\",\"url\":\"https:\\\/\\\/framtidenskarriar.se\\\/itdata\\\/2021\\\/03\\\/09\\\/bli-en-del-av-samhallsviktig-it-pa-svenska-kraftnat\\\/\",\"name\":\"Bli en del av samh\u00e4llsviktig IT p\u00e5 Svenska kraftn\u00e4t - Framtidens karri\u00e4r IT & Data\",\"isPartOf\":{\"@id\":\"https:\\\/\\\/framtidenskarriar.se\\\/itdata\\\/#website\"},\"primaryImageOfPage\":{\"@id\":\"https:\\\/\\\/framtidenskarriar.se\\\/itdata\\\/2021\\\/03\\\/09\\\/bli-en-del-av-samhallsviktig-it-pa-svenska-kraftnat\\\/#primaryimage\"},\"image\":{\"@id\":\"https:\\\/\\\/framtidenskarriar.se\\\/itdata\\\/2021\\\/03\\\/09\\\/bli-en-del-av-samhallsviktig-it-pa-svenska-kraftnat\\\/#primaryimage\"},\"thumbnailUrl\":\"https:\\\/\\\/framtidenskarriar.se\\\/itdata\\\/wp-content\\\/uploads\\\/sites\\\/13\\\/2021\\\/03\\\/svenskakraftnat-2.jpg\",\"datePublished\":\"2021-03-09T10:15:18+00:00\",\"dateModified\":\"2022-02-18T08:25:54+00:00\",\"author\":{\"@id\":\"https:\\\/\\\/framtidenskarriar.se\\\/itdata\\\/#\\\/schema\\\/person\\\/2a13a849ec7646386c2211f59afe3083\"},\"breadcrumb\":{\"@id\":\"https:\\\/\\\/framtidenskarriar.se\\\/itdata\\\/2021\\\/03\\\/09\\\/bli-en-del-av-samhallsviktig-it-pa-svenska-kraftnat\\\/#breadcrumb\"},\"inLanguage\":\"sv-SE\",\"potentialAction\":[{\"@type\":\"ReadAction\",\"target\":[\"https:\\\/\\\/framtidenskarriar.se\\\/itdata\\\/2021\\\/03\\\/09\\\/bli-en-del-av-samhallsviktig-it-pa-svenska-kraftnat\\\/\"]}]},{\"@type\":\"ImageObject\",\"inLanguage\":\"sv-SE\",\"@id\":\"https:\\\/\\\/framtidenskarriar.se\\\/itdata\\\/2021\\\/03\\\/09\\\/bli-en-del-av-samhallsviktig-it-pa-svenska-kraftnat\\\/#primaryimage\",\"url\":\"https:\\\/\\\/framtidenskarriar.se\\\/itdata\\\/wp-content\\\/uploads\\\/sites\\\/13\\\/2021\\\/03\\\/svenskakraftnat-2.jpg\",\"contentUrl\":\"https:\\\/\\\/framtidenskarriar.se\\\/itdata\\\/wp-content\\\/uploads\\\/sites\\\/13\\\/2021\\\/03\\\/svenskakraftnat-2.jpg\",\"width\":1000,\"height\":695,\"caption\":\"Tina St\u00f6dberg, avdelningschef f\u00f6r IT-utveckling och Victor Larsen, Change Manager p\u00e5 Svenska kraftn\u00e4t. Foto: Johan Marklund\"},{\"@type\":\"BreadcrumbList\",\"@id\":\"https:\\\/\\\/framtidenskarriar.se\\\/itdata\\\/2021\\\/03\\\/09\\\/bli-en-del-av-samhallsviktig-it-pa-svenska-kraftnat\\\/#breadcrumb\",\"itemListElement\":[{\"@type\":\"ListItem\",\"position\":1,\"name\":\"Home\",\"item\":\"https:\\\/\\\/framtidenskarriar.se\\\/itdata\\\/\"},{\"@type\":\"ListItem\",\"position\":2,\"name\":\"Bli en del av samh\u00e4llsviktig IT p\u00e5 Svenska kraftn\u00e4t\"}]},{\"@type\":\"WebSite\",\"@id\":\"https:\\\/\\\/framtidenskarriar.se\\\/itdata\\\/#website\",\"url\":\"https:\\\/\\\/framtidenskarriar.se\\\/itdata\\\/\",\"name\":\"Framtidens karri\u00e4r IT & Data\",\"description\":\"Just another NMDashboard.se Sites site\",\"potentialAction\":[{\"@type\":\"SearchAction\",\"target\":{\"@type\":\"EntryPoint\",\"urlTemplate\":\"https:\\\/\\\/framtidenskarriar.se\\\/itdata\\\/?s={search_term_string}\"},\"query-input\":{\"@type\":\"PropertyValueSpecification\",\"valueRequired\":true,\"valueName\":\"search_term_string\"}}],\"inLanguage\":\"sv-SE\"},{\"@type\":\"Person\",\"@id\":\"https:\\\/\\\/framtidenskarriar.se\\\/itdata\\\/#\\\/schema\\\/person\\\/2a13a849ec7646386c2211f59afe3083\",\"name\":\"viktorwallen\",\"image\":{\"@type\":\"ImageObject\",\"inLanguage\":\"sv-SE\",\"@id\":\"https:\\\/\\\/secure.gravatar.com\\\/avatar\\\/701701bd36169636031933997c8c6b954f2f635bbb7cd4802e4a007f9c9f4e59?s=96&d=mm&r=g\",\"url\":\"https:\\\/\\\/secure.gravatar.com\\\/avatar\\\/701701bd36169636031933997c8c6b954f2f635bbb7cd4802e4a007f9c9f4e59?s=96&d=mm&r=g\",\"contentUrl\":\"https:\\\/\\\/secure.gravatar.com\\\/avatar\\\/701701bd36169636031933997c8c6b954f2f635bbb7cd4802e4a007f9c9f4e59?s=96&d=mm&r=g\",\"caption\":\"viktorwallen\"},\"url\":\"https:\\\/\\\/framtidenskarriar.se\\\/itdata\\\/author\\\/viktorwallen\\\/\"}]}<\/script>\n<!-- \/ Yoast SEO plugin. -->","yoast_head_json":{"title":"Bli en del av samh\u00e4llsviktig IT p\u00e5 Svenska kraftn\u00e4t - Framtidens karri\u00e4r IT & Data","robots":{"index":"index","follow":"follow","max-snippet":"max-snippet:-1","max-image-preview":"max-image-preview:large","max-video-preview":"max-video-preview:-1"},"canonical":"https:\/\/framtidenskarriar.se\/itdata\/2021\/03\/09\/bli-en-del-av-samhallsviktig-it-pa-svenska-kraftnat\/","og_locale":"sv_SE","og_type":"article","og_title":"Bli en del av samh\u00e4llsviktig IT p\u00e5 Svenska kraftn\u00e4t - Framtidens karri\u00e4r IT & Data","og_description":"Framtidens IT-l\u00f6sningar","og_url":"https:\/\/framtidenskarriar.se\/itdata\/2021\/03\/09\/bli-en-del-av-samhallsviktig-it-pa-svenska-kraftnat\/","og_site_name":"Framtidens karri\u00e4r IT & Data","article_published_time":"2021-03-09T10:15:18+00:00","article_modified_time":"2022-02-18T08:25:54+00:00","og_image":[{"width":1000,"height":695,"url":"https:\/\/framtidenskarriar.se\/itdata\/wp-content\/uploads\/sites\/13\/2021\/03\/svenskakraftnat-2.jpg","type":"image\/jpeg"}],"author":"viktorwallen","twitter_card":"summary_large_image","twitter_misc":{"Skriven av":"viktorwallen","Ber\u00e4knad l\u00e4stid":"5 minuter"},"schema":{"@context":"https:\/\/schema.org","@graph":[{"@type":"Article","@id":"https:\/\/framtidenskarriar.se\/itdata\/2021\/03\/09\/bli-en-del-av-samhallsviktig-it-pa-svenska-kraftnat\/#article","isPartOf":{"@id":"https:\/\/framtidenskarriar.se\/itdata\/2021\/03\/09\/bli-en-del-av-samhallsviktig-it-pa-svenska-kraftnat\/"},"author":{"name":"viktorwallen","@id":"https:\/\/framtidenskarriar.se\/itdata\/#\/schema\/person\/2a13a849ec7646386c2211f59afe3083"},"headline":"Bli en del av samh\u00e4llsviktig IT p\u00e5 Svenska kraftn\u00e4t","datePublished":"2021-03-09T10:15:18+00:00","dateModified":"2022-02-18T08:25:54+00:00","mainEntityOfPage":{"@id":"https:\/\/framtidenskarriar.se\/itdata\/2021\/03\/09\/bli-en-del-av-samhallsviktig-it-pa-svenska-kraftnat\/"},"wordCount":900,"commentCount":0,"image":{"@id":"https:\/\/framtidenskarriar.se\/itdata\/2021\/03\/09\/bli-en-del-av-samhallsviktig-it-pa-svenska-kraftnat\/#primaryimage"},"thumbnailUrl":"https:\/\/framtidenskarriar.se\/itdata\/wp-content\/uploads\/sites\/13\/2021\/03\/svenskakraftnat-2.jpg","keywords":["Svenska Kraftn\u00e4t"],"articleSection":["Presentation"],"inLanguage":"sv-SE","potentialAction":[{"@type":"CommentAction","name":"Comment","target":["https:\/\/framtidenskarriar.se\/itdata\/2021\/03\/09\/bli-en-del-av-samhallsviktig-it-pa-svenska-kraftnat\/#respond"]}]},{"@type":"WebPage","@id":"https:\/\/framtidenskarriar.se\/itdata\/2021\/03\/09\/bli-en-del-av-samhallsviktig-it-pa-svenska-kraftnat\/","url":"https:\/\/framtidenskarriar.se\/itdata\/2021\/03\/09\/bli-en-del-av-samhallsviktig-it-pa-svenska-kraftnat\/","name":"Bli en del av samh\u00e4llsviktig IT p\u00e5 Svenska kraftn\u00e4t - Framtidens karri\u00e4r IT & Data","isPartOf":{"@id":"https:\/\/framtidenskarriar.se\/itdata\/#website"},"primaryImageOfPage":{"@id":"https:\/\/framtidenskarriar.se\/itdata\/2021\/03\/09\/bli-en-del-av-samhallsviktig-it-pa-svenska-kraftnat\/#primaryimage"},"image":{"@id":"https:\/\/framtidenskarriar.se\/itdata\/2021\/03\/09\/bli-en-del-av-samhallsviktig-it-pa-svenska-kraftnat\/#primaryimage"},"thumbnailUrl":"https:\/\/framtidenskarriar.se\/itdata\/wp-content\/uploads\/sites\/13\/2021\/03\/svenskakraftnat-2.jpg","datePublished":"2021-03-09T10:15:18+00:00","dateModified":"2022-02-18T08:25:54+00:00","author":{"@id":"https:\/\/framtidenskarriar.se\/itdata\/#\/schema\/person\/2a13a849ec7646386c2211f59afe3083"},"breadcrumb":{"@id":"https:\/\/framtidenskarriar.se\/itdata\/2021\/03\/09\/bli-en-del-av-samhallsviktig-it-pa-svenska-kraftnat\/#breadcrumb"},"inLanguage":"sv-SE","potentialAction":[{"@type":"ReadAction","target":["https:\/\/framtidenskarriar.se\/itdata\/2021\/03\/09\/bli-en-del-av-samhallsviktig-it-pa-svenska-kraftnat\/"]}]},{"@type":"ImageObject","inLanguage":"sv-SE","@id":"https:\/\/framtidenskarriar.se\/itdata\/2021\/03\/09\/bli-en-del-av-samhallsviktig-it-pa-svenska-kraftnat\/#primaryimage","url":"https:\/\/framtidenskarriar.se\/itdata\/wp-content\/uploads\/sites\/13\/2021\/03\/svenskakraftnat-2.jpg","contentUrl":"https:\/\/framtidenskarriar.se\/itdata\/wp-content\/uploads\/sites\/13\/2021\/03\/svenskakraftnat-2.jpg","width":1000,"height":695,"caption":"Tina St\u00f6dberg, avdelningschef f\u00f6r IT-utveckling och Victor Larsen, Change Manager p\u00e5 Svenska kraftn\u00e4t. Foto: Johan Marklund"},{"@type":"BreadcrumbList","@id":"https:\/\/framtidenskarriar.se\/itdata\/2021\/03\/09\/bli-en-del-av-samhallsviktig-it-pa-svenska-kraftnat\/#breadcrumb","itemListElement":[{"@type":"ListItem","position":1,"name":"Home","item":"https:\/\/framtidenskarriar.se\/itdata\/"},{"@type":"ListItem","position":2,"name":"Bli en del av samh\u00e4llsviktig IT p\u00e5 Svenska kraftn\u00e4t"}]},{"@type":"WebSite","@id":"https:\/\/framtidenskarriar.se\/itdata\/#website","url":"https:\/\/framtidenskarriar.se\/itdata\/","name":"Framtidens karri\u00e4r IT & Data","description":"Just another NMDashboard.se Sites site","potentialAction":[{"@type":"SearchAction","target":{"@type":"EntryPoint","urlTemplate":"https:\/\/framtidenskarriar.se\/itdata\/?s={search_term_string}"},"query-input":{"@type":"PropertyValueSpecification","valueRequired":true,"valueName":"search_term_string"}}],"inLanguage":"sv-SE"},{"@type":"Person","@id":"https:\/\/framtidenskarriar.se\/itdata\/#\/schema\/person\/2a13a849ec7646386c2211f59afe3083","name":"viktorwallen","image":{"@type":"ImageObject","inLanguage":"sv-SE","@id":"https:\/\/secure.gravatar.com\/avatar\/701701bd36169636031933997c8c6b954f2f635bbb7cd4802e4a007f9c9f4e59?s=96&d=mm&r=g","url":"https:\/\/secure.gravatar.com\/avatar\/701701bd36169636031933997c8c6b954f2f635bbb7cd4802e4a007f9c9f4e59?s=96&d=mm&r=g","contentUrl":"https:\/\/secure.gravatar.com\/avatar\/701701bd36169636031933997c8c6b954f2f635bbb7cd4802e4a007f9c9f4e59?s=96&d=mm&r=g","caption":"viktorwallen"},"url":"https:\/\/framtidenskarriar.se\/itdata\/author\/viktorwallen\/"}]}},"_links":{"self":[{"href":"https:\/\/framtidenskarriar.se\/itdata\/wp-json\/wp\/v2\/posts\/6851","targetHints":{"allow":["GET"]}}],"collection":[{"href":"https:\/\/framtidenskarriar.se\/itdata\/wp-json\/wp\/v2\/posts"}],"about":[{"href":"https:\/\/framtidenskarriar.se\/itdata\/wp-json\/wp\/v2\/types\/post"}],"author":[{"embeddable":true,"href":"https:\/\/framtidenskarriar.se\/itdata\/wp-json\/wp\/v2\/users\/2"}],"replies":[{"embeddable":true,"href":"https:\/\/framtidenskarriar.se\/itdata\/wp-json\/wp\/v2\/comments?post=6851"}],"version-history":[{"count":7,"href":"https:\/\/framtidenskarriar.se\/itdata\/wp-json\/wp\/v2\/posts\/6851\/revisions"}],"predecessor-version":[{"id":7137,"href":"https:\/\/framtidenskarriar.se\/itdata\/wp-json\/wp\/v2\/posts\/6851\/revisions\/7137"}],"wp:featuredmedia":[{"embeddable":true,"href":"https:\/\/framtidenskarriar.se\/itdata\/wp-json\/wp\/v2\/media\/6854"}],"wp:attachment":[{"href":"https:\/\/framtidenskarriar.se\/itdata\/wp-json\/wp\/v2\/media?parent=6851"}],"wp:term":[{"taxonomy":"category","embeddable":true,"href":"https:\/\/framtidenskarriar.se\/itdata\/wp-json\/wp\/v2\/categories?post=6851"},{"taxonomy":"post_tag","embeddable":true,"href":"https:\/\/framtidenskarriar.se\/itdata\/wp-json\/wp\/v2\/tags?post=6851"}],"curies":[{"name":"wp","href":"https:\/\/api.w.org\/{rel}","templated":true}]}}