{"id":6869,"date":"2021-03-09T10:30:39","date_gmt":"2021-03-09T10:30:39","guid":{"rendered":"https:\/\/framtidenskarriar.se\/itdata\/?p=6869"},"modified":"2022-02-18T08:25:59","modified_gmt":"2022-02-18T08:25:59","slug":"handelsbanken-gar-in-i-molnet","status":"publish","type":"post","link":"https:\/\/framtidenskarriar.se\/itdata\/2021\/03\/09\/handelsbanken-gar-in-i-molnet\/","title":{"rendered":"Handelsbanken g\u00e5r in i molnet"},"content":{"rendered":"\n<figure class=\"wp-block-image size-large\"><img loading=\"lazy\" decoding=\"async\" width=\"1000\" height=\"600\" src=\"https:\/\/framtidenskarriar.se\/itdata\/wp-content\/uploads\/sites\/13\/2021\/03\/handelsbanken-2.jpg\" alt=\"Evelita Zakaityte, st\u00e4llf\u00f6retr\u00e4dande chef f\u00f6r Automation and Processes och Bj\u00f6rn Fagerstedt, avdelningschef f\u00f6r Cloud and Innovation. Foto: Johan Marklund\" class=\"wp-image-6878\" srcset=\"https:\/\/framtidenskarriar.se\/itdata\/wp-content\/uploads\/sites\/13\/2021\/03\/handelsbanken-2.jpg 1000w, https:\/\/framtidenskarriar.se\/itdata\/wp-content\/uploads\/sites\/13\/2021\/03\/handelsbanken-2-300x180.jpg 300w, https:\/\/framtidenskarriar.se\/itdata\/wp-content\/uploads\/sites\/13\/2021\/03\/handelsbanken-2-768x461.jpg 768w, https:\/\/framtidenskarriar.se\/itdata\/wp-content\/uploads\/sites\/13\/2021\/03\/handelsbanken-2-267x160.jpg 267w, https:\/\/framtidenskarriar.se\/itdata\/wp-content\/uploads\/sites\/13\/2021\/03\/handelsbanken-2-526x316.jpg 526w, https:\/\/framtidenskarriar.se\/itdata\/wp-content\/uploads\/sites\/13\/2021\/03\/handelsbanken-2-720x432.jpg 720w, https:\/\/framtidenskarriar.se\/itdata\/wp-content\/uploads\/sites\/13\/2021\/03\/handelsbanken-2-960x576.jpg 960w\" sizes=\"auto, (max-width: 1000px) 100vw, 1000px\" \/><figcaption>Evelita Zakaityte, st\u00e4llf\u00f6retr\u00e4dande chef f\u00f6r Automation and Processes och Bj\u00f6rn Fagerstedt, avdelningschef f\u00f6r Cloud and Innovation. Foto: Johan Marklund<\/figcaption><\/figure>\n\n\n\n<p><strong>Handelsbanken \u00e4r inne i en sp\u00e4nnande digitaliseringsresa som inneb\u00e4r en omfattande migration av befintliga system till molnbaserade driftl\u00f6sningar. En omst\u00e4llning som inte bara handlar om att implementera ny teknik i verksamheten \u2013 att inf\u00f6ra nya tankes\u00e4tt \u00e4r minst lika viktigt.<\/strong><\/p>\n\n\n\n<p>\u2013 Handelsbanken har drivit sin egen ITverksamhet i egna datacenter i decennier. Att l\u00e4gga drift n\u00e5gon annanstans inneb\u00e4r en stor mental omst\u00e4llning, \u00e4ven om det bara handlar om en ny fysisk plats. Vi kommer fortfarande att sk\u00f6ta om driften sj\u00e4lva, s\u00e4ger Bj\u00f6rn Fagerstedt, avdelningschef f\u00f6r Cloud and Innovation.<br>Bj\u00f6rns avdelning \u00e4r ocks\u00e5 i full g\u00e5ng med att bygga upp ett Cloud Center of Excellence som ska st\u00f6tta koncernen och bygga kunskap om drift och utveckling i cloud-milj\u00f6.<br>\u2013 Vi s\u00f6ker folk som \u00e4r kunniga inom omr\u00e5dena molnbaserade infrastrukturoch drifttj\u00e4nster, utvecklingsmilj\u00f6er och containerplattformar. Men till viss del handlar det \u00e4ven om transformation av befintlig organisation, att vidareutbilda medarbetare som arbetat med dessa fr\u00e5gor i traditionell milj\u00f6 och \u00e4r sugna p\u00e5 att utveckla sin kompetens \u00e5t molnh\u00e5llet.<br>En stor f\u00f6rdel med Handelsbanken IT, menar han, \u00e4r de stora utvecklingsm\u00f6jligheterna.<br>\u2013 Eftersom Handelsbanken har en stor IT-verksamhet med mer \u00e4n 2 000 medarbetare och stor bredd finns det m\u00e5nga olika utvecklingsv\u00e4gar. Verksamheten satsar ocks\u00e5 stort p\u00e5 fortbildning av medarbetarna i syfte att h\u00e5lla j\u00e4mna steg med teknikutvecklingen och m\u00f6ta de olika behoven utifr\u00e5n bankens strategi, s\u00e4ger Bj\u00f6rn.<br>Just nu p\u00e5g\u00e5r arbete med att v\u00e4lja en huvudsaklig cloud service provider.<br>\u2013 N\u00e4r det \u00e4r klart inleder vi migrationen av befintliga system till drift hos vald leverant\u00f6r vilket kommer att vara ett av Sveriges st\u00f6rsta migrationsprojekt genom tiderna. \u00c4r man tekniker och intresserad av cloudtransformation \u00e4r det h\u00e4r en chans man inte ska missa!<\/p>\n\n\n\n<p class=\"has-color-gray-01-background-color has-background\"><strong><a href=\"https:\/\/handelsbanken.easycruit.com\/?iso=se&amp;search_region=country-204&amp;search_btn=search\" title=\"Handelsbanken pres 2021 jobb ans\u00f6k\" target=\"_blank\" rel=\"noreferrer noopener\">Jobba med oss p\u00e5 Handelsbanken. Klicka h\u00e4r f\u00f6r att se v\u00e5ra lediga tj\u00e4nster!<\/a><\/strong><\/p>\n\n\n\n<p><strong>RPA<\/strong><br>Evelita Zakaityte, st\u00e4llf\u00f6retr\u00e4dande chef f\u00f6r Automation and Processes, \u00e4r inne p\u00e5 samma linje. Hon hade arbetat n\u00e5gra \u00e5r som konsult i verksamheten n\u00e4r hon f\u00f6r tre \u00e5r sedan var med och startade upp Handelsbankens Robotic Process Automation-omr\u00e5de.<br>\u2013 Jag tog fast anst\u00e4llning och blev Scrum Master med uppgift att utveckla teamet inom RPA-enheten.<br>Avdelningen best\u00e5r i dag av 25 medarbetare som befinner sig mitt i h\u00e4ndelsernas centrum.<br>\u2013 Bankens digitala omst\u00e4llning g\u00e5r allt snabbare vilket st\u00e4ller st\u00e4ndigt nya krav p\u00e5 v\u00e5r avdelning. Vi har till exempel precis avslutat ett projekt som handlat om att bygga en automatiserad tj\u00e4nst f\u00f6r att hantera blankettfl\u00f6dena inom Handelsbanken Liv och Pension. Ett sp\u00e4nnande uppdrag som bland annat innebar att vi byggde en l\u00f6sning som kan tyda handskriven text.<br>NLP och Machine Learning \u00e4r n\u00e5got som kommer in allt mer i arbetet.<br>\u2013 Vi ser ocks\u00e5 allt st\u00f6rre behov av \u201dhyper automation\u201d d\u00e4r olika typer av automatiseringstekniker anv\u00e4nds och samverkar f\u00f6r att skapa en automatiserad helhet. I st\u00e4llet f\u00f6r att bygga isolerade automatiseringsl\u00f6sningar str\u00e4var vi efter att automatisera och effektivisera hela processen.<br>Den fr\u00e4msta utmaningen, menar hon, \u00e4r omr\u00e5dets f\u00f6r\u00e4ndringstakt.<br>\u2013 Det g\u00e4ller att h\u00e5lla koll p\u00e5 nya tekniker och sortera ut vad som \u00e4r till\u00e4mpligt och anv\u00e4ndbart f\u00f6r oss. Vi arbetar agilt, provar sm\u00e5skaligt, utv\u00e4rderar och n\u00e4r det visar sig att n\u00e5got genererar nytta s\u00e5 skalar vi upp det.<\/p>\n\n\n\n<p><strong>Stora kontaktytor<\/strong><br>Evelitas avdelning ansvarar ocks\u00e5 f\u00f6r Center of Excellence Automation i Handelsbanken, vilket inneb\u00e4r att verksamheten servar hela koncernen med automationsl\u00f6sningar.<br>\u2013 Det \u00e4r sp\u00e4nnande, en best\u00e4llare kan befinna sig var som helst inom Handelsbankssf\u00e4ren. Vi har till exempel ett n\u00e4ra samarbete med Handelsbanken i Storbritannien som startat upp ett separat automatiseringsteam som vi st\u00f6djer.<br>Ett jobb inom Handelsbanken inneb\u00e4r f\u00f6rutom stora kontaktytor \u00e4ven stora karri\u00e4rm\u00f6jligheter.<br>\u2013 Den digitala omst\u00e4llningen \u00f6ppnar helt nya, sp\u00e4nnande m\u00f6jligheter att v\u00e4xa, utvecklas och l\u00e4ra nytt inom de senaste teknikerna; en dr\u00f6mtillvaro f\u00f6r alla IT-intresserade, fastsl\u00e5r Evelita.<\/p>\n\n\n\n<p class=\"has-color-gray-01-background-color has-background\"><strong><a href=\"https:\/\/handelsbanken.easycruit.com\/?iso=se&amp;search_region=country-204&amp;search_btn=search\" title=\"Handelsbanken pres 2021 jobb ans\u00f6k\" target=\"_blank\" rel=\"noreferrer noopener\">Jobba med oss p\u00e5 Handelsbanken. Klicka h\u00e4r f\u00f6r att se v\u00e5ra lediga tj\u00e4nster!<\/a><\/strong><\/p>\n\n\n\n<div class=\"wp-block-group faktaruta\"><div class=\"wp-block-group__inner-container is-layout-flow wp-block-group-is-layout-flow\">\n<h6 class=\"wp-block-heading\" id=\"handelsbanken\">Handelsbanken<\/h6>\n\n\n\n<p>Handelsbanken pr\u00e4glas av en decentraliserad struktur med korta beslutsv\u00e4gar. Ett arbetss\u00e4tt som g\u00f6r det m\u00f6jligt f\u00f6r v\u00e5ra medarbetare att sj\u00e4lva p\u00e5verka sitt arbete och sin utveckling i banken. Det ska vara l\u00e4tt att v\u00e5ga ta n\u00e4sta steg i karri\u00e4ren oavsett om det \u00e4r mot en chefsroll, ett annat verksamhetsomr\u00e5de eller att utvecklas som specialist.<br><br><strong><a href=\"https:\/\/www.handelsbanken.com\/sv\/karriar\" title=\"Handelsbanken pres 2021 textlink\" target=\"_blank\" rel=\"noreferrer noopener\">www.handelsbanken.se\/karriar<\/a><\/strong><br><br><a href=\"https:\/\/www.handelsbanken.com\/sv\/karriar\" title=\"Handelsbanken pres 2021 logotype\" target=\"_blank\" rel=\"noreferrer noopener\"><img loading=\"lazy\" decoding=\"async\" width=\"170\" height=\"17\" class=\"wp-image-6880\" style=\"width: 170px;\" src=\"https:\/\/framtidenskarriar.se\/itdata\/wp-content\/uploads\/sites\/13\/2021\/03\/handelsbanken-logo-cmyk.png\" alt=\"\" srcset=\"https:\/\/framtidenskarriar.se\/itdata\/wp-content\/uploads\/sites\/13\/2021\/03\/handelsbanken-logo-cmyk.png 750w, https:\/\/framtidenskarriar.se\/itdata\/wp-content\/uploads\/sites\/13\/2021\/03\/handelsbanken-logo-cmyk-300x31.png 300w, https:\/\/framtidenskarriar.se\/itdata\/wp-content\/uploads\/sites\/13\/2021\/03\/handelsbanken-logo-cmyk-720x77.png 720w, https:\/\/framtidenskarriar.se\/itdata\/wp-content\/uploads\/sites\/13\/2021\/03\/handelsbanken-logo-cmyk-526x54.png 526w\" sizes=\"auto, (max-width: 170px) 100vw, 170px\" \/><\/a><br><\/p>\n<\/div><\/div>\n","protected":false},"excerpt":{"rendered":"<p>Vi \u00e4r inne i en sp\u00e4nnande digitaliseringsresa.<\/p>\n","protected":false},"author":2,"featured_media":6878,"comment_status":"open","ping_status":"open","sticky":false,"template":"","format":"standard","meta":{"_acf_changed":false,"_monsterinsights_skip_tracking":false,"_monsterinsights_sitenote_active":false,"_monsterinsights_sitenote_note":"","_monsterinsights_sitenote_category":0,"footnotes":""},"categories":[9],"tags":[32,102],"class_list":["post-6869","post","type-post","status-publish","format-standard","has-post-thumbnail","hentry","category-presentation","tag-bank","tag-handelsbanken"],"acf":[],"yoast_head":"<!-- This site is optimized with the Yoast SEO plugin v27.3 - https:\/\/yoast.com\/product\/yoast-seo-wordpress\/ -->\n<title>Handelsbanken g\u00e5r in i molnet - Framtidens karri\u00e4r IT &amp; Data<\/title>\n<meta name=\"robots\" content=\"index, follow, max-snippet:-1, max-image-preview:large, max-video-preview:-1\" \/>\n<link rel=\"canonical\" href=\"https:\/\/framtidenskarriar.se\/itdata\/2021\/03\/09\/handelsbanken-gar-in-i-molnet\/\" \/>\n<meta property=\"og:locale\" content=\"sv_SE\" \/>\n<meta property=\"og:type\" content=\"article\" \/>\n<meta property=\"og:title\" content=\"Handelsbanken g\u00e5r in i molnet - Framtidens karri\u00e4r IT &amp; Data\" \/>\n<meta property=\"og:description\" content=\"Vi \u00e4r inne i en sp\u00e4nnande digitaliseringsresa.\" \/>\n<meta property=\"og:url\" content=\"https:\/\/framtidenskarriar.se\/itdata\/2021\/03\/09\/handelsbanken-gar-in-i-molnet\/\" \/>\n<meta property=\"og:site_name\" content=\"Framtidens karri\u00e4r IT &amp; Data\" \/>\n<meta property=\"article:published_time\" content=\"2021-03-09T10:30:39+00:00\" \/>\n<meta property=\"article:modified_time\" content=\"2022-02-18T08:25:59+00:00\" \/>\n<meta property=\"og:image\" content=\"https:\/\/framtidenskarriar.se\/itdata\/wp-content\/uploads\/sites\/13\/2021\/03\/handelsbanken-2.jpg\" \/>\n\t<meta property=\"og:image:width\" content=\"1000\" \/>\n\t<meta property=\"og:image:height\" content=\"600\" \/>\n\t<meta property=\"og:image:type\" content=\"image\/jpeg\" \/>\n<meta name=\"author\" content=\"viktorwallen\" \/>\n<meta name=\"twitter:card\" content=\"summary_large_image\" \/>\n<meta name=\"twitter:label1\" content=\"Skriven av\" \/>\n\t<meta name=\"twitter:data1\" content=\"viktorwallen\" \/>\n\t<meta name=\"twitter:label2\" content=\"Ber\u00e4knad l\u00e4stid\" \/>\n\t<meta name=\"twitter:data2\" content=\"4 minuter\" \/>\n<script type=\"application\/ld+json\" class=\"yoast-schema-graph\">{\"@context\":\"https:\\\/\\\/schema.org\",\"@graph\":[{\"@type\":\"Article\",\"@id\":\"https:\\\/\\\/framtidenskarriar.se\\\/itdata\\\/2021\\\/03\\\/09\\\/handelsbanken-gar-in-i-molnet\\\/#article\",\"isPartOf\":{\"@id\":\"https:\\\/\\\/framtidenskarriar.se\\\/itdata\\\/2021\\\/03\\\/09\\\/handelsbanken-gar-in-i-molnet\\\/\"},\"author\":{\"name\":\"viktorwallen\",\"@id\":\"https:\\\/\\\/framtidenskarriar.se\\\/itdata\\\/#\\\/schema\\\/person\\\/2a13a849ec7646386c2211f59afe3083\"},\"headline\":\"Handelsbanken g\u00e5r in i molnet\",\"datePublished\":\"2021-03-09T10:30:39+00:00\",\"dateModified\":\"2022-02-18T08:25:59+00:00\",\"mainEntityOfPage\":{\"@id\":\"https:\\\/\\\/framtidenskarriar.se\\\/itdata\\\/2021\\\/03\\\/09\\\/handelsbanken-gar-in-i-molnet\\\/\"},\"wordCount\":826,\"commentCount\":0,\"image\":{\"@id\":\"https:\\\/\\\/framtidenskarriar.se\\\/itdata\\\/2021\\\/03\\\/09\\\/handelsbanken-gar-in-i-molnet\\\/#primaryimage\"},\"thumbnailUrl\":\"https:\\\/\\\/framtidenskarriar.se\\\/itdata\\\/wp-content\\\/uploads\\\/sites\\\/13\\\/2021\\\/03\\\/handelsbanken-2.jpg\",\"keywords\":[\"Bank\",\"Handelsbanken\"],\"articleSection\":[\"Presentation\"],\"inLanguage\":\"sv-SE\",\"potentialAction\":[{\"@type\":\"CommentAction\",\"name\":\"Comment\",\"target\":[\"https:\\\/\\\/framtidenskarriar.se\\\/itdata\\\/2021\\\/03\\\/09\\\/handelsbanken-gar-in-i-molnet\\\/#respond\"]}]},{\"@type\":\"WebPage\",\"@id\":\"https:\\\/\\\/framtidenskarriar.se\\\/itdata\\\/2021\\\/03\\\/09\\\/handelsbanken-gar-in-i-molnet\\\/\",\"url\":\"https:\\\/\\\/framtidenskarriar.se\\\/itdata\\\/2021\\\/03\\\/09\\\/handelsbanken-gar-in-i-molnet\\\/\",\"name\":\"Handelsbanken g\u00e5r in i molnet - Framtidens karri\u00e4r IT & Data\",\"isPartOf\":{\"@id\":\"https:\\\/\\\/framtidenskarriar.se\\\/itdata\\\/#website\"},\"primaryImageOfPage\":{\"@id\":\"https:\\\/\\\/framtidenskarriar.se\\\/itdata\\\/2021\\\/03\\\/09\\\/handelsbanken-gar-in-i-molnet\\\/#primaryimage\"},\"image\":{\"@id\":\"https:\\\/\\\/framtidenskarriar.se\\\/itdata\\\/2021\\\/03\\\/09\\\/handelsbanken-gar-in-i-molnet\\\/#primaryimage\"},\"thumbnailUrl\":\"https:\\\/\\\/framtidenskarriar.se\\\/itdata\\\/wp-content\\\/uploads\\\/sites\\\/13\\\/2021\\\/03\\\/handelsbanken-2.jpg\",\"datePublished\":\"2021-03-09T10:30:39+00:00\",\"dateModified\":\"2022-02-18T08:25:59+00:00\",\"author\":{\"@id\":\"https:\\\/\\\/framtidenskarriar.se\\\/itdata\\\/#\\\/schema\\\/person\\\/2a13a849ec7646386c2211f59afe3083\"},\"breadcrumb\":{\"@id\":\"https:\\\/\\\/framtidenskarriar.se\\\/itdata\\\/2021\\\/03\\\/09\\\/handelsbanken-gar-in-i-molnet\\\/#breadcrumb\"},\"inLanguage\":\"sv-SE\",\"potentialAction\":[{\"@type\":\"ReadAction\",\"target\":[\"https:\\\/\\\/framtidenskarriar.se\\\/itdata\\\/2021\\\/03\\\/09\\\/handelsbanken-gar-in-i-molnet\\\/\"]}]},{\"@type\":\"ImageObject\",\"inLanguage\":\"sv-SE\",\"@id\":\"https:\\\/\\\/framtidenskarriar.se\\\/itdata\\\/2021\\\/03\\\/09\\\/handelsbanken-gar-in-i-molnet\\\/#primaryimage\",\"url\":\"https:\\\/\\\/framtidenskarriar.se\\\/itdata\\\/wp-content\\\/uploads\\\/sites\\\/13\\\/2021\\\/03\\\/handelsbanken-2.jpg\",\"contentUrl\":\"https:\\\/\\\/framtidenskarriar.se\\\/itdata\\\/wp-content\\\/uploads\\\/sites\\\/13\\\/2021\\\/03\\\/handelsbanken-2.jpg\",\"width\":1000,\"height\":600,\"caption\":\"Evelita Zakaityte, st\u00e4llf\u00f6retr\u00e4dande chef f\u00f6r Automation and Processes och Bj\u00f6rn Fagerstedt, avdelningschef f\u00f6r Cloud and Innovation. Foto: Johan Marklund\"},{\"@type\":\"BreadcrumbList\",\"@id\":\"https:\\\/\\\/framtidenskarriar.se\\\/itdata\\\/2021\\\/03\\\/09\\\/handelsbanken-gar-in-i-molnet\\\/#breadcrumb\",\"itemListElement\":[{\"@type\":\"ListItem\",\"position\":1,\"name\":\"Home\",\"item\":\"https:\\\/\\\/framtidenskarriar.se\\\/itdata\\\/\"},{\"@type\":\"ListItem\",\"position\":2,\"name\":\"Handelsbanken g\u00e5r in i molnet\"}]},{\"@type\":\"WebSite\",\"@id\":\"https:\\\/\\\/framtidenskarriar.se\\\/itdata\\\/#website\",\"url\":\"https:\\\/\\\/framtidenskarriar.se\\\/itdata\\\/\",\"name\":\"Framtidens karri\u00e4r IT & Data\",\"description\":\"Just another NMDashboard.se Sites site\",\"potentialAction\":[{\"@type\":\"SearchAction\",\"target\":{\"@type\":\"EntryPoint\",\"urlTemplate\":\"https:\\\/\\\/framtidenskarriar.se\\\/itdata\\\/?s={search_term_string}\"},\"query-input\":{\"@type\":\"PropertyValueSpecification\",\"valueRequired\":true,\"valueName\":\"search_term_string\"}}],\"inLanguage\":\"sv-SE\"},{\"@type\":\"Person\",\"@id\":\"https:\\\/\\\/framtidenskarriar.se\\\/itdata\\\/#\\\/schema\\\/person\\\/2a13a849ec7646386c2211f59afe3083\",\"name\":\"viktorwallen\",\"image\":{\"@type\":\"ImageObject\",\"inLanguage\":\"sv-SE\",\"@id\":\"https:\\\/\\\/secure.gravatar.com\\\/avatar\\\/701701bd36169636031933997c8c6b954f2f635bbb7cd4802e4a007f9c9f4e59?s=96&d=mm&r=g\",\"url\":\"https:\\\/\\\/secure.gravatar.com\\\/avatar\\\/701701bd36169636031933997c8c6b954f2f635bbb7cd4802e4a007f9c9f4e59?s=96&d=mm&r=g\",\"contentUrl\":\"https:\\\/\\\/secure.gravatar.com\\\/avatar\\\/701701bd36169636031933997c8c6b954f2f635bbb7cd4802e4a007f9c9f4e59?s=96&d=mm&r=g\",\"caption\":\"viktorwallen\"},\"url\":\"https:\\\/\\\/framtidenskarriar.se\\\/itdata\\\/author\\\/viktorwallen\\\/\"}]}<\/script>\n<!-- \/ Yoast SEO plugin. -->","yoast_head_json":{"title":"Handelsbanken g\u00e5r in i molnet - Framtidens karri\u00e4r IT & Data","robots":{"index":"index","follow":"follow","max-snippet":"max-snippet:-1","max-image-preview":"max-image-preview:large","max-video-preview":"max-video-preview:-1"},"canonical":"https:\/\/framtidenskarriar.se\/itdata\/2021\/03\/09\/handelsbanken-gar-in-i-molnet\/","og_locale":"sv_SE","og_type":"article","og_title":"Handelsbanken g\u00e5r in i molnet - Framtidens karri\u00e4r IT & Data","og_description":"Vi \u00e4r inne i en sp\u00e4nnande digitaliseringsresa.","og_url":"https:\/\/framtidenskarriar.se\/itdata\/2021\/03\/09\/handelsbanken-gar-in-i-molnet\/","og_site_name":"Framtidens karri\u00e4r IT & Data","article_published_time":"2021-03-09T10:30:39+00:00","article_modified_time":"2022-02-18T08:25:59+00:00","og_image":[{"width":1000,"height":600,"url":"https:\/\/framtidenskarriar.se\/itdata\/wp-content\/uploads\/sites\/13\/2021\/03\/handelsbanken-2.jpg","type":"image\/jpeg"}],"author":"viktorwallen","twitter_card":"summary_large_image","twitter_misc":{"Skriven av":"viktorwallen","Ber\u00e4knad l\u00e4stid":"4 minuter"},"schema":{"@context":"https:\/\/schema.org","@graph":[{"@type":"Article","@id":"https:\/\/framtidenskarriar.se\/itdata\/2021\/03\/09\/handelsbanken-gar-in-i-molnet\/#article","isPartOf":{"@id":"https:\/\/framtidenskarriar.se\/itdata\/2021\/03\/09\/handelsbanken-gar-in-i-molnet\/"},"author":{"name":"viktorwallen","@id":"https:\/\/framtidenskarriar.se\/itdata\/#\/schema\/person\/2a13a849ec7646386c2211f59afe3083"},"headline":"Handelsbanken g\u00e5r in i molnet","datePublished":"2021-03-09T10:30:39+00:00","dateModified":"2022-02-18T08:25:59+00:00","mainEntityOfPage":{"@id":"https:\/\/framtidenskarriar.se\/itdata\/2021\/03\/09\/handelsbanken-gar-in-i-molnet\/"},"wordCount":826,"commentCount":0,"image":{"@id":"https:\/\/framtidenskarriar.se\/itdata\/2021\/03\/09\/handelsbanken-gar-in-i-molnet\/#primaryimage"},"thumbnailUrl":"https:\/\/framtidenskarriar.se\/itdata\/wp-content\/uploads\/sites\/13\/2021\/03\/handelsbanken-2.jpg","keywords":["Bank","Handelsbanken"],"articleSection":["Presentation"],"inLanguage":"sv-SE","potentialAction":[{"@type":"CommentAction","name":"Comment","target":["https:\/\/framtidenskarriar.se\/itdata\/2021\/03\/09\/handelsbanken-gar-in-i-molnet\/#respond"]}]},{"@type":"WebPage","@id":"https:\/\/framtidenskarriar.se\/itdata\/2021\/03\/09\/handelsbanken-gar-in-i-molnet\/","url":"https:\/\/framtidenskarriar.se\/itdata\/2021\/03\/09\/handelsbanken-gar-in-i-molnet\/","name":"Handelsbanken g\u00e5r in i molnet - Framtidens karri\u00e4r IT & Data","isPartOf":{"@id":"https:\/\/framtidenskarriar.se\/itdata\/#website"},"primaryImageOfPage":{"@id":"https:\/\/framtidenskarriar.se\/itdata\/2021\/03\/09\/handelsbanken-gar-in-i-molnet\/#primaryimage"},"image":{"@id":"https:\/\/framtidenskarriar.se\/itdata\/2021\/03\/09\/handelsbanken-gar-in-i-molnet\/#primaryimage"},"thumbnailUrl":"https:\/\/framtidenskarriar.se\/itdata\/wp-content\/uploads\/sites\/13\/2021\/03\/handelsbanken-2.jpg","datePublished":"2021-03-09T10:30:39+00:00","dateModified":"2022-02-18T08:25:59+00:00","author":{"@id":"https:\/\/framtidenskarriar.se\/itdata\/#\/schema\/person\/2a13a849ec7646386c2211f59afe3083"},"breadcrumb":{"@id":"https:\/\/framtidenskarriar.se\/itdata\/2021\/03\/09\/handelsbanken-gar-in-i-molnet\/#breadcrumb"},"inLanguage":"sv-SE","potentialAction":[{"@type":"ReadAction","target":["https:\/\/framtidenskarriar.se\/itdata\/2021\/03\/09\/handelsbanken-gar-in-i-molnet\/"]}]},{"@type":"ImageObject","inLanguage":"sv-SE","@id":"https:\/\/framtidenskarriar.se\/itdata\/2021\/03\/09\/handelsbanken-gar-in-i-molnet\/#primaryimage","url":"https:\/\/framtidenskarriar.se\/itdata\/wp-content\/uploads\/sites\/13\/2021\/03\/handelsbanken-2.jpg","contentUrl":"https:\/\/framtidenskarriar.se\/itdata\/wp-content\/uploads\/sites\/13\/2021\/03\/handelsbanken-2.jpg","width":1000,"height":600,"caption":"Evelita Zakaityte, st\u00e4llf\u00f6retr\u00e4dande chef f\u00f6r Automation and Processes och Bj\u00f6rn Fagerstedt, avdelningschef f\u00f6r Cloud and Innovation. Foto: Johan Marklund"},{"@type":"BreadcrumbList","@id":"https:\/\/framtidenskarriar.se\/itdata\/2021\/03\/09\/handelsbanken-gar-in-i-molnet\/#breadcrumb","itemListElement":[{"@type":"ListItem","position":1,"name":"Home","item":"https:\/\/framtidenskarriar.se\/itdata\/"},{"@type":"ListItem","position":2,"name":"Handelsbanken g\u00e5r in i molnet"}]},{"@type":"WebSite","@id":"https:\/\/framtidenskarriar.se\/itdata\/#website","url":"https:\/\/framtidenskarriar.se\/itdata\/","name":"Framtidens karri\u00e4r IT & Data","description":"Just another NMDashboard.se Sites site","potentialAction":[{"@type":"SearchAction","target":{"@type":"EntryPoint","urlTemplate":"https:\/\/framtidenskarriar.se\/itdata\/?s={search_term_string}"},"query-input":{"@type":"PropertyValueSpecification","valueRequired":true,"valueName":"search_term_string"}}],"inLanguage":"sv-SE"},{"@type":"Person","@id":"https:\/\/framtidenskarriar.se\/itdata\/#\/schema\/person\/2a13a849ec7646386c2211f59afe3083","name":"viktorwallen","image":{"@type":"ImageObject","inLanguage":"sv-SE","@id":"https:\/\/secure.gravatar.com\/avatar\/701701bd36169636031933997c8c6b954f2f635bbb7cd4802e4a007f9c9f4e59?s=96&d=mm&r=g","url":"https:\/\/secure.gravatar.com\/avatar\/701701bd36169636031933997c8c6b954f2f635bbb7cd4802e4a007f9c9f4e59?s=96&d=mm&r=g","contentUrl":"https:\/\/secure.gravatar.com\/avatar\/701701bd36169636031933997c8c6b954f2f635bbb7cd4802e4a007f9c9f4e59?s=96&d=mm&r=g","caption":"viktorwallen"},"url":"https:\/\/framtidenskarriar.se\/itdata\/author\/viktorwallen\/"}]}},"_links":{"self":[{"href":"https:\/\/framtidenskarriar.se\/itdata\/wp-json\/wp\/v2\/posts\/6869","targetHints":{"allow":["GET"]}}],"collection":[{"href":"https:\/\/framtidenskarriar.se\/itdata\/wp-json\/wp\/v2\/posts"}],"about":[{"href":"https:\/\/framtidenskarriar.se\/itdata\/wp-json\/wp\/v2\/types\/post"}],"author":[{"embeddable":true,"href":"https:\/\/framtidenskarriar.se\/itdata\/wp-json\/wp\/v2\/users\/2"}],"replies":[{"embeddable":true,"href":"https:\/\/framtidenskarriar.se\/itdata\/wp-json\/wp\/v2\/comments?post=6869"}],"version-history":[{"count":12,"href":"https:\/\/framtidenskarriar.se\/itdata\/wp-json\/wp\/v2\/posts\/6869\/revisions"}],"predecessor-version":[{"id":7139,"href":"https:\/\/framtidenskarriar.se\/itdata\/wp-json\/wp\/v2\/posts\/6869\/revisions\/7139"}],"wp:featuredmedia":[{"embeddable":true,"href":"https:\/\/framtidenskarriar.se\/itdata\/wp-json\/wp\/v2\/media\/6878"}],"wp:attachment":[{"href":"https:\/\/framtidenskarriar.se\/itdata\/wp-json\/wp\/v2\/media?parent=6869"}],"wp:term":[{"taxonomy":"category","embeddable":true,"href":"https:\/\/framtidenskarriar.se\/itdata\/wp-json\/wp\/v2\/categories?post=6869"},{"taxonomy":"post_tag","embeddable":true,"href":"https:\/\/framtidenskarriar.se\/itdata\/wp-json\/wp\/v2\/tags?post=6869"}],"curies":[{"name":"wp","href":"https:\/\/api.w.org\/{rel}","templated":true}]}}