{"id":7004,"date":"2021-03-10T08:39:55","date_gmt":"2021-03-10T08:39:55","guid":{"rendered":"https:\/\/framtidenskarriar.se\/itdata\/?p=7004"},"modified":"2021-03-11T08:47:54","modified_gmt":"2021-03-11T08:47:54","slug":"arbeta-med-sveriges-cyberforsvar-pa-fra","status":"publish","type":"post","link":"https:\/\/framtidenskarriar.se\/itdata\/2021\/03\/10\/arbeta-med-sveriges-cyberforsvar-pa-fra\/","title":{"rendered":"Arbeta med Sveriges cyberf\u00f6rsvar p\u00e5 FRA"},"content":{"rendered":"\n<figure class=\"wp-block-image size-large\"><img loading=\"lazy\" decoding=\"async\" width=\"1000\" height=\"692\" src=\"https:\/\/framtidenskarriar.se\/itdata\/wp-content\/uploads\/sites\/13\/2021\/03\/fra-annons-framtidens-it-21-03-04-modf.jpg\" alt=\"\" class=\"wp-image-7018\" srcset=\"https:\/\/framtidenskarriar.se\/itdata\/wp-content\/uploads\/sites\/13\/2021\/03\/fra-annons-framtidens-it-21-03-04-modf.jpg 1000w, https:\/\/framtidenskarriar.se\/itdata\/wp-content\/uploads\/sites\/13\/2021\/03\/fra-annons-framtidens-it-21-03-04-modf-300x208.jpg 300w, https:\/\/framtidenskarriar.se\/itdata\/wp-content\/uploads\/sites\/13\/2021\/03\/fra-annons-framtidens-it-21-03-04-modf-768x531.jpg 768w, https:\/\/framtidenskarriar.se\/itdata\/wp-content\/uploads\/sites\/13\/2021\/03\/fra-annons-framtidens-it-21-03-04-modf-231x160.jpg 231w, https:\/\/framtidenskarriar.se\/itdata\/wp-content\/uploads\/sites\/13\/2021\/03\/fra-annons-framtidens-it-21-03-04-modf-526x364.jpg 526w, https:\/\/framtidenskarriar.se\/itdata\/wp-content\/uploads\/sites\/13\/2021\/03\/fra-annons-framtidens-it-21-03-04-modf-720x498.jpg 720w, https:\/\/framtidenskarriar.se\/itdata\/wp-content\/uploads\/sites\/13\/2021\/03\/fra-annons-framtidens-it-21-03-04-modf-960x664.jpg 960w\" sizes=\"auto, (max-width: 1000px) 100vw, 1000px\" \/><\/figure>\n\n\n\n<p><strong>Vi kombinerar signalspaningen med v\u00e5rt informationss\u00e4kerhetsarbete f\u00f6r att st\u00e4rka Sveriges motst\u00e5ndskraft.<\/strong><\/p>\n\n\n\n<p>FRAs uppdrag \u00e4r att bidra till att skydda Sveriges integritet och oberoende i v\u00e4rlden. Oavsett roll bidrar vi alla p\u00e5 v\u00e5rt s\u00e4tt till att utf\u00f6ra det gemensamma uppdraget. H\u00e4r f\u00e5r du arbeta i en kunskapsintensiv och kreativ milj\u00f6 d\u00e4r du g\u00f6r skillnad varje dag.<br>\u00c4r du intresserad av att arbeta p\u00e5 n\u00e5gon av v\u00e5ra avdelningar?<\/p>\n\n\n\n<p><strong>Cyberverksamhet<\/strong><br>Bidrar med direkt och indirekt skydd till Sveriges mest skyddsv\u00e4rda verksamheter och \u00e4r en del av v\u00e5rt nationella cyberf\u00f6rsvar. Vi identifierar, analyserar och f\u00f6ljer angripare som genomf\u00f6r avancerade IT-angrepp fr\u00e5n utlandet.<\/p>\n\n\n\n<p><strong>Signalspaning<\/strong><br>Ger v\u00e5ra uppdragsgivare underr\u00e4ttelser om omv\u00e4rlden. V\u00e5r signalspaning riktas mot utl\u00e4ndska f\u00f6rh\u00e5llanden och kan ge unik kunskap om s\u00e5dant som p\u00e5verkar Sveriges utrikes- och f\u00f6rsvarspolitik.<\/p>\n\n\n\n<p><strong>Teknik<\/strong><br>F\u00f6rser hela myndigheten med den teknik och de system som v\u00e5r verksamhet beh\u00f6ver inom signalspaning, cyberf\u00f6rsvar och st\u00f6dfunktioner.<\/p>\n\n\n\n<p><strong>Verksamhetsst\u00f6d<\/strong><br>St\u00f6ttar och ger strategisk r\u00e5dgivning inom ekonomi och ink\u00f6p, HR, f\u00f6rvaltningsjuridik, s\u00e4kerhetsskydd och informationsf\u00f6rvaltning.<\/p>\n\n\n\n<p class=\"has-color-gray-01-background-color has-background\"><strong><a title=\"FRA jobb annons 2021 ans\u00f6k 1\" href=\"https:\/\/fra.easycruit.com\/\" target=\"_blank\" rel=\"noopener noreferrer\">Klicka h\u00e4r f\u00f6r att se v\u00e5ra lediga tj\u00e4nster<\/a><\/strong><br><br><strong><a href=\"https:\/\/www.fra.se\/jobbahososs.4.6a76c4041614726b25ad2.html\" title=\"FRA jobb annons 2021 ans\u00f6k 2\" target=\"_blank\" rel=\"noreferrer noopener\">Klicka h\u00e4r f\u00f6r att l\u00e4sa mer om att jobba hos oss<\/a><\/strong><\/p>\n\n\n\n<div class=\"wp-block-group faktaruta has-color-white-01-background-color has-background\"><div class=\"wp-block-group__inner-container is-layout-flow wp-block-group-is-layout-flow\">\n<h6 class=\"wp-block-heading\">FRA<\/h6>\n\n\n\n<p>FRA arbetar med signalspaning och utg\u00f6r en del av Sveriges underr\u00e4ttelsetj\u00e4nst. FRA \u00e4r en civil myndighet som lyder under F\u00f6rsvarsdepartementet, med huvudkontor p\u00e5 Lov\u00f6n, strax v\u00e4ster om Stockholm. Antal anst\u00e4llda \u00e4r cirka 850 personer.<\/p>\n\n\n\n<p>Vi p\u00e5 FRA bidrar till att skydda Sverige och svenska intressen. Det sker genom att vi ger v\u00e5ra uppdragsgivare information om viktiga utl\u00e4ndska f\u00f6rh\u00e5llanden av betydelse f\u00f6r svensk utrikes-, s\u00e4kerhets- och f\u00f6rsvarspolitik. Det sker ocks\u00e5 genom v\u00e5rt arbete med att skapa f\u00f6ruts\u00e4ttningar f\u00f6r ett cyberf\u00f6rsvar och att bidra till att skydda samh\u00e4llsviktiga informationssystem.<br><br><strong><a title=\"FRA jobb annons 2021 textlink\" href=\"https:\/\/www.fra.se\/\" target=\"_blank\" rel=\"noreferrer noopener\">www.fra.se<\/a><\/strong><br><br><a href=\"https:\/\/www.fra.se\/\" title=\"FRA jobb annons 2021 logotype\" target=\"_blank\" rel=\"noreferrer noopener\"><img loading=\"lazy\" decoding=\"async\" width=\"150\" height=\"86\" class=\"wp-image-7072\" style=\"width: 150px;\" src=\"https:\/\/framtidenskarriar.se\/itdata\/wp-content\/uploads\/sites\/13\/2021\/03\/fra-web-200x114px.png\" alt=\"\" srcset=\"https:\/\/framtidenskarriar.se\/itdata\/wp-content\/uploads\/sites\/13\/2021\/03\/fra-web-200x114px.png 200w, https:\/\/framtidenskarriar.se\/itdata\/wp-content\/uploads\/sites\/13\/2021\/03\/fra-web-200x114px-80x45.png 80w\" sizes=\"auto, (max-width: 150px) 100vw, 150px\" \/><\/a><\/p>\n<\/div><\/div>\n","protected":false},"excerpt":{"rendered":"<p>Vi st\u00e4rker Sveriges motst\u00e5ndskraft.<\/p>\n","protected":false},"author":2,"featured_media":7018,"comment_status":"open","ping_status":"open","sticky":false,"template":"","format":"standard","meta":{"_acf_changed":false,"_monsterinsights_skip_tracking":false,"_monsterinsights_sitenote_active":false,"_monsterinsights_sitenote_note":"","_monsterinsights_sitenote_category":0,"footnotes":""},"categories":[275],"tags":[47,87,93,241],"class_list":["post-7004","post","type-post","status-publish","format-standard","has-post-thumbnail","hentry","category-jobb","tag-cybersakerhet","tag-forsvar","tag-fra","tag-statligt"],"acf":[],"yoast_head":"<!-- This site is optimized with the Yoast SEO plugin v27.3 - https:\/\/yoast.com\/product\/yoast-seo-wordpress\/ -->\n<title>Arbeta med Sveriges cyberf\u00f6rsvar p\u00e5 FRA - Framtidens karri\u00e4r IT &amp; Data<\/title>\n<meta name=\"robots\" content=\"index, follow, max-snippet:-1, max-image-preview:large, max-video-preview:-1\" \/>\n<link rel=\"canonical\" href=\"https:\/\/framtidenskarriar.se\/itdata\/2021\/03\/10\/arbeta-med-sveriges-cyberforsvar-pa-fra\/\" \/>\n<meta property=\"og:locale\" content=\"sv_SE\" \/>\n<meta property=\"og:type\" content=\"article\" \/>\n<meta property=\"og:title\" content=\"Arbeta med Sveriges cyberf\u00f6rsvar p\u00e5 FRA - Framtidens karri\u00e4r IT &amp; Data\" \/>\n<meta property=\"og:description\" content=\"Vi st\u00e4rker Sveriges motst\u00e5ndskraft.\" \/>\n<meta property=\"og:url\" content=\"https:\/\/framtidenskarriar.se\/itdata\/2021\/03\/10\/arbeta-med-sveriges-cyberforsvar-pa-fra\/\" \/>\n<meta property=\"og:site_name\" content=\"Framtidens karri\u00e4r IT &amp; Data\" \/>\n<meta property=\"article:published_time\" content=\"2021-03-10T08:39:55+00:00\" \/>\n<meta property=\"article:modified_time\" content=\"2021-03-11T08:47:54+00:00\" \/>\n<meta property=\"og:image\" content=\"https:\/\/framtidenskarriar.se\/itdata\/wp-content\/uploads\/sites\/13\/2021\/03\/fra-annons-framtidens-it-21-03-04-modf.jpg\" \/>\n\t<meta property=\"og:image:width\" content=\"1000\" \/>\n\t<meta property=\"og:image:height\" content=\"692\" \/>\n\t<meta property=\"og:image:type\" content=\"image\/jpeg\" \/>\n<meta name=\"author\" content=\"viktorwallen\" \/>\n<meta name=\"twitter:card\" content=\"summary_large_image\" \/>\n<meta name=\"twitter:label1\" content=\"Skriven av\" \/>\n\t<meta name=\"twitter:data1\" content=\"viktorwallen\" \/>\n\t<meta name=\"twitter:label2\" content=\"Ber\u00e4knad l\u00e4stid\" \/>\n\t<meta name=\"twitter:data2\" content=\"2 minuter\" \/>\n<script type=\"application\/ld+json\" class=\"yoast-schema-graph\">{\"@context\":\"https:\\\/\\\/schema.org\",\"@graph\":[{\"@type\":\"Article\",\"@id\":\"https:\\\/\\\/framtidenskarriar.se\\\/itdata\\\/2021\\\/03\\\/10\\\/arbeta-med-sveriges-cyberforsvar-pa-fra\\\/#article\",\"isPartOf\":{\"@id\":\"https:\\\/\\\/framtidenskarriar.se\\\/itdata\\\/2021\\\/03\\\/10\\\/arbeta-med-sveriges-cyberforsvar-pa-fra\\\/\"},\"author\":{\"name\":\"viktorwallen\",\"@id\":\"https:\\\/\\\/framtidenskarriar.se\\\/itdata\\\/#\\\/schema\\\/person\\\/2a13a849ec7646386c2211f59afe3083\"},\"headline\":\"Arbeta med Sveriges cyberf\u00f6rsvar p\u00e5 FRA\",\"datePublished\":\"2021-03-10T08:39:55+00:00\",\"dateModified\":\"2021-03-11T08:47:54+00:00\",\"mainEntityOfPage\":{\"@id\":\"https:\\\/\\\/framtidenskarriar.se\\\/itdata\\\/2021\\\/03\\\/10\\\/arbeta-med-sveriges-cyberforsvar-pa-fra\\\/\"},\"wordCount\":344,\"commentCount\":0,\"image\":{\"@id\":\"https:\\\/\\\/framtidenskarriar.se\\\/itdata\\\/2021\\\/03\\\/10\\\/arbeta-med-sveriges-cyberforsvar-pa-fra\\\/#primaryimage\"},\"thumbnailUrl\":\"https:\\\/\\\/framtidenskarriar.se\\\/itdata\\\/wp-content\\\/uploads\\\/sites\\\/13\\\/2021\\\/03\\\/fra-annons-framtidens-it-21-03-04-modf.jpg\",\"keywords\":[\"Cybers\u00e4kerhet\",\"F\u00f6rsvar\",\"FRA\",\"Statligt\"],\"articleSection\":[\"Jobb\"],\"inLanguage\":\"sv-SE\",\"potentialAction\":[{\"@type\":\"CommentAction\",\"name\":\"Comment\",\"target\":[\"https:\\\/\\\/framtidenskarriar.se\\\/itdata\\\/2021\\\/03\\\/10\\\/arbeta-med-sveriges-cyberforsvar-pa-fra\\\/#respond\"]}]},{\"@type\":\"WebPage\",\"@id\":\"https:\\\/\\\/framtidenskarriar.se\\\/itdata\\\/2021\\\/03\\\/10\\\/arbeta-med-sveriges-cyberforsvar-pa-fra\\\/\",\"url\":\"https:\\\/\\\/framtidenskarriar.se\\\/itdata\\\/2021\\\/03\\\/10\\\/arbeta-med-sveriges-cyberforsvar-pa-fra\\\/\",\"name\":\"Arbeta med Sveriges cyberf\u00f6rsvar p\u00e5 FRA - Framtidens karri\u00e4r IT & Data\",\"isPartOf\":{\"@id\":\"https:\\\/\\\/framtidenskarriar.se\\\/itdata\\\/#website\"},\"primaryImageOfPage\":{\"@id\":\"https:\\\/\\\/framtidenskarriar.se\\\/itdata\\\/2021\\\/03\\\/10\\\/arbeta-med-sveriges-cyberforsvar-pa-fra\\\/#primaryimage\"},\"image\":{\"@id\":\"https:\\\/\\\/framtidenskarriar.se\\\/itdata\\\/2021\\\/03\\\/10\\\/arbeta-med-sveriges-cyberforsvar-pa-fra\\\/#primaryimage\"},\"thumbnailUrl\":\"https:\\\/\\\/framtidenskarriar.se\\\/itdata\\\/wp-content\\\/uploads\\\/sites\\\/13\\\/2021\\\/03\\\/fra-annons-framtidens-it-21-03-04-modf.jpg\",\"datePublished\":\"2021-03-10T08:39:55+00:00\",\"dateModified\":\"2021-03-11T08:47:54+00:00\",\"author\":{\"@id\":\"https:\\\/\\\/framtidenskarriar.se\\\/itdata\\\/#\\\/schema\\\/person\\\/2a13a849ec7646386c2211f59afe3083\"},\"breadcrumb\":{\"@id\":\"https:\\\/\\\/framtidenskarriar.se\\\/itdata\\\/2021\\\/03\\\/10\\\/arbeta-med-sveriges-cyberforsvar-pa-fra\\\/#breadcrumb\"},\"inLanguage\":\"sv-SE\",\"potentialAction\":[{\"@type\":\"ReadAction\",\"target\":[\"https:\\\/\\\/framtidenskarriar.se\\\/itdata\\\/2021\\\/03\\\/10\\\/arbeta-med-sveriges-cyberforsvar-pa-fra\\\/\"]}]},{\"@type\":\"ImageObject\",\"inLanguage\":\"sv-SE\",\"@id\":\"https:\\\/\\\/framtidenskarriar.se\\\/itdata\\\/2021\\\/03\\\/10\\\/arbeta-med-sveriges-cyberforsvar-pa-fra\\\/#primaryimage\",\"url\":\"https:\\\/\\\/framtidenskarriar.se\\\/itdata\\\/wp-content\\\/uploads\\\/sites\\\/13\\\/2021\\\/03\\\/fra-annons-framtidens-it-21-03-04-modf.jpg\",\"contentUrl\":\"https:\\\/\\\/framtidenskarriar.se\\\/itdata\\\/wp-content\\\/uploads\\\/sites\\\/13\\\/2021\\\/03\\\/fra-annons-framtidens-it-21-03-04-modf.jpg\",\"width\":1000,\"height\":692},{\"@type\":\"BreadcrumbList\",\"@id\":\"https:\\\/\\\/framtidenskarriar.se\\\/itdata\\\/2021\\\/03\\\/10\\\/arbeta-med-sveriges-cyberforsvar-pa-fra\\\/#breadcrumb\",\"itemListElement\":[{\"@type\":\"ListItem\",\"position\":1,\"name\":\"Home\",\"item\":\"https:\\\/\\\/framtidenskarriar.se\\\/itdata\\\/\"},{\"@type\":\"ListItem\",\"position\":2,\"name\":\"Arbeta med Sveriges cyberf\u00f6rsvar p\u00e5 FRA\"}]},{\"@type\":\"WebSite\",\"@id\":\"https:\\\/\\\/framtidenskarriar.se\\\/itdata\\\/#website\",\"url\":\"https:\\\/\\\/framtidenskarriar.se\\\/itdata\\\/\",\"name\":\"Framtidens karri\u00e4r IT & Data\",\"description\":\"Just another NMDashboard.se Sites site\",\"potentialAction\":[{\"@type\":\"SearchAction\",\"target\":{\"@type\":\"EntryPoint\",\"urlTemplate\":\"https:\\\/\\\/framtidenskarriar.se\\\/itdata\\\/?s={search_term_string}\"},\"query-input\":{\"@type\":\"PropertyValueSpecification\",\"valueRequired\":true,\"valueName\":\"search_term_string\"}}],\"inLanguage\":\"sv-SE\"},{\"@type\":\"Person\",\"@id\":\"https:\\\/\\\/framtidenskarriar.se\\\/itdata\\\/#\\\/schema\\\/person\\\/2a13a849ec7646386c2211f59afe3083\",\"name\":\"viktorwallen\",\"image\":{\"@type\":\"ImageObject\",\"inLanguage\":\"sv-SE\",\"@id\":\"https:\\\/\\\/secure.gravatar.com\\\/avatar\\\/701701bd36169636031933997c8c6b954f2f635bbb7cd4802e4a007f9c9f4e59?s=96&d=mm&r=g\",\"url\":\"https:\\\/\\\/secure.gravatar.com\\\/avatar\\\/701701bd36169636031933997c8c6b954f2f635bbb7cd4802e4a007f9c9f4e59?s=96&d=mm&r=g\",\"contentUrl\":\"https:\\\/\\\/secure.gravatar.com\\\/avatar\\\/701701bd36169636031933997c8c6b954f2f635bbb7cd4802e4a007f9c9f4e59?s=96&d=mm&r=g\",\"caption\":\"viktorwallen\"},\"url\":\"https:\\\/\\\/framtidenskarriar.se\\\/itdata\\\/author\\\/viktorwallen\\\/\"}]}<\/script>\n<!-- \/ Yoast SEO plugin. -->","yoast_head_json":{"title":"Arbeta med Sveriges cyberf\u00f6rsvar p\u00e5 FRA - Framtidens karri\u00e4r IT & Data","robots":{"index":"index","follow":"follow","max-snippet":"max-snippet:-1","max-image-preview":"max-image-preview:large","max-video-preview":"max-video-preview:-1"},"canonical":"https:\/\/framtidenskarriar.se\/itdata\/2021\/03\/10\/arbeta-med-sveriges-cyberforsvar-pa-fra\/","og_locale":"sv_SE","og_type":"article","og_title":"Arbeta med Sveriges cyberf\u00f6rsvar p\u00e5 FRA - Framtidens karri\u00e4r IT & Data","og_description":"Vi st\u00e4rker Sveriges motst\u00e5ndskraft.","og_url":"https:\/\/framtidenskarriar.se\/itdata\/2021\/03\/10\/arbeta-med-sveriges-cyberforsvar-pa-fra\/","og_site_name":"Framtidens karri\u00e4r IT & Data","article_published_time":"2021-03-10T08:39:55+00:00","article_modified_time":"2021-03-11T08:47:54+00:00","og_image":[{"width":1000,"height":692,"url":"https:\/\/framtidenskarriar.se\/itdata\/wp-content\/uploads\/sites\/13\/2021\/03\/fra-annons-framtidens-it-21-03-04-modf.jpg","type":"image\/jpeg"}],"author":"viktorwallen","twitter_card":"summary_large_image","twitter_misc":{"Skriven av":"viktorwallen","Ber\u00e4knad l\u00e4stid":"2 minuter"},"schema":{"@context":"https:\/\/schema.org","@graph":[{"@type":"Article","@id":"https:\/\/framtidenskarriar.se\/itdata\/2021\/03\/10\/arbeta-med-sveriges-cyberforsvar-pa-fra\/#article","isPartOf":{"@id":"https:\/\/framtidenskarriar.se\/itdata\/2021\/03\/10\/arbeta-med-sveriges-cyberforsvar-pa-fra\/"},"author":{"name":"viktorwallen","@id":"https:\/\/framtidenskarriar.se\/itdata\/#\/schema\/person\/2a13a849ec7646386c2211f59afe3083"},"headline":"Arbeta med Sveriges cyberf\u00f6rsvar p\u00e5 FRA","datePublished":"2021-03-10T08:39:55+00:00","dateModified":"2021-03-11T08:47:54+00:00","mainEntityOfPage":{"@id":"https:\/\/framtidenskarriar.se\/itdata\/2021\/03\/10\/arbeta-med-sveriges-cyberforsvar-pa-fra\/"},"wordCount":344,"commentCount":0,"image":{"@id":"https:\/\/framtidenskarriar.se\/itdata\/2021\/03\/10\/arbeta-med-sveriges-cyberforsvar-pa-fra\/#primaryimage"},"thumbnailUrl":"https:\/\/framtidenskarriar.se\/itdata\/wp-content\/uploads\/sites\/13\/2021\/03\/fra-annons-framtidens-it-21-03-04-modf.jpg","keywords":["Cybers\u00e4kerhet","F\u00f6rsvar","FRA","Statligt"],"articleSection":["Jobb"],"inLanguage":"sv-SE","potentialAction":[{"@type":"CommentAction","name":"Comment","target":["https:\/\/framtidenskarriar.se\/itdata\/2021\/03\/10\/arbeta-med-sveriges-cyberforsvar-pa-fra\/#respond"]}]},{"@type":"WebPage","@id":"https:\/\/framtidenskarriar.se\/itdata\/2021\/03\/10\/arbeta-med-sveriges-cyberforsvar-pa-fra\/","url":"https:\/\/framtidenskarriar.se\/itdata\/2021\/03\/10\/arbeta-med-sveriges-cyberforsvar-pa-fra\/","name":"Arbeta med Sveriges cyberf\u00f6rsvar p\u00e5 FRA - Framtidens karri\u00e4r IT & Data","isPartOf":{"@id":"https:\/\/framtidenskarriar.se\/itdata\/#website"},"primaryImageOfPage":{"@id":"https:\/\/framtidenskarriar.se\/itdata\/2021\/03\/10\/arbeta-med-sveriges-cyberforsvar-pa-fra\/#primaryimage"},"image":{"@id":"https:\/\/framtidenskarriar.se\/itdata\/2021\/03\/10\/arbeta-med-sveriges-cyberforsvar-pa-fra\/#primaryimage"},"thumbnailUrl":"https:\/\/framtidenskarriar.se\/itdata\/wp-content\/uploads\/sites\/13\/2021\/03\/fra-annons-framtidens-it-21-03-04-modf.jpg","datePublished":"2021-03-10T08:39:55+00:00","dateModified":"2021-03-11T08:47:54+00:00","author":{"@id":"https:\/\/framtidenskarriar.se\/itdata\/#\/schema\/person\/2a13a849ec7646386c2211f59afe3083"},"breadcrumb":{"@id":"https:\/\/framtidenskarriar.se\/itdata\/2021\/03\/10\/arbeta-med-sveriges-cyberforsvar-pa-fra\/#breadcrumb"},"inLanguage":"sv-SE","potentialAction":[{"@type":"ReadAction","target":["https:\/\/framtidenskarriar.se\/itdata\/2021\/03\/10\/arbeta-med-sveriges-cyberforsvar-pa-fra\/"]}]},{"@type":"ImageObject","inLanguage":"sv-SE","@id":"https:\/\/framtidenskarriar.se\/itdata\/2021\/03\/10\/arbeta-med-sveriges-cyberforsvar-pa-fra\/#primaryimage","url":"https:\/\/framtidenskarriar.se\/itdata\/wp-content\/uploads\/sites\/13\/2021\/03\/fra-annons-framtidens-it-21-03-04-modf.jpg","contentUrl":"https:\/\/framtidenskarriar.se\/itdata\/wp-content\/uploads\/sites\/13\/2021\/03\/fra-annons-framtidens-it-21-03-04-modf.jpg","width":1000,"height":692},{"@type":"BreadcrumbList","@id":"https:\/\/framtidenskarriar.se\/itdata\/2021\/03\/10\/arbeta-med-sveriges-cyberforsvar-pa-fra\/#breadcrumb","itemListElement":[{"@type":"ListItem","position":1,"name":"Home","item":"https:\/\/framtidenskarriar.se\/itdata\/"},{"@type":"ListItem","position":2,"name":"Arbeta med Sveriges cyberf\u00f6rsvar p\u00e5 FRA"}]},{"@type":"WebSite","@id":"https:\/\/framtidenskarriar.se\/itdata\/#website","url":"https:\/\/framtidenskarriar.se\/itdata\/","name":"Framtidens karri\u00e4r IT & Data","description":"Just another NMDashboard.se Sites site","potentialAction":[{"@type":"SearchAction","target":{"@type":"EntryPoint","urlTemplate":"https:\/\/framtidenskarriar.se\/itdata\/?s={search_term_string}"},"query-input":{"@type":"PropertyValueSpecification","valueRequired":true,"valueName":"search_term_string"}}],"inLanguage":"sv-SE"},{"@type":"Person","@id":"https:\/\/framtidenskarriar.se\/itdata\/#\/schema\/person\/2a13a849ec7646386c2211f59afe3083","name":"viktorwallen","image":{"@type":"ImageObject","inLanguage":"sv-SE","@id":"https:\/\/secure.gravatar.com\/avatar\/701701bd36169636031933997c8c6b954f2f635bbb7cd4802e4a007f9c9f4e59?s=96&d=mm&r=g","url":"https:\/\/secure.gravatar.com\/avatar\/701701bd36169636031933997c8c6b954f2f635bbb7cd4802e4a007f9c9f4e59?s=96&d=mm&r=g","contentUrl":"https:\/\/secure.gravatar.com\/avatar\/701701bd36169636031933997c8c6b954f2f635bbb7cd4802e4a007f9c9f4e59?s=96&d=mm&r=g","caption":"viktorwallen"},"url":"https:\/\/framtidenskarriar.se\/itdata\/author\/viktorwallen\/"}]}},"_links":{"self":[{"href":"https:\/\/framtidenskarriar.se\/itdata\/wp-json\/wp\/v2\/posts\/7004","targetHints":{"allow":["GET"]}}],"collection":[{"href":"https:\/\/framtidenskarriar.se\/itdata\/wp-json\/wp\/v2\/posts"}],"about":[{"href":"https:\/\/framtidenskarriar.se\/itdata\/wp-json\/wp\/v2\/types\/post"}],"author":[{"embeddable":true,"href":"https:\/\/framtidenskarriar.se\/itdata\/wp-json\/wp\/v2\/users\/2"}],"replies":[{"embeddable":true,"href":"https:\/\/framtidenskarriar.se\/itdata\/wp-json\/wp\/v2\/comments?post=7004"}],"version-history":[{"count":9,"href":"https:\/\/framtidenskarriar.se\/itdata\/wp-json\/wp\/v2\/posts\/7004\/revisions"}],"predecessor-version":[{"id":7075,"href":"https:\/\/framtidenskarriar.se\/itdata\/wp-json\/wp\/v2\/posts\/7004\/revisions\/7075"}],"wp:featuredmedia":[{"embeddable":true,"href":"https:\/\/framtidenskarriar.se\/itdata\/wp-json\/wp\/v2\/media\/7018"}],"wp:attachment":[{"href":"https:\/\/framtidenskarriar.se\/itdata\/wp-json\/wp\/v2\/media?parent=7004"}],"wp:term":[{"taxonomy":"category","embeddable":true,"href":"https:\/\/framtidenskarriar.se\/itdata\/wp-json\/wp\/v2\/categories?post=7004"},{"taxonomy":"post_tag","embeddable":true,"href":"https:\/\/framtidenskarriar.se\/itdata\/wp-json\/wp\/v2\/tags?post=7004"}],"curies":[{"name":"wp","href":"https:\/\/api.w.org\/{rel}","templated":true}]}}