{"id":7242,"date":"2022-02-18T10:28:16","date_gmt":"2022-02-18T10:28:16","guid":{"rendered":"https:\/\/framtidenskarriar.se\/itdata\/?p=7242"},"modified":"2022-02-18T15:07:02","modified_gmt":"2022-02-18T15:07:02","slug":"visioner-kravs-for-techsektorn","status":"publish","type":"post","link":"https:\/\/framtidenskarriar.se\/itdata\/2022\/02\/18\/visioner-kravs-for-techsektorn\/","title":{"rendered":"Visioner kr\u00e4vs f\u00f6r techsektorn"},"content":{"rendered":"\n<figure class=\"wp-block-image size-full\"><img loading=\"lazy\" decoding=\"async\" width=\"1000\" height=\"663\" src=\"https:\/\/framtidenskarriar.se\/itdata\/wp-content\/uploads\/sites\/13\/2022\/02\/techsektor-asazetterberg4.jpg\" alt=\"\" class=\"wp-image-7248\" srcset=\"https:\/\/framtidenskarriar.se\/itdata\/wp-content\/uploads\/sites\/13\/2022\/02\/techsektor-asazetterberg4.jpg 1000w, https:\/\/framtidenskarriar.se\/itdata\/wp-content\/uploads\/sites\/13\/2022\/02\/techsektor-asazetterberg4-300x199.jpg 300w, https:\/\/framtidenskarriar.se\/itdata\/wp-content\/uploads\/sites\/13\/2022\/02\/techsektor-asazetterberg4-768x509.jpg 768w, https:\/\/framtidenskarriar.se\/itdata\/wp-content\/uploads\/sites\/13\/2022\/02\/techsektor-asazetterberg4-241x160.jpg 241w, https:\/\/framtidenskarriar.se\/itdata\/wp-content\/uploads\/sites\/13\/2022\/02\/techsektor-asazetterberg4-526x349.jpg 526w, https:\/\/framtidenskarriar.se\/itdata\/wp-content\/uploads\/sites\/13\/2022\/02\/techsektor-asazetterberg4-720x477.jpg 720w, https:\/\/framtidenskarriar.se\/itdata\/wp-content\/uploads\/sites\/13\/2022\/02\/techsektor-asazetterberg4-960x636.jpg 960w\" sizes=\"auto, (max-width: 1000px) 100vw, 1000px\" \/><figcaption>\u00c5sa Zetterberg, f\u00f6rbundsdirekt\u00f6r p\u00e5 TechSverige. Foto: Daniel Roos<\/figcaption><\/figure>\n\n\n\n<p><strong>Techsektorn \u00e4r en f\u00f6ruts\u00e4ttning f\u00f6r v\u00e5r ekonomiska utveckling och \u00e4r \u00e4ven en katalysator f\u00f6r tillv\u00e4xt i andra branscher. F\u00f6r att Sverige ska forts\u00e4tta ha en ledande position kr\u00e4vs en tydlig vision f\u00f6r hur vi ska tillvarata digitaliseringens m\u00f6jligheter, s\u00e4ger \u00c5sa Zetterberg p\u00e5 TechSverige.<\/strong><\/p>\n\n\n\n<p>En rapport fr\u00e5n TechSverige, som tidigare hette IT &amp; Telekomf\u00f6retagen, visar att techbranschen har etablerat sig som en ny bas f\u00f6r svensk ekonomi. 2020 uppgick techbranschens BNP till totalt 281 miljarder kronor och var n\u00e4stan lika stort som bidraget fr\u00e5n de traditionella svenska basindustrierna sammanlagt.<br>\u2013 Techf\u00f6retagen tillf\u00f6r stora v\u00e4rden till samh\u00e4llet, det \u00e4r d\u00e4rf\u00f6r av st\u00f6rsta vikt att branschen v\u00e4rnas. Ett n\u00e4ra samspel mellan en stark techsektor, resten av n\u00e4ringslivet och offentlig sektor \u00e4r en avg\u00f6rande framg\u00e5ngsfaktor f\u00f6r Sverige, s\u00e4ger \u00c5sa Zetterberg.<\/p>\n\n\n\n<p><strong>Kr\u00e4vs nationell kraftsamling<\/strong><br>Politikerna m\u00e5ste h\u00f6ja ambitionsniv\u00e5n rej\u00e4lt f\u00f6r att vi inte ska tappa v\u00e5r position i den globala digitaliseringen.<br>\u2013 Sverige har l\u00e4nge profilerat sig i teknikutvecklingens framkant. Vi var f\u00f6rst med s\u00e5v\u00e4l 3G som 4G, men i introduktionen av 5G befinner vi oss p\u00e5 en mittenplats i f\u00f6rh\u00e5llande till andra europeiska l\u00e4nder. M\u00e5nga andra l\u00e4nder som dragit nytta av coronapandemin f\u00f6r att accelerera sin digitaliseringsutveckling k\u00f6r om oss. Det \u00e4r med oro jag ser att politikerna inte tar dessa fr\u00e5gor p\u00e5 tillr\u00e4ckligt stort allvar; vi saknar tydliga visioner f\u00f6r hur Sverige p\u00e5 b\u00e4sta s\u00e4tt kan till\u00advarata digitaliseringens m\u00f6jligheter. Nu kr\u00e4vs en nationell kraftsamling d\u00e4r politiken samspelar med marknaden, s\u00e4ger \u00c5sa Zetterberg.<\/p>\n\n\n\n<blockquote class=\"wp-block-quote is-layout-flow wp-block-quote-is-layout-flow\"><p>&#8221;Techf\u00f6retagen tillf\u00f6r stora v\u00e4rden till samh\u00e4llet, det \u00e4r d\u00e4rf\u00f6r av st\u00f6rsta vikt att branschen v\u00e4rnas.&#8221;<\/p><\/blockquote>\n\n\n\n<p><strong>Sektorns kompetensbehov<\/strong><br>\u2013 F\u00f6r att ha en v\u00e4rldsledande techsektor m\u00e5ste vi kunna tillgodose sektorns kompetensbehov. Digitaliseringen av samh\u00e4llet har bidragit till att techsektorn fyller en \u00e4n viktigare strategisk roll, och smarta uppkopplade l\u00f6sningar \u00e4r nu en f\u00f6ruts\u00e4ttning f\u00f6r att stora delar av samh\u00e4llet ska fungera. I dagsl\u00e4get tvingas m\u00e5nga techf\u00f6retag dessv\u00e4rre tacka nej till uppdrag p\u00e5 grund av kompetensbrist, s\u00e4ger \u00c5sa Zetterberg.<br>Sektorn beh\u00f6ver bli b\u00e4ttre p\u00e5 att lyfta fram de karri\u00e4rm\u00f6jligheter man har att erbjuda, och arbeta aktivt med m\u00e5ngfaldsfr\u00e5gan.<br>\u2013 Vi beh\u00f6ver v\u00e4cka ungas techintresse l\u00e4ngre ner i \u00e5rskurserna! Branschen beh\u00f6ver m\u00e5nga olika kompetenser och typer av m\u00e4nniskor fram\u00f6ver, s\u00e4ger \u00c5sa Zetterberg.<\/p>\n\n\n\n<p><strong>Health tech och sustainable tech<\/strong><br>\u2013 H\u00e4lso- och sjukv\u00e5rdens behov av teknologi som p\u00e5 olika s\u00e4tt kan effektivisera och rationalisera deras arbete \u00e4r stort, och Sverige har definitivt r\u00e4tt f\u00f6ruts\u00e4ttningar f\u00f6r att flytta fram positionerna inom health tech. Vi \u00e4r ocks\u00e5 v\u00e4l positionerade inom sustain\u00adable tech, som utvecklar tekniker f\u00f6r en smartare resursanv\u00e4ndning. Vi kommer d\u00e4rf\u00f6r att fokusera extra p\u00e5 att st\u00f6dja dessa tv\u00e5 branscher under 2022. Ytterligare ett fokusomr\u00e5de \u00e4r cybers\u00e4kerhet. Hela Sverige beh\u00f6ver st\u00e4rkas p\u00e5 cybers\u00e4kerhetsomr\u00e5det via en nationell kraftsamling, s\u00e4ger \u00c5sa Zetterberg.<\/p>\n","protected":false},"excerpt":{"rendered":"<p>Techsektorn \u00e4r en f\u00f6ruts\u00e4ttning f\u00f6r v\u00e5r ekonomiska utveckling och \u00e4r \u00e4ven en katalysator f\u00f6r tillv\u00e4xt i andra branscher.<\/p>\n","protected":false},"author":3,"featured_media":7248,"comment_status":"open","ping_status":"open","sticky":false,"template":"","format":"standard","meta":{"_acf_changed":false,"_monsterinsights_skip_tracking":false,"_monsterinsights_sitenote_active":false,"_monsterinsights_sitenote_note":"","_monsterinsights_sitenote_category":0,"footnotes":""},"categories":[1],"tags":[62,304,277],"class_list":["post-7242","post","type-post","status-publish","format-standard","has-post-thumbnail","hentry","category-artikel","tag-digitalisering","tag-techsverige","tag-telekom-5g"],"acf":[],"yoast_head":"<!-- This site is optimized with the Yoast SEO plugin v27.3 - https:\/\/yoast.com\/product\/yoast-seo-wordpress\/ -->\n<title>Visioner kr\u00e4vs f\u00f6r techsektorn - Framtidens karri\u00e4r IT &amp; Data<\/title>\n<meta name=\"robots\" content=\"index, follow, max-snippet:-1, max-image-preview:large, max-video-preview:-1\" \/>\n<link rel=\"canonical\" href=\"https:\/\/framtidenskarriar.se\/itdata\/2022\/02\/18\/visioner-kravs-for-techsektorn\/\" \/>\n<meta property=\"og:locale\" content=\"sv_SE\" \/>\n<meta property=\"og:type\" content=\"article\" \/>\n<meta property=\"og:title\" content=\"Visioner kr\u00e4vs f\u00f6r techsektorn - Framtidens karri\u00e4r IT &amp; Data\" \/>\n<meta property=\"og:description\" content=\"Techsektorn \u00e4r en f\u00f6ruts\u00e4ttning f\u00f6r v\u00e5r ekonomiska utveckling och \u00e4r \u00e4ven en katalysator f\u00f6r tillv\u00e4xt i andra branscher.\" \/>\n<meta property=\"og:url\" content=\"https:\/\/framtidenskarriar.se\/itdata\/2022\/02\/18\/visioner-kravs-for-techsektorn\/\" \/>\n<meta property=\"og:site_name\" content=\"Framtidens karri\u00e4r IT &amp; Data\" \/>\n<meta property=\"article:published_time\" content=\"2022-02-18T10:28:16+00:00\" \/>\n<meta property=\"article:modified_time\" content=\"2022-02-18T15:07:02+00:00\" \/>\n<meta property=\"og:image\" content=\"https:\/\/framtidenskarriar.se\/itdata\/wp-content\/uploads\/sites\/13\/2022\/02\/techsektor-asazetterberg4.jpg\" \/>\n\t<meta property=\"og:image:width\" content=\"1000\" \/>\n\t<meta property=\"og:image:height\" content=\"663\" \/>\n\t<meta property=\"og:image:type\" content=\"image\/jpeg\" \/>\n<meta name=\"author\" content=\"stellanstal\" \/>\n<meta name=\"twitter:card\" content=\"summary_large_image\" \/>\n<meta name=\"twitter:label1\" content=\"Skriven av\" \/>\n\t<meta name=\"twitter:data1\" content=\"stellanstal\" \/>\n\t<meta name=\"twitter:label2\" content=\"Ber\u00e4knad l\u00e4stid\" \/>\n\t<meta name=\"twitter:data2\" content=\"3 minuter\" \/>\n<script type=\"application\/ld+json\" class=\"yoast-schema-graph\">{\"@context\":\"https:\\\/\\\/schema.org\",\"@graph\":[{\"@type\":\"Article\",\"@id\":\"https:\\\/\\\/framtidenskarriar.se\\\/itdata\\\/2022\\\/02\\\/18\\\/visioner-kravs-for-techsektorn\\\/#article\",\"isPartOf\":{\"@id\":\"https:\\\/\\\/framtidenskarriar.se\\\/itdata\\\/2022\\\/02\\\/18\\\/visioner-kravs-for-techsektorn\\\/\"},\"author\":{\"name\":\"stellanstal\",\"@id\":\"https:\\\/\\\/framtidenskarriar.se\\\/itdata\\\/#\\\/schema\\\/person\\\/c8a43eb855191e573b73ecf8987a3b99\"},\"headline\":\"Visioner kr\u00e4vs f\u00f6r techsektorn\",\"datePublished\":\"2022-02-18T10:28:16+00:00\",\"dateModified\":\"2022-02-18T15:07:02+00:00\",\"mainEntityOfPage\":{\"@id\":\"https:\\\/\\\/framtidenskarriar.se\\\/itdata\\\/2022\\\/02\\\/18\\\/visioner-kravs-for-techsektorn\\\/\"},\"wordCount\":567,\"commentCount\":0,\"image\":{\"@id\":\"https:\\\/\\\/framtidenskarriar.se\\\/itdata\\\/2022\\\/02\\\/18\\\/visioner-kravs-for-techsektorn\\\/#primaryimage\"},\"thumbnailUrl\":\"https:\\\/\\\/framtidenskarriar.se\\\/itdata\\\/wp-content\\\/uploads\\\/sites\\\/13\\\/2022\\\/02\\\/techsektor-asazetterberg4.jpg\",\"keywords\":[\"Digitalisering\",\"TechSverige\",\"Telekom \\\/ 5G\"],\"articleSection\":[\"Artikel\"],\"inLanguage\":\"sv-SE\",\"potentialAction\":[{\"@type\":\"CommentAction\",\"name\":\"Comment\",\"target\":[\"https:\\\/\\\/framtidenskarriar.se\\\/itdata\\\/2022\\\/02\\\/18\\\/visioner-kravs-for-techsektorn\\\/#respond\"]}]},{\"@type\":\"WebPage\",\"@id\":\"https:\\\/\\\/framtidenskarriar.se\\\/itdata\\\/2022\\\/02\\\/18\\\/visioner-kravs-for-techsektorn\\\/\",\"url\":\"https:\\\/\\\/framtidenskarriar.se\\\/itdata\\\/2022\\\/02\\\/18\\\/visioner-kravs-for-techsektorn\\\/\",\"name\":\"Visioner kr\u00e4vs f\u00f6r techsektorn - Framtidens karri\u00e4r IT & Data\",\"isPartOf\":{\"@id\":\"https:\\\/\\\/framtidenskarriar.se\\\/itdata\\\/#website\"},\"primaryImageOfPage\":{\"@id\":\"https:\\\/\\\/framtidenskarriar.se\\\/itdata\\\/2022\\\/02\\\/18\\\/visioner-kravs-for-techsektorn\\\/#primaryimage\"},\"image\":{\"@id\":\"https:\\\/\\\/framtidenskarriar.se\\\/itdata\\\/2022\\\/02\\\/18\\\/visioner-kravs-for-techsektorn\\\/#primaryimage\"},\"thumbnailUrl\":\"https:\\\/\\\/framtidenskarriar.se\\\/itdata\\\/wp-content\\\/uploads\\\/sites\\\/13\\\/2022\\\/02\\\/techsektor-asazetterberg4.jpg\",\"datePublished\":\"2022-02-18T10:28:16+00:00\",\"dateModified\":\"2022-02-18T15:07:02+00:00\",\"author\":{\"@id\":\"https:\\\/\\\/framtidenskarriar.se\\\/itdata\\\/#\\\/schema\\\/person\\\/c8a43eb855191e573b73ecf8987a3b99\"},\"breadcrumb\":{\"@id\":\"https:\\\/\\\/framtidenskarriar.se\\\/itdata\\\/2022\\\/02\\\/18\\\/visioner-kravs-for-techsektorn\\\/#breadcrumb\"},\"inLanguage\":\"sv-SE\",\"potentialAction\":[{\"@type\":\"ReadAction\",\"target\":[\"https:\\\/\\\/framtidenskarriar.se\\\/itdata\\\/2022\\\/02\\\/18\\\/visioner-kravs-for-techsektorn\\\/\"]}]},{\"@type\":\"ImageObject\",\"inLanguage\":\"sv-SE\",\"@id\":\"https:\\\/\\\/framtidenskarriar.se\\\/itdata\\\/2022\\\/02\\\/18\\\/visioner-kravs-for-techsektorn\\\/#primaryimage\",\"url\":\"https:\\\/\\\/framtidenskarriar.se\\\/itdata\\\/wp-content\\\/uploads\\\/sites\\\/13\\\/2022\\\/02\\\/techsektor-asazetterberg4.jpg\",\"contentUrl\":\"https:\\\/\\\/framtidenskarriar.se\\\/itdata\\\/wp-content\\\/uploads\\\/sites\\\/13\\\/2022\\\/02\\\/techsektor-asazetterberg4.jpg\",\"width\":1000,\"height\":663},{\"@type\":\"BreadcrumbList\",\"@id\":\"https:\\\/\\\/framtidenskarriar.se\\\/itdata\\\/2022\\\/02\\\/18\\\/visioner-kravs-for-techsektorn\\\/#breadcrumb\",\"itemListElement\":[{\"@type\":\"ListItem\",\"position\":1,\"name\":\"Home\",\"item\":\"https:\\\/\\\/framtidenskarriar.se\\\/itdata\\\/\"},{\"@type\":\"ListItem\",\"position\":2,\"name\":\"Visioner kr\u00e4vs f\u00f6r techsektorn\"}]},{\"@type\":\"WebSite\",\"@id\":\"https:\\\/\\\/framtidenskarriar.se\\\/itdata\\\/#website\",\"url\":\"https:\\\/\\\/framtidenskarriar.se\\\/itdata\\\/\",\"name\":\"Framtidens karri\u00e4r IT & Data\",\"description\":\"Just another NMDashboard.se Sites site\",\"potentialAction\":[{\"@type\":\"SearchAction\",\"target\":{\"@type\":\"EntryPoint\",\"urlTemplate\":\"https:\\\/\\\/framtidenskarriar.se\\\/itdata\\\/?s={search_term_string}\"},\"query-input\":{\"@type\":\"PropertyValueSpecification\",\"valueRequired\":true,\"valueName\":\"search_term_string\"}}],\"inLanguage\":\"sv-SE\"},{\"@type\":\"Person\",\"@id\":\"https:\\\/\\\/framtidenskarriar.se\\\/itdata\\\/#\\\/schema\\\/person\\\/c8a43eb855191e573b73ecf8987a3b99\",\"name\":\"stellanstal\",\"image\":{\"@type\":\"ImageObject\",\"inLanguage\":\"sv-SE\",\"@id\":\"https:\\\/\\\/secure.gravatar.com\\\/avatar\\\/cd330fa6bb17f598124b2068ee0b189e4fe0987a50af9d53b78410836060d0c9?s=96&d=mm&r=g\",\"url\":\"https:\\\/\\\/secure.gravatar.com\\\/avatar\\\/cd330fa6bb17f598124b2068ee0b189e4fe0987a50af9d53b78410836060d0c9?s=96&d=mm&r=g\",\"contentUrl\":\"https:\\\/\\\/secure.gravatar.com\\\/avatar\\\/cd330fa6bb17f598124b2068ee0b189e4fe0987a50af9d53b78410836060d0c9?s=96&d=mm&r=g\",\"caption\":\"stellanstal\"},\"url\":\"https:\\\/\\\/framtidenskarriar.se\\\/itdata\\\/author\\\/stellanstal\\\/\"}]}<\/script>\n<!-- \/ Yoast SEO plugin. -->","yoast_head_json":{"title":"Visioner kr\u00e4vs f\u00f6r techsektorn - Framtidens karri\u00e4r IT & Data","robots":{"index":"index","follow":"follow","max-snippet":"max-snippet:-1","max-image-preview":"max-image-preview:large","max-video-preview":"max-video-preview:-1"},"canonical":"https:\/\/framtidenskarriar.se\/itdata\/2022\/02\/18\/visioner-kravs-for-techsektorn\/","og_locale":"sv_SE","og_type":"article","og_title":"Visioner kr\u00e4vs f\u00f6r techsektorn - Framtidens karri\u00e4r IT & Data","og_description":"Techsektorn \u00e4r en f\u00f6ruts\u00e4ttning f\u00f6r v\u00e5r ekonomiska utveckling och \u00e4r \u00e4ven en katalysator f\u00f6r tillv\u00e4xt i andra branscher.","og_url":"https:\/\/framtidenskarriar.se\/itdata\/2022\/02\/18\/visioner-kravs-for-techsektorn\/","og_site_name":"Framtidens karri\u00e4r IT & Data","article_published_time":"2022-02-18T10:28:16+00:00","article_modified_time":"2022-02-18T15:07:02+00:00","og_image":[{"width":1000,"height":663,"url":"https:\/\/framtidenskarriar.se\/itdata\/wp-content\/uploads\/sites\/13\/2022\/02\/techsektor-asazetterberg4.jpg","type":"image\/jpeg"}],"author":"stellanstal","twitter_card":"summary_large_image","twitter_misc":{"Skriven av":"stellanstal","Ber\u00e4knad l\u00e4stid":"3 minuter"},"schema":{"@context":"https:\/\/schema.org","@graph":[{"@type":"Article","@id":"https:\/\/framtidenskarriar.se\/itdata\/2022\/02\/18\/visioner-kravs-for-techsektorn\/#article","isPartOf":{"@id":"https:\/\/framtidenskarriar.se\/itdata\/2022\/02\/18\/visioner-kravs-for-techsektorn\/"},"author":{"name":"stellanstal","@id":"https:\/\/framtidenskarriar.se\/itdata\/#\/schema\/person\/c8a43eb855191e573b73ecf8987a3b99"},"headline":"Visioner kr\u00e4vs f\u00f6r techsektorn","datePublished":"2022-02-18T10:28:16+00:00","dateModified":"2022-02-18T15:07:02+00:00","mainEntityOfPage":{"@id":"https:\/\/framtidenskarriar.se\/itdata\/2022\/02\/18\/visioner-kravs-for-techsektorn\/"},"wordCount":567,"commentCount":0,"image":{"@id":"https:\/\/framtidenskarriar.se\/itdata\/2022\/02\/18\/visioner-kravs-for-techsektorn\/#primaryimage"},"thumbnailUrl":"https:\/\/framtidenskarriar.se\/itdata\/wp-content\/uploads\/sites\/13\/2022\/02\/techsektor-asazetterberg4.jpg","keywords":["Digitalisering","TechSverige","Telekom \/ 5G"],"articleSection":["Artikel"],"inLanguage":"sv-SE","potentialAction":[{"@type":"CommentAction","name":"Comment","target":["https:\/\/framtidenskarriar.se\/itdata\/2022\/02\/18\/visioner-kravs-for-techsektorn\/#respond"]}]},{"@type":"WebPage","@id":"https:\/\/framtidenskarriar.se\/itdata\/2022\/02\/18\/visioner-kravs-for-techsektorn\/","url":"https:\/\/framtidenskarriar.se\/itdata\/2022\/02\/18\/visioner-kravs-for-techsektorn\/","name":"Visioner kr\u00e4vs f\u00f6r techsektorn - Framtidens karri\u00e4r IT & Data","isPartOf":{"@id":"https:\/\/framtidenskarriar.se\/itdata\/#website"},"primaryImageOfPage":{"@id":"https:\/\/framtidenskarriar.se\/itdata\/2022\/02\/18\/visioner-kravs-for-techsektorn\/#primaryimage"},"image":{"@id":"https:\/\/framtidenskarriar.se\/itdata\/2022\/02\/18\/visioner-kravs-for-techsektorn\/#primaryimage"},"thumbnailUrl":"https:\/\/framtidenskarriar.se\/itdata\/wp-content\/uploads\/sites\/13\/2022\/02\/techsektor-asazetterberg4.jpg","datePublished":"2022-02-18T10:28:16+00:00","dateModified":"2022-02-18T15:07:02+00:00","author":{"@id":"https:\/\/framtidenskarriar.se\/itdata\/#\/schema\/person\/c8a43eb855191e573b73ecf8987a3b99"},"breadcrumb":{"@id":"https:\/\/framtidenskarriar.se\/itdata\/2022\/02\/18\/visioner-kravs-for-techsektorn\/#breadcrumb"},"inLanguage":"sv-SE","potentialAction":[{"@type":"ReadAction","target":["https:\/\/framtidenskarriar.se\/itdata\/2022\/02\/18\/visioner-kravs-for-techsektorn\/"]}]},{"@type":"ImageObject","inLanguage":"sv-SE","@id":"https:\/\/framtidenskarriar.se\/itdata\/2022\/02\/18\/visioner-kravs-for-techsektorn\/#primaryimage","url":"https:\/\/framtidenskarriar.se\/itdata\/wp-content\/uploads\/sites\/13\/2022\/02\/techsektor-asazetterberg4.jpg","contentUrl":"https:\/\/framtidenskarriar.se\/itdata\/wp-content\/uploads\/sites\/13\/2022\/02\/techsektor-asazetterberg4.jpg","width":1000,"height":663},{"@type":"BreadcrumbList","@id":"https:\/\/framtidenskarriar.se\/itdata\/2022\/02\/18\/visioner-kravs-for-techsektorn\/#breadcrumb","itemListElement":[{"@type":"ListItem","position":1,"name":"Home","item":"https:\/\/framtidenskarriar.se\/itdata\/"},{"@type":"ListItem","position":2,"name":"Visioner kr\u00e4vs f\u00f6r techsektorn"}]},{"@type":"WebSite","@id":"https:\/\/framtidenskarriar.se\/itdata\/#website","url":"https:\/\/framtidenskarriar.se\/itdata\/","name":"Framtidens karri\u00e4r IT & Data","description":"Just another NMDashboard.se Sites site","potentialAction":[{"@type":"SearchAction","target":{"@type":"EntryPoint","urlTemplate":"https:\/\/framtidenskarriar.se\/itdata\/?s={search_term_string}"},"query-input":{"@type":"PropertyValueSpecification","valueRequired":true,"valueName":"search_term_string"}}],"inLanguage":"sv-SE"},{"@type":"Person","@id":"https:\/\/framtidenskarriar.se\/itdata\/#\/schema\/person\/c8a43eb855191e573b73ecf8987a3b99","name":"stellanstal","image":{"@type":"ImageObject","inLanguage":"sv-SE","@id":"https:\/\/secure.gravatar.com\/avatar\/cd330fa6bb17f598124b2068ee0b189e4fe0987a50af9d53b78410836060d0c9?s=96&d=mm&r=g","url":"https:\/\/secure.gravatar.com\/avatar\/cd330fa6bb17f598124b2068ee0b189e4fe0987a50af9d53b78410836060d0c9?s=96&d=mm&r=g","contentUrl":"https:\/\/secure.gravatar.com\/avatar\/cd330fa6bb17f598124b2068ee0b189e4fe0987a50af9d53b78410836060d0c9?s=96&d=mm&r=g","caption":"stellanstal"},"url":"https:\/\/framtidenskarriar.se\/itdata\/author\/stellanstal\/"}]}},"_links":{"self":[{"href":"https:\/\/framtidenskarriar.se\/itdata\/wp-json\/wp\/v2\/posts\/7242","targetHints":{"allow":["GET"]}}],"collection":[{"href":"https:\/\/framtidenskarriar.se\/itdata\/wp-json\/wp\/v2\/posts"}],"about":[{"href":"https:\/\/framtidenskarriar.se\/itdata\/wp-json\/wp\/v2\/types\/post"}],"author":[{"embeddable":true,"href":"https:\/\/framtidenskarriar.se\/itdata\/wp-json\/wp\/v2\/users\/3"}],"replies":[{"embeddable":true,"href":"https:\/\/framtidenskarriar.se\/itdata\/wp-json\/wp\/v2\/comments?post=7242"}],"version-history":[{"count":4,"href":"https:\/\/framtidenskarriar.se\/itdata\/wp-json\/wp\/v2\/posts\/7242\/revisions"}],"predecessor-version":[{"id":7465,"href":"https:\/\/framtidenskarriar.se\/itdata\/wp-json\/wp\/v2\/posts\/7242\/revisions\/7465"}],"wp:featuredmedia":[{"embeddable":true,"href":"https:\/\/framtidenskarriar.se\/itdata\/wp-json\/wp\/v2\/media\/7248"}],"wp:attachment":[{"href":"https:\/\/framtidenskarriar.se\/itdata\/wp-json\/wp\/v2\/media?parent=7242"}],"wp:term":[{"taxonomy":"category","embeddable":true,"href":"https:\/\/framtidenskarriar.se\/itdata\/wp-json\/wp\/v2\/categories?post=7242"},{"taxonomy":"post_tag","embeddable":true,"href":"https:\/\/framtidenskarriar.se\/itdata\/wp-json\/wp\/v2\/tags?post=7242"}],"curies":[{"name":"wp","href":"https:\/\/api.w.org\/{rel}","templated":true}]}}