{"id":7262,"date":"2022-02-18T10:40:15","date_gmt":"2022-02-18T10:40:15","guid":{"rendered":"https:\/\/framtidenskarriar.se\/itdata\/?p=7262"},"modified":"2022-02-18T10:40:17","modified_gmt":"2022-02-18T10:40:17","slug":"myndigheternas-it-medarbetare-ar-mitt-i-handelsernas-centrum","status":"publish","type":"post","link":"https:\/\/framtidenskarriar.se\/itdata\/2022\/02\/18\/myndigheternas-it-medarbetare-ar-mitt-i-handelsernas-centrum\/","title":{"rendered":"Myndigheternas it-medarbetare \u00e4r mitt i h\u00e4ndelsernas centrum"},"content":{"rendered":"\n<figure class=\"wp-block-image size-full\"><img loading=\"lazy\" decoding=\"async\" width=\"1000\" height=\"673\" src=\"https:\/\/framtidenskarriar.se\/itdata\/wp-content\/uploads\/sites\/13\/2022\/02\/statligt1-arbetsformedlingen-1.jpg\" alt=\"\" class=\"wp-image-7263\" srcset=\"https:\/\/framtidenskarriar.se\/itdata\/wp-content\/uploads\/sites\/13\/2022\/02\/statligt1-arbetsformedlingen-1.jpg 1000w, https:\/\/framtidenskarriar.se\/itdata\/wp-content\/uploads\/sites\/13\/2022\/02\/statligt1-arbetsformedlingen-1-300x202.jpg 300w, https:\/\/framtidenskarriar.se\/itdata\/wp-content\/uploads\/sites\/13\/2022\/02\/statligt1-arbetsformedlingen-1-768x517.jpg 768w, https:\/\/framtidenskarriar.se\/itdata\/wp-content\/uploads\/sites\/13\/2022\/02\/statligt1-arbetsformedlingen-1-238x160.jpg 238w, https:\/\/framtidenskarriar.se\/itdata\/wp-content\/uploads\/sites\/13\/2022\/02\/statligt1-arbetsformedlingen-1-526x354.jpg 526w, https:\/\/framtidenskarriar.se\/itdata\/wp-content\/uploads\/sites\/13\/2022\/02\/statligt1-arbetsformedlingen-1-720x485.jpg 720w, https:\/\/framtidenskarriar.se\/itdata\/wp-content\/uploads\/sites\/13\/2022\/02\/statligt1-arbetsformedlingen-1-960x646.jpg 960w\" sizes=\"auto, (max-width: 1000px) 100vw, 1000px\" \/><figcaption>Krister Dackland, it-direkt\u00f6r p\u00e5 Arbetsf\u00f6rmedlingen. Foto: Johan Marklund<\/figcaption><\/figure>\n\n\n\n<p><strong>De svenska myndigheterna befinner sig mitt i en intensiv digitaliseringsutveckling. Digitaliseringen \u00e4r den drivande kraften f\u00f6r myndigheternas verksamhetsutveckling, ett stort investeringsomr\u00e5de och ett omr\u00e5de d\u00e4r det p\u00e5g\u00e5r en l\u00e5ngsiktigt intensiv r\u00f6relse. Som systemvetare eller it-ingenj\u00f6r fyller man en nyckelfunktion i myndigheternas digitala transformation.<\/strong><\/p>\n\n\n\n<p>\u2013 Myndigheternas snabba digitaliseringstakt har f\u00f6rst\u00e5s accelererat ytterligare under pandemin, liksom anv\u00e4ndarnas krav p\u00e5 digitala tj\u00e4nster. Hur l\u00e5ngt verksamheterna har kommit varierar, men m\u00e5nga st\u00f6rre myndigheter har kommit relativt l\u00e5ngt. Processen handlar till stor del om att digitalisera och effektivisera fl\u00f6den och automatisera repetitiva moment. N\u00e4r AI och andra teknologier anv\u00e4nds f\u00f6r att optimera \u00e4rendehanteringen kan medarbetarna fokusera p\u00e5 process\u00adoptimering och mer kr\u00e4vande och komplexa arbetsuppgifter, s\u00e4ger Krister Dackland, it-direkt\u00f6r p\u00e5 Arbetsf\u00f6rmedlingen. Han har tidigare varit forskare inom akademin och it-chef p\u00e5 bland annat Tele2, Ericsson, TDC, SL och F\u00f6rs\u00e4kringskassan.<\/p>\n\n\n\n<blockquote class=\"wp-block-quote is-layout-flow wp-block-quote-is-layout-flow\"><p>&#8221;P\u00e5 myndigheter f\u00e5r man vara med och utveckla tj\u00e4nster som verkligen g\u00f6r skillnad.&#8221;<\/p><\/blockquote>\n\n\n\n<p><strong>Underl\u00e4ttar m\u00e4nniskors vardag<\/strong><br>P\u00e5 Arbetsf\u00f6rmedlingen p\u00e5g\u00e5r ett arbete med att byta ut samtliga tekniska system och implementera ett processtyrt och fl\u00f6desorienterat arbetss\u00e4tt.<br>\u2013 I dagsl\u00e4get hanteras drygt 35 procent av alla \u00e4renden via v\u00e5r digitala plattform. M\u00e5let \u00e4r att komma upp till s\u00e5 n\u00e4ra 100 procent det g\u00e5r, s\u00e4ger Krister Dackland.<br>Han rekommenderar dataingenj\u00f6rer och systemvetare med ett genuint samh\u00e4llsintresse och en vilja att vara en viktig byggsten i ett st\u00f6rre samh\u00e4llsbygge att s\u00f6ka sig till myndighetssf\u00e4ren.<br>\u2013 P\u00e5 myndigheter f\u00e5r man vara med och utveckla tj\u00e4nster som verkligen g\u00f6r skillnad och underl\u00e4ttar m\u00e5nga m\u00e4nniskors vardag. Som it-medarbetare p\u00e5 en myndighet har man med andra ord en unik m\u00f6jlighet att vara med och f\u00f6rflytta hela verksamheten in i framtiden, s\u00e4ger Krister Dackland.<\/p>\n\n\n\n<p><strong>Dataanalytiker efterfr\u00e5gas<\/strong><br>M\u00e5nga myndigheter har stora it-avdelningar och rekryterar d\u00e4rmed relativt brett. N\u00e5gra av it-kompetenser som efterfr\u00e5gas mest \u00e4r tj\u00e4nstedesigners, it-medarbetare med juridisk kompetens, mjukvaruutvecklare, tekniker, dataanalytiker och informationss\u00e4kerhetsspecialister. Eftersom allt fler myndigheter till\u00e4mpar agila arbetss\u00e4tt \u00e4r erfarenhet av agilitet ocks\u00e5 mycket efterfr\u00e5gat.<br>\u2013 F\u00f6r it-medarbetare som vill utvecklas till specialister har myndigheterna mycket att erbjuda. Som designer kan man exempelvis vidareutvecklas till systemarkitekt, informationsarkitekt eller s\u00e4kerhetsarkitekt. M\u00e5nga v\u00e4xlar ocks\u00e5 mellan att arbeta p\u00e5 flera olika myndigheter, s\u00e4ger Krister Dackland.<\/p>\n","protected":false},"excerpt":{"rendered":"<p>De svenska myndigheterna befinner sig mitt i en intensiv digitaliseringsutveckling.<\/p>\n","protected":false},"author":3,"featured_media":7263,"comment_status":"open","ping_status":"open","sticky":false,"template":"","format":"standard","meta":{"_acf_changed":false,"_monsterinsights_skip_tracking":false,"_monsterinsights_sitenote_active":false,"_monsterinsights_sitenote_note":"","_monsterinsights_sitenote_category":0,"footnotes":""},"categories":[1],"tags":[25,307,140,181,241],"class_list":["post-7262","post","type-post","status-publish","format-standard","has-post-thumbnail","hentry","category-artikel","tag-arbetsformedlingen","tag-digitaliseringsutveckling","tag-jobba-statligt","tag-myndighet","tag-statligt"],"acf":[],"yoast_head":"<!-- This site is optimized with the Yoast SEO plugin v27.3 - https:\/\/yoast.com\/product\/yoast-seo-wordpress\/ -->\n<title>Myndigheternas it-medarbetare \u00e4r mitt i h\u00e4ndelsernas centrum - Framtidens karri\u00e4r IT &amp; Data<\/title>\n<meta name=\"robots\" content=\"index, follow, max-snippet:-1, max-image-preview:large, max-video-preview:-1\" \/>\n<link rel=\"canonical\" href=\"https:\/\/framtidenskarriar.se\/itdata\/2022\/02\/18\/myndigheternas-it-medarbetare-ar-mitt-i-handelsernas-centrum\/\" \/>\n<meta property=\"og:locale\" content=\"sv_SE\" \/>\n<meta property=\"og:type\" content=\"article\" \/>\n<meta property=\"og:title\" content=\"Myndigheternas it-medarbetare \u00e4r mitt i h\u00e4ndelsernas centrum - Framtidens karri\u00e4r IT &amp; Data\" \/>\n<meta property=\"og:description\" content=\"De svenska myndigheterna befinner sig mitt i en intensiv digitaliseringsutveckling.\" \/>\n<meta property=\"og:url\" content=\"https:\/\/framtidenskarriar.se\/itdata\/2022\/02\/18\/myndigheternas-it-medarbetare-ar-mitt-i-handelsernas-centrum\/\" \/>\n<meta property=\"og:site_name\" content=\"Framtidens karri\u00e4r IT &amp; Data\" \/>\n<meta property=\"article:published_time\" content=\"2022-02-18T10:40:15+00:00\" \/>\n<meta property=\"article:modified_time\" content=\"2022-02-18T10:40:17+00:00\" \/>\n<meta property=\"og:image\" content=\"https:\/\/framtidenskarriar.se\/itdata\/wp-content\/uploads\/sites\/13\/2022\/02\/statligt1-arbetsformedlingen-1.jpg\" \/>\n\t<meta property=\"og:image:width\" content=\"1000\" \/>\n\t<meta property=\"og:image:height\" content=\"673\" \/>\n\t<meta property=\"og:image:type\" content=\"image\/jpeg\" \/>\n<meta name=\"author\" content=\"stellanstal\" \/>\n<meta name=\"twitter:card\" content=\"summary_large_image\" \/>\n<meta name=\"twitter:label1\" content=\"Skriven av\" \/>\n\t<meta name=\"twitter:data1\" content=\"stellanstal\" \/>\n\t<meta name=\"twitter:label2\" content=\"Ber\u00e4knad l\u00e4stid\" \/>\n\t<meta name=\"twitter:data2\" content=\"2 minuter\" \/>\n<script type=\"application\/ld+json\" class=\"yoast-schema-graph\">{\"@context\":\"https:\\\/\\\/schema.org\",\"@graph\":[{\"@type\":\"Article\",\"@id\":\"https:\\\/\\\/framtidenskarriar.se\\\/itdata\\\/2022\\\/02\\\/18\\\/myndigheternas-it-medarbetare-ar-mitt-i-handelsernas-centrum\\\/#article\",\"isPartOf\":{\"@id\":\"https:\\\/\\\/framtidenskarriar.se\\\/itdata\\\/2022\\\/02\\\/18\\\/myndigheternas-it-medarbetare-ar-mitt-i-handelsernas-centrum\\\/\"},\"author\":{\"name\":\"stellanstal\",\"@id\":\"https:\\\/\\\/framtidenskarriar.se\\\/itdata\\\/#\\\/schema\\\/person\\\/c8a43eb855191e573b73ecf8987a3b99\"},\"headline\":\"Myndigheternas it-medarbetare \u00e4r mitt i h\u00e4ndelsernas centrum\",\"datePublished\":\"2022-02-18T10:40:15+00:00\",\"dateModified\":\"2022-02-18T10:40:17+00:00\",\"mainEntityOfPage\":{\"@id\":\"https:\\\/\\\/framtidenskarriar.se\\\/itdata\\\/2022\\\/02\\\/18\\\/myndigheternas-it-medarbetare-ar-mitt-i-handelsernas-centrum\\\/\"},\"wordCount\":434,\"commentCount\":0,\"image\":{\"@id\":\"https:\\\/\\\/framtidenskarriar.se\\\/itdata\\\/2022\\\/02\\\/18\\\/myndigheternas-it-medarbetare-ar-mitt-i-handelsernas-centrum\\\/#primaryimage\"},\"thumbnailUrl\":\"https:\\\/\\\/framtidenskarriar.se\\\/itdata\\\/wp-content\\\/uploads\\\/sites\\\/13\\\/2022\\\/02\\\/statligt1-arbetsformedlingen-1.jpg\",\"keywords\":[\"Arbetsf\u00f6rmedlingen\",\"Digitaliseringsutveckling\",\"Jobba statligt\",\"Myndighet\",\"Statligt\"],\"articleSection\":[\"Artikel\"],\"inLanguage\":\"sv-SE\",\"potentialAction\":[{\"@type\":\"CommentAction\",\"name\":\"Comment\",\"target\":[\"https:\\\/\\\/framtidenskarriar.se\\\/itdata\\\/2022\\\/02\\\/18\\\/myndigheternas-it-medarbetare-ar-mitt-i-handelsernas-centrum\\\/#respond\"]}]},{\"@type\":\"WebPage\",\"@id\":\"https:\\\/\\\/framtidenskarriar.se\\\/itdata\\\/2022\\\/02\\\/18\\\/myndigheternas-it-medarbetare-ar-mitt-i-handelsernas-centrum\\\/\",\"url\":\"https:\\\/\\\/framtidenskarriar.se\\\/itdata\\\/2022\\\/02\\\/18\\\/myndigheternas-it-medarbetare-ar-mitt-i-handelsernas-centrum\\\/\",\"name\":\"Myndigheternas it-medarbetare \u00e4r mitt i h\u00e4ndelsernas centrum - Framtidens karri\u00e4r IT & Data\",\"isPartOf\":{\"@id\":\"https:\\\/\\\/framtidenskarriar.se\\\/itdata\\\/#website\"},\"primaryImageOfPage\":{\"@id\":\"https:\\\/\\\/framtidenskarriar.se\\\/itdata\\\/2022\\\/02\\\/18\\\/myndigheternas-it-medarbetare-ar-mitt-i-handelsernas-centrum\\\/#primaryimage\"},\"image\":{\"@id\":\"https:\\\/\\\/framtidenskarriar.se\\\/itdata\\\/2022\\\/02\\\/18\\\/myndigheternas-it-medarbetare-ar-mitt-i-handelsernas-centrum\\\/#primaryimage\"},\"thumbnailUrl\":\"https:\\\/\\\/framtidenskarriar.se\\\/itdata\\\/wp-content\\\/uploads\\\/sites\\\/13\\\/2022\\\/02\\\/statligt1-arbetsformedlingen-1.jpg\",\"datePublished\":\"2022-02-18T10:40:15+00:00\",\"dateModified\":\"2022-02-18T10:40:17+00:00\",\"author\":{\"@id\":\"https:\\\/\\\/framtidenskarriar.se\\\/itdata\\\/#\\\/schema\\\/person\\\/c8a43eb855191e573b73ecf8987a3b99\"},\"breadcrumb\":{\"@id\":\"https:\\\/\\\/framtidenskarriar.se\\\/itdata\\\/2022\\\/02\\\/18\\\/myndigheternas-it-medarbetare-ar-mitt-i-handelsernas-centrum\\\/#breadcrumb\"},\"inLanguage\":\"sv-SE\",\"potentialAction\":[{\"@type\":\"ReadAction\",\"target\":[\"https:\\\/\\\/framtidenskarriar.se\\\/itdata\\\/2022\\\/02\\\/18\\\/myndigheternas-it-medarbetare-ar-mitt-i-handelsernas-centrum\\\/\"]}]},{\"@type\":\"ImageObject\",\"inLanguage\":\"sv-SE\",\"@id\":\"https:\\\/\\\/framtidenskarriar.se\\\/itdata\\\/2022\\\/02\\\/18\\\/myndigheternas-it-medarbetare-ar-mitt-i-handelsernas-centrum\\\/#primaryimage\",\"url\":\"https:\\\/\\\/framtidenskarriar.se\\\/itdata\\\/wp-content\\\/uploads\\\/sites\\\/13\\\/2022\\\/02\\\/statligt1-arbetsformedlingen-1.jpg\",\"contentUrl\":\"https:\\\/\\\/framtidenskarriar.se\\\/itdata\\\/wp-content\\\/uploads\\\/sites\\\/13\\\/2022\\\/02\\\/statligt1-arbetsformedlingen-1.jpg\",\"width\":1000,\"height\":673,\"caption\":\"Arbetsf\u00f6rmedlingen, Krister Dackland\"},{\"@type\":\"BreadcrumbList\",\"@id\":\"https:\\\/\\\/framtidenskarriar.se\\\/itdata\\\/2022\\\/02\\\/18\\\/myndigheternas-it-medarbetare-ar-mitt-i-handelsernas-centrum\\\/#breadcrumb\",\"itemListElement\":[{\"@type\":\"ListItem\",\"position\":1,\"name\":\"Home\",\"item\":\"https:\\\/\\\/framtidenskarriar.se\\\/itdata\\\/\"},{\"@type\":\"ListItem\",\"position\":2,\"name\":\"Myndigheternas it-medarbetare \u00e4r mitt i h\u00e4ndelsernas centrum\"}]},{\"@type\":\"WebSite\",\"@id\":\"https:\\\/\\\/framtidenskarriar.se\\\/itdata\\\/#website\",\"url\":\"https:\\\/\\\/framtidenskarriar.se\\\/itdata\\\/\",\"name\":\"Framtidens karri\u00e4r IT & Data\",\"description\":\"Just another NMDashboard.se Sites site\",\"potentialAction\":[{\"@type\":\"SearchAction\",\"target\":{\"@type\":\"EntryPoint\",\"urlTemplate\":\"https:\\\/\\\/framtidenskarriar.se\\\/itdata\\\/?s={search_term_string}\"},\"query-input\":{\"@type\":\"PropertyValueSpecification\",\"valueRequired\":true,\"valueName\":\"search_term_string\"}}],\"inLanguage\":\"sv-SE\"},{\"@type\":\"Person\",\"@id\":\"https:\\\/\\\/framtidenskarriar.se\\\/itdata\\\/#\\\/schema\\\/person\\\/c8a43eb855191e573b73ecf8987a3b99\",\"name\":\"stellanstal\",\"image\":{\"@type\":\"ImageObject\",\"inLanguage\":\"sv-SE\",\"@id\":\"https:\\\/\\\/secure.gravatar.com\\\/avatar\\\/cd330fa6bb17f598124b2068ee0b189e4fe0987a50af9d53b78410836060d0c9?s=96&d=mm&r=g\",\"url\":\"https:\\\/\\\/secure.gravatar.com\\\/avatar\\\/cd330fa6bb17f598124b2068ee0b189e4fe0987a50af9d53b78410836060d0c9?s=96&d=mm&r=g\",\"contentUrl\":\"https:\\\/\\\/secure.gravatar.com\\\/avatar\\\/cd330fa6bb17f598124b2068ee0b189e4fe0987a50af9d53b78410836060d0c9?s=96&d=mm&r=g\",\"caption\":\"stellanstal\"},\"url\":\"https:\\\/\\\/framtidenskarriar.se\\\/itdata\\\/author\\\/stellanstal\\\/\"}]}<\/script>\n<!-- \/ Yoast SEO plugin. -->","yoast_head_json":{"title":"Myndigheternas it-medarbetare \u00e4r mitt i h\u00e4ndelsernas centrum - Framtidens karri\u00e4r IT & Data","robots":{"index":"index","follow":"follow","max-snippet":"max-snippet:-1","max-image-preview":"max-image-preview:large","max-video-preview":"max-video-preview:-1"},"canonical":"https:\/\/framtidenskarriar.se\/itdata\/2022\/02\/18\/myndigheternas-it-medarbetare-ar-mitt-i-handelsernas-centrum\/","og_locale":"sv_SE","og_type":"article","og_title":"Myndigheternas it-medarbetare \u00e4r mitt i h\u00e4ndelsernas centrum - Framtidens karri\u00e4r IT & Data","og_description":"De svenska myndigheterna befinner sig mitt i en intensiv digitaliseringsutveckling.","og_url":"https:\/\/framtidenskarriar.se\/itdata\/2022\/02\/18\/myndigheternas-it-medarbetare-ar-mitt-i-handelsernas-centrum\/","og_site_name":"Framtidens karri\u00e4r IT & Data","article_published_time":"2022-02-18T10:40:15+00:00","article_modified_time":"2022-02-18T10:40:17+00:00","og_image":[{"width":1000,"height":673,"url":"https:\/\/framtidenskarriar.se\/itdata\/wp-content\/uploads\/sites\/13\/2022\/02\/statligt1-arbetsformedlingen-1.jpg","type":"image\/jpeg"}],"author":"stellanstal","twitter_card":"summary_large_image","twitter_misc":{"Skriven av":"stellanstal","Ber\u00e4knad l\u00e4stid":"2 minuter"},"schema":{"@context":"https:\/\/schema.org","@graph":[{"@type":"Article","@id":"https:\/\/framtidenskarriar.se\/itdata\/2022\/02\/18\/myndigheternas-it-medarbetare-ar-mitt-i-handelsernas-centrum\/#article","isPartOf":{"@id":"https:\/\/framtidenskarriar.se\/itdata\/2022\/02\/18\/myndigheternas-it-medarbetare-ar-mitt-i-handelsernas-centrum\/"},"author":{"name":"stellanstal","@id":"https:\/\/framtidenskarriar.se\/itdata\/#\/schema\/person\/c8a43eb855191e573b73ecf8987a3b99"},"headline":"Myndigheternas it-medarbetare \u00e4r mitt i h\u00e4ndelsernas centrum","datePublished":"2022-02-18T10:40:15+00:00","dateModified":"2022-02-18T10:40:17+00:00","mainEntityOfPage":{"@id":"https:\/\/framtidenskarriar.se\/itdata\/2022\/02\/18\/myndigheternas-it-medarbetare-ar-mitt-i-handelsernas-centrum\/"},"wordCount":434,"commentCount":0,"image":{"@id":"https:\/\/framtidenskarriar.se\/itdata\/2022\/02\/18\/myndigheternas-it-medarbetare-ar-mitt-i-handelsernas-centrum\/#primaryimage"},"thumbnailUrl":"https:\/\/framtidenskarriar.se\/itdata\/wp-content\/uploads\/sites\/13\/2022\/02\/statligt1-arbetsformedlingen-1.jpg","keywords":["Arbetsf\u00f6rmedlingen","Digitaliseringsutveckling","Jobba statligt","Myndighet","Statligt"],"articleSection":["Artikel"],"inLanguage":"sv-SE","potentialAction":[{"@type":"CommentAction","name":"Comment","target":["https:\/\/framtidenskarriar.se\/itdata\/2022\/02\/18\/myndigheternas-it-medarbetare-ar-mitt-i-handelsernas-centrum\/#respond"]}]},{"@type":"WebPage","@id":"https:\/\/framtidenskarriar.se\/itdata\/2022\/02\/18\/myndigheternas-it-medarbetare-ar-mitt-i-handelsernas-centrum\/","url":"https:\/\/framtidenskarriar.se\/itdata\/2022\/02\/18\/myndigheternas-it-medarbetare-ar-mitt-i-handelsernas-centrum\/","name":"Myndigheternas it-medarbetare \u00e4r mitt i h\u00e4ndelsernas centrum - Framtidens karri\u00e4r IT & Data","isPartOf":{"@id":"https:\/\/framtidenskarriar.se\/itdata\/#website"},"primaryImageOfPage":{"@id":"https:\/\/framtidenskarriar.se\/itdata\/2022\/02\/18\/myndigheternas-it-medarbetare-ar-mitt-i-handelsernas-centrum\/#primaryimage"},"image":{"@id":"https:\/\/framtidenskarriar.se\/itdata\/2022\/02\/18\/myndigheternas-it-medarbetare-ar-mitt-i-handelsernas-centrum\/#primaryimage"},"thumbnailUrl":"https:\/\/framtidenskarriar.se\/itdata\/wp-content\/uploads\/sites\/13\/2022\/02\/statligt1-arbetsformedlingen-1.jpg","datePublished":"2022-02-18T10:40:15+00:00","dateModified":"2022-02-18T10:40:17+00:00","author":{"@id":"https:\/\/framtidenskarriar.se\/itdata\/#\/schema\/person\/c8a43eb855191e573b73ecf8987a3b99"},"breadcrumb":{"@id":"https:\/\/framtidenskarriar.se\/itdata\/2022\/02\/18\/myndigheternas-it-medarbetare-ar-mitt-i-handelsernas-centrum\/#breadcrumb"},"inLanguage":"sv-SE","potentialAction":[{"@type":"ReadAction","target":["https:\/\/framtidenskarriar.se\/itdata\/2022\/02\/18\/myndigheternas-it-medarbetare-ar-mitt-i-handelsernas-centrum\/"]}]},{"@type":"ImageObject","inLanguage":"sv-SE","@id":"https:\/\/framtidenskarriar.se\/itdata\/2022\/02\/18\/myndigheternas-it-medarbetare-ar-mitt-i-handelsernas-centrum\/#primaryimage","url":"https:\/\/framtidenskarriar.se\/itdata\/wp-content\/uploads\/sites\/13\/2022\/02\/statligt1-arbetsformedlingen-1.jpg","contentUrl":"https:\/\/framtidenskarriar.se\/itdata\/wp-content\/uploads\/sites\/13\/2022\/02\/statligt1-arbetsformedlingen-1.jpg","width":1000,"height":673,"caption":"Arbetsf\u00f6rmedlingen, Krister Dackland"},{"@type":"BreadcrumbList","@id":"https:\/\/framtidenskarriar.se\/itdata\/2022\/02\/18\/myndigheternas-it-medarbetare-ar-mitt-i-handelsernas-centrum\/#breadcrumb","itemListElement":[{"@type":"ListItem","position":1,"name":"Home","item":"https:\/\/framtidenskarriar.se\/itdata\/"},{"@type":"ListItem","position":2,"name":"Myndigheternas it-medarbetare \u00e4r mitt i h\u00e4ndelsernas centrum"}]},{"@type":"WebSite","@id":"https:\/\/framtidenskarriar.se\/itdata\/#website","url":"https:\/\/framtidenskarriar.se\/itdata\/","name":"Framtidens karri\u00e4r IT & Data","description":"Just another NMDashboard.se Sites site","potentialAction":[{"@type":"SearchAction","target":{"@type":"EntryPoint","urlTemplate":"https:\/\/framtidenskarriar.se\/itdata\/?s={search_term_string}"},"query-input":{"@type":"PropertyValueSpecification","valueRequired":true,"valueName":"search_term_string"}}],"inLanguage":"sv-SE"},{"@type":"Person","@id":"https:\/\/framtidenskarriar.se\/itdata\/#\/schema\/person\/c8a43eb855191e573b73ecf8987a3b99","name":"stellanstal","image":{"@type":"ImageObject","inLanguage":"sv-SE","@id":"https:\/\/secure.gravatar.com\/avatar\/cd330fa6bb17f598124b2068ee0b189e4fe0987a50af9d53b78410836060d0c9?s=96&d=mm&r=g","url":"https:\/\/secure.gravatar.com\/avatar\/cd330fa6bb17f598124b2068ee0b189e4fe0987a50af9d53b78410836060d0c9?s=96&d=mm&r=g","contentUrl":"https:\/\/secure.gravatar.com\/avatar\/cd330fa6bb17f598124b2068ee0b189e4fe0987a50af9d53b78410836060d0c9?s=96&d=mm&r=g","caption":"stellanstal"},"url":"https:\/\/framtidenskarriar.se\/itdata\/author\/stellanstal\/"}]}},"_links":{"self":[{"href":"https:\/\/framtidenskarriar.se\/itdata\/wp-json\/wp\/v2\/posts\/7262","targetHints":{"allow":["GET"]}}],"collection":[{"href":"https:\/\/framtidenskarriar.se\/itdata\/wp-json\/wp\/v2\/posts"}],"about":[{"href":"https:\/\/framtidenskarriar.se\/itdata\/wp-json\/wp\/v2\/types\/post"}],"author":[{"embeddable":true,"href":"https:\/\/framtidenskarriar.se\/itdata\/wp-json\/wp\/v2\/users\/3"}],"replies":[{"embeddable":true,"href":"https:\/\/framtidenskarriar.se\/itdata\/wp-json\/wp\/v2\/comments?post=7262"}],"version-history":[{"count":3,"href":"https:\/\/framtidenskarriar.se\/itdata\/wp-json\/wp\/v2\/posts\/7262\/revisions"}],"predecessor-version":[{"id":7269,"href":"https:\/\/framtidenskarriar.se\/itdata\/wp-json\/wp\/v2\/posts\/7262\/revisions\/7269"}],"wp:featuredmedia":[{"embeddable":true,"href":"https:\/\/framtidenskarriar.se\/itdata\/wp-json\/wp\/v2\/media\/7263"}],"wp:attachment":[{"href":"https:\/\/framtidenskarriar.se\/itdata\/wp-json\/wp\/v2\/media?parent=7262"}],"wp:term":[{"taxonomy":"category","embeddable":true,"href":"https:\/\/framtidenskarriar.se\/itdata\/wp-json\/wp\/v2\/categories?post=7262"},{"taxonomy":"post_tag","embeddable":true,"href":"https:\/\/framtidenskarriar.se\/itdata\/wp-json\/wp\/v2\/tags?post=7262"}],"curies":[{"name":"wp","href":"https:\/\/api.w.org\/{rel}","templated":true}]}}