{"id":7264,"date":"2022-02-18T10:43:40","date_gmt":"2022-02-18T10:43:40","guid":{"rendered":"https:\/\/framtidenskarriar.se\/itdata\/?p=7264"},"modified":"2023-02-14T11:13:34","modified_gmt":"2023-02-14T11:13:34","slug":"modernisering-som-ger-dubbel-utveckling","status":"publish","type":"post","link":"https:\/\/framtidenskarriar.se\/itdata\/2022\/02\/18\/modernisering-som-ger-dubbel-utveckling\/","title":{"rendered":"Modernisering som ger dubbel utveckling"},"content":{"rendered":"\n<figure class=\"wp-block-image size-full\"><img loading=\"lazy\" decoding=\"async\" width=\"1000\" height=\"668\" src=\"https:\/\/framtidenskarriar.se\/itdata\/wp-content\/uploads\/sites\/13\/2022\/02\/folksam-6.jpg\" alt=\"Rickard Hallin, enterprise architect och Meridjaan Lysmar, Scrum master p\u00e5 Folksam. Foto: Johan Marklund\" class=\"wp-image-7270\" srcset=\"https:\/\/framtidenskarriar.se\/itdata\/wp-content\/uploads\/sites\/13\/2022\/02\/folksam-6.jpg 1000w, https:\/\/framtidenskarriar.se\/itdata\/wp-content\/uploads\/sites\/13\/2022\/02\/folksam-6-300x200.jpg 300w, https:\/\/framtidenskarriar.se\/itdata\/wp-content\/uploads\/sites\/13\/2022\/02\/folksam-6-768x513.jpg 768w, https:\/\/framtidenskarriar.se\/itdata\/wp-content\/uploads\/sites\/13\/2022\/02\/folksam-6-240x160.jpg 240w, https:\/\/framtidenskarriar.se\/itdata\/wp-content\/uploads\/sites\/13\/2022\/02\/folksam-6-526x351.jpg 526w, https:\/\/framtidenskarriar.se\/itdata\/wp-content\/uploads\/sites\/13\/2022\/02\/folksam-6-720x481.jpg 720w, https:\/\/framtidenskarriar.se\/itdata\/wp-content\/uploads\/sites\/13\/2022\/02\/folksam-6-960x641.jpg 960w\" sizes=\"auto, (max-width: 1000px) 100vw, 1000px\" \/><figcaption class=\"wp-element-caption\">Rickard Hallin, enterprise architect och Meridjaan Lysmar, Scrum master p\u00e5 Folksam. Foto: Johan Marklund<\/figcaption><\/figure>\n\n\n\n<p><strong>F\u00f6rs\u00e4kringsbolaget Folksam \u00e4r mitt i en moderniseringsresa. F\u00f6r den som vill f\u00f6lja med finns alla m\u00f6jligheter till utveckling \u2013 b\u00e5de teknisk och personlig.<\/strong><\/p>\n\n\n\n<p>Folksam \u00e4r ett av landets \u00e4ldsta och mest k\u00e4nda f\u00f6rs\u00e4kringsbolag. Det \u00e4r ett m\u00e5ngsidigt f\u00f6retag med en omfattande teknikpark som erbjuder mycket att l\u00e4ra. H\u00e4r finns b\u00e5de moderna contain\u00aderplattformar och molntj\u00e4nster, och tekniker och plattformar som utvecklades p\u00e5 60-talet. Idag \u00e4r f\u00f6retaget mitt i en omfattande modernisering.<br>\u2013 Vi arbetar med att hitta m\u00f6jligheter att digitalisera oss i alla avseenden. Och det h\u00e4nder saker p\u00e5 alla fronter; internt, externt och inom b\u00e5de pension och sak- och livf\u00f6rs\u00e4kring, ber\u00e4ttar Rickard Hallin, enterprise architect p\u00e5 Folksam sedan 2019.<br>Det handlar om konsolidering av plattformar, framtidss\u00e4kring av drift, kontinuitetsfunktionalitet, skalbarhet och tillg\u00e5ng till moderna tj\u00e4nster i publika moln.<br>\u2013 Vi vill helt enkelt hitta de smart\u00adaste, mest optimerade och kostnads\u00adeffektiva l\u00f6sningarna som st\u00f6ttar b\u00e5de v\u00e5ra och alla kunders behov. Vare sig en kund \u00e4r p\u00e5 webben, i en app eller i en integrerad l\u00f6sning mot en v\u00e5ra partners, ska man kunna utf\u00f6ra sitt \u00e4rende snabbare. Och samtidigt k\u00e4nna sig trygg i att man kan lita p\u00e5 de tj\u00e4nster man nyttjar, s\u00e4ger Rickard.<\/p>\n\n\n\n<p class=\"has-color-white-01-color has-text-color has-background\" style=\"background-color:#003148\"><strong><a href=\"https:\/\/www.folksam.se\/jobb-och-karriar\/it-jobb\" title=\"Folksam VT22 pres jobb ans\u00f6k\" target=\"_blank\" rel=\"noreferrer noopener\">Vill du utveckla innovativa IT-l\u00f6sningar i ett f\u00f6retag med b\u00e5de hj\u00e4rta och hj\u00e4rna? <span style=\"text-decoration: underline;\">Klicka h\u00e4r f\u00f6r att l\u00e4sa mer och se v\u00e5ra lediga tj\u00e4nster<\/span><\/a><\/strong><\/p>\n\n\n\n<p><strong>Beh\u00f6ver bli fler<\/strong><br>Mycket har redan h\u00e4nt i utvecklingen och Folksam ligger idag i m\u00e5nga avseenden i framkant. Till exempel genom f\u00f6rflyttningen mot OpenShift och anv\u00e4ndningen av React inom front end. Men det \u00e4r en l\u00e5ng resa kvar och med ett s\u00e5 omfattande digitaliseringsarbete v\u00e4xer givetvis behovet av fler kompetenta kollegor. Det finns ett stort behov av systemutvecklare och tekniskt bevandrad kompetens inom automation, dev ops, integration och mycket mer.<br>\u2013 Vi beh\u00f6ver fler kollegor som kan hj\u00e4lpa oss att fokusera p\u00e5 publikt moln, containerplattformar, integrationstekniker och identitetsl\u00f6sningar, s\u00e4ger Rickard.<br>Det \u00e4r ett utvecklande arbete som utlovas. Och det g\u00e4ller inte bara ur ett tekniskt perspektiv.<br>\u2013 Att vara med p\u00e5 den h\u00e4r f\u00f6rflyttningen \u00e4r verkligen sp\u00e4nnande. Man f\u00e5r vara med och best\u00e4mma hur vi ska n\u00e5 de uppsatta m\u00e5len och sen jobba f\u00f6r att komma dit p\u00e5 b\u00e4sta s\u00e4tt. M\u00e5let \u00e4r att mer ska vara i molnet, men det finns ju flera olika s\u00e4tt att komma dit. Att f\u00e5 b\u00e5de p\u00e5verka och bidra i det arbetet k\u00e4nns v\u00e4ldigt roligt och kreativt, s\u00e4ger Rickard.<br>Han f\u00e5r medh\u00e5ll av kollegan Meridjaan Lysmar. Hon kom till Folksam som systemutvecklare och \u00e4r idag nybliven Scrum master i ett team som arbetar med att s\u00e4kerst\u00e4lla en effektiv och relevant kundkommunikation och marknadsf\u00f6ring.<br>\u2013 P\u00e5 de tre \u00e5r jag varit h\u00e4r har jag l\u00e4rt mig otroligt mycket, s\u00e4ger Meridjaan.<\/p>\n\n\n\n<p><strong>Gener\u00f6sa m\u00f6jligheter<\/strong><br>Det var bara ett halv\u00e5r sedan hon k\u00e4nde att hon ville utvecklas och f\u00f6rflytta sig mot managerh\u00e5llet. En ambition som fick tydligt geh\u00f6r hos hennes chef. N\u00e4r en scrum master-tj\u00e4nst blev tillg\u00e4nglig, rekommenderade han henne att s\u00f6ka.<br>\u2013 Jag fick g\u00e5 en kurs och n\u00e5gra dagar senare var det bara att k\u00f6ra, s\u00e4ger hon.<br>\u2013 Vet man vad man vill g\u00f6ra och vad man vill utveckla sig mot, s\u00e5 \u00e4r det b\u00e5de enkelt och oerh\u00f6rt uppskattat h\u00e4r.<br>Genom avtal med externa akt\u00f6rer som Crisp och Berghs har alla medarbetare inom Folksam tillg\u00e5ng till h\u00f6gkvalitativa kurser f\u00f6r att utvecklas. Inom IT erbjuds ocks\u00e5 \u00e5tta timmar l\u00e4rande per vecka.<br>\u2013 Vi uppmanas f\u00f6rnya oss och l\u00e4ra oss mer f\u00f6r att kunna sk\u00f6ta digitaliseringen s\u00e5 bra som m\u00f6jligt. Kurserna vi erbjuds \u00e4r bara en del av det, s\u00e4ger hon.<br>\u2013 Det kan ocks\u00e5 handla om att f\u00f6rkovra sig p\u00e5 egen hand, forts\u00e4tter Rickard. Eftersom Folksam har funnits s\u00e5 l\u00e4nge finns det en otrolig bredd av b\u00e5de nya och \u00e4ldre tekniker att l\u00e4ra sig av. S\u00e5 det finns alla m\u00f6jligheter att b\u00e5de utveckla och bredda sin kompetens h\u00e4r.<br>\u2013 Det \u00e4r en utvecklande och rolig arbetsplats med h\u00e4rliga kollegor och ett f\u00f6retag med bra v\u00e4rderingar. Eftersom Folksam \u00e4r s\u00e5 stort kan vi p\u00e5verka genom att investera v\u00e5ra kunders pengar p\u00e5 ett h\u00e5llbart s\u00e4tt och jag k\u00e4nner verkligen att jag kan st\u00e5 bakom det som g\u00f6rs, s\u00e4ger Meridjaan.<\/p>\n\n\n\n<p class=\"has-color-white-01-color has-text-color has-background\" style=\"background-color:#003148\"><strong><a href=\"https:\/\/www.folksam.se\/jobb-och-karriar\/it-jobb\" title=\"Folksam VT22 pres jobb ans\u00f6k\" target=\"_blank\" rel=\"noreferrer noopener\">Vill du utveckla innovativa IT-l\u00f6sningar i ett f\u00f6retag med b\u00e5de hj\u00e4rta och hj\u00e4rna? <span style=\"text-decoration: underline;\">Klicka h\u00e4r f\u00f6r att l\u00e4sa mer och se v\u00e5ra lediga tj\u00e4nster<\/span><\/a><\/strong><\/p>\n\n\n\n<div class=\"wp-block-group faktaruta\"><div class=\"wp-block-group__inner-container is-layout-flow wp-block-group-is-layout-flow\">\n<h6 class=\"wp-block-heading\" id=\"folksam\">Folksam<\/h6>\n\n\n\n<p>Folksam \u00e4r ett av de st\u00f6rsta f\u00f6rs\u00e4kringsbolagen i Sverige. Huvud\u00adkontoret finns i Folksamhuset p\u00e5 S\u00f6dermalm i Stockholm. Folksamgruppen best\u00e5r av de tv\u00e5 \u00f6msesidiga koncernerna Folksam Sak och Folksam Liv samt flera dotterbolag, bland andra KPA Pension och Folksam LO Pension. Folksam grundades 1908 och har idag n\u00e4stan 4000 anst\u00e4llda varav drygt 600 inom IT.<br><br><strong><a href=\"https:\/\/www.folksam.se\/\" title=\"Folksam VT22 pres textlink\" target=\"_blank\" rel=\"noreferrer noopener\">www.folksam.se<\/a><\/strong><br><br><a href=\"https:\/\/www.folksam.se\/\" title=\"Folksam VT22 pres logotype\" target=\"_blank\" rel=\"noreferrer noopener\"><img loading=\"lazy\" decoding=\"async\" width=\"150\" height=\"32\" class=\"wp-image-7268\" style=\"width: 150px;\" src=\"https:\/\/framtidenskarriar.se\/itdata\/wp-content\/uploads\/sites\/13\/2022\/02\/folksam-logo-cyan-rgb.png\" alt=\"\" srcset=\"https:\/\/framtidenskarriar.se\/itdata\/wp-content\/uploads\/sites\/13\/2022\/02\/folksam-logo-cyan-rgb.png 500w, https:\/\/framtidenskarriar.se\/itdata\/wp-content\/uploads\/sites\/13\/2022\/02\/folksam-logo-cyan-rgb-300x65.png 300w\" sizes=\"auto, (max-width: 150px) 100vw, 150px\" \/><\/a><\/p>\n<\/div><\/div>\n","protected":false},"excerpt":{"rendered":"<p>Alla m\u00f6jligheter till utveckling \u2013 b\u00e5de teknisk och personlig.<\/p>\n","protected":false},"author":2,"featured_media":7270,"comment_status":"open","ping_status":"open","sticky":false,"template":"","format":"standard","meta":{"_acf_changed":false,"_monsterinsights_skip_tracking":false,"_monsterinsights_sitenote_active":false,"_monsterinsights_sitenote_note":"","_monsterinsights_sitenote_category":0,"footnotes":""},"categories":[9],"tags":[],"class_list":["post-7264","post","type-post","status-publish","format-standard","has-post-thumbnail","hentry","category-presentation"],"acf":[],"yoast_head":"<!-- This site is optimized with the Yoast SEO plugin v27.3 - https:\/\/yoast.com\/product\/yoast-seo-wordpress\/ -->\n<title>Modernisering som ger dubbel utveckling - Framtidens karri\u00e4r IT &amp; Data<\/title>\n<meta name=\"robots\" content=\"index, follow, max-snippet:-1, max-image-preview:large, max-video-preview:-1\" \/>\n<link rel=\"canonical\" href=\"https:\/\/framtidenskarriar.se\/itdata\/2022\/02\/18\/modernisering-som-ger-dubbel-utveckling\/\" \/>\n<meta property=\"og:locale\" content=\"sv_SE\" \/>\n<meta property=\"og:type\" content=\"article\" \/>\n<meta property=\"og:title\" content=\"Modernisering som ger dubbel utveckling - Framtidens karri\u00e4r IT &amp; Data\" \/>\n<meta property=\"og:description\" content=\"Alla m\u00f6jligheter till utveckling \u2013 b\u00e5de teknisk och personlig.\" \/>\n<meta property=\"og:url\" content=\"https:\/\/framtidenskarriar.se\/itdata\/2022\/02\/18\/modernisering-som-ger-dubbel-utveckling\/\" \/>\n<meta property=\"og:site_name\" content=\"Framtidens karri\u00e4r IT &amp; Data\" \/>\n<meta property=\"article:published_time\" content=\"2022-02-18T10:43:40+00:00\" \/>\n<meta property=\"article:modified_time\" content=\"2023-02-14T11:13:34+00:00\" \/>\n<meta property=\"og:image\" content=\"https:\/\/framtidenskarriar.se\/itdata\/wp-content\/uploads\/sites\/13\/2022\/02\/folksam-6.jpg\" \/>\n\t<meta property=\"og:image:width\" content=\"1000\" \/>\n\t<meta property=\"og:image:height\" content=\"668\" \/>\n\t<meta property=\"og:image:type\" content=\"image\/jpeg\" \/>\n<meta name=\"author\" content=\"viktorwallen\" \/>\n<meta name=\"twitter:card\" content=\"summary_large_image\" \/>\n<meta name=\"twitter:label1\" content=\"Skriven av\" \/>\n\t<meta name=\"twitter:data1\" content=\"viktorwallen\" \/>\n\t<meta name=\"twitter:label2\" content=\"Ber\u00e4knad l\u00e4stid\" \/>\n\t<meta name=\"twitter:data2\" content=\"5 minuter\" \/>\n<script type=\"application\/ld+json\" class=\"yoast-schema-graph\">{\"@context\":\"https:\\\/\\\/schema.org\",\"@graph\":[{\"@type\":\"Article\",\"@id\":\"https:\\\/\\\/framtidenskarriar.se\\\/itdata\\\/2022\\\/02\\\/18\\\/modernisering-som-ger-dubbel-utveckling\\\/#article\",\"isPartOf\":{\"@id\":\"https:\\\/\\\/framtidenskarriar.se\\\/itdata\\\/2022\\\/02\\\/18\\\/modernisering-som-ger-dubbel-utveckling\\\/\"},\"author\":{\"name\":\"viktorwallen\",\"@id\":\"https:\\\/\\\/framtidenskarriar.se\\\/itdata\\\/#\\\/schema\\\/person\\\/2a13a849ec7646386c2211f59afe3083\"},\"headline\":\"Modernisering som ger dubbel utveckling\",\"datePublished\":\"2022-02-18T10:43:40+00:00\",\"dateModified\":\"2023-02-14T11:13:34+00:00\",\"mainEntityOfPage\":{\"@id\":\"https:\\\/\\\/framtidenskarriar.se\\\/itdata\\\/2022\\\/02\\\/18\\\/modernisering-som-ger-dubbel-utveckling\\\/\"},\"wordCount\":910,\"commentCount\":0,\"image\":{\"@id\":\"https:\\\/\\\/framtidenskarriar.se\\\/itdata\\\/2022\\\/02\\\/18\\\/modernisering-som-ger-dubbel-utveckling\\\/#primaryimage\"},\"thumbnailUrl\":\"https:\\\/\\\/framtidenskarriar.se\\\/itdata\\\/wp-content\\\/uploads\\\/sites\\\/13\\\/2022\\\/02\\\/folksam-6.jpg\",\"articleSection\":[\"Presentation\"],\"inLanguage\":\"sv-SE\",\"potentialAction\":[{\"@type\":\"CommentAction\",\"name\":\"Comment\",\"target\":[\"https:\\\/\\\/framtidenskarriar.se\\\/itdata\\\/2022\\\/02\\\/18\\\/modernisering-som-ger-dubbel-utveckling\\\/#respond\"]}]},{\"@type\":\"WebPage\",\"@id\":\"https:\\\/\\\/framtidenskarriar.se\\\/itdata\\\/2022\\\/02\\\/18\\\/modernisering-som-ger-dubbel-utveckling\\\/\",\"url\":\"https:\\\/\\\/framtidenskarriar.se\\\/itdata\\\/2022\\\/02\\\/18\\\/modernisering-som-ger-dubbel-utveckling\\\/\",\"name\":\"Modernisering som ger dubbel utveckling - Framtidens karri\u00e4r IT & Data\",\"isPartOf\":{\"@id\":\"https:\\\/\\\/framtidenskarriar.se\\\/itdata\\\/#website\"},\"primaryImageOfPage\":{\"@id\":\"https:\\\/\\\/framtidenskarriar.se\\\/itdata\\\/2022\\\/02\\\/18\\\/modernisering-som-ger-dubbel-utveckling\\\/#primaryimage\"},\"image\":{\"@id\":\"https:\\\/\\\/framtidenskarriar.se\\\/itdata\\\/2022\\\/02\\\/18\\\/modernisering-som-ger-dubbel-utveckling\\\/#primaryimage\"},\"thumbnailUrl\":\"https:\\\/\\\/framtidenskarriar.se\\\/itdata\\\/wp-content\\\/uploads\\\/sites\\\/13\\\/2022\\\/02\\\/folksam-6.jpg\",\"datePublished\":\"2022-02-18T10:43:40+00:00\",\"dateModified\":\"2023-02-14T11:13:34+00:00\",\"author\":{\"@id\":\"https:\\\/\\\/framtidenskarriar.se\\\/itdata\\\/#\\\/schema\\\/person\\\/2a13a849ec7646386c2211f59afe3083\"},\"breadcrumb\":{\"@id\":\"https:\\\/\\\/framtidenskarriar.se\\\/itdata\\\/2022\\\/02\\\/18\\\/modernisering-som-ger-dubbel-utveckling\\\/#breadcrumb\"},\"inLanguage\":\"sv-SE\",\"potentialAction\":[{\"@type\":\"ReadAction\",\"target\":[\"https:\\\/\\\/framtidenskarriar.se\\\/itdata\\\/2022\\\/02\\\/18\\\/modernisering-som-ger-dubbel-utveckling\\\/\"]}]},{\"@type\":\"ImageObject\",\"inLanguage\":\"sv-SE\",\"@id\":\"https:\\\/\\\/framtidenskarriar.se\\\/itdata\\\/2022\\\/02\\\/18\\\/modernisering-som-ger-dubbel-utveckling\\\/#primaryimage\",\"url\":\"https:\\\/\\\/framtidenskarriar.se\\\/itdata\\\/wp-content\\\/uploads\\\/sites\\\/13\\\/2022\\\/02\\\/folksam-6.jpg\",\"contentUrl\":\"https:\\\/\\\/framtidenskarriar.se\\\/itdata\\\/wp-content\\\/uploads\\\/sites\\\/13\\\/2022\\\/02\\\/folksam-6.jpg\",\"width\":1000,\"height\":668,\"caption\":\"Rickard Hallin, enterprise architect och Meridjaan Lysmar, Scrum master p\u00e5 Folksam. Foto: Johan Marklund\"},{\"@type\":\"BreadcrumbList\",\"@id\":\"https:\\\/\\\/framtidenskarriar.se\\\/itdata\\\/2022\\\/02\\\/18\\\/modernisering-som-ger-dubbel-utveckling\\\/#breadcrumb\",\"itemListElement\":[{\"@type\":\"ListItem\",\"position\":1,\"name\":\"Home\",\"item\":\"https:\\\/\\\/framtidenskarriar.se\\\/itdata\\\/\"},{\"@type\":\"ListItem\",\"position\":2,\"name\":\"Modernisering som ger dubbel utveckling\"}]},{\"@type\":\"WebSite\",\"@id\":\"https:\\\/\\\/framtidenskarriar.se\\\/itdata\\\/#website\",\"url\":\"https:\\\/\\\/framtidenskarriar.se\\\/itdata\\\/\",\"name\":\"Framtidens karri\u00e4r IT & Data\",\"description\":\"Just another NMDashboard.se Sites site\",\"potentialAction\":[{\"@type\":\"SearchAction\",\"target\":{\"@type\":\"EntryPoint\",\"urlTemplate\":\"https:\\\/\\\/framtidenskarriar.se\\\/itdata\\\/?s={search_term_string}\"},\"query-input\":{\"@type\":\"PropertyValueSpecification\",\"valueRequired\":true,\"valueName\":\"search_term_string\"}}],\"inLanguage\":\"sv-SE\"},{\"@type\":\"Person\",\"@id\":\"https:\\\/\\\/framtidenskarriar.se\\\/itdata\\\/#\\\/schema\\\/person\\\/2a13a849ec7646386c2211f59afe3083\",\"name\":\"viktorwallen\",\"image\":{\"@type\":\"ImageObject\",\"inLanguage\":\"sv-SE\",\"@id\":\"https:\\\/\\\/secure.gravatar.com\\\/avatar\\\/701701bd36169636031933997c8c6b954f2f635bbb7cd4802e4a007f9c9f4e59?s=96&d=mm&r=g\",\"url\":\"https:\\\/\\\/secure.gravatar.com\\\/avatar\\\/701701bd36169636031933997c8c6b954f2f635bbb7cd4802e4a007f9c9f4e59?s=96&d=mm&r=g\",\"contentUrl\":\"https:\\\/\\\/secure.gravatar.com\\\/avatar\\\/701701bd36169636031933997c8c6b954f2f635bbb7cd4802e4a007f9c9f4e59?s=96&d=mm&r=g\",\"caption\":\"viktorwallen\"},\"url\":\"https:\\\/\\\/framtidenskarriar.se\\\/itdata\\\/author\\\/viktorwallen\\\/\"}]}<\/script>\n<!-- \/ Yoast SEO plugin. -->","yoast_head_json":{"title":"Modernisering som ger dubbel utveckling - Framtidens karri\u00e4r IT & Data","robots":{"index":"index","follow":"follow","max-snippet":"max-snippet:-1","max-image-preview":"max-image-preview:large","max-video-preview":"max-video-preview:-1"},"canonical":"https:\/\/framtidenskarriar.se\/itdata\/2022\/02\/18\/modernisering-som-ger-dubbel-utveckling\/","og_locale":"sv_SE","og_type":"article","og_title":"Modernisering som ger dubbel utveckling - Framtidens karri\u00e4r IT & Data","og_description":"Alla m\u00f6jligheter till utveckling \u2013 b\u00e5de teknisk och personlig.","og_url":"https:\/\/framtidenskarriar.se\/itdata\/2022\/02\/18\/modernisering-som-ger-dubbel-utveckling\/","og_site_name":"Framtidens karri\u00e4r IT & Data","article_published_time":"2022-02-18T10:43:40+00:00","article_modified_time":"2023-02-14T11:13:34+00:00","og_image":[{"width":1000,"height":668,"url":"https:\/\/framtidenskarriar.se\/itdata\/wp-content\/uploads\/sites\/13\/2022\/02\/folksam-6.jpg","type":"image\/jpeg"}],"author":"viktorwallen","twitter_card":"summary_large_image","twitter_misc":{"Skriven av":"viktorwallen","Ber\u00e4knad l\u00e4stid":"5 minuter"},"schema":{"@context":"https:\/\/schema.org","@graph":[{"@type":"Article","@id":"https:\/\/framtidenskarriar.se\/itdata\/2022\/02\/18\/modernisering-som-ger-dubbel-utveckling\/#article","isPartOf":{"@id":"https:\/\/framtidenskarriar.se\/itdata\/2022\/02\/18\/modernisering-som-ger-dubbel-utveckling\/"},"author":{"name":"viktorwallen","@id":"https:\/\/framtidenskarriar.se\/itdata\/#\/schema\/person\/2a13a849ec7646386c2211f59afe3083"},"headline":"Modernisering som ger dubbel utveckling","datePublished":"2022-02-18T10:43:40+00:00","dateModified":"2023-02-14T11:13:34+00:00","mainEntityOfPage":{"@id":"https:\/\/framtidenskarriar.se\/itdata\/2022\/02\/18\/modernisering-som-ger-dubbel-utveckling\/"},"wordCount":910,"commentCount":0,"image":{"@id":"https:\/\/framtidenskarriar.se\/itdata\/2022\/02\/18\/modernisering-som-ger-dubbel-utveckling\/#primaryimage"},"thumbnailUrl":"https:\/\/framtidenskarriar.se\/itdata\/wp-content\/uploads\/sites\/13\/2022\/02\/folksam-6.jpg","articleSection":["Presentation"],"inLanguage":"sv-SE","potentialAction":[{"@type":"CommentAction","name":"Comment","target":["https:\/\/framtidenskarriar.se\/itdata\/2022\/02\/18\/modernisering-som-ger-dubbel-utveckling\/#respond"]}]},{"@type":"WebPage","@id":"https:\/\/framtidenskarriar.se\/itdata\/2022\/02\/18\/modernisering-som-ger-dubbel-utveckling\/","url":"https:\/\/framtidenskarriar.se\/itdata\/2022\/02\/18\/modernisering-som-ger-dubbel-utveckling\/","name":"Modernisering som ger dubbel utveckling - Framtidens karri\u00e4r IT & Data","isPartOf":{"@id":"https:\/\/framtidenskarriar.se\/itdata\/#website"},"primaryImageOfPage":{"@id":"https:\/\/framtidenskarriar.se\/itdata\/2022\/02\/18\/modernisering-som-ger-dubbel-utveckling\/#primaryimage"},"image":{"@id":"https:\/\/framtidenskarriar.se\/itdata\/2022\/02\/18\/modernisering-som-ger-dubbel-utveckling\/#primaryimage"},"thumbnailUrl":"https:\/\/framtidenskarriar.se\/itdata\/wp-content\/uploads\/sites\/13\/2022\/02\/folksam-6.jpg","datePublished":"2022-02-18T10:43:40+00:00","dateModified":"2023-02-14T11:13:34+00:00","author":{"@id":"https:\/\/framtidenskarriar.se\/itdata\/#\/schema\/person\/2a13a849ec7646386c2211f59afe3083"},"breadcrumb":{"@id":"https:\/\/framtidenskarriar.se\/itdata\/2022\/02\/18\/modernisering-som-ger-dubbel-utveckling\/#breadcrumb"},"inLanguage":"sv-SE","potentialAction":[{"@type":"ReadAction","target":["https:\/\/framtidenskarriar.se\/itdata\/2022\/02\/18\/modernisering-som-ger-dubbel-utveckling\/"]}]},{"@type":"ImageObject","inLanguage":"sv-SE","@id":"https:\/\/framtidenskarriar.se\/itdata\/2022\/02\/18\/modernisering-som-ger-dubbel-utveckling\/#primaryimage","url":"https:\/\/framtidenskarriar.se\/itdata\/wp-content\/uploads\/sites\/13\/2022\/02\/folksam-6.jpg","contentUrl":"https:\/\/framtidenskarriar.se\/itdata\/wp-content\/uploads\/sites\/13\/2022\/02\/folksam-6.jpg","width":1000,"height":668,"caption":"Rickard Hallin, enterprise architect och Meridjaan Lysmar, Scrum master p\u00e5 Folksam. Foto: Johan Marklund"},{"@type":"BreadcrumbList","@id":"https:\/\/framtidenskarriar.se\/itdata\/2022\/02\/18\/modernisering-som-ger-dubbel-utveckling\/#breadcrumb","itemListElement":[{"@type":"ListItem","position":1,"name":"Home","item":"https:\/\/framtidenskarriar.se\/itdata\/"},{"@type":"ListItem","position":2,"name":"Modernisering som ger dubbel utveckling"}]},{"@type":"WebSite","@id":"https:\/\/framtidenskarriar.se\/itdata\/#website","url":"https:\/\/framtidenskarriar.se\/itdata\/","name":"Framtidens karri\u00e4r IT & Data","description":"Just another NMDashboard.se Sites site","potentialAction":[{"@type":"SearchAction","target":{"@type":"EntryPoint","urlTemplate":"https:\/\/framtidenskarriar.se\/itdata\/?s={search_term_string}"},"query-input":{"@type":"PropertyValueSpecification","valueRequired":true,"valueName":"search_term_string"}}],"inLanguage":"sv-SE"},{"@type":"Person","@id":"https:\/\/framtidenskarriar.se\/itdata\/#\/schema\/person\/2a13a849ec7646386c2211f59afe3083","name":"viktorwallen","image":{"@type":"ImageObject","inLanguage":"sv-SE","@id":"https:\/\/secure.gravatar.com\/avatar\/701701bd36169636031933997c8c6b954f2f635bbb7cd4802e4a007f9c9f4e59?s=96&d=mm&r=g","url":"https:\/\/secure.gravatar.com\/avatar\/701701bd36169636031933997c8c6b954f2f635bbb7cd4802e4a007f9c9f4e59?s=96&d=mm&r=g","contentUrl":"https:\/\/secure.gravatar.com\/avatar\/701701bd36169636031933997c8c6b954f2f635bbb7cd4802e4a007f9c9f4e59?s=96&d=mm&r=g","caption":"viktorwallen"},"url":"https:\/\/framtidenskarriar.se\/itdata\/author\/viktorwallen\/"}]}},"_links":{"self":[{"href":"https:\/\/framtidenskarriar.se\/itdata\/wp-json\/wp\/v2\/posts\/7264","targetHints":{"allow":["GET"]}}],"collection":[{"href":"https:\/\/framtidenskarriar.se\/itdata\/wp-json\/wp\/v2\/posts"}],"about":[{"href":"https:\/\/framtidenskarriar.se\/itdata\/wp-json\/wp\/v2\/types\/post"}],"author":[{"embeddable":true,"href":"https:\/\/framtidenskarriar.se\/itdata\/wp-json\/wp\/v2\/users\/2"}],"replies":[{"embeddable":true,"href":"https:\/\/framtidenskarriar.se\/itdata\/wp-json\/wp\/v2\/comments?post=7264"}],"version-history":[{"count":5,"href":"https:\/\/framtidenskarriar.se\/itdata\/wp-json\/wp\/v2\/posts\/7264\/revisions"}],"predecessor-version":[{"id":7897,"href":"https:\/\/framtidenskarriar.se\/itdata\/wp-json\/wp\/v2\/posts\/7264\/revisions\/7897"}],"wp:featuredmedia":[{"embeddable":true,"href":"https:\/\/framtidenskarriar.se\/itdata\/wp-json\/wp\/v2\/media\/7270"}],"wp:attachment":[{"href":"https:\/\/framtidenskarriar.se\/itdata\/wp-json\/wp\/v2\/media?parent=7264"}],"wp:term":[{"taxonomy":"category","embeddable":true,"href":"https:\/\/framtidenskarriar.se\/itdata\/wp-json\/wp\/v2\/categories?post=7264"},{"taxonomy":"post_tag","embeddable":true,"href":"https:\/\/framtidenskarriar.se\/itdata\/wp-json\/wp\/v2\/tags?post=7264"}],"curies":[{"name":"wp","href":"https:\/\/api.w.org\/{rel}","templated":true}]}}