{"id":7271,"date":"2022-02-18T10:52:35","date_gmt":"2022-02-18T10:52:35","guid":{"rendered":"https:\/\/framtidenskarriar.se\/itdata\/?p=7271"},"modified":"2022-02-18T10:52:37","modified_gmt":"2022-02-18T10:52:37","slug":"it-tung-bransch-mitt-i-ett-historiskt-teknikskifte","status":"publish","type":"post","link":"https:\/\/framtidenskarriar.se\/itdata\/2022\/02\/18\/it-tung-bransch-mitt-i-ett-historiskt-teknikskifte\/","title":{"rendered":"It-tung bransch mitt i ett historiskt teknikskifte"},"content":{"rendered":"\n<figure class=\"wp-block-image size-full\"><img loading=\"lazy\" decoding=\"async\" width=\"1000\" height=\"648\" src=\"https:\/\/framtidenskarriar.se\/itdata\/wp-content\/uploads\/sites\/13\/2022\/02\/forsakring-folksam-5.jpg\" alt=\"\" class=\"wp-image-7277\" srcset=\"https:\/\/framtidenskarriar.se\/itdata\/wp-content\/uploads\/sites\/13\/2022\/02\/forsakring-folksam-5.jpg 1000w, https:\/\/framtidenskarriar.se\/itdata\/wp-content\/uploads\/sites\/13\/2022\/02\/forsakring-folksam-5-300x194.jpg 300w, https:\/\/framtidenskarriar.se\/itdata\/wp-content\/uploads\/sites\/13\/2022\/02\/forsakring-folksam-5-768x498.jpg 768w, https:\/\/framtidenskarriar.se\/itdata\/wp-content\/uploads\/sites\/13\/2022\/02\/forsakring-folksam-5-247x160.jpg 247w, https:\/\/framtidenskarriar.se\/itdata\/wp-content\/uploads\/sites\/13\/2022\/02\/forsakring-folksam-5-526x341.jpg 526w, https:\/\/framtidenskarriar.se\/itdata\/wp-content\/uploads\/sites\/13\/2022\/02\/forsakring-folksam-5-720x467.jpg 720w, https:\/\/framtidenskarriar.se\/itdata\/wp-content\/uploads\/sites\/13\/2022\/02\/forsakring-folksam-5-960x622.jpg 960w\" sizes=\"auto, (max-width: 1000px) 100vw, 1000px\" \/><figcaption>Anders Lundsten, CIO p\u00e5 Folksam. Foto: Johan Marklund<\/figcaption><\/figure>\n\n\n\n<p><strong>P\u00e5 f\u00f6rs\u00e4kringsbranschens f\u00f6r\u00e4ndringsresa g\u00e5r teknik och aff\u00e4rsutveckling hand i hand. Arbetss\u00e4tten blir alltmer agila och de traditionella stordatorl\u00f6sningarna ers\u00e4tts i \u00f6kad utstr\u00e4ckning av en molnbaserad infrastruktur.<\/strong><\/p>\n\n\n\n<p>I f\u00f6rs\u00e4kringsbranschen finns ett fl\u00f6de av nya aff\u00e4rsmodeller, drivet av IoT, blockchain, automatisering och f\u00f6r\u00e4ndrade kundkrav. Under coronapandemin har dessutom allt fler nischade akt\u00f6rer och startups utmanat branschens traditionella strukturer.<br>\u2013 Jag s\u00f6kte mig till f\u00f6rs\u00e4kringsbranschen eftersom det \u00e4r en service- och tj\u00e4nstebransch som p\u00e5 senare \u00e5r utmanats av innovativa akt\u00f6rer och nya kundkrav. Det har lett till att vi nu befinner oss mitt i ett omfattande teknikskifte som inkluderar b\u00e5de stora plattformsbyten, nya tj\u00e4nstepaketeringar och nyskapande arbetss\u00e4tt, s\u00e4ger Anders Lundsten, som i februari 2022 blev ny CIO p\u00e5 Folksam. Han har tidigare varit CIO p\u00e5 bland annat Clas Ohlson, Dustin, Vinggruppen, DeLaval och Telenordia.<br>Han beskriver f\u00f6rs\u00e4kringsbranschen som en it-tung bransch d\u00e4r it \u00e4r en naturlig del av k\u00e4rnverksamheten och d\u00e4r it-utveckling \u00e4r n\u00e4rvarande i alla delar av verksamheten.<br>\u2013 P\u00e5 Folksam p\u00e5g\u00e5r sedan fyra \u00e5r tillbaka ett l\u00e5ngsiktigt och sp\u00e4nnande arbete med att modernisera och konsolidera v\u00e5ra k\u00e4rnsystem. Vi har en stor it-avdelning med \u00f6ver 600 medarbetare och karri\u00e4r- och specialiseringsm\u00f6jligheterna \u00e4r m\u00e5nga. Vi satsar p\u00e5 livsl\u00e5ngt l\u00e4rande och erbjuder it-akademiker en m\u00f6jlighet att fylla en viktig funktion i arbetet med att tillm\u00f6tesg\u00e5 f\u00f6r\u00e4nderliga kundbehov och framtidens s\u00e4tt att konsumera f\u00f6rs\u00e4kringar. I f\u00f6rs\u00e4kringsbranschen f\u00e5r man verkligen ta en aktiv roll p\u00e5 den p\u00e5g\u00e5ende moderniseringsresan, s\u00e4ger Anders Lundsten.<\/p>\n\n\n\n<blockquote class=\"wp-block-quote is-layout-flow wp-block-quote-is-layout-flow\"><p>&#8221;V\u00e5r m\u00e5ls\u00e4ttning \u00e4r att skapa trygghet f\u00f6r v\u00e5ra kunder.&#8221;<\/p><\/blockquote>\n\n\n\n<p><strong>Ber\u00f6r alla m\u00e4nniskor<\/strong><br>Eftersom f\u00f6rs\u00e4kringsbranschen investerar mycket i it-tj\u00e4nster och infrastruktur \u00e4r kompetens- och rekryteringsbehovet brett. F\u00f6r att kunna genomf\u00f6ra ett skifte som tar branschen in i framtiden beh\u00f6vs alltifr\u00e5n Java- och .NET-utvecklare till stordator- och Cobolutvecklare. Dev Ops-utvecklare, data scientists och scrum masters \u00e4r n\u00e5gra andra exempel p\u00e5 kompetenser som efterfr\u00e5gas nu och fram\u00f6ver.<br>\u2013 F\u00f6rs\u00e4kringsbranschen \u00e4r en samh\u00e4llsviktig bransch som ber\u00f6r alla m\u00e4nniskor. V\u00e5r m\u00e5ls\u00e4ttning \u00e4r att skapa trygghet f\u00f6r v\u00e5ra kunder och bidra till en h\u00e5llbar v\u00e4rld, s\u00e4ger Anders Lundsten.<\/p>\n","protected":false},"excerpt":{"rendered":"<p>P\u00e5 f\u00f6rs\u00e4kringsbranschens f\u00f6r\u00e4ndringsresa g\u00e5r teknik och aff\u00e4rsutveckling hand i hand.<\/p>\n","protected":false},"author":3,"featured_media":7277,"comment_status":"open","ping_status":"open","sticky":false,"template":"","format":"standard","meta":{"_acf_changed":false,"_monsterinsights_skip_tracking":false,"_monsterinsights_sitenote_active":false,"_monsterinsights_sitenote_note":"","_monsterinsights_sitenote_category":0,"footnotes":""},"categories":[1],"tags":[310,309,308],"class_list":["post-7271","post","type-post","status-publish","format-standard","has-post-thumbnail","hentry","category-artikel","tag-folksam","tag-forsakring","tag-forsakringsbranschen"],"acf":[],"yoast_head":"<!-- This site is optimized with the Yoast SEO plugin v27.3 - https:\/\/yoast.com\/product\/yoast-seo-wordpress\/ -->\n<title>It-tung bransch mitt i ett historiskt teknikskifte - Framtidens karri\u00e4r IT &amp; Data<\/title>\n<meta name=\"robots\" content=\"index, follow, max-snippet:-1, max-image-preview:large, max-video-preview:-1\" \/>\n<link rel=\"canonical\" href=\"https:\/\/framtidenskarriar.se\/itdata\/2022\/02\/18\/it-tung-bransch-mitt-i-ett-historiskt-teknikskifte\/\" \/>\n<meta property=\"og:locale\" content=\"sv_SE\" \/>\n<meta property=\"og:type\" content=\"article\" \/>\n<meta property=\"og:title\" content=\"It-tung bransch mitt i ett historiskt teknikskifte - Framtidens karri\u00e4r IT &amp; Data\" \/>\n<meta property=\"og:description\" content=\"P\u00e5 f\u00f6rs\u00e4kringsbranschens f\u00f6r\u00e4ndringsresa g\u00e5r teknik och aff\u00e4rsutveckling hand i hand.\" \/>\n<meta property=\"og:url\" content=\"https:\/\/framtidenskarriar.se\/itdata\/2022\/02\/18\/it-tung-bransch-mitt-i-ett-historiskt-teknikskifte\/\" \/>\n<meta property=\"og:site_name\" content=\"Framtidens karri\u00e4r IT &amp; Data\" \/>\n<meta property=\"article:published_time\" content=\"2022-02-18T10:52:35+00:00\" \/>\n<meta property=\"article:modified_time\" content=\"2022-02-18T10:52:37+00:00\" \/>\n<meta property=\"og:image\" content=\"https:\/\/framtidenskarriar.se\/itdata\/wp-content\/uploads\/sites\/13\/2022\/02\/forsakring-folksam-5.jpg\" \/>\n\t<meta property=\"og:image:width\" content=\"1000\" \/>\n\t<meta property=\"og:image:height\" content=\"648\" \/>\n\t<meta property=\"og:image:type\" content=\"image\/jpeg\" \/>\n<meta name=\"author\" content=\"stellanstal\" \/>\n<meta name=\"twitter:card\" content=\"summary_large_image\" \/>\n<meta name=\"twitter:label1\" content=\"Skriven av\" \/>\n\t<meta name=\"twitter:data1\" content=\"stellanstal\" \/>\n\t<meta name=\"twitter:label2\" content=\"Ber\u00e4knad l\u00e4stid\" \/>\n\t<meta name=\"twitter:data2\" content=\"2 minuter\" \/>\n<script type=\"application\/ld+json\" class=\"yoast-schema-graph\">{\"@context\":\"https:\\\/\\\/schema.org\",\"@graph\":[{\"@type\":\"Article\",\"@id\":\"https:\\\/\\\/framtidenskarriar.se\\\/itdata\\\/2022\\\/02\\\/18\\\/it-tung-bransch-mitt-i-ett-historiskt-teknikskifte\\\/#article\",\"isPartOf\":{\"@id\":\"https:\\\/\\\/framtidenskarriar.se\\\/itdata\\\/2022\\\/02\\\/18\\\/it-tung-bransch-mitt-i-ett-historiskt-teknikskifte\\\/\"},\"author\":{\"name\":\"stellanstal\",\"@id\":\"https:\\\/\\\/framtidenskarriar.se\\\/itdata\\\/#\\\/schema\\\/person\\\/c8a43eb855191e573b73ecf8987a3b99\"},\"headline\":\"It-tung bransch mitt i ett historiskt teknikskifte\",\"datePublished\":\"2022-02-18T10:52:35+00:00\",\"dateModified\":\"2022-02-18T10:52:37+00:00\",\"mainEntityOfPage\":{\"@id\":\"https:\\\/\\\/framtidenskarriar.se\\\/itdata\\\/2022\\\/02\\\/18\\\/it-tung-bransch-mitt-i-ett-historiskt-teknikskifte\\\/\"},\"wordCount\":423,\"commentCount\":0,\"image\":{\"@id\":\"https:\\\/\\\/framtidenskarriar.se\\\/itdata\\\/2022\\\/02\\\/18\\\/it-tung-bransch-mitt-i-ett-historiskt-teknikskifte\\\/#primaryimage\"},\"thumbnailUrl\":\"https:\\\/\\\/framtidenskarriar.se\\\/itdata\\\/wp-content\\\/uploads\\\/sites\\\/13\\\/2022\\\/02\\\/forsakring-folksam-5.jpg\",\"keywords\":[\"Folksam\",\"F\u00f6rs\u00e4kring\",\"F\u00f6rs\u00e4kringsbranschen\"],\"articleSection\":[\"Artikel\"],\"inLanguage\":\"sv-SE\",\"potentialAction\":[{\"@type\":\"CommentAction\",\"name\":\"Comment\",\"target\":[\"https:\\\/\\\/framtidenskarriar.se\\\/itdata\\\/2022\\\/02\\\/18\\\/it-tung-bransch-mitt-i-ett-historiskt-teknikskifte\\\/#respond\"]}]},{\"@type\":\"WebPage\",\"@id\":\"https:\\\/\\\/framtidenskarriar.se\\\/itdata\\\/2022\\\/02\\\/18\\\/it-tung-bransch-mitt-i-ett-historiskt-teknikskifte\\\/\",\"url\":\"https:\\\/\\\/framtidenskarriar.se\\\/itdata\\\/2022\\\/02\\\/18\\\/it-tung-bransch-mitt-i-ett-historiskt-teknikskifte\\\/\",\"name\":\"It-tung bransch mitt i ett historiskt teknikskifte - Framtidens karri\u00e4r IT & Data\",\"isPartOf\":{\"@id\":\"https:\\\/\\\/framtidenskarriar.se\\\/itdata\\\/#website\"},\"primaryImageOfPage\":{\"@id\":\"https:\\\/\\\/framtidenskarriar.se\\\/itdata\\\/2022\\\/02\\\/18\\\/it-tung-bransch-mitt-i-ett-historiskt-teknikskifte\\\/#primaryimage\"},\"image\":{\"@id\":\"https:\\\/\\\/framtidenskarriar.se\\\/itdata\\\/2022\\\/02\\\/18\\\/it-tung-bransch-mitt-i-ett-historiskt-teknikskifte\\\/#primaryimage\"},\"thumbnailUrl\":\"https:\\\/\\\/framtidenskarriar.se\\\/itdata\\\/wp-content\\\/uploads\\\/sites\\\/13\\\/2022\\\/02\\\/forsakring-folksam-5.jpg\",\"datePublished\":\"2022-02-18T10:52:35+00:00\",\"dateModified\":\"2022-02-18T10:52:37+00:00\",\"author\":{\"@id\":\"https:\\\/\\\/framtidenskarriar.se\\\/itdata\\\/#\\\/schema\\\/person\\\/c8a43eb855191e573b73ecf8987a3b99\"},\"breadcrumb\":{\"@id\":\"https:\\\/\\\/framtidenskarriar.se\\\/itdata\\\/2022\\\/02\\\/18\\\/it-tung-bransch-mitt-i-ett-historiskt-teknikskifte\\\/#breadcrumb\"},\"inLanguage\":\"sv-SE\",\"potentialAction\":[{\"@type\":\"ReadAction\",\"target\":[\"https:\\\/\\\/framtidenskarriar.se\\\/itdata\\\/2022\\\/02\\\/18\\\/it-tung-bransch-mitt-i-ett-historiskt-teknikskifte\\\/\"]}]},{\"@type\":\"ImageObject\",\"inLanguage\":\"sv-SE\",\"@id\":\"https:\\\/\\\/framtidenskarriar.se\\\/itdata\\\/2022\\\/02\\\/18\\\/it-tung-bransch-mitt-i-ett-historiskt-teknikskifte\\\/#primaryimage\",\"url\":\"https:\\\/\\\/framtidenskarriar.se\\\/itdata\\\/wp-content\\\/uploads\\\/sites\\\/13\\\/2022\\\/02\\\/forsakring-folksam-5.jpg\",\"contentUrl\":\"https:\\\/\\\/framtidenskarriar.se\\\/itdata\\\/wp-content\\\/uploads\\\/sites\\\/13\\\/2022\\\/02\\\/forsakring-folksam-5.jpg\",\"width\":1000,\"height\":648,\"caption\":\"Folksam, Anders Lundsten\"},{\"@type\":\"BreadcrumbList\",\"@id\":\"https:\\\/\\\/framtidenskarriar.se\\\/itdata\\\/2022\\\/02\\\/18\\\/it-tung-bransch-mitt-i-ett-historiskt-teknikskifte\\\/#breadcrumb\",\"itemListElement\":[{\"@type\":\"ListItem\",\"position\":1,\"name\":\"Home\",\"item\":\"https:\\\/\\\/framtidenskarriar.se\\\/itdata\\\/\"},{\"@type\":\"ListItem\",\"position\":2,\"name\":\"It-tung bransch mitt i ett historiskt teknikskifte\"}]},{\"@type\":\"WebSite\",\"@id\":\"https:\\\/\\\/framtidenskarriar.se\\\/itdata\\\/#website\",\"url\":\"https:\\\/\\\/framtidenskarriar.se\\\/itdata\\\/\",\"name\":\"Framtidens karri\u00e4r IT & Data\",\"description\":\"Just another NMDashboard.se Sites site\",\"potentialAction\":[{\"@type\":\"SearchAction\",\"target\":{\"@type\":\"EntryPoint\",\"urlTemplate\":\"https:\\\/\\\/framtidenskarriar.se\\\/itdata\\\/?s={search_term_string}\"},\"query-input\":{\"@type\":\"PropertyValueSpecification\",\"valueRequired\":true,\"valueName\":\"search_term_string\"}}],\"inLanguage\":\"sv-SE\"},{\"@type\":\"Person\",\"@id\":\"https:\\\/\\\/framtidenskarriar.se\\\/itdata\\\/#\\\/schema\\\/person\\\/c8a43eb855191e573b73ecf8987a3b99\",\"name\":\"stellanstal\",\"image\":{\"@type\":\"ImageObject\",\"inLanguage\":\"sv-SE\",\"@id\":\"https:\\\/\\\/secure.gravatar.com\\\/avatar\\\/cd330fa6bb17f598124b2068ee0b189e4fe0987a50af9d53b78410836060d0c9?s=96&d=mm&r=g\",\"url\":\"https:\\\/\\\/secure.gravatar.com\\\/avatar\\\/cd330fa6bb17f598124b2068ee0b189e4fe0987a50af9d53b78410836060d0c9?s=96&d=mm&r=g\",\"contentUrl\":\"https:\\\/\\\/secure.gravatar.com\\\/avatar\\\/cd330fa6bb17f598124b2068ee0b189e4fe0987a50af9d53b78410836060d0c9?s=96&d=mm&r=g\",\"caption\":\"stellanstal\"},\"url\":\"https:\\\/\\\/framtidenskarriar.se\\\/itdata\\\/author\\\/stellanstal\\\/\"}]}<\/script>\n<!-- \/ Yoast SEO plugin. -->","yoast_head_json":{"title":"It-tung bransch mitt i ett historiskt teknikskifte - Framtidens karri\u00e4r IT & Data","robots":{"index":"index","follow":"follow","max-snippet":"max-snippet:-1","max-image-preview":"max-image-preview:large","max-video-preview":"max-video-preview:-1"},"canonical":"https:\/\/framtidenskarriar.se\/itdata\/2022\/02\/18\/it-tung-bransch-mitt-i-ett-historiskt-teknikskifte\/","og_locale":"sv_SE","og_type":"article","og_title":"It-tung bransch mitt i ett historiskt teknikskifte - Framtidens karri\u00e4r IT & Data","og_description":"P\u00e5 f\u00f6rs\u00e4kringsbranschens f\u00f6r\u00e4ndringsresa g\u00e5r teknik och aff\u00e4rsutveckling hand i hand.","og_url":"https:\/\/framtidenskarriar.se\/itdata\/2022\/02\/18\/it-tung-bransch-mitt-i-ett-historiskt-teknikskifte\/","og_site_name":"Framtidens karri\u00e4r IT & Data","article_published_time":"2022-02-18T10:52:35+00:00","article_modified_time":"2022-02-18T10:52:37+00:00","og_image":[{"width":1000,"height":648,"url":"https:\/\/framtidenskarriar.se\/itdata\/wp-content\/uploads\/sites\/13\/2022\/02\/forsakring-folksam-5.jpg","type":"image\/jpeg"}],"author":"stellanstal","twitter_card":"summary_large_image","twitter_misc":{"Skriven av":"stellanstal","Ber\u00e4knad l\u00e4stid":"2 minuter"},"schema":{"@context":"https:\/\/schema.org","@graph":[{"@type":"Article","@id":"https:\/\/framtidenskarriar.se\/itdata\/2022\/02\/18\/it-tung-bransch-mitt-i-ett-historiskt-teknikskifte\/#article","isPartOf":{"@id":"https:\/\/framtidenskarriar.se\/itdata\/2022\/02\/18\/it-tung-bransch-mitt-i-ett-historiskt-teknikskifte\/"},"author":{"name":"stellanstal","@id":"https:\/\/framtidenskarriar.se\/itdata\/#\/schema\/person\/c8a43eb855191e573b73ecf8987a3b99"},"headline":"It-tung bransch mitt i ett historiskt teknikskifte","datePublished":"2022-02-18T10:52:35+00:00","dateModified":"2022-02-18T10:52:37+00:00","mainEntityOfPage":{"@id":"https:\/\/framtidenskarriar.se\/itdata\/2022\/02\/18\/it-tung-bransch-mitt-i-ett-historiskt-teknikskifte\/"},"wordCount":423,"commentCount":0,"image":{"@id":"https:\/\/framtidenskarriar.se\/itdata\/2022\/02\/18\/it-tung-bransch-mitt-i-ett-historiskt-teknikskifte\/#primaryimage"},"thumbnailUrl":"https:\/\/framtidenskarriar.se\/itdata\/wp-content\/uploads\/sites\/13\/2022\/02\/forsakring-folksam-5.jpg","keywords":["Folksam","F\u00f6rs\u00e4kring","F\u00f6rs\u00e4kringsbranschen"],"articleSection":["Artikel"],"inLanguage":"sv-SE","potentialAction":[{"@type":"CommentAction","name":"Comment","target":["https:\/\/framtidenskarriar.se\/itdata\/2022\/02\/18\/it-tung-bransch-mitt-i-ett-historiskt-teknikskifte\/#respond"]}]},{"@type":"WebPage","@id":"https:\/\/framtidenskarriar.se\/itdata\/2022\/02\/18\/it-tung-bransch-mitt-i-ett-historiskt-teknikskifte\/","url":"https:\/\/framtidenskarriar.se\/itdata\/2022\/02\/18\/it-tung-bransch-mitt-i-ett-historiskt-teknikskifte\/","name":"It-tung bransch mitt i ett historiskt teknikskifte - Framtidens karri\u00e4r IT & Data","isPartOf":{"@id":"https:\/\/framtidenskarriar.se\/itdata\/#website"},"primaryImageOfPage":{"@id":"https:\/\/framtidenskarriar.se\/itdata\/2022\/02\/18\/it-tung-bransch-mitt-i-ett-historiskt-teknikskifte\/#primaryimage"},"image":{"@id":"https:\/\/framtidenskarriar.se\/itdata\/2022\/02\/18\/it-tung-bransch-mitt-i-ett-historiskt-teknikskifte\/#primaryimage"},"thumbnailUrl":"https:\/\/framtidenskarriar.se\/itdata\/wp-content\/uploads\/sites\/13\/2022\/02\/forsakring-folksam-5.jpg","datePublished":"2022-02-18T10:52:35+00:00","dateModified":"2022-02-18T10:52:37+00:00","author":{"@id":"https:\/\/framtidenskarriar.se\/itdata\/#\/schema\/person\/c8a43eb855191e573b73ecf8987a3b99"},"breadcrumb":{"@id":"https:\/\/framtidenskarriar.se\/itdata\/2022\/02\/18\/it-tung-bransch-mitt-i-ett-historiskt-teknikskifte\/#breadcrumb"},"inLanguage":"sv-SE","potentialAction":[{"@type":"ReadAction","target":["https:\/\/framtidenskarriar.se\/itdata\/2022\/02\/18\/it-tung-bransch-mitt-i-ett-historiskt-teknikskifte\/"]}]},{"@type":"ImageObject","inLanguage":"sv-SE","@id":"https:\/\/framtidenskarriar.se\/itdata\/2022\/02\/18\/it-tung-bransch-mitt-i-ett-historiskt-teknikskifte\/#primaryimage","url":"https:\/\/framtidenskarriar.se\/itdata\/wp-content\/uploads\/sites\/13\/2022\/02\/forsakring-folksam-5.jpg","contentUrl":"https:\/\/framtidenskarriar.se\/itdata\/wp-content\/uploads\/sites\/13\/2022\/02\/forsakring-folksam-5.jpg","width":1000,"height":648,"caption":"Folksam, Anders Lundsten"},{"@type":"BreadcrumbList","@id":"https:\/\/framtidenskarriar.se\/itdata\/2022\/02\/18\/it-tung-bransch-mitt-i-ett-historiskt-teknikskifte\/#breadcrumb","itemListElement":[{"@type":"ListItem","position":1,"name":"Home","item":"https:\/\/framtidenskarriar.se\/itdata\/"},{"@type":"ListItem","position":2,"name":"It-tung bransch mitt i ett historiskt teknikskifte"}]},{"@type":"WebSite","@id":"https:\/\/framtidenskarriar.se\/itdata\/#website","url":"https:\/\/framtidenskarriar.se\/itdata\/","name":"Framtidens karri\u00e4r IT & Data","description":"Just another NMDashboard.se Sites site","potentialAction":[{"@type":"SearchAction","target":{"@type":"EntryPoint","urlTemplate":"https:\/\/framtidenskarriar.se\/itdata\/?s={search_term_string}"},"query-input":{"@type":"PropertyValueSpecification","valueRequired":true,"valueName":"search_term_string"}}],"inLanguage":"sv-SE"},{"@type":"Person","@id":"https:\/\/framtidenskarriar.se\/itdata\/#\/schema\/person\/c8a43eb855191e573b73ecf8987a3b99","name":"stellanstal","image":{"@type":"ImageObject","inLanguage":"sv-SE","@id":"https:\/\/secure.gravatar.com\/avatar\/cd330fa6bb17f598124b2068ee0b189e4fe0987a50af9d53b78410836060d0c9?s=96&d=mm&r=g","url":"https:\/\/secure.gravatar.com\/avatar\/cd330fa6bb17f598124b2068ee0b189e4fe0987a50af9d53b78410836060d0c9?s=96&d=mm&r=g","contentUrl":"https:\/\/secure.gravatar.com\/avatar\/cd330fa6bb17f598124b2068ee0b189e4fe0987a50af9d53b78410836060d0c9?s=96&d=mm&r=g","caption":"stellanstal"},"url":"https:\/\/framtidenskarriar.se\/itdata\/author\/stellanstal\/"}]}},"_links":{"self":[{"href":"https:\/\/framtidenskarriar.se\/itdata\/wp-json\/wp\/v2\/posts\/7271","targetHints":{"allow":["GET"]}}],"collection":[{"href":"https:\/\/framtidenskarriar.se\/itdata\/wp-json\/wp\/v2\/posts"}],"about":[{"href":"https:\/\/framtidenskarriar.se\/itdata\/wp-json\/wp\/v2\/types\/post"}],"author":[{"embeddable":true,"href":"https:\/\/framtidenskarriar.se\/itdata\/wp-json\/wp\/v2\/users\/3"}],"replies":[{"embeddable":true,"href":"https:\/\/framtidenskarriar.se\/itdata\/wp-json\/wp\/v2\/comments?post=7271"}],"version-history":[{"count":3,"href":"https:\/\/framtidenskarriar.se\/itdata\/wp-json\/wp\/v2\/posts\/7271\/revisions"}],"predecessor-version":[{"id":7285,"href":"https:\/\/framtidenskarriar.se\/itdata\/wp-json\/wp\/v2\/posts\/7271\/revisions\/7285"}],"wp:featuredmedia":[{"embeddable":true,"href":"https:\/\/framtidenskarriar.se\/itdata\/wp-json\/wp\/v2\/media\/7277"}],"wp:attachment":[{"href":"https:\/\/framtidenskarriar.se\/itdata\/wp-json\/wp\/v2\/media?parent=7271"}],"wp:term":[{"taxonomy":"category","embeddable":true,"href":"https:\/\/framtidenskarriar.se\/itdata\/wp-json\/wp\/v2\/categories?post=7271"},{"taxonomy":"post_tag","embeddable":true,"href":"https:\/\/framtidenskarriar.se\/itdata\/wp-json\/wp\/v2\/tags?post=7271"}],"curies":[{"name":"wp","href":"https:\/\/api.w.org\/{rel}","templated":true}]}}