{"id":7296,"date":"2022-02-18T11:38:15","date_gmt":"2022-02-18T11:38:15","guid":{"rendered":"https:\/\/framtidenskarriar.se\/itdata\/?p=7296"},"modified":"2023-02-14T11:13:21","modified_gmt":"2023-02-14T11:13:21","slug":"var-med-och-skapa-ett-tryggare-samhalle","status":"publish","type":"post","link":"https:\/\/framtidenskarriar.se\/itdata\/2022\/02\/18\/var-med-och-skapa-ett-tryggare-samhalle\/","title":{"rendered":"Var med och skapa ett tryggare samh\u00e4lle!"},"content":{"rendered":"\n<figure class=\"wp-block-image size-full\"><img loading=\"lazy\" decoding=\"async\" width=\"1000\" height=\"638\" src=\"https:\/\/framtidenskarriar.se\/itdata\/wp-content\/uploads\/sites\/13\/2022\/02\/krimvard-dsc-1597.jpg\" alt=\"Joakim Lidstedt och Nathalie Johansson p\u00e5 Kriminalv\u00e5rden. Foto: Martin Roth\" class=\"wp-image-7298\" srcset=\"https:\/\/framtidenskarriar.se\/itdata\/wp-content\/uploads\/sites\/13\/2022\/02\/krimvard-dsc-1597.jpg 1000w, https:\/\/framtidenskarriar.se\/itdata\/wp-content\/uploads\/sites\/13\/2022\/02\/krimvard-dsc-1597-300x191.jpg 300w, https:\/\/framtidenskarriar.se\/itdata\/wp-content\/uploads\/sites\/13\/2022\/02\/krimvard-dsc-1597-768x490.jpg 768w, https:\/\/framtidenskarriar.se\/itdata\/wp-content\/uploads\/sites\/13\/2022\/02\/krimvard-dsc-1597-251x160.jpg 251w, https:\/\/framtidenskarriar.se\/itdata\/wp-content\/uploads\/sites\/13\/2022\/02\/krimvard-dsc-1597-526x336.jpg 526w, https:\/\/framtidenskarriar.se\/itdata\/wp-content\/uploads\/sites\/13\/2022\/02\/krimvard-dsc-1597-720x459.jpg 720w, https:\/\/framtidenskarriar.se\/itdata\/wp-content\/uploads\/sites\/13\/2022\/02\/krimvard-dsc-1597-960x612.jpg 960w\" sizes=\"auto, (max-width: 1000px) 100vw, 1000px\" \/><figcaption class=\"wp-element-caption\">Joakim Lidstedt och Nathalie Johansson p\u00e5 Kriminalv\u00e5rden. Foto: Martin Roth<\/figcaption><\/figure>\n\n\n\n<p><strong>Vill du kombinera ett rikt utbud av kompetensutveckling och karri\u00e4rv\u00e4gar med att g\u00f6ra verklig samh\u00e4llsnytta? V\u00e4lkommen till Kriminalv\u00e5rden, d\u00e4r du som har kunskaper och erfarenheter inom IT kan vara med och driva digitaliseringen och skapa framtidens l\u00f6sningar.<\/strong><\/p>\n\n\n\n<p>Inom Kriminalv\u00e5rden sker stora f\u00f6r\u00e4ndringar, med digitalisering och smart teknik som motor i utvecklingen. Ytterst handlar det om att utveckla innovativa l\u00f6sningar som underl\u00e4ttar arbetet med att rehabilitera brottsd\u00f6mda och minska risken f\u00f6r \u00e5terfall i brott. D\u00e4rmed skapas ett tryggare samh\u00e4lle.<br>\u2013 Det \u00e4r den starka kopplingen till samh\u00e4llsnytta som driver mig och som g\u00f6r arbetet h\u00e4r s\u00e5 sp\u00e4nnande och men\u00adingsfullt. Jag vill vara med och p\u00e5verka samh\u00e4llsutvecklingen p\u00e5 ett positivt s\u00e4tt, genom att tillvarata digitaliseringens m\u00f6jligheter, s\u00e4ger Nathalie Johansson. Nathalie \u00e4r systemvetare i botten och har erfarenhet av bland annat krav\u00adanalys och projektledning, b\u00e5de inom en annan statlig myndighet och det privata n\u00e4ringslivet.<\/p>\n\n\n\n<p class=\"has-color-white-01-color has-text-color has-background\" style=\"background-color:#003148\"><strong><a href=\"https:\/\/www.krimtech.se\/\" title=\"Kriminalv\u00e5rden VT22 pres l\u00e4s mer\" target=\"_blank\" rel=\"noreferrer noopener\">Krim:Tech \u00e4r myndighetens resa mot en mer digital kriminalv\u00e5rd. <span style=\"text-decoration: underline;\">Klicka h\u00e4r f\u00f6r att l\u00e4sa mer och se v\u00e5ra lediga tj\u00e4nster<\/span><\/a><\/strong><\/p>\n\n\n\n<p><strong>Jobbar n\u00e4ra k\u00e4rnverksamhet<\/strong><br>Nathalie kom till Kriminalv\u00e5rden f\u00f6r sju m\u00e5nader sedan och arbetar idag som chef f\u00f6r en grupp systemutvecklare f\u00f6r det egenbyggda systemet Kriminalv\u00e5rdsregistret, KVR. Detta \u00e4r betydelsefullt f\u00f6r verksamheten, eftersom det st\u00f6djer k\u00e4rnverksamhetens arbete med intagna och anv\u00e4nds av medarbetare med m\u00e5nga olika roller inom Kriminalv\u00e5rden.<br>\u2013 V\u00e5rt arbete inom IT \u00e4r helt centralt f\u00f6r att k\u00e4rnverksamheten ska fungera optimalt. Genom att skapa bra f\u00f6ruts\u00e4ttningar f\u00f6r alla v\u00e5ra anst\u00e4llda och se till att de f\u00e5r r\u00e4tt information i r\u00e4tt tid frig\u00f6r vi resurser f\u00f6r det viktiga arbetet med klienterna. Digitaliseringen \u00e4r ett verktyg som effektiviserar m\u00e5nga arbetsmoment och vi har ambitionen att arbeta v\u00e4ldigt n\u00e4ra k\u00e4rnverksamheten och lyssnar in deras behov. I slut\u00e4ndan handlar det om v\u00e5ra intagna och att de ska f\u00e5 de b\u00e4sta m\u00f6jligheterna att \u00e5teranpassas till samh\u00e4llet, f\u00f6rklarar Nathalie.<\/p>\n\n\n\n<p><strong>Prova olika roller<\/strong><br>Kollegan Joakim Lidstedt kom till Kriminalv\u00e5rden direkt efter civilingenj\u00f6rsexamen i datateknik fr\u00e5n Link\u00f6pings universitet. Det var ett traineeprogram som gjorde att han fick upp \u00f6gonen f\u00f6r Kriminalv\u00e5rden.<br>\u2013 Det var ett perfekt s\u00e4tt att komma in i arbetslivet och en chans att f\u00e5 arbeta med m\u00e5nga olika uppgifter och pr\u00f6va p\u00e5 olika roller. Det var verkligen l\u00e4rorikt och jag trivdes v\u00e4ldigt bra, ber\u00e4ttar han.<br>N\u00e4r traineeprogrammet var klart efter ett drygt halv\u00e5r fick Joakim en tj\u00e4nst som integrationsutvecklare, d\u00e4r han var med och byggde integrationsl\u00f6sningar f\u00f6r en rad olika IT-system. N\u00e4r han h\u00f6sten 2021 fick erbjudandet att axla rollen som s\u00e4kerhets\u00adexpert i IT-arkitektur tvekade han inte eftersom detta \u00e4r ett omr\u00e5de som han intresserat sig f\u00f6r \u00e4nda sedan studietiden. Inf\u00f6r den nya tj\u00e4nsten fick han m\u00f6jlighet att g\u00e5 en utbildning i arkitektur\u00adutveckling.<br>\u2013 Kriminalv\u00e5rden satsar mycket p\u00e5 kompetensutveckling och olika internutbildningar och jag upplever verkligen att man f\u00e5r st\u00f6d och uppmuntran av chefer och ledning att v\u00e4xa professionellt. M\u00e5nga inom IT tar chansen att prova olika roller och funktioner och g\u00f6ra intern karri\u00e4r. Det finns verkligen otroligt m\u00e5nga olika m\u00f6jligheter h\u00e4r, ber\u00e4ttar han.<\/p>\n\n\n\n<p><strong>S\u00f6ker m\u00e5nga kompetenser<\/strong><br>Nu s\u00f6ker kriminalv\u00e5rden nya engagerade IT-medarbetare som vill vara med och utveckla verksamheten. Det finns behov av ett brett spektrum av kompetens inom systemutveckling, arkitektur, projektledning och IT-infrastruktur. H\u00e4r kan du utvecklas professionellt i kompetenta, sammansvetsade team, d\u00e4r det \u00e4r h\u00f6gt i tak, l\u00f6sningsorienterat och st\u00f6djande.<br>\u2013 Som medarbetare h\u00e4r kan man vara med och p\u00e5verka utvecklingen. Det tas emot positivt om man har egna id\u00e9er och kommer med f\u00f6rslag eftersom det finns ett starkt fokus p\u00e5 att driva verksamheten fram\u00e5t. Dessutom \u00e4r det trevligt rent socialt. Vi har bra st\u00e4mning och kul ihop, s\u00e4ger Joakim.<br>Nathalie avslutar:<br>\u2013 Om du \u00e4r nyfiken p\u00e5 Kriminalv\u00e5rden och vill utvecklas i ett jobb d\u00e4r du faktiskt g\u00f6r skillnad p\u00e5 riktigt, s\u00e5 tveka inte att s\u00f6ka hit. De personliga egenskaperna \u00e4r minst lika viktiga som de formella meriterna. Vi letar alltid efter nya talanger inom IT!<\/p>\n\n\n\n<p class=\"has-color-white-01-color has-text-color has-background\" style=\"background-color:#003148\"><strong><a href=\"https:\/\/www.krimtech.se\/\" title=\"Kriminalv\u00e5rden VT22 pres l\u00e4s mer\" target=\"_blank\" rel=\"noreferrer noopener\">Krim:Tech \u00e4r myndighetens resa mot en mer digital kriminalv\u00e5rd. <span style=\"text-decoration: underline;\">Klicka h\u00e4r f\u00f6r att l\u00e4sa mer och se v\u00e5ra lediga tj\u00e4nster<\/span><\/a><\/strong><\/p>\n\n\n\n<div class=\"wp-block-group faktaruta\"><div class=\"wp-block-group__inner-container is-layout-flow wp-block-group-is-layout-flow\">\n<h6 class=\"wp-block-heading\" id=\"kriminalvarden\">Kriminalv\u00e5rden<\/h6>\n\n\n\n<p>Kriminalv\u00e5rden \u00e4r en del av r\u00e4ttsv\u00e4sendet. Vi har ansvar f\u00f6r f\u00e4ngelser, friv\u00e5rd och h\u00e4kten. Vi arbetar f\u00f6r att g\u00f6ra samh\u00e4llet s\u00e4krare och tryggare. V\u00e5rt viktigaste m\u00e5l \u00e4r att minska \u00e5terfall i brott \u2013 att bryta den onda cirkeln. Krim:Tech \u00e4r myndighetens resa mot en mer digital kriminalv\u00e5rd. Med hj\u00e4lp av den senaste tekniken och forskningen ska initiativet st\u00f6dja myndighetens utveckling av nya och f\u00f6rb\u00e4ttrade digitala l\u00f6sningar. Kriminalv\u00e5rdens IT-avdelning har cirka 200 anst\u00e4llda och \u00e4r placerad i Norr\u00adk\u00f6ping. Under 2022 forts\u00e4tter vi att v\u00e4xa och planerar att rekrytera cirka 50 nya medarbetare till sp\u00e4nnande roller inom IT. L\u00e4s mer om oss p\u00e5:<br><br><strong><a href=\"https:\/\/www.krimtech.se\/\" title=\"Kriminalv\u00e5rden VT22 pres textlink\" target=\"_blank\" rel=\"noreferrer noopener\">www.krimtech.se<\/a><\/strong><br><br><a href=\"https:\/\/www.krimtech.se\/\" title=\"Kriminalv\u00e5rden VT22 pres logotype\" target=\"_blank\" rel=\"noreferrer noopener\"><img loading=\"lazy\" decoding=\"async\" width=\"150\" height=\"43\" class=\"wp-image-7297\" style=\"width: 150px;\" src=\"https:\/\/framtidenskarriar.se\/itdata\/wp-content\/uploads\/sites\/13\/2022\/02\/kriminalvarden-logo.png\" alt=\"\" srcset=\"https:\/\/framtidenskarriar.se\/itdata\/wp-content\/uploads\/sites\/13\/2022\/02\/kriminalvarden-logo.png 750w, https:\/\/framtidenskarriar.se\/itdata\/wp-content\/uploads\/sites\/13\/2022\/02\/kriminalvarden-logo-300x86.png 300w, https:\/\/framtidenskarriar.se\/itdata\/wp-content\/uploads\/sites\/13\/2022\/02\/kriminalvarden-logo-561x160.png 561w, https:\/\/framtidenskarriar.se\/itdata\/wp-content\/uploads\/sites\/13\/2022\/02\/kriminalvarden-logo-526x150.png 526w, https:\/\/framtidenskarriar.se\/itdata\/wp-content\/uploads\/sites\/13\/2022\/02\/kriminalvarden-logo-720x205.png 720w\" sizes=\"auto, (max-width: 150px) 100vw, 150px\" \/><\/a><\/p>\n<\/div><\/div>\n","protected":false},"excerpt":{"rendered":"<p>Vill du kombinera ett rikt utbud av kompetensutveckling och karri\u00e4rv\u00e4gar med att g\u00f6ra verklig samh\u00e4llsnytta?<\/p>\n","protected":false},"author":2,"featured_media":7298,"comment_status":"open","ping_status":"open","sticky":false,"template":"","format":"standard","meta":{"_acf_changed":false,"_monsterinsights_skip_tracking":false,"_monsterinsights_sitenote_active":false,"_monsterinsights_sitenote_note":"","_monsterinsights_sitenote_category":0,"footnotes":""},"categories":[9],"tags":[140,311,241],"class_list":["post-7296","post","type-post","status-publish","format-standard","has-post-thumbnail","hentry","category-presentation","tag-jobba-statligt","tag-kriminalvarden","tag-statligt"],"acf":[],"yoast_head":"<!-- This site is optimized with the Yoast SEO plugin v27.3 - https:\/\/yoast.com\/product\/yoast-seo-wordpress\/ -->\n<title>Var med och skapa ett tryggare samh\u00e4lle! - Framtidens karri\u00e4r IT &amp; Data<\/title>\n<meta name=\"robots\" content=\"index, follow, max-snippet:-1, max-image-preview:large, max-video-preview:-1\" \/>\n<link rel=\"canonical\" href=\"https:\/\/framtidenskarriar.se\/itdata\/2022\/02\/18\/var-med-och-skapa-ett-tryggare-samhalle\/\" \/>\n<meta property=\"og:locale\" content=\"sv_SE\" \/>\n<meta property=\"og:type\" content=\"article\" \/>\n<meta property=\"og:title\" content=\"Var med och skapa ett tryggare samh\u00e4lle! - Framtidens karri\u00e4r IT &amp; Data\" \/>\n<meta property=\"og:description\" content=\"Vill du kombinera ett rikt utbud av kompetensutveckling och karri\u00e4rv\u00e4gar med att g\u00f6ra verklig samh\u00e4llsnytta?\" \/>\n<meta property=\"og:url\" content=\"https:\/\/framtidenskarriar.se\/itdata\/2022\/02\/18\/var-med-och-skapa-ett-tryggare-samhalle\/\" \/>\n<meta property=\"og:site_name\" content=\"Framtidens karri\u00e4r IT &amp; Data\" \/>\n<meta property=\"article:published_time\" content=\"2022-02-18T11:38:15+00:00\" \/>\n<meta property=\"article:modified_time\" content=\"2023-02-14T11:13:21+00:00\" \/>\n<meta property=\"og:image\" content=\"https:\/\/framtidenskarriar.se\/itdata\/wp-content\/uploads\/sites\/13\/2022\/02\/krimvard-dsc-1597.jpg\" \/>\n\t<meta property=\"og:image:width\" content=\"1000\" \/>\n\t<meta property=\"og:image:height\" content=\"638\" \/>\n\t<meta property=\"og:image:type\" content=\"image\/jpeg\" \/>\n<meta name=\"author\" content=\"viktorwallen\" \/>\n<meta name=\"twitter:card\" content=\"summary_large_image\" \/>\n<meta name=\"twitter:label1\" content=\"Skriven av\" \/>\n\t<meta name=\"twitter:data1\" content=\"viktorwallen\" \/>\n\t<meta name=\"twitter:label2\" content=\"Ber\u00e4knad l\u00e4stid\" \/>\n\t<meta name=\"twitter:data2\" content=\"5 minuter\" \/>\n<script type=\"application\/ld+json\" class=\"yoast-schema-graph\">{\"@context\":\"https:\\\/\\\/schema.org\",\"@graph\":[{\"@type\":\"Article\",\"@id\":\"https:\\\/\\\/framtidenskarriar.se\\\/itdata\\\/2022\\\/02\\\/18\\\/var-med-och-skapa-ett-tryggare-samhalle\\\/#article\",\"isPartOf\":{\"@id\":\"https:\\\/\\\/framtidenskarriar.se\\\/itdata\\\/2022\\\/02\\\/18\\\/var-med-och-skapa-ett-tryggare-samhalle\\\/\"},\"author\":{\"name\":\"viktorwallen\",\"@id\":\"https:\\\/\\\/framtidenskarriar.se\\\/itdata\\\/#\\\/schema\\\/person\\\/2a13a849ec7646386c2211f59afe3083\"},\"headline\":\"Var med och skapa ett tryggare samh\u00e4lle!\",\"datePublished\":\"2022-02-18T11:38:15+00:00\",\"dateModified\":\"2023-02-14T11:13:21+00:00\",\"mainEntityOfPage\":{\"@id\":\"https:\\\/\\\/framtidenskarriar.se\\\/itdata\\\/2022\\\/02\\\/18\\\/var-med-och-skapa-ett-tryggare-samhalle\\\/\"},\"wordCount\":929,\"commentCount\":0,\"image\":{\"@id\":\"https:\\\/\\\/framtidenskarriar.se\\\/itdata\\\/2022\\\/02\\\/18\\\/var-med-och-skapa-ett-tryggare-samhalle\\\/#primaryimage\"},\"thumbnailUrl\":\"https:\\\/\\\/framtidenskarriar.se\\\/itdata\\\/wp-content\\\/uploads\\\/sites\\\/13\\\/2022\\\/02\\\/krimvard-dsc-1597.jpg\",\"keywords\":[\"Jobba statligt\",\"Kriminalv\u00e5rden\",\"Statligt\"],\"articleSection\":[\"Presentation\"],\"inLanguage\":\"sv-SE\",\"potentialAction\":[{\"@type\":\"CommentAction\",\"name\":\"Comment\",\"target\":[\"https:\\\/\\\/framtidenskarriar.se\\\/itdata\\\/2022\\\/02\\\/18\\\/var-med-och-skapa-ett-tryggare-samhalle\\\/#respond\"]}]},{\"@type\":\"WebPage\",\"@id\":\"https:\\\/\\\/framtidenskarriar.se\\\/itdata\\\/2022\\\/02\\\/18\\\/var-med-och-skapa-ett-tryggare-samhalle\\\/\",\"url\":\"https:\\\/\\\/framtidenskarriar.se\\\/itdata\\\/2022\\\/02\\\/18\\\/var-med-och-skapa-ett-tryggare-samhalle\\\/\",\"name\":\"Var med och skapa ett tryggare samh\u00e4lle! - Framtidens karri\u00e4r IT & Data\",\"isPartOf\":{\"@id\":\"https:\\\/\\\/framtidenskarriar.se\\\/itdata\\\/#website\"},\"primaryImageOfPage\":{\"@id\":\"https:\\\/\\\/framtidenskarriar.se\\\/itdata\\\/2022\\\/02\\\/18\\\/var-med-och-skapa-ett-tryggare-samhalle\\\/#primaryimage\"},\"image\":{\"@id\":\"https:\\\/\\\/framtidenskarriar.se\\\/itdata\\\/2022\\\/02\\\/18\\\/var-med-och-skapa-ett-tryggare-samhalle\\\/#primaryimage\"},\"thumbnailUrl\":\"https:\\\/\\\/framtidenskarriar.se\\\/itdata\\\/wp-content\\\/uploads\\\/sites\\\/13\\\/2022\\\/02\\\/krimvard-dsc-1597.jpg\",\"datePublished\":\"2022-02-18T11:38:15+00:00\",\"dateModified\":\"2023-02-14T11:13:21+00:00\",\"author\":{\"@id\":\"https:\\\/\\\/framtidenskarriar.se\\\/itdata\\\/#\\\/schema\\\/person\\\/2a13a849ec7646386c2211f59afe3083\"},\"breadcrumb\":{\"@id\":\"https:\\\/\\\/framtidenskarriar.se\\\/itdata\\\/2022\\\/02\\\/18\\\/var-med-och-skapa-ett-tryggare-samhalle\\\/#breadcrumb\"},\"inLanguage\":\"sv-SE\",\"potentialAction\":[{\"@type\":\"ReadAction\",\"target\":[\"https:\\\/\\\/framtidenskarriar.se\\\/itdata\\\/2022\\\/02\\\/18\\\/var-med-och-skapa-ett-tryggare-samhalle\\\/\"]}]},{\"@type\":\"ImageObject\",\"inLanguage\":\"sv-SE\",\"@id\":\"https:\\\/\\\/framtidenskarriar.se\\\/itdata\\\/2022\\\/02\\\/18\\\/var-med-och-skapa-ett-tryggare-samhalle\\\/#primaryimage\",\"url\":\"https:\\\/\\\/framtidenskarriar.se\\\/itdata\\\/wp-content\\\/uploads\\\/sites\\\/13\\\/2022\\\/02\\\/krimvard-dsc-1597.jpg\",\"contentUrl\":\"https:\\\/\\\/framtidenskarriar.se\\\/itdata\\\/wp-content\\\/uploads\\\/sites\\\/13\\\/2022\\\/02\\\/krimvard-dsc-1597.jpg\",\"width\":1000,\"height\":638,\"caption\":\"Joakim Lidstedt och Nathalie Johansson p\u00e5 Kriminalv\u00e5rden. Foto: Martin Roth\"},{\"@type\":\"BreadcrumbList\",\"@id\":\"https:\\\/\\\/framtidenskarriar.se\\\/itdata\\\/2022\\\/02\\\/18\\\/var-med-och-skapa-ett-tryggare-samhalle\\\/#breadcrumb\",\"itemListElement\":[{\"@type\":\"ListItem\",\"position\":1,\"name\":\"Home\",\"item\":\"https:\\\/\\\/framtidenskarriar.se\\\/itdata\\\/\"},{\"@type\":\"ListItem\",\"position\":2,\"name\":\"Var med och skapa ett tryggare samh\u00e4lle!\"}]},{\"@type\":\"WebSite\",\"@id\":\"https:\\\/\\\/framtidenskarriar.se\\\/itdata\\\/#website\",\"url\":\"https:\\\/\\\/framtidenskarriar.se\\\/itdata\\\/\",\"name\":\"Framtidens karri\u00e4r IT & Data\",\"description\":\"Just another NMDashboard.se Sites site\",\"potentialAction\":[{\"@type\":\"SearchAction\",\"target\":{\"@type\":\"EntryPoint\",\"urlTemplate\":\"https:\\\/\\\/framtidenskarriar.se\\\/itdata\\\/?s={search_term_string}\"},\"query-input\":{\"@type\":\"PropertyValueSpecification\",\"valueRequired\":true,\"valueName\":\"search_term_string\"}}],\"inLanguage\":\"sv-SE\"},{\"@type\":\"Person\",\"@id\":\"https:\\\/\\\/framtidenskarriar.se\\\/itdata\\\/#\\\/schema\\\/person\\\/2a13a849ec7646386c2211f59afe3083\",\"name\":\"viktorwallen\",\"image\":{\"@type\":\"ImageObject\",\"inLanguage\":\"sv-SE\",\"@id\":\"https:\\\/\\\/secure.gravatar.com\\\/avatar\\\/701701bd36169636031933997c8c6b954f2f635bbb7cd4802e4a007f9c9f4e59?s=96&d=mm&r=g\",\"url\":\"https:\\\/\\\/secure.gravatar.com\\\/avatar\\\/701701bd36169636031933997c8c6b954f2f635bbb7cd4802e4a007f9c9f4e59?s=96&d=mm&r=g\",\"contentUrl\":\"https:\\\/\\\/secure.gravatar.com\\\/avatar\\\/701701bd36169636031933997c8c6b954f2f635bbb7cd4802e4a007f9c9f4e59?s=96&d=mm&r=g\",\"caption\":\"viktorwallen\"},\"url\":\"https:\\\/\\\/framtidenskarriar.se\\\/itdata\\\/author\\\/viktorwallen\\\/\"}]}<\/script>\n<!-- \/ Yoast SEO plugin. -->","yoast_head_json":{"title":"Var med och skapa ett tryggare samh\u00e4lle! - Framtidens karri\u00e4r IT & Data","robots":{"index":"index","follow":"follow","max-snippet":"max-snippet:-1","max-image-preview":"max-image-preview:large","max-video-preview":"max-video-preview:-1"},"canonical":"https:\/\/framtidenskarriar.se\/itdata\/2022\/02\/18\/var-med-och-skapa-ett-tryggare-samhalle\/","og_locale":"sv_SE","og_type":"article","og_title":"Var med och skapa ett tryggare samh\u00e4lle! - Framtidens karri\u00e4r IT & Data","og_description":"Vill du kombinera ett rikt utbud av kompetensutveckling och karri\u00e4rv\u00e4gar med att g\u00f6ra verklig samh\u00e4llsnytta?","og_url":"https:\/\/framtidenskarriar.se\/itdata\/2022\/02\/18\/var-med-och-skapa-ett-tryggare-samhalle\/","og_site_name":"Framtidens karri\u00e4r IT & Data","article_published_time":"2022-02-18T11:38:15+00:00","article_modified_time":"2023-02-14T11:13:21+00:00","og_image":[{"width":1000,"height":638,"url":"https:\/\/framtidenskarriar.se\/itdata\/wp-content\/uploads\/sites\/13\/2022\/02\/krimvard-dsc-1597.jpg","type":"image\/jpeg"}],"author":"viktorwallen","twitter_card":"summary_large_image","twitter_misc":{"Skriven av":"viktorwallen","Ber\u00e4knad l\u00e4stid":"5 minuter"},"schema":{"@context":"https:\/\/schema.org","@graph":[{"@type":"Article","@id":"https:\/\/framtidenskarriar.se\/itdata\/2022\/02\/18\/var-med-och-skapa-ett-tryggare-samhalle\/#article","isPartOf":{"@id":"https:\/\/framtidenskarriar.se\/itdata\/2022\/02\/18\/var-med-och-skapa-ett-tryggare-samhalle\/"},"author":{"name":"viktorwallen","@id":"https:\/\/framtidenskarriar.se\/itdata\/#\/schema\/person\/2a13a849ec7646386c2211f59afe3083"},"headline":"Var med och skapa ett tryggare samh\u00e4lle!","datePublished":"2022-02-18T11:38:15+00:00","dateModified":"2023-02-14T11:13:21+00:00","mainEntityOfPage":{"@id":"https:\/\/framtidenskarriar.se\/itdata\/2022\/02\/18\/var-med-och-skapa-ett-tryggare-samhalle\/"},"wordCount":929,"commentCount":0,"image":{"@id":"https:\/\/framtidenskarriar.se\/itdata\/2022\/02\/18\/var-med-och-skapa-ett-tryggare-samhalle\/#primaryimage"},"thumbnailUrl":"https:\/\/framtidenskarriar.se\/itdata\/wp-content\/uploads\/sites\/13\/2022\/02\/krimvard-dsc-1597.jpg","keywords":["Jobba statligt","Kriminalv\u00e5rden","Statligt"],"articleSection":["Presentation"],"inLanguage":"sv-SE","potentialAction":[{"@type":"CommentAction","name":"Comment","target":["https:\/\/framtidenskarriar.se\/itdata\/2022\/02\/18\/var-med-och-skapa-ett-tryggare-samhalle\/#respond"]}]},{"@type":"WebPage","@id":"https:\/\/framtidenskarriar.se\/itdata\/2022\/02\/18\/var-med-och-skapa-ett-tryggare-samhalle\/","url":"https:\/\/framtidenskarriar.se\/itdata\/2022\/02\/18\/var-med-och-skapa-ett-tryggare-samhalle\/","name":"Var med och skapa ett tryggare samh\u00e4lle! - Framtidens karri\u00e4r IT & Data","isPartOf":{"@id":"https:\/\/framtidenskarriar.se\/itdata\/#website"},"primaryImageOfPage":{"@id":"https:\/\/framtidenskarriar.se\/itdata\/2022\/02\/18\/var-med-och-skapa-ett-tryggare-samhalle\/#primaryimage"},"image":{"@id":"https:\/\/framtidenskarriar.se\/itdata\/2022\/02\/18\/var-med-och-skapa-ett-tryggare-samhalle\/#primaryimage"},"thumbnailUrl":"https:\/\/framtidenskarriar.se\/itdata\/wp-content\/uploads\/sites\/13\/2022\/02\/krimvard-dsc-1597.jpg","datePublished":"2022-02-18T11:38:15+00:00","dateModified":"2023-02-14T11:13:21+00:00","author":{"@id":"https:\/\/framtidenskarriar.se\/itdata\/#\/schema\/person\/2a13a849ec7646386c2211f59afe3083"},"breadcrumb":{"@id":"https:\/\/framtidenskarriar.se\/itdata\/2022\/02\/18\/var-med-och-skapa-ett-tryggare-samhalle\/#breadcrumb"},"inLanguage":"sv-SE","potentialAction":[{"@type":"ReadAction","target":["https:\/\/framtidenskarriar.se\/itdata\/2022\/02\/18\/var-med-och-skapa-ett-tryggare-samhalle\/"]}]},{"@type":"ImageObject","inLanguage":"sv-SE","@id":"https:\/\/framtidenskarriar.se\/itdata\/2022\/02\/18\/var-med-och-skapa-ett-tryggare-samhalle\/#primaryimage","url":"https:\/\/framtidenskarriar.se\/itdata\/wp-content\/uploads\/sites\/13\/2022\/02\/krimvard-dsc-1597.jpg","contentUrl":"https:\/\/framtidenskarriar.se\/itdata\/wp-content\/uploads\/sites\/13\/2022\/02\/krimvard-dsc-1597.jpg","width":1000,"height":638,"caption":"Joakim Lidstedt och Nathalie Johansson p\u00e5 Kriminalv\u00e5rden. Foto: Martin Roth"},{"@type":"BreadcrumbList","@id":"https:\/\/framtidenskarriar.se\/itdata\/2022\/02\/18\/var-med-och-skapa-ett-tryggare-samhalle\/#breadcrumb","itemListElement":[{"@type":"ListItem","position":1,"name":"Home","item":"https:\/\/framtidenskarriar.se\/itdata\/"},{"@type":"ListItem","position":2,"name":"Var med och skapa ett tryggare samh\u00e4lle!"}]},{"@type":"WebSite","@id":"https:\/\/framtidenskarriar.se\/itdata\/#website","url":"https:\/\/framtidenskarriar.se\/itdata\/","name":"Framtidens karri\u00e4r IT & Data","description":"Just another NMDashboard.se Sites site","potentialAction":[{"@type":"SearchAction","target":{"@type":"EntryPoint","urlTemplate":"https:\/\/framtidenskarriar.se\/itdata\/?s={search_term_string}"},"query-input":{"@type":"PropertyValueSpecification","valueRequired":true,"valueName":"search_term_string"}}],"inLanguage":"sv-SE"},{"@type":"Person","@id":"https:\/\/framtidenskarriar.se\/itdata\/#\/schema\/person\/2a13a849ec7646386c2211f59afe3083","name":"viktorwallen","image":{"@type":"ImageObject","inLanguage":"sv-SE","@id":"https:\/\/secure.gravatar.com\/avatar\/701701bd36169636031933997c8c6b954f2f635bbb7cd4802e4a007f9c9f4e59?s=96&d=mm&r=g","url":"https:\/\/secure.gravatar.com\/avatar\/701701bd36169636031933997c8c6b954f2f635bbb7cd4802e4a007f9c9f4e59?s=96&d=mm&r=g","contentUrl":"https:\/\/secure.gravatar.com\/avatar\/701701bd36169636031933997c8c6b954f2f635bbb7cd4802e4a007f9c9f4e59?s=96&d=mm&r=g","caption":"viktorwallen"},"url":"https:\/\/framtidenskarriar.se\/itdata\/author\/viktorwallen\/"}]}},"_links":{"self":[{"href":"https:\/\/framtidenskarriar.se\/itdata\/wp-json\/wp\/v2\/posts\/7296","targetHints":{"allow":["GET"]}}],"collection":[{"href":"https:\/\/framtidenskarriar.se\/itdata\/wp-json\/wp\/v2\/posts"}],"about":[{"href":"https:\/\/framtidenskarriar.se\/itdata\/wp-json\/wp\/v2\/types\/post"}],"author":[{"embeddable":true,"href":"https:\/\/framtidenskarriar.se\/itdata\/wp-json\/wp\/v2\/users\/2"}],"replies":[{"embeddable":true,"href":"https:\/\/framtidenskarriar.se\/itdata\/wp-json\/wp\/v2\/comments?post=7296"}],"version-history":[{"count":7,"href":"https:\/\/framtidenskarriar.se\/itdata\/wp-json\/wp\/v2\/posts\/7296\/revisions"}],"predecessor-version":[{"id":7889,"href":"https:\/\/framtidenskarriar.se\/itdata\/wp-json\/wp\/v2\/posts\/7296\/revisions\/7889"}],"wp:featuredmedia":[{"embeddable":true,"href":"https:\/\/framtidenskarriar.se\/itdata\/wp-json\/wp\/v2\/media\/7298"}],"wp:attachment":[{"href":"https:\/\/framtidenskarriar.se\/itdata\/wp-json\/wp\/v2\/media?parent=7296"}],"wp:term":[{"taxonomy":"category","embeddable":true,"href":"https:\/\/framtidenskarriar.se\/itdata\/wp-json\/wp\/v2\/categories?post=7296"},{"taxonomy":"post_tag","embeddable":true,"href":"https:\/\/framtidenskarriar.se\/itdata\/wp-json\/wp\/v2\/tags?post=7296"}],"curies":[{"name":"wp","href":"https:\/\/api.w.org\/{rel}","templated":true}]}}