{"id":7395,"date":"2022-02-18T12:58:01","date_gmt":"2022-02-18T12:58:01","guid":{"rendered":"https:\/\/framtidenskarriar.se\/itdata\/?p=7395"},"modified":"2023-02-14T11:12:51","modified_gmt":"2023-02-14T11:12:51","slug":"sjalvledarskap-och-flexibilitet-pa-kronofogden","status":"publish","type":"post","link":"https:\/\/framtidenskarriar.se\/itdata\/2022\/02\/18\/sjalvledarskap-och-flexibilitet-pa-kronofogden\/","title":{"rendered":"Sj\u00e4lvledarskap och flexibilitet p\u00e5 Kronofogden"},"content":{"rendered":"\n<figure class=\"wp-block-image size-full\"><img loading=\"lazy\" decoding=\"async\" width=\"1000\" height=\"661\" src=\"https:\/\/framtidenskarriar.se\/itdata\/wp-content\/uploads\/sites\/13\/2022\/02\/kronofogden-nebojsa-kfm.jpg\" alt=\"Neboj\u0161a Mitrovi\u0107, omr\u00e5desarkitekt p\u00e5 IT-avdelningen hos Kronofogden.\" class=\"wp-image-7398\" srcset=\"https:\/\/framtidenskarriar.se\/itdata\/wp-content\/uploads\/sites\/13\/2022\/02\/kronofogden-nebojsa-kfm.jpg 1000w, https:\/\/framtidenskarriar.se\/itdata\/wp-content\/uploads\/sites\/13\/2022\/02\/kronofogden-nebojsa-kfm-300x198.jpg 300w, https:\/\/framtidenskarriar.se\/itdata\/wp-content\/uploads\/sites\/13\/2022\/02\/kronofogden-nebojsa-kfm-768x508.jpg 768w, https:\/\/framtidenskarriar.se\/itdata\/wp-content\/uploads\/sites\/13\/2022\/02\/kronofogden-nebojsa-kfm-242x160.jpg 242w, https:\/\/framtidenskarriar.se\/itdata\/wp-content\/uploads\/sites\/13\/2022\/02\/kronofogden-nebojsa-kfm-526x348.jpg 526w, https:\/\/framtidenskarriar.se\/itdata\/wp-content\/uploads\/sites\/13\/2022\/02\/kronofogden-nebojsa-kfm-720x476.jpg 720w, https:\/\/framtidenskarriar.se\/itdata\/wp-content\/uploads\/sites\/13\/2022\/02\/kronofogden-nebojsa-kfm-960x635.jpg 960w\" sizes=\"auto, (max-width: 1000px) 100vw, 1000px\" \/><figcaption class=\"wp-element-caption\">Neboj\u0161a Mitrovi\u0107, omr\u00e5desarkitekt p\u00e5 IT-avdelningen hos Kronofogden.<\/figcaption><\/figure>\n\n\n\n<p><strong>En halvdag i veckan f\u00f6r kompetensutveckling, flexibla arbetsformer och m\u00f6jlighet att jobba fr\u00e5n var som helst i Sverige \u2013 Kronofogden satsar stort p\u00e5 sina medarbetare.<br>\u2013 Vi har ett stort ansvar att sj\u00e4lva styra och ha inflytande \u00f6ver arbetet, och det finns utrymme att prova nya saker, s\u00e4ger Neboj\u0161a Mitrovi\u0107, omr\u00e5desarkitekt p\u00e5 IT-avdelningen.<\/strong><\/p>\n\n\n\n<p>Neboj\u0161a Mitrovi\u0107, som nyligen b\u00f6rjade sin tj\u00e4nst som IT-arkitekt, arbetar f\u00f6r Kronofogden fr\u00e5n J\u00f6nk\u00f6ping. Satsningen p\u00e5 flexibla arbetsformer var en av sakerna som lockade.<br>\u2013 Att man kan styra sin arbetstid till viss del sj\u00e4lv rimmar v\u00e4l med mitt liv och min familjesituation. Balans mellan arbete och fritid \u00e4r en prioriterad fr\u00e5ga inom Kronofogden, s\u00e4ger han.<\/p>\n\n\n\n<p class=\"has-color-white-01-color has-text-color has-background\" style=\"background-color:#003148\"><strong><a href=\"https:\/\/www.kronofogden.se\/jobba-hos-oss\/lediga-jobb\" title=\"Kronofogden VT22 pres jobb ans\u00f6k\" target=\"_blank\" rel=\"noreferrer noopener\">Jobba med oss p\u00e5 Kronofogden. <span style=\"text-decoration: underline;\">Klicka h\u00e4r f\u00f6ra att se v\u00e5ra lediga tj\u00e4nster<\/span><\/a><\/strong><\/p>\n\n\n\n<p><strong>Ser helheten<\/strong><br>P\u00e5 Kronofogden jobbar Neboj\u0161a Mitrovi\u0107 bland annat med att se till att verksamhetens behov av IT-l\u00f6sningar s\u00e4kerst\u00e4lls. Som omr\u00e5desarkitekt har han en viktig roll i utvecklingsarbetet.<br>\u2013 Med utg\u00e5ngspunkt i v\u00e5ra \u00f6vergripande m\u00e5l och strategier hj\u00e4lper jag till att s\u00e4kerst\u00e4lla att vi har r\u00e4tt teknik och s\u00e4kerhetsniv\u00e5 inom Kronofogden. Det ing\u00e5r i en IT-arkitekts ansvar att kunna se helhetsperspektiven och oms\u00e4tta dessa till krav p\u00e5 teknik och s\u00e4kerhet. Kronofogden \u00e4r nu inne i en expansiv plan n\u00e4r det g\u00e4ller att utvidga sina e-tj\u00e4nster mot medborgarna, och d\u00e5 \u00e4r det viktigt att s\u00e4kerhetsaspekten f\u00f6ljer med i det arbetet.<\/p>\n\n\n\n<p><strong>G\u00f6r samh\u00e4llsnytta<\/strong><br>Neboj\u0161a Mitrovi\u0107 tycker ocks\u00e5 att det g\u00f6r arbetet extra meningsfullt att jobba p\u00e5 en myndighet som g\u00f6r samh\u00e4llsnytta.<br>\u2013 Kronofogden har ett viktigt samh\u00e4llsuppdrag, att se till att Sverige har en fungerande kredit- och betalmarknad och att folk inte hamnar i on\u00f6digt h\u00f6g skulds\u00e4ttning; Kronofogden g\u00f6r mycket proaktivt arbete.<br>Karri\u00e4rsm\u00f6jligheterna \u00e4r goda inom Kronofogden. Satsningen p\u00e5 kompetensutveckling \u00e4r stor.<br>\u2013 Vi har en halvdag i veckan reserverad f\u00f6r kompetensutveckling, och mitt intryck \u00e4r att man brukar f\u00e5 ett ja p\u00e5 att g\u00e5 olika kurser. Det \u00e4r v\u00e4ldigt kul, s\u00e4ger Neboj\u0161a Mitrovi\u0107.<\/p>\n\n\n\n<p><strong>H\u00f6g kompetens<\/strong><br>Medarbetarnas inflytande p\u00e5 arbetet \u00e4r stort.<br>\u2013 Sj\u00e4lvledarskap \u00e4r ett nyckelord, och arbetsgivaren har ett stort f\u00f6rtroende f\u00f6r oss, s\u00e5 det finns utrymme att prova p\u00e5 nya saker.<br>Utbytet med kollegor \u00e4r ocks\u00e5 viktigt.<br>\u2013 Vi \u00e4r en stor skara med v\u00e4ldigt kunniga medarbetare p\u00e5 IT-avdelningen \u2013 h\u00e4r finns en h\u00f6g kompetens. \u00c4ven fast m\u00e5nga jobbar fr\u00e5n olika orter finns en stor hj\u00e4lpsamhet kolleger emellan, och man \u00e4r v\u00e4ldigt prestigel\u00f6s. Jag \u00e4r hedrad \u00f6ver att f\u00e5 vara en del av laget p\u00e5 Kronofogden.<\/p>\n\n\n\n<p class=\"has-color-white-01-color has-text-color has-background\" style=\"background-color:#003148\"><strong><a href=\"https:\/\/www.kronofogden.se\/jobba-hos-oss\/lediga-jobb\" title=\"Kronofogden VT22 pres jobb ans\u00f6k\" target=\"_blank\" rel=\"noreferrer noopener\">Jobba med oss p\u00e5 Kronofogden. <span style=\"text-decoration: underline;\">Klicka h\u00e4r f\u00f6ra att se v\u00e5ra lediga tj\u00e4nster<\/span><\/a><\/strong><\/p>\n\n\n\n<div class=\"wp-block-group faktaruta\"><div class=\"wp-block-group__inner-container is-layout-flow wp-block-group-is-layout-flow\">\n<h6 class=\"wp-block-heading\" id=\"kronofogden\">Kronofogden<\/h6>\n\n\n\n<p>P\u00e5 Kronofogden finns n\u00e4rmare 200 medarbetare som arbetar med IT-utveckling. Det p\u00e5g\u00e5r en m\u00e4ngd olika projekt, som handlar om allt ifr\u00e5n att ers\u00e4tta \u00e4ldre och komplexa system till projekt med automatiseringsfokus och moderna e-tj\u00e4nster f\u00f6r medborgarna. Medarbetarna p\u00e5 Kronofogdens IT-avdelning har m\u00f6jlighet till flexibla arbetsformer \u2013 du kan arbeta hemma och p\u00e5 n\u00e5got av Kronofogdens kontor som finns \u00f6ver hela landet.<br><br><strong><a href=\"https:\/\/www.kronofogden.se\/\" title=\"Kronofogden VT22 pres textlink\" target=\"_blank\" rel=\"noreferrer noopener\">www.kronofogden.se<\/a><\/strong><br><br><a href=\"https:\/\/www.kronofogden.se\/jobba-hos-oss\/lediga-jobb\" title=\"Kronofogden VT22 pres logotype\" target=\"_blank\" rel=\"noreferrer noopener\"><img loading=\"lazy\" decoding=\"async\" width=\"180\" height=\"28\" class=\"wp-image-7396\" style=\"width: 180px;\" src=\"https:\/\/framtidenskarriar.se\/itdata\/wp-content\/uploads\/sites\/13\/2022\/02\/kronofogden-cmyk-uncoated.png\" alt=\"\" srcset=\"https:\/\/framtidenskarriar.se\/itdata\/wp-content\/uploads\/sites\/13\/2022\/02\/kronofogden-cmyk-uncoated.png 582w, https:\/\/framtidenskarriar.se\/itdata\/wp-content\/uploads\/sites\/13\/2022\/02\/kronofogden-cmyk-uncoated-300x46.png 300w, https:\/\/framtidenskarriar.se\/itdata\/wp-content\/uploads\/sites\/13\/2022\/02\/kronofogden-cmyk-uncoated-526x81.png 526w\" sizes=\"auto, (max-width: 180px) 100vw, 180px\" \/><\/a><\/p>\n<\/div><\/div>\n","protected":false},"excerpt":{"rendered":"<p>Vi satsar stort p\u00e5 v\u00e5ra medarbetare!<\/p>\n","protected":false},"author":2,"featured_media":7398,"comment_status":"open","ping_status":"open","sticky":false,"template":"","format":"standard","meta":{"_acf_changed":false,"_monsterinsights_skip_tracking":false,"_monsterinsights_sitenote_active":false,"_monsterinsights_sitenote_note":"","_monsterinsights_sitenote_category":0,"footnotes":""},"categories":[9],"tags":[140,155,241],"class_list":["post-7395","post","type-post","status-publish","format-standard","has-post-thumbnail","hentry","category-presentation","tag-jobba-statligt","tag-kronofogden","tag-statligt"],"acf":[],"yoast_head":"<!-- This site is optimized with the Yoast SEO plugin v27.3 - https:\/\/yoast.com\/product\/yoast-seo-wordpress\/ -->\n<title>Sj\u00e4lvledarskap och flexibilitet p\u00e5 Kronofogden - Framtidens karri\u00e4r IT &amp; Data<\/title>\n<meta name=\"robots\" content=\"index, follow, max-snippet:-1, max-image-preview:large, max-video-preview:-1\" \/>\n<link rel=\"canonical\" href=\"https:\/\/framtidenskarriar.se\/itdata\/2022\/02\/18\/sjalvledarskap-och-flexibilitet-pa-kronofogden\/\" \/>\n<meta property=\"og:locale\" content=\"sv_SE\" \/>\n<meta property=\"og:type\" content=\"article\" \/>\n<meta property=\"og:title\" content=\"Sj\u00e4lvledarskap och flexibilitet p\u00e5 Kronofogden - Framtidens karri\u00e4r IT &amp; Data\" \/>\n<meta property=\"og:description\" content=\"Vi satsar stort p\u00e5 v\u00e5ra medarbetare!\" \/>\n<meta property=\"og:url\" content=\"https:\/\/framtidenskarriar.se\/itdata\/2022\/02\/18\/sjalvledarskap-och-flexibilitet-pa-kronofogden\/\" \/>\n<meta property=\"og:site_name\" content=\"Framtidens karri\u00e4r IT &amp; Data\" \/>\n<meta property=\"article:published_time\" content=\"2022-02-18T12:58:01+00:00\" \/>\n<meta property=\"article:modified_time\" content=\"2023-02-14T11:12:51+00:00\" \/>\n<meta property=\"og:image\" content=\"https:\/\/framtidenskarriar.se\/itdata\/wp-content\/uploads\/sites\/13\/2022\/02\/kronofogden-nebojsa-kfm.jpg\" \/>\n\t<meta property=\"og:image:width\" content=\"1000\" \/>\n\t<meta property=\"og:image:height\" content=\"661\" \/>\n\t<meta property=\"og:image:type\" content=\"image\/jpeg\" \/>\n<meta name=\"author\" content=\"viktorwallen\" \/>\n<meta name=\"twitter:card\" content=\"summary_large_image\" \/>\n<meta name=\"twitter:label1\" content=\"Skriven av\" \/>\n\t<meta name=\"twitter:data1\" content=\"viktorwallen\" \/>\n\t<meta name=\"twitter:label2\" content=\"Ber\u00e4knad l\u00e4stid\" \/>\n\t<meta name=\"twitter:data2\" content=\"3 minuter\" \/>\n<script type=\"application\/ld+json\" class=\"yoast-schema-graph\">{\"@context\":\"https:\\\/\\\/schema.org\",\"@graph\":[{\"@type\":\"Article\",\"@id\":\"https:\\\/\\\/framtidenskarriar.se\\\/itdata\\\/2022\\\/02\\\/18\\\/sjalvledarskap-och-flexibilitet-pa-kronofogden\\\/#article\",\"isPartOf\":{\"@id\":\"https:\\\/\\\/framtidenskarriar.se\\\/itdata\\\/2022\\\/02\\\/18\\\/sjalvledarskap-och-flexibilitet-pa-kronofogden\\\/\"},\"author\":{\"name\":\"viktorwallen\",\"@id\":\"https:\\\/\\\/framtidenskarriar.se\\\/itdata\\\/#\\\/schema\\\/person\\\/2a13a849ec7646386c2211f59afe3083\"},\"headline\":\"Sj\u00e4lvledarskap och flexibilitet p\u00e5 Kronofogden\",\"datePublished\":\"2022-02-18T12:58:01+00:00\",\"dateModified\":\"2023-02-14T11:12:51+00:00\",\"mainEntityOfPage\":{\"@id\":\"https:\\\/\\\/framtidenskarriar.se\\\/itdata\\\/2022\\\/02\\\/18\\\/sjalvledarskap-och-flexibilitet-pa-kronofogden\\\/\"},\"wordCount\":567,\"commentCount\":0,\"image\":{\"@id\":\"https:\\\/\\\/framtidenskarriar.se\\\/itdata\\\/2022\\\/02\\\/18\\\/sjalvledarskap-och-flexibilitet-pa-kronofogden\\\/#primaryimage\"},\"thumbnailUrl\":\"https:\\\/\\\/framtidenskarriar.se\\\/itdata\\\/wp-content\\\/uploads\\\/sites\\\/13\\\/2022\\\/02\\\/kronofogden-nebojsa-kfm.jpg\",\"keywords\":[\"Jobba statligt\",\"Kronofogden\",\"Statligt\"],\"articleSection\":[\"Presentation\"],\"inLanguage\":\"sv-SE\",\"potentialAction\":[{\"@type\":\"CommentAction\",\"name\":\"Comment\",\"target\":[\"https:\\\/\\\/framtidenskarriar.se\\\/itdata\\\/2022\\\/02\\\/18\\\/sjalvledarskap-och-flexibilitet-pa-kronofogden\\\/#respond\"]}]},{\"@type\":\"WebPage\",\"@id\":\"https:\\\/\\\/framtidenskarriar.se\\\/itdata\\\/2022\\\/02\\\/18\\\/sjalvledarskap-och-flexibilitet-pa-kronofogden\\\/\",\"url\":\"https:\\\/\\\/framtidenskarriar.se\\\/itdata\\\/2022\\\/02\\\/18\\\/sjalvledarskap-och-flexibilitet-pa-kronofogden\\\/\",\"name\":\"Sj\u00e4lvledarskap och flexibilitet p\u00e5 Kronofogden - Framtidens karri\u00e4r IT & Data\",\"isPartOf\":{\"@id\":\"https:\\\/\\\/framtidenskarriar.se\\\/itdata\\\/#website\"},\"primaryImageOfPage\":{\"@id\":\"https:\\\/\\\/framtidenskarriar.se\\\/itdata\\\/2022\\\/02\\\/18\\\/sjalvledarskap-och-flexibilitet-pa-kronofogden\\\/#primaryimage\"},\"image\":{\"@id\":\"https:\\\/\\\/framtidenskarriar.se\\\/itdata\\\/2022\\\/02\\\/18\\\/sjalvledarskap-och-flexibilitet-pa-kronofogden\\\/#primaryimage\"},\"thumbnailUrl\":\"https:\\\/\\\/framtidenskarriar.se\\\/itdata\\\/wp-content\\\/uploads\\\/sites\\\/13\\\/2022\\\/02\\\/kronofogden-nebojsa-kfm.jpg\",\"datePublished\":\"2022-02-18T12:58:01+00:00\",\"dateModified\":\"2023-02-14T11:12:51+00:00\",\"author\":{\"@id\":\"https:\\\/\\\/framtidenskarriar.se\\\/itdata\\\/#\\\/schema\\\/person\\\/2a13a849ec7646386c2211f59afe3083\"},\"breadcrumb\":{\"@id\":\"https:\\\/\\\/framtidenskarriar.se\\\/itdata\\\/2022\\\/02\\\/18\\\/sjalvledarskap-och-flexibilitet-pa-kronofogden\\\/#breadcrumb\"},\"inLanguage\":\"sv-SE\",\"potentialAction\":[{\"@type\":\"ReadAction\",\"target\":[\"https:\\\/\\\/framtidenskarriar.se\\\/itdata\\\/2022\\\/02\\\/18\\\/sjalvledarskap-och-flexibilitet-pa-kronofogden\\\/\"]}]},{\"@type\":\"ImageObject\",\"inLanguage\":\"sv-SE\",\"@id\":\"https:\\\/\\\/framtidenskarriar.se\\\/itdata\\\/2022\\\/02\\\/18\\\/sjalvledarskap-och-flexibilitet-pa-kronofogden\\\/#primaryimage\",\"url\":\"https:\\\/\\\/framtidenskarriar.se\\\/itdata\\\/wp-content\\\/uploads\\\/sites\\\/13\\\/2022\\\/02\\\/kronofogden-nebojsa-kfm.jpg\",\"contentUrl\":\"https:\\\/\\\/framtidenskarriar.se\\\/itdata\\\/wp-content\\\/uploads\\\/sites\\\/13\\\/2022\\\/02\\\/kronofogden-nebojsa-kfm.jpg\",\"width\":1000,\"height\":661,\"caption\":\"Neboj\u0161a Mitrovi\u0107, omr\u00e5desarkitekt p\u00e5 IT-avdelningen hos Kronofogden.\"},{\"@type\":\"BreadcrumbList\",\"@id\":\"https:\\\/\\\/framtidenskarriar.se\\\/itdata\\\/2022\\\/02\\\/18\\\/sjalvledarskap-och-flexibilitet-pa-kronofogden\\\/#breadcrumb\",\"itemListElement\":[{\"@type\":\"ListItem\",\"position\":1,\"name\":\"Home\",\"item\":\"https:\\\/\\\/framtidenskarriar.se\\\/itdata\\\/\"},{\"@type\":\"ListItem\",\"position\":2,\"name\":\"Sj\u00e4lvledarskap och flexibilitet p\u00e5 Kronofogden\"}]},{\"@type\":\"WebSite\",\"@id\":\"https:\\\/\\\/framtidenskarriar.se\\\/itdata\\\/#website\",\"url\":\"https:\\\/\\\/framtidenskarriar.se\\\/itdata\\\/\",\"name\":\"Framtidens karri\u00e4r IT & Data\",\"description\":\"Just another NMDashboard.se Sites site\",\"potentialAction\":[{\"@type\":\"SearchAction\",\"target\":{\"@type\":\"EntryPoint\",\"urlTemplate\":\"https:\\\/\\\/framtidenskarriar.se\\\/itdata\\\/?s={search_term_string}\"},\"query-input\":{\"@type\":\"PropertyValueSpecification\",\"valueRequired\":true,\"valueName\":\"search_term_string\"}}],\"inLanguage\":\"sv-SE\"},{\"@type\":\"Person\",\"@id\":\"https:\\\/\\\/framtidenskarriar.se\\\/itdata\\\/#\\\/schema\\\/person\\\/2a13a849ec7646386c2211f59afe3083\",\"name\":\"viktorwallen\",\"image\":{\"@type\":\"ImageObject\",\"inLanguage\":\"sv-SE\",\"@id\":\"https:\\\/\\\/secure.gravatar.com\\\/avatar\\\/701701bd36169636031933997c8c6b954f2f635bbb7cd4802e4a007f9c9f4e59?s=96&d=mm&r=g\",\"url\":\"https:\\\/\\\/secure.gravatar.com\\\/avatar\\\/701701bd36169636031933997c8c6b954f2f635bbb7cd4802e4a007f9c9f4e59?s=96&d=mm&r=g\",\"contentUrl\":\"https:\\\/\\\/secure.gravatar.com\\\/avatar\\\/701701bd36169636031933997c8c6b954f2f635bbb7cd4802e4a007f9c9f4e59?s=96&d=mm&r=g\",\"caption\":\"viktorwallen\"},\"url\":\"https:\\\/\\\/framtidenskarriar.se\\\/itdata\\\/author\\\/viktorwallen\\\/\"}]}<\/script>\n<!-- \/ Yoast SEO plugin. -->","yoast_head_json":{"title":"Sj\u00e4lvledarskap och flexibilitet p\u00e5 Kronofogden - Framtidens karri\u00e4r IT & Data","robots":{"index":"index","follow":"follow","max-snippet":"max-snippet:-1","max-image-preview":"max-image-preview:large","max-video-preview":"max-video-preview:-1"},"canonical":"https:\/\/framtidenskarriar.se\/itdata\/2022\/02\/18\/sjalvledarskap-och-flexibilitet-pa-kronofogden\/","og_locale":"sv_SE","og_type":"article","og_title":"Sj\u00e4lvledarskap och flexibilitet p\u00e5 Kronofogden - Framtidens karri\u00e4r IT & Data","og_description":"Vi satsar stort p\u00e5 v\u00e5ra medarbetare!","og_url":"https:\/\/framtidenskarriar.se\/itdata\/2022\/02\/18\/sjalvledarskap-och-flexibilitet-pa-kronofogden\/","og_site_name":"Framtidens karri\u00e4r IT & Data","article_published_time":"2022-02-18T12:58:01+00:00","article_modified_time":"2023-02-14T11:12:51+00:00","og_image":[{"width":1000,"height":661,"url":"https:\/\/framtidenskarriar.se\/itdata\/wp-content\/uploads\/sites\/13\/2022\/02\/kronofogden-nebojsa-kfm.jpg","type":"image\/jpeg"}],"author":"viktorwallen","twitter_card":"summary_large_image","twitter_misc":{"Skriven av":"viktorwallen","Ber\u00e4knad l\u00e4stid":"3 minuter"},"schema":{"@context":"https:\/\/schema.org","@graph":[{"@type":"Article","@id":"https:\/\/framtidenskarriar.se\/itdata\/2022\/02\/18\/sjalvledarskap-och-flexibilitet-pa-kronofogden\/#article","isPartOf":{"@id":"https:\/\/framtidenskarriar.se\/itdata\/2022\/02\/18\/sjalvledarskap-och-flexibilitet-pa-kronofogden\/"},"author":{"name":"viktorwallen","@id":"https:\/\/framtidenskarriar.se\/itdata\/#\/schema\/person\/2a13a849ec7646386c2211f59afe3083"},"headline":"Sj\u00e4lvledarskap och flexibilitet p\u00e5 Kronofogden","datePublished":"2022-02-18T12:58:01+00:00","dateModified":"2023-02-14T11:12:51+00:00","mainEntityOfPage":{"@id":"https:\/\/framtidenskarriar.se\/itdata\/2022\/02\/18\/sjalvledarskap-och-flexibilitet-pa-kronofogden\/"},"wordCount":567,"commentCount":0,"image":{"@id":"https:\/\/framtidenskarriar.se\/itdata\/2022\/02\/18\/sjalvledarskap-och-flexibilitet-pa-kronofogden\/#primaryimage"},"thumbnailUrl":"https:\/\/framtidenskarriar.se\/itdata\/wp-content\/uploads\/sites\/13\/2022\/02\/kronofogden-nebojsa-kfm.jpg","keywords":["Jobba statligt","Kronofogden","Statligt"],"articleSection":["Presentation"],"inLanguage":"sv-SE","potentialAction":[{"@type":"CommentAction","name":"Comment","target":["https:\/\/framtidenskarriar.se\/itdata\/2022\/02\/18\/sjalvledarskap-och-flexibilitet-pa-kronofogden\/#respond"]}]},{"@type":"WebPage","@id":"https:\/\/framtidenskarriar.se\/itdata\/2022\/02\/18\/sjalvledarskap-och-flexibilitet-pa-kronofogden\/","url":"https:\/\/framtidenskarriar.se\/itdata\/2022\/02\/18\/sjalvledarskap-och-flexibilitet-pa-kronofogden\/","name":"Sj\u00e4lvledarskap och flexibilitet p\u00e5 Kronofogden - Framtidens karri\u00e4r IT & Data","isPartOf":{"@id":"https:\/\/framtidenskarriar.se\/itdata\/#website"},"primaryImageOfPage":{"@id":"https:\/\/framtidenskarriar.se\/itdata\/2022\/02\/18\/sjalvledarskap-och-flexibilitet-pa-kronofogden\/#primaryimage"},"image":{"@id":"https:\/\/framtidenskarriar.se\/itdata\/2022\/02\/18\/sjalvledarskap-och-flexibilitet-pa-kronofogden\/#primaryimage"},"thumbnailUrl":"https:\/\/framtidenskarriar.se\/itdata\/wp-content\/uploads\/sites\/13\/2022\/02\/kronofogden-nebojsa-kfm.jpg","datePublished":"2022-02-18T12:58:01+00:00","dateModified":"2023-02-14T11:12:51+00:00","author":{"@id":"https:\/\/framtidenskarriar.se\/itdata\/#\/schema\/person\/2a13a849ec7646386c2211f59afe3083"},"breadcrumb":{"@id":"https:\/\/framtidenskarriar.se\/itdata\/2022\/02\/18\/sjalvledarskap-och-flexibilitet-pa-kronofogden\/#breadcrumb"},"inLanguage":"sv-SE","potentialAction":[{"@type":"ReadAction","target":["https:\/\/framtidenskarriar.se\/itdata\/2022\/02\/18\/sjalvledarskap-och-flexibilitet-pa-kronofogden\/"]}]},{"@type":"ImageObject","inLanguage":"sv-SE","@id":"https:\/\/framtidenskarriar.se\/itdata\/2022\/02\/18\/sjalvledarskap-och-flexibilitet-pa-kronofogden\/#primaryimage","url":"https:\/\/framtidenskarriar.se\/itdata\/wp-content\/uploads\/sites\/13\/2022\/02\/kronofogden-nebojsa-kfm.jpg","contentUrl":"https:\/\/framtidenskarriar.se\/itdata\/wp-content\/uploads\/sites\/13\/2022\/02\/kronofogden-nebojsa-kfm.jpg","width":1000,"height":661,"caption":"Neboj\u0161a Mitrovi\u0107, omr\u00e5desarkitekt p\u00e5 IT-avdelningen hos Kronofogden."},{"@type":"BreadcrumbList","@id":"https:\/\/framtidenskarriar.se\/itdata\/2022\/02\/18\/sjalvledarskap-och-flexibilitet-pa-kronofogden\/#breadcrumb","itemListElement":[{"@type":"ListItem","position":1,"name":"Home","item":"https:\/\/framtidenskarriar.se\/itdata\/"},{"@type":"ListItem","position":2,"name":"Sj\u00e4lvledarskap och flexibilitet p\u00e5 Kronofogden"}]},{"@type":"WebSite","@id":"https:\/\/framtidenskarriar.se\/itdata\/#website","url":"https:\/\/framtidenskarriar.se\/itdata\/","name":"Framtidens karri\u00e4r IT & Data","description":"Just another NMDashboard.se Sites site","potentialAction":[{"@type":"SearchAction","target":{"@type":"EntryPoint","urlTemplate":"https:\/\/framtidenskarriar.se\/itdata\/?s={search_term_string}"},"query-input":{"@type":"PropertyValueSpecification","valueRequired":true,"valueName":"search_term_string"}}],"inLanguage":"sv-SE"},{"@type":"Person","@id":"https:\/\/framtidenskarriar.se\/itdata\/#\/schema\/person\/2a13a849ec7646386c2211f59afe3083","name":"viktorwallen","image":{"@type":"ImageObject","inLanguage":"sv-SE","@id":"https:\/\/secure.gravatar.com\/avatar\/701701bd36169636031933997c8c6b954f2f635bbb7cd4802e4a007f9c9f4e59?s=96&d=mm&r=g","url":"https:\/\/secure.gravatar.com\/avatar\/701701bd36169636031933997c8c6b954f2f635bbb7cd4802e4a007f9c9f4e59?s=96&d=mm&r=g","contentUrl":"https:\/\/secure.gravatar.com\/avatar\/701701bd36169636031933997c8c6b954f2f635bbb7cd4802e4a007f9c9f4e59?s=96&d=mm&r=g","caption":"viktorwallen"},"url":"https:\/\/framtidenskarriar.se\/itdata\/author\/viktorwallen\/"}]}},"_links":{"self":[{"href":"https:\/\/framtidenskarriar.se\/itdata\/wp-json\/wp\/v2\/posts\/7395","targetHints":{"allow":["GET"]}}],"collection":[{"href":"https:\/\/framtidenskarriar.se\/itdata\/wp-json\/wp\/v2\/posts"}],"about":[{"href":"https:\/\/framtidenskarriar.se\/itdata\/wp-json\/wp\/v2\/types\/post"}],"author":[{"embeddable":true,"href":"https:\/\/framtidenskarriar.se\/itdata\/wp-json\/wp\/v2\/users\/2"}],"replies":[{"embeddable":true,"href":"https:\/\/framtidenskarriar.se\/itdata\/wp-json\/wp\/v2\/comments?post=7395"}],"version-history":[{"count":4,"href":"https:\/\/framtidenskarriar.se\/itdata\/wp-json\/wp\/v2\/posts\/7395\/revisions"}],"predecessor-version":[{"id":7881,"href":"https:\/\/framtidenskarriar.se\/itdata\/wp-json\/wp\/v2\/posts\/7395\/revisions\/7881"}],"wp:featuredmedia":[{"embeddable":true,"href":"https:\/\/framtidenskarriar.se\/itdata\/wp-json\/wp\/v2\/media\/7398"}],"wp:attachment":[{"href":"https:\/\/framtidenskarriar.se\/itdata\/wp-json\/wp\/v2\/media?parent=7395"}],"wp:term":[{"taxonomy":"category","embeddable":true,"href":"https:\/\/framtidenskarriar.se\/itdata\/wp-json\/wp\/v2\/categories?post=7395"},{"taxonomy":"post_tag","embeddable":true,"href":"https:\/\/framtidenskarriar.se\/itdata\/wp-json\/wp\/v2\/tags?post=7395"}],"curies":[{"name":"wp","href":"https:\/\/api.w.org\/{rel}","templated":true}]}}