{"id":7545,"date":"2023-02-13T10:20:14","date_gmt":"2023-02-13T10:20:14","guid":{"rendered":"https:\/\/framtidenskarriar.se\/itdata\/?p=7545"},"modified":"2024-02-13T10:57:05","modified_gmt":"2024-02-13T10:57:05","slug":"hel-varld-av-it-mojligheter-pa-abb","status":"publish","type":"post","link":"https:\/\/framtidenskarriar.se\/itdata\/2023\/02\/13\/hel-varld-av-it-mojligheter-pa-abb\/","title":{"rendered":"Hel v\u00e4rld av IT-m\u00f6jligheter p\u00e5 ABB"},"content":{"rendered":"\n<figure class=\"wp-block-image size-full\"><img loading=\"lazy\" decoding=\"async\" width=\"1000\" height=\"654\" src=\"https:\/\/framtidenskarriar.se\/itdata\/wp-content\/uploads\/sites\/13\/2023\/02\/abb-abb1.jpg\" alt=\"Magnus Uddman, produktchef hos ABB. Foto: Per Groth\" class=\"wp-image-7547\" srcset=\"https:\/\/framtidenskarriar.se\/itdata\/wp-content\/uploads\/sites\/13\/2023\/02\/abb-abb1.jpg 1000w, https:\/\/framtidenskarriar.se\/itdata\/wp-content\/uploads\/sites\/13\/2023\/02\/abb-abb1-300x196.jpg 300w, https:\/\/framtidenskarriar.se\/itdata\/wp-content\/uploads\/sites\/13\/2023\/02\/abb-abb1-768x502.jpg 768w, https:\/\/framtidenskarriar.se\/itdata\/wp-content\/uploads\/sites\/13\/2023\/02\/abb-abb1-245x160.jpg 245w, https:\/\/framtidenskarriar.se\/itdata\/wp-content\/uploads\/sites\/13\/2023\/02\/abb-abb1-526x344.jpg 526w, https:\/\/framtidenskarriar.se\/itdata\/wp-content\/uploads\/sites\/13\/2023\/02\/abb-abb1-720x471.jpg 720w, https:\/\/framtidenskarriar.se\/itdata\/wp-content\/uploads\/sites\/13\/2023\/02\/abb-abb1-960x628.jpg 960w\" sizes=\"auto, (max-width: 1000px) 100vw, 1000px\" \/><figcaption class=\"wp-element-caption\">Magnus Uddman, produktchef hos ABB. Foto: Per Groth<\/figcaption><\/figure>\n\n\n\n<p><strong>\u2013 Om du vill vara p\u00e5 en bra arbetsplats med massor av utvecklingsm\u00f6jligheter i m\u00e5nga olika riktningar ska du s\u00f6ka dig till ABB. Det s\u00e4ger Magnus Uddman, teknisk produktchef f\u00f6r ABB Ability\u2122 Performance Optimization for Hoists.<\/strong><\/p>\n\n\n\n<p>Det har g\u00e5tt 15 \u00e5r sedan Magnus Uddman b\u00f6rjade p\u00e5 ABB som servicetekniker inom automation. Idag arbetar han som produktchef f\u00f6r en fj\u00e4rrstyrd tj\u00e4nst som \u00f6vervakar och optimerar gruvspel, vilket s\u00e4kert och effektivt transporterar malm upp ur gruvan.<br>\u2013 Tj\u00e4nsten anv\u00e4nder sig av automatisk datainsamling och analyser f\u00f6r att identifiera eventuella problem och utf\u00f6ra \u00e5tg\u00e4rder f\u00f6r att f\u00f6rb\u00e4ttra prestandan.<br>Spindeln i n\u00e4tet som kopplar samman kunder med ABB:s experter \u00e5terfinns i Collaborative Operations Center i V\u00e4ster\u00e5s. Fr\u00e5n kundernas anl\u00e4ggningar v\u00e4rlden \u00f6ver \u00f6verf\u00f6r sensorer och driftkritiska system data till sofistikerade program som g\u00f6r avancerade dataanalyser dygnet runt. Resultatet, tillsammans med f\u00f6retagets lokala och globala expertis, hj\u00e4lper kunderna f\u00f6rb\u00e4ttra sina processer.<br>\u2013 ABB utvecklar st\u00e4ndigt digitala l\u00f6sningar som kopplas ihop i ett n\u00e4tverk f\u00f6r att skapa merv\u00e4rde f\u00f6r v\u00e5ra kunder. F\u00f6r gruvoperat\u00f6rer inneb\u00e4r det \u00f6kad drifttid, tillg\u00e4nglighet, prestanda och produktivitet.<br>\u00c5ren han arbetat p\u00e5 ABB s\u00e4ger han har g\u00e5tt fort.<br>\u2013 Att jag blivit kvar beror p\u00e5 att det hela tiden funnits nya utvecklingsm\u00f6jligheter, b\u00e5de teknikm\u00e4ssigt och inom ledarsp\u00e5ret.<\/p>\n\n\n\n<p class=\"has-color-white-01-color has-text-color has-background\" style=\"background-color:#003148\"><strong><a href=\"https:\/\/careers.abb\/sweden\/se\" title=\"ABB VT23 pres jobb\" target=\"_blank\" rel=\"noreferrer noopener\">Jobba med oss p\u00e5 ABB. <span style=\"text-decoration: underline;\">Klicka h\u00e4r f\u00f6r att l\u00e4sa mer och se v\u00e5ra lediga tj\u00e4nster<\/span><\/a><\/strong><\/p>\n\n\n\n<p><strong>Forskning och utveckling<\/strong><br>Elinne Sanchez, FoU-ingenj\u00f6r hos ABB i Ume\u00e5, arbetar sedan tv\u00e5 \u00e5r tillbaka i ABB:s globala forsknings- och utvecklingsgrupp f\u00f6r gruvor.<br>\u2013 Jag skulle egentligen l\u00e4sa till en master men blev skoltr\u00f6tt och s\u00e5g i samma veva att ABB s\u00f6kte ingenj\u00f6rer till ett projekt inom gruvindustrin som var inriktat p\u00e5 robotik och automation. F\u00f6r mig innebar det ett jobb d\u00e4r jag fick arbeta inom mina tv\u00e5 st\u00f6rsta intresseomr\u00e5den.<br>Idag \u00e4r Elinne involverad i ett projekt med fokus p\u00e5 l\u00f6sningar f\u00f6r automatiserad laddning av spr\u00e4ngmedel i gruvor med hj\u00e4lp av robotar.<br>\u2013 Jag har \u00e4ven deltagit i andra projekt och har bland annat varit med och utvecklat ett Fleet Management System som anv\u00e4nds f\u00f6r att h\u00e5lla koll p\u00e5 fordonsflottan i gruvmilj\u00f6.<br>Precis som Magnus trivs Elinne med alla karri\u00e4rv\u00e4gar som ett jobb inom it-sektorn p\u00e5 ABB f\u00f6r med sig.<br>\u2013 M\u00f6jligheterna \u00e4r n\u00e4stan o\u00e4ndliga. Du kan byta jobb, avdelning, teknik, position eller land utan att byta arbetsgivare. Oavsett var och inom vilken avdelning p\u00e5 ABB man b\u00f6rjar f\u00e5r man en bra grund och sp\u00e4nnande framtidsutsikter.<\/p>\n\n\n<div class=\"wp-block-image\">\n<figure class=\"aligncenter size-full\"><img loading=\"lazy\" decoding=\"async\" width=\"1000\" height=\"647\" src=\"https:\/\/framtidenskarriar.se\/itdata\/wp-content\/uploads\/sites\/13\/2023\/02\/abb-esanchez.jpg\" alt=\"Elinne Sanchez, FoU-ingenj\u00f6r hos ABB.\" class=\"wp-image-7548\" srcset=\"https:\/\/framtidenskarriar.se\/itdata\/wp-content\/uploads\/sites\/13\/2023\/02\/abb-esanchez.jpg 1000w, https:\/\/framtidenskarriar.se\/itdata\/wp-content\/uploads\/sites\/13\/2023\/02\/abb-esanchez-300x194.jpg 300w, https:\/\/framtidenskarriar.se\/itdata\/wp-content\/uploads\/sites\/13\/2023\/02\/abb-esanchez-768x497.jpg 768w, https:\/\/framtidenskarriar.se\/itdata\/wp-content\/uploads\/sites\/13\/2023\/02\/abb-esanchez-247x160.jpg 247w, https:\/\/framtidenskarriar.se\/itdata\/wp-content\/uploads\/sites\/13\/2023\/02\/abb-esanchez-526x340.jpg 526w, https:\/\/framtidenskarriar.se\/itdata\/wp-content\/uploads\/sites\/13\/2023\/02\/abb-esanchez-720x466.jpg 720w, https:\/\/framtidenskarriar.se\/itdata\/wp-content\/uploads\/sites\/13\/2023\/02\/abb-esanchez-960x621.jpg 960w\" sizes=\"auto, (max-width: 1000px) 100vw, 1000px\" \/><figcaption class=\"wp-element-caption\">Elinne Sanchez, FoU-ingenj\u00f6r hos ABB.<\/figcaption><\/figure>\n<\/div>\n\n\n<p class=\"has-color-white-01-color has-text-color has-background\" style=\"background-color:#003148\"><strong><a href=\"https:\/\/careers.abb\/sweden\/se\" title=\"ABB VT23 pres jobb\" target=\"_blank\" rel=\"noreferrer noopener\">Jobba med oss p\u00e5 ABB. <span style=\"text-decoration: underline;\">Klicka h\u00e4r f\u00f6r att l\u00e4sa mer och se v\u00e5ra lediga tj\u00e4nster<\/span><\/a><\/strong><\/p>\n\n\n\n<div class=\"wp-block-group faktaruta\"><div class=\"wp-block-group__inner-container is-layout-constrained wp-block-group-is-layout-constrained\">\n<h6 class=\"wp-block-heading\">ABB<\/h6>\n\n\n\n<p>ABB \u00e4r ledande inom teknik f\u00f6r elektrifiering och automation. Med hj\u00e4lp av digitala l\u00f6sningar skapar vi framtidens h\u00e5llbara industri. Nu s\u00f6ker vi efter fler medarbetare med it-kompetens som vill p\u00e5skynda den industriella omst\u00e4llningen. P\u00e5 ABB str\u00e4var vi efter en kultur d\u00e4r individuella olikheter inte bara v\u00e4lkomnas utan v\u00e4rdes\u00e4tts.<br><br><strong><a href=\"https:\/\/new.abb.com\/se\" title=\"ABB VT23 pres textlink\" target=\"_blank\" rel=\"noreferrer noopener\">www.abb.se<\/a><\/strong><br><br><a href=\"https:\/\/new.abb.com\/se\" title=\"ABB VT23 pres logotype\" target=\"_blank\" rel=\"noreferrer noopener\"><img loading=\"lazy\" decoding=\"async\" width=\"120\" height=\"46\" class=\"wp-image-7546\" style=\"width: 120px;\" src=\"https:\/\/framtidenskarriar.se\/itdata\/wp-content\/uploads\/sites\/13\/2023\/02\/abb-logo-print-cmyk.png\" alt=\"\" srcset=\"https:\/\/framtidenskarriar.se\/itdata\/wp-content\/uploads\/sites\/13\/2023\/02\/abb-logo-print-cmyk.png 500w, https:\/\/framtidenskarriar.se\/itdata\/wp-content\/uploads\/sites\/13\/2023\/02\/abb-logo-print-cmyk-300x115.png 300w, https:\/\/framtidenskarriar.se\/itdata\/wp-content\/uploads\/sites\/13\/2023\/02\/abb-logo-print-cmyk-419x160.png 419w\" sizes=\"auto, (max-width: 120px) 100vw, 120px\" \/><\/a><\/p>\n<\/div><\/div>\n","protected":false},"excerpt":{"rendered":"<p>En bra arbetsplats med massor av utvecklingsm\u00f6jligheter i m\u00e5nga olika riktningar.<\/p>\n","protected":false},"author":2,"featured_media":7554,"comment_status":"open","ping_status":"open","sticky":false,"template":"","format":"standard","meta":{"_acf_changed":false,"_monsterinsights_skip_tracking":false,"_monsterinsights_sitenote_active":false,"_monsterinsights_sitenote_note":"","_monsterinsights_sitenote_category":0,"footnotes":""},"categories":[9],"tags":[15],"class_list":["post-7545","post","type-post","status-publish","format-standard","has-post-thumbnail","hentry","category-presentation","tag-abb"],"acf":[],"yoast_head":"<!-- This site is optimized with the Yoast SEO plugin v27.3 - https:\/\/yoast.com\/product\/yoast-seo-wordpress\/ -->\n<title>Hel v\u00e4rld av IT-m\u00f6jligheter p\u00e5 ABB - Framtidens karri\u00e4r IT &amp; Data<\/title>\n<meta name=\"robots\" content=\"index, follow, max-snippet:-1, max-image-preview:large, max-video-preview:-1\" \/>\n<link rel=\"canonical\" href=\"https:\/\/framtidenskarriar.se\/itdata\/2023\/02\/13\/hel-varld-av-it-mojligheter-pa-abb\/\" \/>\n<meta property=\"og:locale\" content=\"sv_SE\" \/>\n<meta property=\"og:type\" content=\"article\" \/>\n<meta property=\"og:title\" content=\"Hel v\u00e4rld av IT-m\u00f6jligheter p\u00e5 ABB - Framtidens karri\u00e4r IT &amp; Data\" \/>\n<meta property=\"og:description\" content=\"En bra arbetsplats med massor av utvecklingsm\u00f6jligheter i m\u00e5nga olika riktningar.\" \/>\n<meta property=\"og:url\" content=\"https:\/\/framtidenskarriar.se\/itdata\/2023\/02\/13\/hel-varld-av-it-mojligheter-pa-abb\/\" \/>\n<meta property=\"og:site_name\" content=\"Framtidens karri\u00e4r IT &amp; Data\" \/>\n<meta property=\"article:published_time\" content=\"2023-02-13T10:20:14+00:00\" \/>\n<meta property=\"article:modified_time\" content=\"2024-02-13T10:57:05+00:00\" \/>\n<meta property=\"og:image\" content=\"https:\/\/framtidenskarriar.se\/itdata\/wp-content\/uploads\/sites\/13\/2023\/02\/abb-utvald-2.jpg\" \/>\n\t<meta property=\"og:image:width\" content=\"1000\" \/>\n\t<meta property=\"og:image:height\" content=\"654\" \/>\n\t<meta property=\"og:image:type\" content=\"image\/jpeg\" \/>\n<meta name=\"author\" content=\"viktorwallen\" \/>\n<meta name=\"twitter:card\" content=\"summary_large_image\" \/>\n<meta name=\"twitter:label1\" content=\"Skriven av\" \/>\n\t<meta name=\"twitter:data1\" content=\"viktorwallen\" \/>\n\t<meta name=\"twitter:label2\" content=\"Ber\u00e4knad l\u00e4stid\" \/>\n\t<meta name=\"twitter:data2\" content=\"1 minut\" \/>\n<script type=\"application\/ld+json\" class=\"yoast-schema-graph\">{\"@context\":\"https:\\\/\\\/schema.org\",\"@graph\":[{\"@type\":\"Article\",\"@id\":\"https:\\\/\\\/framtidenskarriar.se\\\/itdata\\\/2023\\\/02\\\/13\\\/hel-varld-av-it-mojligheter-pa-abb\\\/#article\",\"isPartOf\":{\"@id\":\"https:\\\/\\\/framtidenskarriar.se\\\/itdata\\\/2023\\\/02\\\/13\\\/hel-varld-av-it-mojligheter-pa-abb\\\/\"},\"author\":{\"name\":\"viktorwallen\",\"@id\":\"https:\\\/\\\/framtidenskarriar.se\\\/itdata\\\/#\\\/schema\\\/person\\\/2a13a849ec7646386c2211f59afe3083\"},\"headline\":\"Hel v\u00e4rld av IT-m\u00f6jligheter p\u00e5 ABB\",\"datePublished\":\"2023-02-13T10:20:14+00:00\",\"dateModified\":\"2024-02-13T10:57:05+00:00\",\"mainEntityOfPage\":{\"@id\":\"https:\\\/\\\/framtidenskarriar.se\\\/itdata\\\/2023\\\/02\\\/13\\\/hel-varld-av-it-mojligheter-pa-abb\\\/\"},\"wordCount\":576,\"commentCount\":0,\"image\":{\"@id\":\"https:\\\/\\\/framtidenskarriar.se\\\/itdata\\\/2023\\\/02\\\/13\\\/hel-varld-av-it-mojligheter-pa-abb\\\/#primaryimage\"},\"thumbnailUrl\":\"https:\\\/\\\/framtidenskarriar.se\\\/itdata\\\/wp-content\\\/uploads\\\/sites\\\/13\\\/2023\\\/02\\\/abb-utvald-2.jpg\",\"keywords\":[\"ABB\"],\"articleSection\":[\"Presentation\"],\"inLanguage\":\"sv-SE\",\"potentialAction\":[{\"@type\":\"CommentAction\",\"name\":\"Comment\",\"target\":[\"https:\\\/\\\/framtidenskarriar.se\\\/itdata\\\/2023\\\/02\\\/13\\\/hel-varld-av-it-mojligheter-pa-abb\\\/#respond\"]}]},{\"@type\":\"WebPage\",\"@id\":\"https:\\\/\\\/framtidenskarriar.se\\\/itdata\\\/2023\\\/02\\\/13\\\/hel-varld-av-it-mojligheter-pa-abb\\\/\",\"url\":\"https:\\\/\\\/framtidenskarriar.se\\\/itdata\\\/2023\\\/02\\\/13\\\/hel-varld-av-it-mojligheter-pa-abb\\\/\",\"name\":\"Hel v\u00e4rld av IT-m\u00f6jligheter p\u00e5 ABB - Framtidens karri\u00e4r IT & Data\",\"isPartOf\":{\"@id\":\"https:\\\/\\\/framtidenskarriar.se\\\/itdata\\\/#website\"},\"primaryImageOfPage\":{\"@id\":\"https:\\\/\\\/framtidenskarriar.se\\\/itdata\\\/2023\\\/02\\\/13\\\/hel-varld-av-it-mojligheter-pa-abb\\\/#primaryimage\"},\"image\":{\"@id\":\"https:\\\/\\\/framtidenskarriar.se\\\/itdata\\\/2023\\\/02\\\/13\\\/hel-varld-av-it-mojligheter-pa-abb\\\/#primaryimage\"},\"thumbnailUrl\":\"https:\\\/\\\/framtidenskarriar.se\\\/itdata\\\/wp-content\\\/uploads\\\/sites\\\/13\\\/2023\\\/02\\\/abb-utvald-2.jpg\",\"datePublished\":\"2023-02-13T10:20:14+00:00\",\"dateModified\":\"2024-02-13T10:57:05+00:00\",\"author\":{\"@id\":\"https:\\\/\\\/framtidenskarriar.se\\\/itdata\\\/#\\\/schema\\\/person\\\/2a13a849ec7646386c2211f59afe3083\"},\"breadcrumb\":{\"@id\":\"https:\\\/\\\/framtidenskarriar.se\\\/itdata\\\/2023\\\/02\\\/13\\\/hel-varld-av-it-mojligheter-pa-abb\\\/#breadcrumb\"},\"inLanguage\":\"sv-SE\",\"potentialAction\":[{\"@type\":\"ReadAction\",\"target\":[\"https:\\\/\\\/framtidenskarriar.se\\\/itdata\\\/2023\\\/02\\\/13\\\/hel-varld-av-it-mojligheter-pa-abb\\\/\"]}]},{\"@type\":\"ImageObject\",\"inLanguage\":\"sv-SE\",\"@id\":\"https:\\\/\\\/framtidenskarriar.se\\\/itdata\\\/2023\\\/02\\\/13\\\/hel-varld-av-it-mojligheter-pa-abb\\\/#primaryimage\",\"url\":\"https:\\\/\\\/framtidenskarriar.se\\\/itdata\\\/wp-content\\\/uploads\\\/sites\\\/13\\\/2023\\\/02\\\/abb-utvald-2.jpg\",\"contentUrl\":\"https:\\\/\\\/framtidenskarriar.se\\\/itdata\\\/wp-content\\\/uploads\\\/sites\\\/13\\\/2023\\\/02\\\/abb-utvald-2.jpg\",\"width\":1000,\"height\":654},{\"@type\":\"BreadcrumbList\",\"@id\":\"https:\\\/\\\/framtidenskarriar.se\\\/itdata\\\/2023\\\/02\\\/13\\\/hel-varld-av-it-mojligheter-pa-abb\\\/#breadcrumb\",\"itemListElement\":[{\"@type\":\"ListItem\",\"position\":1,\"name\":\"Home\",\"item\":\"https:\\\/\\\/framtidenskarriar.se\\\/itdata\\\/\"},{\"@type\":\"ListItem\",\"position\":2,\"name\":\"Hel v\u00e4rld av IT-m\u00f6jligheter p\u00e5 ABB\"}]},{\"@type\":\"WebSite\",\"@id\":\"https:\\\/\\\/framtidenskarriar.se\\\/itdata\\\/#website\",\"url\":\"https:\\\/\\\/framtidenskarriar.se\\\/itdata\\\/\",\"name\":\"Framtidens karri\u00e4r IT & Data\",\"description\":\"Just another NMDashboard.se Sites site\",\"potentialAction\":[{\"@type\":\"SearchAction\",\"target\":{\"@type\":\"EntryPoint\",\"urlTemplate\":\"https:\\\/\\\/framtidenskarriar.se\\\/itdata\\\/?s={search_term_string}\"},\"query-input\":{\"@type\":\"PropertyValueSpecification\",\"valueRequired\":true,\"valueName\":\"search_term_string\"}}],\"inLanguage\":\"sv-SE\"},{\"@type\":\"Person\",\"@id\":\"https:\\\/\\\/framtidenskarriar.se\\\/itdata\\\/#\\\/schema\\\/person\\\/2a13a849ec7646386c2211f59afe3083\",\"name\":\"viktorwallen\",\"image\":{\"@type\":\"ImageObject\",\"inLanguage\":\"sv-SE\",\"@id\":\"https:\\\/\\\/secure.gravatar.com\\\/avatar\\\/701701bd36169636031933997c8c6b954f2f635bbb7cd4802e4a007f9c9f4e59?s=96&d=mm&r=g\",\"url\":\"https:\\\/\\\/secure.gravatar.com\\\/avatar\\\/701701bd36169636031933997c8c6b954f2f635bbb7cd4802e4a007f9c9f4e59?s=96&d=mm&r=g\",\"contentUrl\":\"https:\\\/\\\/secure.gravatar.com\\\/avatar\\\/701701bd36169636031933997c8c6b954f2f635bbb7cd4802e4a007f9c9f4e59?s=96&d=mm&r=g\",\"caption\":\"viktorwallen\"},\"url\":\"https:\\\/\\\/framtidenskarriar.se\\\/itdata\\\/author\\\/viktorwallen\\\/\"}]}<\/script>\n<!-- \/ Yoast SEO plugin. -->","yoast_head_json":{"title":"Hel v\u00e4rld av IT-m\u00f6jligheter p\u00e5 ABB - Framtidens karri\u00e4r IT & Data","robots":{"index":"index","follow":"follow","max-snippet":"max-snippet:-1","max-image-preview":"max-image-preview:large","max-video-preview":"max-video-preview:-1"},"canonical":"https:\/\/framtidenskarriar.se\/itdata\/2023\/02\/13\/hel-varld-av-it-mojligheter-pa-abb\/","og_locale":"sv_SE","og_type":"article","og_title":"Hel v\u00e4rld av IT-m\u00f6jligheter p\u00e5 ABB - Framtidens karri\u00e4r IT & Data","og_description":"En bra arbetsplats med massor av utvecklingsm\u00f6jligheter i m\u00e5nga olika riktningar.","og_url":"https:\/\/framtidenskarriar.se\/itdata\/2023\/02\/13\/hel-varld-av-it-mojligheter-pa-abb\/","og_site_name":"Framtidens karri\u00e4r IT & Data","article_published_time":"2023-02-13T10:20:14+00:00","article_modified_time":"2024-02-13T10:57:05+00:00","og_image":[{"width":1000,"height":654,"url":"https:\/\/framtidenskarriar.se\/itdata\/wp-content\/uploads\/sites\/13\/2023\/02\/abb-utvald-2.jpg","type":"image\/jpeg"}],"author":"viktorwallen","twitter_card":"summary_large_image","twitter_misc":{"Skriven av":"viktorwallen","Ber\u00e4knad l\u00e4stid":"1 minut"},"schema":{"@context":"https:\/\/schema.org","@graph":[{"@type":"Article","@id":"https:\/\/framtidenskarriar.se\/itdata\/2023\/02\/13\/hel-varld-av-it-mojligheter-pa-abb\/#article","isPartOf":{"@id":"https:\/\/framtidenskarriar.se\/itdata\/2023\/02\/13\/hel-varld-av-it-mojligheter-pa-abb\/"},"author":{"name":"viktorwallen","@id":"https:\/\/framtidenskarriar.se\/itdata\/#\/schema\/person\/2a13a849ec7646386c2211f59afe3083"},"headline":"Hel v\u00e4rld av IT-m\u00f6jligheter p\u00e5 ABB","datePublished":"2023-02-13T10:20:14+00:00","dateModified":"2024-02-13T10:57:05+00:00","mainEntityOfPage":{"@id":"https:\/\/framtidenskarriar.se\/itdata\/2023\/02\/13\/hel-varld-av-it-mojligheter-pa-abb\/"},"wordCount":576,"commentCount":0,"image":{"@id":"https:\/\/framtidenskarriar.se\/itdata\/2023\/02\/13\/hel-varld-av-it-mojligheter-pa-abb\/#primaryimage"},"thumbnailUrl":"https:\/\/framtidenskarriar.se\/itdata\/wp-content\/uploads\/sites\/13\/2023\/02\/abb-utvald-2.jpg","keywords":["ABB"],"articleSection":["Presentation"],"inLanguage":"sv-SE","potentialAction":[{"@type":"CommentAction","name":"Comment","target":["https:\/\/framtidenskarriar.se\/itdata\/2023\/02\/13\/hel-varld-av-it-mojligheter-pa-abb\/#respond"]}]},{"@type":"WebPage","@id":"https:\/\/framtidenskarriar.se\/itdata\/2023\/02\/13\/hel-varld-av-it-mojligheter-pa-abb\/","url":"https:\/\/framtidenskarriar.se\/itdata\/2023\/02\/13\/hel-varld-av-it-mojligheter-pa-abb\/","name":"Hel v\u00e4rld av IT-m\u00f6jligheter p\u00e5 ABB - Framtidens karri\u00e4r IT & Data","isPartOf":{"@id":"https:\/\/framtidenskarriar.se\/itdata\/#website"},"primaryImageOfPage":{"@id":"https:\/\/framtidenskarriar.se\/itdata\/2023\/02\/13\/hel-varld-av-it-mojligheter-pa-abb\/#primaryimage"},"image":{"@id":"https:\/\/framtidenskarriar.se\/itdata\/2023\/02\/13\/hel-varld-av-it-mojligheter-pa-abb\/#primaryimage"},"thumbnailUrl":"https:\/\/framtidenskarriar.se\/itdata\/wp-content\/uploads\/sites\/13\/2023\/02\/abb-utvald-2.jpg","datePublished":"2023-02-13T10:20:14+00:00","dateModified":"2024-02-13T10:57:05+00:00","author":{"@id":"https:\/\/framtidenskarriar.se\/itdata\/#\/schema\/person\/2a13a849ec7646386c2211f59afe3083"},"breadcrumb":{"@id":"https:\/\/framtidenskarriar.se\/itdata\/2023\/02\/13\/hel-varld-av-it-mojligheter-pa-abb\/#breadcrumb"},"inLanguage":"sv-SE","potentialAction":[{"@type":"ReadAction","target":["https:\/\/framtidenskarriar.se\/itdata\/2023\/02\/13\/hel-varld-av-it-mojligheter-pa-abb\/"]}]},{"@type":"ImageObject","inLanguage":"sv-SE","@id":"https:\/\/framtidenskarriar.se\/itdata\/2023\/02\/13\/hel-varld-av-it-mojligheter-pa-abb\/#primaryimage","url":"https:\/\/framtidenskarriar.se\/itdata\/wp-content\/uploads\/sites\/13\/2023\/02\/abb-utvald-2.jpg","contentUrl":"https:\/\/framtidenskarriar.se\/itdata\/wp-content\/uploads\/sites\/13\/2023\/02\/abb-utvald-2.jpg","width":1000,"height":654},{"@type":"BreadcrumbList","@id":"https:\/\/framtidenskarriar.se\/itdata\/2023\/02\/13\/hel-varld-av-it-mojligheter-pa-abb\/#breadcrumb","itemListElement":[{"@type":"ListItem","position":1,"name":"Home","item":"https:\/\/framtidenskarriar.se\/itdata\/"},{"@type":"ListItem","position":2,"name":"Hel v\u00e4rld av IT-m\u00f6jligheter p\u00e5 ABB"}]},{"@type":"WebSite","@id":"https:\/\/framtidenskarriar.se\/itdata\/#website","url":"https:\/\/framtidenskarriar.se\/itdata\/","name":"Framtidens karri\u00e4r IT & Data","description":"Just another NMDashboard.se Sites site","potentialAction":[{"@type":"SearchAction","target":{"@type":"EntryPoint","urlTemplate":"https:\/\/framtidenskarriar.se\/itdata\/?s={search_term_string}"},"query-input":{"@type":"PropertyValueSpecification","valueRequired":true,"valueName":"search_term_string"}}],"inLanguage":"sv-SE"},{"@type":"Person","@id":"https:\/\/framtidenskarriar.se\/itdata\/#\/schema\/person\/2a13a849ec7646386c2211f59afe3083","name":"viktorwallen","image":{"@type":"ImageObject","inLanguage":"sv-SE","@id":"https:\/\/secure.gravatar.com\/avatar\/701701bd36169636031933997c8c6b954f2f635bbb7cd4802e4a007f9c9f4e59?s=96&d=mm&r=g","url":"https:\/\/secure.gravatar.com\/avatar\/701701bd36169636031933997c8c6b954f2f635bbb7cd4802e4a007f9c9f4e59?s=96&d=mm&r=g","contentUrl":"https:\/\/secure.gravatar.com\/avatar\/701701bd36169636031933997c8c6b954f2f635bbb7cd4802e4a007f9c9f4e59?s=96&d=mm&r=g","caption":"viktorwallen"},"url":"https:\/\/framtidenskarriar.se\/itdata\/author\/viktorwallen\/"}]}},"_links":{"self":[{"href":"https:\/\/framtidenskarriar.se\/itdata\/wp-json\/wp\/v2\/posts\/7545","targetHints":{"allow":["GET"]}}],"collection":[{"href":"https:\/\/framtidenskarriar.se\/itdata\/wp-json\/wp\/v2\/posts"}],"about":[{"href":"https:\/\/framtidenskarriar.se\/itdata\/wp-json\/wp\/v2\/types\/post"}],"author":[{"embeddable":true,"href":"https:\/\/framtidenskarriar.se\/itdata\/wp-json\/wp\/v2\/users\/2"}],"replies":[{"embeddable":true,"href":"https:\/\/framtidenskarriar.se\/itdata\/wp-json\/wp\/v2\/comments?post=7545"}],"version-history":[{"count":6,"href":"https:\/\/framtidenskarriar.se\/itdata\/wp-json\/wp\/v2\/posts\/7545\/revisions"}],"predecessor-version":[{"id":8268,"href":"https:\/\/framtidenskarriar.se\/itdata\/wp-json\/wp\/v2\/posts\/7545\/revisions\/8268"}],"wp:featuredmedia":[{"embeddable":true,"href":"https:\/\/framtidenskarriar.se\/itdata\/wp-json\/wp\/v2\/media\/7554"}],"wp:attachment":[{"href":"https:\/\/framtidenskarriar.se\/itdata\/wp-json\/wp\/v2\/media?parent=7545"}],"wp:term":[{"taxonomy":"category","embeddable":true,"href":"https:\/\/framtidenskarriar.se\/itdata\/wp-json\/wp\/v2\/categories?post=7545"},{"taxonomy":"post_tag","embeddable":true,"href":"https:\/\/framtidenskarriar.se\/itdata\/wp-json\/wp\/v2\/tags?post=7545"}],"curies":[{"name":"wp","href":"https:\/\/api.w.org\/{rel}","templated":true}]}}