{"id":7570,"date":"2023-02-13T10:58:29","date_gmt":"2023-02-13T10:58:29","guid":{"rendered":"https:\/\/framtidenskarriar.se\/itdata\/?p=7570"},"modified":"2024-02-13T10:56:48","modified_gmt":"2024-02-13T10:56:48","slug":"vi-vaxlar-upp-manga-nya-kompetenser-behovs","status":"publish","type":"post","link":"https:\/\/framtidenskarriar.se\/itdata\/2023\/02\/13\/vi-vaxlar-upp-manga-nya-kompetenser-behovs\/","title":{"rendered":"Vi v\u00e4xlar upp \u2013 m\u00e5nga nya kompetenser beh\u00f6vs!"},"content":{"rendered":"\n<figure class=\"wp-block-image size-full\"><img loading=\"lazy\" decoding=\"async\" width=\"1000\" height=\"626\" src=\"https:\/\/framtidenskarriar.se\/itdata\/wp-content\/uploads\/sites\/13\/2023\/02\/bolagsverket-dsc-3177.jpg\" alt=\"Patrik Westman och Yvonne Odsberg p\u00e5 Bolagsverket. Foto: P\u00e4r Olert\" class=\"wp-image-7572\" srcset=\"https:\/\/framtidenskarriar.se\/itdata\/wp-content\/uploads\/sites\/13\/2023\/02\/bolagsverket-dsc-3177.jpg 1000w, https:\/\/framtidenskarriar.se\/itdata\/wp-content\/uploads\/sites\/13\/2023\/02\/bolagsverket-dsc-3177-300x188.jpg 300w, https:\/\/framtidenskarriar.se\/itdata\/wp-content\/uploads\/sites\/13\/2023\/02\/bolagsverket-dsc-3177-768x481.jpg 768w, https:\/\/framtidenskarriar.se\/itdata\/wp-content\/uploads\/sites\/13\/2023\/02\/bolagsverket-dsc-3177-256x160.jpg 256w, https:\/\/framtidenskarriar.se\/itdata\/wp-content\/uploads\/sites\/13\/2023\/02\/bolagsverket-dsc-3177-526x329.jpg 526w, https:\/\/framtidenskarriar.se\/itdata\/wp-content\/uploads\/sites\/13\/2023\/02\/bolagsverket-dsc-3177-720x451.jpg 720w, https:\/\/framtidenskarriar.se\/itdata\/wp-content\/uploads\/sites\/13\/2023\/02\/bolagsverket-dsc-3177-960x601.jpg 960w\" sizes=\"auto, (max-width: 1000px) 100vw, 1000px\" \/><figcaption class=\"wp-element-caption\">Patrik Westman och Yvonne Odsberg p\u00e5 Bolagsverket. Foto: P\u00e4r Olert<\/figcaption><\/figure>\n\n\n\n<p><strong>Bolagsverkets digitala satsning och f\u00f6r\u00e4ndrade roll inneb\u00e4r att det finns m\u00e5nga sp\u00e4nnande utmaningar att l\u00f6sa. Tekniken \u00e4r en, d\u00e4r en modern och robust infrastruktur som kan garantera s\u00e4kerheten och tillf\u00f6rlitligheten \u00e4r en viktig del. En annan handlar om att ha tillg\u00e5ng till r\u00e4tt kompetenser som vill vara med, kan driva och t\u00e4nka nytt n\u00e4r framtidens l\u00f6sningar ska designas.<\/strong><\/p>\n\n\n\n<p>Den fas som Bolagsverket \u00e4r inne i inneb\u00e4r bland annat att modern teknik och nya arbetss\u00e4tt blir en viktig del av framtidens l\u00f6sningar. Det f\u00f6r\u00e4ndrar hela Bolagsverket som arbetsplats. Joel Tostar, chef p\u00e5 IT-avdelningen f\u00f6rklarar:<br>\u2013 Vi \u00e4r mitt inne i en teknik- och kulturf\u00f6rflyttning d\u00e4r vi beh\u00f6ver mycket ny kompetens inom m\u00e5nga olika omr\u00e5den. D\u00e4rf\u00f6r f\u00f6rst\u00e4rker vi nu med flera nya kompetenser och vi s\u00f6ker de som vill vara med och utveckla inte bara det svenska f\u00f6retagandet, utan ocks\u00e5 hela samh\u00e4llet.<\/p>\n\n\n\n<p class=\"has-color-white-01-color has-text-color has-background\" style=\"background-color:#003148\"><span style=\"text-decoration: underline;\"><strong><a href=\"https:\/\/www.linkedin.com\/company\/bolagsverket\/\" title=\"Bolagsverket VT23 pres LinkedIn\" target=\"_blank\" rel=\"noreferrer noopener\">Klicka h\u00e4r f\u00f6r att bes\u00f6ka oss p\u00e5 LinkedIn<\/a><\/strong><\/span><br><br><span style=\"text-decoration: underline;\"><strong><a href=\"https:\/\/bolagsverket.se\/om\/oss\/jobb\/lediga-1.3541\" title=\"Bolagsverket VT23 pres jobb\" target=\"_blank\" rel=\"noreferrer noopener\">Klicka h\u00e4r f\u00f6r att se v\u00e5ra lediga tj\u00e4nster<\/a><\/strong><\/span><\/p>\n\n\n\n<p><strong>Stor portion av kreativitet och nyt\u00e4nkande<\/strong><br>De nya behoven i kombination med anv\u00e4ndandet av ny teknik f\u00f6r\u00e4ndrar hur Bolagsverket arbetar med systemutveckling. Kreativitet och nyt\u00e4nkande \u00e4r tv\u00e5 nyckelbegrepp. Yvonne Odsberg, systemf\u00f6rvaltare, ber\u00e4ttar:<br>\u2013 Jag fungerar som en \u00f6vers\u00e4ttare mellan verksamheten och IT och skapar l\u00f6sningar utifr\u00e5n verksamhetens och kundernas behov. Det \u00e4r ett otroligt roligt och intressant jobb, s\u00e4rskilt d\u00e5 vi har stort eget ansvar och stor kreativ frihet i arbetet.<br>\u00c4ven IT-infrastrukturen f\u00f6r\u00e4ndras snabbt och f\u00f6rm\u00e5gan att koppla ihop infrastrukturen med de applikationer och IT-tj\u00e4nster som utvecklas \u00e4r viktig.<br>\u2013 Vi jobbar inte med f\u00f6rvaltning, vi jobbar i spetsen av en snabb utveckling d\u00e4r vi f\u00e5r testa nya komplexa tekniker. Jag l\u00e4r mig n\u00e5got nytt varje dag, ber\u00e4ttar Patrik Westman, IT-arkitekt.<br>B\u00e5de Patrik och Yvonne lyfter ocks\u00e5 fram den goda st\u00e4mningen som finns b\u00e5de i de egna teamen och inom Bolagsverket som helhet.<br>\u2013 Hos oss \u00e4r teamet viktigt och att vi kan ha roligt samtidigt som vi l\u00f6ser v\u00e5ra utmaningar. Vi har kontinuerlig kompetensutveckling \u2013 jag har sj\u00e4lv g\u00e5tt fr\u00e5n att vara trainee till IT-arkitekt, p\u00e5 relativt kort tid. Bolagsverket ger oss den typen av utvecklingsm\u00f6jligheter, s\u00e4ger Patrik Westman.<\/p>\n\n\n\n<div class=\"wp-block-group faktaruta\"><div class=\"wp-block-group__inner-container is-layout-constrained wp-block-group-is-layout-constrained\">\n<h6 class=\"wp-block-heading\">Bolagsverkets IT-avdelning<\/h6>\n\n\n\n<p>Bolagsverket skapar f\u00f6ruts\u00e4ttningar f\u00f6r ett n\u00e4ringsliv d\u00e4r man kan lita p\u00e5 varandra. Vi har moderna lokaler i Sundsvall och har drygt 600 anst\u00e4llda p\u00e5 flera platser i landet. Vi arbetar st\u00e4ndigt med att utveckla arbetsmilj\u00f6n, har h\u00e4lsa i fokus och gener\u00f6sa f\u00f6rm\u00e5ner. Hos oss arbetar vi med agila arbetss\u00e4tt d\u00e4r vi vill utvecklas och ha roligt tillsammans. Bolagsverkets IT-avdelning best\u00e5r av enheterna IT-arkitektur, metod och kvalitet, IT-tj\u00e4nsteleverans och IT-produktion.<br><br>#vi\u00e4rbolagsverket<br><strong><a href=\"https:\/\/bolagsverket.se\/\" title=\"Bolagsverket VT23 pres textlink\" target=\"_blank\" rel=\"noreferrer noopener\">bolagsverket.se<\/a><\/strong><br><br><a href=\"https:\/\/bolagsverket.se\/\" title=\"Bolagsverket VT23 pres logotype\" target=\"_blank\" rel=\"noreferrer noopener\"><img loading=\"lazy\" decoding=\"async\" width=\"150\" height=\"25\" class=\"wp-image-7571\" style=\"width: 150px;\" src=\"https:\/\/framtidenskarriar.se\/itdata\/wp-content\/uploads\/sites\/13\/2023\/02\/bolagsverket-logo-cmyk-transparent-50mm.png\" alt=\"\" srcset=\"https:\/\/framtidenskarriar.se\/itdata\/wp-content\/uploads\/sites\/13\/2023\/02\/bolagsverket-logo-cmyk-transparent-50mm.png 750w, https:\/\/framtidenskarriar.se\/itdata\/wp-content\/uploads\/sites\/13\/2023\/02\/bolagsverket-logo-cmyk-transparent-50mm-300x50.png 300w, https:\/\/framtidenskarriar.se\/itdata\/wp-content\/uploads\/sites\/13\/2023\/02\/bolagsverket-logo-cmyk-transparent-50mm-720x125.png 720w, https:\/\/framtidenskarriar.se\/itdata\/wp-content\/uploads\/sites\/13\/2023\/02\/bolagsverket-logo-cmyk-transparent-50mm-526x88.png 526w\" sizes=\"auto, (max-width: 150px) 100vw, 150px\" \/><\/a><\/p>\n<\/div><\/div>\n","protected":false},"excerpt":{"rendered":"<p>V\u00e5r digitala satsning och f\u00f6r\u00e4ndrade roll inneb\u00e4r att det finns m\u00e5nga sp\u00e4nnande utmaningar att l\u00f6sa.<\/p>\n","protected":false},"author":2,"featured_media":7572,"comment_status":"open","ping_status":"open","sticky":false,"template":"","format":"standard","meta":{"_acf_changed":false,"_monsterinsights_skip_tracking":false,"_monsterinsights_sitenote_active":false,"_monsterinsights_sitenote_note":"","_monsterinsights_sitenote_category":0,"footnotes":""},"categories":[9],"tags":[38],"class_list":["post-7570","post","type-post","status-publish","format-standard","has-post-thumbnail","hentry","category-presentation","tag-bolagsverket"],"acf":[],"yoast_head":"<!-- This site is optimized with the Yoast SEO plugin v27.3 - https:\/\/yoast.com\/product\/yoast-seo-wordpress\/ -->\n<title>Vi v\u00e4xlar upp \u2013 m\u00e5nga nya kompetenser beh\u00f6vs! - Framtidens karri\u00e4r IT &amp; Data<\/title>\n<meta name=\"robots\" content=\"index, follow, max-snippet:-1, max-image-preview:large, max-video-preview:-1\" \/>\n<link rel=\"canonical\" href=\"https:\/\/framtidenskarriar.se\/itdata\/2023\/02\/13\/vi-vaxlar-upp-manga-nya-kompetenser-behovs\/\" \/>\n<meta property=\"og:locale\" content=\"sv_SE\" \/>\n<meta property=\"og:type\" content=\"article\" \/>\n<meta property=\"og:title\" content=\"Vi v\u00e4xlar upp \u2013 m\u00e5nga nya kompetenser beh\u00f6vs! - Framtidens karri\u00e4r IT &amp; Data\" \/>\n<meta property=\"og:description\" content=\"V\u00e5r digitala satsning och f\u00f6r\u00e4ndrade roll inneb\u00e4r att det finns m\u00e5nga sp\u00e4nnande utmaningar att l\u00f6sa.\" \/>\n<meta property=\"og:url\" content=\"https:\/\/framtidenskarriar.se\/itdata\/2023\/02\/13\/vi-vaxlar-upp-manga-nya-kompetenser-behovs\/\" \/>\n<meta property=\"og:site_name\" content=\"Framtidens karri\u00e4r IT &amp; Data\" \/>\n<meta property=\"article:published_time\" content=\"2023-02-13T10:58:29+00:00\" \/>\n<meta property=\"article:modified_time\" content=\"2024-02-13T10:56:48+00:00\" \/>\n<meta property=\"og:image\" content=\"https:\/\/framtidenskarriar.se\/itdata\/wp-content\/uploads\/sites\/13\/2023\/02\/bolagsverket-dsc-3177.jpg\" \/>\n\t<meta property=\"og:image:width\" content=\"1000\" \/>\n\t<meta property=\"og:image:height\" content=\"626\" \/>\n\t<meta property=\"og:image:type\" content=\"image\/jpeg\" \/>\n<meta name=\"author\" content=\"viktorwallen\" \/>\n<meta name=\"twitter:card\" content=\"summary_large_image\" \/>\n<meta name=\"twitter:label1\" content=\"Skriven av\" \/>\n\t<meta name=\"twitter:data1\" content=\"viktorwallen\" \/>\n\t<meta name=\"twitter:label2\" content=\"Ber\u00e4knad l\u00e4stid\" \/>\n\t<meta name=\"twitter:data2\" content=\"3 minuter\" \/>\n<script type=\"application\/ld+json\" class=\"yoast-schema-graph\">{\"@context\":\"https:\\\/\\\/schema.org\",\"@graph\":[{\"@type\":\"Article\",\"@id\":\"https:\\\/\\\/framtidenskarriar.se\\\/itdata\\\/2023\\\/02\\\/13\\\/vi-vaxlar-upp-manga-nya-kompetenser-behovs\\\/#article\",\"isPartOf\":{\"@id\":\"https:\\\/\\\/framtidenskarriar.se\\\/itdata\\\/2023\\\/02\\\/13\\\/vi-vaxlar-upp-manga-nya-kompetenser-behovs\\\/\"},\"author\":{\"name\":\"viktorwallen\",\"@id\":\"https:\\\/\\\/framtidenskarriar.se\\\/itdata\\\/#\\\/schema\\\/person\\\/2a13a849ec7646386c2211f59afe3083\"},\"headline\":\"Vi v\u00e4xlar upp \u2013 m\u00e5nga nya kompetenser beh\u00f6vs!\",\"datePublished\":\"2023-02-13T10:58:29+00:00\",\"dateModified\":\"2024-02-13T10:56:48+00:00\",\"mainEntityOfPage\":{\"@id\":\"https:\\\/\\\/framtidenskarriar.se\\\/itdata\\\/2023\\\/02\\\/13\\\/vi-vaxlar-upp-manga-nya-kompetenser-behovs\\\/\"},\"wordCount\":524,\"commentCount\":0,\"image\":{\"@id\":\"https:\\\/\\\/framtidenskarriar.se\\\/itdata\\\/2023\\\/02\\\/13\\\/vi-vaxlar-upp-manga-nya-kompetenser-behovs\\\/#primaryimage\"},\"thumbnailUrl\":\"https:\\\/\\\/framtidenskarriar.se\\\/itdata\\\/wp-content\\\/uploads\\\/sites\\\/13\\\/2023\\\/02\\\/bolagsverket-dsc-3177.jpg\",\"keywords\":[\"Bolagsverket\"],\"articleSection\":[\"Presentation\"],\"inLanguage\":\"sv-SE\",\"potentialAction\":[{\"@type\":\"CommentAction\",\"name\":\"Comment\",\"target\":[\"https:\\\/\\\/framtidenskarriar.se\\\/itdata\\\/2023\\\/02\\\/13\\\/vi-vaxlar-upp-manga-nya-kompetenser-behovs\\\/#respond\"]}]},{\"@type\":\"WebPage\",\"@id\":\"https:\\\/\\\/framtidenskarriar.se\\\/itdata\\\/2023\\\/02\\\/13\\\/vi-vaxlar-upp-manga-nya-kompetenser-behovs\\\/\",\"url\":\"https:\\\/\\\/framtidenskarriar.se\\\/itdata\\\/2023\\\/02\\\/13\\\/vi-vaxlar-upp-manga-nya-kompetenser-behovs\\\/\",\"name\":\"Vi v\u00e4xlar upp \u2013 m\u00e5nga nya kompetenser beh\u00f6vs! - Framtidens karri\u00e4r IT & Data\",\"isPartOf\":{\"@id\":\"https:\\\/\\\/framtidenskarriar.se\\\/itdata\\\/#website\"},\"primaryImageOfPage\":{\"@id\":\"https:\\\/\\\/framtidenskarriar.se\\\/itdata\\\/2023\\\/02\\\/13\\\/vi-vaxlar-upp-manga-nya-kompetenser-behovs\\\/#primaryimage\"},\"image\":{\"@id\":\"https:\\\/\\\/framtidenskarriar.se\\\/itdata\\\/2023\\\/02\\\/13\\\/vi-vaxlar-upp-manga-nya-kompetenser-behovs\\\/#primaryimage\"},\"thumbnailUrl\":\"https:\\\/\\\/framtidenskarriar.se\\\/itdata\\\/wp-content\\\/uploads\\\/sites\\\/13\\\/2023\\\/02\\\/bolagsverket-dsc-3177.jpg\",\"datePublished\":\"2023-02-13T10:58:29+00:00\",\"dateModified\":\"2024-02-13T10:56:48+00:00\",\"author\":{\"@id\":\"https:\\\/\\\/framtidenskarriar.se\\\/itdata\\\/#\\\/schema\\\/person\\\/2a13a849ec7646386c2211f59afe3083\"},\"breadcrumb\":{\"@id\":\"https:\\\/\\\/framtidenskarriar.se\\\/itdata\\\/2023\\\/02\\\/13\\\/vi-vaxlar-upp-manga-nya-kompetenser-behovs\\\/#breadcrumb\"},\"inLanguage\":\"sv-SE\",\"potentialAction\":[{\"@type\":\"ReadAction\",\"target\":[\"https:\\\/\\\/framtidenskarriar.se\\\/itdata\\\/2023\\\/02\\\/13\\\/vi-vaxlar-upp-manga-nya-kompetenser-behovs\\\/\"]}]},{\"@type\":\"ImageObject\",\"inLanguage\":\"sv-SE\",\"@id\":\"https:\\\/\\\/framtidenskarriar.se\\\/itdata\\\/2023\\\/02\\\/13\\\/vi-vaxlar-upp-manga-nya-kompetenser-behovs\\\/#primaryimage\",\"url\":\"https:\\\/\\\/framtidenskarriar.se\\\/itdata\\\/wp-content\\\/uploads\\\/sites\\\/13\\\/2023\\\/02\\\/bolagsverket-dsc-3177.jpg\",\"contentUrl\":\"https:\\\/\\\/framtidenskarriar.se\\\/itdata\\\/wp-content\\\/uploads\\\/sites\\\/13\\\/2023\\\/02\\\/bolagsverket-dsc-3177.jpg\",\"width\":1000,\"height\":626,\"caption\":\"Patrik Westman och Yvonne Odsberg p\u00e5 Bolagsverket. Foto: P\u00e4r Olert\"},{\"@type\":\"BreadcrumbList\",\"@id\":\"https:\\\/\\\/framtidenskarriar.se\\\/itdata\\\/2023\\\/02\\\/13\\\/vi-vaxlar-upp-manga-nya-kompetenser-behovs\\\/#breadcrumb\",\"itemListElement\":[{\"@type\":\"ListItem\",\"position\":1,\"name\":\"Home\",\"item\":\"https:\\\/\\\/framtidenskarriar.se\\\/itdata\\\/\"},{\"@type\":\"ListItem\",\"position\":2,\"name\":\"Vi v\u00e4xlar upp \u2013 m\u00e5nga nya kompetenser beh\u00f6vs!\"}]},{\"@type\":\"WebSite\",\"@id\":\"https:\\\/\\\/framtidenskarriar.se\\\/itdata\\\/#website\",\"url\":\"https:\\\/\\\/framtidenskarriar.se\\\/itdata\\\/\",\"name\":\"Framtidens karri\u00e4r IT & Data\",\"description\":\"Just another NMDashboard.se Sites site\",\"potentialAction\":[{\"@type\":\"SearchAction\",\"target\":{\"@type\":\"EntryPoint\",\"urlTemplate\":\"https:\\\/\\\/framtidenskarriar.se\\\/itdata\\\/?s={search_term_string}\"},\"query-input\":{\"@type\":\"PropertyValueSpecification\",\"valueRequired\":true,\"valueName\":\"search_term_string\"}}],\"inLanguage\":\"sv-SE\"},{\"@type\":\"Person\",\"@id\":\"https:\\\/\\\/framtidenskarriar.se\\\/itdata\\\/#\\\/schema\\\/person\\\/2a13a849ec7646386c2211f59afe3083\",\"name\":\"viktorwallen\",\"image\":{\"@type\":\"ImageObject\",\"inLanguage\":\"sv-SE\",\"@id\":\"https:\\\/\\\/secure.gravatar.com\\\/avatar\\\/701701bd36169636031933997c8c6b954f2f635bbb7cd4802e4a007f9c9f4e59?s=96&d=mm&r=g\",\"url\":\"https:\\\/\\\/secure.gravatar.com\\\/avatar\\\/701701bd36169636031933997c8c6b954f2f635bbb7cd4802e4a007f9c9f4e59?s=96&d=mm&r=g\",\"contentUrl\":\"https:\\\/\\\/secure.gravatar.com\\\/avatar\\\/701701bd36169636031933997c8c6b954f2f635bbb7cd4802e4a007f9c9f4e59?s=96&d=mm&r=g\",\"caption\":\"viktorwallen\"},\"url\":\"https:\\\/\\\/framtidenskarriar.se\\\/itdata\\\/author\\\/viktorwallen\\\/\"}]}<\/script>\n<!-- \/ Yoast SEO plugin. -->","yoast_head_json":{"title":"Vi v\u00e4xlar upp \u2013 m\u00e5nga nya kompetenser beh\u00f6vs! - Framtidens karri\u00e4r IT & Data","robots":{"index":"index","follow":"follow","max-snippet":"max-snippet:-1","max-image-preview":"max-image-preview:large","max-video-preview":"max-video-preview:-1"},"canonical":"https:\/\/framtidenskarriar.se\/itdata\/2023\/02\/13\/vi-vaxlar-upp-manga-nya-kompetenser-behovs\/","og_locale":"sv_SE","og_type":"article","og_title":"Vi v\u00e4xlar upp \u2013 m\u00e5nga nya kompetenser beh\u00f6vs! - Framtidens karri\u00e4r IT & Data","og_description":"V\u00e5r digitala satsning och f\u00f6r\u00e4ndrade roll inneb\u00e4r att det finns m\u00e5nga sp\u00e4nnande utmaningar att l\u00f6sa.","og_url":"https:\/\/framtidenskarriar.se\/itdata\/2023\/02\/13\/vi-vaxlar-upp-manga-nya-kompetenser-behovs\/","og_site_name":"Framtidens karri\u00e4r IT & Data","article_published_time":"2023-02-13T10:58:29+00:00","article_modified_time":"2024-02-13T10:56:48+00:00","og_image":[{"width":1000,"height":626,"url":"https:\/\/framtidenskarriar.se\/itdata\/wp-content\/uploads\/sites\/13\/2023\/02\/bolagsverket-dsc-3177.jpg","type":"image\/jpeg"}],"author":"viktorwallen","twitter_card":"summary_large_image","twitter_misc":{"Skriven av":"viktorwallen","Ber\u00e4knad l\u00e4stid":"3 minuter"},"schema":{"@context":"https:\/\/schema.org","@graph":[{"@type":"Article","@id":"https:\/\/framtidenskarriar.se\/itdata\/2023\/02\/13\/vi-vaxlar-upp-manga-nya-kompetenser-behovs\/#article","isPartOf":{"@id":"https:\/\/framtidenskarriar.se\/itdata\/2023\/02\/13\/vi-vaxlar-upp-manga-nya-kompetenser-behovs\/"},"author":{"name":"viktorwallen","@id":"https:\/\/framtidenskarriar.se\/itdata\/#\/schema\/person\/2a13a849ec7646386c2211f59afe3083"},"headline":"Vi v\u00e4xlar upp \u2013 m\u00e5nga nya kompetenser beh\u00f6vs!","datePublished":"2023-02-13T10:58:29+00:00","dateModified":"2024-02-13T10:56:48+00:00","mainEntityOfPage":{"@id":"https:\/\/framtidenskarriar.se\/itdata\/2023\/02\/13\/vi-vaxlar-upp-manga-nya-kompetenser-behovs\/"},"wordCount":524,"commentCount":0,"image":{"@id":"https:\/\/framtidenskarriar.se\/itdata\/2023\/02\/13\/vi-vaxlar-upp-manga-nya-kompetenser-behovs\/#primaryimage"},"thumbnailUrl":"https:\/\/framtidenskarriar.se\/itdata\/wp-content\/uploads\/sites\/13\/2023\/02\/bolagsverket-dsc-3177.jpg","keywords":["Bolagsverket"],"articleSection":["Presentation"],"inLanguage":"sv-SE","potentialAction":[{"@type":"CommentAction","name":"Comment","target":["https:\/\/framtidenskarriar.se\/itdata\/2023\/02\/13\/vi-vaxlar-upp-manga-nya-kompetenser-behovs\/#respond"]}]},{"@type":"WebPage","@id":"https:\/\/framtidenskarriar.se\/itdata\/2023\/02\/13\/vi-vaxlar-upp-manga-nya-kompetenser-behovs\/","url":"https:\/\/framtidenskarriar.se\/itdata\/2023\/02\/13\/vi-vaxlar-upp-manga-nya-kompetenser-behovs\/","name":"Vi v\u00e4xlar upp \u2013 m\u00e5nga nya kompetenser beh\u00f6vs! - Framtidens karri\u00e4r IT & Data","isPartOf":{"@id":"https:\/\/framtidenskarriar.se\/itdata\/#website"},"primaryImageOfPage":{"@id":"https:\/\/framtidenskarriar.se\/itdata\/2023\/02\/13\/vi-vaxlar-upp-manga-nya-kompetenser-behovs\/#primaryimage"},"image":{"@id":"https:\/\/framtidenskarriar.se\/itdata\/2023\/02\/13\/vi-vaxlar-upp-manga-nya-kompetenser-behovs\/#primaryimage"},"thumbnailUrl":"https:\/\/framtidenskarriar.se\/itdata\/wp-content\/uploads\/sites\/13\/2023\/02\/bolagsverket-dsc-3177.jpg","datePublished":"2023-02-13T10:58:29+00:00","dateModified":"2024-02-13T10:56:48+00:00","author":{"@id":"https:\/\/framtidenskarriar.se\/itdata\/#\/schema\/person\/2a13a849ec7646386c2211f59afe3083"},"breadcrumb":{"@id":"https:\/\/framtidenskarriar.se\/itdata\/2023\/02\/13\/vi-vaxlar-upp-manga-nya-kompetenser-behovs\/#breadcrumb"},"inLanguage":"sv-SE","potentialAction":[{"@type":"ReadAction","target":["https:\/\/framtidenskarriar.se\/itdata\/2023\/02\/13\/vi-vaxlar-upp-manga-nya-kompetenser-behovs\/"]}]},{"@type":"ImageObject","inLanguage":"sv-SE","@id":"https:\/\/framtidenskarriar.se\/itdata\/2023\/02\/13\/vi-vaxlar-upp-manga-nya-kompetenser-behovs\/#primaryimage","url":"https:\/\/framtidenskarriar.se\/itdata\/wp-content\/uploads\/sites\/13\/2023\/02\/bolagsverket-dsc-3177.jpg","contentUrl":"https:\/\/framtidenskarriar.se\/itdata\/wp-content\/uploads\/sites\/13\/2023\/02\/bolagsverket-dsc-3177.jpg","width":1000,"height":626,"caption":"Patrik Westman och Yvonne Odsberg p\u00e5 Bolagsverket. Foto: P\u00e4r Olert"},{"@type":"BreadcrumbList","@id":"https:\/\/framtidenskarriar.se\/itdata\/2023\/02\/13\/vi-vaxlar-upp-manga-nya-kompetenser-behovs\/#breadcrumb","itemListElement":[{"@type":"ListItem","position":1,"name":"Home","item":"https:\/\/framtidenskarriar.se\/itdata\/"},{"@type":"ListItem","position":2,"name":"Vi v\u00e4xlar upp \u2013 m\u00e5nga nya kompetenser beh\u00f6vs!"}]},{"@type":"WebSite","@id":"https:\/\/framtidenskarriar.se\/itdata\/#website","url":"https:\/\/framtidenskarriar.se\/itdata\/","name":"Framtidens karri\u00e4r IT & Data","description":"Just another NMDashboard.se Sites site","potentialAction":[{"@type":"SearchAction","target":{"@type":"EntryPoint","urlTemplate":"https:\/\/framtidenskarriar.se\/itdata\/?s={search_term_string}"},"query-input":{"@type":"PropertyValueSpecification","valueRequired":true,"valueName":"search_term_string"}}],"inLanguage":"sv-SE"},{"@type":"Person","@id":"https:\/\/framtidenskarriar.se\/itdata\/#\/schema\/person\/2a13a849ec7646386c2211f59afe3083","name":"viktorwallen","image":{"@type":"ImageObject","inLanguage":"sv-SE","@id":"https:\/\/secure.gravatar.com\/avatar\/701701bd36169636031933997c8c6b954f2f635bbb7cd4802e4a007f9c9f4e59?s=96&d=mm&r=g","url":"https:\/\/secure.gravatar.com\/avatar\/701701bd36169636031933997c8c6b954f2f635bbb7cd4802e4a007f9c9f4e59?s=96&d=mm&r=g","contentUrl":"https:\/\/secure.gravatar.com\/avatar\/701701bd36169636031933997c8c6b954f2f635bbb7cd4802e4a007f9c9f4e59?s=96&d=mm&r=g","caption":"viktorwallen"},"url":"https:\/\/framtidenskarriar.se\/itdata\/author\/viktorwallen\/"}]}},"_links":{"self":[{"href":"https:\/\/framtidenskarriar.se\/itdata\/wp-json\/wp\/v2\/posts\/7570","targetHints":{"allow":["GET"]}}],"collection":[{"href":"https:\/\/framtidenskarriar.se\/itdata\/wp-json\/wp\/v2\/posts"}],"about":[{"href":"https:\/\/framtidenskarriar.se\/itdata\/wp-json\/wp\/v2\/types\/post"}],"author":[{"embeddable":true,"href":"https:\/\/framtidenskarriar.se\/itdata\/wp-json\/wp\/v2\/users\/2"}],"replies":[{"embeddable":true,"href":"https:\/\/framtidenskarriar.se\/itdata\/wp-json\/wp\/v2\/comments?post=7570"}],"version-history":[{"count":8,"href":"https:\/\/framtidenskarriar.se\/itdata\/wp-json\/wp\/v2\/posts\/7570\/revisions"}],"predecessor-version":[{"id":8264,"href":"https:\/\/framtidenskarriar.se\/itdata\/wp-json\/wp\/v2\/posts\/7570\/revisions\/8264"}],"wp:featuredmedia":[{"embeddable":true,"href":"https:\/\/framtidenskarriar.se\/itdata\/wp-json\/wp\/v2\/media\/7572"}],"wp:attachment":[{"href":"https:\/\/framtidenskarriar.se\/itdata\/wp-json\/wp\/v2\/media?parent=7570"}],"wp:term":[{"taxonomy":"category","embeddable":true,"href":"https:\/\/framtidenskarriar.se\/itdata\/wp-json\/wp\/v2\/categories?post=7570"},{"taxonomy":"post_tag","embeddable":true,"href":"https:\/\/framtidenskarriar.se\/itdata\/wp-json\/wp\/v2\/tags?post=7570"}],"curies":[{"name":"wp","href":"https:\/\/api.w.org\/{rel}","templated":true}]}}