{"id":7616,"date":"2023-02-13T12:03:24","date_gmt":"2023-02-13T12:03:24","guid":{"rendered":"https:\/\/framtidenskarriar.se\/itdata\/?p=7616"},"modified":"2023-02-14T12:30:18","modified_gmt":"2023-02-14T12:30:18","slug":"storskaliga-it-skiften-oppnar-upp-for-utmaningar","status":"publish","type":"post","link":"https:\/\/framtidenskarriar.se\/itdata\/2023\/02\/13\/storskaliga-it-skiften-oppnar-upp-for-utmaningar\/","title":{"rendered":"Storskaliga it-skiften \u00f6ppnar upp f\u00f6r utmaningar"},"content":{"rendered":"\n<figure class=\"wp-block-image size-full\"><img loading=\"lazy\" decoding=\"async\" width=\"1000\" height=\"633\" src=\"https:\/\/framtidenskarriar.se\/itdata\/wp-content\/uploads\/sites\/13\/2023\/02\/forsakring2-anders-lundsten-folksam-bred.jpg\" alt=\"\" class=\"wp-image-7617\" srcset=\"https:\/\/framtidenskarriar.se\/itdata\/wp-content\/uploads\/sites\/13\/2023\/02\/forsakring2-anders-lundsten-folksam-bred.jpg 1000w, https:\/\/framtidenskarriar.se\/itdata\/wp-content\/uploads\/sites\/13\/2023\/02\/forsakring2-anders-lundsten-folksam-bred-300x190.jpg 300w, https:\/\/framtidenskarriar.se\/itdata\/wp-content\/uploads\/sites\/13\/2023\/02\/forsakring2-anders-lundsten-folksam-bred-768x486.jpg 768w, https:\/\/framtidenskarriar.se\/itdata\/wp-content\/uploads\/sites\/13\/2023\/02\/forsakring2-anders-lundsten-folksam-bred-253x160.jpg 253w, https:\/\/framtidenskarriar.se\/itdata\/wp-content\/uploads\/sites\/13\/2023\/02\/forsakring2-anders-lundsten-folksam-bred-526x333.jpg 526w, https:\/\/framtidenskarriar.se\/itdata\/wp-content\/uploads\/sites\/13\/2023\/02\/forsakring2-anders-lundsten-folksam-bred-720x456.jpg 720w, https:\/\/framtidenskarriar.se\/itdata\/wp-content\/uploads\/sites\/13\/2023\/02\/forsakring2-anders-lundsten-folksam-bred-960x608.jpg 960w\" sizes=\"auto, (max-width: 1000px) 100vw, 1000px\" \/><figcaption class=\"wp-element-caption\">Anders Lundsten, CIO p\u00e5 Folksam.<\/figcaption><\/figure>\n\n\n\n<p><strong>It \u00e4r en helt central del av en f\u00f6rs\u00e4kringssektor d\u00e4r gr\u00e4nserna mellan it och aff\u00e4r har suddats ut. Utan en gedigen och genomt\u00e4nkt it-infrastruktur kan f\u00f6rs\u00e4kringsbranschen inte driva sin aff\u00e4r. D\u00e4rf\u00f6r genomf\u00f6rs stora teknikskiften som ska resultera i en sammanh\u00e5llen kundupplevelse i en samh\u00e4llsnyttig bransch.<\/strong><\/p>\n\n\n\n<p>\u2013 Det som attraherade mig med f\u00f6rs\u00e4kringssektorn \u00e4r att det \u00e4r en samh\u00e4llsviktig bransch som verkar f\u00f6r att driva p\u00e5 samh\u00e4llets gr\u00f6na omst\u00e4llning. P\u00e5 Folksam str\u00e4var vi st\u00e4ndigt efter att driva v\u00e5ra investeringar \u00e5t det gr\u00f6na h\u00e5llet f\u00f6r att s\u00e4kerst\u00e4lla att v\u00e5ra kunders pengar g\u00f6r maximal nytta f\u00f6r klimatomst\u00e4llningen, samtidigt som de v\u00e4xer p\u00e5 kontot, s\u00e4ger Anders Lundsten, CIO p\u00e5 Folksam. Han \u00e4r ingenj\u00f6r och har bland annat arbetat i processindustrin, p\u00e5 telekombolag, flygbolag och inom detaljhandelssektorn innan han i februari 2022 blev CIO p\u00e5 Folksam.<\/p>\n\n\n\n<blockquote class=\"wp-block-quote is-layout-flow wp-block-quote-is-layout-flow\">\n<p>&#8221;It-specialister i f\u00f6rs\u00e4kringsbranschen f\u00e5r vara delaktiga i ett stort sammanhang.&#8221;<\/p>\n<\/blockquote>\n\n\n\n<p><strong>Teknikskiften effektiviserar<\/strong><br>P\u00e5 Folksam p\u00e5g\u00e5r f\u00f6r n\u00e4rvarande en omfattande satsning p\u00e5 att modernisera f\u00f6retagets it-infrastruktur. De p\u00e5g\u00e5ende storskaliga teknikskiftena syftar till att minska antalet system. De \u00e4r, enligt Anders Lundsten, en n\u00f6dv\u00e4ndighet f\u00f6r att Folksam p\u00e5 sikt ska kunna ge ett bra f\u00f6rs\u00e4kringserbjudande till sina 4,5 miljoner kunder. Ytterligare en viktig drivkraft f\u00f6r de storskaliga it-investeringar som nu genomf\u00f6rs \u00e4r kundernas \u00f6kade krav p\u00e5 digital tillg\u00e4nglighet och sj\u00e4lvservicetj\u00e4nster, och att snabbare kunna svara p\u00e5 kunders och partners efterfr\u00e5gan p\u00e5 nya f\u00f6rs\u00e4kringsl\u00f6sningar.<\/p>\n\n\n\n<p><strong>Sammanh\u00e5llen kundupplevelse<\/strong><br>\u2013 F\u00f6rs\u00e4kringsbranschens digitalisering beh\u00f6ver accelerera ytterligare. Den stora utmaningen \u00e4r kompetensbristen, vilket bromsar v\u00e5r digitaliseringstakt. Data Engineers med kompetens inom AI machine learning och Data Scientists \u00e4r n\u00e5gra av de mest efterfr\u00e5gade kompetenserna just nu. P\u00e5 tre till fem \u00e5rs sikt har vi sannolikt genomf\u00f6rt de viktigaste f\u00f6rflyttningarna som m\u00f6jligg\u00f6r en sammanh\u00e5llen kundupplevelse. Samtidigt forts\u00e4tter vi att konsolidera v\u00e5ra it-system, s\u00e4ger Anders Lundsten.<br>F\u00f6rs\u00e4kringsbranschen p\u00e5verkas mycket av regleringar och regelverk som kommer fr\u00e5n EU. De p\u00e5verkar bland annat f\u00f6rs\u00e4kringsbolagens m\u00f6jligheter att v\u00e4lja icke europeiska SaaS-l\u00f6sningar. En utmaning handlar om att hitta r\u00e4tt balans mellan att kontinuerligt lansera nya digitala tj\u00e4nster och att samtidigt minimera risken f\u00f6r cyberattacker.<br>\u2013 It-specialister i f\u00f6rs\u00e4kringsbranschen f\u00e5r vara delaktiga i ett stort sammanhang, vara med och utveckla tj\u00e4nster som ber\u00f6r miljontals m\u00e4nniskor och vara en drivande kraft i arbetet med att skapa en sammanh\u00e5llen digital kundupplevelse. Samtidigt \u00e4r man en del av en samh\u00e4llsviktig bransch som \u00e4r m\u00e5n om att ge tillbaka till och bidra till samh\u00e4llsutvecklingen, s\u00e4ger Anders Lundsten.<\/p>\n","protected":false},"excerpt":{"rendered":"<p>It \u00e4r en helt central del av en f\u00f6rs\u00e4kringssektor d\u00e4r gr\u00e4nserna mellan it och aff\u00e4r har suddats ut.<\/p>\n","protected":false},"author":3,"featured_media":7617,"comment_status":"open","ping_status":"open","sticky":false,"template":"","format":"standard","meta":{"_acf_changed":false,"_monsterinsights_skip_tracking":false,"_monsterinsights_sitenote_active":false,"_monsterinsights_sitenote_note":"","_monsterinsights_sitenote_category":0,"footnotes":""},"categories":[1],"tags":[32,310,308],"class_list":["post-7616","post","type-post","status-publish","format-standard","has-post-thumbnail","hentry","category-artikel","tag-bank","tag-folksam","tag-forsakringsbranschen"],"acf":[],"yoast_head":"<!-- This site is optimized with the Yoast SEO plugin v27.3 - https:\/\/yoast.com\/product\/yoast-seo-wordpress\/ -->\n<title>Storskaliga it-skiften \u00f6ppnar upp f\u00f6r utmaningar - Framtidens karri\u00e4r IT &amp; Data<\/title>\n<meta name=\"robots\" content=\"index, follow, max-snippet:-1, max-image-preview:large, max-video-preview:-1\" \/>\n<link rel=\"canonical\" href=\"https:\/\/framtidenskarriar.se\/itdata\/2023\/02\/13\/storskaliga-it-skiften-oppnar-upp-for-utmaningar\/\" \/>\n<meta property=\"og:locale\" content=\"sv_SE\" \/>\n<meta property=\"og:type\" content=\"article\" \/>\n<meta property=\"og:title\" content=\"Storskaliga it-skiften \u00f6ppnar upp f\u00f6r utmaningar - Framtidens karri\u00e4r IT &amp; Data\" \/>\n<meta property=\"og:description\" content=\"It \u00e4r en helt central del av en f\u00f6rs\u00e4kringssektor d\u00e4r gr\u00e4nserna mellan it och aff\u00e4r har suddats ut.\" \/>\n<meta property=\"og:url\" content=\"https:\/\/framtidenskarriar.se\/itdata\/2023\/02\/13\/storskaliga-it-skiften-oppnar-upp-for-utmaningar\/\" \/>\n<meta property=\"og:site_name\" content=\"Framtidens karri\u00e4r IT &amp; Data\" \/>\n<meta property=\"article:published_time\" content=\"2023-02-13T12:03:24+00:00\" \/>\n<meta property=\"article:modified_time\" content=\"2023-02-14T12:30:18+00:00\" \/>\n<meta property=\"og:image\" content=\"https:\/\/framtidenskarriar.se\/itdata\/wp-content\/uploads\/sites\/13\/2023\/02\/forsakring2-anders-lundsten-folksam-bred.jpg\" \/>\n\t<meta property=\"og:image:width\" content=\"1000\" \/>\n\t<meta property=\"og:image:height\" content=\"633\" \/>\n\t<meta property=\"og:image:type\" content=\"image\/jpeg\" \/>\n<meta name=\"author\" content=\"stellanstal\" \/>\n<meta name=\"twitter:card\" content=\"summary_large_image\" \/>\n<meta name=\"twitter:label1\" content=\"Skriven av\" \/>\n\t<meta name=\"twitter:data1\" content=\"stellanstal\" \/>\n<script type=\"application\/ld+json\" class=\"yoast-schema-graph\">{\"@context\":\"https:\\\/\\\/schema.org\",\"@graph\":[{\"@type\":\"Article\",\"@id\":\"https:\\\/\\\/framtidenskarriar.se\\\/itdata\\\/2023\\\/02\\\/13\\\/storskaliga-it-skiften-oppnar-upp-for-utmaningar\\\/#article\",\"isPartOf\":{\"@id\":\"https:\\\/\\\/framtidenskarriar.se\\\/itdata\\\/2023\\\/02\\\/13\\\/storskaliga-it-skiften-oppnar-upp-for-utmaningar\\\/\"},\"author\":{\"name\":\"stellanstal\",\"@id\":\"https:\\\/\\\/framtidenskarriar.se\\\/itdata\\\/#\\\/schema\\\/person\\\/c8a43eb855191e573b73ecf8987a3b99\"},\"headline\":\"Storskaliga it-skiften \u00f6ppnar upp f\u00f6r utmaningar\",\"datePublished\":\"2023-02-13T12:03:24+00:00\",\"dateModified\":\"2023-02-14T12:30:18+00:00\",\"mainEntityOfPage\":{\"@id\":\"https:\\\/\\\/framtidenskarriar.se\\\/itdata\\\/2023\\\/02\\\/13\\\/storskaliga-it-skiften-oppnar-upp-for-utmaningar\\\/\"},\"wordCount\":495,\"commentCount\":0,\"image\":{\"@id\":\"https:\\\/\\\/framtidenskarriar.se\\\/itdata\\\/2023\\\/02\\\/13\\\/storskaliga-it-skiften-oppnar-upp-for-utmaningar\\\/#primaryimage\"},\"thumbnailUrl\":\"https:\\\/\\\/framtidenskarriar.se\\\/itdata\\\/wp-content\\\/uploads\\\/sites\\\/13\\\/2023\\\/02\\\/forsakring2-anders-lundsten-folksam-bred.jpg\",\"keywords\":[\"Bank\",\"Folksam\",\"F\u00f6rs\u00e4kringsbranschen\"],\"articleSection\":[\"Artikel\"],\"inLanguage\":\"sv-SE\",\"potentialAction\":[{\"@type\":\"CommentAction\",\"name\":\"Comment\",\"target\":[\"https:\\\/\\\/framtidenskarriar.se\\\/itdata\\\/2023\\\/02\\\/13\\\/storskaliga-it-skiften-oppnar-upp-for-utmaningar\\\/#respond\"]}]},{\"@type\":\"WebPage\",\"@id\":\"https:\\\/\\\/framtidenskarriar.se\\\/itdata\\\/2023\\\/02\\\/13\\\/storskaliga-it-skiften-oppnar-upp-for-utmaningar\\\/\",\"url\":\"https:\\\/\\\/framtidenskarriar.se\\\/itdata\\\/2023\\\/02\\\/13\\\/storskaliga-it-skiften-oppnar-upp-for-utmaningar\\\/\",\"name\":\"Storskaliga it-skiften \u00f6ppnar upp f\u00f6r utmaningar - Framtidens karri\u00e4r IT & Data\",\"isPartOf\":{\"@id\":\"https:\\\/\\\/framtidenskarriar.se\\\/itdata\\\/#website\"},\"primaryImageOfPage\":{\"@id\":\"https:\\\/\\\/framtidenskarriar.se\\\/itdata\\\/2023\\\/02\\\/13\\\/storskaliga-it-skiften-oppnar-upp-for-utmaningar\\\/#primaryimage\"},\"image\":{\"@id\":\"https:\\\/\\\/framtidenskarriar.se\\\/itdata\\\/2023\\\/02\\\/13\\\/storskaliga-it-skiften-oppnar-upp-for-utmaningar\\\/#primaryimage\"},\"thumbnailUrl\":\"https:\\\/\\\/framtidenskarriar.se\\\/itdata\\\/wp-content\\\/uploads\\\/sites\\\/13\\\/2023\\\/02\\\/forsakring2-anders-lundsten-folksam-bred.jpg\",\"datePublished\":\"2023-02-13T12:03:24+00:00\",\"dateModified\":\"2023-02-14T12:30:18+00:00\",\"author\":{\"@id\":\"https:\\\/\\\/framtidenskarriar.se\\\/itdata\\\/#\\\/schema\\\/person\\\/c8a43eb855191e573b73ecf8987a3b99\"},\"breadcrumb\":{\"@id\":\"https:\\\/\\\/framtidenskarriar.se\\\/itdata\\\/2023\\\/02\\\/13\\\/storskaliga-it-skiften-oppnar-upp-for-utmaningar\\\/#breadcrumb\"},\"inLanguage\":\"sv-SE\",\"potentialAction\":[{\"@type\":\"ReadAction\",\"target\":[\"https:\\\/\\\/framtidenskarriar.se\\\/itdata\\\/2023\\\/02\\\/13\\\/storskaliga-it-skiften-oppnar-upp-for-utmaningar\\\/\"]}]},{\"@type\":\"ImageObject\",\"inLanguage\":\"sv-SE\",\"@id\":\"https:\\\/\\\/framtidenskarriar.se\\\/itdata\\\/2023\\\/02\\\/13\\\/storskaliga-it-skiften-oppnar-upp-for-utmaningar\\\/#primaryimage\",\"url\":\"https:\\\/\\\/framtidenskarriar.se\\\/itdata\\\/wp-content\\\/uploads\\\/sites\\\/13\\\/2023\\\/02\\\/forsakring2-anders-lundsten-folksam-bred.jpg\",\"contentUrl\":\"https:\\\/\\\/framtidenskarriar.se\\\/itdata\\\/wp-content\\\/uploads\\\/sites\\\/13\\\/2023\\\/02\\\/forsakring2-anders-lundsten-folksam-bred.jpg\",\"width\":1000,\"height\":633},{\"@type\":\"BreadcrumbList\",\"@id\":\"https:\\\/\\\/framtidenskarriar.se\\\/itdata\\\/2023\\\/02\\\/13\\\/storskaliga-it-skiften-oppnar-upp-for-utmaningar\\\/#breadcrumb\",\"itemListElement\":[{\"@type\":\"ListItem\",\"position\":1,\"name\":\"Home\",\"item\":\"https:\\\/\\\/framtidenskarriar.se\\\/itdata\\\/\"},{\"@type\":\"ListItem\",\"position\":2,\"name\":\"Storskaliga it-skiften \u00f6ppnar upp f\u00f6r utmaningar\"}]},{\"@type\":\"WebSite\",\"@id\":\"https:\\\/\\\/framtidenskarriar.se\\\/itdata\\\/#website\",\"url\":\"https:\\\/\\\/framtidenskarriar.se\\\/itdata\\\/\",\"name\":\"Framtidens karri\u00e4r IT & Data\",\"description\":\"Just another NMDashboard.se Sites site\",\"potentialAction\":[{\"@type\":\"SearchAction\",\"target\":{\"@type\":\"EntryPoint\",\"urlTemplate\":\"https:\\\/\\\/framtidenskarriar.se\\\/itdata\\\/?s={search_term_string}\"},\"query-input\":{\"@type\":\"PropertyValueSpecification\",\"valueRequired\":true,\"valueName\":\"search_term_string\"}}],\"inLanguage\":\"sv-SE\"},{\"@type\":\"Person\",\"@id\":\"https:\\\/\\\/framtidenskarriar.se\\\/itdata\\\/#\\\/schema\\\/person\\\/c8a43eb855191e573b73ecf8987a3b99\",\"name\":\"stellanstal\",\"image\":{\"@type\":\"ImageObject\",\"inLanguage\":\"sv-SE\",\"@id\":\"https:\\\/\\\/secure.gravatar.com\\\/avatar\\\/cd330fa6bb17f598124b2068ee0b189e4fe0987a50af9d53b78410836060d0c9?s=96&d=mm&r=g\",\"url\":\"https:\\\/\\\/secure.gravatar.com\\\/avatar\\\/cd330fa6bb17f598124b2068ee0b189e4fe0987a50af9d53b78410836060d0c9?s=96&d=mm&r=g\",\"contentUrl\":\"https:\\\/\\\/secure.gravatar.com\\\/avatar\\\/cd330fa6bb17f598124b2068ee0b189e4fe0987a50af9d53b78410836060d0c9?s=96&d=mm&r=g\",\"caption\":\"stellanstal\"},\"url\":\"https:\\\/\\\/framtidenskarriar.se\\\/itdata\\\/author\\\/stellanstal\\\/\"}]}<\/script>\n<!-- \/ Yoast SEO plugin. -->","yoast_head_json":{"title":"Storskaliga it-skiften \u00f6ppnar upp f\u00f6r utmaningar - Framtidens karri\u00e4r IT & Data","robots":{"index":"index","follow":"follow","max-snippet":"max-snippet:-1","max-image-preview":"max-image-preview:large","max-video-preview":"max-video-preview:-1"},"canonical":"https:\/\/framtidenskarriar.se\/itdata\/2023\/02\/13\/storskaliga-it-skiften-oppnar-upp-for-utmaningar\/","og_locale":"sv_SE","og_type":"article","og_title":"Storskaliga it-skiften \u00f6ppnar upp f\u00f6r utmaningar - Framtidens karri\u00e4r IT & Data","og_description":"It \u00e4r en helt central del av en f\u00f6rs\u00e4kringssektor d\u00e4r gr\u00e4nserna mellan it och aff\u00e4r har suddats ut.","og_url":"https:\/\/framtidenskarriar.se\/itdata\/2023\/02\/13\/storskaliga-it-skiften-oppnar-upp-for-utmaningar\/","og_site_name":"Framtidens karri\u00e4r IT & Data","article_published_time":"2023-02-13T12:03:24+00:00","article_modified_time":"2023-02-14T12:30:18+00:00","og_image":[{"width":1000,"height":633,"url":"https:\/\/framtidenskarriar.se\/itdata\/wp-content\/uploads\/sites\/13\/2023\/02\/forsakring2-anders-lundsten-folksam-bred.jpg","type":"image\/jpeg"}],"author":"stellanstal","twitter_card":"summary_large_image","twitter_misc":{"Skriven av":"stellanstal"},"schema":{"@context":"https:\/\/schema.org","@graph":[{"@type":"Article","@id":"https:\/\/framtidenskarriar.se\/itdata\/2023\/02\/13\/storskaliga-it-skiften-oppnar-upp-for-utmaningar\/#article","isPartOf":{"@id":"https:\/\/framtidenskarriar.se\/itdata\/2023\/02\/13\/storskaliga-it-skiften-oppnar-upp-for-utmaningar\/"},"author":{"name":"stellanstal","@id":"https:\/\/framtidenskarriar.se\/itdata\/#\/schema\/person\/c8a43eb855191e573b73ecf8987a3b99"},"headline":"Storskaliga it-skiften \u00f6ppnar upp f\u00f6r utmaningar","datePublished":"2023-02-13T12:03:24+00:00","dateModified":"2023-02-14T12:30:18+00:00","mainEntityOfPage":{"@id":"https:\/\/framtidenskarriar.se\/itdata\/2023\/02\/13\/storskaliga-it-skiften-oppnar-upp-for-utmaningar\/"},"wordCount":495,"commentCount":0,"image":{"@id":"https:\/\/framtidenskarriar.se\/itdata\/2023\/02\/13\/storskaliga-it-skiften-oppnar-upp-for-utmaningar\/#primaryimage"},"thumbnailUrl":"https:\/\/framtidenskarriar.se\/itdata\/wp-content\/uploads\/sites\/13\/2023\/02\/forsakring2-anders-lundsten-folksam-bred.jpg","keywords":["Bank","Folksam","F\u00f6rs\u00e4kringsbranschen"],"articleSection":["Artikel"],"inLanguage":"sv-SE","potentialAction":[{"@type":"CommentAction","name":"Comment","target":["https:\/\/framtidenskarriar.se\/itdata\/2023\/02\/13\/storskaliga-it-skiften-oppnar-upp-for-utmaningar\/#respond"]}]},{"@type":"WebPage","@id":"https:\/\/framtidenskarriar.se\/itdata\/2023\/02\/13\/storskaliga-it-skiften-oppnar-upp-for-utmaningar\/","url":"https:\/\/framtidenskarriar.se\/itdata\/2023\/02\/13\/storskaliga-it-skiften-oppnar-upp-for-utmaningar\/","name":"Storskaliga it-skiften \u00f6ppnar upp f\u00f6r utmaningar - Framtidens karri\u00e4r IT & Data","isPartOf":{"@id":"https:\/\/framtidenskarriar.se\/itdata\/#website"},"primaryImageOfPage":{"@id":"https:\/\/framtidenskarriar.se\/itdata\/2023\/02\/13\/storskaliga-it-skiften-oppnar-upp-for-utmaningar\/#primaryimage"},"image":{"@id":"https:\/\/framtidenskarriar.se\/itdata\/2023\/02\/13\/storskaliga-it-skiften-oppnar-upp-for-utmaningar\/#primaryimage"},"thumbnailUrl":"https:\/\/framtidenskarriar.se\/itdata\/wp-content\/uploads\/sites\/13\/2023\/02\/forsakring2-anders-lundsten-folksam-bred.jpg","datePublished":"2023-02-13T12:03:24+00:00","dateModified":"2023-02-14T12:30:18+00:00","author":{"@id":"https:\/\/framtidenskarriar.se\/itdata\/#\/schema\/person\/c8a43eb855191e573b73ecf8987a3b99"},"breadcrumb":{"@id":"https:\/\/framtidenskarriar.se\/itdata\/2023\/02\/13\/storskaliga-it-skiften-oppnar-upp-for-utmaningar\/#breadcrumb"},"inLanguage":"sv-SE","potentialAction":[{"@type":"ReadAction","target":["https:\/\/framtidenskarriar.se\/itdata\/2023\/02\/13\/storskaliga-it-skiften-oppnar-upp-for-utmaningar\/"]}]},{"@type":"ImageObject","inLanguage":"sv-SE","@id":"https:\/\/framtidenskarriar.se\/itdata\/2023\/02\/13\/storskaliga-it-skiften-oppnar-upp-for-utmaningar\/#primaryimage","url":"https:\/\/framtidenskarriar.se\/itdata\/wp-content\/uploads\/sites\/13\/2023\/02\/forsakring2-anders-lundsten-folksam-bred.jpg","contentUrl":"https:\/\/framtidenskarriar.se\/itdata\/wp-content\/uploads\/sites\/13\/2023\/02\/forsakring2-anders-lundsten-folksam-bred.jpg","width":1000,"height":633},{"@type":"BreadcrumbList","@id":"https:\/\/framtidenskarriar.se\/itdata\/2023\/02\/13\/storskaliga-it-skiften-oppnar-upp-for-utmaningar\/#breadcrumb","itemListElement":[{"@type":"ListItem","position":1,"name":"Home","item":"https:\/\/framtidenskarriar.se\/itdata\/"},{"@type":"ListItem","position":2,"name":"Storskaliga it-skiften \u00f6ppnar upp f\u00f6r utmaningar"}]},{"@type":"WebSite","@id":"https:\/\/framtidenskarriar.se\/itdata\/#website","url":"https:\/\/framtidenskarriar.se\/itdata\/","name":"Framtidens karri\u00e4r IT & Data","description":"Just another NMDashboard.se Sites site","potentialAction":[{"@type":"SearchAction","target":{"@type":"EntryPoint","urlTemplate":"https:\/\/framtidenskarriar.se\/itdata\/?s={search_term_string}"},"query-input":{"@type":"PropertyValueSpecification","valueRequired":true,"valueName":"search_term_string"}}],"inLanguage":"sv-SE"},{"@type":"Person","@id":"https:\/\/framtidenskarriar.se\/itdata\/#\/schema\/person\/c8a43eb855191e573b73ecf8987a3b99","name":"stellanstal","image":{"@type":"ImageObject","inLanguage":"sv-SE","@id":"https:\/\/secure.gravatar.com\/avatar\/cd330fa6bb17f598124b2068ee0b189e4fe0987a50af9d53b78410836060d0c9?s=96&d=mm&r=g","url":"https:\/\/secure.gravatar.com\/avatar\/cd330fa6bb17f598124b2068ee0b189e4fe0987a50af9d53b78410836060d0c9?s=96&d=mm&r=g","contentUrl":"https:\/\/secure.gravatar.com\/avatar\/cd330fa6bb17f598124b2068ee0b189e4fe0987a50af9d53b78410836060d0c9?s=96&d=mm&r=g","caption":"stellanstal"},"url":"https:\/\/framtidenskarriar.se\/itdata\/author\/stellanstal\/"}]}},"_links":{"self":[{"href":"https:\/\/framtidenskarriar.se\/itdata\/wp-json\/wp\/v2\/posts\/7616","targetHints":{"allow":["GET"]}}],"collection":[{"href":"https:\/\/framtidenskarriar.se\/itdata\/wp-json\/wp\/v2\/posts"}],"about":[{"href":"https:\/\/framtidenskarriar.se\/itdata\/wp-json\/wp\/v2\/types\/post"}],"author":[{"embeddable":true,"href":"https:\/\/framtidenskarriar.se\/itdata\/wp-json\/wp\/v2\/users\/3"}],"replies":[{"embeddable":true,"href":"https:\/\/framtidenskarriar.se\/itdata\/wp-json\/wp\/v2\/comments?post=7616"}],"version-history":[{"count":4,"href":"https:\/\/framtidenskarriar.se\/itdata\/wp-json\/wp\/v2\/posts\/7616\/revisions"}],"predecessor-version":[{"id":7954,"href":"https:\/\/framtidenskarriar.se\/itdata\/wp-json\/wp\/v2\/posts\/7616\/revisions\/7954"}],"wp:featuredmedia":[{"embeddable":true,"href":"https:\/\/framtidenskarriar.se\/itdata\/wp-json\/wp\/v2\/media\/7617"}],"wp:attachment":[{"href":"https:\/\/framtidenskarriar.se\/itdata\/wp-json\/wp\/v2\/media?parent=7616"}],"wp:term":[{"taxonomy":"category","embeddable":true,"href":"https:\/\/framtidenskarriar.se\/itdata\/wp-json\/wp\/v2\/categories?post=7616"},{"taxonomy":"post_tag","embeddable":true,"href":"https:\/\/framtidenskarriar.se\/itdata\/wp-json\/wp\/v2\/tags?post=7616"}],"curies":[{"name":"wp","href":"https:\/\/api.w.org\/{rel}","templated":true}]}}