{"id":7634,"date":"2023-02-13T12:21:56","date_gmt":"2023-02-13T12:21:56","guid":{"rendered":"https:\/\/framtidenskarriar.se\/itdata\/?p=7634"},"modified":"2023-02-13T12:21:57","modified_gmt":"2023-02-13T12:21:57","slug":"sammanhallen-infrastruktur-for-stadens-digitala-utveckling","status":"publish","type":"post","link":"https:\/\/framtidenskarriar.se\/itdata\/2023\/02\/13\/sammanhallen-infrastruktur-for-stadens-digitala-utveckling\/","title":{"rendered":"\u201dSammanh\u00e5llen infra\u00adstruktur f\u00f6r stadens digitala utveckling\u201d"},"content":{"rendered":"\n<figure class=\"wp-block-image size-full\"><img loading=\"lazy\" decoding=\"async\" width=\"1000\" height=\"622\" src=\"https:\/\/framtidenskarriar.se\/itdata\/wp-content\/uploads\/sites\/13\/2023\/02\/stadsutv-110123framtidenskarriar-maria-lundqvist-0050.jpg\" alt=\"\" class=\"wp-image-7635\" srcset=\"https:\/\/framtidenskarriar.se\/itdata\/wp-content\/uploads\/sites\/13\/2023\/02\/stadsutv-110123framtidenskarriar-maria-lundqvist-0050.jpg 1000w, https:\/\/framtidenskarriar.se\/itdata\/wp-content\/uploads\/sites\/13\/2023\/02\/stadsutv-110123framtidenskarriar-maria-lundqvist-0050-300x187.jpg 300w, https:\/\/framtidenskarriar.se\/itdata\/wp-content\/uploads\/sites\/13\/2023\/02\/stadsutv-110123framtidenskarriar-maria-lundqvist-0050-768x478.jpg 768w, https:\/\/framtidenskarriar.se\/itdata\/wp-content\/uploads\/sites\/13\/2023\/02\/stadsutv-110123framtidenskarriar-maria-lundqvist-0050-257x160.jpg 257w, https:\/\/framtidenskarriar.se\/itdata\/wp-content\/uploads\/sites\/13\/2023\/02\/stadsutv-110123framtidenskarriar-maria-lundqvist-0050-526x327.jpg 526w, https:\/\/framtidenskarriar.se\/itdata\/wp-content\/uploads\/sites\/13\/2023\/02\/stadsutv-110123framtidenskarriar-maria-lundqvist-0050-720x448.jpg 720w, https:\/\/framtidenskarriar.se\/itdata\/wp-content\/uploads\/sites\/13\/2023\/02\/stadsutv-110123framtidenskarriar-maria-lundqvist-0050-960x597.jpg 960w\" sizes=\"auto, (max-width: 1000px) 100vw, 1000px\" \/><figcaption class=\"wp-element-caption\">Malin Lundqvist, avdelningschef f\u00f6r digital infrastruktur p\u00e5 Intraservice i G\u00f6teborgs Stad. Foto: Josefine J\u00e4rlbrink \/ Elite Studio<\/figcaption><\/figure>\n\n\n\n<p><strong>Malin Lundqvist, avdelningschef f\u00f6r digital infrastruktur p\u00e5 Intraservice i G\u00f6teborgs Stad, har \u00e4gnat hela sitt yrkesliv \u00e5t it. En sp\u00e4nnande resa i den digitala teknikutvecklingens framkant som tagit henne \u00e4nda till Sydafrika.<br>\u2013 D\u00e4r l\u00e4rde jag mig massor om hur man g\u00f6r mycket med lite.<\/strong><\/p>\n\n\n\n<p>Det har g\u00e5tt mer \u00e4n 30 \u00e5r sedan Malin Lundqvist l\u00e4ste data p\u00e5 universitet. Sedan dess har det h\u00e4nt en hel del.<br>\u2013 Jag arbetade mina f\u00f6rsta femton \u00e5r p\u00e5 Ericsson och n\u00e4stkommande femton p\u00e5 Volvo, varav tre \u00e5r i Sydafrika som CIO f\u00f6r Volvo Lastvagnar. Det var en rolig och v\u00e4rdefull erafenhet som handlade om att skapa nytta med it i ett land som inte riktigt har den infrastruktur vi \u00e4r vana vid i Sverige. D\u00e4r l\u00e4rde jag mig massor om hur man g\u00f6r mycket med lite.<br>Erfarenheterna kommer v\u00e4l till pass i hennes nuvarande roll som avdelningschef f\u00f6r digital infrastruktur p\u00e5 Intraservice i G\u00f6teborgs Stad.<br>\u2013 Alla kommuner och st\u00e4der st\u00e5r inf\u00f6r utmaningen att leverera mer med mindre medel. H\u00e4r kommer behovet av digitalisering in. Vi kan verkligen se en stor nytta i att ta fram smarta l\u00f6sningar som avlastar personer som idag \u00e4r \u00f6verbelastade eller inte finns i tillr\u00e4cklig utstr\u00e4ckning. F\u00f6r oss p\u00e5 it-sidan inneb\u00e4r det att vi m\u00e5ste leverera AI, RPA, chatbotar och robotar.<\/p>\n\n\n\n<blockquote class=\"wp-block-quote is-layout-flow wp-block-quote-is-layout-flow\">\n<p>&#8221;Alla kommuner och st\u00e4der st\u00e5r inf\u00f6r utmaningen att leverera mer med mindre medel. H\u00e4r kommer behovet av digitalisering in.&#8221;<\/p>\n<\/blockquote>\n\n\n\n<p><strong>Stor kundnytta<\/strong><br>En verklig uppsida med jobbet, s\u00e4ger hon, \u00e4r kundnyttan. Arbetet p\u00e5 avdelningen f\u00f6r med sig att handl\u00e4ggningstider f\u00f6rkortas, kontaktv\u00e4gar f\u00f6renklas, vattenavl\u00e4sning effektiviseras, parkeringsavgifter kan betalas p\u00e5 distans, etc. Listan p\u00e5 alla f\u00f6rdelar som digitaliseringen f\u00f6r med sig kan bli hur l\u00e5ng som helst.<br>\u2013 Man kan verkligen k\u00e4nna att det vi g\u00f6r ger n\u00e5got till staden. Jag brukar beskriva det som att v\u00e5r avdelning tillhandah\u00e5ller motorv\u00e4gen som alla andra ska k\u00f6ra sina bilar p\u00e5. Det \u00e4r en stor leverans, vi hanterar i dagsl\u00e4get 180&nbsp;000 konton, managerar 122&nbsp;000 enheter och 35&nbsp;000 Windowsdatorer. Till skolan levererar vi 26&nbsp;000 Ipads och Chromebooks. Det \u00e4r b\u00e5de roligt och sp\u00e4nnande i kombination med stora utmaningar, s\u00e4ger Malin Lundqvist.<\/p>\n\n\n\n<p><strong>Verksamhetsdrivet<\/strong><br>Hon p\u00e5pekar att initiativen till de smarta l\u00f6sningarna kommer utifr\u00e5n.<br>\u2013 Det \u00e4r inte v\u00e5r sak att ber\u00e4tta hur en verksamhet ska bli mer effektiv. L\u00f6sningarna initieras av medarbetare ute i stadens verksamheter som skapar och beskriver ett behov. Sedan skapar vi f\u00f6ruts\u00e4ttningar f\u00f6r att bygga en l\u00f6sning genom att tillhandah\u00e5lla den infrastruktur som kr\u00e4vs samt den tekniska expertis som inte alltid finns ute i verksamheterna. Det \u00e4r tekniken som \u00e4r m\u00f6jligg\u00f6raren, men en f\u00f6ruts\u00e4ttning \u00e4r att vi m\u00e4nniskor t\u00e4nker nytt och v\u00e5gar t\u00e4nka om.<br>M\u00e5let f\u00f6r oss p\u00e5 Intraservice \u00e4r att forts\u00e4tta ligga i framkant och str\u00e4va efter att vara den sj\u00e4lvklara interna leverant\u00f6ren av it och digitalisering f\u00f6r stadens verksamheter.<br>\u2013 Jag ser morgondagens digitala infrastruktur i G\u00f6teborgs stad som tv\u00e5 h\u00e5l i v\u00e4ggen: enkel, robust och integrerbar. Jag hoppas ocks\u00e5 att framtiden f\u00f6r med sig att vi kommit f\u00f6rbi hela GDPR-fr\u00e5gan vad g\u00e4ller molntj\u00e4nster, det vore verkligen en \u00f6nskedr\u00f6m.<\/p>\n","protected":false},"excerpt":{"rendered":"<p>Alla kommuner och st\u00e4der st\u00e5r inf\u00f6r utmaningen att leverera mer med mindre medel. H\u00e4r kommer behovet av digitalisering in.<\/p>\n","protected":false},"author":3,"featured_media":7635,"comment_status":"open","ping_status":"open","sticky":false,"template":"","format":"standard","meta":{"_acf_changed":false,"_monsterinsights_skip_tracking":false,"_monsterinsights_sitenote_active":false,"_monsterinsights_sitenote_note":"","_monsterinsights_sitenote_category":0,"footnotes":""},"categories":[1],"tags":[328,329,247],"class_list":["post-7634","post","type-post","status-publish","format-standard","has-post-thumbnail","hentry","category-artikel","tag-goteborgs-stad","tag-stadsutveckling","tag-teknikutveckling"],"acf":[],"yoast_head":"<!-- This site is optimized with the Yoast SEO plugin v27.3 - https:\/\/yoast.com\/product\/yoast-seo-wordpress\/ -->\n<title>\u201dSammanh\u00e5llen infra\u00adstruktur f\u00f6r stadens digitala utveckling\u201d - Framtidens karri\u00e4r IT &amp; Data<\/title>\n<meta name=\"robots\" content=\"index, follow, max-snippet:-1, max-image-preview:large, max-video-preview:-1\" \/>\n<link rel=\"canonical\" href=\"https:\/\/framtidenskarriar.se\/itdata\/2023\/02\/13\/sammanhallen-infrastruktur-for-stadens-digitala-utveckling\/\" \/>\n<meta property=\"og:locale\" content=\"sv_SE\" \/>\n<meta property=\"og:type\" content=\"article\" \/>\n<meta property=\"og:title\" content=\"\u201dSammanh\u00e5llen infra\u00adstruktur f\u00f6r stadens digitala utveckling\u201d - Framtidens karri\u00e4r IT &amp; Data\" \/>\n<meta property=\"og:description\" content=\"Alla kommuner och st\u00e4der st\u00e5r inf\u00f6r utmaningen att leverera mer med mindre medel. H\u00e4r kommer behovet av digitalisering in.\" \/>\n<meta property=\"og:url\" content=\"https:\/\/framtidenskarriar.se\/itdata\/2023\/02\/13\/sammanhallen-infrastruktur-for-stadens-digitala-utveckling\/\" \/>\n<meta property=\"og:site_name\" content=\"Framtidens karri\u00e4r IT &amp; Data\" \/>\n<meta property=\"article:published_time\" content=\"2023-02-13T12:21:56+00:00\" \/>\n<meta property=\"article:modified_time\" content=\"2023-02-13T12:21:57+00:00\" \/>\n<meta property=\"og:image\" content=\"https:\/\/framtidenskarriar.se\/itdata\/wp-content\/uploads\/sites\/13\/2023\/02\/stadsutv-110123framtidenskarriar-maria-lundqvist-0050.jpg\" \/>\n\t<meta property=\"og:image:width\" content=\"1000\" \/>\n\t<meta property=\"og:image:height\" content=\"622\" \/>\n\t<meta property=\"og:image:type\" content=\"image\/jpeg\" \/>\n<meta name=\"author\" content=\"stellanstal\" \/>\n<meta name=\"twitter:card\" content=\"summary_large_image\" \/>\n<meta name=\"twitter:label1\" content=\"Skriven av\" \/>\n\t<meta name=\"twitter:data1\" content=\"stellanstal\" \/>\n\t<meta name=\"twitter:label2\" content=\"Ber\u00e4knad l\u00e4stid\" \/>\n\t<meta name=\"twitter:data2\" content=\"3 minuter\" \/>\n<script type=\"application\/ld+json\" class=\"yoast-schema-graph\">{\"@context\":\"https:\\\/\\\/schema.org\",\"@graph\":[{\"@type\":\"Article\",\"@id\":\"https:\\\/\\\/framtidenskarriar.se\\\/itdata\\\/2023\\\/02\\\/13\\\/sammanhallen-infrastruktur-for-stadens-digitala-utveckling\\\/#article\",\"isPartOf\":{\"@id\":\"https:\\\/\\\/framtidenskarriar.se\\\/itdata\\\/2023\\\/02\\\/13\\\/sammanhallen-infrastruktur-for-stadens-digitala-utveckling\\\/\"},\"author\":{\"name\":\"stellanstal\",\"@id\":\"https:\\\/\\\/framtidenskarriar.se\\\/itdata\\\/#\\\/schema\\\/person\\\/c8a43eb855191e573b73ecf8987a3b99\"},\"headline\":\"\u201dSammanh\u00e5llen infra\u00adstruktur f\u00f6r stadens digitala utveckling\u201d\",\"datePublished\":\"2023-02-13T12:21:56+00:00\",\"dateModified\":\"2023-02-13T12:21:57+00:00\",\"mainEntityOfPage\":{\"@id\":\"https:\\\/\\\/framtidenskarriar.se\\\/itdata\\\/2023\\\/02\\\/13\\\/sammanhallen-infrastruktur-for-stadens-digitala-utveckling\\\/\"},\"wordCount\":611,\"commentCount\":0,\"image\":{\"@id\":\"https:\\\/\\\/framtidenskarriar.se\\\/itdata\\\/2023\\\/02\\\/13\\\/sammanhallen-infrastruktur-for-stadens-digitala-utveckling\\\/#primaryimage\"},\"thumbnailUrl\":\"https:\\\/\\\/framtidenskarriar.se\\\/itdata\\\/wp-content\\\/uploads\\\/sites\\\/13\\\/2023\\\/02\\\/stadsutv-110123framtidenskarriar-maria-lundqvist-0050.jpg\",\"keywords\":[\"G\u00f6teborgs stad\",\"Stadsutveckling\",\"Teknikutveckling\"],\"articleSection\":[\"Artikel\"],\"inLanguage\":\"sv-SE\",\"potentialAction\":[{\"@type\":\"CommentAction\",\"name\":\"Comment\",\"target\":[\"https:\\\/\\\/framtidenskarriar.se\\\/itdata\\\/2023\\\/02\\\/13\\\/sammanhallen-infrastruktur-for-stadens-digitala-utveckling\\\/#respond\"]}]},{\"@type\":\"WebPage\",\"@id\":\"https:\\\/\\\/framtidenskarriar.se\\\/itdata\\\/2023\\\/02\\\/13\\\/sammanhallen-infrastruktur-for-stadens-digitala-utveckling\\\/\",\"url\":\"https:\\\/\\\/framtidenskarriar.se\\\/itdata\\\/2023\\\/02\\\/13\\\/sammanhallen-infrastruktur-for-stadens-digitala-utveckling\\\/\",\"name\":\"\u201dSammanh\u00e5llen infra\u00adstruktur f\u00f6r stadens digitala utveckling\u201d - Framtidens karri\u00e4r IT & Data\",\"isPartOf\":{\"@id\":\"https:\\\/\\\/framtidenskarriar.se\\\/itdata\\\/#website\"},\"primaryImageOfPage\":{\"@id\":\"https:\\\/\\\/framtidenskarriar.se\\\/itdata\\\/2023\\\/02\\\/13\\\/sammanhallen-infrastruktur-for-stadens-digitala-utveckling\\\/#primaryimage\"},\"image\":{\"@id\":\"https:\\\/\\\/framtidenskarriar.se\\\/itdata\\\/2023\\\/02\\\/13\\\/sammanhallen-infrastruktur-for-stadens-digitala-utveckling\\\/#primaryimage\"},\"thumbnailUrl\":\"https:\\\/\\\/framtidenskarriar.se\\\/itdata\\\/wp-content\\\/uploads\\\/sites\\\/13\\\/2023\\\/02\\\/stadsutv-110123framtidenskarriar-maria-lundqvist-0050.jpg\",\"datePublished\":\"2023-02-13T12:21:56+00:00\",\"dateModified\":\"2023-02-13T12:21:57+00:00\",\"author\":{\"@id\":\"https:\\\/\\\/framtidenskarriar.se\\\/itdata\\\/#\\\/schema\\\/person\\\/c8a43eb855191e573b73ecf8987a3b99\"},\"breadcrumb\":{\"@id\":\"https:\\\/\\\/framtidenskarriar.se\\\/itdata\\\/2023\\\/02\\\/13\\\/sammanhallen-infrastruktur-for-stadens-digitala-utveckling\\\/#breadcrumb\"},\"inLanguage\":\"sv-SE\",\"potentialAction\":[{\"@type\":\"ReadAction\",\"target\":[\"https:\\\/\\\/framtidenskarriar.se\\\/itdata\\\/2023\\\/02\\\/13\\\/sammanhallen-infrastruktur-for-stadens-digitala-utveckling\\\/\"]}]},{\"@type\":\"ImageObject\",\"inLanguage\":\"sv-SE\",\"@id\":\"https:\\\/\\\/framtidenskarriar.se\\\/itdata\\\/2023\\\/02\\\/13\\\/sammanhallen-infrastruktur-for-stadens-digitala-utveckling\\\/#primaryimage\",\"url\":\"https:\\\/\\\/framtidenskarriar.se\\\/itdata\\\/wp-content\\\/uploads\\\/sites\\\/13\\\/2023\\\/02\\\/stadsutv-110123framtidenskarriar-maria-lundqvist-0050.jpg\",\"contentUrl\":\"https:\\\/\\\/framtidenskarriar.se\\\/itdata\\\/wp-content\\\/uploads\\\/sites\\\/13\\\/2023\\\/02\\\/stadsutv-110123framtidenskarriar-maria-lundqvist-0050.jpg\",\"width\":1000,\"height\":622},{\"@type\":\"BreadcrumbList\",\"@id\":\"https:\\\/\\\/framtidenskarriar.se\\\/itdata\\\/2023\\\/02\\\/13\\\/sammanhallen-infrastruktur-for-stadens-digitala-utveckling\\\/#breadcrumb\",\"itemListElement\":[{\"@type\":\"ListItem\",\"position\":1,\"name\":\"Home\",\"item\":\"https:\\\/\\\/framtidenskarriar.se\\\/itdata\\\/\"},{\"@type\":\"ListItem\",\"position\":2,\"name\":\"\u201dSammanh\u00e5llen infra\u00adstruktur f\u00f6r stadens digitala utveckling\u201d\"}]},{\"@type\":\"WebSite\",\"@id\":\"https:\\\/\\\/framtidenskarriar.se\\\/itdata\\\/#website\",\"url\":\"https:\\\/\\\/framtidenskarriar.se\\\/itdata\\\/\",\"name\":\"Framtidens karri\u00e4r IT & Data\",\"description\":\"Just another NMDashboard.se Sites site\",\"potentialAction\":[{\"@type\":\"SearchAction\",\"target\":{\"@type\":\"EntryPoint\",\"urlTemplate\":\"https:\\\/\\\/framtidenskarriar.se\\\/itdata\\\/?s={search_term_string}\"},\"query-input\":{\"@type\":\"PropertyValueSpecification\",\"valueRequired\":true,\"valueName\":\"search_term_string\"}}],\"inLanguage\":\"sv-SE\"},{\"@type\":\"Person\",\"@id\":\"https:\\\/\\\/framtidenskarriar.se\\\/itdata\\\/#\\\/schema\\\/person\\\/c8a43eb855191e573b73ecf8987a3b99\",\"name\":\"stellanstal\",\"image\":{\"@type\":\"ImageObject\",\"inLanguage\":\"sv-SE\",\"@id\":\"https:\\\/\\\/secure.gravatar.com\\\/avatar\\\/cd330fa6bb17f598124b2068ee0b189e4fe0987a50af9d53b78410836060d0c9?s=96&d=mm&r=g\",\"url\":\"https:\\\/\\\/secure.gravatar.com\\\/avatar\\\/cd330fa6bb17f598124b2068ee0b189e4fe0987a50af9d53b78410836060d0c9?s=96&d=mm&r=g\",\"contentUrl\":\"https:\\\/\\\/secure.gravatar.com\\\/avatar\\\/cd330fa6bb17f598124b2068ee0b189e4fe0987a50af9d53b78410836060d0c9?s=96&d=mm&r=g\",\"caption\":\"stellanstal\"},\"url\":\"https:\\\/\\\/framtidenskarriar.se\\\/itdata\\\/author\\\/stellanstal\\\/\"}]}<\/script>\n<!-- \/ Yoast SEO plugin. -->","yoast_head_json":{"title":"\u201dSammanh\u00e5llen infra\u00adstruktur f\u00f6r stadens digitala utveckling\u201d - Framtidens karri\u00e4r IT & Data","robots":{"index":"index","follow":"follow","max-snippet":"max-snippet:-1","max-image-preview":"max-image-preview:large","max-video-preview":"max-video-preview:-1"},"canonical":"https:\/\/framtidenskarriar.se\/itdata\/2023\/02\/13\/sammanhallen-infrastruktur-for-stadens-digitala-utveckling\/","og_locale":"sv_SE","og_type":"article","og_title":"\u201dSammanh\u00e5llen infra\u00adstruktur f\u00f6r stadens digitala utveckling\u201d - Framtidens karri\u00e4r IT & Data","og_description":"Alla kommuner och st\u00e4der st\u00e5r inf\u00f6r utmaningen att leverera mer med mindre medel. H\u00e4r kommer behovet av digitalisering in.","og_url":"https:\/\/framtidenskarriar.se\/itdata\/2023\/02\/13\/sammanhallen-infrastruktur-for-stadens-digitala-utveckling\/","og_site_name":"Framtidens karri\u00e4r IT & Data","article_published_time":"2023-02-13T12:21:56+00:00","article_modified_time":"2023-02-13T12:21:57+00:00","og_image":[{"width":1000,"height":622,"url":"https:\/\/framtidenskarriar.se\/itdata\/wp-content\/uploads\/sites\/13\/2023\/02\/stadsutv-110123framtidenskarriar-maria-lundqvist-0050.jpg","type":"image\/jpeg"}],"author":"stellanstal","twitter_card":"summary_large_image","twitter_misc":{"Skriven av":"stellanstal","Ber\u00e4knad l\u00e4stid":"3 minuter"},"schema":{"@context":"https:\/\/schema.org","@graph":[{"@type":"Article","@id":"https:\/\/framtidenskarriar.se\/itdata\/2023\/02\/13\/sammanhallen-infrastruktur-for-stadens-digitala-utveckling\/#article","isPartOf":{"@id":"https:\/\/framtidenskarriar.se\/itdata\/2023\/02\/13\/sammanhallen-infrastruktur-for-stadens-digitala-utveckling\/"},"author":{"name":"stellanstal","@id":"https:\/\/framtidenskarriar.se\/itdata\/#\/schema\/person\/c8a43eb855191e573b73ecf8987a3b99"},"headline":"\u201dSammanh\u00e5llen infra\u00adstruktur f\u00f6r stadens digitala utveckling\u201d","datePublished":"2023-02-13T12:21:56+00:00","dateModified":"2023-02-13T12:21:57+00:00","mainEntityOfPage":{"@id":"https:\/\/framtidenskarriar.se\/itdata\/2023\/02\/13\/sammanhallen-infrastruktur-for-stadens-digitala-utveckling\/"},"wordCount":611,"commentCount":0,"image":{"@id":"https:\/\/framtidenskarriar.se\/itdata\/2023\/02\/13\/sammanhallen-infrastruktur-for-stadens-digitala-utveckling\/#primaryimage"},"thumbnailUrl":"https:\/\/framtidenskarriar.se\/itdata\/wp-content\/uploads\/sites\/13\/2023\/02\/stadsutv-110123framtidenskarriar-maria-lundqvist-0050.jpg","keywords":["G\u00f6teborgs stad","Stadsutveckling","Teknikutveckling"],"articleSection":["Artikel"],"inLanguage":"sv-SE","potentialAction":[{"@type":"CommentAction","name":"Comment","target":["https:\/\/framtidenskarriar.se\/itdata\/2023\/02\/13\/sammanhallen-infrastruktur-for-stadens-digitala-utveckling\/#respond"]}]},{"@type":"WebPage","@id":"https:\/\/framtidenskarriar.se\/itdata\/2023\/02\/13\/sammanhallen-infrastruktur-for-stadens-digitala-utveckling\/","url":"https:\/\/framtidenskarriar.se\/itdata\/2023\/02\/13\/sammanhallen-infrastruktur-for-stadens-digitala-utveckling\/","name":"\u201dSammanh\u00e5llen infra\u00adstruktur f\u00f6r stadens digitala utveckling\u201d - Framtidens karri\u00e4r IT & Data","isPartOf":{"@id":"https:\/\/framtidenskarriar.se\/itdata\/#website"},"primaryImageOfPage":{"@id":"https:\/\/framtidenskarriar.se\/itdata\/2023\/02\/13\/sammanhallen-infrastruktur-for-stadens-digitala-utveckling\/#primaryimage"},"image":{"@id":"https:\/\/framtidenskarriar.se\/itdata\/2023\/02\/13\/sammanhallen-infrastruktur-for-stadens-digitala-utveckling\/#primaryimage"},"thumbnailUrl":"https:\/\/framtidenskarriar.se\/itdata\/wp-content\/uploads\/sites\/13\/2023\/02\/stadsutv-110123framtidenskarriar-maria-lundqvist-0050.jpg","datePublished":"2023-02-13T12:21:56+00:00","dateModified":"2023-02-13T12:21:57+00:00","author":{"@id":"https:\/\/framtidenskarriar.se\/itdata\/#\/schema\/person\/c8a43eb855191e573b73ecf8987a3b99"},"breadcrumb":{"@id":"https:\/\/framtidenskarriar.se\/itdata\/2023\/02\/13\/sammanhallen-infrastruktur-for-stadens-digitala-utveckling\/#breadcrumb"},"inLanguage":"sv-SE","potentialAction":[{"@type":"ReadAction","target":["https:\/\/framtidenskarriar.se\/itdata\/2023\/02\/13\/sammanhallen-infrastruktur-for-stadens-digitala-utveckling\/"]}]},{"@type":"ImageObject","inLanguage":"sv-SE","@id":"https:\/\/framtidenskarriar.se\/itdata\/2023\/02\/13\/sammanhallen-infrastruktur-for-stadens-digitala-utveckling\/#primaryimage","url":"https:\/\/framtidenskarriar.se\/itdata\/wp-content\/uploads\/sites\/13\/2023\/02\/stadsutv-110123framtidenskarriar-maria-lundqvist-0050.jpg","contentUrl":"https:\/\/framtidenskarriar.se\/itdata\/wp-content\/uploads\/sites\/13\/2023\/02\/stadsutv-110123framtidenskarriar-maria-lundqvist-0050.jpg","width":1000,"height":622},{"@type":"BreadcrumbList","@id":"https:\/\/framtidenskarriar.se\/itdata\/2023\/02\/13\/sammanhallen-infrastruktur-for-stadens-digitala-utveckling\/#breadcrumb","itemListElement":[{"@type":"ListItem","position":1,"name":"Home","item":"https:\/\/framtidenskarriar.se\/itdata\/"},{"@type":"ListItem","position":2,"name":"\u201dSammanh\u00e5llen infra\u00adstruktur f\u00f6r stadens digitala utveckling\u201d"}]},{"@type":"WebSite","@id":"https:\/\/framtidenskarriar.se\/itdata\/#website","url":"https:\/\/framtidenskarriar.se\/itdata\/","name":"Framtidens karri\u00e4r IT & Data","description":"Just another NMDashboard.se Sites site","potentialAction":[{"@type":"SearchAction","target":{"@type":"EntryPoint","urlTemplate":"https:\/\/framtidenskarriar.se\/itdata\/?s={search_term_string}"},"query-input":{"@type":"PropertyValueSpecification","valueRequired":true,"valueName":"search_term_string"}}],"inLanguage":"sv-SE"},{"@type":"Person","@id":"https:\/\/framtidenskarriar.se\/itdata\/#\/schema\/person\/c8a43eb855191e573b73ecf8987a3b99","name":"stellanstal","image":{"@type":"ImageObject","inLanguage":"sv-SE","@id":"https:\/\/secure.gravatar.com\/avatar\/cd330fa6bb17f598124b2068ee0b189e4fe0987a50af9d53b78410836060d0c9?s=96&d=mm&r=g","url":"https:\/\/secure.gravatar.com\/avatar\/cd330fa6bb17f598124b2068ee0b189e4fe0987a50af9d53b78410836060d0c9?s=96&d=mm&r=g","contentUrl":"https:\/\/secure.gravatar.com\/avatar\/cd330fa6bb17f598124b2068ee0b189e4fe0987a50af9d53b78410836060d0c9?s=96&d=mm&r=g","caption":"stellanstal"},"url":"https:\/\/framtidenskarriar.se\/itdata\/author\/stellanstal\/"}]}},"_links":{"self":[{"href":"https:\/\/framtidenskarriar.se\/itdata\/wp-json\/wp\/v2\/posts\/7634","targetHints":{"allow":["GET"]}}],"collection":[{"href":"https:\/\/framtidenskarriar.se\/itdata\/wp-json\/wp\/v2\/posts"}],"about":[{"href":"https:\/\/framtidenskarriar.se\/itdata\/wp-json\/wp\/v2\/types\/post"}],"author":[{"embeddable":true,"href":"https:\/\/framtidenskarriar.se\/itdata\/wp-json\/wp\/v2\/users\/3"}],"replies":[{"embeddable":true,"href":"https:\/\/framtidenskarriar.se\/itdata\/wp-json\/wp\/v2\/comments?post=7634"}],"version-history":[{"count":10,"href":"https:\/\/framtidenskarriar.se\/itdata\/wp-json\/wp\/v2\/posts\/7634\/revisions"}],"predecessor-version":[{"id":7645,"href":"https:\/\/framtidenskarriar.se\/itdata\/wp-json\/wp\/v2\/posts\/7634\/revisions\/7645"}],"wp:featuredmedia":[{"embeddable":true,"href":"https:\/\/framtidenskarriar.se\/itdata\/wp-json\/wp\/v2\/media\/7635"}],"wp:attachment":[{"href":"https:\/\/framtidenskarriar.se\/itdata\/wp-json\/wp\/v2\/media?parent=7634"}],"wp:term":[{"taxonomy":"category","embeddable":true,"href":"https:\/\/framtidenskarriar.se\/itdata\/wp-json\/wp\/v2\/categories?post=7634"},{"taxonomy":"post_tag","embeddable":true,"href":"https:\/\/framtidenskarriar.se\/itdata\/wp-json\/wp\/v2\/tags?post=7634"}],"curies":[{"name":"wp","href":"https:\/\/api.w.org\/{rel}","templated":true}]}}